{"id":41658,"date":"2025-01-05T06:00:00","date_gmt":"2025-01-05T09:00:00","guid":{"rendered":"https:\/\/www.vagadeempregorj.com.br\/?p=41658"},"modified":"2024-12-17T21:23:23","modified_gmt":"2024-12-18T00:23:23","slug":"brisanet-88-vagas-de-emprego-abertas-pelo-pais","status":"publish","type":"post","link":"https:\/\/www.vagadeempregorj.com.br\/es\/brisanet-88-vagas-de-emprego-abertas-pelo-pais\/","title":{"rendered":"Brisanet: 88 vagas de emprego abertas pelo pa\u00eds"},"content":{"rendered":"<p>A operadora de telecomunica\u00e7\u00f5es <strong>Brisanet<\/strong>, que vem crescendo rapidamente no Brasil, est\u00e1 com 88 vagas abertas em diversas regi\u00f5es do pa\u00eds. Este \u00e9 o momento perfeito para quem busca um novo desafio profissional, com chances de crescimento e estabilidade em uma empresa em expans\u00e3o.<\/p>\n\n\n\n<figure class=\"wp-block-image size-full\"><img loading=\"lazy\" decoding=\"async\" width=\"960\" height=\"504\" src=\"https:\/\/www.vagadeempregorj.com.br\/wp-content\/uploads\/2024\/12\/image-25.png\" alt=\"\" class=\"wp-image-41673\" srcset=\"https:\/\/www.vagadeempregorj.com.br\/wp-content\/uploads\/2024\/12\/image-25.png 960w, https:\/\/www.vagadeempregorj.com.br\/wp-content\/uploads\/2024\/12\/image-25-300x158.png 300w, https:\/\/www.vagadeempregorj.com.br\/wp-content\/uploads\/2024\/12\/image-25-768x403.png 768w, https:\/\/www.vagadeempregorj.com.br\/wp-content\/uploads\/2024\/12\/image-25-150x79.png 150w\" sizes=\"auto, (max-width: 960px) 100vw, 960px\" \/><\/figure>\n\n\n\n<h2 class=\"wp-block-heading\">Quais s\u00e3o as oportunidades de carreira na Brisanet?<\/h2>\n\n\n\n<p>A Brisanet est\u00e1 com diversas vagas abertas em diferentes \u00e1reas. A empresa oferece cargos para quem j\u00e1 tem experi\u00eancia no mercado, mas tamb\u00e9m h\u00e1 oportunidades para iniciantes. Confira abaixo algumas das vagas que voc\u00ea pode se candidatar:<\/p>\n\n\n\n<h3 class=\"wp-block-heading\">1# Analista de Marketing Digital<\/h3>\n\n\n\n<p>Se voc\u00ea tem experi\u00eancia com marketing digital, pode ser uma excelente oportunidade. O cargo de Analista de Marketing Digital envolve atividades como cria\u00e7\u00e3o de campanhas, gest\u00e3o de m\u00eddias sociais e an\u00e1lise de resultados. A companhia busca profissionais criativos, com dom\u00ednio das ferramentas digitais e foco em resultados.<\/p>\n\n\n\n<h3 class=\"wp-block-heading\">2# T\u00e9cnico de redes<\/h3>\n\n\n\n<p>Para quem tem forma\u00e7\u00e3o em \u00e1reas relacionadas a telecomunica\u00e7\u00f5es, o cargo de T\u00e9cnico de Redes pode ser uma excelente escolha. Este profissional ser\u00e1 respons\u00e1vel por realizar manuten\u00e7\u00e3o e instala\u00e7\u00e3o de equipamentos, al\u00e9m de garantir a qualidade do servi\u00e7o prestado aos clientes. A Brisanet procura profissionais que tenham experi\u00eancia em redes e sistemas, al\u00e9m de estarem atualizados com as novas tecnologias.<\/p>\n\n\n\n<h3 class=\"wp-block-heading\">3# Supervisor Comercial<\/h3>\n\n\n\n<p>Neste cargo, voc\u00ea ser\u00e1 respons\u00e1vel por liderar a equipe de vendas, desenvolver estrat\u00e9gias de crescimento e monitorar os resultados das opera\u00e7\u00f5es comerciais. A empresa busca pessoas com experi\u00eancia em gest\u00e3o de equipes e que tenham o foco em atingir metas de vendas.<\/p>\n\n\n\n<h3 class=\"wp-block-heading\">4# Assistente administrativo<\/h3>\n\n\n\n<p>Aos que possuem habilidades organizacionais e boa comunica\u00e7\u00e3o, a vaga de Assistente Administrativo \u00e9 uma excelente oportunidade. Este profissional ser\u00e1 respons\u00e1vel por apoiar o setor administrativo da empresa, auxiliando nas rotinas di\u00e1rias e garantindo o bom andamento das atividades internas.&nbsp;<\/p>\n\n\n\n<h3 class=\"wp-block-heading\">5# Atendente de Suporte T\u00e9cnico<\/h3>\n\n\n\n<p>Se voc\u00ea tem experi\u00eancia em atendimento ao cliente e gosta de ajudar as pessoas a resolverem problemas t\u00e9cnicos, o cargo de Atendente de Suporte T\u00e9cnico pode ser ideal. Voc\u00ea ser\u00e1 respons\u00e1vel por fornecer suporte t\u00e9cnico aos clientes da Brisanet, solucionando d\u00favidas e problemas relacionados aos servi\u00e7os de internet e telecomunica\u00e7\u00f5es. A empresa procura profissionais pacientes e com boa comunica\u00e7\u00e3o.<\/p>\n\n\n\n<p>Essas s\u00e3o apenas algumas das vagas abertas pela companhia, mas existem muitas outras para diversas regi\u00f5es e \u00e1reas. A Brisanet est\u00e1 sempre em busca de novos talentos que desejam crescer e fazer a diferen\u00e7a dentro da organiza\u00e7\u00e3o.<\/p>\n\n\n\n<h2 class=\"wp-block-heading\">Como se candidatar?<\/h2>\n\n\n\n<p>Agora que voc\u00ea j\u00e1 conhece algumas das vagas que est\u00e3o abertas, \u00e9 hora de aprender como se candidatar para aumentar suas chances de garantir um lugar na companhia. O processo seletivo \u00e9 feito de maneira pr\u00e1tica e simples. Confira o passo a passo para se inscrever:<\/p>\n\n\n\n<ul class=\"wp-block-list\">\n<li>Copie e cole o endere\u00e7o <strong>https:\/\/brisanet.gupy.io\/<\/strong> em seu navegador;<\/li>\n\n\n\n<li>Acesse a p\u00e1gina e encontre uma oportunidade que seja do seu interesse;<\/li>\n\n\n\n<li>Clique sobre a vaga desejada para visualizar mais detalhes sobre as responsabilidades, requisitos e benef\u00edcios;<\/li>\n\n\n\n<li>Clique em <strong>Candidatar-se<\/strong> e preencha o formul\u00e1rio com as informa\u00e7\u00f5es solicitadas;<\/li>\n\n\n\n<li>Anexe o seu curr\u00edculo atualizado e qualquer outro documento necess\u00e1rio;<\/li>\n\n\n\n<li>Finalizado o preenchimento, clique em <strong>Enviar candidatura<\/strong>.<\/li>\n<\/ul>\n\n\n\n<p>Ao seguir esses passos, voc\u00ea estar\u00e1 pronto para participar do processo seletivo da empresa. N\u00e3o se esque\u00e7a de revisar seu curr\u00edculo e de caprichar na carta de apresenta\u00e7\u00e3o, caso seja solicitada. Demonstrar seu interesse pela vaga e pela empresa pode ser um grande diferencial no processo seletivo.<\/p>\n\n\n\n<h2 class=\"wp-block-heading\">O que esperar ao trabalhar na Brisanet?<\/h2>\n\n\n\n<p>Trabalhar na Brisanet \u00e9 uma excelente oportunidade para quem busca crescimento profissional, estabilidade e uma carreira desafiadora. Al\u00e9m das vagas abertas, a empresa oferece um ambiente din\u00e2mico e colaborativo, com foco em inova\u00e7\u00e3o e qualidade.&nbsp;<\/p>\n\n\n\n<p>A empresa tamb\u00e9m se preocupa com o bem-estar dos seus colaboradores, oferecendo benef\u00edcios que buscam melhorar a qualidade de vida dos funcion\u00e1rios. Entre eles, est\u00e3o planos de sa\u00fade, vale-alimenta\u00e7\u00e3o, programas de treinamento e desenvolvimento, e a possibilidade de crescer dentro da organiza\u00e7\u00e3o.<\/p>\n\n\n\n<p>Al\u00e9m disso, investe em tecnologias de ponta e em novos servi\u00e7os, o que torna o trabalho desafiador e sempre em constante evolu\u00e7\u00e3o. Isso \u00e9 ideal para profissionais que desejam estar atualizados com as tend\u00eancias do mercado e que buscam crescer junto com a empresa.<\/p>\n\n\n\n<p><strong>Veja tamb\u00e9m: <a href=\"https:\/\/www.vagadeempregorj.com.br\/es\/centauro-618-novas-vagas-de-emprego-pelo-pais\/\">Centauro: 618 novas vagas de emprego pelo pa\u00eds<\/a><\/strong><\/p>\n\n\n\n<p>5 de janeiro de 2025<\/p>","protected":false},"excerpt":{"rendered":"<p>A operadora de telecomunica\u00e7\u00f5es Brisanet, que vem crescendo rapidamente no Brasil, est\u00e1 com 88 vagas abertas em diversas regi\u00f5es do pa\u00eds. Este \u00e9 o momento perfeito para quem busca um novo desafio profissional, com chances de crescimento e estabilidade em uma empresa em expans\u00e3o. Quais s\u00e3o as oportunidades de carreira na Brisanet? A Brisanet est\u00e1&hellip;&nbsp;<\/p>","protected":false},"author":16,"featured_media":41673,"comment_status":"closed","ping_status":"closed","sticky":false,"template":"","format":"standard","meta":{"neve_meta_sidebar":"","neve_meta_container":"","neve_meta_enable_content_width":"","neve_meta_content_width":0,"neve_meta_title_alignment":"","neve_meta_author_avatar":"","neve_post_elements_order":"","neve_meta_disable_header":"","neve_meta_disable_footer":"","neve_meta_disable_title":"","footnotes":""},"categories":[123],"tags":[830,608],"class_list":["post-41658","post","type-post","status-publish","format-standard","has-post-thumbnail","hentry","category-vagas-de-emprego-nacionais","tag-empregos","tag-oportunidades"],"yoast_head":"<!-- This site is optimized with the Yoast SEO plugin v27.5 - https:\/\/yoast.com\/product\/yoast-seo-wordpress\/ -->\n<title>Brisanet: 88 vagas de emprego abertas pelo pa\u00eds -<\/title>\n<meta name=\"description\" content=\"Veja em Vagas de Emprego RJ as vagas de emprego com e sem experi\u00eancia no seu Estado e Regi\u00e3o!\" \/>\n<meta name=\"robots\" content=\"index, follow, max-snippet:-1, max-image-preview:large, max-video-preview:-1\" \/>\n<link rel=\"canonical\" href=\"https:\/\/www.vagadeempregorj.com.br\/es\/brisanet-88-vagas-de-emprego-abertas-pelo-pais\/\" \/>\n<meta property=\"og:locale\" content=\"es_MX\" \/>\n<meta property=\"og:type\" content=\"article\" \/>\n<meta property=\"og:title\" content=\"Brisanet: 88 vagas de emprego abertas pelo pa\u00eds -\" \/>\n<meta property=\"og:description\" content=\"Veja em Vagas de Emprego RJ as vagas de emprego com e sem experi\u00eancia no seu Estado e Regi\u00e3o!\" \/>\n<meta property=\"og:url\" content=\"https:\/\/www.vagadeempregorj.com.br\/es\/brisanet-88-vagas-de-emprego-abertas-pelo-pais\/\" \/>\n<meta property=\"article:publisher\" content=\"https:\/\/www.facebook.com\/empregobrasiloficial\" \/>\n<meta property=\"article:published_time\" content=\"2025-01-05T09:00:00+00:00\" \/>\n<meta property=\"og:image\" content=\"https:\/\/www.vagadeempregorj.com.br\/wp-content\/uploads\/2024\/12\/image-25.png\" \/>\n\t<meta property=\"og:image:width\" content=\"960\" \/>\n\t<meta property=\"og:image:height\" content=\"504\" \/>\n\t<meta property=\"og:image:type\" content=\"image\/png\" \/>\n<meta name=\"author\" content=\"Michele\" \/>\n<meta name=\"twitter:card\" content=\"summary_large_image\" \/>\n<meta name=\"twitter:label1\" content=\"Written by\" \/>\n\t<meta name=\"twitter:data1\" content=\"Michele\" \/>\n\t<meta name=\"twitter:label2\" content=\"Est. reading time\" \/>\n\t<meta name=\"twitter:data2\" content=\"4 minutos\" \/>\n<script type=\"application\/ld+json\" class=\"yoast-schema-graph\">{\"@context\":\"https:\\\/\\\/schema.org\",\"@graph\":[{\"@type\":\"Article\",\"@id\":\"https:\\\/\\\/www.vagadeempregorj.com.br\\\/brisanet-88-vagas-de-emprego-abertas-pelo-pais\\\/#article\",\"isPartOf\":{\"@id\":\"https:\\\/\\\/www.vagadeempregorj.com.br\\\/brisanet-88-vagas-de-emprego-abertas-pelo-pais\\\/\"},\"author\":{\"name\":\"Michele\",\"@id\":\"https:\\\/\\\/www.vagadeempregorj.com.br\\\/#\\\/schema\\\/person\\\/3ddb19fa0539706786e502152f3aae95\"},\"headline\":\"Brisanet: 88 vagas de emprego abertas pelo pa\u00eds\",\"datePublished\":\"2025-01-05T09:00:00+00:00\",\"mainEntityOfPage\":{\"@id\":\"https:\\\/\\\/www.vagadeempregorj.com.br\\\/brisanet-88-vagas-de-emprego-abertas-pelo-pais\\\/\"},\"wordCount\":770,\"image\":{\"@id\":\"https:\\\/\\\/www.vagadeempregorj.com.br\\\/brisanet-88-vagas-de-emprego-abertas-pelo-pais\\\/#primaryimage\"},\"thumbnailUrl\":\"https:\\\/\\\/www.vagadeempregorj.com.br\\\/wp-content\\\/uploads\\\/2024\\\/12\\\/image-25.png\",\"keywords\":[\"empregos\",\"oportunidades\"],\"articleSection\":[\"Vagas de Emprego Nacionais\"],\"inLanguage\":\"es\"},{\"@type\":\"WebPage\",\"@id\":\"https:\\\/\\\/www.vagadeempregorj.com.br\\\/brisanet-88-vagas-de-emprego-abertas-pelo-pais\\\/\",\"url\":\"https:\\\/\\\/www.vagadeempregorj.com.br\\\/brisanet-88-vagas-de-emprego-abertas-pelo-pais\\\/\",\"name\":\"Brisanet: 88 vagas de emprego abertas pelo pa\u00eds -\",\"isPartOf\":{\"@id\":\"https:\\\/\\\/www.vagadeempregorj.com.br\\\/#website\"},\"primaryImageOfPage\":{\"@id\":\"https:\\\/\\\/www.vagadeempregorj.com.br\\\/brisanet-88-vagas-de-emprego-abertas-pelo-pais\\\/#primaryimage\"},\"image\":{\"@id\":\"https:\\\/\\\/www.vagadeempregorj.com.br\\\/brisanet-88-vagas-de-emprego-abertas-pelo-pais\\\/#primaryimage\"},\"thumbnailUrl\":\"https:\\\/\\\/www.vagadeempregorj.com.br\\\/wp-content\\\/uploads\\\/2024\\\/12\\\/image-25.png\",\"datePublished\":\"2025-01-05T09:00:00+00:00\",\"author\":{\"@id\":\"https:\\\/\\\/www.vagadeempregorj.com.br\\\/#\\\/schema\\\/person\\\/3ddb19fa0539706786e502152f3aae95\"},\"description\":\"Veja em Vagas de Emprego RJ as vagas de emprego com e sem experi\u00eancia no seu Estado e Regi\u00e3o!\",\"breadcrumb\":{\"@id\":\"https:\\\/\\\/www.vagadeempregorj.com.br\\\/brisanet-88-vagas-de-emprego-abertas-pelo-pais\\\/#breadcrumb\"},\"inLanguage\":\"es\",\"potentialAction\":[{\"@type\":\"ReadAction\",\"target\":[\"https:\\\/\\\/www.vagadeempregorj.com.br\\\/brisanet-88-vagas-de-emprego-abertas-pelo-pais\\\/\"]}]},{\"@type\":\"ImageObject\",\"inLanguage\":\"es\",\"@id\":\"https:\\\/\\\/www.vagadeempregorj.com.br\\\/brisanet-88-vagas-de-emprego-abertas-pelo-pais\\\/#primaryimage\",\"url\":\"https:\\\/\\\/www.vagadeempregorj.com.br\\\/wp-content\\\/uploads\\\/2024\\\/12\\\/image-25.png\",\"contentUrl\":\"https:\\\/\\\/www.vagadeempregorj.com.br\\\/wp-content\\\/uploads\\\/2024\\\/12\\\/image-25.png\",\"width\":960,\"height\":504,\"caption\":\"Brisanet\"},{\"@type\":\"BreadcrumbList\",\"@id\":\"https:\\\/\\\/www.vagadeempregorj.com.br\\\/brisanet-88-vagas-de-emprego-abertas-pelo-pais\\\/#breadcrumb\",\"itemListElement\":[{\"@type\":\"ListItem\",\"position\":1,\"name\":\"In\u00edcio\",\"item\":\"https:\\\/\\\/www.vagadeempregorj.com.br\\\/\"},{\"@type\":\"ListItem\",\"position\":2,\"name\":\"Vagas de Emprego Nacionais\",\"item\":\"https:\\\/\\\/www.vagadeempregorj.com.br\\\/vagas-de-emprego-nacionais\\\/\"},{\"@type\":\"ListItem\",\"position\":3,\"name\":\"Brisanet: 88 vagas de emprego abertas pelo pa\u00eds\"}]},{\"@type\":\"WebSite\",\"@id\":\"https:\\\/\\\/www.vagadeempregorj.com.br\\\/#website\",\"url\":\"https:\\\/\\\/www.vagadeempregorj.com.br\\\/\",\"name\":\"\",\"description\":\"Conquiste Sonhos: Vagas, Benef\u00edcios e Economia para Transformar Vidas e Alcan\u00e7ar Melhorias Cotidianas\",\"potentialAction\":[{\"@type\":\"SearchAction\",\"target\":{\"@type\":\"EntryPoint\",\"urlTemplate\":\"https:\\\/\\\/www.vagadeempregorj.com.br\\\/?s={search_term_string}\"},\"query-input\":{\"@type\":\"PropertyValueSpecification\",\"valueRequired\":true,\"valueName\":\"search_term_string\"}}],\"inLanguage\":\"es\"},{\"@type\":\"Person\",\"@id\":\"https:\\\/\\\/www.vagadeempregorj.com.br\\\/#\\\/schema\\\/person\\\/3ddb19fa0539706786e502152f3aae95\",\"name\":\"Michele\",\"image\":{\"@type\":\"ImageObject\",\"inLanguage\":\"es\",\"@id\":\"https:\\\/\\\/secure.gravatar.com\\\/avatar\\\/6b0eb9d22841282815e2cd856a0061c45e1761cd54b22e952d98c4746939aa85?s=96&r=g\",\"url\":\"https:\\\/\\\/secure.gravatar.com\\\/avatar\\\/6b0eb9d22841282815e2cd856a0061c45e1761cd54b22e952d98c4746939aa85?s=96&r=g\",\"contentUrl\":\"https:\\\/\\\/secure.gravatar.com\\\/avatar\\\/6b0eb9d22841282815e2cd856a0061c45e1761cd54b22e952d98c4746939aa85?s=96&r=g\",\"caption\":\"Michele\"},\"description\":\"Formada em Letras - Portugu\u00eas\\\/ Ingl\u00eas, e idealizadora do site Escritora de Sucesso, busca expandir o conhecimento de todos com informa\u00e7\u00f5es relevantes sobre diversos assuntos, enquanto redatora. No Vaga de Emprego RJ, traz oportunidades e dicas sobre o mercado de trabalho.\",\"url\":\"https:\\\/\\\/www.vagadeempregorj.com.br\\\/es\\\/author\\\/michele\\\/\"}]}<\/script>\n<!-- \/ Yoast SEO plugin. -->","yoast_head_json":{"title":"Brisanet: 88 vagas de emprego abertas pelo pa\u00eds -","description":"Veja em Vagas de Emprego RJ as vagas de emprego com e sem experi\u00eancia no seu Estado e Regi\u00e3o!","robots":{"index":"index","follow":"follow","max-snippet":"max-snippet:-1","max-image-preview":"max-image-preview:large","max-video-preview":"max-video-preview:-1"},"canonical":"https:\/\/www.vagadeempregorj.com.br\/es\/brisanet-88-vagas-de-emprego-abertas-pelo-pais\/","og_locale":"es_MX","og_type":"article","og_title":"Brisanet: 88 vagas de emprego abertas pelo pa\u00eds -","og_description":"Veja em Vagas de Emprego RJ as vagas de emprego com e sem experi\u00eancia no seu Estado e Regi\u00e3o!","og_url":"https:\/\/www.vagadeempregorj.com.br\/es\/brisanet-88-vagas-de-emprego-abertas-pelo-pais\/","article_publisher":"https:\/\/www.facebook.com\/empregobrasiloficial","article_published_time":"2025-01-05T09:00:00+00:00","og_image":[{"width":960,"height":504,"url":"https:\/\/www.vagadeempregorj.com.br\/wp-content\/uploads\/2024\/12\/image-25.png","type":"image\/png"}],"author":"Michele","twitter_card":"summary_large_image","twitter_misc":{"Written by":"Michele","Est. reading time":"4 minutos"},"schema":{"@context":"https:\/\/schema.org","@graph":[{"@type":"Article","@id":"https:\/\/www.vagadeempregorj.com.br\/brisanet-88-vagas-de-emprego-abertas-pelo-pais\/#article","isPartOf":{"@id":"https:\/\/www.vagadeempregorj.com.br\/brisanet-88-vagas-de-emprego-abertas-pelo-pais\/"},"author":{"name":"Michele","@id":"https:\/\/www.vagadeempregorj.com.br\/#\/schema\/person\/3ddb19fa0539706786e502152f3aae95"},"headline":"Brisanet: 88 vagas de emprego abertas pelo pa\u00eds","datePublished":"2025-01-05T09:00:00+00:00","mainEntityOfPage":{"@id":"https:\/\/www.vagadeempregorj.com.br\/brisanet-88-vagas-de-emprego-abertas-pelo-pais\/"},"wordCount":770,"image":{"@id":"https:\/\/www.vagadeempregorj.com.br\/brisanet-88-vagas-de-emprego-abertas-pelo-pais\/#primaryimage"},"thumbnailUrl":"https:\/\/www.vagadeempregorj.com.br\/wp-content\/uploads\/2024\/12\/image-25.png","keywords":["empregos","oportunidades"],"articleSection":["Vagas de Emprego Nacionais"],"inLanguage":"es"},{"@type":"WebPage","@id":"https:\/\/www.vagadeempregorj.com.br\/brisanet-88-vagas-de-emprego-abertas-pelo-pais\/","url":"https:\/\/www.vagadeempregorj.com.br\/brisanet-88-vagas-de-emprego-abertas-pelo-pais\/","name":"Brisanet: 88 vagas de emprego abertas pelo pa\u00eds -","isPartOf":{"@id":"https:\/\/www.vagadeempregorj.com.br\/#website"},"primaryImageOfPage":{"@id":"https:\/\/www.vagadeempregorj.com.br\/brisanet-88-vagas-de-emprego-abertas-pelo-pais\/#primaryimage"},"image":{"@id":"https:\/\/www.vagadeempregorj.com.br\/brisanet-88-vagas-de-emprego-abertas-pelo-pais\/#primaryimage"},"thumbnailUrl":"https:\/\/www.vagadeempregorj.com.br\/wp-content\/uploads\/2024\/12\/image-25.png","datePublished":"2025-01-05T09:00:00+00:00","author":{"@id":"https:\/\/www.vagadeempregorj.com.br\/#\/schema\/person\/3ddb19fa0539706786e502152f3aae95"},"description":"Veja em Vagas de Emprego RJ as vagas de emprego com e sem experi\u00eancia no seu Estado e Regi\u00e3o!","breadcrumb":{"@id":"https:\/\/www.vagadeempregorj.com.br\/brisanet-88-vagas-de-emprego-abertas-pelo-pais\/#breadcrumb"},"inLanguage":"es","potentialAction":[{"@type":"ReadAction","target":["https:\/\/www.vagadeempregorj.com.br\/brisanet-88-vagas-de-emprego-abertas-pelo-pais\/"]}]},{"@type":"ImageObject","inLanguage":"es","@id":"https:\/\/www.vagadeempregorj.com.br\/brisanet-88-vagas-de-emprego-abertas-pelo-pais\/#primaryimage","url":"https:\/\/www.vagadeempregorj.com.br\/wp-content\/uploads\/2024\/12\/image-25.png","contentUrl":"https:\/\/www.vagadeempregorj.com.br\/wp-content\/uploads\/2024\/12\/image-25.png","width":960,"height":504,"caption":"Brisanet"},{"@type":"BreadcrumbList","@id":"https:\/\/www.vagadeempregorj.com.br\/brisanet-88-vagas-de-emprego-abertas-pelo-pais\/#breadcrumb","itemListElement":[{"@type":"ListItem","position":1,"name":"In\u00edcio","item":"https:\/\/www.vagadeempregorj.com.br\/"},{"@type":"ListItem","position":2,"name":"Vagas de Emprego Nacionais","item":"https:\/\/www.vagadeempregorj.com.br\/vagas-de-emprego-nacionais\/"},{"@type":"ListItem","position":3,"name":"Brisanet: 88 vagas de emprego abertas pelo pa\u00eds"}]},{"@type":"WebSite","@id":"https:\/\/www.vagadeempregorj.com.br\/#website","url":"https:\/\/www.vagadeempregorj.com.br\/","name":"","description":"Conquiste Sonhos: Vagas, Benef\u00edcios e Economia para Transformar Vidas e Alcan\u00e7ar Melhorias Cotidianas","potentialAction":[{"@type":"SearchAction","target":{"@type":"EntryPoint","urlTemplate":"https:\/\/www.vagadeempregorj.com.br\/?s={search_term_string}"},"query-input":{"@type":"PropertyValueSpecification","valueRequired":true,"valueName":"search_term_string"}}],"inLanguage":"es"},{"@type":"Person","@id":"https:\/\/www.vagadeempregorj.com.br\/#\/schema\/person\/3ddb19fa0539706786e502152f3aae95","name":"Michele","image":{"@type":"ImageObject","inLanguage":"es","@id":"https:\/\/secure.gravatar.com\/avatar\/6b0eb9d22841282815e2cd856a0061c45e1761cd54b22e952d98c4746939aa85?s=96&r=g","url":"https:\/\/secure.gravatar.com\/avatar\/6b0eb9d22841282815e2cd856a0061c45e1761cd54b22e952d98c4746939aa85?s=96&r=g","contentUrl":"https:\/\/secure.gravatar.com\/avatar\/6b0eb9d22841282815e2cd856a0061c45e1761cd54b22e952d98c4746939aa85?s=96&r=g","caption":"Michele"},"description":"Formada em Letras - Portugu\u00eas\/ Ingl\u00eas, e idealizadora do site Escritora de Sucesso, busca expandir o conhecimento de todos com informa\u00e7\u00f5es relevantes sobre diversos assuntos, enquanto redatora. No Vaga de Emprego RJ, traz oportunidades e dicas sobre o mercado de trabalho.","url":"https:\/\/www.vagadeempregorj.com.br\/es\/author\/michele\/"}]}},"_links":{"self":[{"href":"https:\/\/www.vagadeempregorj.com.br\/es\/wp-json\/wp\/v2\/posts\/41658","targetHints":{"allow":["GET"]}}],"collection":[{"href":"https:\/\/www.vagadeempregorj.com.br\/es\/wp-json\/wp\/v2\/posts"}],"about":[{"href":"https:\/\/www.vagadeempregorj.com.br\/es\/wp-json\/wp\/v2\/types\/post"}],"author":[{"embeddable":true,"href":"https:\/\/www.vagadeempregorj.com.br\/es\/wp-json\/wp\/v2\/users\/16"}],"replies":[{"embeddable":true,"href":"https:\/\/www.vagadeempregorj.com.br\/es\/wp-json\/wp\/v2\/comments?post=41658"}],"version-history":[{"count":0,"href":"https:\/\/www.vagadeempregorj.com.br\/es\/wp-json\/wp\/v2\/posts\/41658\/revisions"}],"wp:featuredmedia":[{"embeddable":true,"href":"https:\/\/www.vagadeempregorj.com.br\/es\/wp-json\/wp\/v2\/media\/41673"}],"wp:attachment":[{"href":"https:\/\/www.vagadeempregorj.com.br\/es\/wp-json\/wp\/v2\/media?parent=41658"}],"wp:term":[{"taxonomy":"category","embeddable":true,"href":"https:\/\/www.vagadeempregorj.com.br\/es\/wp-json\/wp\/v2\/categories?post=41658"},{"taxonomy":"post_tag","embeddable":true,"href":"https:\/\/www.vagadeempregorj.com.br\/es\/wp-json\/wp\/v2\/tags?post=41658"}],"curies":[{"name":"wp","href":"https:\/\/api.w.org\/{rel}","templated":true}]}}