{"id":41662,"date":"2025-01-09T06:00:00","date_gmt":"2025-01-09T09:00:00","guid":{"rendered":"https:\/\/www.vagadeempregorj.com.br\/?p=41662"},"modified":"2024-12-17T21:23:27","modified_gmt":"2024-12-18T00:23:27","slug":"panvel-452-vagas-de-emprego-abertas-pelo-pais","status":"publish","type":"post","link":"https:\/\/www.vagadeempregorj.com.br\/es\/panvel-452-vagas-de-emprego-abertas-pelo-pais\/","title":{"rendered":"Panvel: 452 vagas de emprego abertas pelo pa\u00eds"},"content":{"rendered":"<p>A <strong>Panvel<\/strong>, uma das maiores redes de farm\u00e1cias do Brasil, est\u00e1 anunciando uma excelente not\u00edcia para quem busca uma nova oportunidade de trabalho: est\u00e3o abertas 452 vagas de emprego em diversas localidades do pa\u00eds. Se voc\u00ea est\u00e1 em busca de um emprego ou quer mudar de \u00e1rea, pode ser a chance que estava esperando.&nbsp;<\/p>\n\n\n\n<figure class=\"wp-block-image size-large\"><img loading=\"lazy\" decoding=\"async\" width=\"1024\" height=\"724\" src=\"https:\/\/www.vagadeempregorj.com.br\/wp-content\/uploads\/2024\/12\/image-27-1024x724.png\" alt=\"Panvel\" class=\"wp-image-41675\" srcset=\"https:\/\/www.vagadeempregorj.com.br\/wp-content\/uploads\/2024\/12\/image-27-1024x724.png 1024w, https:\/\/www.vagadeempregorj.com.br\/wp-content\/uploads\/2024\/12\/image-27-300x212.png 300w, https:\/\/www.vagadeempregorj.com.br\/wp-content\/uploads\/2024\/12\/image-27-768x543.png 768w, https:\/\/www.vagadeempregorj.com.br\/wp-content\/uploads\/2024\/12\/image-27-150x106.png 150w, https:\/\/www.vagadeempregorj.com.br\/wp-content\/uploads\/2024\/12\/image-27.png 1200w\" sizes=\"auto, (max-width: 1024px) 100vw, 1024px\" \/><\/figure>\n\n\n\n<h2 class=\"wp-block-heading\">Quais s\u00e3o as oportunidades na Panvel?<\/h2>\n\n\n\n<p>A Panvel oferece uma diversidade de cargos em v\u00e1rias \u00e1reas da empresa. As oportunidades s\u00e3o para diferentes n\u00edveis de experi\u00eancia e para v\u00e1rias regi\u00f5es do Brasil, refletindo o crescimento da marca e a necessidade de ampliar o time para acompanhar a demanda dos clientes.&nbsp;<\/p>\n\n\n\n<p>N\u00e3o importa se voc\u00ea est\u00e1 come\u00e7ando sua carreira agora ou j\u00e1 tem experi\u00eancia no mercado: a empresa busca profissionais de todas as \u00e1reas. Confira as principais oportunidades abertas:<\/p>\n\n\n\n<h3 class=\"wp-block-heading\">Atendente de farm\u00e1cia<\/h3>\n\n\n\n<p>As vagas para atendente de farm\u00e1cia est\u00e3o entre as mais procuradas. O profissional ser\u00e1 respons\u00e1vel por oferecer atendimento ao cliente, orientar sobre os produtos, cuidar do estoque e garantir a organiza\u00e7\u00e3o do ambiente de trabalho.&nbsp;<\/p>\n\n\n\n<p>A empresa oferece treinamento para seus colaboradores, para que se sintam capacitados a atender da melhor maneira poss\u00edvel.<\/p>\n\n\n\n<h3 class=\"wp-block-heading\">Farmac\u00eautico<\/h3>\n\n\n\n<p>Os farmac\u00eauticos s\u00e3o pe\u00e7as-chave dentro da rede de farm\u00e1cias. A rede de farm\u00e1cias est\u00e1 em busca de profissionais formados e com CRF ativo. O trabalho envolve a supervis\u00e3o de medicamentos, orienta\u00e7\u00e3o aos clientes sobre o uso correto de medicamentos e outros cuidados farmacol\u00f3gicos. Para quem \u00e9 formado na \u00e1rea, essa \u00e9 uma \u00f3tima oportunidade de atuar em uma empresa reconhecida no mercado.<\/p>\n\n\n\n<h3 class=\"wp-block-heading\">Operador de caixa<\/h3>\n\n\n\n<p>Outro cargo dispon\u00edvel \u00e9 o de operador de caixa. Para esse cargo, n\u00e3o \u00e9 necess\u00e1rio ter experi\u00eancia anterior, mas \u00e9 importante ter facilidade com o manuseio de dinheiro e com o atendimento ao p\u00fablico.&nbsp;<\/p>\n\n\n\n<p>Os operadores de caixa s\u00e3o respons\u00e1veis pelo registro das compras, fechamento de caixa e manuten\u00e7\u00e3o da organiza\u00e7\u00e3o na \u00e1rea de pagamento. A empresa valoriza o bom atendimento, e o operador de caixa \u00e9 fundamental nesse processo.<\/p>\n\n\n\n<h3 class=\"wp-block-heading\">Repositor de estoque<\/h3>\n\n\n\n<p>A reposi\u00e7\u00e3o de estoque tamb\u00e9m \u00e9 uma fun\u00e7\u00e3o importante nas farm\u00e1cias da Panvel. O repositor organiza os produtos nas prateleiras, verifica a validade dos itens, e garante que a loja tenha sempre os produtos necess\u00e1rios para os clientes.&nbsp;<\/p>\n\n\n\n<p>Para esse cargo, a experi\u00eancia pr\u00e9via pode ser um diferencial, mas a empresa oferece treinamento para capacita\u00e7\u00e3o.<\/p>\n\n\n\n<h3 class=\"wp-block-heading\">Supervisor de loja<\/h3>\n\n\n\n<p>Se voc\u00ea j\u00e1 tem experi\u00eancia na \u00e1rea de vendas e gest\u00e3o, o cargo de supervisor de loja pode ser uma excelente oportunidade. O supervisor tem a responsabilidade de coordenar a equipe, garantir o bom funcionamento da loja e promover estrat\u00e9gias de vendas. Este cargo exige experi\u00eancia na \u00e1rea de varejo e lideran\u00e7a.<\/p>\n\n\n\n<p>Essas s\u00e3o apenas algumas das oportunidades abertas pela empresa. A rede est\u00e1 com vagas em v\u00e1rias regi\u00f5es do Brasil, por isso, \u00e9 importante ficar atento \u00e0s especifica\u00e7\u00f5es de cada fun\u00e7\u00e3o.&nbsp;<\/p>\n\n\n\n<p>E n\u00e3o se preocupe: h\u00e1 chances para diferentes n\u00edveis de experi\u00eancia, com foco no desenvolvimento profissional e no crescimento dentro da empresa.<\/p>\n\n\n\n<h2 class=\"wp-block-heading\">Como se candidatar?<\/h2>\n\n\n\n<p>Agora que voc\u00ea j\u00e1 sabe quais s\u00e3o as vagas abertas na companhia, \u00e9 hora de entender como se candidatar. O processo \u00e9 simples e pode ser feito diretamente online. Veja o passo a passo para n\u00e3o perder nenhuma oportunidade:<\/p>\n\n\n\n<ul class=\"wp-block-list\">\n<li>Copie e cole o endere\u00e7o abaixo em seu navegador: <strong>https:\/\/lojaspanvel.gupy.io\/<\/strong><\/li>\n\n\n\n<li>Acesse a p\u00e1gina e encontre a oportunidade que mais combina com o seu perfil.<\/li>\n\n\n\n<li>Ao acessar o link, voc\u00ea ser\u00e1 redirecionado para a plataforma de recrutamento da Panvel, onde todas as vagas estar\u00e3o listadas. Basta selecionar o cargo desejado para ver os detalhes sobre os requisitos e responsabilidades da fun\u00e7\u00e3o.<\/li>\n\n\n\n<li>Preencha o formul\u00e1rio de inscri\u00e7\u00e3o.<\/li>\n\n\n\n<li>Escolha o cargo desejado, insira seus dados pessoais e profissionais. A plataforma vai solicitar algumas informa\u00e7\u00f5es adicionais, como seu curr\u00edculo. Lembre-se de anex\u00e1-lo para aumentar suas chances de ser notado pela equipe de recrutamento.<\/li>\n\n\n\n<li>Aguarde o contato da equipe da Panvel.<\/li>\n\n\n\n<li>Ap\u00f3s o envio da candidatura, a equipe de recrutamento analisar\u00e1 seu perfil. Caso voc\u00ea se encaixe no perfil da vaga, entrar\u00e1 em contato para as pr\u00f3ximas etapas do processo seletivo.<\/li>\n\n\n\n<li>Prepare-se para as entrevistas e testes.<\/li>\n<\/ul>\n\n\n\n<p>A Panvel pode solicitar que os candidatos passem por uma entrevista online ou presencial, dependendo da vaga. Durante esse momento, mostre suas habilidades, experi\u00eancia e interesse pela empresa.<\/p>\n\n\n\n<p>N\u00e3o perca a chance de fazer parte de uma das maiores redes de farm\u00e1cias do Brasil. A empresa oferece um ambiente din\u00e2mico e focado no crescimento, tanto para seus colaboradores quanto para a pr\u00f3pria empresa.&nbsp;<\/p>\n\n\n\n<p><strong>Veja tamb\u00e9m: <a href=\"https:\/\/www.vagadeempregorj.com.br\/es\/centauro-618-novas-vagas-de-emprego-pelo-pais\/\">Centauro: 618 novas vagas de emprego pelo pa\u00eds<\/a><\/strong><\/p>\n\n\n\n<p>9 de janeiro de 2025<\/p>","protected":false},"excerpt":{"rendered":"<p>A Panvel, uma das maiores redes de farm\u00e1cias do Brasil, est\u00e1 anunciando uma excelente not\u00edcia para quem busca uma nova oportunidade de trabalho: est\u00e3o abertas 452 vagas de emprego em diversas localidades do pa\u00eds. Se voc\u00ea est\u00e1 em busca de um emprego ou quer mudar de \u00e1rea, pode ser a chance que estava esperando.&nbsp; Quais&hellip;&nbsp;<\/p>","protected":false},"author":16,"featured_media":41675,"comment_status":"closed","ping_status":"closed","sticky":false,"template":"","format":"standard","meta":{"neve_meta_sidebar":"","neve_meta_container":"","neve_meta_enable_content_width":"","neve_meta_content_width":0,"neve_meta_title_alignment":"","neve_meta_author_avatar":"","neve_post_elements_order":"","neve_meta_disable_header":"","neve_meta_disable_footer":"","neve_meta_disable_title":"","footnotes":""},"categories":[123],"tags":[830,608],"class_list":["post-41662","post","type-post","status-publish","format-standard","has-post-thumbnail","hentry","category-vagas-de-emprego-nacionais","tag-empregos","tag-oportunidades"],"yoast_head":"<!-- This site is optimized with the Yoast SEO plugin v27.5 - https:\/\/yoast.com\/product\/yoast-seo-wordpress\/ -->\n<title>Panvel: 452 vagas de emprego abertas pelo pa\u00eds -<\/title>\n<meta name=\"description\" content=\"Veja em Vagas de Emprego RJ as vagas de emprego com e sem experi\u00eancia no seu Estado e Regi\u00e3o!\" \/>\n<meta name=\"robots\" content=\"index, follow, max-snippet:-1, max-image-preview:large, max-video-preview:-1\" \/>\n<link rel=\"canonical\" href=\"https:\/\/www.vagadeempregorj.com.br\/es\/panvel-452-vagas-de-emprego-abertas-pelo-pais\/\" \/>\n<meta property=\"og:locale\" content=\"es_MX\" \/>\n<meta property=\"og:type\" content=\"article\" \/>\n<meta property=\"og:title\" content=\"Panvel: 452 vagas de emprego abertas pelo pa\u00eds -\" \/>\n<meta property=\"og:description\" content=\"Veja em Vagas de Emprego RJ as vagas de emprego com e sem experi\u00eancia no seu Estado e Regi\u00e3o!\" \/>\n<meta property=\"og:url\" content=\"https:\/\/www.vagadeempregorj.com.br\/es\/panvel-452-vagas-de-emprego-abertas-pelo-pais\/\" \/>\n<meta property=\"article:publisher\" content=\"https:\/\/www.facebook.com\/empregobrasiloficial\" \/>\n<meta property=\"article:published_time\" content=\"2025-01-09T09:00:00+00:00\" \/>\n<meta property=\"og:image\" content=\"https:\/\/www.vagadeempregorj.com.br\/wp-content\/uploads\/2024\/12\/image-27.png\" \/>\n\t<meta property=\"og:image:width\" content=\"1200\" \/>\n\t<meta property=\"og:image:height\" content=\"848\" \/>\n\t<meta property=\"og:image:type\" content=\"image\/png\" \/>\n<meta name=\"author\" content=\"Michele\" \/>\n<meta name=\"twitter:card\" content=\"summary_large_image\" \/>\n<meta name=\"twitter:label1\" content=\"Written by\" \/>\n\t<meta name=\"twitter:data1\" content=\"Michele\" \/>\n\t<meta name=\"twitter:label2\" content=\"Est. reading time\" \/>\n\t<meta name=\"twitter:data2\" content=\"4 minutos\" \/>\n<script type=\"application\/ld+json\" class=\"yoast-schema-graph\">{\"@context\":\"https:\\\/\\\/schema.org\",\"@graph\":[{\"@type\":\"Article\",\"@id\":\"https:\\\/\\\/www.vagadeempregorj.com.br\\\/panvel-452-vagas-de-emprego-abertas-pelo-pais\\\/#article\",\"isPartOf\":{\"@id\":\"https:\\\/\\\/www.vagadeempregorj.com.br\\\/panvel-452-vagas-de-emprego-abertas-pelo-pais\\\/\"},\"author\":{\"name\":\"Michele\",\"@id\":\"https:\\\/\\\/www.vagadeempregorj.com.br\\\/#\\\/schema\\\/person\\\/3ddb19fa0539706786e502152f3aae95\"},\"headline\":\"Panvel: 452 vagas de emprego abertas pelo pa\u00eds\",\"datePublished\":\"2025-01-09T09:00:00+00:00\",\"mainEntityOfPage\":{\"@id\":\"https:\\\/\\\/www.vagadeempregorj.com.br\\\/panvel-452-vagas-de-emprego-abertas-pelo-pais\\\/\"},\"wordCount\":834,\"image\":{\"@id\":\"https:\\\/\\\/www.vagadeempregorj.com.br\\\/panvel-452-vagas-de-emprego-abertas-pelo-pais\\\/#primaryimage\"},\"thumbnailUrl\":\"https:\\\/\\\/www.vagadeempregorj.com.br\\\/wp-content\\\/uploads\\\/2024\\\/12\\\/image-27.png\",\"keywords\":[\"empregos\",\"oportunidades\"],\"articleSection\":[\"Vagas de Emprego Nacionais\"],\"inLanguage\":\"es\"},{\"@type\":\"WebPage\",\"@id\":\"https:\\\/\\\/www.vagadeempregorj.com.br\\\/panvel-452-vagas-de-emprego-abertas-pelo-pais\\\/\",\"url\":\"https:\\\/\\\/www.vagadeempregorj.com.br\\\/panvel-452-vagas-de-emprego-abertas-pelo-pais\\\/\",\"name\":\"Panvel: 452 vagas de emprego abertas pelo pa\u00eds -\",\"isPartOf\":{\"@id\":\"https:\\\/\\\/www.vagadeempregorj.com.br\\\/#website\"},\"primaryImageOfPage\":{\"@id\":\"https:\\\/\\\/www.vagadeempregorj.com.br\\\/panvel-452-vagas-de-emprego-abertas-pelo-pais\\\/#primaryimage\"},\"image\":{\"@id\":\"https:\\\/\\\/www.vagadeempregorj.com.br\\\/panvel-452-vagas-de-emprego-abertas-pelo-pais\\\/#primaryimage\"},\"thumbnailUrl\":\"https:\\\/\\\/www.vagadeempregorj.com.br\\\/wp-content\\\/uploads\\\/2024\\\/12\\\/image-27.png\",\"datePublished\":\"2025-01-09T09:00:00+00:00\",\"author\":{\"@id\":\"https:\\\/\\\/www.vagadeempregorj.com.br\\\/#\\\/schema\\\/person\\\/3ddb19fa0539706786e502152f3aae95\"},\"description\":\"Veja em Vagas de Emprego RJ as vagas de emprego com e sem experi\u00eancia no seu Estado e Regi\u00e3o!\",\"breadcrumb\":{\"@id\":\"https:\\\/\\\/www.vagadeempregorj.com.br\\\/panvel-452-vagas-de-emprego-abertas-pelo-pais\\\/#breadcrumb\"},\"inLanguage\":\"es\",\"potentialAction\":[{\"@type\":\"ReadAction\",\"target\":[\"https:\\\/\\\/www.vagadeempregorj.com.br\\\/panvel-452-vagas-de-emprego-abertas-pelo-pais\\\/\"]}]},{\"@type\":\"ImageObject\",\"inLanguage\":\"es\",\"@id\":\"https:\\\/\\\/www.vagadeempregorj.com.br\\\/panvel-452-vagas-de-emprego-abertas-pelo-pais\\\/#primaryimage\",\"url\":\"https:\\\/\\\/www.vagadeempregorj.com.br\\\/wp-content\\\/uploads\\\/2024\\\/12\\\/image-27.png\",\"contentUrl\":\"https:\\\/\\\/www.vagadeempregorj.com.br\\\/wp-content\\\/uploads\\\/2024\\\/12\\\/image-27.png\",\"width\":1200,\"height\":848,\"caption\":\"Panvel\"},{\"@type\":\"BreadcrumbList\",\"@id\":\"https:\\\/\\\/www.vagadeempregorj.com.br\\\/panvel-452-vagas-de-emprego-abertas-pelo-pais\\\/#breadcrumb\",\"itemListElement\":[{\"@type\":\"ListItem\",\"position\":1,\"name\":\"In\u00edcio\",\"item\":\"https:\\\/\\\/www.vagadeempregorj.com.br\\\/\"},{\"@type\":\"ListItem\",\"position\":2,\"name\":\"Vagas de Emprego Nacionais\",\"item\":\"https:\\\/\\\/www.vagadeempregorj.com.br\\\/vagas-de-emprego-nacionais\\\/\"},{\"@type\":\"ListItem\",\"position\":3,\"name\":\"Panvel: 452 vagas de emprego abertas pelo pa\u00eds\"}]},{\"@type\":\"WebSite\",\"@id\":\"https:\\\/\\\/www.vagadeempregorj.com.br\\\/#website\",\"url\":\"https:\\\/\\\/www.vagadeempregorj.com.br\\\/\",\"name\":\"\",\"description\":\"Conquiste Sonhos: Vagas, Benef\u00edcios e Economia para Transformar Vidas e Alcan\u00e7ar Melhorias Cotidianas\",\"potentialAction\":[{\"@type\":\"SearchAction\",\"target\":{\"@type\":\"EntryPoint\",\"urlTemplate\":\"https:\\\/\\\/www.vagadeempregorj.com.br\\\/?s={search_term_string}\"},\"query-input\":{\"@type\":\"PropertyValueSpecification\",\"valueRequired\":true,\"valueName\":\"search_term_string\"}}],\"inLanguage\":\"es\"},{\"@type\":\"Person\",\"@id\":\"https:\\\/\\\/www.vagadeempregorj.com.br\\\/#\\\/schema\\\/person\\\/3ddb19fa0539706786e502152f3aae95\",\"name\":\"Michele\",\"image\":{\"@type\":\"ImageObject\",\"inLanguage\":\"es\",\"@id\":\"https:\\\/\\\/secure.gravatar.com\\\/avatar\\\/6b0eb9d22841282815e2cd856a0061c45e1761cd54b22e952d98c4746939aa85?s=96&r=g\",\"url\":\"https:\\\/\\\/secure.gravatar.com\\\/avatar\\\/6b0eb9d22841282815e2cd856a0061c45e1761cd54b22e952d98c4746939aa85?s=96&r=g\",\"contentUrl\":\"https:\\\/\\\/secure.gravatar.com\\\/avatar\\\/6b0eb9d22841282815e2cd856a0061c45e1761cd54b22e952d98c4746939aa85?s=96&r=g\",\"caption\":\"Michele\"},\"description\":\"Formada em Letras - Portugu\u00eas\\\/ Ingl\u00eas, e idealizadora do site Escritora de Sucesso, busca expandir o conhecimento de todos com informa\u00e7\u00f5es relevantes sobre diversos assuntos, enquanto redatora. No Vaga de Emprego RJ, traz oportunidades e dicas sobre o mercado de trabalho.\",\"url\":\"https:\\\/\\\/www.vagadeempregorj.com.br\\\/es\\\/author\\\/michele\\\/\"}]}<\/script>\n<!-- \/ Yoast SEO plugin. -->","yoast_head_json":{"title":"Panvel: 452 vagas de emprego abertas pelo pa\u00eds -","description":"Veja em Vagas de Emprego RJ as vagas de emprego com e sem experi\u00eancia no seu Estado e Regi\u00e3o!","robots":{"index":"index","follow":"follow","max-snippet":"max-snippet:-1","max-image-preview":"max-image-preview:large","max-video-preview":"max-video-preview:-1"},"canonical":"https:\/\/www.vagadeempregorj.com.br\/es\/panvel-452-vagas-de-emprego-abertas-pelo-pais\/","og_locale":"es_MX","og_type":"article","og_title":"Panvel: 452 vagas de emprego abertas pelo pa\u00eds -","og_description":"Veja em Vagas de Emprego RJ as vagas de emprego com e sem experi\u00eancia no seu Estado e Regi\u00e3o!","og_url":"https:\/\/www.vagadeempregorj.com.br\/es\/panvel-452-vagas-de-emprego-abertas-pelo-pais\/","article_publisher":"https:\/\/www.facebook.com\/empregobrasiloficial","article_published_time":"2025-01-09T09:00:00+00:00","og_image":[{"width":1200,"height":848,"url":"https:\/\/www.vagadeempregorj.com.br\/wp-content\/uploads\/2024\/12\/image-27.png","type":"image\/png"}],"author":"Michele","twitter_card":"summary_large_image","twitter_misc":{"Written by":"Michele","Est. reading time":"4 minutos"},"schema":{"@context":"https:\/\/schema.org","@graph":[{"@type":"Article","@id":"https:\/\/www.vagadeempregorj.com.br\/panvel-452-vagas-de-emprego-abertas-pelo-pais\/#article","isPartOf":{"@id":"https:\/\/www.vagadeempregorj.com.br\/panvel-452-vagas-de-emprego-abertas-pelo-pais\/"},"author":{"name":"Michele","@id":"https:\/\/www.vagadeempregorj.com.br\/#\/schema\/person\/3ddb19fa0539706786e502152f3aae95"},"headline":"Panvel: 452 vagas de emprego abertas pelo pa\u00eds","datePublished":"2025-01-09T09:00:00+00:00","mainEntityOfPage":{"@id":"https:\/\/www.vagadeempregorj.com.br\/panvel-452-vagas-de-emprego-abertas-pelo-pais\/"},"wordCount":834,"image":{"@id":"https:\/\/www.vagadeempregorj.com.br\/panvel-452-vagas-de-emprego-abertas-pelo-pais\/#primaryimage"},"thumbnailUrl":"https:\/\/www.vagadeempregorj.com.br\/wp-content\/uploads\/2024\/12\/image-27.png","keywords":["empregos","oportunidades"],"articleSection":["Vagas de Emprego Nacionais"],"inLanguage":"es"},{"@type":"WebPage","@id":"https:\/\/www.vagadeempregorj.com.br\/panvel-452-vagas-de-emprego-abertas-pelo-pais\/","url":"https:\/\/www.vagadeempregorj.com.br\/panvel-452-vagas-de-emprego-abertas-pelo-pais\/","name":"Panvel: 452 vagas de emprego abertas pelo pa\u00eds -","isPartOf":{"@id":"https:\/\/www.vagadeempregorj.com.br\/#website"},"primaryImageOfPage":{"@id":"https:\/\/www.vagadeempregorj.com.br\/panvel-452-vagas-de-emprego-abertas-pelo-pais\/#primaryimage"},"image":{"@id":"https:\/\/www.vagadeempregorj.com.br\/panvel-452-vagas-de-emprego-abertas-pelo-pais\/#primaryimage"},"thumbnailUrl":"https:\/\/www.vagadeempregorj.com.br\/wp-content\/uploads\/2024\/12\/image-27.png","datePublished":"2025-01-09T09:00:00+00:00","author":{"@id":"https:\/\/www.vagadeempregorj.com.br\/#\/schema\/person\/3ddb19fa0539706786e502152f3aae95"},"description":"Veja em Vagas de Emprego RJ as vagas de emprego com e sem experi\u00eancia no seu Estado e Regi\u00e3o!","breadcrumb":{"@id":"https:\/\/www.vagadeempregorj.com.br\/panvel-452-vagas-de-emprego-abertas-pelo-pais\/#breadcrumb"},"inLanguage":"es","potentialAction":[{"@type":"ReadAction","target":["https:\/\/www.vagadeempregorj.com.br\/panvel-452-vagas-de-emprego-abertas-pelo-pais\/"]}]},{"@type":"ImageObject","inLanguage":"es","@id":"https:\/\/www.vagadeempregorj.com.br\/panvel-452-vagas-de-emprego-abertas-pelo-pais\/#primaryimage","url":"https:\/\/www.vagadeempregorj.com.br\/wp-content\/uploads\/2024\/12\/image-27.png","contentUrl":"https:\/\/www.vagadeempregorj.com.br\/wp-content\/uploads\/2024\/12\/image-27.png","width":1200,"height":848,"caption":"Panvel"},{"@type":"BreadcrumbList","@id":"https:\/\/www.vagadeempregorj.com.br\/panvel-452-vagas-de-emprego-abertas-pelo-pais\/#breadcrumb","itemListElement":[{"@type":"ListItem","position":1,"name":"In\u00edcio","item":"https:\/\/www.vagadeempregorj.com.br\/"},{"@type":"ListItem","position":2,"name":"Vagas de Emprego Nacionais","item":"https:\/\/www.vagadeempregorj.com.br\/vagas-de-emprego-nacionais\/"},{"@type":"ListItem","position":3,"name":"Panvel: 452 vagas de emprego abertas pelo pa\u00eds"}]},{"@type":"WebSite","@id":"https:\/\/www.vagadeempregorj.com.br\/#website","url":"https:\/\/www.vagadeempregorj.com.br\/","name":"","description":"Conquiste Sonhos: Vagas, Benef\u00edcios e Economia para Transformar Vidas e Alcan\u00e7ar Melhorias Cotidianas","potentialAction":[{"@type":"SearchAction","target":{"@type":"EntryPoint","urlTemplate":"https:\/\/www.vagadeempregorj.com.br\/?s={search_term_string}"},"query-input":{"@type":"PropertyValueSpecification","valueRequired":true,"valueName":"search_term_string"}}],"inLanguage":"es"},{"@type":"Person","@id":"https:\/\/www.vagadeempregorj.com.br\/#\/schema\/person\/3ddb19fa0539706786e502152f3aae95","name":"Michele","image":{"@type":"ImageObject","inLanguage":"es","@id":"https:\/\/secure.gravatar.com\/avatar\/6b0eb9d22841282815e2cd856a0061c45e1761cd54b22e952d98c4746939aa85?s=96&r=g","url":"https:\/\/secure.gravatar.com\/avatar\/6b0eb9d22841282815e2cd856a0061c45e1761cd54b22e952d98c4746939aa85?s=96&r=g","contentUrl":"https:\/\/secure.gravatar.com\/avatar\/6b0eb9d22841282815e2cd856a0061c45e1761cd54b22e952d98c4746939aa85?s=96&r=g","caption":"Michele"},"description":"Formada em Letras - Portugu\u00eas\/ Ingl\u00eas, e idealizadora do site Escritora de Sucesso, busca expandir o conhecimento de todos com informa\u00e7\u00f5es relevantes sobre diversos assuntos, enquanto redatora. No Vaga de Emprego RJ, traz oportunidades e dicas sobre o mercado de trabalho.","url":"https:\/\/www.vagadeempregorj.com.br\/es\/author\/michele\/"}]}},"_links":{"self":[{"href":"https:\/\/www.vagadeempregorj.com.br\/es\/wp-json\/wp\/v2\/posts\/41662","targetHints":{"allow":["GET"]}}],"collection":[{"href":"https:\/\/www.vagadeempregorj.com.br\/es\/wp-json\/wp\/v2\/posts"}],"about":[{"href":"https:\/\/www.vagadeempregorj.com.br\/es\/wp-json\/wp\/v2\/types\/post"}],"author":[{"embeddable":true,"href":"https:\/\/www.vagadeempregorj.com.br\/es\/wp-json\/wp\/v2\/users\/16"}],"replies":[{"embeddable":true,"href":"https:\/\/www.vagadeempregorj.com.br\/es\/wp-json\/wp\/v2\/comments?post=41662"}],"version-history":[{"count":0,"href":"https:\/\/www.vagadeempregorj.com.br\/es\/wp-json\/wp\/v2\/posts\/41662\/revisions"}],"wp:featuredmedia":[{"embeddable":true,"href":"https:\/\/www.vagadeempregorj.com.br\/es\/wp-json\/wp\/v2\/media\/41675"}],"wp:attachment":[{"href":"https:\/\/www.vagadeempregorj.com.br\/es\/wp-json\/wp\/v2\/media?parent=41662"}],"wp:term":[{"taxonomy":"category","embeddable":true,"href":"https:\/\/www.vagadeempregorj.com.br\/es\/wp-json\/wp\/v2\/categories?post=41662"},{"taxonomy":"post_tag","embeddable":true,"href":"https:\/\/www.vagadeempregorj.com.br\/es\/wp-json\/wp\/v2\/tags?post=41662"}],"curies":[{"name":"wp","href":"https:\/\/api.w.org\/{rel}","templated":true}]}}