{"id":41740,"date":"2025-01-15T06:00:00","date_gmt":"2025-01-15T09:00:00","guid":{"rendered":"https:\/\/www.vagadeempregorj.com.br\/?p=41740"},"modified":"2025-01-13T14:16:23","modified_gmt":"2025-01-13T17:16:23","slug":"tirolez-24-novas-vagas-de-emprego-pelo-pais","status":"publish","type":"post","link":"https:\/\/www.vagadeempregorj.com.br\/es\/tirolez-24-novas-vagas-de-emprego-pelo-pais\/","title":{"rendered":"Tirolez: 24 novas vagas de emprego pelo pa\u00eds"},"content":{"rendered":"<p>Quer encontrar uma oportunidade para mudar de carreira ou come\u00e7ar em uma grande empresa? A <strong>Tirolez<\/strong>, uma das maiores marcas de latic\u00ednios do Brasil, acaba de abrir vagas de emprego em v\u00e1rias regi\u00f5es do pa\u00eds. Com uma trajet\u00f3ria s\u00f3lida e comprometida com a qualidade, a empresa tamb\u00e9m valoriza quem faz parte do time. <\/p>\n\n\n\n<p>Est\u00e1 curioso para saber mais? Vamos conversar sobre as oportunidades, os cargos dispon\u00edveis e como voc\u00ea pode se candidatar.<\/p>\n\n\n\n<figure class=\"wp-block-image size-full\"><img loading=\"lazy\" decoding=\"async\" width=\"1024\" height=\"1024\" src=\"https:\/\/www.vagadeempregorj.com.br\/wp-content\/uploads\/2025\/01\/Tirolez.webp\" alt=\"Tirolez\" class=\"wp-image-41741\" srcset=\"https:\/\/www.vagadeempregorj.com.br\/wp-content\/uploads\/2025\/01\/Tirolez.webp 1024w, https:\/\/www.vagadeempregorj.com.br\/wp-content\/uploads\/2025\/01\/Tirolez-300x300.webp 300w, https:\/\/www.vagadeempregorj.com.br\/wp-content\/uploads\/2025\/01\/Tirolez-150x150.webp 150w, https:\/\/www.vagadeempregorj.com.br\/wp-content\/uploads\/2025\/01\/Tirolez-768x768.webp 768w, https:\/\/www.vagadeempregorj.com.br\/wp-content\/uploads\/2025\/01\/Tirolez-96x96.webp 96w\" sizes=\"auto, (max-width: 1024px) 100vw, 1024px\" \/><\/figure>\n\n\n\n<h2 class=\"wp-block-heading\">Quais s\u00e3o as oportunidades de carreira na Tirolez?<\/h2>\n\n\n\n<p>A Tirolez est\u00e1 com vagas abertas para diferentes \u00e1reas, abrangendo desde cargos operacionais at\u00e9 fun\u00e7\u00f5es mais estrat\u00e9gicas. Isso significa que h\u00e1 espa\u00e7o para profissionais com diversos perfis e experi\u00eancias. Abaixo, voc\u00ea confere alguns dos principais cargos dispon\u00edveis:<\/p>\n\n\n\n<h3 class=\"wp-block-heading\">1# Analista de Log\u00edstica<\/h3>\n\n\n\n<p>Se voc\u00ea gosta de planejar e resolver problemas, esse cargo pode ser o ideal. O Analista de Log\u00edstica tem como responsabilidade organizar o transporte dos produtos Tirolez, garantindo que eles cheguem ao destino final com qualidade e pontualidade.<\/p>\n\n\n\n<ul class=\"wp-block-list\">\n<li><strong>Perfil desejado:<\/strong> Organiza\u00e7\u00e3o, habilidade com sistemas de log\u00edstica e experi\u00eancia na \u00e1rea.<\/li>\n<\/ul>\n\n\n\n<h3 class=\"wp-block-heading\">2# T\u00e9cnico de Manuten\u00e7\u00e3o<\/h3>\n\n\n\n<p>Sabe aquele profissional que mant\u00e9m as m\u00e1quinas funcionando como um rel\u00f3gio? Essa \u00e9 a miss\u00e3o do T\u00e9cnico de Manuten\u00e7\u00e3o. Ele \u00e9 respons\u00e1vel por realizar manuten\u00e7\u00f5es preventivas e corretivas, garantindo que a produ\u00e7\u00e3o n\u00e3o pare.<\/p>\n\n\n\n<ul class=\"wp-block-list\">\n<li><strong>Perfil desejado:<\/strong> Forma\u00e7\u00e3o t\u00e9cnica em mec\u00e2nica ou el\u00e9trica, aten\u00e7\u00e3o aos detalhes e experi\u00eancia em ind\u00fastria.<\/li>\n<\/ul>\n\n\n\n<h3 class=\"wp-block-heading\">3# Vendedor Externo<\/h3>\n\n\n\n<p>Para quem tem habilidade de negocia\u00e7\u00e3o e gosta de estar em contato com pessoas, o cargo de Vendedor Externo \u00e9 uma excelente escolha. O profissional ser\u00e1 respons\u00e1vel por representar a marca em pontos de venda e fortalecer o relacionamento com os clientes.<\/p>\n\n\n\n<ul class=\"wp-block-list\">\n<li><strong>Perfil desejado:<\/strong> Comunica\u00e7\u00e3o clara, experi\u00eancia em vendas e disponibilidade para viagens.<\/li>\n<\/ul>\n\n\n\n<h3 class=\"wp-block-heading\">4# Assistente de Recursos Humanos<\/h3>\n\n\n\n<p>O Assistente de RH tem um papel essencial na empresa, auxiliando em processos de recrutamento, treinamento e no acompanhamento dos colaboradores.<\/p>\n\n\n\n<ul class=\"wp-block-list\">\n<li><strong>Perfil desejado:<\/strong> Forma\u00e7\u00e3o ou gradua\u00e7\u00e3o em andamento em Psicologia, Administra\u00e7\u00e3o ou \u00e1reas relacionadas.<\/li>\n<\/ul>\n\n\n\n<h3 class=\"wp-block-heading\">5# Operador de Produ\u00e7\u00e3o<\/h3>\n\n\n\n<p>Se voc\u00ea \u00e9 detalhista e gosta de ver o resultado do seu trabalho rapidamente, o cargo de Operador de Produ\u00e7\u00e3o pode ser a sua praia. Esse profissional atua diretamente na linha de produ\u00e7\u00e3o, garantindo que os produtos mantenham os padr\u00f5es de qualidade.<\/p>\n\n\n\n<ul class=\"wp-block-list\">\n<li><strong>Perfil desejado:<\/strong> Ensino m\u00e9dio completo e disposi\u00e7\u00e3o para trabalhar em equipe.<\/li>\n<\/ul>\n\n\n\n<p>Esses s\u00e3o apenas alguns exemplos das vagas dispon\u00edveis. A Tirolez tamb\u00e9m tem oportunidades em marketing, supervis\u00e3o de qualidade, motoristas e muito mais. \u00c9 s\u00f3 dar uma olhada no site de recrutamento para encontrar a vaga ideal.<\/p>\n\n\n\n<h2 class=\"wp-block-heading\">Como se candidatar?<\/h2>\n\n\n\n<p>Agora que voc\u00ea j\u00e1 sabe quais s\u00e3o as oportunidades, \u00e9 hora de entender como se inscrever. O processo \u00e9 simples, feito totalmente online, e pode ser conclu\u00eddo em poucos minutos. Siga este passo a passo:<\/p>\n\n\n\n<ul class=\"wp-block-list\">\n<li>Copie e cole o endere\u00e7o <strong>https:\/\/tirolez.gupy.io<\/strong> em seu navegador.<\/li>\n\n\n\n<li>Acesse a p\u00e1gina e procure pela vaga que mais combina com voc\u00ea.<\/li>\n\n\n\n<li>Clique na vaga para ler mais sobre as responsabilidades, requisitos e benef\u00edcios.<\/li>\n\n\n\n<li>Preencha o formul\u00e1rio com seus dados pessoais e anexe seu curr\u00edculo.<\/li>\n\n\n\n<li>Caso necess\u00e1rio, responda \u00e0s perguntas adicionais da candidatura.<\/li>\n\n\n\n<li>Pronto! Agora \u00e9 s\u00f3 aguardar as pr\u00f3ximas etapas e acompanhar as atualiza\u00e7\u00f5es pelo e-mail cadastrado.<\/li>\n<\/ul>\n\n\n\n<p>Simples, n\u00e3o \u00e9? E, se voc\u00ea n\u00e3o encontrar a vaga dos seus sonhos de primeira, vale ficar de olho. A Tirolez sempre atualiza as oportunidades no site.<\/p>\n\n\n\n<h2 class=\"wp-block-heading\">Por que trabalhar na Tirolez?<\/h2>\n\n\n\n<p>Trabalhar na Tirolez \u00e9 muito mais do que apenas garantir um sal\u00e1rio no fim do m\u00eas. A empresa tem um hist\u00f3rico de valoriza\u00e7\u00e3o dos colaboradores e investe no crescimento pessoal e profissional de cada um. Al\u00e9m disso, oferece benef\u00edcios que fazem diferen\u00e7a:<\/p>\n\n\n\n<ul class=\"wp-block-list\">\n<li><strong>Ambiente colaborativo:<\/strong> A cultura da empresa incentiva o trabalho em equipe e a troca de ideias.<\/li>\n\n\n\n<li><strong>Plano de carreira:<\/strong> Quem trabalha na Tirolez tem chances reais de crescimento dentro da organiza\u00e7\u00e3o.<\/li>\n\n\n\n<li><strong>Benef\u00edcios atraentes:<\/strong> Vale-alimenta\u00e7\u00e3o, plano de sa\u00fade e outros benef\u00edcios ajudam a criar um ambiente mais seguro e produtivo para os colaboradores.<\/li>\n<\/ul>\n\n\n\n<p>Se voc\u00ea procura um lugar para crescer e se sentir parte de algo maior, a Tirolez \u00e9 uma excelente escolha.<\/p>\n\n\n\n<p>Aproveite essa oportunidade de fazer parte de uma empresa que \u00e9 refer\u00eancia no mercado de latic\u00ednios. Acesse agora o site <strong>https:\/\/tirolez.gupy.io<\/strong>, encontre a vaga que combina com voc\u00ea e d\u00ea o pr\u00f3ximo passo na sua carreira. Boa sorte!<\/p>\n\n\n\n<p><strong>Veja tamb\u00e9m: <a href=\"https:\/\/www.vagadeempregorj.com.br\/es\/panvel-452-vagas-de-emprego-abertas-pelo-pais\/\">Panvel: 452 vagas de emprego abertas pelo pa\u00eds<\/a><\/strong><\/p>\n\n\n\n<p>15 de janeiro de 2025<\/p>","protected":false},"excerpt":{"rendered":"<p>Quer encontrar uma oportunidade para mudar de carreira ou come\u00e7ar em uma grande empresa? A Tirolez, uma das maiores marcas de latic\u00ednios do Brasil, acaba de abrir vagas de emprego em v\u00e1rias regi\u00f5es do pa\u00eds. Com uma trajet\u00f3ria s\u00f3lida e comprometida com a qualidade, a empresa tamb\u00e9m valoriza quem faz parte do time. Est\u00e1 curioso&hellip;&nbsp;<\/p>","protected":false},"author":16,"featured_media":41741,"comment_status":"closed","ping_status":"closed","sticky":false,"template":"","format":"standard","meta":{"neve_meta_sidebar":"","neve_meta_container":"","neve_meta_enable_content_width":"","neve_meta_content_width":0,"neve_meta_title_alignment":"","neve_meta_author_avatar":"","neve_post_elements_order":"","neve_meta_disable_header":"","neve_meta_disable_footer":"","neve_meta_disable_title":"","footnotes":""},"categories":[123],"tags":[830,608],"class_list":["post-41740","post","type-post","status-publish","format-standard","has-post-thumbnail","hentry","category-vagas-de-emprego-nacionais","tag-empregos","tag-oportunidades"],"yoast_head":"<!-- This site is optimized with the Yoast SEO plugin v27.5 - https:\/\/yoast.com\/product\/yoast-seo-wordpress\/ -->\n<title>Tirolez: 24 novas vagas de emprego pelo pa\u00eds -<\/title>\n<meta name=\"description\" content=\"Veja em Vagas de Emprego RJ as vagas de emprego com e sem experi\u00eancia no seu Estado e Regi\u00e3o!\" \/>\n<meta name=\"robots\" content=\"index, follow, max-snippet:-1, max-image-preview:large, max-video-preview:-1\" \/>\n<link rel=\"canonical\" href=\"https:\/\/www.vagadeempregorj.com.br\/es\/tirolez-24-novas-vagas-de-emprego-pelo-pais\/\" \/>\n<meta property=\"og:locale\" content=\"es_MX\" \/>\n<meta property=\"og:type\" content=\"article\" \/>\n<meta property=\"og:title\" content=\"Tirolez: 24 novas vagas de emprego pelo pa\u00eds -\" \/>\n<meta property=\"og:description\" content=\"Veja em Vagas de Emprego RJ as vagas de emprego com e sem experi\u00eancia no seu Estado e Regi\u00e3o!\" \/>\n<meta property=\"og:url\" content=\"https:\/\/www.vagadeempregorj.com.br\/es\/tirolez-24-novas-vagas-de-emprego-pelo-pais\/\" \/>\n<meta property=\"article:publisher\" content=\"https:\/\/www.facebook.com\/empregobrasiloficial\" \/>\n<meta property=\"article:published_time\" content=\"2025-01-15T09:00:00+00:00\" \/>\n<meta property=\"og:image\" content=\"https:\/\/www.vagadeempregorj.com.br\/wp-content\/uploads\/2025\/01\/Tirolez.webp\" \/>\n\t<meta property=\"og:image:width\" content=\"1024\" \/>\n\t<meta property=\"og:image:height\" content=\"1024\" \/>\n\t<meta property=\"og:image:type\" content=\"image\/webp\" \/>\n<meta name=\"author\" content=\"Michele\" \/>\n<meta name=\"twitter:card\" content=\"summary_large_image\" \/>\n<meta name=\"twitter:label1\" content=\"Written by\" \/>\n\t<meta name=\"twitter:data1\" content=\"Michele\" \/>\n\t<meta name=\"twitter:label2\" content=\"Est. reading time\" \/>\n\t<meta name=\"twitter:data2\" content=\"4 minutos\" \/>\n<script type=\"application\/ld+json\" class=\"yoast-schema-graph\">{\"@context\":\"https:\\\/\\\/schema.org\",\"@graph\":[{\"@type\":\"Article\",\"@id\":\"https:\\\/\\\/www.vagadeempregorj.com.br\\\/tirolez-24-novas-vagas-de-emprego-pelo-pais\\\/#article\",\"isPartOf\":{\"@id\":\"https:\\\/\\\/www.vagadeempregorj.com.br\\\/tirolez-24-novas-vagas-de-emprego-pelo-pais\\\/\"},\"author\":{\"name\":\"Michele\",\"@id\":\"https:\\\/\\\/www.vagadeempregorj.com.br\\\/#\\\/schema\\\/person\\\/3ddb19fa0539706786e502152f3aae95\"},\"headline\":\"Tirolez: 24 novas vagas de emprego pelo pa\u00eds\",\"datePublished\":\"2025-01-15T09:00:00+00:00\",\"mainEntityOfPage\":{\"@id\":\"https:\\\/\\\/www.vagadeempregorj.com.br\\\/tirolez-24-novas-vagas-de-emprego-pelo-pais\\\/\"},\"wordCount\":795,\"image\":{\"@id\":\"https:\\\/\\\/www.vagadeempregorj.com.br\\\/tirolez-24-novas-vagas-de-emprego-pelo-pais\\\/#primaryimage\"},\"thumbnailUrl\":\"https:\\\/\\\/www.vagadeempregorj.com.br\\\/wp-content\\\/uploads\\\/2025\\\/01\\\/Tirolez.webp\",\"keywords\":[\"empregos\",\"oportunidades\"],\"articleSection\":[\"Vagas de Emprego Nacionais\"],\"inLanguage\":\"es\"},{\"@type\":\"WebPage\",\"@id\":\"https:\\\/\\\/www.vagadeempregorj.com.br\\\/tirolez-24-novas-vagas-de-emprego-pelo-pais\\\/\",\"url\":\"https:\\\/\\\/www.vagadeempregorj.com.br\\\/tirolez-24-novas-vagas-de-emprego-pelo-pais\\\/\",\"name\":\"Tirolez: 24 novas vagas de emprego pelo pa\u00eds -\",\"isPartOf\":{\"@id\":\"https:\\\/\\\/www.vagadeempregorj.com.br\\\/#website\"},\"primaryImageOfPage\":{\"@id\":\"https:\\\/\\\/www.vagadeempregorj.com.br\\\/tirolez-24-novas-vagas-de-emprego-pelo-pais\\\/#primaryimage\"},\"image\":{\"@id\":\"https:\\\/\\\/www.vagadeempregorj.com.br\\\/tirolez-24-novas-vagas-de-emprego-pelo-pais\\\/#primaryimage\"},\"thumbnailUrl\":\"https:\\\/\\\/www.vagadeempregorj.com.br\\\/wp-content\\\/uploads\\\/2025\\\/01\\\/Tirolez.webp\",\"datePublished\":\"2025-01-15T09:00:00+00:00\",\"author\":{\"@id\":\"https:\\\/\\\/www.vagadeempregorj.com.br\\\/#\\\/schema\\\/person\\\/3ddb19fa0539706786e502152f3aae95\"},\"description\":\"Veja em Vagas de Emprego RJ as vagas de emprego com e sem experi\u00eancia no seu Estado e Regi\u00e3o!\",\"breadcrumb\":{\"@id\":\"https:\\\/\\\/www.vagadeempregorj.com.br\\\/tirolez-24-novas-vagas-de-emprego-pelo-pais\\\/#breadcrumb\"},\"inLanguage\":\"es\",\"potentialAction\":[{\"@type\":\"ReadAction\",\"target\":[\"https:\\\/\\\/www.vagadeempregorj.com.br\\\/tirolez-24-novas-vagas-de-emprego-pelo-pais\\\/\"]}]},{\"@type\":\"ImageObject\",\"inLanguage\":\"es\",\"@id\":\"https:\\\/\\\/www.vagadeempregorj.com.br\\\/tirolez-24-novas-vagas-de-emprego-pelo-pais\\\/#primaryimage\",\"url\":\"https:\\\/\\\/www.vagadeempregorj.com.br\\\/wp-content\\\/uploads\\\/2025\\\/01\\\/Tirolez.webp\",\"contentUrl\":\"https:\\\/\\\/www.vagadeempregorj.com.br\\\/wp-content\\\/uploads\\\/2025\\\/01\\\/Tirolez.webp\",\"width\":1024,\"height\":1024,\"caption\":\"Tirolez\"},{\"@type\":\"BreadcrumbList\",\"@id\":\"https:\\\/\\\/www.vagadeempregorj.com.br\\\/tirolez-24-novas-vagas-de-emprego-pelo-pais\\\/#breadcrumb\",\"itemListElement\":[{\"@type\":\"ListItem\",\"position\":1,\"name\":\"In\u00edcio\",\"item\":\"https:\\\/\\\/www.vagadeempregorj.com.br\\\/\"},{\"@type\":\"ListItem\",\"position\":2,\"name\":\"Vagas de Emprego Nacionais\",\"item\":\"https:\\\/\\\/www.vagadeempregorj.com.br\\\/vagas-de-emprego-nacionais\\\/\"},{\"@type\":\"ListItem\",\"position\":3,\"name\":\"Tirolez: 24 novas vagas de emprego pelo pa\u00eds\"}]},{\"@type\":\"WebSite\",\"@id\":\"https:\\\/\\\/www.vagadeempregorj.com.br\\\/#website\",\"url\":\"https:\\\/\\\/www.vagadeempregorj.com.br\\\/\",\"name\":\"\",\"description\":\"Conquiste Sonhos: Vagas, Benef\u00edcios e Economia para Transformar Vidas e Alcan\u00e7ar Melhorias Cotidianas\",\"potentialAction\":[{\"@type\":\"SearchAction\",\"target\":{\"@type\":\"EntryPoint\",\"urlTemplate\":\"https:\\\/\\\/www.vagadeempregorj.com.br\\\/?s={search_term_string}\"},\"query-input\":{\"@type\":\"PropertyValueSpecification\",\"valueRequired\":true,\"valueName\":\"search_term_string\"}}],\"inLanguage\":\"es\"},{\"@type\":\"Person\",\"@id\":\"https:\\\/\\\/www.vagadeempregorj.com.br\\\/#\\\/schema\\\/person\\\/3ddb19fa0539706786e502152f3aae95\",\"name\":\"Michele\",\"image\":{\"@type\":\"ImageObject\",\"inLanguage\":\"es\",\"@id\":\"https:\\\/\\\/secure.gravatar.com\\\/avatar\\\/6b0eb9d22841282815e2cd856a0061c45e1761cd54b22e952d98c4746939aa85?s=96&r=g\",\"url\":\"https:\\\/\\\/secure.gravatar.com\\\/avatar\\\/6b0eb9d22841282815e2cd856a0061c45e1761cd54b22e952d98c4746939aa85?s=96&r=g\",\"contentUrl\":\"https:\\\/\\\/secure.gravatar.com\\\/avatar\\\/6b0eb9d22841282815e2cd856a0061c45e1761cd54b22e952d98c4746939aa85?s=96&r=g\",\"caption\":\"Michele\"},\"description\":\"Formada em Letras - Portugu\u00eas\\\/ Ingl\u00eas, e idealizadora do site Escritora de Sucesso, busca expandir o conhecimento de todos com informa\u00e7\u00f5es relevantes sobre diversos assuntos, enquanto redatora. No Vaga de Emprego RJ, traz oportunidades e dicas sobre o mercado de trabalho.\",\"url\":\"https:\\\/\\\/www.vagadeempregorj.com.br\\\/es\\\/author\\\/michele\\\/\"}]}<\/script>\n<!-- \/ Yoast SEO plugin. -->","yoast_head_json":{"title":"Tirolez: 24 novas vagas de emprego pelo pa\u00eds -","description":"Veja em Vagas de Emprego RJ as vagas de emprego com e sem experi\u00eancia no seu Estado e Regi\u00e3o!","robots":{"index":"index","follow":"follow","max-snippet":"max-snippet:-1","max-image-preview":"max-image-preview:large","max-video-preview":"max-video-preview:-1"},"canonical":"https:\/\/www.vagadeempregorj.com.br\/es\/tirolez-24-novas-vagas-de-emprego-pelo-pais\/","og_locale":"es_MX","og_type":"article","og_title":"Tirolez: 24 novas vagas de emprego pelo pa\u00eds -","og_description":"Veja em Vagas de Emprego RJ as vagas de emprego com e sem experi\u00eancia no seu Estado e Regi\u00e3o!","og_url":"https:\/\/www.vagadeempregorj.com.br\/es\/tirolez-24-novas-vagas-de-emprego-pelo-pais\/","article_publisher":"https:\/\/www.facebook.com\/empregobrasiloficial","article_published_time":"2025-01-15T09:00:00+00:00","og_image":[{"width":1024,"height":1024,"url":"https:\/\/www.vagadeempregorj.com.br\/wp-content\/uploads\/2025\/01\/Tirolez.webp","type":"image\/webp"}],"author":"Michele","twitter_card":"summary_large_image","twitter_misc":{"Written by":"Michele","Est. reading time":"4 minutos"},"schema":{"@context":"https:\/\/schema.org","@graph":[{"@type":"Article","@id":"https:\/\/www.vagadeempregorj.com.br\/tirolez-24-novas-vagas-de-emprego-pelo-pais\/#article","isPartOf":{"@id":"https:\/\/www.vagadeempregorj.com.br\/tirolez-24-novas-vagas-de-emprego-pelo-pais\/"},"author":{"name":"Michele","@id":"https:\/\/www.vagadeempregorj.com.br\/#\/schema\/person\/3ddb19fa0539706786e502152f3aae95"},"headline":"Tirolez: 24 novas vagas de emprego pelo pa\u00eds","datePublished":"2025-01-15T09:00:00+00:00","mainEntityOfPage":{"@id":"https:\/\/www.vagadeempregorj.com.br\/tirolez-24-novas-vagas-de-emprego-pelo-pais\/"},"wordCount":795,"image":{"@id":"https:\/\/www.vagadeempregorj.com.br\/tirolez-24-novas-vagas-de-emprego-pelo-pais\/#primaryimage"},"thumbnailUrl":"https:\/\/www.vagadeempregorj.com.br\/wp-content\/uploads\/2025\/01\/Tirolez.webp","keywords":["empregos","oportunidades"],"articleSection":["Vagas de Emprego Nacionais"],"inLanguage":"es"},{"@type":"WebPage","@id":"https:\/\/www.vagadeempregorj.com.br\/tirolez-24-novas-vagas-de-emprego-pelo-pais\/","url":"https:\/\/www.vagadeempregorj.com.br\/tirolez-24-novas-vagas-de-emprego-pelo-pais\/","name":"Tirolez: 24 novas vagas de emprego pelo pa\u00eds -","isPartOf":{"@id":"https:\/\/www.vagadeempregorj.com.br\/#website"},"primaryImageOfPage":{"@id":"https:\/\/www.vagadeempregorj.com.br\/tirolez-24-novas-vagas-de-emprego-pelo-pais\/#primaryimage"},"image":{"@id":"https:\/\/www.vagadeempregorj.com.br\/tirolez-24-novas-vagas-de-emprego-pelo-pais\/#primaryimage"},"thumbnailUrl":"https:\/\/www.vagadeempregorj.com.br\/wp-content\/uploads\/2025\/01\/Tirolez.webp","datePublished":"2025-01-15T09:00:00+00:00","author":{"@id":"https:\/\/www.vagadeempregorj.com.br\/#\/schema\/person\/3ddb19fa0539706786e502152f3aae95"},"description":"Veja em Vagas de Emprego RJ as vagas de emprego com e sem experi\u00eancia no seu Estado e Regi\u00e3o!","breadcrumb":{"@id":"https:\/\/www.vagadeempregorj.com.br\/tirolez-24-novas-vagas-de-emprego-pelo-pais\/#breadcrumb"},"inLanguage":"es","potentialAction":[{"@type":"ReadAction","target":["https:\/\/www.vagadeempregorj.com.br\/tirolez-24-novas-vagas-de-emprego-pelo-pais\/"]}]},{"@type":"ImageObject","inLanguage":"es","@id":"https:\/\/www.vagadeempregorj.com.br\/tirolez-24-novas-vagas-de-emprego-pelo-pais\/#primaryimage","url":"https:\/\/www.vagadeempregorj.com.br\/wp-content\/uploads\/2025\/01\/Tirolez.webp","contentUrl":"https:\/\/www.vagadeempregorj.com.br\/wp-content\/uploads\/2025\/01\/Tirolez.webp","width":1024,"height":1024,"caption":"Tirolez"},{"@type":"BreadcrumbList","@id":"https:\/\/www.vagadeempregorj.com.br\/tirolez-24-novas-vagas-de-emprego-pelo-pais\/#breadcrumb","itemListElement":[{"@type":"ListItem","position":1,"name":"In\u00edcio","item":"https:\/\/www.vagadeempregorj.com.br\/"},{"@type":"ListItem","position":2,"name":"Vagas de Emprego Nacionais","item":"https:\/\/www.vagadeempregorj.com.br\/vagas-de-emprego-nacionais\/"},{"@type":"ListItem","position":3,"name":"Tirolez: 24 novas vagas de emprego pelo pa\u00eds"}]},{"@type":"WebSite","@id":"https:\/\/www.vagadeempregorj.com.br\/#website","url":"https:\/\/www.vagadeempregorj.com.br\/","name":"","description":"Conquiste Sonhos: Vagas, Benef\u00edcios e Economia para Transformar Vidas e Alcan\u00e7ar Melhorias Cotidianas","potentialAction":[{"@type":"SearchAction","target":{"@type":"EntryPoint","urlTemplate":"https:\/\/www.vagadeempregorj.com.br\/?s={search_term_string}"},"query-input":{"@type":"PropertyValueSpecification","valueRequired":true,"valueName":"search_term_string"}}],"inLanguage":"es"},{"@type":"Person","@id":"https:\/\/www.vagadeempregorj.com.br\/#\/schema\/person\/3ddb19fa0539706786e502152f3aae95","name":"Michele","image":{"@type":"ImageObject","inLanguage":"es","@id":"https:\/\/secure.gravatar.com\/avatar\/6b0eb9d22841282815e2cd856a0061c45e1761cd54b22e952d98c4746939aa85?s=96&r=g","url":"https:\/\/secure.gravatar.com\/avatar\/6b0eb9d22841282815e2cd856a0061c45e1761cd54b22e952d98c4746939aa85?s=96&r=g","contentUrl":"https:\/\/secure.gravatar.com\/avatar\/6b0eb9d22841282815e2cd856a0061c45e1761cd54b22e952d98c4746939aa85?s=96&r=g","caption":"Michele"},"description":"Formada em Letras - Portugu\u00eas\/ Ingl\u00eas, e idealizadora do site Escritora de Sucesso, busca expandir o conhecimento de todos com informa\u00e7\u00f5es relevantes sobre diversos assuntos, enquanto redatora. No Vaga de Emprego RJ, traz oportunidades e dicas sobre o mercado de trabalho.","url":"https:\/\/www.vagadeempregorj.com.br\/es\/author\/michele\/"}]}},"_links":{"self":[{"href":"https:\/\/www.vagadeempregorj.com.br\/es\/wp-json\/wp\/v2\/posts\/41740","targetHints":{"allow":["GET"]}}],"collection":[{"href":"https:\/\/www.vagadeempregorj.com.br\/es\/wp-json\/wp\/v2\/posts"}],"about":[{"href":"https:\/\/www.vagadeempregorj.com.br\/es\/wp-json\/wp\/v2\/types\/post"}],"author":[{"embeddable":true,"href":"https:\/\/www.vagadeempregorj.com.br\/es\/wp-json\/wp\/v2\/users\/16"}],"replies":[{"embeddable":true,"href":"https:\/\/www.vagadeempregorj.com.br\/es\/wp-json\/wp\/v2\/comments?post=41740"}],"version-history":[{"count":0,"href":"https:\/\/www.vagadeempregorj.com.br\/es\/wp-json\/wp\/v2\/posts\/41740\/revisions"}],"wp:featuredmedia":[{"embeddable":true,"href":"https:\/\/www.vagadeempregorj.com.br\/es\/wp-json\/wp\/v2\/media\/41741"}],"wp:attachment":[{"href":"https:\/\/www.vagadeempregorj.com.br\/es\/wp-json\/wp\/v2\/media?parent=41740"}],"wp:term":[{"taxonomy":"category","embeddable":true,"href":"https:\/\/www.vagadeempregorj.com.br\/es\/wp-json\/wp\/v2\/categories?post=41740"},{"taxonomy":"post_tag","embeddable":true,"href":"https:\/\/www.vagadeempregorj.com.br\/es\/wp-json\/wp\/v2\/tags?post=41740"}],"curies":[{"name":"wp","href":"https:\/\/api.w.org\/{rel}","templated":true}]}}