{"id":41769,"date":"2025-01-14T11:25:42","date_gmt":"2025-01-14T14:25:42","guid":{"rendered":"https:\/\/www.vagadeempregorj.com.br\/?p=41769"},"modified":"2025-01-14T11:25:44","modified_gmt":"2025-01-14T14:25:44","slug":"reintegracion-al-mercado-laboral-para-mayores-de-50-anos-en-parana","status":"publish","type":"post","link":"https:\/\/www.vagadeempregorj.com.br\/es\/reinsercao-50-mais-mercado-trabalho-parana\/","title":{"rendered":"Reinserci\u00f3n de las personas mayores de 50 a\u00f1os al mercado laboral: consejos y oportunidades."},"content":{"rendered":"<h2 class=\"wp-block-heading\">Avances en la reintegraci\u00f3n de la poblaci\u00f3n mayor de 50 a\u00f1os<\/h2>\n\n\n\n<p class=\"has-medium-font-size wp-block-paragraph\">La reinserci\u00f3n laboral de las personas mayores de 50 a\u00f1os ha cobrado impulso en Paran\u00e1, donde las iniciativas promovidas por la Secretar\u00eda de Estado de Trabajo, Calificaci\u00f3n e Ingresos (SETR) est\u00e1n contribuyendo a transformar vidas. Entre 2023 y 2024, el n\u00famero de vacantes gestionadas por la Red Sine para este grupo demogr\u00e1fico aument\u00f3 en 381 TP3T, pasando de 8,994 a 12,440 puestos. En dos a\u00f1os, se realizaron m\u00e1s de 21,000 colocaciones, lo que evidencia el impacto positivo de las pol\u00edticas p\u00fablicas dirigidas a este colectivo.<\/p>\n\n\n\n<p class=\"has-medium-font-size wp-block-paragraph\">La feria de empleo celebrada en 2024 en la Agencia de Empleo de Curitiba ejemplifica estos avances. El evento result\u00f3 en la colocaci\u00f3n laboral formal de aproximadamente 500 personas mayores de 50 a\u00f1os. &quot;El objetivo es promover la inclusi\u00f3n y reducir las barreras que enfrenta este grupo de edad en el mercado laboral&quot;, afirma un portavoz de SETR.<\/p>\n\n\n\n<h2 class=\"wp-block-heading\">Requisitos para optar a las vacantes<\/h2>\n\n\n\n<p class=\"has-medium-font-size wp-block-paragraph\">Para 2025, SETR planea intensificar su oferta de capacitaci\u00f3n mediante programas como Bora Paran\u00e1, Qualifica Paran\u00e1 y Carretas do Conhecimento. Estos proyectos ofrecen cursos gratuitos o a precios accesibles, orientados a las demandas actuales del mercado, como tecnolog\u00eda y servicios. El objetivo es crear igualdad de oportunidades entre las generaciones mayores y las m\u00e1s j\u00f3venes, quienes generalmente tienen mayor acceso a una educaci\u00f3n actualizada.<\/p>\n\n\n\n<p class=\"has-medium-font-size wp-block-paragraph\">\u201cEstas iniciativas son fundamentales porque muchos profesionales experimentados necesitan adquirir nuevas habilidades para satisfacer las demandas de las empresas. Nuestro objetivo es generar igualdad de oportunidades\u201d, explica Ilsis Cristine da Silva, supervisora del Centro de Integraci\u00f3n de Escuelas de Negocios de Paran\u00e1 (CIEE\/PR).<\/p>\n\n\n\n<h2 class=\"wp-block-heading\">Historias de \u00e9xito<\/h2>\n\n\n\n<p class=\"has-medium-font-size wp-block-paragraph\">Un ejemplo inspirador es el de M\u00e1rcia Espinosa, de 62 a\u00f1os. Maestra de profesi\u00f3n con experiencia en el sistema educativo municipal, tuvo dificultades para reinsertarse al mercado laboral tras regresar de Estados Unidos. En 2020, animada por su hija, M\u00e1rcia retom\u00f3 sus estudios y se matricul\u00f3 en un curso de pedagog\u00eda. Durante el curso, realiz\u00f3 pr\u00e1cticas en diversas \u00e1reas de la educaci\u00f3n, adquiriendo una valiosa experiencia. \u201cFue un reinicio desafiante, pero muy gratificante. Hoy me siento preparada para nuevas oportunidades\u201d, afirma.<\/p>\n\n\n\n<p class=\"has-medium-font-size wp-block-paragraph\">Las pr\u00e1cticas de M\u00e1rcia fueron facilitadas por CIEE\/PR, que en 2024 ofreci\u00f3 m\u00e1s de 8.700 plazas de pr\u00e1cticas para todas las edades y prev\u00e9 aumentar esa cifra en 10% en 2025. Seg\u00fan la instituci\u00f3n, el inter\u00e9s por las pr\u00e1cticas entre las personas mayores de 50 a\u00f1os ha ido en aumento, especialmente en \u00e1reas como la administraci\u00f3n y la pedagog\u00eda.<\/p>\n\n\n\n<h2 class=\"wp-block-heading\">Valoraci\u00f3n de la experiencia en el mercado<\/h2>\n\n\n\n<p class=\"has-medium-font-size wp-block-paragraph\">El mercado laboral se ha mostrado m\u00e1s receptivo a los trabajadores mayores, valorando la experiencia y el compromiso de este grupo demogr\u00e1fico. Empresas de diversos sectores han identificado ventajas competitivas al contratar profesionales mayores de 50 a\u00f1os, quienes generalmente tienen una alta motivaci\u00f3n y menores \u00edndices de rotaci\u00f3n.<\/p>\n\n\n\n<p class=\"has-medium-font-size wp-block-paragraph\">\u201cDurante la pandemia, observamos un cambio significativo en el perfil de contrataci\u00f3n. Mientras que muchos j\u00f3venes optaron por el teletrabajo, las empresas buscaron profesionales mayores por su fiabilidad y disposici\u00f3n a trabajar presencialmente\u201d, explica Ilsis.<\/p>\n\n\n\n<h2 class=\"wp-block-heading\">El futuro de la reintegraci\u00f3n<\/h2>\n\n\n\n<p class=\"has-medium-font-size wp-block-paragraph\">Los datos del Registro General de Trabajadores Empleados y Desempleados (CAGE) muestran una reducci\u00f3n significativa del d\u00e9ficit de empleo para las personas mayores de 50 a\u00f1os en Paran\u00e1. Entre enero y septiembre de 2023, el saldo negativo fue de 6.175 empleos. En el mismo per\u00edodo de 2024, la cifra se redujo a 1.420. Si bien persisten desaf\u00edos, los resultados apuntan a un panorama prometedor.<\/p>\n\n\n\n<h2 class=\"wp-block-heading\">Conclusi\u00f3n<\/h2>\n\n\n\n<p class=\"has-medium-font-size wp-block-paragraph\">La reinserci\u00f3n laboral de las personas mayores de 50 a\u00f1os no solo es una cuesti\u00f3n de inclusi\u00f3n social, sino tambi\u00e9n una gran oportunidad para aprovechar el potencial de los profesionales con experiencia. En Paran\u00e1, por ejemplo, iniciativas como ferias de empleo, cursos de capacitaci\u00f3n y programas de pr\u00e1cticas no solo est\u00e1n cambiando vidas, sino que tambi\u00e9n impulsan transformaciones significativas. Adem\u00e1s, con la continuidad de estas acciones, se espera una mayor inclusi\u00f3n y valoraci\u00f3n de la experiencia en el mercado laboral.<\/p>\n\n\n\n<hr class=\"wp-block-separator has-alpha-channel-opacity\"\/>\n\n\n\n<p class=\"has-medium-font-size wp-block-paragraph\"><a href=\"https:\/\/www.vagadeempregorj.com.br\/es\/ofertas-de-empleo-a-nivel-nacional\/\">Para obtener m\u00e1s informaci\u00f3n sobre las opciones de cualificaci\u00f3n profesional en el estado, lea nuestro art\u00edculo completo sobre el tema. <strong>Qualifica Paran\u00e1<\/strong>.<\/a><\/p>","protected":false},"excerpt":{"rendered":"<p>Avan\u00e7os na Reinser\u00e7\u00e3o do P\u00fablico 50+ A reinser\u00e7\u00e3o de pessoas com mais de 50 anos no mercado de trabalho tem ganhado for\u00e7a no Paran\u00e1, onde iniciativas promovidas pela Secretaria de Estado do Trabalho, Qualifica\u00e7\u00e3o e Renda (SETR) est\u00e3o ajudando a transformar vidas. Entre 2023 e 2024, o n\u00famero de vagas intermediadas pela Rede Sine para&hellip;&nbsp;<\/p>","protected":false},"author":1,"featured_media":41777,"comment_status":"closed","ping_status":"closed","sticky":false,"template":"","format":"standard","meta":{"neve_meta_sidebar":"","neve_meta_container":"","neve_meta_enable_content_width":"","neve_meta_content_width":0,"neve_meta_title_alignment":"","neve_meta_author_avatar":"","neve_post_elements_order":"","neve_meta_disable_header":"","neve_meta_disable_footer":"","neve_meta_disable_title":"","footnotes":""},"categories":[123],"tags":[891,894,883,893,892],"class_list":["post-41769","post","type-post","status-publish","format-standard","has-post-thumbnail","hentry","category-vagas-de-emprego-nacionais","tag-pessoas-50","tag-programas-de-qualificacao","tag-qualificacao-profissional","tag-reinsercao-no-mercado-de-trabalho","tag-vagas-de-emprego-parana"],"yoast_head":"<!-- This site is optimized with the Yoast SEO plugin v28.3 - https:\/\/yoast.com\/product\/yoast-seo-wordpress\/ -->\n<title>Reinser\u00e7\u00e3o 50+ no Mercado de Trabalho: Dicas e Oportunidades -<\/title>\n<meta name=\"description\" content=\"Descubra como iniciativas no Paran\u00e1 est\u00e3o promovendo a reinser\u00e7\u00e3o de pessoas 50+ no mercado de trabalho, com vagas, cursos e qualifica\u00e7\u00e3o.\" \/>\n<meta name=\"robots\" content=\"index, follow, max-snippet:-1, max-image-preview:large, max-video-preview:-1\" \/>\n<link rel=\"canonical\" href=\"https:\/\/www.vagadeempregorj.com.br\/es\/reintegracion-al-mercado-laboral-para-mayores-de-50-anos-en-parana\/\" \/>\n<meta property=\"og:locale\" content=\"es_MX\" \/>\n<meta property=\"og:type\" content=\"article\" \/>\n<meta property=\"og:title\" content=\"Reinser\u00e7\u00e3o 50+ no Mercado de Trabalho: Dicas e Oportunidades -\" \/>\n<meta property=\"og:description\" content=\"Descubra como iniciativas no Paran\u00e1 est\u00e3o promovendo a reinser\u00e7\u00e3o de pessoas 50+ no mercado de trabalho, com vagas, cursos e qualifica\u00e7\u00e3o.\" \/>\n<meta property=\"og:url\" content=\"https:\/\/www.vagadeempregorj.com.br\/es\/reintegracion-al-mercado-laboral-para-mayores-de-50-anos-en-parana\/\" \/>\n<meta property=\"article:publisher\" content=\"https:\/\/www.facebook.com\/empregobrasiloficial\" \/>\n<meta property=\"article:published_time\" content=\"2025-01-14T14:25:42+00:00\" \/>\n<meta property=\"article:modified_time\" content=\"2025-01-14T14:25:44+00:00\" \/>\n<meta property=\"og:image\" content=\"https:\/\/www.vagadeempregorj.com.br\/wp-content\/uploads\/2025\/01\/Para.webp\" \/>\n\t<meta property=\"og:image:width\" content=\"1024\" \/>\n\t<meta property=\"og:image:height\" content=\"682\" \/>\n\t<meta property=\"og:image:type\" content=\"image\/webp\" \/>\n<meta name=\"author\" content=\"Ana B.\" \/>\n<meta name=\"twitter:card\" content=\"summary_large_image\" \/>\n<meta name=\"twitter:label1\" content=\"Escrito por\" \/>\n\t<meta name=\"twitter:data1\" content=\"Ana B.\" \/>\n\t<meta name=\"twitter:label2\" content=\"Tiempo de lectura\" \/>\n\t<meta name=\"twitter:data2\" content=\"3 minutos\" \/>\n<script type=\"application\/ld+json\" class=\"yoast-schema-graph\">{\"@context\":\"https:\\\/\\\/schema.org\",\"@graph\":[{\"@type\":\"Article\",\"@id\":\"https:\\\/\\\/www.vagadeempregorj.com.br\\\/reinsercao-50-mais-mercado-trabalho-parana\\\/#article\",\"isPartOf\":{\"@id\":\"https:\\\/\\\/www.vagadeempregorj.com.br\\\/reinsercao-50-mais-mercado-trabalho-parana\\\/\"},\"author\":{\"name\":\"Ana B.\",\"@id\":\"https:\\\/\\\/www.vagadeempregorj.com.br\\\/#\\\/schema\\\/person\\\/c0c38d5d765e86c3b7c8f12fb1ae6477\"},\"headline\":\"Reinser\u00e7\u00e3o 50+ no Mercado de Trabalho: Dicas e Oportunidades\",\"datePublished\":\"2025-01-14T14:25:42+00:00\",\"dateModified\":\"2025-01-14T14:25:44+00:00\",\"mainEntityOfPage\":{\"@id\":\"https:\\\/\\\/www.vagadeempregorj.com.br\\\/reinsercao-50-mais-mercado-trabalho-parana\\\/\"},\"wordCount\":672,\"image\":{\"@id\":\"https:\\\/\\\/www.vagadeempregorj.com.br\\\/reinsercao-50-mais-mercado-trabalho-parana\\\/#primaryimage\"},\"thumbnailUrl\":\"https:\\\/\\\/www.vagadeempregorj.com.br\\\/wp-content\\\/uploads\\\/2025\\\/01\\\/Para.webp\",\"keywords\":[\"pessoas 50+\",\"programas de qualifica\u00e7\u00e3o\",\"qualifica\u00e7\u00e3o profissional\",\"reinser\u00e7\u00e3o no mercado de trabalho\",\"vagas de emprego Paran\u00e1\"],\"articleSection\":[\"Vagas de Emprego Nacionais\"],\"inLanguage\":\"es\"},{\"@type\":\"WebPage\",\"@id\":\"https:\\\/\\\/www.vagadeempregorj.com.br\\\/reinsercao-50-mais-mercado-trabalho-parana\\\/\",\"url\":\"https:\\\/\\\/www.vagadeempregorj.com.br\\\/reinsercao-50-mais-mercado-trabalho-parana\\\/\",\"name\":\"Reinser\u00e7\u00e3o 50+ no Mercado de Trabalho: Dicas e Oportunidades -\",\"isPartOf\":{\"@id\":\"https:\\\/\\\/www.vagadeempregorj.com.br\\\/#website\"},\"primaryImageOfPage\":{\"@id\":\"https:\\\/\\\/www.vagadeempregorj.com.br\\\/reinsercao-50-mais-mercado-trabalho-parana\\\/#primaryimage\"},\"image\":{\"@id\":\"https:\\\/\\\/www.vagadeempregorj.com.br\\\/reinsercao-50-mais-mercado-trabalho-parana\\\/#primaryimage\"},\"thumbnailUrl\":\"https:\\\/\\\/www.vagadeempregorj.com.br\\\/wp-content\\\/uploads\\\/2025\\\/01\\\/Para.webp\",\"datePublished\":\"2025-01-14T14:25:42+00:00\",\"dateModified\":\"2025-01-14T14:25:44+00:00\",\"author\":{\"@id\":\"https:\\\/\\\/www.vagadeempregorj.com.br\\\/#\\\/schema\\\/person\\\/c0c38d5d765e86c3b7c8f12fb1ae6477\"},\"description\":\"Descubra como iniciativas no Paran\u00e1 est\u00e3o promovendo a reinser\u00e7\u00e3o de pessoas 50+ no mercado de trabalho, com vagas, cursos e qualifica\u00e7\u00e3o.\",\"breadcrumb\":{\"@id\":\"https:\\\/\\\/www.vagadeempregorj.com.br\\\/reinsercao-50-mais-mercado-trabalho-parana\\\/#breadcrumb\"},\"inLanguage\":\"es\",\"potentialAction\":[{\"@type\":\"ReadAction\",\"target\":[\"https:\\\/\\\/www.vagadeempregorj.com.br\\\/reinsercao-50-mais-mercado-trabalho-parana\\\/\"]}]},{\"@type\":\"ImageObject\",\"inLanguage\":\"es\",\"@id\":\"https:\\\/\\\/www.vagadeempregorj.com.br\\\/reinsercao-50-mais-mercado-trabalho-parana\\\/#primaryimage\",\"url\":\"https:\\\/\\\/www.vagadeempregorj.com.br\\\/wp-content\\\/uploads\\\/2025\\\/01\\\/Para.webp\",\"contentUrl\":\"https:\\\/\\\/www.vagadeempregorj.com.br\\\/wp-content\\\/uploads\\\/2025\\\/01\\\/Para.webp\",\"width\":1024,\"height\":682,\"caption\":\"Reinser\u00e7\u00e3o 50+ no mercado\"},{\"@type\":\"BreadcrumbList\",\"@id\":\"https:\\\/\\\/www.vagadeempregorj.com.br\\\/reinsercao-50-mais-mercado-trabalho-parana\\\/#breadcrumb\",\"itemListElement\":[{\"@type\":\"ListItem\",\"position\":1,\"name\":\"In\u00edcio\",\"item\":\"https:\\\/\\\/www.vagadeempregorj.com.br\\\/\"},{\"@type\":\"ListItem\",\"position\":2,\"name\":\"Vagas de Emprego Nacionais\",\"item\":\"https:\\\/\\\/www.vagadeempregorj.com.br\\\/vagas-de-emprego-nacionais\\\/\"},{\"@type\":\"ListItem\",\"position\":3,\"name\":\"Reinser\u00e7\u00e3o 50+ no Mercado de Trabalho: Dicas e Oportunidades\"}]},{\"@type\":\"WebSite\",\"@id\":\"https:\\\/\\\/www.vagadeempregorj.com.br\\\/#website\",\"url\":\"https:\\\/\\\/www.vagadeempregorj.com.br\\\/\",\"name\":\"\",\"description\":\"Conquiste Sonhos: Vagas, Benef\u00edcios e Economia para Transformar Vidas e Alcan\u00e7ar Melhorias Cotidianas\",\"potentialAction\":[{\"@type\":\"SearchAction\",\"target\":{\"@type\":\"EntryPoint\",\"urlTemplate\":\"https:\\\/\\\/www.vagadeempregorj.com.br\\\/?s={search_term_string}\"},\"query-input\":{\"@type\":\"PropertyValueSpecification\",\"valueRequired\":true,\"valueName\":\"search_term_string\"}}],\"inLanguage\":\"es\"},{\"@type\":\"Person\",\"@id\":\"https:\\\/\\\/www.vagadeempregorj.com.br\\\/#\\\/schema\\\/person\\\/c0c38d5d765e86c3b7c8f12fb1ae6477\",\"name\":\"Ana B.\",\"image\":{\"@type\":\"ImageObject\",\"inLanguage\":\"es\",\"@id\":\"https:\\\/\\\/secure.gravatar.com\\\/avatar\\\/f5efa58599e07f8dd92f26c7cfbc442fd115582bc681245452e503c2ef2334f3?s=96&r=g\",\"url\":\"https:\\\/\\\/secure.gravatar.com\\\/avatar\\\/f5efa58599e07f8dd92f26c7cfbc442fd115582bc681245452e503c2ef2334f3?s=96&r=g\",\"contentUrl\":\"https:\\\/\\\/secure.gravatar.com\\\/avatar\\\/f5efa58599e07f8dd92f26c7cfbc442fd115582bc681245452e503c2ef2334f3?s=96&r=g\",\"caption\":\"Ana B.\"},\"description\":\"Meu nome \u00e9 Ana e sou apaixonada por escrita, comunica\u00e7\u00e3o e informa\u00e7\u00e3o digital. Dedico meu tempo \u00e0 produ\u00e7\u00e3o de conte\u00fados di\u00e1rios para o portal Vaga de Emprego RJ, criando not\u00edcias, artigos e publica\u00e7\u00f5es sobre oportunidades de emprego, tecnologia, mercado de trabalho, tend\u00eancias globais e assuntos relevantes do mundo atual. Tenho como objetivo levar informa\u00e7\u00f5es claras, \u00fateis e atualizadas para os leitores, ajudando pessoas a se manterem informadas sobre carreira, inova\u00e7\u00e3o, economia digital e acontecimentos que impactam o dia a dia no Brasil e no mundo. Todos os conte\u00fados publicados s\u00e3o desenvolvidos com responsabilidade, pesquisa e compromisso com a qualidade da informa\u00e7\u00e3o, sempre buscando oferecer uma experi\u00eancia confi\u00e1vel e relevante para o p\u00fablico.\",\"url\":\"https:\\\/\\\/www.vagadeempregorj.com.br\\\/es\\\/author\\\/vgrj\\\/\"}]}<\/script>\n<!-- \/ Yoast SEO plugin. -->","yoast_head_json":{"title":"Reinserci\u00f3n de las personas mayores de 50 a\u00f1os al mercado laboral: consejos y oportunidades.","description":"Descubre c\u00f3mo las iniciativas en Paran\u00e1 est\u00e1n promoviendo la reinserci\u00f3n de las personas mayores de 50 a\u00f1os al mercado laboral, con ofertas de empleo, cursos y capacitaci\u00f3n.","robots":{"index":"index","follow":"follow","max-snippet":"max-snippet:-1","max-image-preview":"max-image-preview:large","max-video-preview":"max-video-preview:-1"},"canonical":"https:\/\/www.vagadeempregorj.com.br\/es\/reintegracion-al-mercado-laboral-para-mayores-de-50-anos-en-parana\/","og_locale":"es_MX","og_type":"article","og_title":"Reinser\u00e7\u00e3o 50+ no Mercado de Trabalho: Dicas e Oportunidades -","og_description":"Descubra como iniciativas no Paran\u00e1 est\u00e3o promovendo a reinser\u00e7\u00e3o de pessoas 50+ no mercado de trabalho, com vagas, cursos e qualifica\u00e7\u00e3o.","og_url":"https:\/\/www.vagadeempregorj.com.br\/es\/reintegracion-al-mercado-laboral-para-mayores-de-50-anos-en-parana\/","article_publisher":"https:\/\/www.facebook.com\/empregobrasiloficial","article_published_time":"2025-01-14T14:25:42+00:00","article_modified_time":"2025-01-14T14:25:44+00:00","og_image":[{"width":1024,"height":682,"url":"https:\/\/www.vagadeempregorj.com.br\/wp-content\/uploads\/2025\/01\/Para.webp","type":"image\/webp"}],"author":"Ana B.","twitter_card":"summary_large_image","twitter_misc":{"Escrito por":"Ana B.","Tiempo de lectura":"3 minutos"},"schema":{"@context":"https:\/\/schema.org","@graph":[{"@type":"Article","@id":"https:\/\/www.vagadeempregorj.com.br\/reinsercao-50-mais-mercado-trabalho-parana\/#article","isPartOf":{"@id":"https:\/\/www.vagadeempregorj.com.br\/reinsercao-50-mais-mercado-trabalho-parana\/"},"author":{"name":"Ana B.","@id":"https:\/\/www.vagadeempregorj.com.br\/#\/schema\/person\/c0c38d5d765e86c3b7c8f12fb1ae6477"},"headline":"Reinser\u00e7\u00e3o 50+ no Mercado de Trabalho: Dicas e Oportunidades","datePublished":"2025-01-14T14:25:42+00:00","dateModified":"2025-01-14T14:25:44+00:00","mainEntityOfPage":{"@id":"https:\/\/www.vagadeempregorj.com.br\/reinsercao-50-mais-mercado-trabalho-parana\/"},"wordCount":672,"image":{"@id":"https:\/\/www.vagadeempregorj.com.br\/reinsercao-50-mais-mercado-trabalho-parana\/#primaryimage"},"thumbnailUrl":"https:\/\/www.vagadeempregorj.com.br\/wp-content\/uploads\/2025\/01\/Para.webp","keywords":["pessoas 50+","programas de qualifica\u00e7\u00e3o","qualifica\u00e7\u00e3o profissional","reinser\u00e7\u00e3o no mercado de trabalho","vagas de emprego Paran\u00e1"],"articleSection":["Vagas de Emprego Nacionais"],"inLanguage":"es"},{"@type":"WebPage","@id":"https:\/\/www.vagadeempregorj.com.br\/reinsercao-50-mais-mercado-trabalho-parana\/","url":"https:\/\/www.vagadeempregorj.com.br\/reinsercao-50-mais-mercado-trabalho-parana\/","name":"Reinserci\u00f3n de las personas mayores de 50 a\u00f1os al mercado laboral: consejos y oportunidades.","isPartOf":{"@id":"https:\/\/www.vagadeempregorj.com.br\/#website"},"primaryImageOfPage":{"@id":"https:\/\/www.vagadeempregorj.com.br\/reinsercao-50-mais-mercado-trabalho-parana\/#primaryimage"},"image":{"@id":"https:\/\/www.vagadeempregorj.com.br\/reinsercao-50-mais-mercado-trabalho-parana\/#primaryimage"},"thumbnailUrl":"https:\/\/www.vagadeempregorj.com.br\/wp-content\/uploads\/2025\/01\/Para.webp","datePublished":"2025-01-14T14:25:42+00:00","dateModified":"2025-01-14T14:25:44+00:00","author":{"@id":"https:\/\/www.vagadeempregorj.com.br\/#\/schema\/person\/c0c38d5d765e86c3b7c8f12fb1ae6477"},"description":"Descubre c\u00f3mo las iniciativas en Paran\u00e1 est\u00e1n promoviendo la reinserci\u00f3n de las personas mayores de 50 a\u00f1os al mercado laboral, con ofertas de empleo, cursos y capacitaci\u00f3n.","breadcrumb":{"@id":"https:\/\/www.vagadeempregorj.com.br\/reinsercao-50-mais-mercado-trabalho-parana\/#breadcrumb"},"inLanguage":"es","potentialAction":[{"@type":"ReadAction","target":["https:\/\/www.vagadeempregorj.com.br\/reinsercao-50-mais-mercado-trabalho-parana\/"]}]},{"@type":"ImageObject","inLanguage":"es","@id":"https:\/\/www.vagadeempregorj.com.br\/reinsercao-50-mais-mercado-trabalho-parana\/#primaryimage","url":"https:\/\/www.vagadeempregorj.com.br\/wp-content\/uploads\/2025\/01\/Para.webp","contentUrl":"https:\/\/www.vagadeempregorj.com.br\/wp-content\/uploads\/2025\/01\/Para.webp","width":1024,"height":682,"caption":"Reinser\u00e7\u00e3o 50+ no mercado"},{"@type":"BreadcrumbList","@id":"https:\/\/www.vagadeempregorj.com.br\/reinsercao-50-mais-mercado-trabalho-parana\/#breadcrumb","itemListElement":[{"@type":"ListItem","position":1,"name":"In\u00edcio","item":"https:\/\/www.vagadeempregorj.com.br\/"},{"@type":"ListItem","position":2,"name":"Vagas de Emprego Nacionais","item":"https:\/\/www.vagadeempregorj.com.br\/vagas-de-emprego-nacionais\/"},{"@type":"ListItem","position":3,"name":"Reinser\u00e7\u00e3o 50+ no Mercado de Trabalho: Dicas e Oportunidades"}]},{"@type":"WebSite","@id":"https:\/\/www.vagadeempregorj.com.br\/#website","url":"https:\/\/www.vagadeempregorj.com.br\/","name":"","description":"Haz realidad tus sue\u00f1os: Ofertas de empleo, beneficios y ahorros para transformar vidas y lograr mejoras cotidianas.","potentialAction":[{"@type":"SearchAction","target":{"@type":"EntryPoint","urlTemplate":"https:\/\/www.vagadeempregorj.com.br\/?s={search_term_string}"},"query-input":{"@type":"PropertyValueSpecification","valueRequired":true,"valueName":"search_term_string"}}],"inLanguage":"es"},{"@type":"Person","@id":"https:\/\/www.vagadeempregorj.com.br\/#\/schema\/person\/c0c38d5d765e86c3b7c8f12fb1ae6477","name":"Ana B.","image":{"@type":"ImageObject","inLanguage":"es","@id":"https:\/\/secure.gravatar.com\/avatar\/f5efa58599e07f8dd92f26c7cfbc442fd115582bc681245452e503c2ef2334f3?s=96&r=g","url":"https:\/\/secure.gravatar.com\/avatar\/f5efa58599e07f8dd92f26c7cfbc442fd115582bc681245452e503c2ef2334f3?s=96&r=g","contentUrl":"https:\/\/secure.gravatar.com\/avatar\/f5efa58599e07f8dd92f26c7cfbc442fd115582bc681245452e503c2ef2334f3?s=96&r=g","caption":"Ana B."},"description":"Me llamo Ana y me apasiona la escritura, la comunicaci\u00f3n y la informaci\u00f3n digital. Dedico mi tiempo a producir contenido diario para el portal Vaga de Emprego RJ, creando noticias, art\u00edculos y publicaciones sobre oportunidades laborales, tecnolog\u00eda, el mercado laboral, tendencias globales y temas de actualidad relevantes. Mi objetivo es brindar informaci\u00f3n clara, \u00fatil y actualizada a los lectores, ayud\u00e1ndolos a mantenerse informados sobre carreras profesionales, innovaci\u00f3n, la econom\u00eda digital y eventos que impactan la vida diaria en Brasil y en todo el mundo. Todo el contenido publicado se desarrolla de manera responsable, con investigaci\u00f3n y un compromiso con la calidad de la informaci\u00f3n, esforz\u00e1ndome siempre por ofrecer una experiencia confiable y relevante para la audiencia.","url":"https:\/\/www.vagadeempregorj.com.br\/es\/author\/vgrj\/"}]}},"_links":{"self":[{"href":"https:\/\/www.vagadeempregorj.com.br\/es\/wp-json\/wp\/v2\/posts\/41769","targetHints":{"allow":["GET"]}}],"collection":[{"href":"https:\/\/www.vagadeempregorj.com.br\/es\/wp-json\/wp\/v2\/posts"}],"about":[{"href":"https:\/\/www.vagadeempregorj.com.br\/es\/wp-json\/wp\/v2\/types\/post"}],"author":[{"embeddable":true,"href":"https:\/\/www.vagadeempregorj.com.br\/es\/wp-json\/wp\/v2\/users\/1"}],"replies":[{"embeddable":true,"href":"https:\/\/www.vagadeempregorj.com.br\/es\/wp-json\/wp\/v2\/comments?post=41769"}],"version-history":[{"count":0,"href":"https:\/\/www.vagadeempregorj.com.br\/es\/wp-json\/wp\/v2\/posts\/41769\/revisions"}],"wp:featuredmedia":[{"embeddable":true,"href":"https:\/\/www.vagadeempregorj.com.br\/es\/wp-json\/wp\/v2\/media\/41777"}],"wp:attachment":[{"href":"https:\/\/www.vagadeempregorj.com.br\/es\/wp-json\/wp\/v2\/media?parent=41769"}],"wp:term":[{"taxonomy":"category","embeddable":true,"href":"https:\/\/www.vagadeempregorj.com.br\/es\/wp-json\/wp\/v2\/categories?post=41769"},{"taxonomy":"post_tag","embeddable":true,"href":"https:\/\/www.vagadeempregorj.com.br\/es\/wp-json\/wp\/v2\/tags?post=41769"}],"curies":[{"name":"wp","href":"https:\/\/api.w.org\/{rel}","templated":true}]}}