{"id":41825,"date":"2025-01-15T09:04:45","date_gmt":"2025-01-15T12:04:45","guid":{"rendered":"https:\/\/www.vagadeempregorj.com.br\/?p=41825"},"modified":"2025-06-15T14:46:42","modified_gmt":"2025-06-15T17:46:42","slug":"movimento-ia-brasil-startse-alfabetiza-1-milhao","status":"publish","type":"post","link":"https:\/\/www.vagadeempregorj.com.br\/es\/movimento-ia-brasil-startse-alfabetiza-1-milhao\/","title":{"rendered":"Movimento IA Brasil capacita 1 milh\u00e3o em IA gratuita"},"content":{"rendered":"<p class=\"has-medium-font-size\">A StartSe, uma startup brasileira de educa\u00e7\u00e3o, lan\u00e7ou em novembro do ano passado o Movimento IA Brasil, uma iniciativa pioneira que busca capacitar 1 milh\u00e3o de brasileiros em intelig\u00eancia artificial (IA). Com cursos gratuitos e apoio de grandes empresas como a IBM, o programa tem como objetivo democratizar o acesso \u00e0 tecnologia que promete transformar o futuro do trabalho e da sociedade.<\/p>\n\n\n\n<h2 class=\"wp-block-heading\"><strong>A Import\u00e2ncia do Movimento IA Brasil<\/strong> <\/h2>\n\n\n\n<p class=\"has-medium-font-size\">A IA representa a maior revolu\u00e7\u00e3o tecnol\u00f3gica desde a Revolu\u00e7\u00e3o Industrial. Segundo Junior Borneli, fundador da StartSe, \u00e9 essencial que o Brasil invista na alfabetiza\u00e7\u00e3o digital, a fim de evitar atrasos no cen\u00e1rio global. Nesse contexto, o Movimento IA Brasil surge como uma resposta \u00e0 necessidade urgente de qualifica\u00e7\u00e3o em larga escala, com o objetivo de garantir competitividade e soberania nacional.<\/p>\n\n\n\n<h2 class=\"wp-block-heading\"><strong>Estrutura e Objetivos do Curso \u201cIA para Todos\u201d<\/strong><\/h2>\n\n\n\n<p class=\"has-medium-font-size\">O principal curso do Movimento, intitulado \u201cIA para Todos\u201d, \u00e9 dividido em quatro m\u00f3dulos:<\/p>\n\n\n\n<ol start=\"1\" class=\"wp-block-list\">\n<li class=\"has-medium-font-size\"><strong>Introdu\u00e7\u00e3o \u00e0 IA<\/strong>: Explora os conceitos b\u00e1sicos, definindo intelig\u00eancia artificial e apresentando suas principais aplica\u00e7\u00f5es.<\/li>\n\n\n\n<li class=\"has-medium-font-size\"><strong>Ferramentas de IA<\/strong>: Apresenta as tecnologias mais utilizadas no mercado, como chatbots, an\u00e1lise preditiva e assistentes virtuais.<\/li>\n\n\n\n<li class=\"has-medium-font-size\"><strong>Impactos sociais<\/strong>: Discute \u00e9tica, vieses discriminat\u00f3rios, transforma\u00e7\u00f5es no mercado de trabalho e o papel da IA em solu\u00e7\u00f5es para desigualdades sociais.<\/li>\n\n\n\n<li class=\"has-medium-font-size\"><strong>Casos de uso<\/strong>: Foca em aplica\u00e7\u00f5es espec\u00edficas para ind\u00fastrias como sa\u00fade, agroneg\u00f3cio, educa\u00e7\u00e3o e servi\u00e7os financeiros.<\/li>\n<\/ol>\n\n\n\n<p class=\"has-medium-font-size\">Os alunos t\u00eam acesso a aulas gravadas, materiais de apoio e atividades pr\u00e1ticas que, dessa forma, simulam cen\u00e1rios reais. Com mais de 12 mil alunos inscritos em apenas dois meses, o Movimento, portanto, planeja expandir sua base por meio de parcerias com empresas privadas.<\/p>\n\n\n\n<h2 class=\"wp-block-heading\"><strong>Regulamenta\u00e7\u00e3o e Investimentos em IA no Brasil<\/strong> <\/h2>\n\n\n\n<p class=\"has-medium-font-size\">A relev\u00e2ncia da IA tamb\u00e9m foi reconhecida pelo governo brasileiro por meio do Plano Brasileiro de Intelig\u00eancia Artificial (PBIA). Esse plano, al\u00e9m de incluir um investimento de US$ 23 bilh\u00f5es para financiar projetos inovadores, contempla, por exemplo, a cria\u00e7\u00e3o de um supercomputador capaz de realizar 5,1 quatrilh\u00f5es de opera\u00e7\u00f5es por segundo. Adicionalmente, iniciativas como um chatbot treinado em portugu\u00eas e um sistema de dados em nuvem s\u00e3o, igualmente, parte dos objetivos do plano.<\/p>\n\n\n\n<p class=\"has-medium-font-size\">Enquanto isso, a regulamenta\u00e7\u00e3o da IA est\u00e1 em debate no Congresso Nacional. O Projeto de Lei 2.338\/2023, que estabelece diretrizes para o uso da tecnologia, reflete o compromisso do pa\u00eds com a implementa\u00e7\u00e3o respons\u00e1vel de solu\u00e7\u00f5es de IA.<\/p>\n\n\n\n<h2 class=\"wp-block-heading\"><strong>Parcerias Estrat\u00e9gicas e Apoio Institucional<\/strong> <\/h2>\n\n\n\n<p class=\"has-medium-font-size\">A IBM foi a primeira empresa a oferecer apoio institucional ao Movimento IA Brasil. A colabora\u00e7\u00e3o inclui n\u00e3o apenas suporte financeiro, mas tamb\u00e9m acesso a ferramentas tecnol\u00f3gicas e expertises que potencializam a forma\u00e7\u00e3o dos alunos. Esse modelo de parceria \u00e9 essencial para garantir a escalabilidade do projeto, que busca atingir sua ambiciosa meta de 1 milh\u00e3o de alunos.<\/p>\n\n\n\n<p class=\"has-medium-font-size\">Outras empresas privadas tamb\u00e9m s\u00e3o incentivadas a se unir \u00e0 iniciativa, promovendo inclus\u00e3o digital e ajudando a moldar um mercado de trabalho mais preparado para as demandas do futuro.<\/p>\n\n\n\n<h2 class=\"wp-block-heading\"><strong>Impactos para o Futuro do Trabalho<\/strong> <\/h2>\n\n\n\n<p class=\"has-medium-font-size\">Junior Borneli descreve a alfabetiza\u00e7\u00e3o em IA como uma compet\u00eancia indispens\u00e1vel para o desenvolvimento profissional. Ele, al\u00e9m disso, ressalta que o aprendizado de ferramentas de IA n\u00e3o s\u00f3 pode aumentar a produtividade, mas tamb\u00e9m melhorar a empregabilidade em diversos setores. Dessa forma, profissionais que dominam essas tecnologias tendem a se destacar no mercado, contribuindo, assim, para a inova\u00e7\u00e3o em suas \u00e1reas de atua\u00e7\u00e3o.<\/p>\n\n\n\n<h2 class=\"wp-block-heading\"><strong>Exemplos de Casos de Uso da IA<\/strong> <\/h2>\n\n\n\n<p class=\"has-medium-font-size\">Alguns exemplos pr\u00e1ticos abordados no curso incluem:<\/p>\n\n\n\n<ul class=\"wp-block-list\">\n<li class=\"has-medium-font-size\"><strong>Sa\u00fade<\/strong>: Diagn\u00f3sticos mais precisos com an\u00e1lise de imagens m\u00e9dicas.<\/li>\n\n\n\n<li class=\"has-medium-font-size\"><strong>Agroneg\u00f3cio<\/strong>: Monitoramento de lavouras com sensores e drones.<\/li>\n\n\n\n<li class=\"has-medium-font-size\"><strong>Educa\u00e7\u00e3o<\/strong>: Personaliza\u00e7\u00e3o do aprendizado com plataformas adaptativas.<\/li>\n\n\n\n<li class=\"has-medium-font-size\"><strong>Finan\u00e7as<\/strong>: Detec\u00e7\u00e3o de fraudes e an\u00e1lise de riscos.<\/li>\n<\/ul>\n\n\n\n<p class=\"has-medium-font-size\">O Movimento IA Brasil \u00e9 uma iniciativa vision\u00e1ria que, al\u00e9m de combinar educa\u00e7\u00e3o, tecnologia e inclus\u00e3o digital, visa preparar o Brasil para a era da intelig\u00eancia artificial. Com apoio institucional, o projeto busca, de forma estrat\u00e9gica, capacitar 1 milh\u00e3o de brasileiros. Consequentemente, ele se torna um marco essencial na transforma\u00e7\u00e3o digital do pa\u00eds.<\/p>\n\n\n\n<hr class=\"wp-block-separator has-alpha-channel-opacity\"\/>\n\n\n\n<p class=\"has-medium-font-size\"><a href=\"https:\/\/www.vagadeempregorj.com.br\/es\/cursos\/\">Saiba mais sobre como a alfabetiza\u00e7\u00e3o digital est\u00e1 transformando o Brasil.<\/a><\/p>\n\n\n\n<p><\/p>","protected":false},"excerpt":{"rendered":"<p>A StartSe, uma startup brasileira de educa\u00e7\u00e3o, lan\u00e7ou em novembro do ano passado o Movimento IA Brasil, uma iniciativa pioneira que busca capacitar 1 milh\u00e3o de brasileiros em intelig\u00eancia artificial (IA). Com cursos gratuitos e apoio de grandes empresas como a IBM, o programa tem como objetivo democratizar o acesso \u00e0 tecnologia que promete transformar&hellip;&nbsp;<\/p>","protected":false},"author":1,"featured_media":41826,"comment_status":"closed","ping_status":"closed","sticky":false,"template":"","format":"standard","meta":{"neve_meta_sidebar":"","neve_meta_container":"","neve_meta_enable_content_width":"","neve_meta_content_width":0,"neve_meta_title_alignment":"","neve_meta_author_avatar":"","neve_post_elements_order":"","neve_meta_disable_header":"","neve_meta_disable_footer":"","neve_meta_disable_title":"","footnotes":""},"categories":[703],"tags":[899,269,896,897,898],"class_list":["post-41825","post","type-post","status-publish","format-standard","has-post-thumbnail","hentry","category-informacao-tecnologica-e-curiosidades","tag-alfabetizacao-digital","tag-ibm","tag-inteligencia-artificial","tag-movimento-ia-brasil","tag-startse"],"yoast_head":"<!-- This site is optimized with the Yoast SEO plugin v27.5 - https:\/\/yoast.com\/product\/yoast-seo-wordpress\/ -->\n<title>Movimento IA Brasil capacita 1 milh\u00e3o em IA gratuita -<\/title>\n<meta name=\"description\" content=\"Conhe\u00e7a o Movimento IA Brasil, que capacita 1 milh\u00e3o de brasileiros em intelig\u00eancia artificial com cursos gratuitos e apoio da IBM.\" \/>\n<meta name=\"robots\" content=\"index, follow, max-snippet:-1, max-image-preview:large, max-video-preview:-1\" \/>\n<link rel=\"canonical\" href=\"https:\/\/www.vagadeempregorj.com.br\/es\/movimento-ia-brasil-startse-alfabetiza-1-milhao\/\" \/>\n<meta property=\"og:locale\" content=\"es_MX\" \/>\n<meta property=\"og:type\" content=\"article\" \/>\n<meta property=\"og:title\" content=\"Movimento IA Brasil capacita 1 milh\u00e3o em IA gratuita -\" \/>\n<meta property=\"og:description\" content=\"Conhe\u00e7a o Movimento IA Brasil, que capacita 1 milh\u00e3o de brasileiros em intelig\u00eancia artificial com cursos gratuitos e apoio da IBM.\" \/>\n<meta property=\"og:url\" content=\"https:\/\/www.vagadeempregorj.com.br\/es\/movimento-ia-brasil-startse-alfabetiza-1-milhao\/\" \/>\n<meta property=\"article:publisher\" content=\"https:\/\/www.facebook.com\/empregobrasiloficial\" \/>\n<meta property=\"article:published_time\" content=\"2025-01-15T12:04:45+00:00\" \/>\n<meta property=\"article:modified_time\" content=\"2025-06-15T17:46:42+00:00\" \/>\n<meta name=\"author\" content=\"Ana B.\" \/>\n<meta name=\"twitter:card\" content=\"summary_large_image\" \/>\n<meta name=\"twitter:label1\" content=\"Written by\" \/>\n\t<meta name=\"twitter:data1\" content=\"Ana B.\" \/>\n\t<meta name=\"twitter:label2\" content=\"Est. reading time\" \/>\n\t<meta name=\"twitter:data2\" content=\"4 minutos\" \/>\n<script type=\"application\/ld+json\" class=\"yoast-schema-graph\">{\"@context\":\"https:\\\/\\\/schema.org\",\"@graph\":[{\"@type\":\"Article\",\"@id\":\"https:\\\/\\\/www.vagadeempregorj.com.br\\\/movimento-ia-brasil-startse-alfabetiza-1-milhao\\\/#article\",\"isPartOf\":{\"@id\":\"https:\\\/\\\/www.vagadeempregorj.com.br\\\/movimento-ia-brasil-startse-alfabetiza-1-milhao\\\/\"},\"author\":{\"name\":\"Ana B.\",\"@id\":\"https:\\\/\\\/www.vagadeempregorj.com.br\\\/#\\\/schema\\\/person\\\/c0c38d5d765e86c3b7c8f12fb1ae6477\"},\"headline\":\"Movimento IA Brasil capacita 1 milh\u00e3o em IA gratuita\",\"datePublished\":\"2025-01-15T12:04:45+00:00\",\"dateModified\":\"2025-06-15T17:46:42+00:00\",\"mainEntityOfPage\":{\"@id\":\"https:\\\/\\\/www.vagadeempregorj.com.br\\\/movimento-ia-brasil-startse-alfabetiza-1-milhao\\\/\"},\"wordCount\":732,\"image\":{\"@id\":\"https:\\\/\\\/www.vagadeempregorj.com.br\\\/movimento-ia-brasil-startse-alfabetiza-1-milhao\\\/#primaryimage\"},\"thumbnailUrl\":\"https:\\\/\\\/www.vagadeempregorj.com.br\\\/wp-content\\\/uploads\\\/2025\\\/01\\\/Curso-ia.avif\",\"keywords\":[\"alfabetiza\u00e7\u00e3o digital\",\"IBM\",\"intelig\u00eancia artificial\",\"Movimento IA Brasil\",\"StartSe\"],\"articleSection\":[\"Informa\u00e7\u00e3o Tecnol\u00f3gica, Curiosidades e Cursos\"],\"inLanguage\":\"es\"},{\"@type\":\"WebPage\",\"@id\":\"https:\\\/\\\/www.vagadeempregorj.com.br\\\/movimento-ia-brasil-startse-alfabetiza-1-milhao\\\/\",\"url\":\"https:\\\/\\\/www.vagadeempregorj.com.br\\\/movimento-ia-brasil-startse-alfabetiza-1-milhao\\\/\",\"name\":\"Movimento IA Brasil capacita 1 milh\u00e3o em IA gratuita -\",\"isPartOf\":{\"@id\":\"https:\\\/\\\/www.vagadeempregorj.com.br\\\/#website\"},\"primaryImageOfPage\":{\"@id\":\"https:\\\/\\\/www.vagadeempregorj.com.br\\\/movimento-ia-brasil-startse-alfabetiza-1-milhao\\\/#primaryimage\"},\"image\":{\"@id\":\"https:\\\/\\\/www.vagadeempregorj.com.br\\\/movimento-ia-brasil-startse-alfabetiza-1-milhao\\\/#primaryimage\"},\"thumbnailUrl\":\"https:\\\/\\\/www.vagadeempregorj.com.br\\\/wp-content\\\/uploads\\\/2025\\\/01\\\/Curso-ia.avif\",\"datePublished\":\"2025-01-15T12:04:45+00:00\",\"dateModified\":\"2025-06-15T17:46:42+00:00\",\"author\":{\"@id\":\"https:\\\/\\\/www.vagadeempregorj.com.br\\\/#\\\/schema\\\/person\\\/c0c38d5d765e86c3b7c8f12fb1ae6477\"},\"description\":\"Conhe\u00e7a o Movimento IA Brasil, que capacita 1 milh\u00e3o de brasileiros em intelig\u00eancia artificial com cursos gratuitos e apoio da IBM.\",\"breadcrumb\":{\"@id\":\"https:\\\/\\\/www.vagadeempregorj.com.br\\\/movimento-ia-brasil-startse-alfabetiza-1-milhao\\\/#breadcrumb\"},\"inLanguage\":\"es\",\"potentialAction\":[{\"@type\":\"ReadAction\",\"target\":[\"https:\\\/\\\/www.vagadeempregorj.com.br\\\/movimento-ia-brasil-startse-alfabetiza-1-milhao\\\/\"]}]},{\"@type\":\"ImageObject\",\"inLanguage\":\"es\",\"@id\":\"https:\\\/\\\/www.vagadeempregorj.com.br\\\/movimento-ia-brasil-startse-alfabetiza-1-milhao\\\/#primaryimage\",\"url\":\"https:\\\/\\\/www.vagadeempregorj.com.br\\\/wp-content\\\/uploads\\\/2025\\\/01\\\/Curso-ia.avif\",\"contentUrl\":\"https:\\\/\\\/www.vagadeempregorj.com.br\\\/wp-content\\\/uploads\\\/2025\\\/01\\\/Curso-ia.avif\",\"width\":717,\"height\":475,\"caption\":\"Movimento IA Brasil\"},{\"@type\":\"BreadcrumbList\",\"@id\":\"https:\\\/\\\/www.vagadeempregorj.com.br\\\/movimento-ia-brasil-startse-alfabetiza-1-milhao\\\/#breadcrumb\",\"itemListElement\":[{\"@type\":\"ListItem\",\"position\":1,\"name\":\"In\u00edcio\",\"item\":\"https:\\\/\\\/www.vagadeempregorj.com.br\\\/\"},{\"@type\":\"ListItem\",\"position\":2,\"name\":\"Movimento IA Brasil capacita 1 milh\u00e3o em IA gratuita\"}]},{\"@type\":\"WebSite\",\"@id\":\"https:\\\/\\\/www.vagadeempregorj.com.br\\\/#website\",\"url\":\"https:\\\/\\\/www.vagadeempregorj.com.br\\\/\",\"name\":\"\",\"description\":\"Conquiste Sonhos: Vagas, Benef\u00edcios e Economia para Transformar Vidas e Alcan\u00e7ar Melhorias Cotidianas\",\"potentialAction\":[{\"@type\":\"SearchAction\",\"target\":{\"@type\":\"EntryPoint\",\"urlTemplate\":\"https:\\\/\\\/www.vagadeempregorj.com.br\\\/?s={search_term_string}\"},\"query-input\":{\"@type\":\"PropertyValueSpecification\",\"valueRequired\":true,\"valueName\":\"search_term_string\"}}],\"inLanguage\":\"es\"},{\"@type\":\"Person\",\"@id\":\"https:\\\/\\\/www.vagadeempregorj.com.br\\\/#\\\/schema\\\/person\\\/c0c38d5d765e86c3b7c8f12fb1ae6477\",\"name\":\"Ana B.\",\"image\":{\"@type\":\"ImageObject\",\"inLanguage\":\"es\",\"@id\":\"https:\\\/\\\/secure.gravatar.com\\\/avatar\\\/f5efa58599e07f8dd92f26c7cfbc442fd115582bc681245452e503c2ef2334f3?s=96&r=g\",\"url\":\"https:\\\/\\\/secure.gravatar.com\\\/avatar\\\/f5efa58599e07f8dd92f26c7cfbc442fd115582bc681245452e503c2ef2334f3?s=96&r=g\",\"contentUrl\":\"https:\\\/\\\/secure.gravatar.com\\\/avatar\\\/f5efa58599e07f8dd92f26c7cfbc442fd115582bc681245452e503c2ef2334f3?s=96&r=g\",\"caption\":\"Ana B.\"},\"description\":\"Meu nome \u00e9 Ana e sou apaixonada em escrever. Dedico meu tempo escrevendo not\u00edcias e vagas de emprego diariamente no portal Vaga de Emprego RJ.\",\"url\":\"https:\\\/\\\/www.vagadeempregorj.com.br\\\/es\\\/author\\\/vgrj\\\/\"}]}<\/script>\n<!-- \/ Yoast SEO plugin. -->","yoast_head_json":{"title":"Movimento IA Brasil capacita 1 milh\u00e3o em IA gratuita -","description":"Conhe\u00e7a o Movimento IA Brasil, que capacita 1 milh\u00e3o de brasileiros em intelig\u00eancia artificial com cursos gratuitos e apoio da IBM.","robots":{"index":"index","follow":"follow","max-snippet":"max-snippet:-1","max-image-preview":"max-image-preview:large","max-video-preview":"max-video-preview:-1"},"canonical":"https:\/\/www.vagadeempregorj.com.br\/es\/movimento-ia-brasil-startse-alfabetiza-1-milhao\/","og_locale":"es_MX","og_type":"article","og_title":"Movimento IA Brasil capacita 1 milh\u00e3o em IA gratuita -","og_description":"Conhe\u00e7a o Movimento IA Brasil, que capacita 1 milh\u00e3o de brasileiros em intelig\u00eancia artificial com cursos gratuitos e apoio da IBM.","og_url":"https:\/\/www.vagadeempregorj.com.br\/es\/movimento-ia-brasil-startse-alfabetiza-1-milhao\/","article_publisher":"https:\/\/www.facebook.com\/empregobrasiloficial","article_published_time":"2025-01-15T12:04:45+00:00","article_modified_time":"2025-06-15T17:46:42+00:00","author":"Ana B.","twitter_card":"summary_large_image","twitter_misc":{"Written by":"Ana B.","Est. reading time":"4 minutos"},"schema":{"@context":"https:\/\/schema.org","@graph":[{"@type":"Article","@id":"https:\/\/www.vagadeempregorj.com.br\/movimento-ia-brasil-startse-alfabetiza-1-milhao\/#article","isPartOf":{"@id":"https:\/\/www.vagadeempregorj.com.br\/movimento-ia-brasil-startse-alfabetiza-1-milhao\/"},"author":{"name":"Ana B.","@id":"https:\/\/www.vagadeempregorj.com.br\/#\/schema\/person\/c0c38d5d765e86c3b7c8f12fb1ae6477"},"headline":"Movimento IA Brasil capacita 1 milh\u00e3o em IA gratuita","datePublished":"2025-01-15T12:04:45+00:00","dateModified":"2025-06-15T17:46:42+00:00","mainEntityOfPage":{"@id":"https:\/\/www.vagadeempregorj.com.br\/movimento-ia-brasil-startse-alfabetiza-1-milhao\/"},"wordCount":732,"image":{"@id":"https:\/\/www.vagadeempregorj.com.br\/movimento-ia-brasil-startse-alfabetiza-1-milhao\/#primaryimage"},"thumbnailUrl":"https:\/\/www.vagadeempregorj.com.br\/wp-content\/uploads\/2025\/01\/Curso-ia.avif","keywords":["alfabetiza\u00e7\u00e3o digital","IBM","intelig\u00eancia artificial","Movimento IA Brasil","StartSe"],"articleSection":["Informa\u00e7\u00e3o Tecnol\u00f3gica, Curiosidades e Cursos"],"inLanguage":"es"},{"@type":"WebPage","@id":"https:\/\/www.vagadeempregorj.com.br\/movimento-ia-brasil-startse-alfabetiza-1-milhao\/","url":"https:\/\/www.vagadeempregorj.com.br\/movimento-ia-brasil-startse-alfabetiza-1-milhao\/","name":"Movimento IA Brasil capacita 1 milh\u00e3o em IA gratuita -","isPartOf":{"@id":"https:\/\/www.vagadeempregorj.com.br\/#website"},"primaryImageOfPage":{"@id":"https:\/\/www.vagadeempregorj.com.br\/movimento-ia-brasil-startse-alfabetiza-1-milhao\/#primaryimage"},"image":{"@id":"https:\/\/www.vagadeempregorj.com.br\/movimento-ia-brasil-startse-alfabetiza-1-milhao\/#primaryimage"},"thumbnailUrl":"https:\/\/www.vagadeempregorj.com.br\/wp-content\/uploads\/2025\/01\/Curso-ia.avif","datePublished":"2025-01-15T12:04:45+00:00","dateModified":"2025-06-15T17:46:42+00:00","author":{"@id":"https:\/\/www.vagadeempregorj.com.br\/#\/schema\/person\/c0c38d5d765e86c3b7c8f12fb1ae6477"},"description":"Conhe\u00e7a o Movimento IA Brasil, que capacita 1 milh\u00e3o de brasileiros em intelig\u00eancia artificial com cursos gratuitos e apoio da IBM.","breadcrumb":{"@id":"https:\/\/www.vagadeempregorj.com.br\/movimento-ia-brasil-startse-alfabetiza-1-milhao\/#breadcrumb"},"inLanguage":"es","potentialAction":[{"@type":"ReadAction","target":["https:\/\/www.vagadeempregorj.com.br\/movimento-ia-brasil-startse-alfabetiza-1-milhao\/"]}]},{"@type":"ImageObject","inLanguage":"es","@id":"https:\/\/www.vagadeempregorj.com.br\/movimento-ia-brasil-startse-alfabetiza-1-milhao\/#primaryimage","url":"https:\/\/www.vagadeempregorj.com.br\/wp-content\/uploads\/2025\/01\/Curso-ia.avif","contentUrl":"https:\/\/www.vagadeempregorj.com.br\/wp-content\/uploads\/2025\/01\/Curso-ia.avif","width":717,"height":475,"caption":"Movimento IA Brasil"},{"@type":"BreadcrumbList","@id":"https:\/\/www.vagadeempregorj.com.br\/movimento-ia-brasil-startse-alfabetiza-1-milhao\/#breadcrumb","itemListElement":[{"@type":"ListItem","position":1,"name":"In\u00edcio","item":"https:\/\/www.vagadeempregorj.com.br\/"},{"@type":"ListItem","position":2,"name":"Movimento IA Brasil capacita 1 milh\u00e3o em IA gratuita"}]},{"@type":"WebSite","@id":"https:\/\/www.vagadeempregorj.com.br\/#website","url":"https:\/\/www.vagadeempregorj.com.br\/","name":"","description":"Conquiste Sonhos: Vagas, Benef\u00edcios e Economia para Transformar Vidas e Alcan\u00e7ar Melhorias Cotidianas","potentialAction":[{"@type":"SearchAction","target":{"@type":"EntryPoint","urlTemplate":"https:\/\/www.vagadeempregorj.com.br\/?s={search_term_string}"},"query-input":{"@type":"PropertyValueSpecification","valueRequired":true,"valueName":"search_term_string"}}],"inLanguage":"es"},{"@type":"Person","@id":"https:\/\/www.vagadeempregorj.com.br\/#\/schema\/person\/c0c38d5d765e86c3b7c8f12fb1ae6477","name":"Ana B.","image":{"@type":"ImageObject","inLanguage":"es","@id":"https:\/\/secure.gravatar.com\/avatar\/f5efa58599e07f8dd92f26c7cfbc442fd115582bc681245452e503c2ef2334f3?s=96&r=g","url":"https:\/\/secure.gravatar.com\/avatar\/f5efa58599e07f8dd92f26c7cfbc442fd115582bc681245452e503c2ef2334f3?s=96&r=g","contentUrl":"https:\/\/secure.gravatar.com\/avatar\/f5efa58599e07f8dd92f26c7cfbc442fd115582bc681245452e503c2ef2334f3?s=96&r=g","caption":"Ana B."},"description":"Meu nome \u00e9 Ana e sou apaixonada em escrever. Dedico meu tempo escrevendo not\u00edcias e vagas de emprego diariamente no portal Vaga de Emprego RJ.","url":"https:\/\/www.vagadeempregorj.com.br\/es\/author\/vgrj\/"}]}},"_links":{"self":[{"href":"https:\/\/www.vagadeempregorj.com.br\/es\/wp-json\/wp\/v2\/posts\/41825","targetHints":{"allow":["GET"]}}],"collection":[{"href":"https:\/\/www.vagadeempregorj.com.br\/es\/wp-json\/wp\/v2\/posts"}],"about":[{"href":"https:\/\/www.vagadeempregorj.com.br\/es\/wp-json\/wp\/v2\/types\/post"}],"author":[{"embeddable":true,"href":"https:\/\/www.vagadeempregorj.com.br\/es\/wp-json\/wp\/v2\/users\/1"}],"replies":[{"embeddable":true,"href":"https:\/\/www.vagadeempregorj.com.br\/es\/wp-json\/wp\/v2\/comments?post=41825"}],"version-history":[{"count":1,"href":"https:\/\/www.vagadeempregorj.com.br\/es\/wp-json\/wp\/v2\/posts\/41825\/revisions"}],"predecessor-version":[{"id":43616,"href":"https:\/\/www.vagadeempregorj.com.br\/es\/wp-json\/wp\/v2\/posts\/41825\/revisions\/43616"}],"wp:featuredmedia":[{"embeddable":true,"href":"https:\/\/www.vagadeempregorj.com.br\/es\/wp-json\/wp\/v2\/media\/41826"}],"wp:attachment":[{"href":"https:\/\/www.vagadeempregorj.com.br\/es\/wp-json\/wp\/v2\/media?parent=41825"}],"wp:term":[{"taxonomy":"category","embeddable":true,"href":"https:\/\/www.vagadeempregorj.com.br\/es\/wp-json\/wp\/v2\/categories?post=41825"},{"taxonomy":"post_tag","embeddable":true,"href":"https:\/\/www.vagadeempregorj.com.br\/es\/wp-json\/wp\/v2\/tags?post=41825"}],"curies":[{"name":"wp","href":"https:\/\/api.w.org\/{rel}","templated":true}]}}