{"id":41960,"date":"2025-01-17T09:42:01","date_gmt":"2025-01-17T12:42:01","guid":{"rendered":"https:\/\/www.vagadeempregorj.com.br\/?p=41960"},"modified":"2025-01-17T11:32:13","modified_gmt":"2025-01-17T14:32:13","slug":"reajuste-salario-minimo-2025-impactos-beneficios","status":"publish","type":"post","link":"https:\/\/www.vagadeempregorj.com.br\/es\/reajuste-salario-minimo-2025-impactos-beneficios\/","title":{"rendered":"Reajuste do Sal\u00e1rio M\u00ednimo de 2025: Efeitos e Benef\u00edcios"},"content":{"rendered":"<p class=\"has-medium-font-size\">Em 1\u00ba de janeiro de 2025, o Brasil anunciou o reajuste do sal\u00e1rio m\u00ednimo, que passou de 1.412 reais para 1.518 reais. Esse aumento inclui a reposi\u00e7\u00e3o da infla\u00e7\u00e3o de 4,84% e um ganho real de 2,5%. A mudan\u00e7a no valor do piso salarial impacta diretamente o poder de compra dos trabalhadores, mas suas consequ\u00eancias v\u00e3o al\u00e9m. O reajuste do sal\u00e1rio m\u00ednimo de 2025 tamb\u00e9m tem efeitos significativos em uma s\u00e9rie de benef\u00edcios sociais e previdenci\u00e1rios, como aposentadorias, abonos salariais, seguro-desemprego, entre outros.<\/p>\n\n\n\n<h3 class=\"wp-block-heading\">Como o Reajuste do Sal\u00e1rio M\u00ednimo Afeta Aposentadorias e Benef\u00edcios?<\/h3>\n\n\n\n<p class=\"has-medium-font-size\">O aumento do sal\u00e1rio m\u00ednimo em 2025 impacta diretamente as aposentadorias pagas pelo Instituto Nacional do Seguro Social (INSS). Aproximadamente 28 milh\u00f5es de aposentados que recebiam o valor m\u00ednimo de suas aposentadorias agora come\u00e7am a receber 1.518 reais por m\u00eas. Aqueles que recebem benef\u00edcios acima do piso ter\u00e3o seus ajustes realizados de acordo com a infla\u00e7\u00e3o, conforme o \u00cdndice Nacional de Pre\u00e7os ao Consumidor (INPC).<\/p>\n\n\n\n<p class=\"has-medium-font-size\">Al\u00e9m das aposentadorias, o abono salarial PIS\/Pasep tamb\u00e9m sofre uma altera\u00e7\u00e3o significativa com o novo valor do sal\u00e1rio m\u00ednimo. Dessa forma, trabalhadores com uma renda de at\u00e9 dois sal\u00e1rios m\u00ednimos ter\u00e3o direito ao abono em 2025, o que pode resultar em um pagamento de at\u00e9 2.640 reais. Esse valor, portanto, \u00e9 de grande relev\u00e2ncia para milh\u00f5es de brasileiros, especialmente aqueles que dependem do abono para complementar sua renda anual.<\/p>\n\n\n\n<h3 class=\"wp-block-heading\">O Impacto do Novo Sal\u00e1rio M\u00ednimo no Seguro-desemprego e BPC<\/h3>\n\n\n\n<p class=\"has-medium-font-size\">Outro benef\u00edcio que sofre altera\u00e7\u00e3o com o novo sal\u00e1rio m\u00ednimo \u00e9 o seguro-desemprego. Assim, o valor m\u00ednimo do benef\u00edcio foi ajustado para 1.518 reais, igual ao valor do novo sal\u00e1rio m\u00ednimo. Essa mudan\u00e7a, portanto, \u00e9 crucial para os trabalhadores que est\u00e3o entre empregos ou enfrentam dificuldades econ\u00f4micas. Com isso, o ajuste garante que o valor do seguro-desemprego seja mais condizente com as necessidades financeiras desses trabalhadores, oferecendo, assim, um apoio mais robusto nos momentos de transi\u00e7\u00e3o.<\/p>\n\n\n\n<p class=\"has-medium-font-size\">Al\u00e9m disso, o Benef\u00edcio de Presta\u00e7\u00e3o Continuada (BPC) oferece um valor m\u00ednimo para idosos e pessoas com defici\u00eancia em situa\u00e7\u00e3o de extrema pobreza e tamb\u00e9m foi atualizado. Para ter direito ao BPC, a renda per capita do grupo familiar precisa ser de no m\u00e1ximo um quarto do sal\u00e1rio m\u00ednimo, o que corresponde a 379,50 reais. O governo ajusta esse valor de refer\u00eancia anualmente, e, com a mudan\u00e7a no piso salarial, ele tamb\u00e9m aumentou para os benefici\u00e1rios desse programa.<\/p>\n\n\n\n<h3 class=\"wp-block-heading\">Impactos em Outras \u00c1reas Econ\u00f4micas<\/h3>\n\n\n\n<p class=\"has-medium-font-size\">O reajuste do sal\u00e1rio m\u00ednimo de 2025 n\u00e3o afeta apenas benef\u00edcios previdenci\u00e1rios e assistenciais. Ele tamb\u00e9m impacta diversas outras \u00e1reas da economia. O governo ajustou o seguro-defeso, pago aos pescadores artesanais durante o per\u00edodo de reprodu\u00e7\u00e3o das esp\u00e9cies, para 1.518 reais, refletindo o novo valor do sal\u00e1rio m\u00ednimo.<\/p>\n\n\n\n<p class=\"has-medium-font-size\">O Cadastro \u00danico, utilizado para diversas pol\u00edticas assistenciais, agora reflete a nova realidade econ\u00f4mica. O governo ajustou a renda per capita m\u00e1xima permitida para o acesso a programas sociais para 759 reais, alinhando-se ao novo piso salarial.<\/p>\n\n\n\n<p class=\"has-medium-font-size\">Microempreendedores Individuais (MEIs) tamb\u00e9m sentir\u00e3o o impacto do reajuste, pois o governo alterou as contribui\u00e7\u00f5es para o Documento de Arrecada\u00e7\u00e3o do Simples Nacional (DAS-MEI). Dependendo da atividade realizada, os valores de contribui\u00e7\u00e3o variam de 75,90 reais a 81,90 reais, com valores ainda mais altos para MEIs caminhoneiros, chegando a 188,16 reais.<\/p>\n\n\n\n<h3 class=\"wp-block-heading\">Altera\u00e7\u00f5es no Sistema Judicial<\/h3>\n\n\n\n<p class=\"has-medium-font-size\">O impacto do reajuste do sal\u00e1rio m\u00ednimo se estende tamb\u00e9m ao sistema judici\u00e1rio. O limite para ajuizar a\u00e7\u00f5es nos juizados especiais federais e c\u00edveis foi ajustado com base no novo sal\u00e1rio m\u00ednimo. Para a\u00e7\u00f5es nos juizados especiais federais, o limite \u00e9 agora de 60 sal\u00e1rios m\u00ednimos, enquanto para a\u00e7\u00f5es nos juizados especiais c\u00edveis, o limite \u00e9 de 20 sal\u00e1rios m\u00ednimos. Essas altera\u00e7\u00f5es refletem o impacto do sal\u00e1rio m\u00ednimo em \u00e1reas al\u00e9m dos benef\u00edcios sociais e mostram como o piso salarial tem implica\u00e7\u00f5es em diferentes esferas da sociedade.<\/p>\n\n\n\n<h3 class=\"wp-block-heading\">Como se Inscrever<\/h3>\n\n\n\n<p class=\"has-medium-font-size\">Se voc\u00ea deseja se beneficiar dos programas sociais ou realizar ajustes necess\u00e1rios com base no novo sal\u00e1rio m\u00ednimo, siga este passo a passo para garantir que sua situa\u00e7\u00e3o esteja regularizada:<\/p>\n\n\n\n<ol start=\"1\" class=\"wp-block-list\">\n<li class=\"has-medium-font-size\"><strong>Pesquisa e Prepara\u00e7\u00e3o<\/strong>: Identifique o programa ou benef\u00edcio que voc\u00ea deseja acessar, como o BPC, seguro-desemprego ou abono salarial. Re\u00fana todos os documentos necess\u00e1rios, como CPF, RG, comprovante de resid\u00eancia, e comprovante de renda.<\/li>\n\n\n\n<li class=\"has-medium-font-size\"><strong>Acesso aos Portais Oficiais<\/strong>: Entre no site do programa correspondente (por exemplo, o site do INSS ou do Minist\u00e9rio do Trabalho e Emprego) para verificar as exig\u00eancias e iniciar o processo de inscri\u00e7\u00e3o.<\/li>\n\n\n\n<li class=\"has-medium-font-size\"><strong>Preenchimento do Formul\u00e1rio<\/strong>: Preencha o formul\u00e1rio de inscri\u00e7\u00e3o com aten\u00e7\u00e3o, inserindo todas as informa\u00e7\u00f5es corretamente. Caso precise de aux\u00edlio, entre em contato com os canais de atendimento do programa.<\/li>\n\n\n\n<li class=\"has-medium-font-size\"><strong>Envio de Documentos<\/strong>: Envie os documentos solicitados digitalmente ou entregue-os pessoalmente em uma unidade de atendimento. Certifique-se de que todos estejam atualizados e leg\u00edveis.<\/li>\n\n\n\n<li class=\"has-medium-font-size\"><strong>Acompanhamento<\/strong>: Acompanhe o status da sua solicita\u00e7\u00e3o pelos portais oficiais ou entrando em contato com o \u00f3rg\u00e3o respons\u00e1vel. Esteja atento a prazos e chamadas para eventuais entrevistas ou entrega de documentos adicionais.<\/li>\n\n\n\n<li class=\"has-medium-font-size\"><strong>Confirma\u00e7\u00e3o de Aprova\u00e7\u00e3o<\/strong>: Assim que aprovado, voc\u00ea receber\u00e1 as instru\u00e7\u00f5es sobre como acessar ou utilizar o benef\u00edcio.<\/li>\n<\/ol>\n\n\n\n<h3 class=\"wp-block-heading\">Conclus\u00e3o: A Import\u00e2ncia do Reajuste e Seus Efeitos<\/h3>\n\n\n\n<p class=\"has-medium-font-size\">O reajuste do sal\u00e1rio m\u00ednimo de 2025 tem uma ampla gama de efeitos em diversos setores da economia brasileira. Ao ajustar o valor do piso salarial, o governo busca melhorar o poder de compra dos trabalhadores. Al\u00e9m disso, pretende oferecer uma rede de apoio mais s\u00f3lida para os benefici\u00e1rios de programas sociais. O impacto nas aposentadorias, no abono salarial, no seguro-desemprego, no BPC e em outras \u00e1reas \u00e9 evidente. Isso reflete a necessidade de garantir um equil\u00edbrio econ\u00f4mico, especialmente em tempos de incertezas fiscais.<\/p>\n\n\n\n<p class=\"has-medium-font-size\">Al\u00e9m disso, a atualiza\u00e7\u00e3o do sal\u00e1rio m\u00ednimo altera as condi\u00e7\u00f5es para microempres\u00e1rios, pescadores artesanais e o sistema judici\u00e1rio. Isso mostra que o impacto vai al\u00e9m dos benef\u00edcios sociais. O reajuste representa um esfor\u00e7o para equilibrar as necessidades da popula\u00e7\u00e3o com a sustentabilidade fiscal do pa\u00eds. Para muitos brasileiros, esse aumento oferece uma margem maior de seguran\u00e7a financeira, ajudando a enfrentar o aumento do custo de vida e a assegurar um padr\u00e3o de vida mais digno.<\/p>\n\n\n\n<hr class=\"wp-block-separator has-alpha-channel-opacity\"\/>\n\n\n\n<p class=\"has-medium-font-size\"><a href=\"https:\/\/www.vagadeempregorj.com.br\/es\/beneficios-sociais\/\">Impactos do sal\u00e1rio m\u00ednimo na economia: uma an\u00e1lise detalhada para 2025<\/a><\/p>","protected":false},"excerpt":{"rendered":"<p>Em 1\u00ba de janeiro de 2025, o Brasil anunciou o reajuste do sal\u00e1rio m\u00ednimo, que passou de 1.412 reais para 1.518 reais. Esse aumento inclui a reposi\u00e7\u00e3o da infla\u00e7\u00e3o de 4,84% e um ganho real de 2,5%. A mudan\u00e7a no valor do piso salarial impacta diretamente o poder de compra dos trabalhadores, mas suas consequ\u00eancias&hellip;&nbsp;<\/p>","protected":false},"author":1,"featured_media":41961,"comment_status":"closed","ping_status":"closed","sticky":false,"template":"","format":"standard","meta":{"neve_meta_sidebar":"","neve_meta_container":"","neve_meta_enable_content_width":"","neve_meta_content_width":0,"neve_meta_title_alignment":"","neve_meta_author_avatar":"","neve_post_elements_order":"","neve_meta_disable_header":"","neve_meta_disable_footer":"","neve_meta_disable_title":"","footnotes":""},"categories":[1],"tags":[918,924,922,925,923,926],"class_list":["post-41960","post","type-post","status-publish","format-standard","has-post-thumbnail","hentry","category-beneficios-sociais","tag-aposentadoria","tag-beneficios-sociais","tag-economia-2025","tag-reajuste-salarial","tag-salario-minimo","tag-seguro-desemprego"],"yoast_head":"<!-- This site is optimized with the Yoast SEO plugin v27.5 - https:\/\/yoast.com\/product\/yoast-seo-wordpress\/ -->\n<title>Reajuste do Sal\u00e1rio M\u00ednimo de 2025: Efeitos e Benef\u00edcios -<\/title>\n<meta name=\"description\" content=\"Em 2025, o reajuste do sal\u00e1rio m\u00ednimo impacta benef\u00edcios e economia. Descubra como as mudan\u00e7as afetam aposentadorias e o mercado de trabalho.\" \/>\n<meta name=\"robots\" content=\"index, follow, max-snippet:-1, max-image-preview:large, max-video-preview:-1\" \/>\n<link rel=\"canonical\" href=\"https:\/\/www.vagadeempregorj.com.br\/es\/reajuste-salario-minimo-2025-impactos-beneficios\/\" \/>\n<meta property=\"og:locale\" content=\"es_MX\" \/>\n<meta property=\"og:type\" content=\"article\" \/>\n<meta property=\"og:title\" content=\"Reajuste do Sal\u00e1rio M\u00ednimo de 2025: Efeitos e Benef\u00edcios -\" \/>\n<meta property=\"og:description\" content=\"Em 2025, o reajuste do sal\u00e1rio m\u00ednimo impacta benef\u00edcios e economia. Descubra como as mudan\u00e7as afetam aposentadorias e o mercado de trabalho.\" \/>\n<meta property=\"og:url\" content=\"https:\/\/www.vagadeempregorj.com.br\/es\/reajuste-salario-minimo-2025-impactos-beneficios\/\" \/>\n<meta property=\"article:publisher\" content=\"https:\/\/www.facebook.com\/empregobrasiloficial\" \/>\n<meta property=\"article:published_time\" content=\"2025-01-17T12:42:01+00:00\" \/>\n<meta property=\"article:modified_time\" content=\"2025-01-17T14:32:13+00:00\" \/>\n<meta property=\"og:image\" content=\"https:\/\/www.vagadeempregorj.com.br\/wp-content\/uploads\/2025\/01\/Reajuste-do-salario-minimo-de-2025.jpg\" \/>\n\t<meta property=\"og:image:width\" content=\"750\" \/>\n\t<meta property=\"og:image:height\" content=\"375\" \/>\n\t<meta property=\"og:image:type\" content=\"image\/jpeg\" \/>\n<meta name=\"author\" content=\"Ana B.\" \/>\n<meta name=\"twitter:card\" content=\"summary_large_image\" \/>\n<meta name=\"twitter:label1\" content=\"Written by\" \/>\n\t<meta name=\"twitter:data1\" content=\"Ana B.\" \/>\n\t<meta name=\"twitter:label2\" content=\"Est. reading time\" \/>\n\t<meta name=\"twitter:data2\" content=\"6 minutos\" \/>\n<script type=\"application\/ld+json\" class=\"yoast-schema-graph\">{\"@context\":\"https:\\\/\\\/schema.org\",\"@graph\":[{\"@type\":\"Article\",\"@id\":\"https:\\\/\\\/www.vagadeempregorj.com.br\\\/reajuste-salario-minimo-2025-impactos-beneficios\\\/#article\",\"isPartOf\":{\"@id\":\"https:\\\/\\\/www.vagadeempregorj.com.br\\\/reajuste-salario-minimo-2025-impactos-beneficios\\\/\"},\"author\":{\"name\":\"Ana B.\",\"@id\":\"https:\\\/\\\/www.vagadeempregorj.com.br\\\/#\\\/schema\\\/person\\\/c0c38d5d765e86c3b7c8f12fb1ae6477\"},\"headline\":\"Reajuste do Sal\u00e1rio M\u00ednimo de 2025: Efeitos e Benef\u00edcios\",\"datePublished\":\"2025-01-17T12:42:01+00:00\",\"dateModified\":\"2025-01-17T14:32:13+00:00\",\"mainEntityOfPage\":{\"@id\":\"https:\\\/\\\/www.vagadeempregorj.com.br\\\/reajuste-salario-minimo-2025-impactos-beneficios\\\/\"},\"wordCount\":1144,\"image\":{\"@id\":\"https:\\\/\\\/www.vagadeempregorj.com.br\\\/reajuste-salario-minimo-2025-impactos-beneficios\\\/#primaryimage\"},\"thumbnailUrl\":\"https:\\\/\\\/www.vagadeempregorj.com.br\\\/wp-content\\\/uploads\\\/2025\\\/01\\\/Reajuste-do-salario-minimo-de-2025.jpg\",\"keywords\":[\"aposentadoria\",\"benef\u00edcios sociais\",\"economia 2025\",\"reajuste salarial\",\"sal\u00e1rio m\u00ednimo\",\"seguro-desemprego\"],\"articleSection\":[\"Benef\u00edcios Sociais\"],\"inLanguage\":\"es\"},{\"@type\":\"WebPage\",\"@id\":\"https:\\\/\\\/www.vagadeempregorj.com.br\\\/reajuste-salario-minimo-2025-impactos-beneficios\\\/\",\"url\":\"https:\\\/\\\/www.vagadeempregorj.com.br\\\/reajuste-salario-minimo-2025-impactos-beneficios\\\/\",\"name\":\"Reajuste do Sal\u00e1rio M\u00ednimo de 2025: Efeitos e Benef\u00edcios -\",\"isPartOf\":{\"@id\":\"https:\\\/\\\/www.vagadeempregorj.com.br\\\/#website\"},\"primaryImageOfPage\":{\"@id\":\"https:\\\/\\\/www.vagadeempregorj.com.br\\\/reajuste-salario-minimo-2025-impactos-beneficios\\\/#primaryimage\"},\"image\":{\"@id\":\"https:\\\/\\\/www.vagadeempregorj.com.br\\\/reajuste-salario-minimo-2025-impactos-beneficios\\\/#primaryimage\"},\"thumbnailUrl\":\"https:\\\/\\\/www.vagadeempregorj.com.br\\\/wp-content\\\/uploads\\\/2025\\\/01\\\/Reajuste-do-salario-minimo-de-2025.jpg\",\"datePublished\":\"2025-01-17T12:42:01+00:00\",\"dateModified\":\"2025-01-17T14:32:13+00:00\",\"author\":{\"@id\":\"https:\\\/\\\/www.vagadeempregorj.com.br\\\/#\\\/schema\\\/person\\\/c0c38d5d765e86c3b7c8f12fb1ae6477\"},\"description\":\"Em 2025, o reajuste do sal\u00e1rio m\u00ednimo impacta benef\u00edcios e economia. Descubra como as mudan\u00e7as afetam aposentadorias e o mercado de trabalho.\",\"breadcrumb\":{\"@id\":\"https:\\\/\\\/www.vagadeempregorj.com.br\\\/reajuste-salario-minimo-2025-impactos-beneficios\\\/#breadcrumb\"},\"inLanguage\":\"es\",\"potentialAction\":[{\"@type\":\"ReadAction\",\"target\":[\"https:\\\/\\\/www.vagadeempregorj.com.br\\\/reajuste-salario-minimo-2025-impactos-beneficios\\\/\"]}]},{\"@type\":\"ImageObject\",\"inLanguage\":\"es\",\"@id\":\"https:\\\/\\\/www.vagadeempregorj.com.br\\\/reajuste-salario-minimo-2025-impactos-beneficios\\\/#primaryimage\",\"url\":\"https:\\\/\\\/www.vagadeempregorj.com.br\\\/wp-content\\\/uploads\\\/2025\\\/01\\\/Reajuste-do-salario-minimo-de-2025.jpg\",\"contentUrl\":\"https:\\\/\\\/www.vagadeempregorj.com.br\\\/wp-content\\\/uploads\\\/2025\\\/01\\\/Reajuste-do-salario-minimo-de-2025.jpg\",\"width\":750,\"height\":375,\"caption\":\"Reajuste do sal\u00e1rio m\u00ednimo de 2025\"},{\"@type\":\"BreadcrumbList\",\"@id\":\"https:\\\/\\\/www.vagadeempregorj.com.br\\\/reajuste-salario-minimo-2025-impactos-beneficios\\\/#breadcrumb\",\"itemListElement\":[{\"@type\":\"ListItem\",\"position\":1,\"name\":\"In\u00edcio\",\"item\":\"https:\\\/\\\/www.vagadeempregorj.com.br\\\/\"},{\"@type\":\"ListItem\",\"position\":2,\"name\":\"Benef\u00edcios Sociais\",\"item\":\"https:\\\/\\\/www.vagadeempregorj.com.br\\\/beneficios-sociais\\\/\"},{\"@type\":\"ListItem\",\"position\":3,\"name\":\"Reajuste do Sal\u00e1rio M\u00ednimo de 2025: Efeitos e Benef\u00edcios\"}]},{\"@type\":\"WebSite\",\"@id\":\"https:\\\/\\\/www.vagadeempregorj.com.br\\\/#website\",\"url\":\"https:\\\/\\\/www.vagadeempregorj.com.br\\\/\",\"name\":\"\",\"description\":\"Conquiste Sonhos: Vagas, Benef\u00edcios e Economia para Transformar Vidas e Alcan\u00e7ar Melhorias Cotidianas\",\"potentialAction\":[{\"@type\":\"SearchAction\",\"target\":{\"@type\":\"EntryPoint\",\"urlTemplate\":\"https:\\\/\\\/www.vagadeempregorj.com.br\\\/?s={search_term_string}\"},\"query-input\":{\"@type\":\"PropertyValueSpecification\",\"valueRequired\":true,\"valueName\":\"search_term_string\"}}],\"inLanguage\":\"es\"},{\"@type\":\"Person\",\"@id\":\"https:\\\/\\\/www.vagadeempregorj.com.br\\\/#\\\/schema\\\/person\\\/c0c38d5d765e86c3b7c8f12fb1ae6477\",\"name\":\"Ana B.\",\"image\":{\"@type\":\"ImageObject\",\"inLanguage\":\"es\",\"@id\":\"https:\\\/\\\/secure.gravatar.com\\\/avatar\\\/f5efa58599e07f8dd92f26c7cfbc442fd115582bc681245452e503c2ef2334f3?s=96&r=g\",\"url\":\"https:\\\/\\\/secure.gravatar.com\\\/avatar\\\/f5efa58599e07f8dd92f26c7cfbc442fd115582bc681245452e503c2ef2334f3?s=96&r=g\",\"contentUrl\":\"https:\\\/\\\/secure.gravatar.com\\\/avatar\\\/f5efa58599e07f8dd92f26c7cfbc442fd115582bc681245452e503c2ef2334f3?s=96&r=g\",\"caption\":\"Ana B.\"},\"description\":\"Meu nome \u00e9 Ana e sou apaixonada em escrever. Dedico meu tempo escrevendo not\u00edcias e vagas de emprego diariamente no portal Vaga de Emprego RJ.\",\"url\":\"https:\\\/\\\/www.vagadeempregorj.com.br\\\/es\\\/author\\\/vgrj\\\/\"}]}<\/script>\n<!-- \/ Yoast SEO plugin. -->","yoast_head_json":{"title":"Reajuste do Sal\u00e1rio M\u00ednimo de 2025: Efeitos e Benef\u00edcios -","description":"Em 2025, o reajuste do sal\u00e1rio m\u00ednimo impacta benef\u00edcios e economia. Descubra como as mudan\u00e7as afetam aposentadorias e o mercado de trabalho.","robots":{"index":"index","follow":"follow","max-snippet":"max-snippet:-1","max-image-preview":"max-image-preview:large","max-video-preview":"max-video-preview:-1"},"canonical":"https:\/\/www.vagadeempregorj.com.br\/es\/reajuste-salario-minimo-2025-impactos-beneficios\/","og_locale":"es_MX","og_type":"article","og_title":"Reajuste do Sal\u00e1rio M\u00ednimo de 2025: Efeitos e Benef\u00edcios -","og_description":"Em 2025, o reajuste do sal\u00e1rio m\u00ednimo impacta benef\u00edcios e economia. Descubra como as mudan\u00e7as afetam aposentadorias e o mercado de trabalho.","og_url":"https:\/\/www.vagadeempregorj.com.br\/es\/reajuste-salario-minimo-2025-impactos-beneficios\/","article_publisher":"https:\/\/www.facebook.com\/empregobrasiloficial","article_published_time":"2025-01-17T12:42:01+00:00","article_modified_time":"2025-01-17T14:32:13+00:00","og_image":[{"width":750,"height":375,"url":"https:\/\/www.vagadeempregorj.com.br\/wp-content\/uploads\/2025\/01\/Reajuste-do-salario-minimo-de-2025.jpg","type":"image\/jpeg"}],"author":"Ana B.","twitter_card":"summary_large_image","twitter_misc":{"Written by":"Ana B.","Est. reading time":"6 minutos"},"schema":{"@context":"https:\/\/schema.org","@graph":[{"@type":"Article","@id":"https:\/\/www.vagadeempregorj.com.br\/reajuste-salario-minimo-2025-impactos-beneficios\/#article","isPartOf":{"@id":"https:\/\/www.vagadeempregorj.com.br\/reajuste-salario-minimo-2025-impactos-beneficios\/"},"author":{"name":"Ana B.","@id":"https:\/\/www.vagadeempregorj.com.br\/#\/schema\/person\/c0c38d5d765e86c3b7c8f12fb1ae6477"},"headline":"Reajuste do Sal\u00e1rio M\u00ednimo de 2025: Efeitos e Benef\u00edcios","datePublished":"2025-01-17T12:42:01+00:00","dateModified":"2025-01-17T14:32:13+00:00","mainEntityOfPage":{"@id":"https:\/\/www.vagadeempregorj.com.br\/reajuste-salario-minimo-2025-impactos-beneficios\/"},"wordCount":1144,"image":{"@id":"https:\/\/www.vagadeempregorj.com.br\/reajuste-salario-minimo-2025-impactos-beneficios\/#primaryimage"},"thumbnailUrl":"https:\/\/www.vagadeempregorj.com.br\/wp-content\/uploads\/2025\/01\/Reajuste-do-salario-minimo-de-2025.jpg","keywords":["aposentadoria","benef\u00edcios sociais","economia 2025","reajuste salarial","sal\u00e1rio m\u00ednimo","seguro-desemprego"],"articleSection":["Benef\u00edcios Sociais"],"inLanguage":"es"},{"@type":"WebPage","@id":"https:\/\/www.vagadeempregorj.com.br\/reajuste-salario-minimo-2025-impactos-beneficios\/","url":"https:\/\/www.vagadeempregorj.com.br\/reajuste-salario-minimo-2025-impactos-beneficios\/","name":"Reajuste do Sal\u00e1rio M\u00ednimo de 2025: Efeitos e Benef\u00edcios -","isPartOf":{"@id":"https:\/\/www.vagadeempregorj.com.br\/#website"},"primaryImageOfPage":{"@id":"https:\/\/www.vagadeempregorj.com.br\/reajuste-salario-minimo-2025-impactos-beneficios\/#primaryimage"},"image":{"@id":"https:\/\/www.vagadeempregorj.com.br\/reajuste-salario-minimo-2025-impactos-beneficios\/#primaryimage"},"thumbnailUrl":"https:\/\/www.vagadeempregorj.com.br\/wp-content\/uploads\/2025\/01\/Reajuste-do-salario-minimo-de-2025.jpg","datePublished":"2025-01-17T12:42:01+00:00","dateModified":"2025-01-17T14:32:13+00:00","author":{"@id":"https:\/\/www.vagadeempregorj.com.br\/#\/schema\/person\/c0c38d5d765e86c3b7c8f12fb1ae6477"},"description":"Em 2025, o reajuste do sal\u00e1rio m\u00ednimo impacta benef\u00edcios e economia. Descubra como as mudan\u00e7as afetam aposentadorias e o mercado de trabalho.","breadcrumb":{"@id":"https:\/\/www.vagadeempregorj.com.br\/reajuste-salario-minimo-2025-impactos-beneficios\/#breadcrumb"},"inLanguage":"es","potentialAction":[{"@type":"ReadAction","target":["https:\/\/www.vagadeempregorj.com.br\/reajuste-salario-minimo-2025-impactos-beneficios\/"]}]},{"@type":"ImageObject","inLanguage":"es","@id":"https:\/\/www.vagadeempregorj.com.br\/reajuste-salario-minimo-2025-impactos-beneficios\/#primaryimage","url":"https:\/\/www.vagadeempregorj.com.br\/wp-content\/uploads\/2025\/01\/Reajuste-do-salario-minimo-de-2025.jpg","contentUrl":"https:\/\/www.vagadeempregorj.com.br\/wp-content\/uploads\/2025\/01\/Reajuste-do-salario-minimo-de-2025.jpg","width":750,"height":375,"caption":"Reajuste do sal\u00e1rio m\u00ednimo de 2025"},{"@type":"BreadcrumbList","@id":"https:\/\/www.vagadeempregorj.com.br\/reajuste-salario-minimo-2025-impactos-beneficios\/#breadcrumb","itemListElement":[{"@type":"ListItem","position":1,"name":"In\u00edcio","item":"https:\/\/www.vagadeempregorj.com.br\/"},{"@type":"ListItem","position":2,"name":"Benef\u00edcios Sociais","item":"https:\/\/www.vagadeempregorj.com.br\/beneficios-sociais\/"},{"@type":"ListItem","position":3,"name":"Reajuste do Sal\u00e1rio M\u00ednimo de 2025: Efeitos e Benef\u00edcios"}]},{"@type":"WebSite","@id":"https:\/\/www.vagadeempregorj.com.br\/#website","url":"https:\/\/www.vagadeempregorj.com.br\/","name":"","description":"Conquiste Sonhos: Vagas, Benef\u00edcios e Economia para Transformar Vidas e Alcan\u00e7ar Melhorias Cotidianas","potentialAction":[{"@type":"SearchAction","target":{"@type":"EntryPoint","urlTemplate":"https:\/\/www.vagadeempregorj.com.br\/?s={search_term_string}"},"query-input":{"@type":"PropertyValueSpecification","valueRequired":true,"valueName":"search_term_string"}}],"inLanguage":"es"},{"@type":"Person","@id":"https:\/\/www.vagadeempregorj.com.br\/#\/schema\/person\/c0c38d5d765e86c3b7c8f12fb1ae6477","name":"Ana B.","image":{"@type":"ImageObject","inLanguage":"es","@id":"https:\/\/secure.gravatar.com\/avatar\/f5efa58599e07f8dd92f26c7cfbc442fd115582bc681245452e503c2ef2334f3?s=96&r=g","url":"https:\/\/secure.gravatar.com\/avatar\/f5efa58599e07f8dd92f26c7cfbc442fd115582bc681245452e503c2ef2334f3?s=96&r=g","contentUrl":"https:\/\/secure.gravatar.com\/avatar\/f5efa58599e07f8dd92f26c7cfbc442fd115582bc681245452e503c2ef2334f3?s=96&r=g","caption":"Ana B."},"description":"Meu nome \u00e9 Ana e sou apaixonada em escrever. Dedico meu tempo escrevendo not\u00edcias e vagas de emprego diariamente no portal Vaga de Emprego RJ.","url":"https:\/\/www.vagadeempregorj.com.br\/es\/author\/vgrj\/"}]}},"_links":{"self":[{"href":"https:\/\/www.vagadeempregorj.com.br\/es\/wp-json\/wp\/v2\/posts\/41960","targetHints":{"allow":["GET"]}}],"collection":[{"href":"https:\/\/www.vagadeempregorj.com.br\/es\/wp-json\/wp\/v2\/posts"}],"about":[{"href":"https:\/\/www.vagadeempregorj.com.br\/es\/wp-json\/wp\/v2\/types\/post"}],"author":[{"embeddable":true,"href":"https:\/\/www.vagadeempregorj.com.br\/es\/wp-json\/wp\/v2\/users\/1"}],"replies":[{"embeddable":true,"href":"https:\/\/www.vagadeempregorj.com.br\/es\/wp-json\/wp\/v2\/comments?post=41960"}],"version-history":[{"count":0,"href":"https:\/\/www.vagadeempregorj.com.br\/es\/wp-json\/wp\/v2\/posts\/41960\/revisions"}],"wp:featuredmedia":[{"embeddable":true,"href":"https:\/\/www.vagadeempregorj.com.br\/es\/wp-json\/wp\/v2\/media\/41961"}],"wp:attachment":[{"href":"https:\/\/www.vagadeempregorj.com.br\/es\/wp-json\/wp\/v2\/media?parent=41960"}],"wp:term":[{"taxonomy":"category","embeddable":true,"href":"https:\/\/www.vagadeempregorj.com.br\/es\/wp-json\/wp\/v2\/categories?post=41960"},{"taxonomy":"post_tag","embeddable":true,"href":"https:\/\/www.vagadeempregorj.com.br\/es\/wp-json\/wp\/v2\/tags?post=41960"}],"curies":[{"name":"wp","href":"https:\/\/api.w.org\/{rel}","templated":true}]}}