{"id":42061,"date":"2025-01-20T08:46:11","date_gmt":"2025-01-20T11:46:11","guid":{"rendered":"https:\/\/www.vagadeempregorj.com.br\/?p=42061"},"modified":"2025-01-20T08:49:03","modified_gmt":"2025-01-20T11:49:03","slug":"ciee-jundiai-200-vagas-jovens","status":"publish","type":"post","link":"https:\/\/www.vagadeempregorj.com.br\/es\/ciee-jundiai-200-vagas-jovens\/","title":{"rendered":"CIEE Jundia\u00ed: Mais de 200 vagas para jovens de 14 a 24 anos"},"content":{"rendered":"<p class=\"has-medium-font-size\">O Centro de Integra\u00e7\u00e3o Empresa-Escola (CIEE) de Jundia\u00ed est\u00e1 disponibilizando mais de 200 vagas para jovens entre 14 e 24 anos. Essas oportunidades est\u00e3o divididas entre programas de est\u00e1gio e aprendizagem, abrangendo diferentes \u00e1reas e setores, com foco na forma\u00e7\u00e3o e inser\u00e7\u00e3o de estudantes no mercado de trabalho. A iniciativa \u00e9 uma excelente chance para jovens que desejam aliar aprendizado pr\u00e1tico \u00e0 capacita\u00e7\u00e3o te\u00f3rica, iniciando uma carreira s\u00f3lida e promissora.<\/p>\n\n\n\n<h2 class=\"wp-block-heading\">Quais s\u00e3o as oportunidades dispon\u00edveis?<\/h2>\n\n\n\n<p class=\"has-medium-font-size\">As vagas dispon\u00edveis no CIEE Jundia\u00ed s\u00e3o distribu\u00eddas da seguinte forma:<\/p>\n\n\n\n<ul class=\"wp-block-list\">\n<li class=\"has-medium-font-size\"><strong>145 vagas de est\u00e1gio<\/strong>: Voltadas para estudantes de ensino m\u00e9dio, t\u00e9cnico ou superior, que desejam ingressar no mercado enquanto mant\u00eam seus estudos. Essas vagas abrangem diferentes \u00e1reas, como administra\u00e7\u00e3o, tecnologia, sa\u00fade e comunica\u00e7\u00e3o.<\/li>\n\n\n\n<li class=\"has-medium-font-size\"><strong>79 vagas para jovens aprendizes<\/strong>: Direcionadas a jovens que buscam experi\u00eancia profissional aliada a capacita\u00e7\u00e3o. O programa de aprendizagem combina treinamento te\u00f3rico e viv\u00eancia pr\u00e1tica, sendo uma oportunidade \u00fanica para o desenvolvimento profissional.<\/li>\n<\/ul>\n\n\n\n<p class=\"has-medium-font-size\">Essas oportunidades abrangem diversos setores, oferecendo experi\u00eancias significativas que impulsionam o crescimento pessoal e profissional dos participantes. Al\u00e9m disso, as vagas s\u00e3o atualizadas regularmente, garantindo que novos candidatos tenham acesso a posi\u00e7\u00f5es relevantes.<\/p>\n\n\n\n<h2 class=\"wp-block-heading\">Quem pode se candidatar?<\/h2>\n\n\n\n<p class=\"has-medium-font-size\">As exig\u00eancias variam entre as modalidades:<\/p>\n\n\n\n<ul class=\"wp-block-list\">\n<li class=\"has-medium-font-size\"><strong>Est\u00e1gio<\/strong>: Jovens a partir de 16 anos, matriculados em cursos de ensino m\u00e9dio, t\u00e9cnico ou superior. Estudantes devem apresentar desempenho acad\u00eamico satisfat\u00f3rio e interesse em complementar sua forma\u00e7\u00e3o com viv\u00eancias pr\u00e1ticas no mercado.<\/li>\n\n\n\n<li class=\"has-medium-font-size\"><strong>Aprendizagem<\/strong>: Jovens entre 14 e 24 anos que estejam cursando ou tenham conclu\u00eddo o ensino m\u00e9dio. Esse programa \u00e9 especialmente voltado para aqueles que desejam desenvolver habilidades profissionais desde cedo, com o suporte de um ambiente de aprendizado estruturado.<\/li>\n<\/ul>\n\n\n\n<h2 class=\"wp-block-heading\">Benef\u00edcios das vagas do CIEE Jundia\u00ed<\/h2>\n\n\n\n<p class=\"has-medium-font-size\">Participar dos programas do CIEE traz uma s\u00e9rie de vantagens, como:<\/p>\n\n\n\n<ul class=\"wp-block-list\">\n<li class=\"has-medium-font-size\">Desenvolvimento de habilidades profissionais, como trabalho em equipe e resolu\u00e7\u00e3o de problemas;<\/li>\n\n\n\n<li class=\"has-medium-font-size\">Forma\u00e7\u00e3o pr\u00e1tica e te\u00f3rica simult\u00e2nea, permitindo uma experi\u00eancia educacional completa;<\/li>\n\n\n\n<li class=\"has-medium-font-size\">Experi\u00eancia em diferentes \u00e1reas do mercado, facilitando escolhas de carreira mais assertivas;<\/li>\n\n\n\n<li class=\"has-medium-font-size\">Amplia\u00e7\u00e3o de networking, essencial para o crescimento na carreira;<\/li>\n\n\n\n<li class=\"has-medium-font-size\">Possibilidade de efetiva\u00e7\u00e3o futura, especialmente em empresas que valorizam o crescimento interno.<\/li>\n<\/ul>\n\n\n\n<p class=\"has-medium-font-size\">Al\u00e9m disso, os participantes contam com acompanhamento cont\u00ednuo por parte do CIEE, garantindo suporte em todas as etapas do programa.<\/p>\n\n\n\n<h2 class=\"wp-block-heading\">Como se inscrever?<\/h2>\n\n\n\n<p class=\"has-medium-font-size\">Os interessados devem acessar o portal oficial do CIEE (\u00a0<a href=\"https:\/\/portal.ciee.org.br\/quero-uma-vaga\/\">https:\/\/portal.ciee.org.br\/quero-uma-vaga\/<\/a> ) para preencher os formul\u00e1rios e enviar as informa\u00e7\u00f5es necess\u00e1rias. O processo \u00e9 simples e pode ser realizado totalmente online, tornando a inscri\u00e7\u00e3o mais acess\u00edvel para todos.<\/p>\n\n\n\n<p class=\"has-medium-font-size\">Ap\u00f3s a inscri\u00e7\u00e3o, os candidatos passar\u00e3o por uma triagem para identificar as vagas mais adequadas ao seu perfil. Recomenda-se que os jovens mantenham seus dados atualizados no portal e acompanhem regularmente as oportunidades dispon\u00edveis.<\/p>\n\n\n\n<h2 class=\"wp-block-heading\">Vagas em \u00f3rg\u00e3os p\u00fablicos<\/h2>\n\n\n\n<p class=\"has-medium-font-size\">Al\u00e9m de empresas privadas, algumas oportunidades oferecidas pelo CIEE incluem posi\u00e7\u00f5es em \u00f3rg\u00e3os p\u00fablicos. Essa parceria possibilita que os jovens adquiram experi\u00eancia em setores essenciais, como sa\u00fade, educa\u00e7\u00e3o e administra\u00e7\u00e3o p\u00fablica, ampliando ainda mais as possibilidades de carreira.<\/p>\n\n\n\n<h2 class=\"wp-block-heading\">Conclus\u00e3o<\/h2>\n\n\n\n<p class=\"has-medium-font-size\">As vagas disponibilizadas pelo CIEE Jundia\u00ed representam uma excelente oportunidade para jovens iniciarem suas carreiras com suporte e capacita\u00e7\u00e3o de qualidade. <strong>Al\u00e9m disso<\/strong>, com mais de 200 posi\u00e7\u00f5es dispon\u00edveis, os candidatos t\u00eam a chance de ingressar no mercado de trabalho e desenvolver habilidades fundamentais para o sucesso profissional. <strong>Portanto<\/strong>, se voc\u00ea se encaixa no perfil, <strong>n\u00e3o hesite<\/strong> em se inscrever e aproveitar essa chance de crescimento pessoal e profissional. O mercado est\u00e1 repleto de oportunidades \u2014 <strong>por\u00e9m<\/strong>, \u00e9 essencial dar o primeiro passo!<\/p>\n\n\n\n<hr class=\"wp-block-separator has-alpha-channel-opacity\"\/>\n\n\n\n<p class=\"has-medium-font-size\"><a href=\"https:\/\/www.vagadeempregorj.com.br\/es\/vagas-de-emprego-nacionais\/\">Benef\u00edcios do vale-alimenta\u00e7\u00e3o para jovens profissionais.<\/a><\/p>","protected":false},"excerpt":{"rendered":"<p>O Centro de Integra\u00e7\u00e3o Empresa-Escola (CIEE) de Jundia\u00ed est\u00e1 disponibilizando mais de 200 vagas para jovens entre 14 e 24 anos. Essas oportunidades est\u00e3o divididas entre programas de est\u00e1gio e aprendizagem, abrangendo diferentes \u00e1reas e setores, com foco na forma\u00e7\u00e3o e inser\u00e7\u00e3o de estudantes no mercado de trabalho. A iniciativa \u00e9 uma excelente chance para&hellip;&nbsp;<\/p>","protected":false},"author":1,"featured_media":42064,"comment_status":"closed","ping_status":"closed","sticky":false,"template":"","format":"standard","meta":{"neve_meta_sidebar":"","neve_meta_container":"","neve_meta_enable_content_width":"","neve_meta_content_width":0,"neve_meta_title_alignment":"","neve_meta_author_avatar":"","neve_post_elements_order":"","neve_meta_disable_header":"","neve_meta_disable_footer":"","neve_meta_disable_title":"","footnotes":""},"categories":[123],"tags":[938,939,937,941,940],"class_list":["post-42061","post","type-post","status-publish","format-standard","has-post-thumbnail","hentry","category-vagas-de-emprego-nacionais","tag-aprendizagem","tag-ciee","tag-estagio","tag-mercado-de-trabalho","tag-vagas-para-jovens"],"yoast_head":"<!-- This site is optimized with the Yoast SEO plugin v27.5 - https:\/\/yoast.com\/product\/yoast-seo-wordpress\/ -->\n<title>CIEE Jundia\u00ed: Mais de 200 vagas para jovens de 14 a 24 anos -<\/title>\n<meta name=\"description\" content=\"O CIEE Jundia\u00ed oferece mais de 200 vagas para jovens de 14 a 24 anos, incluindo est\u00e1gio e aprendizagem. Candidate-se agora!\" \/>\n<meta name=\"robots\" content=\"index, follow, max-snippet:-1, max-image-preview:large, max-video-preview:-1\" \/>\n<link rel=\"canonical\" href=\"https:\/\/www.vagadeempregorj.com.br\/es\/ciee-jundiai-200-vagas-jovens\/\" \/>\n<meta property=\"og:locale\" content=\"es_MX\" \/>\n<meta property=\"og:type\" content=\"article\" \/>\n<meta property=\"og:title\" content=\"CIEE Jundia\u00ed: Mais de 200 vagas para jovens de 14 a 24 anos -\" \/>\n<meta property=\"og:description\" content=\"O CIEE Jundia\u00ed oferece mais de 200 vagas para jovens de 14 a 24 anos, incluindo est\u00e1gio e aprendizagem. Candidate-se agora!\" \/>\n<meta property=\"og:url\" content=\"https:\/\/www.vagadeempregorj.com.br\/es\/ciee-jundiai-200-vagas-jovens\/\" \/>\n<meta property=\"article:publisher\" content=\"https:\/\/www.facebook.com\/empregobrasiloficial\" \/>\n<meta property=\"article:published_time\" content=\"2025-01-20T11:46:11+00:00\" \/>\n<meta property=\"article:modified_time\" content=\"2025-01-20T11:49:03+00:00\" \/>\n<meta property=\"og:image\" content=\"https:\/\/www.vagadeempregorj.com.br\/wp-content\/uploads\/2025\/01\/CIEE-Jundiai-vagas-para-jovens.webp\" \/>\n\t<meta property=\"og:image:width\" content=\"600\" \/>\n\t<meta property=\"og:image:height\" content=\"320\" \/>\n\t<meta property=\"og:image:type\" content=\"image\/webp\" \/>\n<meta name=\"author\" content=\"Ana B.\" \/>\n<meta name=\"twitter:card\" content=\"summary_large_image\" \/>\n<meta name=\"twitter:label1\" content=\"Written by\" \/>\n\t<meta name=\"twitter:data1\" content=\"Ana B.\" \/>\n\t<meta name=\"twitter:label2\" content=\"Est. reading time\" \/>\n\t<meta name=\"twitter:data2\" content=\"3 minutos\" \/>\n<script type=\"application\/ld+json\" class=\"yoast-schema-graph\">{\"@context\":\"https:\\\/\\\/schema.org\",\"@graph\":[{\"@type\":\"Article\",\"@id\":\"https:\\\/\\\/www.vagadeempregorj.com.br\\\/ciee-jundiai-200-vagas-jovens\\\/#article\",\"isPartOf\":{\"@id\":\"https:\\\/\\\/www.vagadeempregorj.com.br\\\/ciee-jundiai-200-vagas-jovens\\\/\"},\"author\":{\"name\":\"Ana B.\",\"@id\":\"https:\\\/\\\/www.vagadeempregorj.com.br\\\/#\\\/schema\\\/person\\\/c0c38d5d765e86c3b7c8f12fb1ae6477\"},\"headline\":\"CIEE Jundia\u00ed: Mais de 200 vagas para jovens de 14 a 24 anos\",\"datePublished\":\"2025-01-20T11:46:11+00:00\",\"dateModified\":\"2025-01-20T11:49:03+00:00\",\"mainEntityOfPage\":{\"@id\":\"https:\\\/\\\/www.vagadeempregorj.com.br\\\/ciee-jundiai-200-vagas-jovens\\\/\"},\"wordCount\":648,\"image\":{\"@id\":\"https:\\\/\\\/www.vagadeempregorj.com.br\\\/ciee-jundiai-200-vagas-jovens\\\/#primaryimage\"},\"thumbnailUrl\":\"https:\\\/\\\/www.vagadeempregorj.com.br\\\/wp-content\\\/uploads\\\/2025\\\/01\\\/CIEE-Jundiai-vagas-para-jovens.webp\",\"keywords\":[\"aprendizagem\",\"CIEE\",\"est\u00e1gio\",\"mercado de trabalho\",\"vagas para jovens\"],\"articleSection\":[\"Vagas de Emprego Nacionais\"],\"inLanguage\":\"es\"},{\"@type\":\"WebPage\",\"@id\":\"https:\\\/\\\/www.vagadeempregorj.com.br\\\/ciee-jundiai-200-vagas-jovens\\\/\",\"url\":\"https:\\\/\\\/www.vagadeempregorj.com.br\\\/ciee-jundiai-200-vagas-jovens\\\/\",\"name\":\"CIEE Jundia\u00ed: Mais de 200 vagas para jovens de 14 a 24 anos -\",\"isPartOf\":{\"@id\":\"https:\\\/\\\/www.vagadeempregorj.com.br\\\/#website\"},\"primaryImageOfPage\":{\"@id\":\"https:\\\/\\\/www.vagadeempregorj.com.br\\\/ciee-jundiai-200-vagas-jovens\\\/#primaryimage\"},\"image\":{\"@id\":\"https:\\\/\\\/www.vagadeempregorj.com.br\\\/ciee-jundiai-200-vagas-jovens\\\/#primaryimage\"},\"thumbnailUrl\":\"https:\\\/\\\/www.vagadeempregorj.com.br\\\/wp-content\\\/uploads\\\/2025\\\/01\\\/CIEE-Jundiai-vagas-para-jovens.webp\",\"datePublished\":\"2025-01-20T11:46:11+00:00\",\"dateModified\":\"2025-01-20T11:49:03+00:00\",\"author\":{\"@id\":\"https:\\\/\\\/www.vagadeempregorj.com.br\\\/#\\\/schema\\\/person\\\/c0c38d5d765e86c3b7c8f12fb1ae6477\"},\"description\":\"O CIEE Jundia\u00ed oferece mais de 200 vagas para jovens de 14 a 24 anos, incluindo est\u00e1gio e aprendizagem. Candidate-se agora!\",\"breadcrumb\":{\"@id\":\"https:\\\/\\\/www.vagadeempregorj.com.br\\\/ciee-jundiai-200-vagas-jovens\\\/#breadcrumb\"},\"inLanguage\":\"es\",\"potentialAction\":[{\"@type\":\"ReadAction\",\"target\":[\"https:\\\/\\\/www.vagadeempregorj.com.br\\\/ciee-jundiai-200-vagas-jovens\\\/\"]}]},{\"@type\":\"ImageObject\",\"inLanguage\":\"es\",\"@id\":\"https:\\\/\\\/www.vagadeempregorj.com.br\\\/ciee-jundiai-200-vagas-jovens\\\/#primaryimage\",\"url\":\"https:\\\/\\\/www.vagadeempregorj.com.br\\\/wp-content\\\/uploads\\\/2025\\\/01\\\/CIEE-Jundiai-vagas-para-jovens.webp\",\"contentUrl\":\"https:\\\/\\\/www.vagadeempregorj.com.br\\\/wp-content\\\/uploads\\\/2025\\\/01\\\/CIEE-Jundiai-vagas-para-jovens.webp\",\"width\":600,\"height\":320,\"caption\":\"CIEE Jundia\u00ed vagas para jovens\"},{\"@type\":\"BreadcrumbList\",\"@id\":\"https:\\\/\\\/www.vagadeempregorj.com.br\\\/ciee-jundiai-200-vagas-jovens\\\/#breadcrumb\",\"itemListElement\":[{\"@type\":\"ListItem\",\"position\":1,\"name\":\"In\u00edcio\",\"item\":\"https:\\\/\\\/www.vagadeempregorj.com.br\\\/\"},{\"@type\":\"ListItem\",\"position\":2,\"name\":\"Vagas de Emprego Nacionais\",\"item\":\"https:\\\/\\\/www.vagadeempregorj.com.br\\\/vagas-de-emprego-nacionais\\\/\"},{\"@type\":\"ListItem\",\"position\":3,\"name\":\"CIEE Jundia\u00ed: Mais de 200 vagas para jovens de 14 a 24 anos\"}]},{\"@type\":\"WebSite\",\"@id\":\"https:\\\/\\\/www.vagadeempregorj.com.br\\\/#website\",\"url\":\"https:\\\/\\\/www.vagadeempregorj.com.br\\\/\",\"name\":\"\",\"description\":\"Conquiste Sonhos: Vagas, Benef\u00edcios e Economia para Transformar Vidas e Alcan\u00e7ar Melhorias Cotidianas\",\"potentialAction\":[{\"@type\":\"SearchAction\",\"target\":{\"@type\":\"EntryPoint\",\"urlTemplate\":\"https:\\\/\\\/www.vagadeempregorj.com.br\\\/?s={search_term_string}\"},\"query-input\":{\"@type\":\"PropertyValueSpecification\",\"valueRequired\":true,\"valueName\":\"search_term_string\"}}],\"inLanguage\":\"es\"},{\"@type\":\"Person\",\"@id\":\"https:\\\/\\\/www.vagadeempregorj.com.br\\\/#\\\/schema\\\/person\\\/c0c38d5d765e86c3b7c8f12fb1ae6477\",\"name\":\"Ana B.\",\"image\":{\"@type\":\"ImageObject\",\"inLanguage\":\"es\",\"@id\":\"https:\\\/\\\/secure.gravatar.com\\\/avatar\\\/f5efa58599e07f8dd92f26c7cfbc442fd115582bc681245452e503c2ef2334f3?s=96&r=g\",\"url\":\"https:\\\/\\\/secure.gravatar.com\\\/avatar\\\/f5efa58599e07f8dd92f26c7cfbc442fd115582bc681245452e503c2ef2334f3?s=96&r=g\",\"contentUrl\":\"https:\\\/\\\/secure.gravatar.com\\\/avatar\\\/f5efa58599e07f8dd92f26c7cfbc442fd115582bc681245452e503c2ef2334f3?s=96&r=g\",\"caption\":\"Ana B.\"},\"description\":\"Meu nome \u00e9 Ana e sou apaixonada em escrever. Dedico meu tempo escrevendo not\u00edcias e vagas de emprego diariamente no portal Vaga de Emprego RJ.\",\"url\":\"https:\\\/\\\/www.vagadeempregorj.com.br\\\/es\\\/author\\\/vgrj\\\/\"}]}<\/script>\n<!-- \/ Yoast SEO plugin. -->","yoast_head_json":{"title":"CIEE Jundia\u00ed: Mais de 200 vagas para jovens de 14 a 24 anos -","description":"O CIEE Jundia\u00ed oferece mais de 200 vagas para jovens de 14 a 24 anos, incluindo est\u00e1gio e aprendizagem. Candidate-se agora!","robots":{"index":"index","follow":"follow","max-snippet":"max-snippet:-1","max-image-preview":"max-image-preview:large","max-video-preview":"max-video-preview:-1"},"canonical":"https:\/\/www.vagadeempregorj.com.br\/es\/ciee-jundiai-200-vagas-jovens\/","og_locale":"es_MX","og_type":"article","og_title":"CIEE Jundia\u00ed: Mais de 200 vagas para jovens de 14 a 24 anos -","og_description":"O CIEE Jundia\u00ed oferece mais de 200 vagas para jovens de 14 a 24 anos, incluindo est\u00e1gio e aprendizagem. Candidate-se agora!","og_url":"https:\/\/www.vagadeempregorj.com.br\/es\/ciee-jundiai-200-vagas-jovens\/","article_publisher":"https:\/\/www.facebook.com\/empregobrasiloficial","article_published_time":"2025-01-20T11:46:11+00:00","article_modified_time":"2025-01-20T11:49:03+00:00","og_image":[{"width":600,"height":320,"url":"https:\/\/www.vagadeempregorj.com.br\/wp-content\/uploads\/2025\/01\/CIEE-Jundiai-vagas-para-jovens.webp","type":"image\/webp"}],"author":"Ana B.","twitter_card":"summary_large_image","twitter_misc":{"Written by":"Ana B.","Est. reading time":"3 minutos"},"schema":{"@context":"https:\/\/schema.org","@graph":[{"@type":"Article","@id":"https:\/\/www.vagadeempregorj.com.br\/ciee-jundiai-200-vagas-jovens\/#article","isPartOf":{"@id":"https:\/\/www.vagadeempregorj.com.br\/ciee-jundiai-200-vagas-jovens\/"},"author":{"name":"Ana B.","@id":"https:\/\/www.vagadeempregorj.com.br\/#\/schema\/person\/c0c38d5d765e86c3b7c8f12fb1ae6477"},"headline":"CIEE Jundia\u00ed: Mais de 200 vagas para jovens de 14 a 24 anos","datePublished":"2025-01-20T11:46:11+00:00","dateModified":"2025-01-20T11:49:03+00:00","mainEntityOfPage":{"@id":"https:\/\/www.vagadeempregorj.com.br\/ciee-jundiai-200-vagas-jovens\/"},"wordCount":648,"image":{"@id":"https:\/\/www.vagadeempregorj.com.br\/ciee-jundiai-200-vagas-jovens\/#primaryimage"},"thumbnailUrl":"https:\/\/www.vagadeempregorj.com.br\/wp-content\/uploads\/2025\/01\/CIEE-Jundiai-vagas-para-jovens.webp","keywords":["aprendizagem","CIEE","est\u00e1gio","mercado de trabalho","vagas para jovens"],"articleSection":["Vagas de Emprego Nacionais"],"inLanguage":"es"},{"@type":"WebPage","@id":"https:\/\/www.vagadeempregorj.com.br\/ciee-jundiai-200-vagas-jovens\/","url":"https:\/\/www.vagadeempregorj.com.br\/ciee-jundiai-200-vagas-jovens\/","name":"CIEE Jundia\u00ed: Mais de 200 vagas para jovens de 14 a 24 anos -","isPartOf":{"@id":"https:\/\/www.vagadeempregorj.com.br\/#website"},"primaryImageOfPage":{"@id":"https:\/\/www.vagadeempregorj.com.br\/ciee-jundiai-200-vagas-jovens\/#primaryimage"},"image":{"@id":"https:\/\/www.vagadeempregorj.com.br\/ciee-jundiai-200-vagas-jovens\/#primaryimage"},"thumbnailUrl":"https:\/\/www.vagadeempregorj.com.br\/wp-content\/uploads\/2025\/01\/CIEE-Jundiai-vagas-para-jovens.webp","datePublished":"2025-01-20T11:46:11+00:00","dateModified":"2025-01-20T11:49:03+00:00","author":{"@id":"https:\/\/www.vagadeempregorj.com.br\/#\/schema\/person\/c0c38d5d765e86c3b7c8f12fb1ae6477"},"description":"O CIEE Jundia\u00ed oferece mais de 200 vagas para jovens de 14 a 24 anos, incluindo est\u00e1gio e aprendizagem. Candidate-se agora!","breadcrumb":{"@id":"https:\/\/www.vagadeempregorj.com.br\/ciee-jundiai-200-vagas-jovens\/#breadcrumb"},"inLanguage":"es","potentialAction":[{"@type":"ReadAction","target":["https:\/\/www.vagadeempregorj.com.br\/ciee-jundiai-200-vagas-jovens\/"]}]},{"@type":"ImageObject","inLanguage":"es","@id":"https:\/\/www.vagadeempregorj.com.br\/ciee-jundiai-200-vagas-jovens\/#primaryimage","url":"https:\/\/www.vagadeempregorj.com.br\/wp-content\/uploads\/2025\/01\/CIEE-Jundiai-vagas-para-jovens.webp","contentUrl":"https:\/\/www.vagadeempregorj.com.br\/wp-content\/uploads\/2025\/01\/CIEE-Jundiai-vagas-para-jovens.webp","width":600,"height":320,"caption":"CIEE Jundia\u00ed vagas para jovens"},{"@type":"BreadcrumbList","@id":"https:\/\/www.vagadeempregorj.com.br\/ciee-jundiai-200-vagas-jovens\/#breadcrumb","itemListElement":[{"@type":"ListItem","position":1,"name":"In\u00edcio","item":"https:\/\/www.vagadeempregorj.com.br\/"},{"@type":"ListItem","position":2,"name":"Vagas de Emprego Nacionais","item":"https:\/\/www.vagadeempregorj.com.br\/vagas-de-emprego-nacionais\/"},{"@type":"ListItem","position":3,"name":"CIEE Jundia\u00ed: Mais de 200 vagas para jovens de 14 a 24 anos"}]},{"@type":"WebSite","@id":"https:\/\/www.vagadeempregorj.com.br\/#website","url":"https:\/\/www.vagadeempregorj.com.br\/","name":"","description":"Conquiste Sonhos: Vagas, Benef\u00edcios e Economia para Transformar Vidas e Alcan\u00e7ar Melhorias Cotidianas","potentialAction":[{"@type":"SearchAction","target":{"@type":"EntryPoint","urlTemplate":"https:\/\/www.vagadeempregorj.com.br\/?s={search_term_string}"},"query-input":{"@type":"PropertyValueSpecification","valueRequired":true,"valueName":"search_term_string"}}],"inLanguage":"es"},{"@type":"Person","@id":"https:\/\/www.vagadeempregorj.com.br\/#\/schema\/person\/c0c38d5d765e86c3b7c8f12fb1ae6477","name":"Ana B.","image":{"@type":"ImageObject","inLanguage":"es","@id":"https:\/\/secure.gravatar.com\/avatar\/f5efa58599e07f8dd92f26c7cfbc442fd115582bc681245452e503c2ef2334f3?s=96&r=g","url":"https:\/\/secure.gravatar.com\/avatar\/f5efa58599e07f8dd92f26c7cfbc442fd115582bc681245452e503c2ef2334f3?s=96&r=g","contentUrl":"https:\/\/secure.gravatar.com\/avatar\/f5efa58599e07f8dd92f26c7cfbc442fd115582bc681245452e503c2ef2334f3?s=96&r=g","caption":"Ana B."},"description":"Meu nome \u00e9 Ana e sou apaixonada em escrever. Dedico meu tempo escrevendo not\u00edcias e vagas de emprego diariamente no portal Vaga de Emprego RJ.","url":"https:\/\/www.vagadeempregorj.com.br\/es\/author\/vgrj\/"}]}},"_links":{"self":[{"href":"https:\/\/www.vagadeempregorj.com.br\/es\/wp-json\/wp\/v2\/posts\/42061","targetHints":{"allow":["GET"]}}],"collection":[{"href":"https:\/\/www.vagadeempregorj.com.br\/es\/wp-json\/wp\/v2\/posts"}],"about":[{"href":"https:\/\/www.vagadeempregorj.com.br\/es\/wp-json\/wp\/v2\/types\/post"}],"author":[{"embeddable":true,"href":"https:\/\/www.vagadeempregorj.com.br\/es\/wp-json\/wp\/v2\/users\/1"}],"replies":[{"embeddable":true,"href":"https:\/\/www.vagadeempregorj.com.br\/es\/wp-json\/wp\/v2\/comments?post=42061"}],"version-history":[{"count":0,"href":"https:\/\/www.vagadeempregorj.com.br\/es\/wp-json\/wp\/v2\/posts\/42061\/revisions"}],"wp:featuredmedia":[{"embeddable":true,"href":"https:\/\/www.vagadeempregorj.com.br\/es\/wp-json\/wp\/v2\/media\/42064"}],"wp:attachment":[{"href":"https:\/\/www.vagadeempregorj.com.br\/es\/wp-json\/wp\/v2\/media?parent=42061"}],"wp:term":[{"taxonomy":"category","embeddable":true,"href":"https:\/\/www.vagadeempregorj.com.br\/es\/wp-json\/wp\/v2\/categories?post=42061"},{"taxonomy":"post_tag","embeddable":true,"href":"https:\/\/www.vagadeempregorj.com.br\/es\/wp-json\/wp\/v2\/tags?post=42061"}],"curies":[{"name":"wp","href":"https:\/\/api.w.org\/{rel}","templated":true}]}}