{"id":42094,"date":"2025-01-27T06:00:00","date_gmt":"2025-01-27T09:00:00","guid":{"rendered":"https:\/\/www.vagadeempregorj.com.br\/?p=42094"},"modified":"2025-01-20T18:37:25","modified_gmt":"2025-01-20T21:37:25","slug":"grupo-lider-con-64-vacantes-de-empleo-en-todo-el-pais","status":"publish","type":"post","link":"https:\/\/www.vagadeempregorj.com.br\/es\/grupo-lider-64-vagas-de-emprego-pelo-pais\/","title":{"rendered":"Grupo L\u00edder: 64 vacantes de empleo en todo el pa\u00eds"},"content":{"rendered":"<p class=\"wp-block-paragraph\">Si buscas una nueva oportunidad profesional, necesitas saber qu\u00e9 est\u00e1 pasando en... <strong>Grupo l\u00edder<\/strong>. La empresa, reconocida por su fuerte presencia en diversos sectores, ha abierto 64 vacantes en todo Brasil. Esta noticia podr\u00eda cambiar la vida de muchas personas. \u00bfQuieres saber m\u00e1s? Hablemos de las oportunidades, qu\u00e9 puedes esperar de cada puesto y c\u00f3mo postularte.<\/p>\n\n\n\n<p class=\"wp-block-paragraph\">\u00a1Prep\u00e1rate para descubrir todo lo que necesitas para dar el siguiente paso en tu carrera profesional!<\/p>\n\n\n\n<figure class=\"wp-block-image size-full is-resized\"><img loading=\"lazy\" decoding=\"async\" width=\"778\" height=\"510\" src=\"https:\/\/www.vagadeempregorj.com.br\/wp-content\/uploads\/2025\/01\/image-6.png\" alt=\"Grupo l\u00edder\" class=\"wp-image-42112\" style=\"width:840px;height:auto\" srcset=\"https:\/\/www.vagadeempregorj.com.br\/wp-content\/uploads\/2025\/01\/image-6.png 778w, https:\/\/www.vagadeempregorj.com.br\/wp-content\/uploads\/2025\/01\/image-6-300x197.png 300w, https:\/\/www.vagadeempregorj.com.br\/wp-content\/uploads\/2025\/01\/image-6-768x503.png 768w, https:\/\/www.vagadeempregorj.com.br\/wp-content\/uploads\/2025\/01\/image-6-150x98.png 150w\" sizes=\"auto, (max-width: 778px) 100vw, 778px\" \/><\/figure>\n\n\n\n<h2 class=\"wp-block-heading\">\u00bfQu\u00e9 oportunidades profesionales ofrece Grupo L\u00edder?<\/h2>\n\n\n\n<p class=\"wp-block-paragraph\">El Grupo Lider no se limita a ofrecer solo una o dos vacantes. Cuenta con diversas oportunidades que abarcan diferentes niveles de experiencia y \u00e1reas de especializaci\u00f3n. Veamos con m\u00e1s detalle las principales vacantes:<\/p>\n\n\n\n<h3 class=\"wp-block-heading\">1# <strong>Ayudante Administrativo<\/strong><\/h3>\n\n\n\n<p class=\"wp-block-paragraph\">Si tienes excelentes habilidades organizativas y disfrutas trabajando con procesos internos, esta podr\u00eda ser tu oportunidad. El\/La asistente administrativo\/a brinda apoyo en las operaciones diarias, asistiendo en la gesti\u00f3n de documentos y la comunicaci\u00f3n entre los diferentes departamentos. La organizaci\u00f3n y la atenci\u00f3n al detalle son esenciales.<\/p>\n\n\n\n<h3 class=\"wp-block-heading\">2# <strong>Analista de marketing<\/strong><\/h3>\n\n\n\n<p class=\"wp-block-paragraph\">Para quienes sienten pasi\u00f3n por las estrategias de comunicaci\u00f3n y la creatividad, el puesto de analista de marketing es ideal. Entre sus responsabilidades se incluyen el desarrollo de campa\u00f1as, el an\u00e1lisis de resultados y el fortalecimiento de la imagen de la empresa en el mercado. \u00bfTe gusta pensar de forma innovadora? Este trabajo podr\u00eda ser para ti.<\/p>\n\n\n\n<h3 class=\"wp-block-heading\">3# <strong>T\u00e9cnico de mantenimiento<\/strong><\/h3>\n\n\n\n<p class=\"wp-block-paragraph\">Quienes tengan experiencia en mantenimiento y reparaciones podr\u00edan estar interesados en el puesto de t\u00e9cnico de mantenimiento. Este profesional ser\u00e1 responsable de garantizar el correcto funcionamiento de las m\u00e1quinas y los equipos, as\u00ed como de realizar reparaciones preventivas y de emergencia.<\/p>\n\n\n\n<h3 class=\"wp-block-heading\">4# <strong>Supervisor de ventas<\/strong><\/h3>\n\n\n\n<p class=\"wp-block-paragraph\">Si tienes talento para liderar equipos y comprendes el mercado de ventas, Grupo Lider tambi\u00e9n tiene un lugar para ti. El supervisor de ventas es clave para garantizar el cumplimiento de los objetivos, motivar al equipo e identificar nuevas oportunidades de negocio.<\/p>\n\n\n\n<h3 class=\"wp-block-heading\">5# <strong>Operador de producci\u00f3n<\/strong><\/h3>\n\n\n\n<p class=\"wp-block-paragraph\">El puesto de operario de producci\u00f3n es ideal para quienes buscan un trabajo pr\u00e1ctico y din\u00e1mico. Este puesto implica el manejo de equipos, la producci\u00f3n de art\u00edculos y el seguimiento del proceso productivo. La atenci\u00f3n al detalle y la concentraci\u00f3n son esenciales.<\/p>\n\n\n\n<p class=\"wp-block-paragraph\">Estas son solo algunas de las vacantes disponibles. Grupo Lider cuenta con puestos en \u00e1reas como log\u00edstica, tecnolog\u00eda y atenci\u00f3n al cliente. Seguro que hay una oportunidad que se ajusta a tu perfil.<\/p>\n\n\n\n<h2 class=\"wp-block-heading\">\u00bfC\u00f3mo puedo presentar mi solicitud?<\/h2>\n\n\n\n<p class=\"wp-block-paragraph\">Ahora que ya conoces las oportunidades disponibles, es hora de dar el siguiente paso: postularte. El proceso es sencillo y se realiza en l\u00ednea, as\u00ed que puedes participar desde donde est\u00e9s. Aqu\u00ed te explicamos c\u00f3mo:<\/p>\n\n\n\n<ul class=\"wp-block-list\">\n<li>Copia y pega la direcci\u00f3n <strong>https:\/\/vagasgrupolider.gupy.io\/<\/strong> en tu navegador.<\/li>\n\n\n\n<li>Visita la p\u00e1gina y encuentra una oportunidad que se ajuste a tu perfil.<\/li>\n\n\n\n<li>Rellena el formulario de inscripci\u00f3n con tu informaci\u00f3n actualizada y adjunta tu curr\u00edculum.<\/li>\n\n\n\n<li>Por favor, espere a que la empresa se ponga en contacto con usted para informarle sobre los siguientes pasos del proceso de selecci\u00f3n.<\/li>\n<\/ul>\n\n\n\n<p class=\"wp-block-paragraph\">Lo m\u00e1s importante es que tu curr\u00edculum sea claro y destaque tu experiencia y habilidades. Recuerda: esta es tu primera impresi\u00f3n de la empresa, \u00a1as\u00ed que haz que valga la pena!<\/p>\n\n\n\n<h3 class=\"wp-block-heading\">El Grupo Lider te est\u00e1 esperando.<\/h3>\n\n\n\n<p class=\"wp-block-paragraph\">Oportunidades como estas no se presentan todos los d\u00edas. Si te identificas con alguna de las vacantes, no lo dudes. Grupo Lider es una empresa que valora a sus empleados y ofrece oportunidades reales de crecimiento. Adem\u00e1s, trabajar para una empresa consolidada es un gran paso para quienes buscan estabilidad y desarrollo profesional.<\/p>\n\n\n\n<p class=\"wp-block-paragraph\"><strong>V\u00e9ase tambi\u00e9n: <a href=\"https:\/\/www.vagadeempregorj.com.br\/es\/assai-atacadista-1700-vagas-de-emprego-pelo-pais\/\">Assa\u00ed Atacadista: 1700 puestos de trabajo en todo el pa\u00eds.<\/a><\/strong><\/p>\n\n\n\n<p class=\"wp-block-paragraph\">27 de enero de 2025<\/p>","protected":false},"excerpt":{"rendered":"<p>Se voc\u00ea est\u00e1 em busca de uma nova oportunidade profissional, precisa saber o que est\u00e1 acontecendo no Grupo Lider. A empresa, conhecida por sua forte atua\u00e7\u00e3o em diferentes setores, abriu 64 vagas de emprego espalhadas pelo Brasil. \u00c9 uma not\u00edcia que pode mudar a vida de muita gente. Quer saber mais? Vamos conversar sobre as&hellip;&nbsp;<\/p>","protected":false},"author":16,"featured_media":42112,"comment_status":"closed","ping_status":"closed","sticky":false,"template":"","format":"standard","meta":{"neve_meta_sidebar":"","neve_meta_container":"","neve_meta_enable_content_width":"","neve_meta_content_width":0,"neve_meta_title_alignment":"","neve_meta_author_avatar":"","neve_post_elements_order":"","neve_meta_disable_header":"","neve_meta_disable_footer":"","neve_meta_disable_title":"","footnotes":""},"categories":[123],"tags":[830,608],"class_list":["post-42094","post","type-post","status-publish","format-standard","has-post-thumbnail","hentry","category-vagas-de-emprego-nacionais","tag-empregos","tag-oportunidades"],"yoast_head":"<!-- This site is optimized with the Yoast SEO plugin v28.3 - https:\/\/yoast.com\/product\/yoast-seo-wordpress\/ -->\n<title>Grupo Lider: 64 vagas de emprego pelo pa\u00eds -<\/title>\n<meta name=\"description\" content=\"Veja em Vagas de Emprego RJ as vagas de emprego com e sem experi\u00eancia no seu Estado e Regi\u00e3o!\" \/>\n<meta name=\"robots\" content=\"index, follow, max-snippet:-1, max-image-preview:large, max-video-preview:-1\" \/>\n<link rel=\"canonical\" href=\"https:\/\/www.vagadeempregorj.com.br\/es\/grupo-lider-con-64-vacantes-de-empleo-en-todo-el-pais\/\" \/>\n<meta property=\"og:locale\" content=\"es_MX\" \/>\n<meta property=\"og:type\" content=\"article\" \/>\n<meta property=\"og:title\" content=\"Grupo Lider: 64 vagas de emprego pelo pa\u00eds -\" \/>\n<meta property=\"og:description\" content=\"Veja em Vagas de Emprego RJ as vagas de emprego com e sem experi\u00eancia no seu Estado e Regi\u00e3o!\" \/>\n<meta property=\"og:url\" content=\"https:\/\/www.vagadeempregorj.com.br\/es\/grupo-lider-con-64-vacantes-de-empleo-en-todo-el-pais\/\" \/>\n<meta property=\"article:publisher\" content=\"https:\/\/www.facebook.com\/empregobrasiloficial\" \/>\n<meta property=\"article:published_time\" content=\"2025-01-27T09:00:00+00:00\" \/>\n<meta property=\"og:image\" content=\"https:\/\/www.vagadeempregorj.com.br\/wp-content\/uploads\/2025\/01\/image-6.png\" \/>\n\t<meta property=\"og:image:width\" content=\"778\" \/>\n\t<meta property=\"og:image:height\" content=\"510\" \/>\n\t<meta property=\"og:image:type\" content=\"image\/png\" \/>\n<meta name=\"author\" content=\"Michele\" \/>\n<meta name=\"twitter:card\" content=\"summary_large_image\" \/>\n<meta name=\"twitter:label1\" content=\"Escrito por\" \/>\n\t<meta name=\"twitter:data1\" content=\"Michele\" \/>\n\t<meta name=\"twitter:label2\" content=\"Tiempo de lectura\" \/>\n\t<meta name=\"twitter:data2\" content=\"3 minutos\" \/>\n<script type=\"application\/ld+json\" class=\"yoast-schema-graph\">{\"@context\":\"https:\\\/\\\/schema.org\",\"@graph\":[{\"@type\":\"Article\",\"@id\":\"https:\\\/\\\/www.vagadeempregorj.com.br\\\/grupo-lider-64-vagas-de-emprego-pelo-pais\\\/#article\",\"isPartOf\":{\"@id\":\"https:\\\/\\\/www.vagadeempregorj.com.br\\\/grupo-lider-64-vagas-de-emprego-pelo-pais\\\/\"},\"author\":{\"name\":\"Michele\",\"@id\":\"https:\\\/\\\/www.vagadeempregorj.com.br\\\/#\\\/schema\\\/person\\\/3ddb19fa0539706786e502152f3aae95\"},\"headline\":\"Grupo Lider: 64 vagas de emprego pelo pa\u00eds\",\"datePublished\":\"2025-01-27T09:00:00+00:00\",\"mainEntityOfPage\":{\"@id\":\"https:\\\/\\\/www.vagadeempregorj.com.br\\\/grupo-lider-64-vagas-de-emprego-pelo-pais\\\/\"},\"wordCount\":629,\"image\":{\"@id\":\"https:\\\/\\\/www.vagadeempregorj.com.br\\\/grupo-lider-64-vagas-de-emprego-pelo-pais\\\/#primaryimage\"},\"thumbnailUrl\":\"https:\\\/\\\/www.vagadeempregorj.com.br\\\/wp-content\\\/uploads\\\/2025\\\/01\\\/image-6.png\",\"keywords\":[\"empregos\",\"oportunidades\"],\"articleSection\":[\"Vagas de Emprego Nacionais\"],\"inLanguage\":\"es\"},{\"@type\":\"WebPage\",\"@id\":\"https:\\\/\\\/www.vagadeempregorj.com.br\\\/grupo-lider-64-vagas-de-emprego-pelo-pais\\\/\",\"url\":\"https:\\\/\\\/www.vagadeempregorj.com.br\\\/grupo-lider-64-vagas-de-emprego-pelo-pais\\\/\",\"name\":\"Grupo Lider: 64 vagas de emprego pelo pa\u00eds -\",\"isPartOf\":{\"@id\":\"https:\\\/\\\/www.vagadeempregorj.com.br\\\/#website\"},\"primaryImageOfPage\":{\"@id\":\"https:\\\/\\\/www.vagadeempregorj.com.br\\\/grupo-lider-64-vagas-de-emprego-pelo-pais\\\/#primaryimage\"},\"image\":{\"@id\":\"https:\\\/\\\/www.vagadeempregorj.com.br\\\/grupo-lider-64-vagas-de-emprego-pelo-pais\\\/#primaryimage\"},\"thumbnailUrl\":\"https:\\\/\\\/www.vagadeempregorj.com.br\\\/wp-content\\\/uploads\\\/2025\\\/01\\\/image-6.png\",\"datePublished\":\"2025-01-27T09:00:00+00:00\",\"author\":{\"@id\":\"https:\\\/\\\/www.vagadeempregorj.com.br\\\/#\\\/schema\\\/person\\\/3ddb19fa0539706786e502152f3aae95\"},\"description\":\"Veja em Vagas de Emprego RJ as vagas de emprego com e sem experi\u00eancia no seu Estado e Regi\u00e3o!\",\"breadcrumb\":{\"@id\":\"https:\\\/\\\/www.vagadeempregorj.com.br\\\/grupo-lider-64-vagas-de-emprego-pelo-pais\\\/#breadcrumb\"},\"inLanguage\":\"es\",\"potentialAction\":[{\"@type\":\"ReadAction\",\"target\":[\"https:\\\/\\\/www.vagadeempregorj.com.br\\\/grupo-lider-64-vagas-de-emprego-pelo-pais\\\/\"]}]},{\"@type\":\"ImageObject\",\"inLanguage\":\"es\",\"@id\":\"https:\\\/\\\/www.vagadeempregorj.com.br\\\/grupo-lider-64-vagas-de-emprego-pelo-pais\\\/#primaryimage\",\"url\":\"https:\\\/\\\/www.vagadeempregorj.com.br\\\/wp-content\\\/uploads\\\/2025\\\/01\\\/image-6.png\",\"contentUrl\":\"https:\\\/\\\/www.vagadeempregorj.com.br\\\/wp-content\\\/uploads\\\/2025\\\/01\\\/image-6.png\",\"width\":778,\"height\":510,\"caption\":\"Grupo Lider\"},{\"@type\":\"BreadcrumbList\",\"@id\":\"https:\\\/\\\/www.vagadeempregorj.com.br\\\/grupo-lider-64-vagas-de-emprego-pelo-pais\\\/#breadcrumb\",\"itemListElement\":[{\"@type\":\"ListItem\",\"position\":1,\"name\":\"In\u00edcio\",\"item\":\"https:\\\/\\\/www.vagadeempregorj.com.br\\\/\"},{\"@type\":\"ListItem\",\"position\":2,\"name\":\"Vagas de Emprego Nacionais\",\"item\":\"https:\\\/\\\/www.vagadeempregorj.com.br\\\/vagas-de-emprego-nacionais\\\/\"},{\"@type\":\"ListItem\",\"position\":3,\"name\":\"Grupo Lider: 64 vagas de emprego pelo pa\u00eds\"}]},{\"@type\":\"WebSite\",\"@id\":\"https:\\\/\\\/www.vagadeempregorj.com.br\\\/#website\",\"url\":\"https:\\\/\\\/www.vagadeempregorj.com.br\\\/\",\"name\":\"\",\"description\":\"Conquiste Sonhos: Vagas, Benef\u00edcios e Economia para Transformar Vidas e Alcan\u00e7ar Melhorias Cotidianas\",\"potentialAction\":[{\"@type\":\"SearchAction\",\"target\":{\"@type\":\"EntryPoint\",\"urlTemplate\":\"https:\\\/\\\/www.vagadeempregorj.com.br\\\/?s={search_term_string}\"},\"query-input\":{\"@type\":\"PropertyValueSpecification\",\"valueRequired\":true,\"valueName\":\"search_term_string\"}}],\"inLanguage\":\"es\"},{\"@type\":\"Person\",\"@id\":\"https:\\\/\\\/www.vagadeempregorj.com.br\\\/#\\\/schema\\\/person\\\/3ddb19fa0539706786e502152f3aae95\",\"name\":\"Michele\",\"image\":{\"@type\":\"ImageObject\",\"inLanguage\":\"es\",\"@id\":\"https:\\\/\\\/secure.gravatar.com\\\/avatar\\\/6b0eb9d22841282815e2cd856a0061c45e1761cd54b22e952d98c4746939aa85?s=96&r=g\",\"url\":\"https:\\\/\\\/secure.gravatar.com\\\/avatar\\\/6b0eb9d22841282815e2cd856a0061c45e1761cd54b22e952d98c4746939aa85?s=96&r=g\",\"contentUrl\":\"https:\\\/\\\/secure.gravatar.com\\\/avatar\\\/6b0eb9d22841282815e2cd856a0061c45e1761cd54b22e952d98c4746939aa85?s=96&r=g\",\"caption\":\"Michele\"},\"description\":\"Formada em Letras - Portugu\u00eas\\\/ Ingl\u00eas, e idealizadora do site Escritora de Sucesso, busca expandir o conhecimento de todos com informa\u00e7\u00f5es relevantes sobre diversos assuntos, enquanto redatora. No Vaga de Emprego RJ, traz oportunidades e dicas sobre o mercado de trabalho.\",\"url\":\"https:\\\/\\\/www.vagadeempregorj.com.br\\\/es\\\/author\\\/michele\\\/\"}]}<\/script>\n<!-- \/ Yoast SEO plugin. -->","yoast_head_json":{"title":"Grupo L\u00edder: 64 vacantes de empleo en todo el pa\u00eds -","description":"\u00a1Consulta las ofertas de empleo en R\u00edo de Janeiro (RJ) para puestos tanto para personas con experiencia como para quienes no la tienen, en tu estado y regi\u00f3n!","robots":{"index":"index","follow":"follow","max-snippet":"max-snippet:-1","max-image-preview":"max-image-preview:large","max-video-preview":"max-video-preview:-1"},"canonical":"https:\/\/www.vagadeempregorj.com.br\/es\/grupo-lider-con-64-vacantes-de-empleo-en-todo-el-pais\/","og_locale":"es_MX","og_type":"article","og_title":"Grupo Lider: 64 vagas de emprego pelo pa\u00eds -","og_description":"Veja em Vagas de Emprego RJ as vagas de emprego com e sem experi\u00eancia no seu Estado e Regi\u00e3o!","og_url":"https:\/\/www.vagadeempregorj.com.br\/es\/grupo-lider-con-64-vacantes-de-empleo-en-todo-el-pais\/","article_publisher":"https:\/\/www.facebook.com\/empregobrasiloficial","article_published_time":"2025-01-27T09:00:00+00:00","og_image":[{"width":778,"height":510,"url":"https:\/\/www.vagadeempregorj.com.br\/wp-content\/uploads\/2025\/01\/image-6.png","type":"image\/png"}],"author":"Michele","twitter_card":"summary_large_image","twitter_misc":{"Escrito por":"Michele","Tiempo de lectura":"3 minutos"},"schema":{"@context":"https:\/\/schema.org","@graph":[{"@type":"Article","@id":"https:\/\/www.vagadeempregorj.com.br\/grupo-lider-64-vagas-de-emprego-pelo-pais\/#article","isPartOf":{"@id":"https:\/\/www.vagadeempregorj.com.br\/grupo-lider-64-vagas-de-emprego-pelo-pais\/"},"author":{"name":"Michele","@id":"https:\/\/www.vagadeempregorj.com.br\/#\/schema\/person\/3ddb19fa0539706786e502152f3aae95"},"headline":"Grupo Lider: 64 vagas de emprego pelo pa\u00eds","datePublished":"2025-01-27T09:00:00+00:00","mainEntityOfPage":{"@id":"https:\/\/www.vagadeempregorj.com.br\/grupo-lider-64-vagas-de-emprego-pelo-pais\/"},"wordCount":629,"image":{"@id":"https:\/\/www.vagadeempregorj.com.br\/grupo-lider-64-vagas-de-emprego-pelo-pais\/#primaryimage"},"thumbnailUrl":"https:\/\/www.vagadeempregorj.com.br\/wp-content\/uploads\/2025\/01\/image-6.png","keywords":["empregos","oportunidades"],"articleSection":["Vagas de Emprego Nacionais"],"inLanguage":"es"},{"@type":"WebPage","@id":"https:\/\/www.vagadeempregorj.com.br\/grupo-lider-64-vagas-de-emprego-pelo-pais\/","url":"https:\/\/www.vagadeempregorj.com.br\/grupo-lider-64-vagas-de-emprego-pelo-pais\/","name":"Grupo L\u00edder: 64 vacantes de empleo en todo el pa\u00eds -","isPartOf":{"@id":"https:\/\/www.vagadeempregorj.com.br\/#website"},"primaryImageOfPage":{"@id":"https:\/\/www.vagadeempregorj.com.br\/grupo-lider-64-vagas-de-emprego-pelo-pais\/#primaryimage"},"image":{"@id":"https:\/\/www.vagadeempregorj.com.br\/grupo-lider-64-vagas-de-emprego-pelo-pais\/#primaryimage"},"thumbnailUrl":"https:\/\/www.vagadeempregorj.com.br\/wp-content\/uploads\/2025\/01\/image-6.png","datePublished":"2025-01-27T09:00:00+00:00","author":{"@id":"https:\/\/www.vagadeempregorj.com.br\/#\/schema\/person\/3ddb19fa0539706786e502152f3aae95"},"description":"\u00a1Consulta las ofertas de empleo en R\u00edo de Janeiro (RJ) para puestos tanto para personas con experiencia como para quienes no la tienen, en tu estado y regi\u00f3n!","breadcrumb":{"@id":"https:\/\/www.vagadeempregorj.com.br\/grupo-lider-64-vagas-de-emprego-pelo-pais\/#breadcrumb"},"inLanguage":"es","potentialAction":[{"@type":"ReadAction","target":["https:\/\/www.vagadeempregorj.com.br\/grupo-lider-64-vagas-de-emprego-pelo-pais\/"]}]},{"@type":"ImageObject","inLanguage":"es","@id":"https:\/\/www.vagadeempregorj.com.br\/grupo-lider-64-vagas-de-emprego-pelo-pais\/#primaryimage","url":"https:\/\/www.vagadeempregorj.com.br\/wp-content\/uploads\/2025\/01\/image-6.png","contentUrl":"https:\/\/www.vagadeempregorj.com.br\/wp-content\/uploads\/2025\/01\/image-6.png","width":778,"height":510,"caption":"Grupo Lider"},{"@type":"BreadcrumbList","@id":"https:\/\/www.vagadeempregorj.com.br\/grupo-lider-64-vagas-de-emprego-pelo-pais\/#breadcrumb","itemListElement":[{"@type":"ListItem","position":1,"name":"In\u00edcio","item":"https:\/\/www.vagadeempregorj.com.br\/"},{"@type":"ListItem","position":2,"name":"Vagas de Emprego Nacionais","item":"https:\/\/www.vagadeempregorj.com.br\/vagas-de-emprego-nacionais\/"},{"@type":"ListItem","position":3,"name":"Grupo Lider: 64 vagas de emprego pelo pa\u00eds"}]},{"@type":"WebSite","@id":"https:\/\/www.vagadeempregorj.com.br\/#website","url":"https:\/\/www.vagadeempregorj.com.br\/","name":"","description":"Haz realidad tus sue\u00f1os: Ofertas de empleo, beneficios y ahorros para transformar vidas y lograr mejoras cotidianas.","potentialAction":[{"@type":"SearchAction","target":{"@type":"EntryPoint","urlTemplate":"https:\/\/www.vagadeempregorj.com.br\/?s={search_term_string}"},"query-input":{"@type":"PropertyValueSpecification","valueRequired":true,"valueName":"search_term_string"}}],"inLanguage":"es"},{"@type":"Person","@id":"https:\/\/www.vagadeempregorj.com.br\/#\/schema\/person\/3ddb19fa0539706786e502152f3aae95","name":"Michele","image":{"@type":"ImageObject","inLanguage":"es","@id":"https:\/\/secure.gravatar.com\/avatar\/6b0eb9d22841282815e2cd856a0061c45e1761cd54b22e952d98c4746939aa85?s=96&r=g","url":"https:\/\/secure.gravatar.com\/avatar\/6b0eb9d22841282815e2cd856a0061c45e1761cd54b22e952d98c4746939aa85?s=96&r=g","contentUrl":"https:\/\/secure.gravatar.com\/avatar\/6b0eb9d22841282815e2cd856a0061c45e1761cd54b22e952d98c4746939aa85?s=96&r=g","caption":"Michele"},"description":"Licenciada en Literatura Portuguesa e Inglesa y creadora del sitio web Escritora de Sucesso (Escritora de \u00c9xito), busca ampliar el conocimiento de todos con informaci\u00f3n relevante sobre diversos temas, como escritora. En Vaga de Emprego RJ (Ofertas de Empleo RJ), comparte oportunidades y consejos sobre el mercado laboral.","url":"https:\/\/www.vagadeempregorj.com.br\/es\/author\/michele\/"}]}},"_links":{"self":[{"href":"https:\/\/www.vagadeempregorj.com.br\/es\/wp-json\/wp\/v2\/posts\/42094","targetHints":{"allow":["GET"]}}],"collection":[{"href":"https:\/\/www.vagadeempregorj.com.br\/es\/wp-json\/wp\/v2\/posts"}],"about":[{"href":"https:\/\/www.vagadeempregorj.com.br\/es\/wp-json\/wp\/v2\/types\/post"}],"author":[{"embeddable":true,"href":"https:\/\/www.vagadeempregorj.com.br\/es\/wp-json\/wp\/v2\/users\/16"}],"replies":[{"embeddable":true,"href":"https:\/\/www.vagadeempregorj.com.br\/es\/wp-json\/wp\/v2\/comments?post=42094"}],"version-history":[{"count":0,"href":"https:\/\/www.vagadeempregorj.com.br\/es\/wp-json\/wp\/v2\/posts\/42094\/revisions"}],"wp:featuredmedia":[{"embeddable":true,"href":"https:\/\/www.vagadeempregorj.com.br\/es\/wp-json\/wp\/v2\/media\/42112"}],"wp:attachment":[{"href":"https:\/\/www.vagadeempregorj.com.br\/es\/wp-json\/wp\/v2\/media?parent=42094"}],"wp:term":[{"taxonomy":"category","embeddable":true,"href":"https:\/\/www.vagadeempregorj.com.br\/es\/wp-json\/wp\/v2\/categories?post=42094"},{"taxonomy":"post_tag","embeddable":true,"href":"https:\/\/www.vagadeempregorj.com.br\/es\/wp-json\/wp\/v2\/tags?post=42094"}],"curies":[{"name":"wp","href":"https:\/\/api.w.org\/{rel}","templated":true}]}}