{"id":42096,"date":"2025-01-29T06:00:00","date_gmt":"2025-01-29T09:00:00","guid":{"rendered":"https:\/\/www.vagadeempregorj.com.br\/?p=42096"},"modified":"2025-01-20T18:37:29","modified_gmt":"2025-01-20T21:37:29","slug":"flex-atacarejo-151-vagas-de-emprego-pelo-pais","status":"publish","type":"post","link":"https:\/\/www.vagadeempregorj.com.br\/es\/flex-atacarejo-151-vagas-de-emprego-pelo-pais\/","title":{"rendered":"Flex Atacarejo: 151 vagas de emprego pelo pa\u00eds"},"content":{"rendered":"<p>Voc\u00ea est\u00e1 em busca de uma oportunidade de trabalho em uma empresa que valoriza seus colaboradores e est\u00e1 presente em v\u00e1rias regi\u00f5es do Brasil? Ent\u00e3o, a <strong>Flex Atacarejo<\/strong> \u00e9 o lugar certo para voc\u00ea. Com 151 vagas de emprego abertas em diversas \u00e1reas, essa \u00e9 a chance que voc\u00ea estava esperando para dar um novo rumo \u00e0 sua carreira. <\/p>\n\n\n\n<p>As oportunidades est\u00e3o espalhadas pelo pa\u00eds, abrangendo diferentes n\u00edveis de experi\u00eancia e setores. Quer saber mais? Continue lendo para descobrir quais s\u00e3o os cargos dispon\u00edveis e como se candidatar.<\/p>\n\n\n\n<figure class=\"wp-block-image size-full\"><img loading=\"lazy\" decoding=\"async\" width=\"940\" height=\"430\" src=\"https:\/\/www.vagadeempregorj.com.br\/wp-content\/uploads\/2025\/01\/image-7.png\" alt=\"Flex Atacarejo\" class=\"wp-image-42113\" srcset=\"https:\/\/www.vagadeempregorj.com.br\/wp-content\/uploads\/2025\/01\/image-7.png 940w, https:\/\/www.vagadeempregorj.com.br\/wp-content\/uploads\/2025\/01\/image-7-300x137.png 300w, https:\/\/www.vagadeempregorj.com.br\/wp-content\/uploads\/2025\/01\/image-7-768x351.png 768w, https:\/\/www.vagadeempregorj.com.br\/wp-content\/uploads\/2025\/01\/image-7-150x69.png 150w\" sizes=\"auto, (max-width: 940px) 100vw, 940px\" \/><\/figure>\n\n\n\n<h2 class=\"wp-block-heading\">Quais s\u00e3o as oportunidades de carreira na Flex Atacarejo?<\/h2>\n\n\n\n<p>Se voc\u00ea j\u00e1 ouviu falar da Flex Atacarejo, sabe que ela \u00e9 uma das grandes redes do setor de atacado e varejo no Brasil. Com unidades em v\u00e1rias cidades, a empresa busca constantemente talentos para fortalecer suas equipes. Abaixo, voc\u00ea encontrar\u00e1 algumas das principais vagas dispon\u00edveis.<\/p>\n\n\n\n<h3 class=\"wp-block-heading\">1# Operador de Caixa<\/h3>\n\n\n\n<p>Se voc\u00ea \u00e9 uma pessoa organizada, tem habilidade com n\u00fameros e gosta de lidar com o p\u00fablico, o cargo de operador de caixa pode ser perfeito para voc\u00ea. Esse profissional \u00e9 respons\u00e1vel por realizar os pagamentos, registrar as compras e garantir que o cliente tenha uma boa experi\u00eancia no momento de finalizar suas compras.<\/p>\n\n\n\n<h3 class=\"wp-block-heading\">2# Repositor de Mercadorias<\/h3>\n\n\n\n<p>Voc\u00ea \u00e9 \u00e1gil e tem um bom senso de organiza\u00e7\u00e3o? Como repositor de mercadorias, sua principal fun\u00e7\u00e3o ser\u00e1 garantir que as prateleiras estejam sempre abastecidas e organizadas, proporcionando uma experi\u00eancia de compra agrad\u00e1vel para os clientes. Essa \u00e9 uma posi\u00e7\u00e3o essencial para o funcionamento das lojas.<\/p>\n\n\n\n<h3 class=\"wp-block-heading\">3# Auxiliar de Limpeza<\/h3>\n\n\n\n<p>Quem disse que um ambiente limpo n\u00e3o faz diferen\u00e7a? Se voc\u00ea acredita nisso e gosta de manter os lugares impec\u00e1veis, o cargo de auxiliar de limpeza pode ser uma excelente oportunidade. Esse profissional garante que os espa\u00e7os da loja estejam sempre higienizados e prontos para receber os clientes.<\/p>\n\n\n\n<h3 class=\"wp-block-heading\">4# Fiscal de Preven\u00e7\u00e3o de Perdas<\/h3>\n\n\n\n<p>Seguran\u00e7a \u00e9 fundamental em qualquer estabelecimento. Como fiscal de preven\u00e7\u00e3o de perdas, voc\u00ea ser\u00e1 respons\u00e1vel por monitorar o fluxo da loja, evitar furtos e garantir que os procedimentos internos sejam seguidos corretamente. \u00c9 uma posi\u00e7\u00e3o que exige aten\u00e7\u00e3o e responsabilidade.<\/p>\n\n\n\n<h3 class=\"wp-block-heading\">5# Gerente de Loja<\/h3>\n\n\n\n<p>Se voc\u00ea tem experi\u00eancia no varejo e sabe liderar equipes, essa vaga pode ser a chance de alavancar sua carreira. O gerente de loja \u00e9 o respons\u00e1vel por coordenar a opera\u00e7\u00e3o da unidade, garantir o alcance das metas e proporcionar um ambiente de trabalho motivador para os colaboradores.<\/p>\n\n\n\n<p>Esses s\u00e3o apenas alguns exemplos das 151 vagas dispon\u00edveis. A Flex Atacarejo tamb\u00e9m conta com oportunidades administrativas e de log\u00edstica, entre outras. Vale a pena conferir a lista completa para encontrar a posi\u00e7\u00e3o ideal para o seu perfil.<\/p>\n\n\n\n<h2 class=\"wp-block-heading\">Como se candidatar?<\/h2>\n\n\n\n<p>Agora que voc\u00ea j\u00e1 conhece algumas das oportunidades, o pr\u00f3ximo passo \u00e9 se candidatar. A Flex Atacarejo utiliza a plataforma Gupy para gerenciar seus processos seletivos, o que torna o processo simples e acess\u00edvel para qualquer candidato.<\/p>\n\n\n\n<p>Aqui est\u00e1 o que voc\u00ea precisa fazer para participar:<\/p>\n\n\n\n<ul class=\"wp-block-list\">\n<li>Copie e cole o endere\u00e7o: <strong>https:\/\/flexatacarejo.gupy.io<\/strong> em seu navegador.<\/li>\n\n\n\n<li>Acesse a p\u00e1gina e encontre uma oportunidade: Navegue pela lista de vagas dispon\u00edveis e escolha a que melhor se adequa ao seu perfil e experi\u00eancia.<\/li>\n\n\n\n<li>Cadastre seu curr\u00edculo: Fa\u00e7a o login na plataforma Gupy ou crie uma conta. Depois, preencha seu perfil com as informa\u00e7\u00f5es solicitadas.<\/li>\n\n\n\n<li>Envie sua candidatura: Depois de preencher seu cadastro, basta enviar sua inscri\u00e7\u00e3o para a vaga desejada.<\/li>\n<\/ul>\n\n\n\n<p>Lembre-se de revisar todas as informa\u00e7\u00f5es antes de finalizar sua candidatura. Um curr\u00edculo atualizado e bem detalhado pode fazer toda a diferen\u00e7a na hora de ser chamado para uma entrevista.<\/p>\n\n\n\n<h2 class=\"wp-block-heading\">Por que trabalhar na Flex Atacarejo?<\/h2>\n\n\n\n<p>Al\u00e9m de oferecer vagas em diferentes \u00e1reas e n\u00edveis de experi\u00eancia, a Flex Atacarejo valoriza seus colaboradores com um ambiente de trabalho din\u00e2mico e oportunidades de crescimento. A empresa investe em treinamentos, busca promover os talentos internos e proporciona estabilidade para os funcion\u00e1rios. Se voc\u00ea quer crescer profissionalmente, essa pode ser uma excelente escolha.<\/p>\n\n\n\n<p><strong>Veja tamb\u00e9m: <a href=\"https:\/\/www.vagadeempregorj.com.br\/es\/assai-atacadista-1700-vagas-de-emprego-pelo-pais\/\">Assa\u00ed Atacadista: 1700 vagas de emprego pelo pa\u00eds<\/a><\/strong><\/p>\n\n\n\n<p>29 de janeiro de 2025<\/p>","protected":false},"excerpt":{"rendered":"<p>Voc\u00ea est\u00e1 em busca de uma oportunidade de trabalho em uma empresa que valoriza seus colaboradores e est\u00e1 presente em v\u00e1rias regi\u00f5es do Brasil? Ent\u00e3o, a Flex Atacarejo \u00e9 o lugar certo para voc\u00ea. Com 151 vagas de emprego abertas em diversas \u00e1reas, essa \u00e9 a chance que voc\u00ea estava esperando para dar um novo&hellip;&nbsp;<\/p>","protected":false},"author":16,"featured_media":42113,"comment_status":"closed","ping_status":"closed","sticky":false,"template":"","format":"standard","meta":{"neve_meta_sidebar":"","neve_meta_container":"","neve_meta_enable_content_width":"","neve_meta_content_width":0,"neve_meta_title_alignment":"","neve_meta_author_avatar":"","neve_post_elements_order":"","neve_meta_disable_header":"","neve_meta_disable_footer":"","neve_meta_disable_title":"","footnotes":""},"categories":[123],"tags":[830,608],"class_list":["post-42096","post","type-post","status-publish","format-standard","has-post-thumbnail","hentry","category-vagas-de-emprego-nacionais","tag-empregos","tag-oportunidades"],"yoast_head":"<!-- This site is optimized with the Yoast SEO plugin v27.5 - https:\/\/yoast.com\/product\/yoast-seo-wordpress\/ -->\n<title>Flex Atacarejo: 151 vagas de emprego pelo pa\u00eds -<\/title>\n<meta name=\"description\" content=\"Veja em Vagas de Emprego RJ as vagas de emprego com e sem experi\u00eancia no seu Estado e Regi\u00e3o!\" \/>\n<meta name=\"robots\" content=\"index, follow, max-snippet:-1, max-image-preview:large, max-video-preview:-1\" \/>\n<link rel=\"canonical\" href=\"https:\/\/www.vagadeempregorj.com.br\/es\/flex-atacarejo-151-vagas-de-emprego-pelo-pais\/\" \/>\n<meta property=\"og:locale\" content=\"es_MX\" \/>\n<meta property=\"og:type\" content=\"article\" \/>\n<meta property=\"og:title\" content=\"Flex Atacarejo: 151 vagas de emprego pelo pa\u00eds -\" \/>\n<meta property=\"og:description\" content=\"Veja em Vagas de Emprego RJ as vagas de emprego com e sem experi\u00eancia no seu Estado e Regi\u00e3o!\" \/>\n<meta property=\"og:url\" content=\"https:\/\/www.vagadeempregorj.com.br\/es\/flex-atacarejo-151-vagas-de-emprego-pelo-pais\/\" \/>\n<meta property=\"article:publisher\" content=\"https:\/\/www.facebook.com\/empregobrasiloficial\" \/>\n<meta property=\"article:published_time\" content=\"2025-01-29T09:00:00+00:00\" \/>\n<meta property=\"og:image\" content=\"https:\/\/www.vagadeempregorj.com.br\/wp-content\/uploads\/2025\/01\/image-7.png\" \/>\n\t<meta property=\"og:image:width\" content=\"940\" \/>\n\t<meta property=\"og:image:height\" content=\"430\" \/>\n\t<meta property=\"og:image:type\" content=\"image\/png\" \/>\n<meta name=\"author\" content=\"Michele\" \/>\n<meta name=\"twitter:card\" content=\"summary_large_image\" \/>\n<meta name=\"twitter:label1\" content=\"Written by\" \/>\n\t<meta name=\"twitter:data1\" content=\"Michele\" \/>\n\t<meta name=\"twitter:label2\" content=\"Est. reading time\" \/>\n\t<meta name=\"twitter:data2\" content=\"4 minutos\" \/>\n<script type=\"application\/ld+json\" class=\"yoast-schema-graph\">{\"@context\":\"https:\\\/\\\/schema.org\",\"@graph\":[{\"@type\":\"Article\",\"@id\":\"https:\\\/\\\/www.vagadeempregorj.com.br\\\/flex-atacarejo-151-vagas-de-emprego-pelo-pais\\\/#article\",\"isPartOf\":{\"@id\":\"https:\\\/\\\/www.vagadeempregorj.com.br\\\/flex-atacarejo-151-vagas-de-emprego-pelo-pais\\\/\"},\"author\":{\"name\":\"Michele\",\"@id\":\"https:\\\/\\\/www.vagadeempregorj.com.br\\\/#\\\/schema\\\/person\\\/3ddb19fa0539706786e502152f3aae95\"},\"headline\":\"Flex Atacarejo: 151 vagas de emprego pelo pa\u00eds\",\"datePublished\":\"2025-01-29T09:00:00+00:00\",\"mainEntityOfPage\":{\"@id\":\"https:\\\/\\\/www.vagadeempregorj.com.br\\\/flex-atacarejo-151-vagas-de-emprego-pelo-pais\\\/\"},\"wordCount\":712,\"image\":{\"@id\":\"https:\\\/\\\/www.vagadeempregorj.com.br\\\/flex-atacarejo-151-vagas-de-emprego-pelo-pais\\\/#primaryimage\"},\"thumbnailUrl\":\"https:\\\/\\\/www.vagadeempregorj.com.br\\\/wp-content\\\/uploads\\\/2025\\\/01\\\/image-7.png\",\"keywords\":[\"empregos\",\"oportunidades\"],\"articleSection\":[\"Vagas de Emprego Nacionais\"],\"inLanguage\":\"es\"},{\"@type\":\"WebPage\",\"@id\":\"https:\\\/\\\/www.vagadeempregorj.com.br\\\/flex-atacarejo-151-vagas-de-emprego-pelo-pais\\\/\",\"url\":\"https:\\\/\\\/www.vagadeempregorj.com.br\\\/flex-atacarejo-151-vagas-de-emprego-pelo-pais\\\/\",\"name\":\"Flex Atacarejo: 151 vagas de emprego pelo pa\u00eds -\",\"isPartOf\":{\"@id\":\"https:\\\/\\\/www.vagadeempregorj.com.br\\\/#website\"},\"primaryImageOfPage\":{\"@id\":\"https:\\\/\\\/www.vagadeempregorj.com.br\\\/flex-atacarejo-151-vagas-de-emprego-pelo-pais\\\/#primaryimage\"},\"image\":{\"@id\":\"https:\\\/\\\/www.vagadeempregorj.com.br\\\/flex-atacarejo-151-vagas-de-emprego-pelo-pais\\\/#primaryimage\"},\"thumbnailUrl\":\"https:\\\/\\\/www.vagadeempregorj.com.br\\\/wp-content\\\/uploads\\\/2025\\\/01\\\/image-7.png\",\"datePublished\":\"2025-01-29T09:00:00+00:00\",\"author\":{\"@id\":\"https:\\\/\\\/www.vagadeempregorj.com.br\\\/#\\\/schema\\\/person\\\/3ddb19fa0539706786e502152f3aae95\"},\"description\":\"Veja em Vagas de Emprego RJ as vagas de emprego com e sem experi\u00eancia no seu Estado e Regi\u00e3o!\",\"breadcrumb\":{\"@id\":\"https:\\\/\\\/www.vagadeempregorj.com.br\\\/flex-atacarejo-151-vagas-de-emprego-pelo-pais\\\/#breadcrumb\"},\"inLanguage\":\"es\",\"potentialAction\":[{\"@type\":\"ReadAction\",\"target\":[\"https:\\\/\\\/www.vagadeempregorj.com.br\\\/flex-atacarejo-151-vagas-de-emprego-pelo-pais\\\/\"]}]},{\"@type\":\"ImageObject\",\"inLanguage\":\"es\",\"@id\":\"https:\\\/\\\/www.vagadeempregorj.com.br\\\/flex-atacarejo-151-vagas-de-emprego-pelo-pais\\\/#primaryimage\",\"url\":\"https:\\\/\\\/www.vagadeempregorj.com.br\\\/wp-content\\\/uploads\\\/2025\\\/01\\\/image-7.png\",\"contentUrl\":\"https:\\\/\\\/www.vagadeempregorj.com.br\\\/wp-content\\\/uploads\\\/2025\\\/01\\\/image-7.png\",\"width\":940,\"height\":430,\"caption\":\"Flex Atacarejo\"},{\"@type\":\"BreadcrumbList\",\"@id\":\"https:\\\/\\\/www.vagadeempregorj.com.br\\\/flex-atacarejo-151-vagas-de-emprego-pelo-pais\\\/#breadcrumb\",\"itemListElement\":[{\"@type\":\"ListItem\",\"position\":1,\"name\":\"In\u00edcio\",\"item\":\"https:\\\/\\\/www.vagadeempregorj.com.br\\\/\"},{\"@type\":\"ListItem\",\"position\":2,\"name\":\"Vagas de Emprego Nacionais\",\"item\":\"https:\\\/\\\/www.vagadeempregorj.com.br\\\/vagas-de-emprego-nacionais\\\/\"},{\"@type\":\"ListItem\",\"position\":3,\"name\":\"Flex Atacarejo: 151 vagas de emprego pelo pa\u00eds\"}]},{\"@type\":\"WebSite\",\"@id\":\"https:\\\/\\\/www.vagadeempregorj.com.br\\\/#website\",\"url\":\"https:\\\/\\\/www.vagadeempregorj.com.br\\\/\",\"name\":\"\",\"description\":\"Conquiste Sonhos: Vagas, Benef\u00edcios e Economia para Transformar Vidas e Alcan\u00e7ar Melhorias Cotidianas\",\"potentialAction\":[{\"@type\":\"SearchAction\",\"target\":{\"@type\":\"EntryPoint\",\"urlTemplate\":\"https:\\\/\\\/www.vagadeempregorj.com.br\\\/?s={search_term_string}\"},\"query-input\":{\"@type\":\"PropertyValueSpecification\",\"valueRequired\":true,\"valueName\":\"search_term_string\"}}],\"inLanguage\":\"es\"},{\"@type\":\"Person\",\"@id\":\"https:\\\/\\\/www.vagadeempregorj.com.br\\\/#\\\/schema\\\/person\\\/3ddb19fa0539706786e502152f3aae95\",\"name\":\"Michele\",\"image\":{\"@type\":\"ImageObject\",\"inLanguage\":\"es\",\"@id\":\"https:\\\/\\\/secure.gravatar.com\\\/avatar\\\/6b0eb9d22841282815e2cd856a0061c45e1761cd54b22e952d98c4746939aa85?s=96&r=g\",\"url\":\"https:\\\/\\\/secure.gravatar.com\\\/avatar\\\/6b0eb9d22841282815e2cd856a0061c45e1761cd54b22e952d98c4746939aa85?s=96&r=g\",\"contentUrl\":\"https:\\\/\\\/secure.gravatar.com\\\/avatar\\\/6b0eb9d22841282815e2cd856a0061c45e1761cd54b22e952d98c4746939aa85?s=96&r=g\",\"caption\":\"Michele\"},\"description\":\"Formada em Letras - Portugu\u00eas\\\/ Ingl\u00eas, e idealizadora do site Escritora de Sucesso, busca expandir o conhecimento de todos com informa\u00e7\u00f5es relevantes sobre diversos assuntos, enquanto redatora. No Vaga de Emprego RJ, traz oportunidades e dicas sobre o mercado de trabalho.\",\"url\":\"https:\\\/\\\/www.vagadeempregorj.com.br\\\/es\\\/author\\\/michele\\\/\"}]}<\/script>\n<!-- \/ Yoast SEO plugin. -->","yoast_head_json":{"title":"Flex Atacarejo: 151 vagas de emprego pelo pa\u00eds -","description":"Veja em Vagas de Emprego RJ as vagas de emprego com e sem experi\u00eancia no seu Estado e Regi\u00e3o!","robots":{"index":"index","follow":"follow","max-snippet":"max-snippet:-1","max-image-preview":"max-image-preview:large","max-video-preview":"max-video-preview:-1"},"canonical":"https:\/\/www.vagadeempregorj.com.br\/es\/flex-atacarejo-151-vagas-de-emprego-pelo-pais\/","og_locale":"es_MX","og_type":"article","og_title":"Flex Atacarejo: 151 vagas de emprego pelo pa\u00eds -","og_description":"Veja em Vagas de Emprego RJ as vagas de emprego com e sem experi\u00eancia no seu Estado e Regi\u00e3o!","og_url":"https:\/\/www.vagadeempregorj.com.br\/es\/flex-atacarejo-151-vagas-de-emprego-pelo-pais\/","article_publisher":"https:\/\/www.facebook.com\/empregobrasiloficial","article_published_time":"2025-01-29T09:00:00+00:00","og_image":[{"width":940,"height":430,"url":"https:\/\/www.vagadeempregorj.com.br\/wp-content\/uploads\/2025\/01\/image-7.png","type":"image\/png"}],"author":"Michele","twitter_card":"summary_large_image","twitter_misc":{"Written by":"Michele","Est. reading time":"4 minutos"},"schema":{"@context":"https:\/\/schema.org","@graph":[{"@type":"Article","@id":"https:\/\/www.vagadeempregorj.com.br\/flex-atacarejo-151-vagas-de-emprego-pelo-pais\/#article","isPartOf":{"@id":"https:\/\/www.vagadeempregorj.com.br\/flex-atacarejo-151-vagas-de-emprego-pelo-pais\/"},"author":{"name":"Michele","@id":"https:\/\/www.vagadeempregorj.com.br\/#\/schema\/person\/3ddb19fa0539706786e502152f3aae95"},"headline":"Flex Atacarejo: 151 vagas de emprego pelo pa\u00eds","datePublished":"2025-01-29T09:00:00+00:00","mainEntityOfPage":{"@id":"https:\/\/www.vagadeempregorj.com.br\/flex-atacarejo-151-vagas-de-emprego-pelo-pais\/"},"wordCount":712,"image":{"@id":"https:\/\/www.vagadeempregorj.com.br\/flex-atacarejo-151-vagas-de-emprego-pelo-pais\/#primaryimage"},"thumbnailUrl":"https:\/\/www.vagadeempregorj.com.br\/wp-content\/uploads\/2025\/01\/image-7.png","keywords":["empregos","oportunidades"],"articleSection":["Vagas de Emprego Nacionais"],"inLanguage":"es"},{"@type":"WebPage","@id":"https:\/\/www.vagadeempregorj.com.br\/flex-atacarejo-151-vagas-de-emprego-pelo-pais\/","url":"https:\/\/www.vagadeempregorj.com.br\/flex-atacarejo-151-vagas-de-emprego-pelo-pais\/","name":"Flex Atacarejo: 151 vagas de emprego pelo pa\u00eds -","isPartOf":{"@id":"https:\/\/www.vagadeempregorj.com.br\/#website"},"primaryImageOfPage":{"@id":"https:\/\/www.vagadeempregorj.com.br\/flex-atacarejo-151-vagas-de-emprego-pelo-pais\/#primaryimage"},"image":{"@id":"https:\/\/www.vagadeempregorj.com.br\/flex-atacarejo-151-vagas-de-emprego-pelo-pais\/#primaryimage"},"thumbnailUrl":"https:\/\/www.vagadeempregorj.com.br\/wp-content\/uploads\/2025\/01\/image-7.png","datePublished":"2025-01-29T09:00:00+00:00","author":{"@id":"https:\/\/www.vagadeempregorj.com.br\/#\/schema\/person\/3ddb19fa0539706786e502152f3aae95"},"description":"Veja em Vagas de Emprego RJ as vagas de emprego com e sem experi\u00eancia no seu Estado e Regi\u00e3o!","breadcrumb":{"@id":"https:\/\/www.vagadeempregorj.com.br\/flex-atacarejo-151-vagas-de-emprego-pelo-pais\/#breadcrumb"},"inLanguage":"es","potentialAction":[{"@type":"ReadAction","target":["https:\/\/www.vagadeempregorj.com.br\/flex-atacarejo-151-vagas-de-emprego-pelo-pais\/"]}]},{"@type":"ImageObject","inLanguage":"es","@id":"https:\/\/www.vagadeempregorj.com.br\/flex-atacarejo-151-vagas-de-emprego-pelo-pais\/#primaryimage","url":"https:\/\/www.vagadeempregorj.com.br\/wp-content\/uploads\/2025\/01\/image-7.png","contentUrl":"https:\/\/www.vagadeempregorj.com.br\/wp-content\/uploads\/2025\/01\/image-7.png","width":940,"height":430,"caption":"Flex Atacarejo"},{"@type":"BreadcrumbList","@id":"https:\/\/www.vagadeempregorj.com.br\/flex-atacarejo-151-vagas-de-emprego-pelo-pais\/#breadcrumb","itemListElement":[{"@type":"ListItem","position":1,"name":"In\u00edcio","item":"https:\/\/www.vagadeempregorj.com.br\/"},{"@type":"ListItem","position":2,"name":"Vagas de Emprego Nacionais","item":"https:\/\/www.vagadeempregorj.com.br\/vagas-de-emprego-nacionais\/"},{"@type":"ListItem","position":3,"name":"Flex Atacarejo: 151 vagas de emprego pelo pa\u00eds"}]},{"@type":"WebSite","@id":"https:\/\/www.vagadeempregorj.com.br\/#website","url":"https:\/\/www.vagadeempregorj.com.br\/","name":"","description":"Conquiste Sonhos: Vagas, Benef\u00edcios e Economia para Transformar Vidas e Alcan\u00e7ar Melhorias Cotidianas","potentialAction":[{"@type":"SearchAction","target":{"@type":"EntryPoint","urlTemplate":"https:\/\/www.vagadeempregorj.com.br\/?s={search_term_string}"},"query-input":{"@type":"PropertyValueSpecification","valueRequired":true,"valueName":"search_term_string"}}],"inLanguage":"es"},{"@type":"Person","@id":"https:\/\/www.vagadeempregorj.com.br\/#\/schema\/person\/3ddb19fa0539706786e502152f3aae95","name":"Michele","image":{"@type":"ImageObject","inLanguage":"es","@id":"https:\/\/secure.gravatar.com\/avatar\/6b0eb9d22841282815e2cd856a0061c45e1761cd54b22e952d98c4746939aa85?s=96&r=g","url":"https:\/\/secure.gravatar.com\/avatar\/6b0eb9d22841282815e2cd856a0061c45e1761cd54b22e952d98c4746939aa85?s=96&r=g","contentUrl":"https:\/\/secure.gravatar.com\/avatar\/6b0eb9d22841282815e2cd856a0061c45e1761cd54b22e952d98c4746939aa85?s=96&r=g","caption":"Michele"},"description":"Formada em Letras - Portugu\u00eas\/ Ingl\u00eas, e idealizadora do site Escritora de Sucesso, busca expandir o conhecimento de todos com informa\u00e7\u00f5es relevantes sobre diversos assuntos, enquanto redatora. No Vaga de Emprego RJ, traz oportunidades e dicas sobre o mercado de trabalho.","url":"https:\/\/www.vagadeempregorj.com.br\/es\/author\/michele\/"}]}},"_links":{"self":[{"href":"https:\/\/www.vagadeempregorj.com.br\/es\/wp-json\/wp\/v2\/posts\/42096","targetHints":{"allow":["GET"]}}],"collection":[{"href":"https:\/\/www.vagadeempregorj.com.br\/es\/wp-json\/wp\/v2\/posts"}],"about":[{"href":"https:\/\/www.vagadeempregorj.com.br\/es\/wp-json\/wp\/v2\/types\/post"}],"author":[{"embeddable":true,"href":"https:\/\/www.vagadeempregorj.com.br\/es\/wp-json\/wp\/v2\/users\/16"}],"replies":[{"embeddable":true,"href":"https:\/\/www.vagadeempregorj.com.br\/es\/wp-json\/wp\/v2\/comments?post=42096"}],"version-history":[{"count":0,"href":"https:\/\/www.vagadeempregorj.com.br\/es\/wp-json\/wp\/v2\/posts\/42096\/revisions"}],"wp:featuredmedia":[{"embeddable":true,"href":"https:\/\/www.vagadeempregorj.com.br\/es\/wp-json\/wp\/v2\/media\/42113"}],"wp:attachment":[{"href":"https:\/\/www.vagadeempregorj.com.br\/es\/wp-json\/wp\/v2\/media?parent=42096"}],"wp:term":[{"taxonomy":"category","embeddable":true,"href":"https:\/\/www.vagadeempregorj.com.br\/es\/wp-json\/wp\/v2\/categories?post=42096"},{"taxonomy":"post_tag","embeddable":true,"href":"https:\/\/www.vagadeempregorj.com.br\/es\/wp-json\/wp\/v2\/tags?post=42096"}],"curies":[{"name":"wp","href":"https:\/\/api.w.org\/{rel}","templated":true}]}}