{"id":42098,"date":"2025-01-31T06:00:00","date_gmt":"2025-01-31T09:00:00","guid":{"rendered":"https:\/\/www.vagadeempregorj.com.br\/?p=42098"},"modified":"2025-01-20T18:37:31","modified_gmt":"2025-01-20T21:37:31","slug":"telemont-263-vagas-de-emprego-pelo-pais","status":"publish","type":"post","link":"https:\/\/www.vagadeempregorj.com.br\/es\/telemont-263-vagas-de-emprego-pelo-pais\/","title":{"rendered":"TELEMONT: 263 vagas de emprego pelo pa\u00eds"},"content":{"rendered":"<p>A busca por um emprego que ofere\u00e7a estabilidade, crescimento e um ambiente de trabalho acolhedor \u00e9 o sonho de muitas pessoas. E, se voc\u00ea est\u00e1 nessa jornada, a <strong>TELEMONT<\/strong> pode ser exatamente o que voc\u00ea procura. Com 263 vagas dispon\u00edveis em diversas regi\u00f5es do Brasil, a empresa se destaca como uma das grandes empregadoras no setor de telecomunica\u00e7\u00f5es e servi\u00e7os de infraestrutura. <\/p>\n\n\n\n<figure class=\"wp-block-image size-full is-resized\"><img loading=\"lazy\" decoding=\"async\" width=\"768\" height=\"433\" src=\"https:\/\/www.vagadeempregorj.com.br\/wp-content\/uploads\/2025\/01\/image-8.png\" alt=\"TELEMONT\" class=\"wp-image-42114\" style=\"width:840px;height:auto\" srcset=\"https:\/\/www.vagadeempregorj.com.br\/wp-content\/uploads\/2025\/01\/image-8.png 768w, https:\/\/www.vagadeempregorj.com.br\/wp-content\/uploads\/2025\/01\/image-8-300x169.png 300w, https:\/\/www.vagadeempregorj.com.br\/wp-content\/uploads\/2025\/01\/image-8-383x215.png 383w, https:\/\/www.vagadeempregorj.com.br\/wp-content\/uploads\/2025\/01\/image-8-150x85.png 150w\" sizes=\"auto, (max-width: 768px) 100vw, 768px\" \/><\/figure>\n\n\n\n<h2 class=\"wp-block-heading\">Quais s\u00e3o as oportunidades de carreira na TELEMONT?<\/h2>\n\n\n\n<p>A TELEMONT \u00e9 conhecida por sua atua\u00e7\u00e3o em telecomunica\u00e7\u00f5es e servi\u00e7os de infraestrutura, mas o que realmente faz a diferen\u00e7a s\u00e3o as pessoas que comp\u00f5em sua equipe. S\u00e3o 263 vagas dispon\u00edveis, distribu\u00eddas por diferentes cidades e \u00e1reas de atua\u00e7\u00e3o. Vamos dar uma olhada nas principais oportunidades?<\/p>\n\n\n\n<h3 class=\"wp-block-heading\">T\u00e9cnico de Telecomunica\u00e7\u00f5es<\/h3>\n\n\n\n<p>Se voc\u00ea tem experi\u00eancia ou interesse em telecomunica\u00e7\u00f5es, esse cargo pode ser perfeito. Aqui, voc\u00ea ser\u00e1 respons\u00e1vel por:<\/p>\n\n\n\n<ul class=\"wp-block-list\">\n<li>Instalar, configurar e realizar manuten\u00e7\u00e3o em sistemas de telecomunica\u00e7\u00f5es.<\/li>\n\n\n\n<li>Garantir a qualidade do servi\u00e7o prestado aos clientes.<\/li>\n\n\n\n<li>Resolver problemas t\u00e9cnicos com rapidez e efici\u00eancia.<\/li>\n<\/ul>\n\n\n\n<h3 class=\"wp-block-heading\">Analista de Suporte<\/h3>\n\n\n\n<p>Ideal para quem gosta de resolver problemas e lidar com tecnologia. As responsabilidades incluem:<\/p>\n\n\n\n<ul class=\"wp-block-list\">\n<li>Oferecer suporte t\u00e9cnico remoto para clientes e colaboradores.<\/li>\n\n\n\n<li>Identificar e solucionar falhas nos sistemas de TI.<\/li>\n\n\n\n<li>Propor melhorias nos processos internos para maior efici\u00eancia.<\/li>\n<\/ul>\n\n\n\n<h3 class=\"wp-block-heading\">Auxiliar Administrativo<\/h3>\n\n\n\n<p>Se voc\u00ea prefere trabalhar com organiza\u00e7\u00e3o e log\u00edstica, esse cargo \u00e9 uma \u00f3tima escolha. Suas tarefas envolvem:<\/p>\n\n\n\n<ul class=\"wp-block-list\">\n<li>Controle e organiza\u00e7\u00e3o de documentos internos.<\/li>\n\n\n\n<li>Aux\u00edlio em processos administrativos e financeiros.<\/li>\n\n\n\n<li>Atendimento a colaboradores e parceiros.<\/li>\n<\/ul>\n\n\n\n<h3 class=\"wp-block-heading\">Motorista<\/h3>\n\n\n\n<p>Um papel essencial para manter as opera\u00e7\u00f5es funcionando. O motorista na TELEMONT atua:<\/p>\n\n\n\n<ul class=\"wp-block-list\">\n<li>Transportando equipamentos e materiais para os locais de instala\u00e7\u00e3o.<\/li>\n\n\n\n<li>Garantindo a seguran\u00e7a e o cumprimento dos prazos de entrega.<\/li>\n<\/ul>\n\n\n\n<p>Esses s\u00e3o apenas alguns exemplos. A TELEMONT tamb\u00e9m oferece vagas para estagi\u00e1rios, operadores de m\u00e1quinas, engenheiros e outros profissionais.<\/p>\n\n\n\n<h2 class=\"wp-block-heading\">Como se candidatar?<\/h2>\n\n\n\n<p>Agora que voc\u00ea conhece algumas das vagas, vamos ao pr\u00f3ximo passo: candidatar-se. Felizmente, o processo \u00e9 simples e r\u00e1pido. A TELEMONT utiliza a plataforma Gupy, que facilita todo o cadastro e a visualiza\u00e7\u00e3o das oportunidades dispon\u00edveis. Veja como fazer:<\/p>\n\n\n\n<ol class=\"wp-block-list\">\n<li>Copie e cole o endere\u00e7o no seu navegador:<br>Acesse <strong>https:\/\/telemont.gupy.io<\/strong>.<\/li>\n\n\n\n<li>Navegue pela p\u00e1gina e encontre sua oportunidade:<br>Ao entrar no site, voc\u00ea ver\u00e1 a lista de vagas dispon\u00edveis. Use os filtros para encontrar uma oportunidade na sua cidade ou que esteja alinhada ao seu perfil.<\/li>\n\n\n\n<li>Crie sua conta ou fa\u00e7a login:<br>Se \u00e9 a sua primeira vez usando a plataforma, ser\u00e1 necess\u00e1rio criar uma conta com seu e-mail e algumas informa\u00e7\u00f5es pessoais.<\/li>\n\n\n\n<li><strong>Envie seu curr\u00edculo e complete as informa\u00e7\u00f5es<\/strong>:<br>A Gupy permite que voc\u00ea anexe seu curr\u00edculo e preencha detalhes adicionais, como experi\u00eancia e forma\u00e7\u00e3o.<\/li>\n\n\n\n<li>Acompanhe o processo seletivo:<br>Ap\u00f3s se candidatar, voc\u00ea pode acompanhar todas as etapas pelo pr\u00f3prio site. Assim, fica f\u00e1cil saber o status da sua aplica\u00e7\u00e3o.<\/li>\n<\/ol>\n\n\n\n<h2 class=\"wp-block-heading\">Por que trabalhar na TELEMONT?<\/h2>\n\n\n\n<p>Al\u00e9m das vagas dispon\u00edveis, o ambiente de trabalho \u00e9 um grande atrativo na TELEMONT. A empresa investe no desenvolvimento de seus colaboradores, com programas de capacita\u00e7\u00e3o e planos de carreira que incentivam o crescimento interno.<\/p>\n\n\n\n<p>Outro ponto importante \u00e9 a valoriza\u00e7\u00e3o da diversidade. A TELEMONT acredita que equipes heterog\u00eaneas s\u00e3o mais criativas e inovadoras, refletindo o compromisso da empresa com inclus\u00e3o e respeito.<\/p>\n\n\n\n<p>Se voc\u00ea procura um emprego em uma empresa s\u00f3lida, que valoriza seus profissionais e oferece oportunidades reais de crescimento, a TELEMONT pode ser sua pr\u00f3xima casa.<\/p>\n\n\n\n<p><strong>Veja tamb\u00e9m: <a href=\"https:\/\/www.vagadeempregorj.com.br\/es\/assai-atacadista-1700-vagas-de-emprego-pelo-pais\/\">Assa\u00ed Atacadista: 1700 vagas de emprego pelo pa\u00eds<\/a><\/strong><\/p>\n\n\n\n<p>31 de janeiro de 2025<\/p>","protected":false},"excerpt":{"rendered":"<p>A busca por um emprego que ofere\u00e7a estabilidade, crescimento e um ambiente de trabalho acolhedor \u00e9 o sonho de muitas pessoas. E, se voc\u00ea est\u00e1 nessa jornada, a TELEMONT pode ser exatamente o que voc\u00ea procura. Com 263 vagas dispon\u00edveis em diversas regi\u00f5es do Brasil, a empresa se destaca como uma das grandes empregadoras no&hellip;&nbsp;<\/p>","protected":false},"author":16,"featured_media":42114,"comment_status":"closed","ping_status":"closed","sticky":false,"template":"","format":"standard","meta":{"neve_meta_sidebar":"","neve_meta_container":"","neve_meta_enable_content_width":"","neve_meta_content_width":0,"neve_meta_title_alignment":"","neve_meta_author_avatar":"","neve_post_elements_order":"","neve_meta_disable_header":"","neve_meta_disable_footer":"","neve_meta_disable_title":"","footnotes":""},"categories":[123],"tags":[830,608],"class_list":["post-42098","post","type-post","status-publish","format-standard","has-post-thumbnail","hentry","category-vagas-de-emprego-nacionais","tag-empregos","tag-oportunidades"],"yoast_head":"<!-- This site is optimized with the Yoast SEO plugin v27.5 - https:\/\/yoast.com\/product\/yoast-seo-wordpress\/ -->\n<title>TELEMONT: 263 vagas de emprego pelo pa\u00eds -<\/title>\n<meta name=\"description\" content=\"Veja em Vagas de Emprego RJ as vagas de emprego com e sem experi\u00eancia no seu Estado e Regi\u00e3o!\" \/>\n<meta name=\"robots\" content=\"index, follow, max-snippet:-1, max-image-preview:large, max-video-preview:-1\" \/>\n<link rel=\"canonical\" href=\"https:\/\/www.vagadeempregorj.com.br\/es\/telemont-263-vagas-de-emprego-pelo-pais\/\" \/>\n<meta property=\"og:locale\" content=\"es_MX\" \/>\n<meta property=\"og:type\" content=\"article\" \/>\n<meta property=\"og:title\" content=\"TELEMONT: 263 vagas de emprego pelo pa\u00eds -\" \/>\n<meta property=\"og:description\" content=\"Veja em Vagas de Emprego RJ as vagas de emprego com e sem experi\u00eancia no seu Estado e Regi\u00e3o!\" \/>\n<meta property=\"og:url\" content=\"https:\/\/www.vagadeempregorj.com.br\/es\/telemont-263-vagas-de-emprego-pelo-pais\/\" \/>\n<meta property=\"article:publisher\" content=\"https:\/\/www.facebook.com\/empregobrasiloficial\" \/>\n<meta property=\"article:published_time\" content=\"2025-01-31T09:00:00+00:00\" \/>\n<meta property=\"og:image\" content=\"https:\/\/www.vagadeempregorj.com.br\/wp-content\/uploads\/2025\/01\/image-8.png\" \/>\n\t<meta property=\"og:image:width\" content=\"768\" \/>\n\t<meta property=\"og:image:height\" content=\"433\" \/>\n\t<meta property=\"og:image:type\" content=\"image\/png\" \/>\n<meta name=\"author\" content=\"Michele\" \/>\n<meta name=\"twitter:card\" content=\"summary_large_image\" \/>\n<meta name=\"twitter:label1\" content=\"Written by\" \/>\n\t<meta name=\"twitter:data1\" content=\"Michele\" \/>\n\t<meta name=\"twitter:label2\" content=\"Est. reading time\" \/>\n\t<meta name=\"twitter:data2\" content=\"3 minutos\" \/>\n<script type=\"application\/ld+json\" class=\"yoast-schema-graph\">{\"@context\":\"https:\\\/\\\/schema.org\",\"@graph\":[{\"@type\":\"Article\",\"@id\":\"https:\\\/\\\/www.vagadeempregorj.com.br\\\/telemont-263-vagas-de-emprego-pelo-pais\\\/#article\",\"isPartOf\":{\"@id\":\"https:\\\/\\\/www.vagadeempregorj.com.br\\\/telemont-263-vagas-de-emprego-pelo-pais\\\/\"},\"author\":{\"name\":\"Michele\",\"@id\":\"https:\\\/\\\/www.vagadeempregorj.com.br\\\/#\\\/schema\\\/person\\\/3ddb19fa0539706786e502152f3aae95\"},\"headline\":\"TELEMONT: 263 vagas de emprego pelo pa\u00eds\",\"datePublished\":\"2025-01-31T09:00:00+00:00\",\"mainEntityOfPage\":{\"@id\":\"https:\\\/\\\/www.vagadeempregorj.com.br\\\/telemont-263-vagas-de-emprego-pelo-pais\\\/\"},\"wordCount\":628,\"image\":{\"@id\":\"https:\\\/\\\/www.vagadeempregorj.com.br\\\/telemont-263-vagas-de-emprego-pelo-pais\\\/#primaryimage\"},\"thumbnailUrl\":\"https:\\\/\\\/www.vagadeempregorj.com.br\\\/wp-content\\\/uploads\\\/2025\\\/01\\\/image-8.png\",\"keywords\":[\"empregos\",\"oportunidades\"],\"articleSection\":[\"Vagas de Emprego Nacionais\"],\"inLanguage\":\"es\"},{\"@type\":\"WebPage\",\"@id\":\"https:\\\/\\\/www.vagadeempregorj.com.br\\\/telemont-263-vagas-de-emprego-pelo-pais\\\/\",\"url\":\"https:\\\/\\\/www.vagadeempregorj.com.br\\\/telemont-263-vagas-de-emprego-pelo-pais\\\/\",\"name\":\"TELEMONT: 263 vagas de emprego pelo pa\u00eds -\",\"isPartOf\":{\"@id\":\"https:\\\/\\\/www.vagadeempregorj.com.br\\\/#website\"},\"primaryImageOfPage\":{\"@id\":\"https:\\\/\\\/www.vagadeempregorj.com.br\\\/telemont-263-vagas-de-emprego-pelo-pais\\\/#primaryimage\"},\"image\":{\"@id\":\"https:\\\/\\\/www.vagadeempregorj.com.br\\\/telemont-263-vagas-de-emprego-pelo-pais\\\/#primaryimage\"},\"thumbnailUrl\":\"https:\\\/\\\/www.vagadeempregorj.com.br\\\/wp-content\\\/uploads\\\/2025\\\/01\\\/image-8.png\",\"datePublished\":\"2025-01-31T09:00:00+00:00\",\"author\":{\"@id\":\"https:\\\/\\\/www.vagadeempregorj.com.br\\\/#\\\/schema\\\/person\\\/3ddb19fa0539706786e502152f3aae95\"},\"description\":\"Veja em Vagas de Emprego RJ as vagas de emprego com e sem experi\u00eancia no seu Estado e Regi\u00e3o!\",\"breadcrumb\":{\"@id\":\"https:\\\/\\\/www.vagadeempregorj.com.br\\\/telemont-263-vagas-de-emprego-pelo-pais\\\/#breadcrumb\"},\"inLanguage\":\"es\",\"potentialAction\":[{\"@type\":\"ReadAction\",\"target\":[\"https:\\\/\\\/www.vagadeempregorj.com.br\\\/telemont-263-vagas-de-emprego-pelo-pais\\\/\"]}]},{\"@type\":\"ImageObject\",\"inLanguage\":\"es\",\"@id\":\"https:\\\/\\\/www.vagadeempregorj.com.br\\\/telemont-263-vagas-de-emprego-pelo-pais\\\/#primaryimage\",\"url\":\"https:\\\/\\\/www.vagadeempregorj.com.br\\\/wp-content\\\/uploads\\\/2025\\\/01\\\/image-8.png\",\"contentUrl\":\"https:\\\/\\\/www.vagadeempregorj.com.br\\\/wp-content\\\/uploads\\\/2025\\\/01\\\/image-8.png\",\"width\":768,\"height\":433,\"caption\":\"TELEMONT\"},{\"@type\":\"BreadcrumbList\",\"@id\":\"https:\\\/\\\/www.vagadeempregorj.com.br\\\/telemont-263-vagas-de-emprego-pelo-pais\\\/#breadcrumb\",\"itemListElement\":[{\"@type\":\"ListItem\",\"position\":1,\"name\":\"In\u00edcio\",\"item\":\"https:\\\/\\\/www.vagadeempregorj.com.br\\\/\"},{\"@type\":\"ListItem\",\"position\":2,\"name\":\"Vagas de Emprego Nacionais\",\"item\":\"https:\\\/\\\/www.vagadeempregorj.com.br\\\/vagas-de-emprego-nacionais\\\/\"},{\"@type\":\"ListItem\",\"position\":3,\"name\":\"TELEMONT: 263 vagas de emprego pelo pa\u00eds\"}]},{\"@type\":\"WebSite\",\"@id\":\"https:\\\/\\\/www.vagadeempregorj.com.br\\\/#website\",\"url\":\"https:\\\/\\\/www.vagadeempregorj.com.br\\\/\",\"name\":\"\",\"description\":\"Conquiste Sonhos: Vagas, Benef\u00edcios e Economia para Transformar Vidas e Alcan\u00e7ar Melhorias Cotidianas\",\"potentialAction\":[{\"@type\":\"SearchAction\",\"target\":{\"@type\":\"EntryPoint\",\"urlTemplate\":\"https:\\\/\\\/www.vagadeempregorj.com.br\\\/?s={search_term_string}\"},\"query-input\":{\"@type\":\"PropertyValueSpecification\",\"valueRequired\":true,\"valueName\":\"search_term_string\"}}],\"inLanguage\":\"es\"},{\"@type\":\"Person\",\"@id\":\"https:\\\/\\\/www.vagadeempregorj.com.br\\\/#\\\/schema\\\/person\\\/3ddb19fa0539706786e502152f3aae95\",\"name\":\"Michele\",\"image\":{\"@type\":\"ImageObject\",\"inLanguage\":\"es\",\"@id\":\"https:\\\/\\\/secure.gravatar.com\\\/avatar\\\/6b0eb9d22841282815e2cd856a0061c45e1761cd54b22e952d98c4746939aa85?s=96&r=g\",\"url\":\"https:\\\/\\\/secure.gravatar.com\\\/avatar\\\/6b0eb9d22841282815e2cd856a0061c45e1761cd54b22e952d98c4746939aa85?s=96&r=g\",\"contentUrl\":\"https:\\\/\\\/secure.gravatar.com\\\/avatar\\\/6b0eb9d22841282815e2cd856a0061c45e1761cd54b22e952d98c4746939aa85?s=96&r=g\",\"caption\":\"Michele\"},\"description\":\"Formada em Letras - Portugu\u00eas\\\/ Ingl\u00eas, e idealizadora do site Escritora de Sucesso, busca expandir o conhecimento de todos com informa\u00e7\u00f5es relevantes sobre diversos assuntos, enquanto redatora. No Vaga de Emprego RJ, traz oportunidades e dicas sobre o mercado de trabalho.\",\"url\":\"https:\\\/\\\/www.vagadeempregorj.com.br\\\/es\\\/author\\\/michele\\\/\"}]}<\/script>\n<!-- \/ Yoast SEO plugin. -->","yoast_head_json":{"title":"TELEMONT: 263 vagas de emprego pelo pa\u00eds -","description":"Veja em Vagas de Emprego RJ as vagas de emprego com e sem experi\u00eancia no seu Estado e Regi\u00e3o!","robots":{"index":"index","follow":"follow","max-snippet":"max-snippet:-1","max-image-preview":"max-image-preview:large","max-video-preview":"max-video-preview:-1"},"canonical":"https:\/\/www.vagadeempregorj.com.br\/es\/telemont-263-vagas-de-emprego-pelo-pais\/","og_locale":"es_MX","og_type":"article","og_title":"TELEMONT: 263 vagas de emprego pelo pa\u00eds -","og_description":"Veja em Vagas de Emprego RJ as vagas de emprego com e sem experi\u00eancia no seu Estado e Regi\u00e3o!","og_url":"https:\/\/www.vagadeempregorj.com.br\/es\/telemont-263-vagas-de-emprego-pelo-pais\/","article_publisher":"https:\/\/www.facebook.com\/empregobrasiloficial","article_published_time":"2025-01-31T09:00:00+00:00","og_image":[{"width":768,"height":433,"url":"https:\/\/www.vagadeempregorj.com.br\/wp-content\/uploads\/2025\/01\/image-8.png","type":"image\/png"}],"author":"Michele","twitter_card":"summary_large_image","twitter_misc":{"Written by":"Michele","Est. reading time":"3 minutos"},"schema":{"@context":"https:\/\/schema.org","@graph":[{"@type":"Article","@id":"https:\/\/www.vagadeempregorj.com.br\/telemont-263-vagas-de-emprego-pelo-pais\/#article","isPartOf":{"@id":"https:\/\/www.vagadeempregorj.com.br\/telemont-263-vagas-de-emprego-pelo-pais\/"},"author":{"name":"Michele","@id":"https:\/\/www.vagadeempregorj.com.br\/#\/schema\/person\/3ddb19fa0539706786e502152f3aae95"},"headline":"TELEMONT: 263 vagas de emprego pelo pa\u00eds","datePublished":"2025-01-31T09:00:00+00:00","mainEntityOfPage":{"@id":"https:\/\/www.vagadeempregorj.com.br\/telemont-263-vagas-de-emprego-pelo-pais\/"},"wordCount":628,"image":{"@id":"https:\/\/www.vagadeempregorj.com.br\/telemont-263-vagas-de-emprego-pelo-pais\/#primaryimage"},"thumbnailUrl":"https:\/\/www.vagadeempregorj.com.br\/wp-content\/uploads\/2025\/01\/image-8.png","keywords":["empregos","oportunidades"],"articleSection":["Vagas de Emprego Nacionais"],"inLanguage":"es"},{"@type":"WebPage","@id":"https:\/\/www.vagadeempregorj.com.br\/telemont-263-vagas-de-emprego-pelo-pais\/","url":"https:\/\/www.vagadeempregorj.com.br\/telemont-263-vagas-de-emprego-pelo-pais\/","name":"TELEMONT: 263 vagas de emprego pelo pa\u00eds -","isPartOf":{"@id":"https:\/\/www.vagadeempregorj.com.br\/#website"},"primaryImageOfPage":{"@id":"https:\/\/www.vagadeempregorj.com.br\/telemont-263-vagas-de-emprego-pelo-pais\/#primaryimage"},"image":{"@id":"https:\/\/www.vagadeempregorj.com.br\/telemont-263-vagas-de-emprego-pelo-pais\/#primaryimage"},"thumbnailUrl":"https:\/\/www.vagadeempregorj.com.br\/wp-content\/uploads\/2025\/01\/image-8.png","datePublished":"2025-01-31T09:00:00+00:00","author":{"@id":"https:\/\/www.vagadeempregorj.com.br\/#\/schema\/person\/3ddb19fa0539706786e502152f3aae95"},"description":"Veja em Vagas de Emprego RJ as vagas de emprego com e sem experi\u00eancia no seu Estado e Regi\u00e3o!","breadcrumb":{"@id":"https:\/\/www.vagadeempregorj.com.br\/telemont-263-vagas-de-emprego-pelo-pais\/#breadcrumb"},"inLanguage":"es","potentialAction":[{"@type":"ReadAction","target":["https:\/\/www.vagadeempregorj.com.br\/telemont-263-vagas-de-emprego-pelo-pais\/"]}]},{"@type":"ImageObject","inLanguage":"es","@id":"https:\/\/www.vagadeempregorj.com.br\/telemont-263-vagas-de-emprego-pelo-pais\/#primaryimage","url":"https:\/\/www.vagadeempregorj.com.br\/wp-content\/uploads\/2025\/01\/image-8.png","contentUrl":"https:\/\/www.vagadeempregorj.com.br\/wp-content\/uploads\/2025\/01\/image-8.png","width":768,"height":433,"caption":"TELEMONT"},{"@type":"BreadcrumbList","@id":"https:\/\/www.vagadeempregorj.com.br\/telemont-263-vagas-de-emprego-pelo-pais\/#breadcrumb","itemListElement":[{"@type":"ListItem","position":1,"name":"In\u00edcio","item":"https:\/\/www.vagadeempregorj.com.br\/"},{"@type":"ListItem","position":2,"name":"Vagas de Emprego Nacionais","item":"https:\/\/www.vagadeempregorj.com.br\/vagas-de-emprego-nacionais\/"},{"@type":"ListItem","position":3,"name":"TELEMONT: 263 vagas de emprego pelo pa\u00eds"}]},{"@type":"WebSite","@id":"https:\/\/www.vagadeempregorj.com.br\/#website","url":"https:\/\/www.vagadeempregorj.com.br\/","name":"","description":"Conquiste Sonhos: Vagas, Benef\u00edcios e Economia para Transformar Vidas e Alcan\u00e7ar Melhorias Cotidianas","potentialAction":[{"@type":"SearchAction","target":{"@type":"EntryPoint","urlTemplate":"https:\/\/www.vagadeempregorj.com.br\/?s={search_term_string}"},"query-input":{"@type":"PropertyValueSpecification","valueRequired":true,"valueName":"search_term_string"}}],"inLanguage":"es"},{"@type":"Person","@id":"https:\/\/www.vagadeempregorj.com.br\/#\/schema\/person\/3ddb19fa0539706786e502152f3aae95","name":"Michele","image":{"@type":"ImageObject","inLanguage":"es","@id":"https:\/\/secure.gravatar.com\/avatar\/6b0eb9d22841282815e2cd856a0061c45e1761cd54b22e952d98c4746939aa85?s=96&r=g","url":"https:\/\/secure.gravatar.com\/avatar\/6b0eb9d22841282815e2cd856a0061c45e1761cd54b22e952d98c4746939aa85?s=96&r=g","contentUrl":"https:\/\/secure.gravatar.com\/avatar\/6b0eb9d22841282815e2cd856a0061c45e1761cd54b22e952d98c4746939aa85?s=96&r=g","caption":"Michele"},"description":"Formada em Letras - Portugu\u00eas\/ Ingl\u00eas, e idealizadora do site Escritora de Sucesso, busca expandir o conhecimento de todos com informa\u00e7\u00f5es relevantes sobre diversos assuntos, enquanto redatora. No Vaga de Emprego RJ, traz oportunidades e dicas sobre o mercado de trabalho.","url":"https:\/\/www.vagadeempregorj.com.br\/es\/author\/michele\/"}]}},"_links":{"self":[{"href":"https:\/\/www.vagadeempregorj.com.br\/es\/wp-json\/wp\/v2\/posts\/42098","targetHints":{"allow":["GET"]}}],"collection":[{"href":"https:\/\/www.vagadeempregorj.com.br\/es\/wp-json\/wp\/v2\/posts"}],"about":[{"href":"https:\/\/www.vagadeempregorj.com.br\/es\/wp-json\/wp\/v2\/types\/post"}],"author":[{"embeddable":true,"href":"https:\/\/www.vagadeempregorj.com.br\/es\/wp-json\/wp\/v2\/users\/16"}],"replies":[{"embeddable":true,"href":"https:\/\/www.vagadeempregorj.com.br\/es\/wp-json\/wp\/v2\/comments?post=42098"}],"version-history":[{"count":0,"href":"https:\/\/www.vagadeempregorj.com.br\/es\/wp-json\/wp\/v2\/posts\/42098\/revisions"}],"wp:featuredmedia":[{"embeddable":true,"href":"https:\/\/www.vagadeempregorj.com.br\/es\/wp-json\/wp\/v2\/media\/42114"}],"wp:attachment":[{"href":"https:\/\/www.vagadeempregorj.com.br\/es\/wp-json\/wp\/v2\/media?parent=42098"}],"wp:term":[{"taxonomy":"category","embeddable":true,"href":"https:\/\/www.vagadeempregorj.com.br\/es\/wp-json\/wp\/v2\/categories?post=42098"},{"taxonomy":"post_tag","embeddable":true,"href":"https:\/\/www.vagadeempregorj.com.br\/es\/wp-json\/wp\/v2\/tags?post=42098"}],"curies":[{"name":"wp","href":"https:\/\/api.w.org\/{rel}","templated":true}]}}