{"id":42104,"date":"2025-02-06T06:00:00","date_gmt":"2025-02-06T09:00:00","guid":{"rendered":"https:\/\/www.vagadeempregorj.com.br\/?p=42104"},"modified":"2025-01-20T18:37:37","modified_gmt":"2025-01-20T21:37:37","slug":"lojas-torra-176-vagas-de-emprego-pelo-pais","status":"publish","type":"post","link":"https:\/\/www.vagadeempregorj.com.br\/es\/lojas-torra-176-vagas-de-emprego-pelo-pais\/","title":{"rendered":"Lojas Torra: 176 vagas de emprego pelo pa\u00eds"},"content":{"rendered":"<p>Quem nunca passou por uma loja e ficou impressionado com a variedade de produtos e pre\u00e7os acess\u00edveis? As <strong>Lojas Torra<\/strong>, conhecidas por atender diferentes p\u00fablicos com moda, acess\u00f3rios e itens de casa, est\u00e3o oferecendo uma oportunidade que pode mudar sua vida: s\u00e3o 176 vagas de emprego dispon\u00edveis em v\u00e1rias cidades do Brasil. Se voc\u00ea est\u00e1 em busca de trabalho, talvez esta seja a chance que voc\u00ea precisava.<\/p>\n\n\n\n<figure class=\"wp-block-image size-full is-resized\"><img loading=\"lazy\" decoding=\"async\" width=\"700\" height=\"400\" src=\"https:\/\/www.vagadeempregorj.com.br\/wp-content\/uploads\/2025\/01\/image-11.png\" alt=\"\" class=\"wp-image-42117\" style=\"width:840px;height:auto\" srcset=\"https:\/\/www.vagadeempregorj.com.br\/wp-content\/uploads\/2025\/01\/image-11.png 700w, https:\/\/www.vagadeempregorj.com.br\/wp-content\/uploads\/2025\/01\/image-11-300x171.png 300w, https:\/\/www.vagadeempregorj.com.br\/wp-content\/uploads\/2025\/01\/image-11-150x86.png 150w\" sizes=\"auto, (max-width: 700px) 100vw, 700px\" \/><\/figure>\n\n\n\n<h2 class=\"wp-block-heading\">Quais s\u00e3o as oportunidades de carreira nas Lojas Torra?<\/h2>\n\n\n\n<p>As Lojas Torra t\u00eam se destacado n\u00e3o s\u00f3 pelos pre\u00e7os atrativos, mas tamb\u00e9m pela forma como valorizam seus colaboradores. Com 176 vagas abertas, h\u00e1 uma ampla variedade de cargos que atendem diferentes perfis profissionais. Desde fun\u00e7\u00f5es que exigem habilidades de relacionamento direto com o cliente at\u00e9 aquelas voltadas para os bastidores, sempre h\u00e1 espa\u00e7o para quem quer crescer. Vamos dar uma olhada mais detalhada?<\/p>\n\n\n\n<h3 class=\"wp-block-heading\">Assistente de Loja<\/h3>\n\n\n\n<p>Se voc\u00ea gosta de lidar com pessoas, esse cargo pode ser o ideal. Assistentes de loja s\u00e3o respons\u00e1veis por atender os clientes, organizar as prateleiras e garantir que todos os produtos estejam bem dispostos. \u00c9 o tipo de trabalho que exige simpatia e disposi\u00e7\u00e3o.<\/p>\n\n\n\n<h3 class=\"wp-block-heading\">Operador de Caixa<\/h3>\n\n\n\n<p>J\u00e1 pensou em trabalhar diretamente no cora\u00e7\u00e3o da loja? Os operadores de caixa s\u00e3o essenciais para garantir que a experi\u00eancia de compra dos clientes termine da melhor forma poss\u00edvel. Nesse cargo, \u00e9 importante ser \u00e1gil, atencioso e organizado.<\/p>\n\n\n\n<h3 class=\"wp-block-heading\">Repositor de Estoque<\/h3>\n\n\n\n<p>Para quem prefere um trabalho mais voltado \u00e0 organiza\u00e7\u00e3o e log\u00edstica, o repositor de estoque \u00e9 uma excelente escolha. Aqui, sua fun\u00e7\u00e3o ser\u00e1 manter o estoque em ordem, repor produtos nas prateleiras e ajudar a loja a funcionar como uma m\u00e1quina bem azeitada.<\/p>\n\n\n\n<h3 class=\"wp-block-heading\">Supervisor de Loja<\/h3>\n\n\n\n<p>Se voc\u00ea j\u00e1 tem experi\u00eancia no varejo e busca um cargo com maior responsabilidade, supervisor de loja pode ser a sua oportunidade. Voc\u00ea ser\u00e1 respons\u00e1vel por liderar equipes, acompanhar metas e garantir que os processos da loja sejam cumpridos.<\/p>\n\n\n\n<h3 class=\"wp-block-heading\">Assistente Administrativo<\/h3>\n\n\n\n<p>Esse cargo \u00e9 voltado para quem gosta de n\u00fameros e organiza\u00e7\u00e3o. O assistente administrativo cuida de tarefas como controles financeiros, documenta\u00e7\u00e3o e apoio aos gestores. Uma fun\u00e7\u00e3o essencial para o bom funcionamento da opera\u00e7\u00e3o.<\/p>\n\n\n\n<p>E essas s\u00e3o apenas algumas das vagas dispon\u00edveis. Dependendo da cidade em que voc\u00ea mora, podem surgir outras oportunidades, como consultor de vendas, t\u00e9cnico de manuten\u00e7\u00e3o e at\u00e9 mesmo cargos de ger\u00eancia.<\/p>\n\n\n\n<h2 class=\"wp-block-heading\">Como se candidatar?<\/h2>\n\n\n\n<p>Agora que voc\u00ea j\u00e1 sabe quais s\u00e3o as vagas dispon\u00edveis, est\u00e1 na hora de entender como se candidatar. O processo \u00e9 simples e pode ser feito online, sem precisar sair de casa. Ali\u00e1s, isso torna tudo ainda mais pr\u00e1tico, concorda? Abaixo, explico os passos para voc\u00ea garantir sua inscri\u00e7\u00e3o.<\/p>\n\n\n\n<ul class=\"wp-block-list\">\n<li>Copie e cole o endere\u00e7o <strong>https:\/\/lojas-torra.gupy.io\/<\/strong> em seu navegador.<\/li>\n\n\n\n<li>Acesse a p\u00e1gina e encontre uma oportunidade que combine com o seu perfil profissional e sua experi\u00eancia.<\/li>\n\n\n\n<li>Crie sua conta na plataforma Gupy se ainda n\u00e3o tiver uma. Esse processo \u00e9 r\u00e1pido e pede apenas informa\u00e7\u00f5es b\u00e1sicas.<\/li>\n\n\n\n<li><strong>Preencha seu perfil com cuidado<\/strong>, destacando suas experi\u00eancias e habilidades relevantes para o cargo desejado.<\/li>\n\n\n\n<li><strong>Envie seu curr\u00edculo<\/strong> diretamente pelo site.<\/li>\n\n\n\n<li>Acompanhe o status da sua inscri\u00e7\u00e3o. A plataforma atualiza cada etapa do processo seletivo.<\/li>\n<\/ul>\n\n\n\n<p>N\u00e3o tem mist\u00e9rio, n\u00e3o \u00e9? O importante \u00e9 que voc\u00ea dedique um tempinho para criar um perfil atrativo. Lembre-se: o mercado de trabalho \u00e9 competitivo, ent\u00e3o todo detalhe faz diferen\u00e7a.<\/p>\n\n\n\n<h2 class=\"wp-block-heading\">Por que trabalhar nas Lojas Torra?<\/h2>\n\n\n\n<p>Al\u00e9m das vagas, \u00e9 sempre importante considerar os benef\u00edcios de fazer parte de uma empresa como as Lojas Torra. Uma coisa \u00e9 certa: trabalhar em uma organiza\u00e7\u00e3o consolidada no mercado traz estabilidade e chances reais de crescimento. A empresa valoriza seus colaboradores, investe em treinamento e oferece um ambiente de trabalho din\u00e2mico, perfeito para quem gosta de desafios.<\/p>\n\n\n\n<p>Sem falar que voc\u00ea ter\u00e1 a chance de aprender muito. O varejo \u00e9 um dos setores mais movimentados do Brasil e, ao trabalhar nas Lojas Torra, voc\u00ea ter\u00e1 contato direto com diversas \u00e1reas, como vendas, gest\u00e3o e log\u00edstica. \u00c9 uma experi\u00eancia que enriquece qualquer curr\u00edculo.<\/p>\n\n\n\n<p><strong>Veja tamb\u00e9m: <a href=\"https:\/\/www.vagadeempregorj.com.br\/es\/assai-atacadista-1700-vagas-de-emprego-pelo-pais\/\">Assa\u00ed Atacadista: 1700 vagas de emprego pelo pa\u00eds<\/a><\/strong><\/p>\n\n\n\n<p>6 de fevereiro de 2025<\/p>","protected":false},"excerpt":{"rendered":"<p>Quem nunca passou por uma loja e ficou impressionado com a variedade de produtos e pre\u00e7os acess\u00edveis? As Lojas Torra, conhecidas por atender diferentes p\u00fablicos com moda, acess\u00f3rios e itens de casa, est\u00e3o oferecendo uma oportunidade que pode mudar sua vida: s\u00e3o 176 vagas de emprego dispon\u00edveis em v\u00e1rias cidades do Brasil. Se voc\u00ea est\u00e1&hellip;&nbsp;<\/p>","protected":false},"author":16,"featured_media":42117,"comment_status":"closed","ping_status":"closed","sticky":false,"template":"","format":"standard","meta":{"neve_meta_sidebar":"","neve_meta_container":"","neve_meta_enable_content_width":"","neve_meta_content_width":0,"neve_meta_title_alignment":"","neve_meta_author_avatar":"","neve_post_elements_order":"","neve_meta_disable_header":"","neve_meta_disable_footer":"","neve_meta_disable_title":"","footnotes":""},"categories":[123],"tags":[830,608],"class_list":["post-42104","post","type-post","status-publish","format-standard","has-post-thumbnail","hentry","category-vagas-de-emprego-nacionais","tag-empregos","tag-oportunidades"],"yoast_head":"<!-- This site is optimized with the Yoast SEO plugin v27.5 - https:\/\/yoast.com\/product\/yoast-seo-wordpress\/ -->\n<title>Lojas Torra: 176 vagas de emprego pelo pa\u00eds -<\/title>\n<meta name=\"description\" content=\"Veja em Vagas de Emprego RJ as vagas de emprego com e sem experi\u00eancia no seu Estado e Regi\u00e3o!\" \/>\n<meta name=\"robots\" content=\"index, follow, max-snippet:-1, max-image-preview:large, max-video-preview:-1\" \/>\n<link rel=\"canonical\" href=\"https:\/\/www.vagadeempregorj.com.br\/es\/lojas-torra-176-vagas-de-emprego-pelo-pais\/\" \/>\n<meta property=\"og:locale\" content=\"es_MX\" \/>\n<meta property=\"og:type\" content=\"article\" \/>\n<meta property=\"og:title\" content=\"Lojas Torra: 176 vagas de emprego pelo pa\u00eds -\" \/>\n<meta property=\"og:description\" content=\"Veja em Vagas de Emprego RJ as vagas de emprego com e sem experi\u00eancia no seu Estado e Regi\u00e3o!\" \/>\n<meta property=\"og:url\" content=\"https:\/\/www.vagadeempregorj.com.br\/es\/lojas-torra-176-vagas-de-emprego-pelo-pais\/\" \/>\n<meta property=\"article:publisher\" content=\"https:\/\/www.facebook.com\/empregobrasiloficial\" \/>\n<meta property=\"article:published_time\" content=\"2025-02-06T09:00:00+00:00\" \/>\n<meta property=\"og:image\" content=\"https:\/\/www.vagadeempregorj.com.br\/wp-content\/uploads\/2025\/01\/image-11.png\" \/>\n\t<meta property=\"og:image:width\" content=\"700\" \/>\n\t<meta property=\"og:image:height\" content=\"400\" \/>\n\t<meta property=\"og:image:type\" content=\"image\/png\" \/>\n<meta name=\"author\" content=\"Michele\" \/>\n<meta name=\"twitter:card\" content=\"summary_large_image\" \/>\n<meta name=\"twitter:label1\" content=\"Written by\" \/>\n\t<meta name=\"twitter:data1\" content=\"Michele\" \/>\n\t<meta name=\"twitter:label2\" content=\"Est. reading time\" \/>\n\t<meta name=\"twitter:data2\" content=\"4 minutos\" \/>\n<script type=\"application\/ld+json\" class=\"yoast-schema-graph\">{\"@context\":\"https:\\\/\\\/schema.org\",\"@graph\":[{\"@type\":\"Article\",\"@id\":\"https:\\\/\\\/www.vagadeempregorj.com.br\\\/lojas-torra-176-vagas-de-emprego-pelo-pais\\\/#article\",\"isPartOf\":{\"@id\":\"https:\\\/\\\/www.vagadeempregorj.com.br\\\/lojas-torra-176-vagas-de-emprego-pelo-pais\\\/\"},\"author\":{\"name\":\"Michele\",\"@id\":\"https:\\\/\\\/www.vagadeempregorj.com.br\\\/#\\\/schema\\\/person\\\/3ddb19fa0539706786e502152f3aae95\"},\"headline\":\"Lojas Torra: 176 vagas de emprego pelo pa\u00eds\",\"datePublished\":\"2025-02-06T09:00:00+00:00\",\"mainEntityOfPage\":{\"@id\":\"https:\\\/\\\/www.vagadeempregorj.com.br\\\/lojas-torra-176-vagas-de-emprego-pelo-pais\\\/\"},\"wordCount\":731,\"image\":{\"@id\":\"https:\\\/\\\/www.vagadeempregorj.com.br\\\/lojas-torra-176-vagas-de-emprego-pelo-pais\\\/#primaryimage\"},\"thumbnailUrl\":\"https:\\\/\\\/www.vagadeempregorj.com.br\\\/wp-content\\\/uploads\\\/2025\\\/01\\\/image-11.png\",\"keywords\":[\"empregos\",\"oportunidades\"],\"articleSection\":[\"Vagas de Emprego Nacionais\"],\"inLanguage\":\"es\"},{\"@type\":\"WebPage\",\"@id\":\"https:\\\/\\\/www.vagadeempregorj.com.br\\\/lojas-torra-176-vagas-de-emprego-pelo-pais\\\/\",\"url\":\"https:\\\/\\\/www.vagadeempregorj.com.br\\\/lojas-torra-176-vagas-de-emprego-pelo-pais\\\/\",\"name\":\"Lojas Torra: 176 vagas de emprego pelo pa\u00eds -\",\"isPartOf\":{\"@id\":\"https:\\\/\\\/www.vagadeempregorj.com.br\\\/#website\"},\"primaryImageOfPage\":{\"@id\":\"https:\\\/\\\/www.vagadeempregorj.com.br\\\/lojas-torra-176-vagas-de-emprego-pelo-pais\\\/#primaryimage\"},\"image\":{\"@id\":\"https:\\\/\\\/www.vagadeempregorj.com.br\\\/lojas-torra-176-vagas-de-emprego-pelo-pais\\\/#primaryimage\"},\"thumbnailUrl\":\"https:\\\/\\\/www.vagadeempregorj.com.br\\\/wp-content\\\/uploads\\\/2025\\\/01\\\/image-11.png\",\"datePublished\":\"2025-02-06T09:00:00+00:00\",\"author\":{\"@id\":\"https:\\\/\\\/www.vagadeempregorj.com.br\\\/#\\\/schema\\\/person\\\/3ddb19fa0539706786e502152f3aae95\"},\"description\":\"Veja em Vagas de Emprego RJ as vagas de emprego com e sem experi\u00eancia no seu Estado e Regi\u00e3o!\",\"breadcrumb\":{\"@id\":\"https:\\\/\\\/www.vagadeempregorj.com.br\\\/lojas-torra-176-vagas-de-emprego-pelo-pais\\\/#breadcrumb\"},\"inLanguage\":\"es\",\"potentialAction\":[{\"@type\":\"ReadAction\",\"target\":[\"https:\\\/\\\/www.vagadeempregorj.com.br\\\/lojas-torra-176-vagas-de-emprego-pelo-pais\\\/\"]}]},{\"@type\":\"ImageObject\",\"inLanguage\":\"es\",\"@id\":\"https:\\\/\\\/www.vagadeempregorj.com.br\\\/lojas-torra-176-vagas-de-emprego-pelo-pais\\\/#primaryimage\",\"url\":\"https:\\\/\\\/www.vagadeempregorj.com.br\\\/wp-content\\\/uploads\\\/2025\\\/01\\\/image-11.png\",\"contentUrl\":\"https:\\\/\\\/www.vagadeempregorj.com.br\\\/wp-content\\\/uploads\\\/2025\\\/01\\\/image-11.png\",\"width\":700,\"height\":400,\"caption\":\"Lojas Torra\"},{\"@type\":\"BreadcrumbList\",\"@id\":\"https:\\\/\\\/www.vagadeempregorj.com.br\\\/lojas-torra-176-vagas-de-emprego-pelo-pais\\\/#breadcrumb\",\"itemListElement\":[{\"@type\":\"ListItem\",\"position\":1,\"name\":\"In\u00edcio\",\"item\":\"https:\\\/\\\/www.vagadeempregorj.com.br\\\/\"},{\"@type\":\"ListItem\",\"position\":2,\"name\":\"Vagas de Emprego Nacionais\",\"item\":\"https:\\\/\\\/www.vagadeempregorj.com.br\\\/vagas-de-emprego-nacionais\\\/\"},{\"@type\":\"ListItem\",\"position\":3,\"name\":\"Lojas Torra: 176 vagas de emprego pelo pa\u00eds\"}]},{\"@type\":\"WebSite\",\"@id\":\"https:\\\/\\\/www.vagadeempregorj.com.br\\\/#website\",\"url\":\"https:\\\/\\\/www.vagadeempregorj.com.br\\\/\",\"name\":\"\",\"description\":\"Conquiste Sonhos: Vagas, Benef\u00edcios e Economia para Transformar Vidas e Alcan\u00e7ar Melhorias Cotidianas\",\"potentialAction\":[{\"@type\":\"SearchAction\",\"target\":{\"@type\":\"EntryPoint\",\"urlTemplate\":\"https:\\\/\\\/www.vagadeempregorj.com.br\\\/?s={search_term_string}\"},\"query-input\":{\"@type\":\"PropertyValueSpecification\",\"valueRequired\":true,\"valueName\":\"search_term_string\"}}],\"inLanguage\":\"es\"},{\"@type\":\"Person\",\"@id\":\"https:\\\/\\\/www.vagadeempregorj.com.br\\\/#\\\/schema\\\/person\\\/3ddb19fa0539706786e502152f3aae95\",\"name\":\"Michele\",\"image\":{\"@type\":\"ImageObject\",\"inLanguage\":\"es\",\"@id\":\"https:\\\/\\\/secure.gravatar.com\\\/avatar\\\/6b0eb9d22841282815e2cd856a0061c45e1761cd54b22e952d98c4746939aa85?s=96&r=g\",\"url\":\"https:\\\/\\\/secure.gravatar.com\\\/avatar\\\/6b0eb9d22841282815e2cd856a0061c45e1761cd54b22e952d98c4746939aa85?s=96&r=g\",\"contentUrl\":\"https:\\\/\\\/secure.gravatar.com\\\/avatar\\\/6b0eb9d22841282815e2cd856a0061c45e1761cd54b22e952d98c4746939aa85?s=96&r=g\",\"caption\":\"Michele\"},\"description\":\"Formada em Letras - Portugu\u00eas\\\/ Ingl\u00eas, e idealizadora do site Escritora de Sucesso, busca expandir o conhecimento de todos com informa\u00e7\u00f5es relevantes sobre diversos assuntos, enquanto redatora. No Vaga de Emprego RJ, traz oportunidades e dicas sobre o mercado de trabalho.\",\"url\":\"https:\\\/\\\/www.vagadeempregorj.com.br\\\/es\\\/author\\\/michele\\\/\"}]}<\/script>\n<!-- \/ Yoast SEO plugin. -->","yoast_head_json":{"title":"Lojas Torra: 176 vagas de emprego pelo pa\u00eds -","description":"Veja em Vagas de Emprego RJ as vagas de emprego com e sem experi\u00eancia no seu Estado e Regi\u00e3o!","robots":{"index":"index","follow":"follow","max-snippet":"max-snippet:-1","max-image-preview":"max-image-preview:large","max-video-preview":"max-video-preview:-1"},"canonical":"https:\/\/www.vagadeempregorj.com.br\/es\/lojas-torra-176-vagas-de-emprego-pelo-pais\/","og_locale":"es_MX","og_type":"article","og_title":"Lojas Torra: 176 vagas de emprego pelo pa\u00eds -","og_description":"Veja em Vagas de Emprego RJ as vagas de emprego com e sem experi\u00eancia no seu Estado e Regi\u00e3o!","og_url":"https:\/\/www.vagadeempregorj.com.br\/es\/lojas-torra-176-vagas-de-emprego-pelo-pais\/","article_publisher":"https:\/\/www.facebook.com\/empregobrasiloficial","article_published_time":"2025-02-06T09:00:00+00:00","og_image":[{"width":700,"height":400,"url":"https:\/\/www.vagadeempregorj.com.br\/wp-content\/uploads\/2025\/01\/image-11.png","type":"image\/png"}],"author":"Michele","twitter_card":"summary_large_image","twitter_misc":{"Written by":"Michele","Est. reading time":"4 minutos"},"schema":{"@context":"https:\/\/schema.org","@graph":[{"@type":"Article","@id":"https:\/\/www.vagadeempregorj.com.br\/lojas-torra-176-vagas-de-emprego-pelo-pais\/#article","isPartOf":{"@id":"https:\/\/www.vagadeempregorj.com.br\/lojas-torra-176-vagas-de-emprego-pelo-pais\/"},"author":{"name":"Michele","@id":"https:\/\/www.vagadeempregorj.com.br\/#\/schema\/person\/3ddb19fa0539706786e502152f3aae95"},"headline":"Lojas Torra: 176 vagas de emprego pelo pa\u00eds","datePublished":"2025-02-06T09:00:00+00:00","mainEntityOfPage":{"@id":"https:\/\/www.vagadeempregorj.com.br\/lojas-torra-176-vagas-de-emprego-pelo-pais\/"},"wordCount":731,"image":{"@id":"https:\/\/www.vagadeempregorj.com.br\/lojas-torra-176-vagas-de-emprego-pelo-pais\/#primaryimage"},"thumbnailUrl":"https:\/\/www.vagadeempregorj.com.br\/wp-content\/uploads\/2025\/01\/image-11.png","keywords":["empregos","oportunidades"],"articleSection":["Vagas de Emprego Nacionais"],"inLanguage":"es"},{"@type":"WebPage","@id":"https:\/\/www.vagadeempregorj.com.br\/lojas-torra-176-vagas-de-emprego-pelo-pais\/","url":"https:\/\/www.vagadeempregorj.com.br\/lojas-torra-176-vagas-de-emprego-pelo-pais\/","name":"Lojas Torra: 176 vagas de emprego pelo pa\u00eds -","isPartOf":{"@id":"https:\/\/www.vagadeempregorj.com.br\/#website"},"primaryImageOfPage":{"@id":"https:\/\/www.vagadeempregorj.com.br\/lojas-torra-176-vagas-de-emprego-pelo-pais\/#primaryimage"},"image":{"@id":"https:\/\/www.vagadeempregorj.com.br\/lojas-torra-176-vagas-de-emprego-pelo-pais\/#primaryimage"},"thumbnailUrl":"https:\/\/www.vagadeempregorj.com.br\/wp-content\/uploads\/2025\/01\/image-11.png","datePublished":"2025-02-06T09:00:00+00:00","author":{"@id":"https:\/\/www.vagadeempregorj.com.br\/#\/schema\/person\/3ddb19fa0539706786e502152f3aae95"},"description":"Veja em Vagas de Emprego RJ as vagas de emprego com e sem experi\u00eancia no seu Estado e Regi\u00e3o!","breadcrumb":{"@id":"https:\/\/www.vagadeempregorj.com.br\/lojas-torra-176-vagas-de-emprego-pelo-pais\/#breadcrumb"},"inLanguage":"es","potentialAction":[{"@type":"ReadAction","target":["https:\/\/www.vagadeempregorj.com.br\/lojas-torra-176-vagas-de-emprego-pelo-pais\/"]}]},{"@type":"ImageObject","inLanguage":"es","@id":"https:\/\/www.vagadeempregorj.com.br\/lojas-torra-176-vagas-de-emprego-pelo-pais\/#primaryimage","url":"https:\/\/www.vagadeempregorj.com.br\/wp-content\/uploads\/2025\/01\/image-11.png","contentUrl":"https:\/\/www.vagadeempregorj.com.br\/wp-content\/uploads\/2025\/01\/image-11.png","width":700,"height":400,"caption":"Lojas Torra"},{"@type":"BreadcrumbList","@id":"https:\/\/www.vagadeempregorj.com.br\/lojas-torra-176-vagas-de-emprego-pelo-pais\/#breadcrumb","itemListElement":[{"@type":"ListItem","position":1,"name":"In\u00edcio","item":"https:\/\/www.vagadeempregorj.com.br\/"},{"@type":"ListItem","position":2,"name":"Vagas de Emprego Nacionais","item":"https:\/\/www.vagadeempregorj.com.br\/vagas-de-emprego-nacionais\/"},{"@type":"ListItem","position":3,"name":"Lojas Torra: 176 vagas de emprego pelo pa\u00eds"}]},{"@type":"WebSite","@id":"https:\/\/www.vagadeempregorj.com.br\/#website","url":"https:\/\/www.vagadeempregorj.com.br\/","name":"","description":"Conquiste Sonhos: Vagas, Benef\u00edcios e Economia para Transformar Vidas e Alcan\u00e7ar Melhorias Cotidianas","potentialAction":[{"@type":"SearchAction","target":{"@type":"EntryPoint","urlTemplate":"https:\/\/www.vagadeempregorj.com.br\/?s={search_term_string}"},"query-input":{"@type":"PropertyValueSpecification","valueRequired":true,"valueName":"search_term_string"}}],"inLanguage":"es"},{"@type":"Person","@id":"https:\/\/www.vagadeempregorj.com.br\/#\/schema\/person\/3ddb19fa0539706786e502152f3aae95","name":"Michele","image":{"@type":"ImageObject","inLanguage":"es","@id":"https:\/\/secure.gravatar.com\/avatar\/6b0eb9d22841282815e2cd856a0061c45e1761cd54b22e952d98c4746939aa85?s=96&r=g","url":"https:\/\/secure.gravatar.com\/avatar\/6b0eb9d22841282815e2cd856a0061c45e1761cd54b22e952d98c4746939aa85?s=96&r=g","contentUrl":"https:\/\/secure.gravatar.com\/avatar\/6b0eb9d22841282815e2cd856a0061c45e1761cd54b22e952d98c4746939aa85?s=96&r=g","caption":"Michele"},"description":"Formada em Letras - Portugu\u00eas\/ Ingl\u00eas, e idealizadora do site Escritora de Sucesso, busca expandir o conhecimento de todos com informa\u00e7\u00f5es relevantes sobre diversos assuntos, enquanto redatora. No Vaga de Emprego RJ, traz oportunidades e dicas sobre o mercado de trabalho.","url":"https:\/\/www.vagadeempregorj.com.br\/es\/author\/michele\/"}]}},"_links":{"self":[{"href":"https:\/\/www.vagadeempregorj.com.br\/es\/wp-json\/wp\/v2\/posts\/42104","targetHints":{"allow":["GET"]}}],"collection":[{"href":"https:\/\/www.vagadeempregorj.com.br\/es\/wp-json\/wp\/v2\/posts"}],"about":[{"href":"https:\/\/www.vagadeempregorj.com.br\/es\/wp-json\/wp\/v2\/types\/post"}],"author":[{"embeddable":true,"href":"https:\/\/www.vagadeempregorj.com.br\/es\/wp-json\/wp\/v2\/users\/16"}],"replies":[{"embeddable":true,"href":"https:\/\/www.vagadeempregorj.com.br\/es\/wp-json\/wp\/v2\/comments?post=42104"}],"version-history":[{"count":0,"href":"https:\/\/www.vagadeempregorj.com.br\/es\/wp-json\/wp\/v2\/posts\/42104\/revisions"}],"wp:featuredmedia":[{"embeddable":true,"href":"https:\/\/www.vagadeempregorj.com.br\/es\/wp-json\/wp\/v2\/media\/42117"}],"wp:attachment":[{"href":"https:\/\/www.vagadeempregorj.com.br\/es\/wp-json\/wp\/v2\/media?parent=42104"}],"wp:term":[{"taxonomy":"category","embeddable":true,"href":"https:\/\/www.vagadeempregorj.com.br\/es\/wp-json\/wp\/v2\/categories?post=42104"},{"taxonomy":"post_tag","embeddable":true,"href":"https:\/\/www.vagadeempregorj.com.br\/es\/wp-json\/wp\/v2\/tags?post=42104"}],"curies":[{"name":"wp","href":"https:\/\/api.w.org\/{rel}","templated":true}]}}