{"id":42106,"date":"2025-02-08T06:00:00","date_gmt":"2025-02-08T09:00:00","guid":{"rendered":"https:\/\/www.vagadeempregorj.com.br\/?p=42106"},"modified":"2025-01-20T18:37:39","modified_gmt":"2025-01-20T21:37:39","slug":"redepharma-21-vagas-de-emprego-abertas","status":"publish","type":"post","link":"https:\/\/www.vagadeempregorj.com.br\/es\/redepharma-21-vagas-de-emprego-abertas\/","title":{"rendered":"Redepharma: 21 vagas de emprego abertas"},"content":{"rendered":"<p>Se voc\u00ea est\u00e1 em busca de uma nova oportunidade no mercado de trabalho, a <strong>Redepharma <\/strong>pode ter a chance ideal para voc\u00ea. Com 21 vagas de emprego dispon\u00edveis, a empresa est\u00e1 ampliando sua equipe e pode estar \u00e0 procura exatamente do seu talento. \u00c9 um \u00f3timo momento para quem quer trabalhar em uma das maiores redes de farm\u00e1cias do Brasil, com possibilidades reais de crescimento profissional e um ambiente de trabalho motivador. Que tal conhecer essas oportunidades e dar um passo importante na sua carreira?<\/p>\n\n\n\n<figure class=\"wp-block-image size-full is-resized\"><img loading=\"lazy\" decoding=\"async\" width=\"800\" height=\"533\" src=\"https:\/\/www.vagadeempregorj.com.br\/wp-content\/uploads\/2025\/01\/image-12.png\" alt=\"Redepharma \" class=\"wp-image-42118\" style=\"width:840px;height:auto\" srcset=\"https:\/\/www.vagadeempregorj.com.br\/wp-content\/uploads\/2025\/01\/image-12.png 800w, https:\/\/www.vagadeempregorj.com.br\/wp-content\/uploads\/2025\/01\/image-12-300x200.png 300w, https:\/\/www.vagadeempregorj.com.br\/wp-content\/uploads\/2025\/01\/image-12-768x512.png 768w, https:\/\/www.vagadeempregorj.com.br\/wp-content\/uploads\/2025\/01\/image-12-150x100.png 150w\" sizes=\"auto, (max-width: 800px) 100vw, 800px\" \/><\/figure>\n\n\n\n<h2 class=\"wp-block-heading\">Quais s\u00e3o as oportunidades de carreira na Redepharma?<\/h2>\n\n\n\n<p>A Redepharma \u00e9 conhecida n\u00e3o apenas pela qualidade no atendimento, mas tamb\u00e9m por valorizar seus colaboradores. Atualmente, h\u00e1 diversas vagas dispon\u00edveis para diferentes n\u00edveis de experi\u00eancia e \u00e1reas de atua\u00e7\u00e3o. Aqui est\u00e3o algumas das principais oportunidades:<\/p>\n\n\n\n<h3 class=\"wp-block-heading\">1# <strong>Atendente de Farm\u00e1cia<\/strong><\/h3>\n\n\n\n<p>Se voc\u00ea gosta de lidar com pessoas e tem interesse na \u00e1rea de sa\u00fade, o cargo de atendente de farm\u00e1cia pode ser perfeito para voc\u00ea. O profissional ser\u00e1 respons\u00e1vel por ajudar os clientes na escolha de medicamentos, orientar sobre o uso correto e garantir um atendimento de qualidade. Experi\u00eancia na fun\u00e7\u00e3o \u00e9 um diferencial, mas n\u00e3o obrigat\u00f3rio.<\/p>\n\n\n\n<h3 class=\"wp-block-heading\">2# <strong>Auxiliar de Estoque<\/strong><\/h3>\n\n\n\n<p>Para quem prefere uma fun\u00e7\u00e3o mais operacional, a vaga de auxiliar de estoque \u00e9 uma boa pedida. Esse profissional organiza os produtos, confere mercadorias e auxilia na log\u00edstica interna. \u00c9 uma posi\u00e7\u00e3o ideal para quem \u00e9 organizado e atento aos detalhes.<\/p>\n\n\n\n<h3 class=\"wp-block-heading\">3# <strong>Farmac\u00eautico<\/strong><\/h3>\n\n\n\n<p>A Redepharma tamb\u00e9m est\u00e1 buscando farmac\u00eauticos para compor sua equipe t\u00e9cnica. Esse profissional ser\u00e1 respons\u00e1vel por supervisionar as opera\u00e7\u00f5es da farm\u00e1cia, orientar os atendentes e garantir que as normas de sa\u00fade sejam seguidas. \u00c9 necess\u00e1rio ter registro no CRF ativo.<\/p>\n\n\n\n<h3 class=\"wp-block-heading\">4# <strong>Caixa<\/strong><\/h3>\n\n\n\n<p>Se voc\u00ea tem habilidades com n\u00fameros e gosta de um ambiente din\u00e2mico, a vaga de operador de caixa pode ser uma \u00f3tima op\u00e7\u00e3o. As principais responsabilidades incluem atender os clientes com agilidade, operar o sistema de pagamento e realizar fechamento di\u00e1rio.<\/p>\n\n\n\n<h3 class=\"wp-block-heading\">5# <strong>Gerente de Loja<\/strong><\/h3>\n\n\n\n<p>Para quem j\u00e1 tem experi\u00eancia em cargos de lideran\u00e7a, a vaga de gerente de loja \u00e9 uma oportunidade de comandar uma unidade da Redepharma. O gerente \u00e9 respons\u00e1vel por coordenar a equipe, atingir metas e garantir o bom funcionamento da loja. Esse cargo exige um perfil estrat\u00e9gico e pr\u00f3-ativo.<\/p>\n\n\n\n<p>Al\u00e9m dessas, h\u00e1 outras vagas em setores administrativos e log\u00edsticos. Cada posi\u00e7\u00e3o oferece benef\u00edcios competitivos e possibilidades de crescimento dentro da empresa.<\/p>\n\n\n\n<h2 class=\"wp-block-heading\">Como se candidatar?<\/h2>\n\n\n\n<p>Agora que voc\u00ea conhece as vagas dispon\u00edveis, o pr\u00f3ximo passo \u00e9 saber como se candidatar. A Redepharma utiliza a plataforma Gupy para receber as candidaturas, o que facilita bastante o processo para os interessados. O cadastro \u00e9 simples, mas \u00e9 importante seguir os passos corretamente para garantir sua inscri\u00e7\u00e3o.<\/p>\n\n\n\n<ul class=\"wp-block-list\">\n<li>Copie e cole o endere\u00e7o: <strong>https:\/\/redepharma.gupy.io<\/strong> no navegador de sua prefer\u00eancia.<\/li>\n\n\n\n<li><strong>Acesse a p\u00e1gina e encontre a oportunidade<\/strong>: Na p\u00e1gina inicial da Gupy da Redepharma, voc\u00ea ver\u00e1 a lista completa de vagas dispon\u00edveis. Clique na que mais combina com seu perfil.<\/li>\n\n\n\n<li>Fa\u00e7a seu cadastro: Se voc\u00ea ainda n\u00e3o tem uma conta na Gupy, ser\u00e1 necess\u00e1rio criar uma. \u00c9 r\u00e1pido e gratuito.<\/li>\n\n\n\n<li><strong>Envie seu curr\u00edculo<\/strong>: Preencha as informa\u00e7\u00f5es solicitadas e anexe seu curr\u00edculo atualizado. Esse \u00e9 o momento de destacar suas experi\u00eancias e habilidades.<\/li>\n\n\n\n<li>Finalize a inscri\u00e7\u00e3o: Confirme os dados e clique em &#8220;Enviar candidatura&#8221;. Pronto! Agora \u00e9 s\u00f3 aguardar o retorno da equipe de recrutamento.<\/li>\n<\/ul>\n\n\n\n<h2 class=\"wp-block-heading\">Dicas para se destacar no processo seletivo<\/h2>\n\n\n\n<p>Sabemos que a concorr\u00eancia pode ser acirrada, mas algumas atitudes podem aumentar suas chances de ser selecionado. Aqui est\u00e3o algumas dicas \u00fateis:<\/p>\n\n\n\n<ul class=\"wp-block-list\">\n<li>Revise seu curr\u00edculo antes de enviar. Certifique-se de que est\u00e1 bem estruturado e sem erros de portugu\u00eas.<\/li>\n\n\n\n<li>Destaque experi\u00eancias relevantes para a vaga desejada. N\u00e3o precisa listar todas as suas atividades profissionais, apenas as mais importantes.<\/li>\n\n\n\n<li>Mostre entusiasmo e alinhamento com os valores da Redepharma durante as entrevistas. A empresa valoriza profissionais que estejam comprometidos com a miss\u00e3o de cuidar das pessoas.<\/li>\n<\/ul>\n\n\n\n<p>Trabalhar na <strong>Redepharma<\/strong> \u00e9 uma excelente oportunidade para quem busca um ambiente profissional din\u00e2mico e em constante crescimento. Se voc\u00ea se identificou com alguma das vagas, n\u00e3o perca tempo e inscreva-se hoje mesmo. Quem sabe, sua pr\u00f3xima grande conquista profissional est\u00e1 mais perto do que voc\u00ea imagina?<\/p>\n\n\n\n<p><strong>Veja tamb\u00e9m: <a href=\"https:\/\/www.vagadeempregorj.com.br\/es\/assai-atacadista-1700-vagas-de-emprego-pelo-pais\/\">Assa\u00ed Atacadista: 1700 vagas de emprego pelo pa\u00eds<\/a><\/strong><\/p>\n\n\n\n<p>8 de fevereiro de 2025<\/p>","protected":false},"excerpt":{"rendered":"<p>Se voc\u00ea est\u00e1 em busca de uma nova oportunidade no mercado de trabalho, a Redepharma pode ter a chance ideal para voc\u00ea. Com 21 vagas de emprego dispon\u00edveis, a empresa est\u00e1 ampliando sua equipe e pode estar \u00e0 procura exatamente do seu talento. \u00c9 um \u00f3timo momento para quem quer trabalhar em uma das maiores&hellip;&nbsp;<\/p>","protected":false},"author":16,"featured_media":42118,"comment_status":"closed","ping_status":"closed","sticky":false,"template":"","format":"standard","meta":{"neve_meta_sidebar":"","neve_meta_container":"","neve_meta_enable_content_width":"","neve_meta_content_width":0,"neve_meta_title_alignment":"","neve_meta_author_avatar":"","neve_post_elements_order":"","neve_meta_disable_header":"","neve_meta_disable_footer":"","neve_meta_disable_title":"","footnotes":""},"categories":[123],"tags":[830,608],"class_list":["post-42106","post","type-post","status-publish","format-standard","has-post-thumbnail","hentry","category-vagas-de-emprego-nacionais","tag-empregos","tag-oportunidades"],"yoast_head":"<!-- This site is optimized with the Yoast SEO plugin v27.5 - https:\/\/yoast.com\/product\/yoast-seo-wordpress\/ -->\n<title>Redepharma: 21 vagas de emprego abertas -<\/title>\n<meta name=\"description\" content=\"Veja em Vagas de Emprego RJ as vagas de emprego com e sem experi\u00eancia no seu Estado e Regi\u00e3o!\" \/>\n<meta name=\"robots\" content=\"index, follow, max-snippet:-1, max-image-preview:large, max-video-preview:-1\" \/>\n<link rel=\"canonical\" href=\"https:\/\/www.vagadeempregorj.com.br\/es\/redepharma-21-vagas-de-emprego-abertas\/\" \/>\n<meta property=\"og:locale\" content=\"es_MX\" \/>\n<meta property=\"og:type\" content=\"article\" \/>\n<meta property=\"og:title\" content=\"Redepharma: 21 vagas de emprego abertas -\" \/>\n<meta property=\"og:description\" content=\"Veja em Vagas de Emprego RJ as vagas de emprego com e sem experi\u00eancia no seu Estado e Regi\u00e3o!\" \/>\n<meta property=\"og:url\" content=\"https:\/\/www.vagadeempregorj.com.br\/es\/redepharma-21-vagas-de-emprego-abertas\/\" \/>\n<meta property=\"article:publisher\" content=\"https:\/\/www.facebook.com\/empregobrasiloficial\" \/>\n<meta property=\"article:published_time\" content=\"2025-02-08T09:00:00+00:00\" \/>\n<meta property=\"og:image\" content=\"https:\/\/www.vagadeempregorj.com.br\/wp-content\/uploads\/2025\/01\/image-12.png\" \/>\n\t<meta property=\"og:image:width\" content=\"800\" \/>\n\t<meta property=\"og:image:height\" content=\"533\" \/>\n\t<meta property=\"og:image:type\" content=\"image\/png\" \/>\n<meta name=\"author\" content=\"Michele\" \/>\n<meta name=\"twitter:card\" content=\"summary_large_image\" \/>\n<meta name=\"twitter:label1\" content=\"Written by\" \/>\n\t<meta name=\"twitter:data1\" content=\"Michele\" \/>\n\t<meta name=\"twitter:label2\" content=\"Est. reading time\" \/>\n\t<meta name=\"twitter:data2\" content=\"4 minutos\" \/>\n<script type=\"application\/ld+json\" class=\"yoast-schema-graph\">{\"@context\":\"https:\\\/\\\/schema.org\",\"@graph\":[{\"@type\":\"Article\",\"@id\":\"https:\\\/\\\/www.vagadeempregorj.com.br\\\/redepharma-21-vagas-de-emprego-abertas\\\/#article\",\"isPartOf\":{\"@id\":\"https:\\\/\\\/www.vagadeempregorj.com.br\\\/redepharma-21-vagas-de-emprego-abertas\\\/\"},\"author\":{\"name\":\"Michele\",\"@id\":\"https:\\\/\\\/www.vagadeempregorj.com.br\\\/#\\\/schema\\\/person\\\/3ddb19fa0539706786e502152f3aae95\"},\"headline\":\"Redepharma: 21 vagas de emprego abertas\",\"datePublished\":\"2025-02-08T09:00:00+00:00\",\"mainEntityOfPage\":{\"@id\":\"https:\\\/\\\/www.vagadeempregorj.com.br\\\/redepharma-21-vagas-de-emprego-abertas\\\/\"},\"wordCount\":759,\"image\":{\"@id\":\"https:\\\/\\\/www.vagadeempregorj.com.br\\\/redepharma-21-vagas-de-emprego-abertas\\\/#primaryimage\"},\"thumbnailUrl\":\"https:\\\/\\\/www.vagadeempregorj.com.br\\\/wp-content\\\/uploads\\\/2025\\\/01\\\/image-12.png\",\"keywords\":[\"empregos\",\"oportunidades\"],\"articleSection\":[\"Vagas de Emprego Nacionais\"],\"inLanguage\":\"es\"},{\"@type\":\"WebPage\",\"@id\":\"https:\\\/\\\/www.vagadeempregorj.com.br\\\/redepharma-21-vagas-de-emprego-abertas\\\/\",\"url\":\"https:\\\/\\\/www.vagadeempregorj.com.br\\\/redepharma-21-vagas-de-emprego-abertas\\\/\",\"name\":\"Redepharma: 21 vagas de emprego abertas -\",\"isPartOf\":{\"@id\":\"https:\\\/\\\/www.vagadeempregorj.com.br\\\/#website\"},\"primaryImageOfPage\":{\"@id\":\"https:\\\/\\\/www.vagadeempregorj.com.br\\\/redepharma-21-vagas-de-emprego-abertas\\\/#primaryimage\"},\"image\":{\"@id\":\"https:\\\/\\\/www.vagadeempregorj.com.br\\\/redepharma-21-vagas-de-emprego-abertas\\\/#primaryimage\"},\"thumbnailUrl\":\"https:\\\/\\\/www.vagadeempregorj.com.br\\\/wp-content\\\/uploads\\\/2025\\\/01\\\/image-12.png\",\"datePublished\":\"2025-02-08T09:00:00+00:00\",\"author\":{\"@id\":\"https:\\\/\\\/www.vagadeempregorj.com.br\\\/#\\\/schema\\\/person\\\/3ddb19fa0539706786e502152f3aae95\"},\"description\":\"Veja em Vagas de Emprego RJ as vagas de emprego com e sem experi\u00eancia no seu Estado e Regi\u00e3o!\",\"breadcrumb\":{\"@id\":\"https:\\\/\\\/www.vagadeempregorj.com.br\\\/redepharma-21-vagas-de-emprego-abertas\\\/#breadcrumb\"},\"inLanguage\":\"es\",\"potentialAction\":[{\"@type\":\"ReadAction\",\"target\":[\"https:\\\/\\\/www.vagadeempregorj.com.br\\\/redepharma-21-vagas-de-emprego-abertas\\\/\"]}]},{\"@type\":\"ImageObject\",\"inLanguage\":\"es\",\"@id\":\"https:\\\/\\\/www.vagadeempregorj.com.br\\\/redepharma-21-vagas-de-emprego-abertas\\\/#primaryimage\",\"url\":\"https:\\\/\\\/www.vagadeempregorj.com.br\\\/wp-content\\\/uploads\\\/2025\\\/01\\\/image-12.png\",\"contentUrl\":\"https:\\\/\\\/www.vagadeempregorj.com.br\\\/wp-content\\\/uploads\\\/2025\\\/01\\\/image-12.png\",\"width\":800,\"height\":533,\"caption\":\"Redepharma\"},{\"@type\":\"BreadcrumbList\",\"@id\":\"https:\\\/\\\/www.vagadeempregorj.com.br\\\/redepharma-21-vagas-de-emprego-abertas\\\/#breadcrumb\",\"itemListElement\":[{\"@type\":\"ListItem\",\"position\":1,\"name\":\"In\u00edcio\",\"item\":\"https:\\\/\\\/www.vagadeempregorj.com.br\\\/\"},{\"@type\":\"ListItem\",\"position\":2,\"name\":\"Vagas de Emprego Nacionais\",\"item\":\"https:\\\/\\\/www.vagadeempregorj.com.br\\\/vagas-de-emprego-nacionais\\\/\"},{\"@type\":\"ListItem\",\"position\":3,\"name\":\"Redepharma: 21 vagas de emprego abertas\"}]},{\"@type\":\"WebSite\",\"@id\":\"https:\\\/\\\/www.vagadeempregorj.com.br\\\/#website\",\"url\":\"https:\\\/\\\/www.vagadeempregorj.com.br\\\/\",\"name\":\"\",\"description\":\"Conquiste Sonhos: Vagas, Benef\u00edcios e Economia para Transformar Vidas e Alcan\u00e7ar Melhorias Cotidianas\",\"potentialAction\":[{\"@type\":\"SearchAction\",\"target\":{\"@type\":\"EntryPoint\",\"urlTemplate\":\"https:\\\/\\\/www.vagadeempregorj.com.br\\\/?s={search_term_string}\"},\"query-input\":{\"@type\":\"PropertyValueSpecification\",\"valueRequired\":true,\"valueName\":\"search_term_string\"}}],\"inLanguage\":\"es\"},{\"@type\":\"Person\",\"@id\":\"https:\\\/\\\/www.vagadeempregorj.com.br\\\/#\\\/schema\\\/person\\\/3ddb19fa0539706786e502152f3aae95\",\"name\":\"Michele\",\"image\":{\"@type\":\"ImageObject\",\"inLanguage\":\"es\",\"@id\":\"https:\\\/\\\/secure.gravatar.com\\\/avatar\\\/6b0eb9d22841282815e2cd856a0061c45e1761cd54b22e952d98c4746939aa85?s=96&r=g\",\"url\":\"https:\\\/\\\/secure.gravatar.com\\\/avatar\\\/6b0eb9d22841282815e2cd856a0061c45e1761cd54b22e952d98c4746939aa85?s=96&r=g\",\"contentUrl\":\"https:\\\/\\\/secure.gravatar.com\\\/avatar\\\/6b0eb9d22841282815e2cd856a0061c45e1761cd54b22e952d98c4746939aa85?s=96&r=g\",\"caption\":\"Michele\"},\"description\":\"Formada em Letras - Portugu\u00eas\\\/ Ingl\u00eas, e idealizadora do site Escritora de Sucesso, busca expandir o conhecimento de todos com informa\u00e7\u00f5es relevantes sobre diversos assuntos, enquanto redatora. No Vaga de Emprego RJ, traz oportunidades e dicas sobre o mercado de trabalho.\",\"url\":\"https:\\\/\\\/www.vagadeempregorj.com.br\\\/es\\\/author\\\/michele\\\/\"}]}<\/script>\n<!-- \/ Yoast SEO plugin. -->","yoast_head_json":{"title":"Redepharma: 21 vagas de emprego abertas -","description":"Veja em Vagas de Emprego RJ as vagas de emprego com e sem experi\u00eancia no seu Estado e Regi\u00e3o!","robots":{"index":"index","follow":"follow","max-snippet":"max-snippet:-1","max-image-preview":"max-image-preview:large","max-video-preview":"max-video-preview:-1"},"canonical":"https:\/\/www.vagadeempregorj.com.br\/es\/redepharma-21-vagas-de-emprego-abertas\/","og_locale":"es_MX","og_type":"article","og_title":"Redepharma: 21 vagas de emprego abertas -","og_description":"Veja em Vagas de Emprego RJ as vagas de emprego com e sem experi\u00eancia no seu Estado e Regi\u00e3o!","og_url":"https:\/\/www.vagadeempregorj.com.br\/es\/redepharma-21-vagas-de-emprego-abertas\/","article_publisher":"https:\/\/www.facebook.com\/empregobrasiloficial","article_published_time":"2025-02-08T09:00:00+00:00","og_image":[{"width":800,"height":533,"url":"https:\/\/www.vagadeempregorj.com.br\/wp-content\/uploads\/2025\/01\/image-12.png","type":"image\/png"}],"author":"Michele","twitter_card":"summary_large_image","twitter_misc":{"Written by":"Michele","Est. reading time":"4 minutos"},"schema":{"@context":"https:\/\/schema.org","@graph":[{"@type":"Article","@id":"https:\/\/www.vagadeempregorj.com.br\/redepharma-21-vagas-de-emprego-abertas\/#article","isPartOf":{"@id":"https:\/\/www.vagadeempregorj.com.br\/redepharma-21-vagas-de-emprego-abertas\/"},"author":{"name":"Michele","@id":"https:\/\/www.vagadeempregorj.com.br\/#\/schema\/person\/3ddb19fa0539706786e502152f3aae95"},"headline":"Redepharma: 21 vagas de emprego abertas","datePublished":"2025-02-08T09:00:00+00:00","mainEntityOfPage":{"@id":"https:\/\/www.vagadeempregorj.com.br\/redepharma-21-vagas-de-emprego-abertas\/"},"wordCount":759,"image":{"@id":"https:\/\/www.vagadeempregorj.com.br\/redepharma-21-vagas-de-emprego-abertas\/#primaryimage"},"thumbnailUrl":"https:\/\/www.vagadeempregorj.com.br\/wp-content\/uploads\/2025\/01\/image-12.png","keywords":["empregos","oportunidades"],"articleSection":["Vagas de Emprego Nacionais"],"inLanguage":"es"},{"@type":"WebPage","@id":"https:\/\/www.vagadeempregorj.com.br\/redepharma-21-vagas-de-emprego-abertas\/","url":"https:\/\/www.vagadeempregorj.com.br\/redepharma-21-vagas-de-emprego-abertas\/","name":"Redepharma: 21 vagas de emprego abertas -","isPartOf":{"@id":"https:\/\/www.vagadeempregorj.com.br\/#website"},"primaryImageOfPage":{"@id":"https:\/\/www.vagadeempregorj.com.br\/redepharma-21-vagas-de-emprego-abertas\/#primaryimage"},"image":{"@id":"https:\/\/www.vagadeempregorj.com.br\/redepharma-21-vagas-de-emprego-abertas\/#primaryimage"},"thumbnailUrl":"https:\/\/www.vagadeempregorj.com.br\/wp-content\/uploads\/2025\/01\/image-12.png","datePublished":"2025-02-08T09:00:00+00:00","author":{"@id":"https:\/\/www.vagadeempregorj.com.br\/#\/schema\/person\/3ddb19fa0539706786e502152f3aae95"},"description":"Veja em Vagas de Emprego RJ as vagas de emprego com e sem experi\u00eancia no seu Estado e Regi\u00e3o!","breadcrumb":{"@id":"https:\/\/www.vagadeempregorj.com.br\/redepharma-21-vagas-de-emprego-abertas\/#breadcrumb"},"inLanguage":"es","potentialAction":[{"@type":"ReadAction","target":["https:\/\/www.vagadeempregorj.com.br\/redepharma-21-vagas-de-emprego-abertas\/"]}]},{"@type":"ImageObject","inLanguage":"es","@id":"https:\/\/www.vagadeempregorj.com.br\/redepharma-21-vagas-de-emprego-abertas\/#primaryimage","url":"https:\/\/www.vagadeempregorj.com.br\/wp-content\/uploads\/2025\/01\/image-12.png","contentUrl":"https:\/\/www.vagadeempregorj.com.br\/wp-content\/uploads\/2025\/01\/image-12.png","width":800,"height":533,"caption":"Redepharma"},{"@type":"BreadcrumbList","@id":"https:\/\/www.vagadeempregorj.com.br\/redepharma-21-vagas-de-emprego-abertas\/#breadcrumb","itemListElement":[{"@type":"ListItem","position":1,"name":"In\u00edcio","item":"https:\/\/www.vagadeempregorj.com.br\/"},{"@type":"ListItem","position":2,"name":"Vagas de Emprego Nacionais","item":"https:\/\/www.vagadeempregorj.com.br\/vagas-de-emprego-nacionais\/"},{"@type":"ListItem","position":3,"name":"Redepharma: 21 vagas de emprego abertas"}]},{"@type":"WebSite","@id":"https:\/\/www.vagadeempregorj.com.br\/#website","url":"https:\/\/www.vagadeempregorj.com.br\/","name":"","description":"Conquiste Sonhos: Vagas, Benef\u00edcios e Economia para Transformar Vidas e Alcan\u00e7ar Melhorias Cotidianas","potentialAction":[{"@type":"SearchAction","target":{"@type":"EntryPoint","urlTemplate":"https:\/\/www.vagadeempregorj.com.br\/?s={search_term_string}"},"query-input":{"@type":"PropertyValueSpecification","valueRequired":true,"valueName":"search_term_string"}}],"inLanguage":"es"},{"@type":"Person","@id":"https:\/\/www.vagadeempregorj.com.br\/#\/schema\/person\/3ddb19fa0539706786e502152f3aae95","name":"Michele","image":{"@type":"ImageObject","inLanguage":"es","@id":"https:\/\/secure.gravatar.com\/avatar\/6b0eb9d22841282815e2cd856a0061c45e1761cd54b22e952d98c4746939aa85?s=96&r=g","url":"https:\/\/secure.gravatar.com\/avatar\/6b0eb9d22841282815e2cd856a0061c45e1761cd54b22e952d98c4746939aa85?s=96&r=g","contentUrl":"https:\/\/secure.gravatar.com\/avatar\/6b0eb9d22841282815e2cd856a0061c45e1761cd54b22e952d98c4746939aa85?s=96&r=g","caption":"Michele"},"description":"Formada em Letras - Portugu\u00eas\/ Ingl\u00eas, e idealizadora do site Escritora de Sucesso, busca expandir o conhecimento de todos com informa\u00e7\u00f5es relevantes sobre diversos assuntos, enquanto redatora. No Vaga de Emprego RJ, traz oportunidades e dicas sobre o mercado de trabalho.","url":"https:\/\/www.vagadeempregorj.com.br\/es\/author\/michele\/"}]}},"_links":{"self":[{"href":"https:\/\/www.vagadeempregorj.com.br\/es\/wp-json\/wp\/v2\/posts\/42106","targetHints":{"allow":["GET"]}}],"collection":[{"href":"https:\/\/www.vagadeempregorj.com.br\/es\/wp-json\/wp\/v2\/posts"}],"about":[{"href":"https:\/\/www.vagadeempregorj.com.br\/es\/wp-json\/wp\/v2\/types\/post"}],"author":[{"embeddable":true,"href":"https:\/\/www.vagadeempregorj.com.br\/es\/wp-json\/wp\/v2\/users\/16"}],"replies":[{"embeddable":true,"href":"https:\/\/www.vagadeempregorj.com.br\/es\/wp-json\/wp\/v2\/comments?post=42106"}],"version-history":[{"count":0,"href":"https:\/\/www.vagadeempregorj.com.br\/es\/wp-json\/wp\/v2\/posts\/42106\/revisions"}],"wp:featuredmedia":[{"embeddable":true,"href":"https:\/\/www.vagadeempregorj.com.br\/es\/wp-json\/wp\/v2\/media\/42118"}],"wp:attachment":[{"href":"https:\/\/www.vagadeempregorj.com.br\/es\/wp-json\/wp\/v2\/media?parent=42106"}],"wp:term":[{"taxonomy":"category","embeddable":true,"href":"https:\/\/www.vagadeempregorj.com.br\/es\/wp-json\/wp\/v2\/categories?post=42106"},{"taxonomy":"post_tag","embeddable":true,"href":"https:\/\/www.vagadeempregorj.com.br\/es\/wp-json\/wp\/v2\/tags?post=42106"}],"curies":[{"name":"wp","href":"https:\/\/api.w.org\/{rel}","templated":true}]}}