{"id":42142,"date":"2025-01-27T06:00:00","date_gmt":"2025-01-27T09:00:00","guid":{"rendered":"https:\/\/www.vagadeempregorj.com.br\/?p=42142"},"modified":"2025-01-21T16:54:10","modified_gmt":"2025-01-21T19:54:10","slug":"cual-es-el-valor-actual-del-salario-minimo-en-2025-y-que-cambios-se-han-producido","status":"publish","type":"post","link":"https:\/\/www.vagadeempregorj.com.br\/es\/salario-minimo-em-2025-qual-o-valor-atualizado-e-mudancas\/","title":{"rendered":"Salario m\u00ednimo en 2025: \u00bfCu\u00e1l es el valor actualizado y qu\u00e9 cambios se han introducido?"},"content":{"rendered":"<p class=\"wp-block-paragraph\">El salario m\u00ednimo en 2025 ya es un tema de gran inter\u00e9s para millones de brasile\u00f1os. Al fin y al cabo, impacta directamente en los presupuestos de trabajadores, jubilados y diversos programas sociales del pa\u00eds. Conocer el valor actualizado y los cambios previstos es fundamental para organizar las finanzas y comprender el panorama econ\u00f3mico.<\/p>\n\n\n\n<figure class=\"wp-block-image size-large\"><img loading=\"lazy\" decoding=\"async\" width=\"1024\" height=\"683\" src=\"https:\/\/www.vagadeempregorj.com.br\/wp-content\/uploads\/2025\/01\/image-15-1024x683.png\" alt=\"\" class=\"wp-image-42157\" srcset=\"https:\/\/www.vagadeempregorj.com.br\/wp-content\/uploads\/2025\/01\/image-15-1024x683.png 1024w, https:\/\/www.vagadeempregorj.com.br\/wp-content\/uploads\/2025\/01\/image-15-300x200.png 300w, https:\/\/www.vagadeempregorj.com.br\/wp-content\/uploads\/2025\/01\/image-15-768x512.png 768w, https:\/\/www.vagadeempregorj.com.br\/wp-content\/uploads\/2025\/01\/image-15-150x100.png 150w, https:\/\/www.vagadeempregorj.com.br\/wp-content\/uploads\/2025\/01\/image-15.png 1125w\" sizes=\"auto, (max-width: 1024px) 100vw, 1024px\" \/><\/figure>\n\n\n\n<h2 class=\"wp-block-heading\">\u00bfCu\u00e1l ser\u00e1 el salario m\u00ednimo en 2025?<\/h2>\n\n\n\n<p class=\"wp-block-paragraph\">El salario m\u00ednimo en 2025 se ajust\u00f3 a <strong>R$ 1.391,00<\/strong>. Este incremento es el resultado de un c\u00e1lculo que tiene en cuenta la inflaci\u00f3n medida por el \u00cdndice Nacional de Precios al Consumidor (INPC) y, en algunos casos, el crecimiento del Producto Interno Bruto (PIB) con respecto a dos a\u00f1os antes.<\/p>\n\n\n\n<p class=\"wp-block-paragraph\">Esta pol\u00edtica de aumento del salario m\u00ednimo tiene como objetivo garantizar que se mantenga el poder adquisitivo de la poblaci\u00f3n, especialmente en un escenario de aumento de los precios de bienes esenciales como los alimentos y el transporte.<\/p>\n\n\n\n<p class=\"wp-block-paragraph\">Pero, \u00bfqu\u00e9 significa esto en la vida cotidiana? El aumento, aunque parezca peque\u00f1o, marca la diferencia para quienes viven con un presupuesto ajustado. Sin embargo, es importante comprender que, incluso con el ajuste, el ingreso b\u00e1sico a\u00fan tiene limitaciones para cubrir todas las necesidades de una familia brasile\u00f1a.<\/p>\n\n\n\n<h2 class=\"wp-block-heading\">\u00bfC\u00f3mo se ajusta el salario m\u00ednimo?<\/h2>\n\n\n\n<p class=\"wp-block-paragraph\">El ajuste del salario m\u00ednimo en Brasil sigue criterios espec\u00edficos. El gobierno utiliza una f\u00f3rmula que combina dos factores principales:<\/p>\n\n\n\n<p class=\"wp-block-paragraph\">1# <strong>Inflaci\u00f3n<\/strong>El INPC mide las variaciones de precios y tiene como objetivo proteger el poder adquisitivo del salario m\u00ednimo frente al aumento de los costes del mercado.<\/p>\n\n\n\n<p class=\"wp-block-paragraph\">2# <strong>Crecimiento econ\u00f3mico<\/strong>En a\u00f1os anteriores, el crecimiento del PIB se inclu\u00eda como segundo elemento en la f\u00f3rmula. En 2025, el ajuste tuvo en cuenta las tasas de crecimiento econ\u00f3mico de 2023.<\/p>\n\n\n\n<p class=\"wp-block-paragraph\">Esta pol\u00edtica de reajuste ha generado debates. Mientras que algunos defienden la f\u00f3rmula actual como justa, otros creen que deber\u00eda revisarse para que los trabajadores obtengan un beneficio real mayor.<\/p>\n\n\n\n<h2 class=\"wp-block-heading\">\u00bfQui\u00e9n se beneficia del salario m\u00ednimo?<\/h2>\n\n\n\n<p class=\"wp-block-paragraph\">El salario m\u00ednimo no solo afecta a los trabajadores formales. Su alcance es mucho m\u00e1s amplio y beneficia a diferentes grupos de la sociedad. He aqu\u00ed algunos ejemplos:<\/p>\n\n\n\n<p class=\"wp-block-paragraph\">1# <strong>Trabajadores formales<\/strong>Millones de brasile\u00f1os con contratos de trabajo formales reciben al menos el salario m\u00ednimo.<\/p>\n\n\n\n<p class=\"wp-block-paragraph\">2# <strong>Jubilados y pensionistas<\/strong>Los beneficiarios del INSS que reciben la pensi\u00f3n m\u00ednima tienen sus pagos vinculados al salario m\u00ednimo.<\/p>\n\n\n\n<p class=\"wp-block-paragraph\">3# <strong>Beneficiarios de programas sociales<\/strong>Prestaciones como la Prestaci\u00f3n por Pago Continuo (BPC, por sus siglas en ingl\u00e9s) tambi\u00e9n est\u00e1n vinculadas al salario m\u00ednimo.<\/p>\n\n\n\n<p class=\"wp-block-paragraph\">Esta relaci\u00f3n entre el salario m\u00ednimo y otros pagos es fundamental para garantizar un sustento b\u00e1sico a muchos brasile\u00f1os. Cualquier cambio en la cantidad afecta directamente a estos grupos.<\/p>\n\n\n\n<h2 class=\"wp-block-heading\">Cambios previstos para 2025<\/h2>\n\n\n\n<p class=\"wp-block-paragraph\">Adem\u00e1s del ajuste en el valor, el salario m\u00ednimo de 2025 trajo consigo algunos cambios importantes que merecen atenci\u00f3n:<\/p>\n\n\n\n<p class=\"wp-block-paragraph\">1# <strong>Nueva pol\u00edtica de valoraci\u00f3n<\/strong>El gobierno ha retomado la pol\u00edtica de considerar el crecimiento econ\u00f3mico como parte del c\u00e1lculo del salario m\u00ednimo. Esto significa que, adem\u00e1s de ajustar por la inflaci\u00f3n, existe la posibilidad de que los trabajadores obtengan beneficios reales.<\/p>\n\n\n\n<p class=\"wp-block-paragraph\">2# <strong>Impacto en el INSS (Instituto Nacional de la Seguridad Social de Brasil) y en los programas sociales.<\/strong>Dado que el salario m\u00ednimo sirve de base para las prestaciones y programas sociales del INSS (Instituto Nacional de la Seguridad Social de Brasil), el ajuste implica un incremento autom\u00e1tico en los montos abonados. Por ejemplo, las pensiones de jubilaci\u00f3n y las prestaciones con el monto m\u00ednimo de la seguridad social tambi\u00e9n pasar\u00e1n a ser de R$1.391,00.<\/p>\n\n\n\n<p class=\"wp-block-paragraph\">3# <strong>Presi\u00f3n sobre las empresas<\/strong>El aumento del salario m\u00ednimo representa un reto para las empresas, especialmente para las peque\u00f1as y medianas, que necesitan ajustar sus n\u00f3minas. Este cambio puede tener repercusiones en la econom\u00eda en su conjunto, tanto en los precios como en la contrataci\u00f3n de mano de obra.<\/p>\n\n\n\n<p class=\"wp-block-paragraph\">Estos cambios demuestran que el reajuste va m\u00e1s all\u00e1 de una simple cifra. Tiene repercusiones en toda la econom\u00eda, tanto positivas como problem\u00e1ticas.<\/p>\n\n\n\n<h2 class=\"wp-block-heading\">\u00bfEs suficiente el salario m\u00ednimo para vivir en Brasil?<\/h2>\n\n\n\n<p class=\"wp-block-paragraph\">A pesar del ajuste, el salario m\u00ednimo a\u00fan est\u00e1 lejos de ser suficiente para cubrir todos los gastos de subsistencia en Brasil. Seg\u00fan el Departamento Intersindical de Estad\u00edstica y Estudios Socioecon\u00f3micos (DIEESE), la cantidad ideal para cubrir las necesidades b\u00e1sicas de una familia ser\u00eda superior a R$ 6.000,00.<\/p>\n\n\n\n<p class=\"wp-block-paragraph\">Esto significa que el salario m\u00ednimo cubre solo una peque\u00f1a parte de los gastos, como por ejemplo:<\/p>\n\n\n\n<p class=\"wp-block-paragraph\">Fuente de alimentaci\u00f3n 1#<br>Transporte 2#<br>Carcasa 3#<br>Educaci\u00f3n 4#<\/p>\n\n\n\n<p class=\"wp-block-paragraph\">Esta realidad obliga a muchas familias a recurrir a trabajos adicionales, pr\u00e9stamos o incluso programas sociales para complementar sus ingresos. El debate sobre el aumento del salario m\u00ednimo es importante, pero tambi\u00e9n debe ir acompa\u00f1ado de pol\u00edticas que combatan la desigualdad.<\/p>\n\n\n\n<h2 class=\"wp-block-heading\">\u00bfQu\u00e9 podemos esperar del futuro?<\/h2>\n\n\n\n<p class=\"wp-block-paragraph\">El salario m\u00ednimo siempre ser\u00e1 un tema central para la econom\u00eda brasile\u00f1a. El aumento de 2025 brind\u00f3 cierto alivio, pero a\u00fan quedan desaf\u00edos por superar antes de que sea realmente suficiente. Es necesario continuar presionando para que se implementen pol\u00edticas p\u00fablicas que mejoren la calidad de vida y reduzcan la desigualdad.<\/p>\n\n\n\n<p class=\"wp-block-paragraph\">Como ciudadano, es fundamental estar al tanto de estos cambios y comprender c\u00f3mo afectan tu vida diaria. El salario m\u00ednimo es m\u00e1s que un valor monetario: refleja las condiciones sociales y econ\u00f3micas de Brasil.<\/p>\n\n\n\n<p class=\"wp-block-paragraph\"><strong>V\u00e9ase tambi\u00e9n: <a href=\"https:\/\/www.vagadeempregorj.com.br\/es\/bolsa-do-povo-tudo-o-que-voce-precisa-saber-sobre-o-programa-e-como-acessa-lo\/\">Bolsa do Povo: Todo lo que necesitas saber sobre el programa y c\u00f3mo acceder a \u00e9l.<\/a><\/strong><\/p>\n\n\n\n<p class=\"wp-block-paragraph\">27 de enero de 2025<\/p>","protected":false},"excerpt":{"rendered":"<p>O sal\u00e1rio m\u00ednimo em 2025 j\u00e1 \u00e9 um tema de grande interesse para milh\u00f5es de brasileiros. Afinal, ele impacta diretamente o or\u00e7amento de trabalhadores, aposentados e diversos programas sociais no pa\u00eds. Saber o valor atualizado e as mudan\u00e7as previstas \u00e9 essencial para organizar as finan\u00e7as e entender o cen\u00e1rio econ\u00f4mico. Qual \u00e9 o valor do&hellip;&nbsp;<\/p>","protected":false},"author":16,"featured_media":42157,"comment_status":"closed","ping_status":"closed","sticky":false,"template":"","format":"standard","meta":{"neve_meta_sidebar":"","neve_meta_container":"","neve_meta_enable_content_width":"","neve_meta_content_width":0,"neve_meta_title_alignment":"","neve_meta_author_avatar":"","neve_post_elements_order":"","neve_meta_disable_header":"","neve_meta_disable_footer":"","neve_meta_disable_title":"","footnotes":""},"categories":[804],"tags":[],"class_list":["post-42142","post","type-post","status-publish","format-standard","has-post-thumbnail","hentry","category-economia"],"yoast_head":"<!-- This site is optimized with the Yoast SEO plugin v28.3 - https:\/\/yoast.com\/product\/yoast-seo-wordpress\/ -->\n<title>Sal\u00e1rio m\u00ednimo em 2025: Qual o valor atualizado e mudan\u00e7as -<\/title>\n<meta name=\"description\" content=\"Veja em Vagas de Emprego RJ as vagas de emprego com e sem experi\u00eancia no seu Estado e Regi\u00e3o!\" \/>\n<meta name=\"robots\" content=\"index, follow, max-snippet:-1, max-image-preview:large, max-video-preview:-1\" \/>\n<link rel=\"canonical\" href=\"https:\/\/www.vagadeempregorj.com.br\/es\/cual-es-el-valor-actual-del-salario-minimo-en-2025-y-que-cambios-se-han-producido\/\" \/>\n<meta property=\"og:locale\" content=\"es_MX\" \/>\n<meta property=\"og:type\" content=\"article\" \/>\n<meta property=\"og:title\" content=\"Sal\u00e1rio m\u00ednimo em 2025: Qual o valor atualizado e mudan\u00e7as -\" \/>\n<meta property=\"og:description\" content=\"Veja em Vagas de Emprego RJ as vagas de emprego com e sem experi\u00eancia no seu Estado e Regi\u00e3o!\" \/>\n<meta property=\"og:url\" content=\"https:\/\/www.vagadeempregorj.com.br\/es\/cual-es-el-valor-actual-del-salario-minimo-en-2025-y-que-cambios-se-han-producido\/\" \/>\n<meta property=\"article:publisher\" content=\"https:\/\/www.facebook.com\/empregobrasiloficial\" \/>\n<meta property=\"article:published_time\" content=\"2025-01-27T09:00:00+00:00\" \/>\n<meta property=\"og:image\" content=\"https:\/\/www.vagadeempregorj.com.br\/wp-content\/uploads\/2025\/01\/image-15.png\" \/>\n\t<meta property=\"og:image:width\" content=\"1125\" \/>\n\t<meta property=\"og:image:height\" content=\"750\" \/>\n\t<meta property=\"og:image:type\" content=\"image\/png\" \/>\n<meta name=\"author\" content=\"Michele\" \/>\n<meta name=\"twitter:card\" content=\"summary_large_image\" \/>\n<meta name=\"twitter:label1\" content=\"Escrito por\" \/>\n\t<meta name=\"twitter:data1\" content=\"Michele\" \/>\n\t<meta name=\"twitter:label2\" content=\"Tiempo de lectura\" \/>\n\t<meta name=\"twitter:data2\" content=\"5 minutos\" \/>\n<script type=\"application\/ld+json\" class=\"yoast-schema-graph\">{\"@context\":\"https:\\\/\\\/schema.org\",\"@graph\":[{\"@type\":\"Article\",\"@id\":\"https:\\\/\\\/www.vagadeempregorj.com.br\\\/salario-minimo-em-2025-qual-o-valor-atualizado-e-mudancas\\\/#article\",\"isPartOf\":{\"@id\":\"https:\\\/\\\/www.vagadeempregorj.com.br\\\/salario-minimo-em-2025-qual-o-valor-atualizado-e-mudancas\\\/\"},\"author\":{\"name\":\"Michele\",\"@id\":\"https:\\\/\\\/www.vagadeempregorj.com.br\\\/#\\\/schema\\\/person\\\/3ddb19fa0539706786e502152f3aae95\"},\"headline\":\"Sal\u00e1rio m\u00ednimo em 2025: Qual o valor atualizado e mudan\u00e7as\",\"datePublished\":\"2025-01-27T09:00:00+00:00\",\"mainEntityOfPage\":{\"@id\":\"https:\\\/\\\/www.vagadeempregorj.com.br\\\/salario-minimo-em-2025-qual-o-valor-atualizado-e-mudancas\\\/\"},\"wordCount\":930,\"image\":{\"@id\":\"https:\\\/\\\/www.vagadeempregorj.com.br\\\/salario-minimo-em-2025-qual-o-valor-atualizado-e-mudancas\\\/#primaryimage\"},\"thumbnailUrl\":\"https:\\\/\\\/www.vagadeempregorj.com.br\\\/wp-content\\\/uploads\\\/2025\\\/01\\\/image-15.png\",\"articleSection\":[\"Economia\"],\"inLanguage\":\"es\"},{\"@type\":\"WebPage\",\"@id\":\"https:\\\/\\\/www.vagadeempregorj.com.br\\\/salario-minimo-em-2025-qual-o-valor-atualizado-e-mudancas\\\/\",\"url\":\"https:\\\/\\\/www.vagadeempregorj.com.br\\\/salario-minimo-em-2025-qual-o-valor-atualizado-e-mudancas\\\/\",\"name\":\"Sal\u00e1rio m\u00ednimo em 2025: Qual o valor atualizado e mudan\u00e7as -\",\"isPartOf\":{\"@id\":\"https:\\\/\\\/www.vagadeempregorj.com.br\\\/#website\"},\"primaryImageOfPage\":{\"@id\":\"https:\\\/\\\/www.vagadeempregorj.com.br\\\/salario-minimo-em-2025-qual-o-valor-atualizado-e-mudancas\\\/#primaryimage\"},\"image\":{\"@id\":\"https:\\\/\\\/www.vagadeempregorj.com.br\\\/salario-minimo-em-2025-qual-o-valor-atualizado-e-mudancas\\\/#primaryimage\"},\"thumbnailUrl\":\"https:\\\/\\\/www.vagadeempregorj.com.br\\\/wp-content\\\/uploads\\\/2025\\\/01\\\/image-15.png\",\"datePublished\":\"2025-01-27T09:00:00+00:00\",\"author\":{\"@id\":\"https:\\\/\\\/www.vagadeempregorj.com.br\\\/#\\\/schema\\\/person\\\/3ddb19fa0539706786e502152f3aae95\"},\"description\":\"Veja em Vagas de Emprego RJ as vagas de emprego com e sem experi\u00eancia no seu Estado e Regi\u00e3o!\",\"breadcrumb\":{\"@id\":\"https:\\\/\\\/www.vagadeempregorj.com.br\\\/salario-minimo-em-2025-qual-o-valor-atualizado-e-mudancas\\\/#breadcrumb\"},\"inLanguage\":\"es\",\"potentialAction\":[{\"@type\":\"ReadAction\",\"target\":[\"https:\\\/\\\/www.vagadeempregorj.com.br\\\/salario-minimo-em-2025-qual-o-valor-atualizado-e-mudancas\\\/\"]}]},{\"@type\":\"ImageObject\",\"inLanguage\":\"es\",\"@id\":\"https:\\\/\\\/www.vagadeempregorj.com.br\\\/salario-minimo-em-2025-qual-o-valor-atualizado-e-mudancas\\\/#primaryimage\",\"url\":\"https:\\\/\\\/www.vagadeempregorj.com.br\\\/wp-content\\\/uploads\\\/2025\\\/01\\\/image-15.png\",\"contentUrl\":\"https:\\\/\\\/www.vagadeempregorj.com.br\\\/wp-content\\\/uploads\\\/2025\\\/01\\\/image-15.png\",\"width\":1125,\"height\":750},{\"@type\":\"BreadcrumbList\",\"@id\":\"https:\\\/\\\/www.vagadeempregorj.com.br\\\/salario-minimo-em-2025-qual-o-valor-atualizado-e-mudancas\\\/#breadcrumb\",\"itemListElement\":[{\"@type\":\"ListItem\",\"position\":1,\"name\":\"In\u00edcio\",\"item\":\"https:\\\/\\\/www.vagadeempregorj.com.br\\\/\"},{\"@type\":\"ListItem\",\"position\":2,\"name\":\"Economia\",\"item\":\"https:\\\/\\\/www.vagadeempregorj.com.br\\\/economia\\\/\"},{\"@type\":\"ListItem\",\"position\":3,\"name\":\"Sal\u00e1rio m\u00ednimo em 2025: Qual o valor atualizado e mudan\u00e7as\"}]},{\"@type\":\"WebSite\",\"@id\":\"https:\\\/\\\/www.vagadeempregorj.com.br\\\/#website\",\"url\":\"https:\\\/\\\/www.vagadeempregorj.com.br\\\/\",\"name\":\"\",\"description\":\"Conquiste Sonhos: Vagas, Benef\u00edcios e Economia para Transformar Vidas e Alcan\u00e7ar Melhorias Cotidianas\",\"potentialAction\":[{\"@type\":\"SearchAction\",\"target\":{\"@type\":\"EntryPoint\",\"urlTemplate\":\"https:\\\/\\\/www.vagadeempregorj.com.br\\\/?s={search_term_string}\"},\"query-input\":{\"@type\":\"PropertyValueSpecification\",\"valueRequired\":true,\"valueName\":\"search_term_string\"}}],\"inLanguage\":\"es\"},{\"@type\":\"Person\",\"@id\":\"https:\\\/\\\/www.vagadeempregorj.com.br\\\/#\\\/schema\\\/person\\\/3ddb19fa0539706786e502152f3aae95\",\"name\":\"Michele\",\"image\":{\"@type\":\"ImageObject\",\"inLanguage\":\"es\",\"@id\":\"https:\\\/\\\/secure.gravatar.com\\\/avatar\\\/6b0eb9d22841282815e2cd856a0061c45e1761cd54b22e952d98c4746939aa85?s=96&r=g\",\"url\":\"https:\\\/\\\/secure.gravatar.com\\\/avatar\\\/6b0eb9d22841282815e2cd856a0061c45e1761cd54b22e952d98c4746939aa85?s=96&r=g\",\"contentUrl\":\"https:\\\/\\\/secure.gravatar.com\\\/avatar\\\/6b0eb9d22841282815e2cd856a0061c45e1761cd54b22e952d98c4746939aa85?s=96&r=g\",\"caption\":\"Michele\"},\"description\":\"Formada em Letras - Portugu\u00eas\\\/ Ingl\u00eas, e idealizadora do site Escritora de Sucesso, busca expandir o conhecimento de todos com informa\u00e7\u00f5es relevantes sobre diversos assuntos, enquanto redatora. No Vaga de Emprego RJ, traz oportunidades e dicas sobre o mercado de trabalho.\",\"url\":\"https:\\\/\\\/www.vagadeempregorj.com.br\\\/es\\\/author\\\/michele\\\/\"}]}<\/script>\n<!-- \/ Yoast SEO plugin. -->","yoast_head_json":{"title":"Salario m\u00ednimo en 2025: \u00bfCu\u00e1l es el valor actualizado y qu\u00e9 cambios se han producido?","description":"\u00a1Consulta las ofertas de empleo en R\u00edo de Janeiro (RJ) para puestos tanto para personas con experiencia como para quienes no la tienen, en tu estado y regi\u00f3n!","robots":{"index":"index","follow":"follow","max-snippet":"max-snippet:-1","max-image-preview":"max-image-preview:large","max-video-preview":"max-video-preview:-1"},"canonical":"https:\/\/www.vagadeempregorj.com.br\/es\/cual-es-el-valor-actual-del-salario-minimo-en-2025-y-que-cambios-se-han-producido\/","og_locale":"es_MX","og_type":"article","og_title":"Sal\u00e1rio m\u00ednimo em 2025: Qual o valor atualizado e mudan\u00e7as -","og_description":"Veja em Vagas de Emprego RJ as vagas de emprego com e sem experi\u00eancia no seu Estado e Regi\u00e3o!","og_url":"https:\/\/www.vagadeempregorj.com.br\/es\/cual-es-el-valor-actual-del-salario-minimo-en-2025-y-que-cambios-se-han-producido\/","article_publisher":"https:\/\/www.facebook.com\/empregobrasiloficial","article_published_time":"2025-01-27T09:00:00+00:00","og_image":[{"width":1125,"height":750,"url":"https:\/\/www.vagadeempregorj.com.br\/wp-content\/uploads\/2025\/01\/image-15.png","type":"image\/png"}],"author":"Michele","twitter_card":"summary_large_image","twitter_misc":{"Escrito por":"Michele","Tiempo de lectura":"5 minutos"},"schema":{"@context":"https:\/\/schema.org","@graph":[{"@type":"Article","@id":"https:\/\/www.vagadeempregorj.com.br\/salario-minimo-em-2025-qual-o-valor-atualizado-e-mudancas\/#article","isPartOf":{"@id":"https:\/\/www.vagadeempregorj.com.br\/salario-minimo-em-2025-qual-o-valor-atualizado-e-mudancas\/"},"author":{"name":"Michele","@id":"https:\/\/www.vagadeempregorj.com.br\/#\/schema\/person\/3ddb19fa0539706786e502152f3aae95"},"headline":"Sal\u00e1rio m\u00ednimo em 2025: Qual o valor atualizado e mudan\u00e7as","datePublished":"2025-01-27T09:00:00+00:00","mainEntityOfPage":{"@id":"https:\/\/www.vagadeempregorj.com.br\/salario-minimo-em-2025-qual-o-valor-atualizado-e-mudancas\/"},"wordCount":930,"image":{"@id":"https:\/\/www.vagadeempregorj.com.br\/salario-minimo-em-2025-qual-o-valor-atualizado-e-mudancas\/#primaryimage"},"thumbnailUrl":"https:\/\/www.vagadeempregorj.com.br\/wp-content\/uploads\/2025\/01\/image-15.png","articleSection":["Economia"],"inLanguage":"es"},{"@type":"WebPage","@id":"https:\/\/www.vagadeempregorj.com.br\/salario-minimo-em-2025-qual-o-valor-atualizado-e-mudancas\/","url":"https:\/\/www.vagadeempregorj.com.br\/salario-minimo-em-2025-qual-o-valor-atualizado-e-mudancas\/","name":"Salario m\u00ednimo en 2025: \u00bfCu\u00e1l es el valor actualizado y qu\u00e9 cambios se han producido?","isPartOf":{"@id":"https:\/\/www.vagadeempregorj.com.br\/#website"},"primaryImageOfPage":{"@id":"https:\/\/www.vagadeempregorj.com.br\/salario-minimo-em-2025-qual-o-valor-atualizado-e-mudancas\/#primaryimage"},"image":{"@id":"https:\/\/www.vagadeempregorj.com.br\/salario-minimo-em-2025-qual-o-valor-atualizado-e-mudancas\/#primaryimage"},"thumbnailUrl":"https:\/\/www.vagadeempregorj.com.br\/wp-content\/uploads\/2025\/01\/image-15.png","datePublished":"2025-01-27T09:00:00+00:00","author":{"@id":"https:\/\/www.vagadeempregorj.com.br\/#\/schema\/person\/3ddb19fa0539706786e502152f3aae95"},"description":"\u00a1Consulta las ofertas de empleo en R\u00edo de Janeiro (RJ) para puestos tanto para personas con experiencia como para quienes no la tienen, en tu estado y regi\u00f3n!","breadcrumb":{"@id":"https:\/\/www.vagadeempregorj.com.br\/salario-minimo-em-2025-qual-o-valor-atualizado-e-mudancas\/#breadcrumb"},"inLanguage":"es","potentialAction":[{"@type":"ReadAction","target":["https:\/\/www.vagadeempregorj.com.br\/salario-minimo-em-2025-qual-o-valor-atualizado-e-mudancas\/"]}]},{"@type":"ImageObject","inLanguage":"es","@id":"https:\/\/www.vagadeempregorj.com.br\/salario-minimo-em-2025-qual-o-valor-atualizado-e-mudancas\/#primaryimage","url":"https:\/\/www.vagadeempregorj.com.br\/wp-content\/uploads\/2025\/01\/image-15.png","contentUrl":"https:\/\/www.vagadeempregorj.com.br\/wp-content\/uploads\/2025\/01\/image-15.png","width":1125,"height":750},{"@type":"BreadcrumbList","@id":"https:\/\/www.vagadeempregorj.com.br\/salario-minimo-em-2025-qual-o-valor-atualizado-e-mudancas\/#breadcrumb","itemListElement":[{"@type":"ListItem","position":1,"name":"In\u00edcio","item":"https:\/\/www.vagadeempregorj.com.br\/"},{"@type":"ListItem","position":2,"name":"Economia","item":"https:\/\/www.vagadeempregorj.com.br\/economia\/"},{"@type":"ListItem","position":3,"name":"Sal\u00e1rio m\u00ednimo em 2025: Qual o valor atualizado e mudan\u00e7as"}]},{"@type":"WebSite","@id":"https:\/\/www.vagadeempregorj.com.br\/#website","url":"https:\/\/www.vagadeempregorj.com.br\/","name":"","description":"Haz realidad tus sue\u00f1os: Ofertas de empleo, beneficios y ahorros para transformar vidas y lograr mejoras cotidianas.","potentialAction":[{"@type":"SearchAction","target":{"@type":"EntryPoint","urlTemplate":"https:\/\/www.vagadeempregorj.com.br\/?s={search_term_string}"},"query-input":{"@type":"PropertyValueSpecification","valueRequired":true,"valueName":"search_term_string"}}],"inLanguage":"es"},{"@type":"Person","@id":"https:\/\/www.vagadeempregorj.com.br\/#\/schema\/person\/3ddb19fa0539706786e502152f3aae95","name":"Michele","image":{"@type":"ImageObject","inLanguage":"es","@id":"https:\/\/secure.gravatar.com\/avatar\/6b0eb9d22841282815e2cd856a0061c45e1761cd54b22e952d98c4746939aa85?s=96&r=g","url":"https:\/\/secure.gravatar.com\/avatar\/6b0eb9d22841282815e2cd856a0061c45e1761cd54b22e952d98c4746939aa85?s=96&r=g","contentUrl":"https:\/\/secure.gravatar.com\/avatar\/6b0eb9d22841282815e2cd856a0061c45e1761cd54b22e952d98c4746939aa85?s=96&r=g","caption":"Michele"},"description":"Licenciada en Literatura Portuguesa e Inglesa y creadora del sitio web Escritora de Sucesso (Escritora de \u00c9xito), busca ampliar el conocimiento de todos con informaci\u00f3n relevante sobre diversos temas, como escritora. En Vaga de Emprego RJ (Ofertas de Empleo RJ), comparte oportunidades y consejos sobre el mercado laboral.","url":"https:\/\/www.vagadeempregorj.com.br\/es\/author\/michele\/"}]}},"_links":{"self":[{"href":"https:\/\/www.vagadeempregorj.com.br\/es\/wp-json\/wp\/v2\/posts\/42142","targetHints":{"allow":["GET"]}}],"collection":[{"href":"https:\/\/www.vagadeempregorj.com.br\/es\/wp-json\/wp\/v2\/posts"}],"about":[{"href":"https:\/\/www.vagadeempregorj.com.br\/es\/wp-json\/wp\/v2\/types\/post"}],"author":[{"embeddable":true,"href":"https:\/\/www.vagadeempregorj.com.br\/es\/wp-json\/wp\/v2\/users\/16"}],"replies":[{"embeddable":true,"href":"https:\/\/www.vagadeempregorj.com.br\/es\/wp-json\/wp\/v2\/comments?post=42142"}],"version-history":[{"count":0,"href":"https:\/\/www.vagadeempregorj.com.br\/es\/wp-json\/wp\/v2\/posts\/42142\/revisions"}],"wp:featuredmedia":[{"embeddable":true,"href":"https:\/\/www.vagadeempregorj.com.br\/es\/wp-json\/wp\/v2\/media\/42157"}],"wp:attachment":[{"href":"https:\/\/www.vagadeempregorj.com.br\/es\/wp-json\/wp\/v2\/media?parent=42142"}],"wp:term":[{"taxonomy":"category","embeddable":true,"href":"https:\/\/www.vagadeempregorj.com.br\/es\/wp-json\/wp\/v2\/categories?post=42142"},{"taxonomy":"post_tag","embeddable":true,"href":"https:\/\/www.vagadeempregorj.com.br\/es\/wp-json\/wp\/v2\/tags?post=42142"}],"curies":[{"name":"wp","href":"https:\/\/api.w.org\/{rel}","templated":true}]}}