{"id":42146,"date":"2025-02-03T06:00:00","date_gmt":"2025-02-03T09:00:00","guid":{"rendered":"https:\/\/www.vagadeempregorj.com.br\/?p=42146"},"modified":"2025-06-15T14:30:30","modified_gmt":"2025-06-15T17:30:30","slug":"perdi-meu-emprego-e-agora-veja-o-que-fazer","status":"publish","type":"post","link":"https:\/\/www.vagadeempregorj.com.br\/es\/perdi-meu-emprego-e-agora-veja-o-que-fazer\/","title":{"rendered":"Perdi meu emprego, e agora? Veja o que fazer"},"content":{"rendered":"<p>Perder um emprego \u00e9 uma situa\u00e7\u00e3o desafiadora, e voc\u00ea pode estar se sentindo inseguro ou at\u00e9 mesmo assustado. Essa experi\u00eancia traz d\u00favidas sobre como seguir em frente, tanto financeiramente quanto profissionalmente. A boa not\u00edcia \u00e9 que \u00e9 poss\u00edvel superar esse momento e abrir novos caminhos na sua carreira.<\/p>\n\n\n\n<figure class=\"wp-block-image size-large\"><img loading=\"lazy\" decoding=\"async\" width=\"1024\" height=\"684\" src=\"https:\/\/www.vagadeempregorj.com.br\/wp-content\/uploads\/2025\/01\/image-17-1024x684.png\" alt=\"\" class=\"wp-image-42159\" srcset=\"https:\/\/www.vagadeempregorj.com.br\/wp-content\/uploads\/2025\/01\/image-17-1024x684.png 1024w, https:\/\/www.vagadeempregorj.com.br\/wp-content\/uploads\/2025\/01\/image-17-300x201.png 300w, https:\/\/www.vagadeempregorj.com.br\/wp-content\/uploads\/2025\/01\/image-17-768x513.png 768w, https:\/\/www.vagadeempregorj.com.br\/wp-content\/uploads\/2025\/01\/image-17-150x100.png 150w, https:\/\/www.vagadeempregorj.com.br\/wp-content\/uploads\/2025\/01\/image-17.png 1122w\" sizes=\"auto, (max-width: 1024px) 100vw, 1024px\" \/><\/figure>\n\n\n\n<h2 class=\"wp-block-heading\">O primeiro passo: mantenha a calma<\/h2>\n\n\n\n<p>\u00c9 natural sentir um turbilh\u00e3o de emo\u00e7\u00f5es ao perder o emprego. Por\u00e9m, o primeiro passo para lidar com essa situa\u00e7\u00e3o \u00e9 manter a calma. Isso permite que voc\u00ea tome decis\u00f5es racionais e evite atitudes impulsivas.<\/p>\n\n\n\n<p>Tire um momento para processar o que aconteceu e refletir sobre os pr\u00f3ximos passos. Entender que a perda do emprego n\u00e3o define o seu valor como profissional \u00e9 essencial para recuperar a confian\u00e7a e seguir em frente.<\/p>\n\n\n\n<h2 class=\"wp-block-heading\">Organize suas finan\u00e7as<\/h2>\n\n\n\n<p>Uma das maiores preocupa\u00e7\u00f5es ao perder o emprego \u00e9 a quest\u00e3o financeira. Para evitar que isso se torne um peso ainda maior, \u00e9 importante organizar suas despesas e encontrar formas de gerenciar sua renda nesse per\u00edodo. Veja algumas dicas:<\/p>\n\n\n\n<p>1# <strong>Analise seus gastos fixos e vari\u00e1veis<\/strong><br>Liste todas as despesas mensais, como aluguel, contas de servi\u00e7os e compras essenciais. Identifique onde \u00e9 poss\u00edvel cortar ou reduzir gastos.<\/p>\n\n\n\n<p>2# <strong>Use a reserva de emerg\u00eancia<\/strong><br>Se voc\u00ea possui uma reserva financeira, agora \u00e9 o momento de us\u00e1-la com sabedoria. Priorize os gastos essenciais e evite consumir tudo de uma vez.<\/p>\n\n\n\n<p>3# <strong>Verifique direitos trabalhistas<\/strong><br>Consulte se voc\u00ea tem direito a benef\u00edcios como seguro-desemprego, FGTS e rescis\u00e3o contratual. Esses valores podem ajudar a manter sua estabilidade enquanto busca uma nova oportunidade.<\/p>\n\n\n\n<p>4# <strong>Busque fontes de renda alternativas<\/strong><br>Avalie habilidades que podem ser transformadas em renda extra, como trabalhos tempor\u00e1rios, freelancing ou venda de produtos e servi\u00e7os.<\/p>\n\n\n\n<h2 class=\"wp-block-heading\">Atualize seu curr\u00edculo e presen\u00e7a online<\/h2>\n\n\n\n<p>Com suas finan\u00e7as organizadas, \u00e9 hora de focar no pr\u00f3ximo passo da sua carreira. Ter um curr\u00edculo bem estruturado e atualizado \u00e9 essencial para chamar a aten\u00e7\u00e3o dos recrutadores. Al\u00e9m disso, as redes sociais, especialmente o LinkedIn, s\u00e3o ferramentas poderosas para se destacar no mercado.<\/p>\n\n\n\n<p>1# <strong>Reveja seu curr\u00edculo<\/strong><br>Inclua suas experi\u00eancias mais recentes, habilidades relevantes e conquistas. Use palavras-chave relacionadas \u00e0 sua \u00e1rea para aumentar suas chances de ser encontrado.<\/p>\n\n\n\n<p>2# <strong>Aposte no LinkedIn<\/strong><br>Atualize seu perfil com informa\u00e7\u00f5es claras e objetivas. Conecte-se com pessoas da sua \u00e1rea, participe de grupos e interaja em publica\u00e7\u00f5es relevantes.<\/p>\n\n\n\n<p>3# <strong>Crie um portf\u00f3lio (se aplic\u00e1vel)<\/strong><br>Para \u00e1reas criativas ou t\u00e9cnicas, um portf\u00f3lio bem elaborado pode ser um grande diferencial. Inclua exemplos de projetos que mostrem suas habilidades.<\/p>\n\n\n\n<h2 class=\"wp-block-heading\">Planeje sua busca por emprego<\/h2>\n\n\n\n<p>Buscar um novo emprego exige organiza\u00e7\u00e3o e dedica\u00e7\u00e3o. Estabelecer metas e seguir uma rotina ajuda a manter o foco e aumentar suas chances de sucesso.<\/p>\n\n\n\n<p>1# <strong>Defina suas metas<\/strong><br>Estabele\u00e7a quais tipos de vagas voc\u00ea est\u00e1 buscando, considerando sua experi\u00eancia, habilidades e pretens\u00f5es salariais.<\/p>\n\n\n\n<p>2# <strong>Crie uma rotina di\u00e1ria<\/strong><br>Dedique hor\u00e1rios fixos para pesquisar vagas, enviar curr\u00edculos e participar de entrevistas. Isso evita procrastina\u00e7\u00e3o e mant\u00e9m sua produtividade.<\/p>\n\n\n\n<p>3# <strong>Diversifique os canais de busca<\/strong><br>Acesse sites de empregos, participe de grupos no LinkedIn e Facebook, e considere ag\u00eancias de recrutamento. O networking tamb\u00e9m \u00e9 uma excelente forma de descobrir oportunidades.<\/p>\n\n\n\n<p>4# <strong>Invista em qualifica\u00e7\u00e3o<\/strong><br>Aproveite o per\u00edodo para aprender novas habilidades ou atualizar conhecimentos. Cursos online e gratuitos s\u00e3o \u00f3timas op\u00e7\u00f5es para enriquecer seu curr\u00edculo.<\/p>\n\n\n\n<h2 class=\"wp-block-heading\">Como lidar com as emo\u00e7\u00f5es durante o processo?<\/h2>\n\n\n\n<p>Al\u00e9m de cuidar da parte pr\u00e1tica, \u00e9 importante n\u00e3o negligenciar o lado emocional. A perda de um emprego pode trazer sentimentos de frustra\u00e7\u00e3o, tristeza e ansiedade. Mas h\u00e1 formas de lidar com isso:<\/p>\n\n\n\n<p>1# <strong>Fale sobre seus sentimentos<\/strong><br>Converse com amigos, familiares ou at\u00e9 mesmo profissionais da \u00e1rea de sa\u00fade mental. Expressar o que sente ajuda a aliviar o peso emocional.<\/p>\n\n\n\n<p>2# <strong>Pratique autocuidado<\/strong><br>Reserve momentos para atividades que relaxem sua mente, como exerc\u00edcios f\u00edsicos, leitura ou hobbies.<\/p>\n\n\n\n<p>3# <strong>Cultive a resili\u00eancia<\/strong><br>Lembre-se de que desafios fazem parte da vida e podem ser superados. Encare esse momento como uma oportunidade de crescimento e aprendizado.<\/p>\n\n\n\n<h2 class=\"wp-block-heading\">Recome\u00e7ar \u00e9 poss\u00edvel<\/h2>\n\n\n\n<p>Perder um emprego n\u00e3o \u00e9 o fim da linha, mas sim uma oportunidade de recome\u00e7ar. Com organiza\u00e7\u00e3o, foco e resili\u00eancia, voc\u00ea pode transformar essa experi\u00eancia em algo positivo. Lembre-se de que novas portas se abrem quando voc\u00ea est\u00e1 disposto a buscar e se preparar para elas.<\/p>\n\n\n\n<p>O importante \u00e9 dar um passo de cada vez, sem perder a confian\u00e7a no seu potencial. Essa fase vai passar, e as oportunidades certas vir\u00e3o. Mantenha-se firme e siga em frente!<\/p>\n\n\n\n<p><strong>Veja tamb\u00e9m: <a href=\"https:\/\/www.vagadeempregorj.com.br\/es\/bolsa-do-povo-tudo-o-que-voce-precisa-saber-sobre-o-programa-e-como-acessa-lo\/\">Bolsa do Povo: Tudo o Que Voc\u00ea Precisa Saber Sobre o Programa e Como Acess\u00e1-lo<\/a><\/strong><\/p>\n\n\n\n<p>3 de fevereiro de 2025<\/p>","protected":false},"excerpt":{"rendered":"<p>Perder um emprego \u00e9 uma situa\u00e7\u00e3o desafiadora, e voc\u00ea pode estar se sentindo inseguro ou at\u00e9 mesmo assustado. Essa experi\u00eancia traz d\u00favidas sobre como seguir em frente, tanto financeiramente quanto profissionalmente. A boa not\u00edcia \u00e9 que \u00e9 poss\u00edvel superar esse momento e abrir novos caminhos na sua carreira. O primeiro passo: mantenha a calma \u00c9&hellip;&nbsp;<\/p>","protected":false},"author":16,"featured_media":42159,"comment_status":"closed","ping_status":"closed","sticky":false,"template":"","format":"standard","meta":{"neve_meta_sidebar":"","neve_meta_container":"","neve_meta_enable_content_width":"","neve_meta_content_width":0,"neve_meta_title_alignment":"","neve_meta_author_avatar":"","neve_post_elements_order":"","neve_meta_disable_header":"","neve_meta_disable_footer":"","neve_meta_disable_title":"","footnotes":""},"categories":[123],"tags":[],"class_list":["post-42146","post","type-post","status-publish","format-standard","has-post-thumbnail","hentry","category-vagas-de-emprego-nacionais"],"yoast_head":"<!-- This site is optimized with the Yoast SEO plugin v27.5 - https:\/\/yoast.com\/product\/yoast-seo-wordpress\/ -->\n<title>Perdi meu emprego, e agora? Veja o que fazer -<\/title>\n<meta name=\"description\" content=\"Veja em Vagas de Emprego RJ as vagas de emprego com e sem experi\u00eancia no seu Estado e Regi\u00e3o!\" \/>\n<meta name=\"robots\" content=\"index, follow, max-snippet:-1, max-image-preview:large, max-video-preview:-1\" \/>\n<link rel=\"canonical\" href=\"https:\/\/www.vagadeempregorj.com.br\/es\/perdi-meu-emprego-e-agora-veja-o-que-fazer\/\" \/>\n<meta property=\"og:locale\" content=\"es_MX\" \/>\n<meta property=\"og:type\" content=\"article\" \/>\n<meta property=\"og:title\" content=\"Perdi meu emprego, e agora? Veja o que fazer -\" \/>\n<meta property=\"og:description\" content=\"Veja em Vagas de Emprego RJ as vagas de emprego com e sem experi\u00eancia no seu Estado e Regi\u00e3o!\" \/>\n<meta property=\"og:url\" content=\"https:\/\/www.vagadeempregorj.com.br\/es\/perdi-meu-emprego-e-agora-veja-o-que-fazer\/\" \/>\n<meta property=\"article:publisher\" content=\"https:\/\/www.facebook.com\/empregobrasiloficial\" \/>\n<meta property=\"article:published_time\" content=\"2025-02-03T09:00:00+00:00\" \/>\n<meta property=\"article:modified_time\" content=\"2025-06-15T17:30:30+00:00\" \/>\n<meta property=\"og:image\" content=\"https:\/\/www.vagadeempregorj.com.br\/wp-content\/uploads\/2025\/01\/image-17.png\" \/>\n\t<meta property=\"og:image:width\" content=\"1122\" \/>\n\t<meta property=\"og:image:height\" content=\"750\" \/>\n\t<meta property=\"og:image:type\" content=\"image\/png\" \/>\n<meta name=\"author\" content=\"Michele\" \/>\n<meta name=\"twitter:card\" content=\"summary_large_image\" \/>\n<meta name=\"twitter:label1\" content=\"Written by\" \/>\n\t<meta name=\"twitter:data1\" content=\"Michele\" \/>\n\t<meta name=\"twitter:label2\" content=\"Est. reading time\" \/>\n\t<meta name=\"twitter:data2\" content=\"4 minutos\" \/>\n<script type=\"application\/ld+json\" class=\"yoast-schema-graph\">{\"@context\":\"https:\\\/\\\/schema.org\",\"@graph\":[{\"@type\":\"Article\",\"@id\":\"https:\\\/\\\/www.vagadeempregorj.com.br\\\/perdi-meu-emprego-e-agora-veja-o-que-fazer\\\/#article\",\"isPartOf\":{\"@id\":\"https:\\\/\\\/www.vagadeempregorj.com.br\\\/perdi-meu-emprego-e-agora-veja-o-que-fazer\\\/\"},\"author\":{\"name\":\"Michele\",\"@id\":\"https:\\\/\\\/www.vagadeempregorj.com.br\\\/#\\\/schema\\\/person\\\/3ddb19fa0539706786e502152f3aae95\"},\"headline\":\"Perdi meu emprego, e agora? Veja o que fazer\",\"datePublished\":\"2025-02-03T09:00:00+00:00\",\"dateModified\":\"2025-06-15T17:30:30+00:00\",\"mainEntityOfPage\":{\"@id\":\"https:\\\/\\\/www.vagadeempregorj.com.br\\\/perdi-meu-emprego-e-agora-veja-o-que-fazer\\\/\"},\"wordCount\":811,\"image\":{\"@id\":\"https:\\\/\\\/www.vagadeempregorj.com.br\\\/perdi-meu-emprego-e-agora-veja-o-que-fazer\\\/#primaryimage\"},\"thumbnailUrl\":\"https:\\\/\\\/www.vagadeempregorj.com.br\\\/wp-content\\\/uploads\\\/2025\\\/01\\\/image-17.png\",\"articleSection\":[\"Vagas de Emprego Nacionais\"],\"inLanguage\":\"es\"},{\"@type\":\"WebPage\",\"@id\":\"https:\\\/\\\/www.vagadeempregorj.com.br\\\/perdi-meu-emprego-e-agora-veja-o-que-fazer\\\/\",\"url\":\"https:\\\/\\\/www.vagadeempregorj.com.br\\\/perdi-meu-emprego-e-agora-veja-o-que-fazer\\\/\",\"name\":\"Perdi meu emprego, e agora? Veja o que fazer -\",\"isPartOf\":{\"@id\":\"https:\\\/\\\/www.vagadeempregorj.com.br\\\/#website\"},\"primaryImageOfPage\":{\"@id\":\"https:\\\/\\\/www.vagadeempregorj.com.br\\\/perdi-meu-emprego-e-agora-veja-o-que-fazer\\\/#primaryimage\"},\"image\":{\"@id\":\"https:\\\/\\\/www.vagadeempregorj.com.br\\\/perdi-meu-emprego-e-agora-veja-o-que-fazer\\\/#primaryimage\"},\"thumbnailUrl\":\"https:\\\/\\\/www.vagadeempregorj.com.br\\\/wp-content\\\/uploads\\\/2025\\\/01\\\/image-17.png\",\"datePublished\":\"2025-02-03T09:00:00+00:00\",\"dateModified\":\"2025-06-15T17:30:30+00:00\",\"author\":{\"@id\":\"https:\\\/\\\/www.vagadeempregorj.com.br\\\/#\\\/schema\\\/person\\\/3ddb19fa0539706786e502152f3aae95\"},\"description\":\"Veja em Vagas de Emprego RJ as vagas de emprego com e sem experi\u00eancia no seu Estado e Regi\u00e3o!\",\"breadcrumb\":{\"@id\":\"https:\\\/\\\/www.vagadeempregorj.com.br\\\/perdi-meu-emprego-e-agora-veja-o-que-fazer\\\/#breadcrumb\"},\"inLanguage\":\"es\",\"potentialAction\":[{\"@type\":\"ReadAction\",\"target\":[\"https:\\\/\\\/www.vagadeempregorj.com.br\\\/perdi-meu-emprego-e-agora-veja-o-que-fazer\\\/\"]}]},{\"@type\":\"ImageObject\",\"inLanguage\":\"es\",\"@id\":\"https:\\\/\\\/www.vagadeempregorj.com.br\\\/perdi-meu-emprego-e-agora-veja-o-que-fazer\\\/#primaryimage\",\"url\":\"https:\\\/\\\/www.vagadeempregorj.com.br\\\/wp-content\\\/uploads\\\/2025\\\/01\\\/image-17.png\",\"contentUrl\":\"https:\\\/\\\/www.vagadeempregorj.com.br\\\/wp-content\\\/uploads\\\/2025\\\/01\\\/image-17.png\",\"width\":1122,\"height\":750},{\"@type\":\"BreadcrumbList\",\"@id\":\"https:\\\/\\\/www.vagadeempregorj.com.br\\\/perdi-meu-emprego-e-agora-veja-o-que-fazer\\\/#breadcrumb\",\"itemListElement\":[{\"@type\":\"ListItem\",\"position\":1,\"name\":\"In\u00edcio\",\"item\":\"https:\\\/\\\/www.vagadeempregorj.com.br\\\/\"},{\"@type\":\"ListItem\",\"position\":2,\"name\":\"Perdi meu emprego, e agora? Veja o que fazer\"}]},{\"@type\":\"WebSite\",\"@id\":\"https:\\\/\\\/www.vagadeempregorj.com.br\\\/#website\",\"url\":\"https:\\\/\\\/www.vagadeempregorj.com.br\\\/\",\"name\":\"\",\"description\":\"Conquiste Sonhos: Vagas, Benef\u00edcios e Economia para Transformar Vidas e Alcan\u00e7ar Melhorias Cotidianas\",\"potentialAction\":[{\"@type\":\"SearchAction\",\"target\":{\"@type\":\"EntryPoint\",\"urlTemplate\":\"https:\\\/\\\/www.vagadeempregorj.com.br\\\/?s={search_term_string}\"},\"query-input\":{\"@type\":\"PropertyValueSpecification\",\"valueRequired\":true,\"valueName\":\"search_term_string\"}}],\"inLanguage\":\"es\"},{\"@type\":\"Person\",\"@id\":\"https:\\\/\\\/www.vagadeempregorj.com.br\\\/#\\\/schema\\\/person\\\/3ddb19fa0539706786e502152f3aae95\",\"name\":\"Michele\",\"image\":{\"@type\":\"ImageObject\",\"inLanguage\":\"es\",\"@id\":\"https:\\\/\\\/secure.gravatar.com\\\/avatar\\\/6b0eb9d22841282815e2cd856a0061c45e1761cd54b22e952d98c4746939aa85?s=96&r=g\",\"url\":\"https:\\\/\\\/secure.gravatar.com\\\/avatar\\\/6b0eb9d22841282815e2cd856a0061c45e1761cd54b22e952d98c4746939aa85?s=96&r=g\",\"contentUrl\":\"https:\\\/\\\/secure.gravatar.com\\\/avatar\\\/6b0eb9d22841282815e2cd856a0061c45e1761cd54b22e952d98c4746939aa85?s=96&r=g\",\"caption\":\"Michele\"},\"description\":\"Formada em Letras - Portugu\u00eas\\\/ Ingl\u00eas, e idealizadora do site Escritora de Sucesso, busca expandir o conhecimento de todos com informa\u00e7\u00f5es relevantes sobre diversos assuntos, enquanto redatora. No Vaga de Emprego RJ, traz oportunidades e dicas sobre o mercado de trabalho.\",\"url\":\"https:\\\/\\\/www.vagadeempregorj.com.br\\\/es\\\/author\\\/michele\\\/\"}]}<\/script>\n<!-- \/ Yoast SEO plugin. -->","yoast_head_json":{"title":"Perdi meu emprego, e agora? Veja o que fazer -","description":"Veja em Vagas de Emprego RJ as vagas de emprego com e sem experi\u00eancia no seu Estado e Regi\u00e3o!","robots":{"index":"index","follow":"follow","max-snippet":"max-snippet:-1","max-image-preview":"max-image-preview:large","max-video-preview":"max-video-preview:-1"},"canonical":"https:\/\/www.vagadeempregorj.com.br\/es\/perdi-meu-emprego-e-agora-veja-o-que-fazer\/","og_locale":"es_MX","og_type":"article","og_title":"Perdi meu emprego, e agora? Veja o que fazer -","og_description":"Veja em Vagas de Emprego RJ as vagas de emprego com e sem experi\u00eancia no seu Estado e Regi\u00e3o!","og_url":"https:\/\/www.vagadeempregorj.com.br\/es\/perdi-meu-emprego-e-agora-veja-o-que-fazer\/","article_publisher":"https:\/\/www.facebook.com\/empregobrasiloficial","article_published_time":"2025-02-03T09:00:00+00:00","article_modified_time":"2025-06-15T17:30:30+00:00","og_image":[{"width":1122,"height":750,"url":"https:\/\/www.vagadeempregorj.com.br\/wp-content\/uploads\/2025\/01\/image-17.png","type":"image\/png"}],"author":"Michele","twitter_card":"summary_large_image","twitter_misc":{"Written by":"Michele","Est. reading time":"4 minutos"},"schema":{"@context":"https:\/\/schema.org","@graph":[{"@type":"Article","@id":"https:\/\/www.vagadeempregorj.com.br\/perdi-meu-emprego-e-agora-veja-o-que-fazer\/#article","isPartOf":{"@id":"https:\/\/www.vagadeempregorj.com.br\/perdi-meu-emprego-e-agora-veja-o-que-fazer\/"},"author":{"name":"Michele","@id":"https:\/\/www.vagadeempregorj.com.br\/#\/schema\/person\/3ddb19fa0539706786e502152f3aae95"},"headline":"Perdi meu emprego, e agora? Veja o que fazer","datePublished":"2025-02-03T09:00:00+00:00","dateModified":"2025-06-15T17:30:30+00:00","mainEntityOfPage":{"@id":"https:\/\/www.vagadeempregorj.com.br\/perdi-meu-emprego-e-agora-veja-o-que-fazer\/"},"wordCount":811,"image":{"@id":"https:\/\/www.vagadeempregorj.com.br\/perdi-meu-emprego-e-agora-veja-o-que-fazer\/#primaryimage"},"thumbnailUrl":"https:\/\/www.vagadeempregorj.com.br\/wp-content\/uploads\/2025\/01\/image-17.png","articleSection":["Vagas de Emprego Nacionais"],"inLanguage":"es"},{"@type":"WebPage","@id":"https:\/\/www.vagadeempregorj.com.br\/perdi-meu-emprego-e-agora-veja-o-que-fazer\/","url":"https:\/\/www.vagadeempregorj.com.br\/perdi-meu-emprego-e-agora-veja-o-que-fazer\/","name":"Perdi meu emprego, e agora? Veja o que fazer -","isPartOf":{"@id":"https:\/\/www.vagadeempregorj.com.br\/#website"},"primaryImageOfPage":{"@id":"https:\/\/www.vagadeempregorj.com.br\/perdi-meu-emprego-e-agora-veja-o-que-fazer\/#primaryimage"},"image":{"@id":"https:\/\/www.vagadeempregorj.com.br\/perdi-meu-emprego-e-agora-veja-o-que-fazer\/#primaryimage"},"thumbnailUrl":"https:\/\/www.vagadeempregorj.com.br\/wp-content\/uploads\/2025\/01\/image-17.png","datePublished":"2025-02-03T09:00:00+00:00","dateModified":"2025-06-15T17:30:30+00:00","author":{"@id":"https:\/\/www.vagadeempregorj.com.br\/#\/schema\/person\/3ddb19fa0539706786e502152f3aae95"},"description":"Veja em Vagas de Emprego RJ as vagas de emprego com e sem experi\u00eancia no seu Estado e Regi\u00e3o!","breadcrumb":{"@id":"https:\/\/www.vagadeempregorj.com.br\/perdi-meu-emprego-e-agora-veja-o-que-fazer\/#breadcrumb"},"inLanguage":"es","potentialAction":[{"@type":"ReadAction","target":["https:\/\/www.vagadeempregorj.com.br\/perdi-meu-emprego-e-agora-veja-o-que-fazer\/"]}]},{"@type":"ImageObject","inLanguage":"es","@id":"https:\/\/www.vagadeempregorj.com.br\/perdi-meu-emprego-e-agora-veja-o-que-fazer\/#primaryimage","url":"https:\/\/www.vagadeempregorj.com.br\/wp-content\/uploads\/2025\/01\/image-17.png","contentUrl":"https:\/\/www.vagadeempregorj.com.br\/wp-content\/uploads\/2025\/01\/image-17.png","width":1122,"height":750},{"@type":"BreadcrumbList","@id":"https:\/\/www.vagadeempregorj.com.br\/perdi-meu-emprego-e-agora-veja-o-que-fazer\/#breadcrumb","itemListElement":[{"@type":"ListItem","position":1,"name":"In\u00edcio","item":"https:\/\/www.vagadeempregorj.com.br\/"},{"@type":"ListItem","position":2,"name":"Perdi meu emprego, e agora? Veja o que fazer"}]},{"@type":"WebSite","@id":"https:\/\/www.vagadeempregorj.com.br\/#website","url":"https:\/\/www.vagadeempregorj.com.br\/","name":"","description":"Conquiste Sonhos: Vagas, Benef\u00edcios e Economia para Transformar Vidas e Alcan\u00e7ar Melhorias Cotidianas","potentialAction":[{"@type":"SearchAction","target":{"@type":"EntryPoint","urlTemplate":"https:\/\/www.vagadeempregorj.com.br\/?s={search_term_string}"},"query-input":{"@type":"PropertyValueSpecification","valueRequired":true,"valueName":"search_term_string"}}],"inLanguage":"es"},{"@type":"Person","@id":"https:\/\/www.vagadeempregorj.com.br\/#\/schema\/person\/3ddb19fa0539706786e502152f3aae95","name":"Michele","image":{"@type":"ImageObject","inLanguage":"es","@id":"https:\/\/secure.gravatar.com\/avatar\/6b0eb9d22841282815e2cd856a0061c45e1761cd54b22e952d98c4746939aa85?s=96&r=g","url":"https:\/\/secure.gravatar.com\/avatar\/6b0eb9d22841282815e2cd856a0061c45e1761cd54b22e952d98c4746939aa85?s=96&r=g","contentUrl":"https:\/\/secure.gravatar.com\/avatar\/6b0eb9d22841282815e2cd856a0061c45e1761cd54b22e952d98c4746939aa85?s=96&r=g","caption":"Michele"},"description":"Formada em Letras - Portugu\u00eas\/ Ingl\u00eas, e idealizadora do site Escritora de Sucesso, busca expandir o conhecimento de todos com informa\u00e7\u00f5es relevantes sobre diversos assuntos, enquanto redatora. No Vaga de Emprego RJ, traz oportunidades e dicas sobre o mercado de trabalho.","url":"https:\/\/www.vagadeempregorj.com.br\/es\/author\/michele\/"}]}},"_links":{"self":[{"href":"https:\/\/www.vagadeempregorj.com.br\/es\/wp-json\/wp\/v2\/posts\/42146","targetHints":{"allow":["GET"]}}],"collection":[{"href":"https:\/\/www.vagadeempregorj.com.br\/es\/wp-json\/wp\/v2\/posts"}],"about":[{"href":"https:\/\/www.vagadeempregorj.com.br\/es\/wp-json\/wp\/v2\/types\/post"}],"author":[{"embeddable":true,"href":"https:\/\/www.vagadeempregorj.com.br\/es\/wp-json\/wp\/v2\/users\/16"}],"replies":[{"embeddable":true,"href":"https:\/\/www.vagadeempregorj.com.br\/es\/wp-json\/wp\/v2\/comments?post=42146"}],"version-history":[{"count":1,"href":"https:\/\/www.vagadeempregorj.com.br\/es\/wp-json\/wp\/v2\/posts\/42146\/revisions"}],"predecessor-version":[{"id":43546,"href":"https:\/\/www.vagadeempregorj.com.br\/es\/wp-json\/wp\/v2\/posts\/42146\/revisions\/43546"}],"wp:featuredmedia":[{"embeddable":true,"href":"https:\/\/www.vagadeempregorj.com.br\/es\/wp-json\/wp\/v2\/media\/42159"}],"wp:attachment":[{"href":"https:\/\/www.vagadeempregorj.com.br\/es\/wp-json\/wp\/v2\/media?parent=42146"}],"wp:term":[{"taxonomy":"category","embeddable":true,"href":"https:\/\/www.vagadeempregorj.com.br\/es\/wp-json\/wp\/v2\/categories?post=42146"},{"taxonomy":"post_tag","embeddable":true,"href":"https:\/\/www.vagadeempregorj.com.br\/es\/wp-json\/wp\/v2\/tags?post=42146"}],"curies":[{"name":"wp","href":"https:\/\/api.w.org\/{rel}","templated":true}]}}