{"id":42239,"date":"2025-01-23T08:32:04","date_gmt":"2025-01-23T11:32:04","guid":{"rendered":"https:\/\/www.vagadeempregorj.com.br\/?p=42239"},"modified":"2025-06-15T14:46:42","modified_gmt":"2025-06-15T17:46:42","slug":"mestrado-engenharia-eletrica-cefet-rj","status":"publish","type":"post","link":"https:\/\/www.vagadeempregorj.com.br\/es\/mestrado-engenharia-eletrica-cefet-rj\/","title":{"rendered":"Mestrado em Engenharia El\u00e9trica do CEFET\/RJ: Inscreva-se J\u00e1"},"content":{"rendered":"<h2 class=\"wp-block-heading\">Mestrado em Engenharia El\u00e9trica do CEFET\/RJ: Capacita\u00e7\u00e3o Avan\u00e7ada<\/h2>\n\n\n\n<p class=\"has-medium-font-size\">O Centro Federal de Educa\u00e7\u00e3o Tecnol\u00f3gica Celso Suckow da Fonseca (CEFET\/RJ) est\u00e1, portanto, com inscri\u00e7\u00f5es abertas para o curso gratuito de <strong>Mestrado em Engenharia El\u00e9trica<\/strong>. Este programa, que \u00e9 uma refer\u00eancia na \u00e1rea, est\u00e1 previsto para iniciar em 2025 no Campus Maracan\u00e3, no Rio de Janeiro. Com at\u00e9 15 vagas dispon\u00edveis, o curso representa, assim, uma excelente escolha para engenheiros e profissionais das \u00e1reas tecnol\u00f3gicas que desejam, al\u00e9m de aprimorar seus conhecimentos, se qualificar para atuar em pesquisa e desenvolvimento.<\/p>\n\n\n\n<p class=\"has-medium-font-size\">O edital 03\/2024 (PPEEL\/DEPOG\/DIPPG\/CEFET\/RJ) regulamenta o processo seletivo, que inclui crit\u00e9rios espec\u00edficos e a oferta de vagas para a\u00e7\u00f5es afirmativas.<\/p>\n\n\n\n<h2 class=\"wp-block-heading\">Objetivos do Mestrado em Engenharia El\u00e9trica do CEFET\/RJ<\/h2>\n\n\n\n<p class=\"has-medium-font-size\">O <strong>Mestrado em Engenharia El\u00e9trica do CEFET\/RJ<\/strong> busca, acima de tudo, formar profissionais capazes de atuar em atividades de pesquisa e inova\u00e7\u00e3o tecnol\u00f3gica. Al\u00e9m disso, seu principal objetivo \u00e9 contribuir para o avan\u00e7o cient\u00edfico e, ao mesmo tempo, preparar engenheiros para enfrentar desafios tanto no setor industrial quanto no acad\u00eamico.<\/p>\n\n\n\n<p class=\"has-medium-font-size\">Com dura\u00e7\u00e3o de 24 meses, o curso oferece uma abordagem robusta, incluindo:<\/p>\n\n\n\n<ul class=\"wp-block-list\">\n<li class=\"has-medium-font-size\">Disciplinas trimestrais que integram conceitos te\u00f3ricos e pr\u00e1ticos;<\/li>\n\n\n\n<li class=\"has-medium-font-size\">Participa\u00e7\u00e3o em semin\u00e1rios e f\u00f3runs acad\u00eamicos;<\/li>\n\n\n\n<li class=\"has-medium-font-size\">Avalia\u00e7\u00f5es regulares para monitorar o progresso do aluno.<\/li>\n<\/ul>\n\n\n\n<p class=\"has-medium-font-size\">O programa \u00e9 presencial e conta com infraestrutura moderna no Campus Maracan\u00e3, garantindo uma experi\u00eancia acad\u00eamica enriquecedora e colaborativa.<\/p>\n\n\n\n<h2 class=\"wp-block-heading\">Vagas Dispon\u00edveis e Localiza\u00e7\u00e3o<\/h2>\n\n\n\n<p class=\"has-medium-font-size\">O CEFET\/RJ oferece at\u00e9 15 vagas para o curso e distribui essas vagas entre as linhas de pesquisa do programa. O curso acontece no Campus Maracan\u00e3, situado na Av. Maracan\u00e3, 229, no Rio de Janeiro.<\/p>\n\n\n\n<p class=\"has-medium-font-size\">Al\u00e9m de ser de f\u00e1cil acesso, essa localiza\u00e7\u00e3o oferece proximidade com centros acad\u00eamicos e industriais, favorecendo o interc\u00e2mbio de ideias e experi\u00eancias.<\/p>\n\n\n\n<h2 class=\"wp-block-heading\">Processo Seletivo<\/h2>\n\n\n\n<p class=\"has-medium-font-size\">O processo seletivo para o <strong>Mestrado em Engenharia El\u00e9trica do CEFET\/RJ<\/strong> \u00e9 abrangente e visa garantir a sele\u00e7\u00e3o dos candidatos mais preparados. Ele inclui:<\/p>\n\n\n\n<ul class=\"wp-block-list\">\n<li class=\"has-medium-font-size\"><strong>An\u00e1lise de curr\u00edculo:<\/strong> Avalia\u00e7\u00e3o das qualifica\u00e7\u00f5es acad\u00eamicas e profissionais;<\/li>\n\n\n\n<li class=\"has-medium-font-size\"><strong>Prova de t\u00edtulos:<\/strong> Pontua\u00e7\u00e3o baseada nas conquistas acad\u00eamicas e experi\u00eancia na \u00e1rea;<\/li>\n\n\n\n<li class=\"has-medium-font-size\"><strong>Argui\u00e7\u00e3o oral:<\/strong> Entrevista onde o candidato apresenta seus interesses e perspectivas para o programa.<\/li>\n<\/ul>\n\n\n\n<p class=\"has-medium-font-size\">Vagas reservadas para a\u00e7\u00f5es afirmativas est\u00e3o dispon\u00edveis para candidatos autodeclarados pretos, pardos, ind\u00edgenas, quilombolas e pessoas com defici\u00eancia. Os interessados devem apresentar a documenta\u00e7\u00e3o exigida para concorrer.<\/p>\n\n\n\n<h2 class=\"wp-block-heading\">Requisitos para Inscri\u00e7\u00e3o<\/h2>\n\n\n\n<p class=\"has-medium-font-size\">Para se inscrever, os candidatos devem atender aos seguintes crit\u00e9rios:<\/p>\n\n\n\n<ul class=\"wp-block-list\">\n<li class=\"has-medium-font-size\">Ter diploma de curso superior em Engenharia ou \u00e1reas correlatas, reconhecido pelo MEC;<\/li>\n\n\n\n<li class=\"has-medium-font-size\">Apresentar curr\u00edculo atualizado;<\/li>\n\n\n\n<li class=\"has-medium-font-size\">Redigir uma carta de inten\u00e7\u00e3o detalhando os motivos para participar do programa;<\/li>\n\n\n\n<li class=\"has-medium-font-size\">Enviar documentos pessoais e, se aplic\u00e1vel, comprova\u00e7\u00f5es para vagas afirmativas.<\/li>\n<\/ul>\n\n\n\n<p class=\"has-medium-font-size\">Al\u00e9m disso, \u00e9 recomend\u00e1vel que os inscritos possuam acesso a recursos tecnol\u00f3gicos b\u00e1sicos, como computador e internet, para acompanhar poss\u00edveis atividades complementares.<\/p>\n\n\n\n<h2 class=\"wp-block-heading\">Como Realizar a Inscri\u00e7\u00e3o<\/h2>\n\n\n\n<p class=\"has-medium-font-size\">As inscri\u00e7\u00f5es est\u00e3o abertas e devem ser realizadas pelo site oficial do CEFET\/RJ at\u00e9 o dia <strong>24 de janeiro de 2024<\/strong>. Todo o processo \u00e9 online, facilitando o envio de documentos e o acesso ao edital completo.<\/p>\n\n\n\n<p class=\"has-medium-font-size\">O curso oferece, assim, a chance de obter um certificado com validade nacional, amplamente reconhecido no mercado de trabalho. Al\u00e9m disso, essa qualifica\u00e7\u00e3o pode abrir portas tanto na \u00e1rea acad\u00eamica quanto no setor tecnol\u00f3gico e industrial, proporcionando novas oportunidades para os formandos.<\/p>\n\n\n\n<h2 class=\"wp-block-heading\">Por Que Escolher o Mestrado em Engenharia El\u00e9trica do CEFET\/RJ?<\/h2>\n\n\n\n<p class=\"has-medium-font-size\">Estudar no CEFET\/RJ \u00e9 sin\u00f4nimo de qualidade acad\u00eamica. A institui\u00e7\u00e3o \u00e9 reconhecida por sua excel\u00eancia em ensino, pesquisa e extens\u00e3o. O programa de mestrado proporciona n\u00e3o apenas uma s\u00f3lida forma\u00e7\u00e3o t\u00e9cnica, mas tamb\u00e9m oportunidades de networking e envolvimento em projetos de impacto.<\/p>\n\n\n\n<p class=\"has-medium-font-size\">O mercado demanda profissionais altamente capacitados, e o <strong>Mestrado em Engenharia El\u00e9trica do CEFET\/RJ<\/strong> oferece as ferramentas necess\u00e1rias para atender a essas exig\u00eancias.<\/p>\n\n\n\n<h2 class=\"wp-block-heading\">Conclus\u00e3o<\/h2>\n\n\n\n<p class=\"has-medium-font-size\">O <strong>Mestrado em Engenharia El\u00e9trica do CEFET\/RJ<\/strong> \u00e9, sem d\u00favida, uma oportunidade valiosa para engenheiros que desejam aprofundar seus conhecimentos e, al\u00e9m disso, se destacar em suas carreiras. Como as vagas s\u00e3o limitadas e o processo seletivo \u00e9 criterioso, os interessados devem, portanto, garantir sua inscri\u00e7\u00e3o o quanto antes. Assim, poder\u00e3o aproveitar a chance de se qualificar em uma institui\u00e7\u00e3o de refer\u00eancia, que \u00e9 reconhecida nacionalmente por sua excel\u00eancia acad\u00eamica e forma\u00e7\u00e3o de profissionais de alto n\u00edvel.<\/p>\n\n\n\n<hr class=\"wp-block-separator has-alpha-channel-opacity\"\/>\n\n\n\n<p class=\"has-medium-font-size\">Se voc\u00ea deseja explorar mais op\u00e7\u00f5es de cursos gratuitos e oportunidades de qualifica\u00e7\u00e3o, confira nossa p\u00e1gina sobre <strong>cursos de p\u00f3s-gradua\u00e7\u00e3o gratuitos no Brasil<\/strong>.<\/p>","protected":false},"excerpt":{"rendered":"<p>Mestrado em Engenharia El\u00e9trica do CEFET\/RJ: Capacita\u00e7\u00e3o Avan\u00e7ada O Centro Federal de Educa\u00e7\u00e3o Tecnol\u00f3gica Celso Suckow da Fonseca (CEFET\/RJ) est\u00e1, portanto, com inscri\u00e7\u00f5es abertas para o curso gratuito de Mestrado em Engenharia El\u00e9trica. Este programa, que \u00e9 uma refer\u00eancia na \u00e1rea, est\u00e1 previsto para iniciar em 2025 no Campus Maracan\u00e3, no Rio de Janeiro. Com&hellip;&nbsp;<\/p>","protected":false},"author":1,"featured_media":42240,"comment_status":"closed","ping_status":"closed","sticky":false,"template":"","format":"standard","meta":{"neve_meta_sidebar":"","neve_meta_container":"","neve_meta_enable_content_width":"","neve_meta_content_width":0,"neve_meta_title_alignment":"","neve_meta_author_avatar":"","neve_post_elements_order":"","neve_meta_disable_header":"","neve_meta_disable_footer":"","neve_meta_disable_title":"","footnotes":""},"categories":[703],"tags":[954,955,953,952,951],"class_list":["post-42239","post","type-post","status-publish","format-standard","has-post-thumbnail","hentry","category-informacao-tecnologica-e-curiosidades","tag-cefet-rj","tag-educacao-superior","tag-engenharia-eletrica","tag-mestrado-gratuito","tag-pos-graduacao"],"yoast_head":"<!-- This site is optimized with the Yoast SEO plugin v27.5 - https:\/\/yoast.com\/product\/yoast-seo-wordpress\/ -->\n<title>Mestrado em Engenharia El\u00e9trica do CEFET\/RJ: Inscreva-se J\u00e1 -<\/title>\n<meta name=\"description\" content=\"Curso gratuito de Mestrado em Engenharia El\u00e9trica no CEFET\/RJ. Inscri\u00e7\u00f5es abertas at\u00e9 24\/01\/2024. Vagas limitadas. Confira todos os detalhes!\" \/>\n<meta name=\"robots\" content=\"index, follow, max-snippet:-1, max-image-preview:large, max-video-preview:-1\" \/>\n<link rel=\"canonical\" href=\"https:\/\/www.vagadeempregorj.com.br\/es\/mestrado-engenharia-eletrica-cefet-rj\/\" \/>\n<meta property=\"og:locale\" content=\"es_MX\" \/>\n<meta property=\"og:type\" content=\"article\" \/>\n<meta property=\"og:title\" content=\"Mestrado em Engenharia El\u00e9trica do CEFET\/RJ: Inscreva-se J\u00e1 -\" \/>\n<meta property=\"og:description\" content=\"Curso gratuito de Mestrado em Engenharia El\u00e9trica no CEFET\/RJ. Inscri\u00e7\u00f5es abertas at\u00e9 24\/01\/2024. Vagas limitadas. Confira todos os detalhes!\" \/>\n<meta property=\"og:url\" content=\"https:\/\/www.vagadeempregorj.com.br\/es\/mestrado-engenharia-eletrica-cefet-rj\/\" \/>\n<meta property=\"article:publisher\" content=\"https:\/\/www.facebook.com\/empregobrasiloficial\" \/>\n<meta property=\"article:published_time\" content=\"2025-01-23T11:32:04+00:00\" \/>\n<meta property=\"article:modified_time\" content=\"2025-06-15T17:46:42+00:00\" \/>\n<meta property=\"og:image\" content=\"https:\/\/www.vagadeempregorj.com.br\/wp-content\/uploads\/2025\/01\/Mestrado-em-Engenharia-Eletrica-do-CEFETRJ.webp\" \/>\n\t<meta property=\"og:image:width\" content=\"1280\" \/>\n\t<meta property=\"og:image:height\" content=\"720\" \/>\n\t<meta property=\"og:image:type\" content=\"image\/webp\" \/>\n<meta name=\"author\" content=\"Ana B.\" \/>\n<meta name=\"twitter:card\" content=\"summary_large_image\" \/>\n<meta name=\"twitter:label1\" content=\"Written by\" \/>\n\t<meta name=\"twitter:data1\" content=\"Ana B.\" \/>\n\t<meta name=\"twitter:label2\" content=\"Est. reading time\" \/>\n\t<meta name=\"twitter:data2\" content=\"4 minutos\" \/>\n<script type=\"application\/ld+json\" class=\"yoast-schema-graph\">{\"@context\":\"https:\\\/\\\/schema.org\",\"@graph\":[{\"@type\":\"Article\",\"@id\":\"https:\\\/\\\/www.vagadeempregorj.com.br\\\/mestrado-engenharia-eletrica-cefet-rj\\\/#article\",\"isPartOf\":{\"@id\":\"https:\\\/\\\/www.vagadeempregorj.com.br\\\/mestrado-engenharia-eletrica-cefet-rj\\\/\"},\"author\":{\"name\":\"Ana B.\",\"@id\":\"https:\\\/\\\/www.vagadeempregorj.com.br\\\/#\\\/schema\\\/person\\\/c0c38d5d765e86c3b7c8f12fb1ae6477\"},\"headline\":\"Mestrado em Engenharia El\u00e9trica do CEFET\\\/RJ: Inscreva-se J\u00e1\",\"datePublished\":\"2025-01-23T11:32:04+00:00\",\"dateModified\":\"2025-06-15T17:46:42+00:00\",\"mainEntityOfPage\":{\"@id\":\"https:\\\/\\\/www.vagadeempregorj.com.br\\\/mestrado-engenharia-eletrica-cefet-rj\\\/\"},\"wordCount\":814,\"image\":{\"@id\":\"https:\\\/\\\/www.vagadeempregorj.com.br\\\/mestrado-engenharia-eletrica-cefet-rj\\\/#primaryimage\"},\"thumbnailUrl\":\"https:\\\/\\\/www.vagadeempregorj.com.br\\\/wp-content\\\/uploads\\\/2025\\\/01\\\/Mestrado-em-Engenharia-Eletrica-do-CEFETRJ.webp\",\"keywords\":[\"CEFET\\\/RJ\",\"educa\u00e7\u00e3o superior\",\"engenharia el\u00e9trica\",\"mestrado gratuito\",\"p\u00f3s-gradua\u00e7\u00e3o\"],\"articleSection\":[\"Informa\u00e7\u00e3o Tecnol\u00f3gica, Curiosidades e Cursos\"],\"inLanguage\":\"es\"},{\"@type\":\"WebPage\",\"@id\":\"https:\\\/\\\/www.vagadeempregorj.com.br\\\/mestrado-engenharia-eletrica-cefet-rj\\\/\",\"url\":\"https:\\\/\\\/www.vagadeempregorj.com.br\\\/mestrado-engenharia-eletrica-cefet-rj\\\/\",\"name\":\"Mestrado em Engenharia El\u00e9trica do CEFET\\\/RJ: Inscreva-se J\u00e1 -\",\"isPartOf\":{\"@id\":\"https:\\\/\\\/www.vagadeempregorj.com.br\\\/#website\"},\"primaryImageOfPage\":{\"@id\":\"https:\\\/\\\/www.vagadeempregorj.com.br\\\/mestrado-engenharia-eletrica-cefet-rj\\\/#primaryimage\"},\"image\":{\"@id\":\"https:\\\/\\\/www.vagadeempregorj.com.br\\\/mestrado-engenharia-eletrica-cefet-rj\\\/#primaryimage\"},\"thumbnailUrl\":\"https:\\\/\\\/www.vagadeempregorj.com.br\\\/wp-content\\\/uploads\\\/2025\\\/01\\\/Mestrado-em-Engenharia-Eletrica-do-CEFETRJ.webp\",\"datePublished\":\"2025-01-23T11:32:04+00:00\",\"dateModified\":\"2025-06-15T17:46:42+00:00\",\"author\":{\"@id\":\"https:\\\/\\\/www.vagadeempregorj.com.br\\\/#\\\/schema\\\/person\\\/c0c38d5d765e86c3b7c8f12fb1ae6477\"},\"description\":\"Curso gratuito de Mestrado em Engenharia El\u00e9trica no CEFET\\\/RJ. Inscri\u00e7\u00f5es abertas at\u00e9 24\\\/01\\\/2024. Vagas limitadas. Confira todos os detalhes!\",\"breadcrumb\":{\"@id\":\"https:\\\/\\\/www.vagadeempregorj.com.br\\\/mestrado-engenharia-eletrica-cefet-rj\\\/#breadcrumb\"},\"inLanguage\":\"es\",\"potentialAction\":[{\"@type\":\"ReadAction\",\"target\":[\"https:\\\/\\\/www.vagadeempregorj.com.br\\\/mestrado-engenharia-eletrica-cefet-rj\\\/\"]}]},{\"@type\":\"ImageObject\",\"inLanguage\":\"es\",\"@id\":\"https:\\\/\\\/www.vagadeempregorj.com.br\\\/mestrado-engenharia-eletrica-cefet-rj\\\/#primaryimage\",\"url\":\"https:\\\/\\\/www.vagadeempregorj.com.br\\\/wp-content\\\/uploads\\\/2025\\\/01\\\/Mestrado-em-Engenharia-Eletrica-do-CEFETRJ.webp\",\"contentUrl\":\"https:\\\/\\\/www.vagadeempregorj.com.br\\\/wp-content\\\/uploads\\\/2025\\\/01\\\/Mestrado-em-Engenharia-Eletrica-do-CEFETRJ.webp\",\"width\":1280,\"height\":720,\"caption\":\"Mestrado em Engenharia El\u00e9trica do CEFET\\\/RJ.\"},{\"@type\":\"BreadcrumbList\",\"@id\":\"https:\\\/\\\/www.vagadeempregorj.com.br\\\/mestrado-engenharia-eletrica-cefet-rj\\\/#breadcrumb\",\"itemListElement\":[{\"@type\":\"ListItem\",\"position\":1,\"name\":\"In\u00edcio\",\"item\":\"https:\\\/\\\/www.vagadeempregorj.com.br\\\/\"},{\"@type\":\"ListItem\",\"position\":2,\"name\":\"Mestrado em Engenharia El\u00e9trica do CEFET\\\/RJ: Inscreva-se J\u00e1\"}]},{\"@type\":\"WebSite\",\"@id\":\"https:\\\/\\\/www.vagadeempregorj.com.br\\\/#website\",\"url\":\"https:\\\/\\\/www.vagadeempregorj.com.br\\\/\",\"name\":\"\",\"description\":\"Conquiste Sonhos: Vagas, Benef\u00edcios e Economia para Transformar Vidas e Alcan\u00e7ar Melhorias Cotidianas\",\"potentialAction\":[{\"@type\":\"SearchAction\",\"target\":{\"@type\":\"EntryPoint\",\"urlTemplate\":\"https:\\\/\\\/www.vagadeempregorj.com.br\\\/?s={search_term_string}\"},\"query-input\":{\"@type\":\"PropertyValueSpecification\",\"valueRequired\":true,\"valueName\":\"search_term_string\"}}],\"inLanguage\":\"es\"},{\"@type\":\"Person\",\"@id\":\"https:\\\/\\\/www.vagadeempregorj.com.br\\\/#\\\/schema\\\/person\\\/c0c38d5d765e86c3b7c8f12fb1ae6477\",\"name\":\"Ana B.\",\"image\":{\"@type\":\"ImageObject\",\"inLanguage\":\"es\",\"@id\":\"https:\\\/\\\/secure.gravatar.com\\\/avatar\\\/f5efa58599e07f8dd92f26c7cfbc442fd115582bc681245452e503c2ef2334f3?s=96&r=g\",\"url\":\"https:\\\/\\\/secure.gravatar.com\\\/avatar\\\/f5efa58599e07f8dd92f26c7cfbc442fd115582bc681245452e503c2ef2334f3?s=96&r=g\",\"contentUrl\":\"https:\\\/\\\/secure.gravatar.com\\\/avatar\\\/f5efa58599e07f8dd92f26c7cfbc442fd115582bc681245452e503c2ef2334f3?s=96&r=g\",\"caption\":\"Ana B.\"},\"description\":\"Meu nome \u00e9 Ana e sou apaixonada em escrever. Dedico meu tempo escrevendo not\u00edcias e vagas de emprego diariamente no portal Vaga de Emprego RJ.\",\"url\":\"https:\\\/\\\/www.vagadeempregorj.com.br\\\/es\\\/author\\\/vgrj\\\/\"}]}<\/script>\n<!-- \/ Yoast SEO plugin. -->","yoast_head_json":{"title":"Mestrado em Engenharia El\u00e9trica do CEFET\/RJ: Inscreva-se J\u00e1 -","description":"Curso gratuito de Mestrado em Engenharia El\u00e9trica no CEFET\/RJ. Inscri\u00e7\u00f5es abertas at\u00e9 24\/01\/2024. Vagas limitadas. Confira todos os detalhes!","robots":{"index":"index","follow":"follow","max-snippet":"max-snippet:-1","max-image-preview":"max-image-preview:large","max-video-preview":"max-video-preview:-1"},"canonical":"https:\/\/www.vagadeempregorj.com.br\/es\/mestrado-engenharia-eletrica-cefet-rj\/","og_locale":"es_MX","og_type":"article","og_title":"Mestrado em Engenharia El\u00e9trica do CEFET\/RJ: Inscreva-se J\u00e1 -","og_description":"Curso gratuito de Mestrado em Engenharia El\u00e9trica no CEFET\/RJ. Inscri\u00e7\u00f5es abertas at\u00e9 24\/01\/2024. Vagas limitadas. Confira todos os detalhes!","og_url":"https:\/\/www.vagadeempregorj.com.br\/es\/mestrado-engenharia-eletrica-cefet-rj\/","article_publisher":"https:\/\/www.facebook.com\/empregobrasiloficial","article_published_time":"2025-01-23T11:32:04+00:00","article_modified_time":"2025-06-15T17:46:42+00:00","og_image":[{"width":1280,"height":720,"url":"https:\/\/www.vagadeempregorj.com.br\/wp-content\/uploads\/2025\/01\/Mestrado-em-Engenharia-Eletrica-do-CEFETRJ.webp","type":"image\/webp"}],"author":"Ana B.","twitter_card":"summary_large_image","twitter_misc":{"Written by":"Ana B.","Est. reading time":"4 minutos"},"schema":{"@context":"https:\/\/schema.org","@graph":[{"@type":"Article","@id":"https:\/\/www.vagadeempregorj.com.br\/mestrado-engenharia-eletrica-cefet-rj\/#article","isPartOf":{"@id":"https:\/\/www.vagadeempregorj.com.br\/mestrado-engenharia-eletrica-cefet-rj\/"},"author":{"name":"Ana B.","@id":"https:\/\/www.vagadeempregorj.com.br\/#\/schema\/person\/c0c38d5d765e86c3b7c8f12fb1ae6477"},"headline":"Mestrado em Engenharia El\u00e9trica do CEFET\/RJ: Inscreva-se J\u00e1","datePublished":"2025-01-23T11:32:04+00:00","dateModified":"2025-06-15T17:46:42+00:00","mainEntityOfPage":{"@id":"https:\/\/www.vagadeempregorj.com.br\/mestrado-engenharia-eletrica-cefet-rj\/"},"wordCount":814,"image":{"@id":"https:\/\/www.vagadeempregorj.com.br\/mestrado-engenharia-eletrica-cefet-rj\/#primaryimage"},"thumbnailUrl":"https:\/\/www.vagadeempregorj.com.br\/wp-content\/uploads\/2025\/01\/Mestrado-em-Engenharia-Eletrica-do-CEFETRJ.webp","keywords":["CEFET\/RJ","educa\u00e7\u00e3o superior","engenharia el\u00e9trica","mestrado gratuito","p\u00f3s-gradua\u00e7\u00e3o"],"articleSection":["Informa\u00e7\u00e3o Tecnol\u00f3gica, Curiosidades e Cursos"],"inLanguage":"es"},{"@type":"WebPage","@id":"https:\/\/www.vagadeempregorj.com.br\/mestrado-engenharia-eletrica-cefet-rj\/","url":"https:\/\/www.vagadeempregorj.com.br\/mestrado-engenharia-eletrica-cefet-rj\/","name":"Mestrado em Engenharia El\u00e9trica do CEFET\/RJ: Inscreva-se J\u00e1 -","isPartOf":{"@id":"https:\/\/www.vagadeempregorj.com.br\/#website"},"primaryImageOfPage":{"@id":"https:\/\/www.vagadeempregorj.com.br\/mestrado-engenharia-eletrica-cefet-rj\/#primaryimage"},"image":{"@id":"https:\/\/www.vagadeempregorj.com.br\/mestrado-engenharia-eletrica-cefet-rj\/#primaryimage"},"thumbnailUrl":"https:\/\/www.vagadeempregorj.com.br\/wp-content\/uploads\/2025\/01\/Mestrado-em-Engenharia-Eletrica-do-CEFETRJ.webp","datePublished":"2025-01-23T11:32:04+00:00","dateModified":"2025-06-15T17:46:42+00:00","author":{"@id":"https:\/\/www.vagadeempregorj.com.br\/#\/schema\/person\/c0c38d5d765e86c3b7c8f12fb1ae6477"},"description":"Curso gratuito de Mestrado em Engenharia El\u00e9trica no CEFET\/RJ. Inscri\u00e7\u00f5es abertas at\u00e9 24\/01\/2024. Vagas limitadas. Confira todos os detalhes!","breadcrumb":{"@id":"https:\/\/www.vagadeempregorj.com.br\/mestrado-engenharia-eletrica-cefet-rj\/#breadcrumb"},"inLanguage":"es","potentialAction":[{"@type":"ReadAction","target":["https:\/\/www.vagadeempregorj.com.br\/mestrado-engenharia-eletrica-cefet-rj\/"]}]},{"@type":"ImageObject","inLanguage":"es","@id":"https:\/\/www.vagadeempregorj.com.br\/mestrado-engenharia-eletrica-cefet-rj\/#primaryimage","url":"https:\/\/www.vagadeempregorj.com.br\/wp-content\/uploads\/2025\/01\/Mestrado-em-Engenharia-Eletrica-do-CEFETRJ.webp","contentUrl":"https:\/\/www.vagadeempregorj.com.br\/wp-content\/uploads\/2025\/01\/Mestrado-em-Engenharia-Eletrica-do-CEFETRJ.webp","width":1280,"height":720,"caption":"Mestrado em Engenharia El\u00e9trica do CEFET\/RJ."},{"@type":"BreadcrumbList","@id":"https:\/\/www.vagadeempregorj.com.br\/mestrado-engenharia-eletrica-cefet-rj\/#breadcrumb","itemListElement":[{"@type":"ListItem","position":1,"name":"In\u00edcio","item":"https:\/\/www.vagadeempregorj.com.br\/"},{"@type":"ListItem","position":2,"name":"Mestrado em Engenharia El\u00e9trica do CEFET\/RJ: Inscreva-se J\u00e1"}]},{"@type":"WebSite","@id":"https:\/\/www.vagadeempregorj.com.br\/#website","url":"https:\/\/www.vagadeempregorj.com.br\/","name":"","description":"Conquiste Sonhos: Vagas, Benef\u00edcios e Economia para Transformar Vidas e Alcan\u00e7ar Melhorias Cotidianas","potentialAction":[{"@type":"SearchAction","target":{"@type":"EntryPoint","urlTemplate":"https:\/\/www.vagadeempregorj.com.br\/?s={search_term_string}"},"query-input":{"@type":"PropertyValueSpecification","valueRequired":true,"valueName":"search_term_string"}}],"inLanguage":"es"},{"@type":"Person","@id":"https:\/\/www.vagadeempregorj.com.br\/#\/schema\/person\/c0c38d5d765e86c3b7c8f12fb1ae6477","name":"Ana B.","image":{"@type":"ImageObject","inLanguage":"es","@id":"https:\/\/secure.gravatar.com\/avatar\/f5efa58599e07f8dd92f26c7cfbc442fd115582bc681245452e503c2ef2334f3?s=96&r=g","url":"https:\/\/secure.gravatar.com\/avatar\/f5efa58599e07f8dd92f26c7cfbc442fd115582bc681245452e503c2ef2334f3?s=96&r=g","contentUrl":"https:\/\/secure.gravatar.com\/avatar\/f5efa58599e07f8dd92f26c7cfbc442fd115582bc681245452e503c2ef2334f3?s=96&r=g","caption":"Ana B."},"description":"Meu nome \u00e9 Ana e sou apaixonada em escrever. Dedico meu tempo escrevendo not\u00edcias e vagas de emprego diariamente no portal Vaga de Emprego RJ.","url":"https:\/\/www.vagadeempregorj.com.br\/es\/author\/vgrj\/"}]}},"_links":{"self":[{"href":"https:\/\/www.vagadeempregorj.com.br\/es\/wp-json\/wp\/v2\/posts\/42239","targetHints":{"allow":["GET"]}}],"collection":[{"href":"https:\/\/www.vagadeempregorj.com.br\/es\/wp-json\/wp\/v2\/posts"}],"about":[{"href":"https:\/\/www.vagadeempregorj.com.br\/es\/wp-json\/wp\/v2\/types\/post"}],"author":[{"embeddable":true,"href":"https:\/\/www.vagadeempregorj.com.br\/es\/wp-json\/wp\/v2\/users\/1"}],"replies":[{"embeddable":true,"href":"https:\/\/www.vagadeempregorj.com.br\/es\/wp-json\/wp\/v2\/comments?post=42239"}],"version-history":[{"count":1,"href":"https:\/\/www.vagadeempregorj.com.br\/es\/wp-json\/wp\/v2\/posts\/42239\/revisions"}],"predecessor-version":[{"id":43613,"href":"https:\/\/www.vagadeempregorj.com.br\/es\/wp-json\/wp\/v2\/posts\/42239\/revisions\/43613"}],"wp:featuredmedia":[{"embeddable":true,"href":"https:\/\/www.vagadeempregorj.com.br\/es\/wp-json\/wp\/v2\/media\/42240"}],"wp:attachment":[{"href":"https:\/\/www.vagadeempregorj.com.br\/es\/wp-json\/wp\/v2\/media?parent=42239"}],"wp:term":[{"taxonomy":"category","embeddable":true,"href":"https:\/\/www.vagadeempregorj.com.br\/es\/wp-json\/wp\/v2\/categories?post=42239"},{"taxonomy":"post_tag","embeddable":true,"href":"https:\/\/www.vagadeempregorj.com.br\/es\/wp-json\/wp\/v2\/tags?post=42239"}],"curies":[{"name":"wp","href":"https:\/\/api.w.org\/{rel}","templated":true}]}}