{"id":42242,"date":"2025-01-24T08:35:50","date_gmt":"2025-01-24T11:35:50","guid":{"rendered":"https:\/\/www.vagadeempregorj.com.br\/?p=42242"},"modified":"2025-01-24T08:35:51","modified_gmt":"2025-01-24T11:35:51","slug":"sine-uberlandia-nova-sede-e-lideranca-em-empregos","status":"publish","type":"post","link":"https:\/\/www.vagadeempregorj.com.br\/es\/sine-uberlandia-nova-sede-e-lideranca-em-empregos\/","title":{"rendered":"Sine Uberl\u00e2ndia: Nova Sede e Destaque em Gera\u00e7\u00e3o de Empregos"},"content":{"rendered":"<p class=\"has-medium-font-size\">O Sine Uberl\u00e2ndia refor\u00e7a sua posi\u00e7\u00e3o como o principal gerador de empregos em Minas Gerais, liderando pelo quarto ano consecutivo a oferta de vagas no estado. Em janeiro de 2025, mais de 2,5 mil oportunidades foram intermediadas, destacando a efici\u00eancia da unidade. Agora, com a inaugura\u00e7\u00e3o de uma nova sede no Centro, o servi\u00e7o promete ampliar o atendimento e facilitar o acesso da popula\u00e7\u00e3o, oferecendo uma estrutura moderna e acess\u00edvel.<\/p>\n\n\n\n<h2 class=\"wp-block-heading\"><strong>Sine Uberl\u00e2ndia: Lideran\u00e7a no Mercado de Trabalho em Minas Gerais<\/strong><\/h2>\n\n\n\n<p class=\"has-medium-font-size\">A cidade de Uberl\u00e2ndia tem se destacado no cen\u00e1rio estadual pela sua efici\u00eancia na intermedia\u00e7\u00e3o de empregos. Somente na primeira quinzena de 2025, o Sine local ofertou 2.517 vagas, sendo 80 delas exclusivas para Pessoas com Defici\u00eancia (PcD). Esse volume expressivo demonstra a relev\u00e2ncia da unidade para o mercado de trabalho e a confian\u00e7a de empregadores na gest\u00e3o municipal.<\/p>\n\n\n\n<p class=\"has-medium-font-size\">Conforme o painel da Secretaria de Estado de Desenvolvimento Social (Sedese-MG), o Sine Uberl\u00e2ndia lidera a oferta de vagas em Minas Gerais h\u00e1 quatro anos. Desde 2020, a unidade tem se mostrado uma ferramenta essencial para o desenvolvimento econ\u00f4mico e social, contribuindo diretamente para a diminui\u00e7\u00e3o do desemprego e para a inclus\u00e3o de diferentes perfis no mercado de trabalho.<\/p>\n\n\n\n<p class=\"has-medium-font-size\">De acordo com o prefeito Paulo S\u00e9rgio, a excel\u00eancia do Sine Uberl\u00e2ndia \u00e9 resultado de uma administra\u00e7\u00e3o focada na capta\u00e7\u00e3o de vagas e na presta\u00e7\u00e3o de servi\u00e7os de qualidade \u00e0 popula\u00e7\u00e3o. \u201cNosso objetivo \u00e9 garantir mais qualidade de vida, promovendo a empregabilidade e fortalecendo a economia local,\u201d afirmou.<\/p>\n\n\n\n<h2 class=\"wp-block-heading\"><strong>Nova Sede do Sine Uberl\u00e2ndia: Mais Acessibilidade e Servi\u00e7os Ampliados<\/strong><\/h2>\n\n\n\n<p class=\"has-medium-font-size\">A nova sede do Sine Uberl\u00e2ndia, inaugurada em 17 de dezembro de 2024 e aberta ao p\u00fablico a partir de 27 de janeiro de 2025, est\u00e1 localizada na Pra\u00e7a Tubal Vilela, 60, Centro. O local foi projetado para oferecer maior conforto e acessibilidade, atendendo melhor tanto candidatos quanto empregadores.<\/p>\n\n\n\n<p class=\"has-medium-font-size\">O hor\u00e1rio de funcionamento da nova unidade \u00e9 de segunda a sexta-feira, das 8h \u00e0s 17h. Entre os servi\u00e7os dispon\u00edveis, destacam-se:<\/p>\n\n\n\n<ul class=\"wp-block-list\">\n<li class=\"has-medium-font-size\"><strong>Encaminhamento para vagas de emprego:<\/strong> conex\u00e3o direta entre candidatos e empregadores;<\/li>\n\n\n\n<li class=\"has-medium-font-size\"><strong>Orienta\u00e7\u00e3o profissional:<\/strong> suporte para planejamento de carreira;<\/li>\n\n\n\n<li class=\"has-medium-font-size\"><strong>Elabora\u00e7\u00e3o de curr\u00edculos:<\/strong> assist\u00eancia na cria\u00e7\u00e3o de curr\u00edculos estrat\u00e9gicos;<\/li>\n\n\n\n<li class=\"has-medium-font-size\"><strong>Postagem de seguro-desemprego:<\/strong> suporte nos processos burocr\u00e1ticos;<\/li>\n\n\n\n<li class=\"has-medium-font-size\"><strong>Informa\u00e7\u00f5es sobre a carteira de trabalho digital:<\/strong> atualiza\u00e7\u00e3o e orienta\u00e7\u00e3o;<\/li>\n\n\n\n<li class=\"has-medium-font-size\"><strong>Salas exclusivas para processos seletivos:<\/strong> espa\u00e7o reservado para entrevistas e sele\u00e7\u00f5es.<\/li>\n<\/ul>\n\n\n\n<p class=\"has-medium-font-size\">Para viabilizar essa nova estrutura, a Prefeitura de Uberl\u00e2ndia firmou parceria com o Governo de Minas Gerais, que cedeu o im\u00f3vel ao munic\u00edpio. A obra foi executada pela Trium Construtora Ltda, com recursos pr\u00f3prios do munic\u00edpio, garantindo que o espa\u00e7o atendesse \u00e0s necessidades do p\u00fablico.<\/p>\n\n\n\n<h2 class=\"wp-block-heading\"><strong>Inclus\u00e3o Social e Gera\u00e7\u00e3o de Empregos<\/strong><\/h2>\n\n\n\n<p class=\"has-medium-font-size\">A nova unidade tamb\u00e9m reflete o compromisso do Sine Uberl\u00e2ndia com a inclus\u00e3o social. A oferta de vagas exclusivas para Pessoas com Defici\u00eancia e os servi\u00e7os adaptados mostram que a unidade est\u00e1 preparada para atender a todos os p\u00fablicos. Al\u00e9m disso, iniciativas como orienta\u00e7\u00f5es profissionais e curr\u00edculos personalizados contribuem para a inclus\u00e3o de trabalhadores em diferentes est\u00e1gios de suas carreiras.<\/p>\n\n\n\n<p class=\"has-medium-font-size\">O papel da nova sede vai al\u00e9m da intermedia\u00e7\u00e3o de vagas. Ela atua como um hub de oportunidades, conectando pessoas \u00e0s suas voca\u00e7\u00f5es e empresas aos talentos necess\u00e1rios para impulsionar seus neg\u00f3cios. Esse trabalho conjunto fortalece a economia local e promove uma sociedade mais justa e equilibrada.<\/p>\n\n\n\n<h2 class=\"wp-block-heading\"><strong>Impactos na Economia Local<\/strong><\/h2>\n\n\n\n<p class=\"has-medium-font-size\">Com a amplia\u00e7\u00e3o dos servi\u00e7os, o Sine Uberl\u00e2ndia pretende impactar ainda mais positivamente a economia local. A estrutura moderna e bem localizada facilita o acesso de trabalhadores e empres\u00e1rios, promovendo um ambiente prop\u00edcio para novas contrata\u00e7\u00f5es. Al\u00e9m disso, o atendimento qualificado e diversificado incentiva a perman\u00eancia de empresas e profissionais na regi\u00e3o, fortalecendo a comunidade.<\/p>\n\n\n\n<p class=\"has-medium-font-size\">O Sine Uberl\u00e2ndia reafirma sua posi\u00e7\u00e3o de destaque em Minas Gerais, pois conecta trabalhadores e empresas com efici\u00eancia e qualidade. Al\u00e9m disso, a nova sede representa um marco no atendimento, promovendo acessibilidade, inclus\u00e3o e servi\u00e7os ampliados. Por conseguinte, Uberl\u00e2ndia mant\u00e9m sua lideran\u00e7a na gera\u00e7\u00e3o de empregos e, dessa forma, refor\u00e7a seu compromisso com o desenvolvimento econ\u00f4mico e social do estado.<\/p>\n\n\n\n<hr class=\"wp-block-separator has-alpha-channel-opacity\"\/>\n\n\n\n<p class=\"has-medium-font-size\"><a href=\"https:\/\/www.vagadeempregorj.com.br\/es\/vagas-de-emprego-nacionais\/\">&#8220;<strong>Dicas para otimizar seu curr\u00edculo no Sine Uberl\u00e2ndia&#8221;<\/strong>: Um guia para destacar seu perfil e aumentar as chances de contrata\u00e7\u00e3o.<\/a><\/p>","protected":false},"excerpt":{"rendered":"<p>O Sine Uberl\u00e2ndia refor\u00e7a sua posi\u00e7\u00e3o como o principal gerador de empregos em Minas Gerais, liderando pelo quarto ano consecutivo a oferta de vagas no estado. Em janeiro de 2025, mais de 2,5 mil oportunidades foram intermediadas, destacando a efici\u00eancia da unidade. Agora, com a inaugura\u00e7\u00e3o de uma nova sede no Centro, o servi\u00e7o promete&hellip;&nbsp;<\/p>","protected":false},"author":1,"featured_media":42243,"comment_status":"closed","ping_status":"closed","sticky":false,"template":"","format":"standard","meta":{"neve_meta_sidebar":"","neve_meta_container":"","neve_meta_enable_content_width":"","neve_meta_content_width":0,"neve_meta_title_alignment":"","neve_meta_author_avatar":"","neve_post_elements_order":"","neve_meta_disable_header":"","neve_meta_disable_footer":"","neve_meta_disable_title":"","footnotes":""},"categories":[123],"tags":[957,941,958,956,211],"class_list":["post-42242","post","type-post","status-publish","format-standard","has-post-thumbnail","hentry","category-vagas-de-emprego-nacionais","tag-geracao-de-empregos","tag-mercado-de-trabalho","tag-nova-sede-sine","tag-sine-uberlandia","tag-vagas-de-emprego"],"yoast_head":"<!-- This site is optimized with the Yoast SEO plugin v27.5 - https:\/\/yoast.com\/product\/yoast-seo-wordpress\/ -->\n<title>Sine Uberl\u00e2ndia: Nova Sede e Destaque em Gera\u00e7\u00e3o de Empregos -<\/title>\n<meta name=\"description\" content=\"Sine Uberl\u00e2ndia lidera gera\u00e7\u00e3o de empregos em Minas Gerais e inaugura nova sede no Centro, com servi\u00e7os ampliados e espa\u00e7o acess\u00edvel.\" \/>\n<meta name=\"robots\" content=\"index, follow, max-snippet:-1, max-image-preview:large, max-video-preview:-1\" \/>\n<link rel=\"canonical\" href=\"https:\/\/www.vagadeempregorj.com.br\/es\/sine-uberlandia-nova-sede-e-lideranca-em-empregos\/\" \/>\n<meta property=\"og:locale\" content=\"es_MX\" \/>\n<meta property=\"og:type\" content=\"article\" \/>\n<meta property=\"og:title\" content=\"Sine Uberl\u00e2ndia: Nova Sede e Destaque em Gera\u00e7\u00e3o de Empregos -\" \/>\n<meta property=\"og:description\" content=\"Sine Uberl\u00e2ndia lidera gera\u00e7\u00e3o de empregos em Minas Gerais e inaugura nova sede no Centro, com servi\u00e7os ampliados e espa\u00e7o acess\u00edvel.\" \/>\n<meta property=\"og:url\" content=\"https:\/\/www.vagadeempregorj.com.br\/es\/sine-uberlandia-nova-sede-e-lideranca-em-empregos\/\" \/>\n<meta property=\"article:publisher\" content=\"https:\/\/www.facebook.com\/empregobrasiloficial\" \/>\n<meta property=\"article:published_time\" content=\"2025-01-24T11:35:50+00:00\" \/>\n<meta property=\"article:modified_time\" content=\"2025-01-24T11:35:51+00:00\" \/>\n<meta property=\"og:image\" content=\"https:\/\/www.vagadeempregorj.com.br\/wp-content\/uploads\/2025\/01\/Sine-Uberlandia.jpg\" \/>\n\t<meta property=\"og:image:width\" content=\"1536\" \/>\n\t<meta property=\"og:image:height\" content=\"1024\" \/>\n\t<meta property=\"og:image:type\" content=\"image\/jpeg\" \/>\n<meta name=\"author\" content=\"Ana B.\" \/>\n<meta name=\"twitter:card\" content=\"summary_large_image\" \/>\n<meta name=\"twitter:label1\" content=\"Written by\" \/>\n\t<meta name=\"twitter:data1\" content=\"Ana B.\" \/>\n\t<meta name=\"twitter:label2\" content=\"Est. reading time\" \/>\n\t<meta name=\"twitter:data2\" content=\"4 minutos\" \/>\n<script type=\"application\/ld+json\" class=\"yoast-schema-graph\">{\"@context\":\"https:\\\/\\\/schema.org\",\"@graph\":[{\"@type\":\"Article\",\"@id\":\"https:\\\/\\\/www.vagadeempregorj.com.br\\\/sine-uberlandia-nova-sede-e-lideranca-em-empregos\\\/#article\",\"isPartOf\":{\"@id\":\"https:\\\/\\\/www.vagadeempregorj.com.br\\\/sine-uberlandia-nova-sede-e-lideranca-em-empregos\\\/\"},\"author\":{\"name\":\"Ana B.\",\"@id\":\"https:\\\/\\\/www.vagadeempregorj.com.br\\\/#\\\/schema\\\/person\\\/c0c38d5d765e86c3b7c8f12fb1ae6477\"},\"headline\":\"Sine Uberl\u00e2ndia: Nova Sede e Destaque em Gera\u00e7\u00e3o de Empregos\",\"datePublished\":\"2025-01-24T11:35:50+00:00\",\"dateModified\":\"2025-01-24T11:35:51+00:00\",\"mainEntityOfPage\":{\"@id\":\"https:\\\/\\\/www.vagadeempregorj.com.br\\\/sine-uberlandia-nova-sede-e-lideranca-em-empregos\\\/\"},\"wordCount\":776,\"image\":{\"@id\":\"https:\\\/\\\/www.vagadeempregorj.com.br\\\/sine-uberlandia-nova-sede-e-lideranca-em-empregos\\\/#primaryimage\"},\"thumbnailUrl\":\"https:\\\/\\\/www.vagadeempregorj.com.br\\\/wp-content\\\/uploads\\\/2025\\\/01\\\/Sine-Uberlandia.jpg\",\"keywords\":[\"gera\u00e7\u00e3o de empregos\",\"mercado de trabalho\",\"nova sede Sine\",\"Sine Uberl\u00e2ndia\",\"vagas de emprego\"],\"articleSection\":[\"Vagas de Emprego Nacionais\"],\"inLanguage\":\"es\"},{\"@type\":\"WebPage\",\"@id\":\"https:\\\/\\\/www.vagadeempregorj.com.br\\\/sine-uberlandia-nova-sede-e-lideranca-em-empregos\\\/\",\"url\":\"https:\\\/\\\/www.vagadeempregorj.com.br\\\/sine-uberlandia-nova-sede-e-lideranca-em-empregos\\\/\",\"name\":\"Sine Uberl\u00e2ndia: Nova Sede e Destaque em Gera\u00e7\u00e3o de Empregos -\",\"isPartOf\":{\"@id\":\"https:\\\/\\\/www.vagadeempregorj.com.br\\\/#website\"},\"primaryImageOfPage\":{\"@id\":\"https:\\\/\\\/www.vagadeempregorj.com.br\\\/sine-uberlandia-nova-sede-e-lideranca-em-empregos\\\/#primaryimage\"},\"image\":{\"@id\":\"https:\\\/\\\/www.vagadeempregorj.com.br\\\/sine-uberlandia-nova-sede-e-lideranca-em-empregos\\\/#primaryimage\"},\"thumbnailUrl\":\"https:\\\/\\\/www.vagadeempregorj.com.br\\\/wp-content\\\/uploads\\\/2025\\\/01\\\/Sine-Uberlandia.jpg\",\"datePublished\":\"2025-01-24T11:35:50+00:00\",\"dateModified\":\"2025-01-24T11:35:51+00:00\",\"author\":{\"@id\":\"https:\\\/\\\/www.vagadeempregorj.com.br\\\/#\\\/schema\\\/person\\\/c0c38d5d765e86c3b7c8f12fb1ae6477\"},\"description\":\"Sine Uberl\u00e2ndia lidera gera\u00e7\u00e3o de empregos em Minas Gerais e inaugura nova sede no Centro, com servi\u00e7os ampliados e espa\u00e7o acess\u00edvel.\",\"breadcrumb\":{\"@id\":\"https:\\\/\\\/www.vagadeempregorj.com.br\\\/sine-uberlandia-nova-sede-e-lideranca-em-empregos\\\/#breadcrumb\"},\"inLanguage\":\"es\",\"potentialAction\":[{\"@type\":\"ReadAction\",\"target\":[\"https:\\\/\\\/www.vagadeempregorj.com.br\\\/sine-uberlandia-nova-sede-e-lideranca-em-empregos\\\/\"]}]},{\"@type\":\"ImageObject\",\"inLanguage\":\"es\",\"@id\":\"https:\\\/\\\/www.vagadeempregorj.com.br\\\/sine-uberlandia-nova-sede-e-lideranca-em-empregos\\\/#primaryimage\",\"url\":\"https:\\\/\\\/www.vagadeempregorj.com.br\\\/wp-content\\\/uploads\\\/2025\\\/01\\\/Sine-Uberlandia.jpg\",\"contentUrl\":\"https:\\\/\\\/www.vagadeempregorj.com.br\\\/wp-content\\\/uploads\\\/2025\\\/01\\\/Sine-Uberlandia.jpg\",\"width\":1536,\"height\":1024,\"caption\":\"Sine Uberl\u00e2ndia\"},{\"@type\":\"BreadcrumbList\",\"@id\":\"https:\\\/\\\/www.vagadeempregorj.com.br\\\/sine-uberlandia-nova-sede-e-lideranca-em-empregos\\\/#breadcrumb\",\"itemListElement\":[{\"@type\":\"ListItem\",\"position\":1,\"name\":\"In\u00edcio\",\"item\":\"https:\\\/\\\/www.vagadeempregorj.com.br\\\/\"},{\"@type\":\"ListItem\",\"position\":2,\"name\":\"Vagas de Emprego Nacionais\",\"item\":\"https:\\\/\\\/www.vagadeempregorj.com.br\\\/vagas-de-emprego-nacionais\\\/\"},{\"@type\":\"ListItem\",\"position\":3,\"name\":\"Sine Uberl\u00e2ndia: Nova Sede e Destaque em Gera\u00e7\u00e3o de Empregos\"}]},{\"@type\":\"WebSite\",\"@id\":\"https:\\\/\\\/www.vagadeempregorj.com.br\\\/#website\",\"url\":\"https:\\\/\\\/www.vagadeempregorj.com.br\\\/\",\"name\":\"\",\"description\":\"Conquiste Sonhos: Vagas, Benef\u00edcios e Economia para Transformar Vidas e Alcan\u00e7ar Melhorias Cotidianas\",\"potentialAction\":[{\"@type\":\"SearchAction\",\"target\":{\"@type\":\"EntryPoint\",\"urlTemplate\":\"https:\\\/\\\/www.vagadeempregorj.com.br\\\/?s={search_term_string}\"},\"query-input\":{\"@type\":\"PropertyValueSpecification\",\"valueRequired\":true,\"valueName\":\"search_term_string\"}}],\"inLanguage\":\"es\"},{\"@type\":\"Person\",\"@id\":\"https:\\\/\\\/www.vagadeempregorj.com.br\\\/#\\\/schema\\\/person\\\/c0c38d5d765e86c3b7c8f12fb1ae6477\",\"name\":\"Ana B.\",\"image\":{\"@type\":\"ImageObject\",\"inLanguage\":\"es\",\"@id\":\"https:\\\/\\\/secure.gravatar.com\\\/avatar\\\/f5efa58599e07f8dd92f26c7cfbc442fd115582bc681245452e503c2ef2334f3?s=96&r=g\",\"url\":\"https:\\\/\\\/secure.gravatar.com\\\/avatar\\\/f5efa58599e07f8dd92f26c7cfbc442fd115582bc681245452e503c2ef2334f3?s=96&r=g\",\"contentUrl\":\"https:\\\/\\\/secure.gravatar.com\\\/avatar\\\/f5efa58599e07f8dd92f26c7cfbc442fd115582bc681245452e503c2ef2334f3?s=96&r=g\",\"caption\":\"Ana B.\"},\"description\":\"Meu nome \u00e9 Ana e sou apaixonada em escrever. Dedico meu tempo escrevendo not\u00edcias e vagas de emprego diariamente no portal Vaga de Emprego RJ.\",\"url\":\"https:\\\/\\\/www.vagadeempregorj.com.br\\\/es\\\/author\\\/vgrj\\\/\"}]}<\/script>\n<!-- \/ Yoast SEO plugin. -->","yoast_head_json":{"title":"Sine Uberl\u00e2ndia: Nova Sede e Destaque em Gera\u00e7\u00e3o de Empregos -","description":"Sine Uberl\u00e2ndia lidera gera\u00e7\u00e3o de empregos em Minas Gerais e inaugura nova sede no Centro, com servi\u00e7os ampliados e espa\u00e7o acess\u00edvel.","robots":{"index":"index","follow":"follow","max-snippet":"max-snippet:-1","max-image-preview":"max-image-preview:large","max-video-preview":"max-video-preview:-1"},"canonical":"https:\/\/www.vagadeempregorj.com.br\/es\/sine-uberlandia-nova-sede-e-lideranca-em-empregos\/","og_locale":"es_MX","og_type":"article","og_title":"Sine Uberl\u00e2ndia: Nova Sede e Destaque em Gera\u00e7\u00e3o de Empregos -","og_description":"Sine Uberl\u00e2ndia lidera gera\u00e7\u00e3o de empregos em Minas Gerais e inaugura nova sede no Centro, com servi\u00e7os ampliados e espa\u00e7o acess\u00edvel.","og_url":"https:\/\/www.vagadeempregorj.com.br\/es\/sine-uberlandia-nova-sede-e-lideranca-em-empregos\/","article_publisher":"https:\/\/www.facebook.com\/empregobrasiloficial","article_published_time":"2025-01-24T11:35:50+00:00","article_modified_time":"2025-01-24T11:35:51+00:00","og_image":[{"width":1536,"height":1024,"url":"https:\/\/www.vagadeempregorj.com.br\/wp-content\/uploads\/2025\/01\/Sine-Uberlandia.jpg","type":"image\/jpeg"}],"author":"Ana B.","twitter_card":"summary_large_image","twitter_misc":{"Written by":"Ana B.","Est. reading time":"4 minutos"},"schema":{"@context":"https:\/\/schema.org","@graph":[{"@type":"Article","@id":"https:\/\/www.vagadeempregorj.com.br\/sine-uberlandia-nova-sede-e-lideranca-em-empregos\/#article","isPartOf":{"@id":"https:\/\/www.vagadeempregorj.com.br\/sine-uberlandia-nova-sede-e-lideranca-em-empregos\/"},"author":{"name":"Ana B.","@id":"https:\/\/www.vagadeempregorj.com.br\/#\/schema\/person\/c0c38d5d765e86c3b7c8f12fb1ae6477"},"headline":"Sine Uberl\u00e2ndia: Nova Sede e Destaque em Gera\u00e7\u00e3o de Empregos","datePublished":"2025-01-24T11:35:50+00:00","dateModified":"2025-01-24T11:35:51+00:00","mainEntityOfPage":{"@id":"https:\/\/www.vagadeempregorj.com.br\/sine-uberlandia-nova-sede-e-lideranca-em-empregos\/"},"wordCount":776,"image":{"@id":"https:\/\/www.vagadeempregorj.com.br\/sine-uberlandia-nova-sede-e-lideranca-em-empregos\/#primaryimage"},"thumbnailUrl":"https:\/\/www.vagadeempregorj.com.br\/wp-content\/uploads\/2025\/01\/Sine-Uberlandia.jpg","keywords":["gera\u00e7\u00e3o de empregos","mercado de trabalho","nova sede Sine","Sine Uberl\u00e2ndia","vagas de emprego"],"articleSection":["Vagas de Emprego Nacionais"],"inLanguage":"es"},{"@type":"WebPage","@id":"https:\/\/www.vagadeempregorj.com.br\/sine-uberlandia-nova-sede-e-lideranca-em-empregos\/","url":"https:\/\/www.vagadeempregorj.com.br\/sine-uberlandia-nova-sede-e-lideranca-em-empregos\/","name":"Sine Uberl\u00e2ndia: Nova Sede e Destaque em Gera\u00e7\u00e3o de Empregos -","isPartOf":{"@id":"https:\/\/www.vagadeempregorj.com.br\/#website"},"primaryImageOfPage":{"@id":"https:\/\/www.vagadeempregorj.com.br\/sine-uberlandia-nova-sede-e-lideranca-em-empregos\/#primaryimage"},"image":{"@id":"https:\/\/www.vagadeempregorj.com.br\/sine-uberlandia-nova-sede-e-lideranca-em-empregos\/#primaryimage"},"thumbnailUrl":"https:\/\/www.vagadeempregorj.com.br\/wp-content\/uploads\/2025\/01\/Sine-Uberlandia.jpg","datePublished":"2025-01-24T11:35:50+00:00","dateModified":"2025-01-24T11:35:51+00:00","author":{"@id":"https:\/\/www.vagadeempregorj.com.br\/#\/schema\/person\/c0c38d5d765e86c3b7c8f12fb1ae6477"},"description":"Sine Uberl\u00e2ndia lidera gera\u00e7\u00e3o de empregos em Minas Gerais e inaugura nova sede no Centro, com servi\u00e7os ampliados e espa\u00e7o acess\u00edvel.","breadcrumb":{"@id":"https:\/\/www.vagadeempregorj.com.br\/sine-uberlandia-nova-sede-e-lideranca-em-empregos\/#breadcrumb"},"inLanguage":"es","potentialAction":[{"@type":"ReadAction","target":["https:\/\/www.vagadeempregorj.com.br\/sine-uberlandia-nova-sede-e-lideranca-em-empregos\/"]}]},{"@type":"ImageObject","inLanguage":"es","@id":"https:\/\/www.vagadeempregorj.com.br\/sine-uberlandia-nova-sede-e-lideranca-em-empregos\/#primaryimage","url":"https:\/\/www.vagadeempregorj.com.br\/wp-content\/uploads\/2025\/01\/Sine-Uberlandia.jpg","contentUrl":"https:\/\/www.vagadeempregorj.com.br\/wp-content\/uploads\/2025\/01\/Sine-Uberlandia.jpg","width":1536,"height":1024,"caption":"Sine Uberl\u00e2ndia"},{"@type":"BreadcrumbList","@id":"https:\/\/www.vagadeempregorj.com.br\/sine-uberlandia-nova-sede-e-lideranca-em-empregos\/#breadcrumb","itemListElement":[{"@type":"ListItem","position":1,"name":"In\u00edcio","item":"https:\/\/www.vagadeempregorj.com.br\/"},{"@type":"ListItem","position":2,"name":"Vagas de Emprego Nacionais","item":"https:\/\/www.vagadeempregorj.com.br\/vagas-de-emprego-nacionais\/"},{"@type":"ListItem","position":3,"name":"Sine Uberl\u00e2ndia: Nova Sede e Destaque em Gera\u00e7\u00e3o de Empregos"}]},{"@type":"WebSite","@id":"https:\/\/www.vagadeempregorj.com.br\/#website","url":"https:\/\/www.vagadeempregorj.com.br\/","name":"","description":"Conquiste Sonhos: Vagas, Benef\u00edcios e Economia para Transformar Vidas e Alcan\u00e7ar Melhorias Cotidianas","potentialAction":[{"@type":"SearchAction","target":{"@type":"EntryPoint","urlTemplate":"https:\/\/www.vagadeempregorj.com.br\/?s={search_term_string}"},"query-input":{"@type":"PropertyValueSpecification","valueRequired":true,"valueName":"search_term_string"}}],"inLanguage":"es"},{"@type":"Person","@id":"https:\/\/www.vagadeempregorj.com.br\/#\/schema\/person\/c0c38d5d765e86c3b7c8f12fb1ae6477","name":"Ana B.","image":{"@type":"ImageObject","inLanguage":"es","@id":"https:\/\/secure.gravatar.com\/avatar\/f5efa58599e07f8dd92f26c7cfbc442fd115582bc681245452e503c2ef2334f3?s=96&r=g","url":"https:\/\/secure.gravatar.com\/avatar\/f5efa58599e07f8dd92f26c7cfbc442fd115582bc681245452e503c2ef2334f3?s=96&r=g","contentUrl":"https:\/\/secure.gravatar.com\/avatar\/f5efa58599e07f8dd92f26c7cfbc442fd115582bc681245452e503c2ef2334f3?s=96&r=g","caption":"Ana B."},"description":"Meu nome \u00e9 Ana e sou apaixonada em escrever. Dedico meu tempo escrevendo not\u00edcias e vagas de emprego diariamente no portal Vaga de Emprego RJ.","url":"https:\/\/www.vagadeempregorj.com.br\/es\/author\/vgrj\/"}]}},"_links":{"self":[{"href":"https:\/\/www.vagadeempregorj.com.br\/es\/wp-json\/wp\/v2\/posts\/42242","targetHints":{"allow":["GET"]}}],"collection":[{"href":"https:\/\/www.vagadeempregorj.com.br\/es\/wp-json\/wp\/v2\/posts"}],"about":[{"href":"https:\/\/www.vagadeempregorj.com.br\/es\/wp-json\/wp\/v2\/types\/post"}],"author":[{"embeddable":true,"href":"https:\/\/www.vagadeempregorj.com.br\/es\/wp-json\/wp\/v2\/users\/1"}],"replies":[{"embeddable":true,"href":"https:\/\/www.vagadeempregorj.com.br\/es\/wp-json\/wp\/v2\/comments?post=42242"}],"version-history":[{"count":0,"href":"https:\/\/www.vagadeempregorj.com.br\/es\/wp-json\/wp\/v2\/posts\/42242\/revisions"}],"wp:featuredmedia":[{"embeddable":true,"href":"https:\/\/www.vagadeempregorj.com.br\/es\/wp-json\/wp\/v2\/media\/42243"}],"wp:attachment":[{"href":"https:\/\/www.vagadeempregorj.com.br\/es\/wp-json\/wp\/v2\/media?parent=42242"}],"wp:term":[{"taxonomy":"category","embeddable":true,"href":"https:\/\/www.vagadeempregorj.com.br\/es\/wp-json\/wp\/v2\/categories?post=42242"},{"taxonomy":"post_tag","embeddable":true,"href":"https:\/\/www.vagadeempregorj.com.br\/es\/wp-json\/wp\/v2\/tags?post=42242"}],"curies":[{"name":"wp","href":"https:\/\/api.w.org\/{rel}","templated":true}]}}