{"id":42242,"date":"2025-01-24T08:35:50","date_gmt":"2025-01-24T11:35:50","guid":{"rendered":"https:\/\/www.vagadeempregorj.com.br\/?p=42242"},"modified":"2025-01-24T08:35:51","modified_gmt":"2025-01-24T11:35:51","slug":"nueva-sede-y-liderazgo-en-materia-de-empleo-en-sine-uberlandia","status":"publish","type":"post","link":"https:\/\/www.vagadeempregorj.com.br\/es\/sine-uberlandia-nova-sede-e-lideranca-em-empregos\/","title":{"rendered":"Sine Uberl\u00e2ndia: Nueva sede y \u00e9nfasis en la creaci\u00f3n de empleo."},"content":{"rendered":"<p class=\"has-medium-font-size wp-block-paragraph\">El Centro de Empleo Uberl\u00e2ndia (Sine Uberl\u00e2ndia) consolida su posici\u00f3n como principal generador de empleo en Minas Gerais, liderando el estado en ofertas laborales por cuarto a\u00f1o consecutivo. En enero de 2025, se facilitaron m\u00e1s de 2500 oportunidades, lo que demuestra la eficiencia de la unidad. Ahora, con la inauguraci\u00f3n de su nueva sede en el centro de la ciudad, el servicio promete ampliar sus servicios y facilitar el acceso a la poblaci\u00f3n, ofreciendo una estructura moderna y accesible.<\/p>\n\n\n\n<h2 class=\"wp-block-heading\"><strong>Sine Uberl\u00e2ndia: Liderazgo en el mercado laboral de Minas Gerais<\/strong><\/h2>\n\n\n\n<p class=\"has-medium-font-size wp-block-paragraph\">La ciudad de Uberl\u00e2ndia se ha destacado en el estado por su eficiencia en la colocaci\u00f3n laboral. Tan solo en el primer semestre de 2025, la agencia local de empleo (Sine) ofreci\u00f3 2.517 puestos de trabajo, 80 de los cuales estaban destinados exclusivamente a personas con discapacidad. Este volumen significativo demuestra la relevancia de la unidad para el mercado laboral y la confianza que los empleadores depositan en la administraci\u00f3n municipal.<\/p>\n\n\n\n<p class=\"has-medium-font-size wp-block-paragraph\">Seg\u00fan el panel de la Secretar\u00eda de Estado para el Desarrollo Social (Sedese-MG), el Centro de Empleo Uberl\u00e2ndia (Sine Uberl\u00e2ndia) ha liderado la oferta de empleo en Minas Gerais durante cuatro a\u00f1os. Desde 2020, la unidad ha demostrado ser una herramienta esencial para el desarrollo econ\u00f3mico y social, contribuyendo directamente a la reducci\u00f3n del desempleo y a la inclusi\u00f3n de diferentes perfiles en el mercado laboral.<\/p>\n\n\n\n<p class=\"has-medium-font-size wp-block-paragraph\">Seg\u00fan el alcalde Paulo S\u00e9rgio, la excelencia del Centro de Empleo Uberl\u00e2ndia (Sine Uberl\u00e2ndia) es el resultado de una administraci\u00f3n enfocada en atraer ofertas de trabajo y brindar servicios de calidad a la poblaci\u00f3n. &quot;Nuestro objetivo es garantizar una mejor calidad de vida, promoviendo la empleabilidad y fortaleciendo la econom\u00eda local&quot;, afirm\u00f3.<\/p>\n\n\n\n<h2 class=\"wp-block-heading\"><strong>Nueva sede de la Agencia de Empleo Uberl\u00e2ndia (Sine): Mayor accesibilidad y servicios ampliados.<\/strong><\/h2>\n\n\n\n<p class=\"has-medium-font-size wp-block-paragraph\">La nueva sede de Sine Uberl\u00e2ndia, inaugurada el 17 de diciembre de 2024 y abierta al p\u00fablico desde el 27 de enero de 2025, se encuentra en Pra\u00e7a Tubal Vilela, 60, Centro. El dise\u00f1o de la ubicaci\u00f3n busca ofrecer mayor comodidad y accesibilidad, brindando un mejor servicio tanto a candidatos como a empleadores.<\/p>\n\n\n\n<p class=\"has-medium-font-size wp-block-paragraph\">El horario de atenci\u00f3n de la nueva unidad es de lunes a viernes, de 8:00 a 17:00. Entre los servicios disponibles se encuentran:<\/p>\n\n\n\n<ul class=\"wp-block-list\">\n<li class=\"has-medium-font-size\"><strong>Referencias para la colocaci\u00f3n laboral:<\/strong> Conexi\u00f3n directa entre candidatos y empleadores;<\/li>\n\n\n\n<li class=\"has-medium-font-size\"><strong>Orientaci\u00f3n profesional:<\/strong> Apoyo en la planificaci\u00f3n de la carrera profesional;<\/li>\n\n\n\n<li class=\"has-medium-font-size\"><strong>Desarrollo curricular:<\/strong> Asistencia en la creaci\u00f3n de planes de estudio estrat\u00e9gicos;<\/li>\n\n\n\n<li class=\"has-medium-font-size\"><strong>Anuncio sobre el seguro de desempleo:<\/strong> Apoyo en procesos burocr\u00e1ticos;<\/li>\n\n\n\n<li class=\"has-medium-font-size\"><strong>Informaci\u00f3n sobre el permiso de trabajo digital:<\/strong> Actualizaci\u00f3n y orientaci\u00f3n;<\/li>\n\n\n\n<li class=\"has-medium-font-size\"><strong>Salas exclusivas para procesos de selecci\u00f3n:<\/strong> Espacio reservado para entrevistas y selecciones.<\/li>\n<\/ul>\n\n\n\n<p class=\"has-medium-font-size wp-block-paragraph\">Para hacer posible esta nueva estructura, el municipio de Uberl\u00e2ndia se asoci\u00f3 con el gobierno de Minas Gerais, que cedi\u00f3 el terreno al municipio. La construcci\u00f3n fue realizada por Trium Construtora Ltda, utilizando recursos propios del municipio, garantizando que el espacio satisficiera las necesidades de la ciudadan\u00eda.<\/p>\n\n\n\n<h2 class=\"wp-block-heading\"><strong>Inclusi\u00f3n social y creaci\u00f3n de empleo<\/strong><\/h2>\n\n\n\n<p class=\"has-medium-font-size wp-block-paragraph\">La nueva unidad tambi\u00e9n refleja el compromiso de Sine Uberl\u00e2ndia con la inclusi\u00f3n social. La disponibilidad de puestos de trabajo exclusivos para personas con discapacidad y servicios adaptados demuestra que la unidad est\u00e1 preparada para atender a todos los p\u00fablicos. Adem\u00e1s, iniciativas como la orientaci\u00f3n profesional y la elaboraci\u00f3n de curr\u00edculos personalizados contribuyen a la inclusi\u00f3n de trabajadores en diferentes etapas de su trayectoria profesional.<\/p>\n\n\n\n<p class=\"has-medium-font-size wp-block-paragraph\">La funci\u00f3n de la nueva sede va m\u00e1s all\u00e1 de simplemente intermediar en la b\u00fasqueda de empleo. Act\u00faa como un centro de oportunidades, conectando a las personas con su vocaci\u00f3n y a las empresas con el talento necesario para impulsar sus negocios. Este esfuerzo colaborativo fortalece la econom\u00eda local y promueve una sociedad m\u00e1s justa y equilibrada.<\/p>\n\n\n\n<h2 class=\"wp-block-heading\"><strong>Impactos en la econom\u00eda local<\/strong><\/h2>\n\n\n\n<p class=\"has-medium-font-size wp-block-paragraph\">Con la expansi\u00f3n de sus servicios, Sine Uberl\u00e2ndia busca generar un impacto a\u00fan m\u00e1s positivo en la econom\u00eda local. Su moderna y bien ubicada estructura facilita el acceso tanto para trabajadores como para empleadores, promoviendo un entorno propicio para la contrataci\u00f3n de personal. Adem\u00e1s, su servicio, cualificado y diverso, incentiva a empresas y profesionales a permanecer en la regi\u00f3n, fortaleciendo as\u00ed la comunidad.<\/p>\n\n\n\n<p class=\"has-medium-font-size wp-block-paragraph\">El Centro de Empleo Uberl\u00e2ndia (Sine Uberl\u00e2ndia) reafirma su posici\u00f3n destacada en Minas Gerais, conectando a trabajadores y empresas de manera eficiente y efectiva. Adem\u00e1s, su nueva sede representa un hito en el servicio, promoviendo la accesibilidad, la inclusi\u00f3n y la ampliaci\u00f3n de los servicios. En consecuencia, Uberl\u00e2ndia mantiene su liderazgo en la creaci\u00f3n de empleo y, de esta forma, refuerza su compromiso con el desarrollo econ\u00f3mico y social del estado.<\/p>\n\n\n\n<hr class=\"wp-block-separator has-alpha-channel-opacity\"\/>\n\n\n\n<p class=\"has-medium-font-size wp-block-paragraph\"><a href=\"https:\/\/www.vagadeempregorj.com.br\/es\/ofertas-de-empleo-a-nivel-nacional\/\">\u201c<strong>Consejos para optimizar su curr\u00edculum en la Agencia de Empleo de Uberl\u00e2ndia (Sine Uberl\u00e2ndia)\u201d<\/strong>Una gu\u00eda para destacar tu perfil y aumentar tus posibilidades de ser contratado.<\/a><\/p>","protected":false},"excerpt":{"rendered":"<p>O Sine Uberl\u00e2ndia refor\u00e7a sua posi\u00e7\u00e3o como o principal gerador de empregos em Minas Gerais, liderando pelo quarto ano consecutivo a oferta de vagas no estado. Em janeiro de 2025, mais de 2,5 mil oportunidades foram intermediadas, destacando a efici\u00eancia da unidade. Agora, com a inaugura\u00e7\u00e3o de uma nova sede no Centro, o servi\u00e7o promete&hellip;&nbsp;<\/p>","protected":false},"author":1,"featured_media":42243,"comment_status":"closed","ping_status":"closed","sticky":false,"template":"","format":"standard","meta":{"neve_meta_sidebar":"","neve_meta_container":"","neve_meta_enable_content_width":"","neve_meta_content_width":0,"neve_meta_title_alignment":"","neve_meta_author_avatar":"","neve_post_elements_order":"","neve_meta_disable_header":"","neve_meta_disable_footer":"","neve_meta_disable_title":"","footnotes":""},"categories":[123],"tags":[957,941,958,956,211],"class_list":["post-42242","post","type-post","status-publish","format-standard","has-post-thumbnail","hentry","category-vagas-de-emprego-nacionais","tag-geracao-de-empregos","tag-mercado-de-trabalho","tag-nova-sede-sine","tag-sine-uberlandia","tag-vagas-de-emprego"],"yoast_head":"<!-- This site is optimized with the Yoast SEO plugin v28.3 - https:\/\/yoast.com\/product\/yoast-seo-wordpress\/ -->\n<title>Sine Uberl\u00e2ndia: Nova Sede e Destaque em Gera\u00e7\u00e3o de Empregos -<\/title>\n<meta name=\"description\" content=\"Sine Uberl\u00e2ndia lidera gera\u00e7\u00e3o de empregos em Minas Gerais e inaugura nova sede no Centro, com servi\u00e7os ampliados e espa\u00e7o acess\u00edvel.\" \/>\n<meta name=\"robots\" content=\"index, follow, max-snippet:-1, max-image-preview:large, max-video-preview:-1\" \/>\n<link rel=\"canonical\" href=\"https:\/\/www.vagadeempregorj.com.br\/es\/nueva-sede-y-liderazgo-en-materia-de-empleo-en-sine-uberlandia\/\" \/>\n<meta property=\"og:locale\" content=\"es_MX\" \/>\n<meta property=\"og:type\" content=\"article\" \/>\n<meta property=\"og:title\" content=\"Sine Uberl\u00e2ndia: Nova Sede e Destaque em Gera\u00e7\u00e3o de Empregos -\" \/>\n<meta property=\"og:description\" content=\"Sine Uberl\u00e2ndia lidera gera\u00e7\u00e3o de empregos em Minas Gerais e inaugura nova sede no Centro, com servi\u00e7os ampliados e espa\u00e7o acess\u00edvel.\" \/>\n<meta property=\"og:url\" content=\"https:\/\/www.vagadeempregorj.com.br\/es\/nueva-sede-y-liderazgo-en-materia-de-empleo-en-sine-uberlandia\/\" \/>\n<meta property=\"article:publisher\" content=\"https:\/\/www.facebook.com\/empregobrasiloficial\" \/>\n<meta property=\"article:published_time\" content=\"2025-01-24T11:35:50+00:00\" \/>\n<meta property=\"article:modified_time\" content=\"2025-01-24T11:35:51+00:00\" \/>\n<meta property=\"og:image\" content=\"https:\/\/www.vagadeempregorj.com.br\/wp-content\/uploads\/2025\/01\/Sine-Uberlandia.jpg\" \/>\n\t<meta property=\"og:image:width\" content=\"1536\" \/>\n\t<meta property=\"og:image:height\" content=\"1024\" \/>\n\t<meta property=\"og:image:type\" content=\"image\/jpeg\" \/>\n<meta name=\"author\" content=\"Ana B.\" \/>\n<meta name=\"twitter:card\" content=\"summary_large_image\" \/>\n<meta name=\"twitter:label1\" content=\"Escrito por\" \/>\n\t<meta name=\"twitter:data1\" content=\"Ana B.\" \/>\n\t<meta name=\"twitter:label2\" content=\"Tiempo de lectura\" \/>\n\t<meta name=\"twitter:data2\" content=\"4 minutos\" \/>\n<script type=\"application\/ld+json\" class=\"yoast-schema-graph\">{\"@context\":\"https:\\\/\\\/schema.org\",\"@graph\":[{\"@type\":\"Article\",\"@id\":\"https:\\\/\\\/www.vagadeempregorj.com.br\\\/sine-uberlandia-nova-sede-e-lideranca-em-empregos\\\/#article\",\"isPartOf\":{\"@id\":\"https:\\\/\\\/www.vagadeempregorj.com.br\\\/sine-uberlandia-nova-sede-e-lideranca-em-empregos\\\/\"},\"author\":{\"name\":\"Ana B.\",\"@id\":\"https:\\\/\\\/www.vagadeempregorj.com.br\\\/#\\\/schema\\\/person\\\/c0c38d5d765e86c3b7c8f12fb1ae6477\"},\"headline\":\"Sine Uberl\u00e2ndia: Nova Sede e Destaque em Gera\u00e7\u00e3o de Empregos\",\"datePublished\":\"2025-01-24T11:35:50+00:00\",\"dateModified\":\"2025-01-24T11:35:51+00:00\",\"mainEntityOfPage\":{\"@id\":\"https:\\\/\\\/www.vagadeempregorj.com.br\\\/sine-uberlandia-nova-sede-e-lideranca-em-empregos\\\/\"},\"wordCount\":776,\"image\":{\"@id\":\"https:\\\/\\\/www.vagadeempregorj.com.br\\\/sine-uberlandia-nova-sede-e-lideranca-em-empregos\\\/#primaryimage\"},\"thumbnailUrl\":\"https:\\\/\\\/www.vagadeempregorj.com.br\\\/wp-content\\\/uploads\\\/2025\\\/01\\\/Sine-Uberlandia.jpg\",\"keywords\":[\"gera\u00e7\u00e3o de empregos\",\"mercado de trabalho\",\"nova sede Sine\",\"Sine Uberl\u00e2ndia\",\"vagas de emprego\"],\"articleSection\":[\"Vagas de Emprego Nacionais\"],\"inLanguage\":\"es\"},{\"@type\":\"WebPage\",\"@id\":\"https:\\\/\\\/www.vagadeempregorj.com.br\\\/sine-uberlandia-nova-sede-e-lideranca-em-empregos\\\/\",\"url\":\"https:\\\/\\\/www.vagadeempregorj.com.br\\\/sine-uberlandia-nova-sede-e-lideranca-em-empregos\\\/\",\"name\":\"Sine Uberl\u00e2ndia: Nova Sede e Destaque em Gera\u00e7\u00e3o de Empregos -\",\"isPartOf\":{\"@id\":\"https:\\\/\\\/www.vagadeempregorj.com.br\\\/#website\"},\"primaryImageOfPage\":{\"@id\":\"https:\\\/\\\/www.vagadeempregorj.com.br\\\/sine-uberlandia-nova-sede-e-lideranca-em-empregos\\\/#primaryimage\"},\"image\":{\"@id\":\"https:\\\/\\\/www.vagadeempregorj.com.br\\\/sine-uberlandia-nova-sede-e-lideranca-em-empregos\\\/#primaryimage\"},\"thumbnailUrl\":\"https:\\\/\\\/www.vagadeempregorj.com.br\\\/wp-content\\\/uploads\\\/2025\\\/01\\\/Sine-Uberlandia.jpg\",\"datePublished\":\"2025-01-24T11:35:50+00:00\",\"dateModified\":\"2025-01-24T11:35:51+00:00\",\"author\":{\"@id\":\"https:\\\/\\\/www.vagadeempregorj.com.br\\\/#\\\/schema\\\/person\\\/c0c38d5d765e86c3b7c8f12fb1ae6477\"},\"description\":\"Sine Uberl\u00e2ndia lidera gera\u00e7\u00e3o de empregos em Minas Gerais e inaugura nova sede no Centro, com servi\u00e7os ampliados e espa\u00e7o acess\u00edvel.\",\"breadcrumb\":{\"@id\":\"https:\\\/\\\/www.vagadeempregorj.com.br\\\/sine-uberlandia-nova-sede-e-lideranca-em-empregos\\\/#breadcrumb\"},\"inLanguage\":\"es\",\"potentialAction\":[{\"@type\":\"ReadAction\",\"target\":[\"https:\\\/\\\/www.vagadeempregorj.com.br\\\/sine-uberlandia-nova-sede-e-lideranca-em-empregos\\\/\"]}]},{\"@type\":\"ImageObject\",\"inLanguage\":\"es\",\"@id\":\"https:\\\/\\\/www.vagadeempregorj.com.br\\\/sine-uberlandia-nova-sede-e-lideranca-em-empregos\\\/#primaryimage\",\"url\":\"https:\\\/\\\/www.vagadeempregorj.com.br\\\/wp-content\\\/uploads\\\/2025\\\/01\\\/Sine-Uberlandia.jpg\",\"contentUrl\":\"https:\\\/\\\/www.vagadeempregorj.com.br\\\/wp-content\\\/uploads\\\/2025\\\/01\\\/Sine-Uberlandia.jpg\",\"width\":1536,\"height\":1024,\"caption\":\"Sine Uberl\u00e2ndia\"},{\"@type\":\"BreadcrumbList\",\"@id\":\"https:\\\/\\\/www.vagadeempregorj.com.br\\\/sine-uberlandia-nova-sede-e-lideranca-em-empregos\\\/#breadcrumb\",\"itemListElement\":[{\"@type\":\"ListItem\",\"position\":1,\"name\":\"In\u00edcio\",\"item\":\"https:\\\/\\\/www.vagadeempregorj.com.br\\\/\"},{\"@type\":\"ListItem\",\"position\":2,\"name\":\"Vagas de Emprego Nacionais\",\"item\":\"https:\\\/\\\/www.vagadeempregorj.com.br\\\/vagas-de-emprego-nacionais\\\/\"},{\"@type\":\"ListItem\",\"position\":3,\"name\":\"Sine Uberl\u00e2ndia: Nova Sede e Destaque em Gera\u00e7\u00e3o de Empregos\"}]},{\"@type\":\"WebSite\",\"@id\":\"https:\\\/\\\/www.vagadeempregorj.com.br\\\/#website\",\"url\":\"https:\\\/\\\/www.vagadeempregorj.com.br\\\/\",\"name\":\"\",\"description\":\"Conquiste Sonhos: Vagas, Benef\u00edcios e Economia para Transformar Vidas e Alcan\u00e7ar Melhorias Cotidianas\",\"potentialAction\":[{\"@type\":\"SearchAction\",\"target\":{\"@type\":\"EntryPoint\",\"urlTemplate\":\"https:\\\/\\\/www.vagadeempregorj.com.br\\\/?s={search_term_string}\"},\"query-input\":{\"@type\":\"PropertyValueSpecification\",\"valueRequired\":true,\"valueName\":\"search_term_string\"}}],\"inLanguage\":\"es\"},{\"@type\":\"Person\",\"@id\":\"https:\\\/\\\/www.vagadeempregorj.com.br\\\/#\\\/schema\\\/person\\\/c0c38d5d765e86c3b7c8f12fb1ae6477\",\"name\":\"Ana B.\",\"image\":{\"@type\":\"ImageObject\",\"inLanguage\":\"es\",\"@id\":\"https:\\\/\\\/secure.gravatar.com\\\/avatar\\\/f5efa58599e07f8dd92f26c7cfbc442fd115582bc681245452e503c2ef2334f3?s=96&r=g\",\"url\":\"https:\\\/\\\/secure.gravatar.com\\\/avatar\\\/f5efa58599e07f8dd92f26c7cfbc442fd115582bc681245452e503c2ef2334f3?s=96&r=g\",\"contentUrl\":\"https:\\\/\\\/secure.gravatar.com\\\/avatar\\\/f5efa58599e07f8dd92f26c7cfbc442fd115582bc681245452e503c2ef2334f3?s=96&r=g\",\"caption\":\"Ana B.\"},\"description\":\"Meu nome \u00e9 Ana e sou apaixonada por escrita, comunica\u00e7\u00e3o e informa\u00e7\u00e3o digital. Dedico meu tempo \u00e0 produ\u00e7\u00e3o de conte\u00fados di\u00e1rios para o portal Vaga de Emprego RJ, criando not\u00edcias, artigos e publica\u00e7\u00f5es sobre oportunidades de emprego, tecnologia, mercado de trabalho, tend\u00eancias globais e assuntos relevantes do mundo atual. Tenho como objetivo levar informa\u00e7\u00f5es claras, \u00fateis e atualizadas para os leitores, ajudando pessoas a se manterem informadas sobre carreira, inova\u00e7\u00e3o, economia digital e acontecimentos que impactam o dia a dia no Brasil e no mundo. Todos os conte\u00fados publicados s\u00e3o desenvolvidos com responsabilidade, pesquisa e compromisso com a qualidade da informa\u00e7\u00e3o, sempre buscando oferecer uma experi\u00eancia confi\u00e1vel e relevante para o p\u00fablico.\",\"url\":\"https:\\\/\\\/www.vagadeempregorj.com.br\\\/es\\\/author\\\/vgrj\\\/\"}]}<\/script>\n<!-- \/ Yoast SEO plugin. -->","yoast_head_json":{"title":"Sine Uberl\u00e2ndia: Nueva sede y \u00e9nfasis en la creaci\u00f3n de empleo -","description":"Sine Uberl\u00e2ndia lidera la creaci\u00f3n de empleo en Minas Gerais e inaugura su nueva sede en el centro de la ciudad, con servicios ampliados y un espacio accesible.","robots":{"index":"index","follow":"follow","max-snippet":"max-snippet:-1","max-image-preview":"max-image-preview:large","max-video-preview":"max-video-preview:-1"},"canonical":"https:\/\/www.vagadeempregorj.com.br\/es\/nueva-sede-y-liderazgo-en-materia-de-empleo-en-sine-uberlandia\/","og_locale":"es_MX","og_type":"article","og_title":"Sine Uberl\u00e2ndia: Nova Sede e Destaque em Gera\u00e7\u00e3o de Empregos -","og_description":"Sine Uberl\u00e2ndia lidera gera\u00e7\u00e3o de empregos em Minas Gerais e inaugura nova sede no Centro, com servi\u00e7os ampliados e espa\u00e7o acess\u00edvel.","og_url":"https:\/\/www.vagadeempregorj.com.br\/es\/nueva-sede-y-liderazgo-en-materia-de-empleo-en-sine-uberlandia\/","article_publisher":"https:\/\/www.facebook.com\/empregobrasiloficial","article_published_time":"2025-01-24T11:35:50+00:00","article_modified_time":"2025-01-24T11:35:51+00:00","og_image":[{"width":1536,"height":1024,"url":"https:\/\/www.vagadeempregorj.com.br\/wp-content\/uploads\/2025\/01\/Sine-Uberlandia.jpg","type":"image\/jpeg"}],"author":"Ana B.","twitter_card":"summary_large_image","twitter_misc":{"Escrito por":"Ana B.","Tiempo de lectura":"4 minutos"},"schema":{"@context":"https:\/\/schema.org","@graph":[{"@type":"Article","@id":"https:\/\/www.vagadeempregorj.com.br\/sine-uberlandia-nova-sede-e-lideranca-em-empregos\/#article","isPartOf":{"@id":"https:\/\/www.vagadeempregorj.com.br\/sine-uberlandia-nova-sede-e-lideranca-em-empregos\/"},"author":{"name":"Ana B.","@id":"https:\/\/www.vagadeempregorj.com.br\/#\/schema\/person\/c0c38d5d765e86c3b7c8f12fb1ae6477"},"headline":"Sine Uberl\u00e2ndia: Nova Sede e Destaque em Gera\u00e7\u00e3o de Empregos","datePublished":"2025-01-24T11:35:50+00:00","dateModified":"2025-01-24T11:35:51+00:00","mainEntityOfPage":{"@id":"https:\/\/www.vagadeempregorj.com.br\/sine-uberlandia-nova-sede-e-lideranca-em-empregos\/"},"wordCount":776,"image":{"@id":"https:\/\/www.vagadeempregorj.com.br\/sine-uberlandia-nova-sede-e-lideranca-em-empregos\/#primaryimage"},"thumbnailUrl":"https:\/\/www.vagadeempregorj.com.br\/wp-content\/uploads\/2025\/01\/Sine-Uberlandia.jpg","keywords":["gera\u00e7\u00e3o de empregos","mercado de trabalho","nova sede Sine","Sine Uberl\u00e2ndia","vagas de emprego"],"articleSection":["Vagas de Emprego Nacionais"],"inLanguage":"es"},{"@type":"WebPage","@id":"https:\/\/www.vagadeempregorj.com.br\/sine-uberlandia-nova-sede-e-lideranca-em-empregos\/","url":"https:\/\/www.vagadeempregorj.com.br\/sine-uberlandia-nova-sede-e-lideranca-em-empregos\/","name":"Sine Uberl\u00e2ndia: Nueva sede y \u00e9nfasis en la creaci\u00f3n de empleo -","isPartOf":{"@id":"https:\/\/www.vagadeempregorj.com.br\/#website"},"primaryImageOfPage":{"@id":"https:\/\/www.vagadeempregorj.com.br\/sine-uberlandia-nova-sede-e-lideranca-em-empregos\/#primaryimage"},"image":{"@id":"https:\/\/www.vagadeempregorj.com.br\/sine-uberlandia-nova-sede-e-lideranca-em-empregos\/#primaryimage"},"thumbnailUrl":"https:\/\/www.vagadeempregorj.com.br\/wp-content\/uploads\/2025\/01\/Sine-Uberlandia.jpg","datePublished":"2025-01-24T11:35:50+00:00","dateModified":"2025-01-24T11:35:51+00:00","author":{"@id":"https:\/\/www.vagadeempregorj.com.br\/#\/schema\/person\/c0c38d5d765e86c3b7c8f12fb1ae6477"},"description":"Sine Uberl\u00e2ndia lidera la creaci\u00f3n de empleo en Minas Gerais e inaugura su nueva sede en el centro de la ciudad, con servicios ampliados y un espacio accesible.","breadcrumb":{"@id":"https:\/\/www.vagadeempregorj.com.br\/sine-uberlandia-nova-sede-e-lideranca-em-empregos\/#breadcrumb"},"inLanguage":"es","potentialAction":[{"@type":"ReadAction","target":["https:\/\/www.vagadeempregorj.com.br\/sine-uberlandia-nova-sede-e-lideranca-em-empregos\/"]}]},{"@type":"ImageObject","inLanguage":"es","@id":"https:\/\/www.vagadeempregorj.com.br\/sine-uberlandia-nova-sede-e-lideranca-em-empregos\/#primaryimage","url":"https:\/\/www.vagadeempregorj.com.br\/wp-content\/uploads\/2025\/01\/Sine-Uberlandia.jpg","contentUrl":"https:\/\/www.vagadeempregorj.com.br\/wp-content\/uploads\/2025\/01\/Sine-Uberlandia.jpg","width":1536,"height":1024,"caption":"Sine Uberl\u00e2ndia"},{"@type":"BreadcrumbList","@id":"https:\/\/www.vagadeempregorj.com.br\/sine-uberlandia-nova-sede-e-lideranca-em-empregos\/#breadcrumb","itemListElement":[{"@type":"ListItem","position":1,"name":"In\u00edcio","item":"https:\/\/www.vagadeempregorj.com.br\/"},{"@type":"ListItem","position":2,"name":"Vagas de Emprego Nacionais","item":"https:\/\/www.vagadeempregorj.com.br\/vagas-de-emprego-nacionais\/"},{"@type":"ListItem","position":3,"name":"Sine Uberl\u00e2ndia: Nova Sede e Destaque em Gera\u00e7\u00e3o de Empregos"}]},{"@type":"WebSite","@id":"https:\/\/www.vagadeempregorj.com.br\/#website","url":"https:\/\/www.vagadeempregorj.com.br\/","name":"","description":"Haz realidad tus sue\u00f1os: Ofertas de empleo, beneficios y ahorros para transformar vidas y lograr mejoras cotidianas.","potentialAction":[{"@type":"SearchAction","target":{"@type":"EntryPoint","urlTemplate":"https:\/\/www.vagadeempregorj.com.br\/?s={search_term_string}"},"query-input":{"@type":"PropertyValueSpecification","valueRequired":true,"valueName":"search_term_string"}}],"inLanguage":"es"},{"@type":"Person","@id":"https:\/\/www.vagadeempregorj.com.br\/#\/schema\/person\/c0c38d5d765e86c3b7c8f12fb1ae6477","name":"Ana B.","image":{"@type":"ImageObject","inLanguage":"es","@id":"https:\/\/secure.gravatar.com\/avatar\/f5efa58599e07f8dd92f26c7cfbc442fd115582bc681245452e503c2ef2334f3?s=96&r=g","url":"https:\/\/secure.gravatar.com\/avatar\/f5efa58599e07f8dd92f26c7cfbc442fd115582bc681245452e503c2ef2334f3?s=96&r=g","contentUrl":"https:\/\/secure.gravatar.com\/avatar\/f5efa58599e07f8dd92f26c7cfbc442fd115582bc681245452e503c2ef2334f3?s=96&r=g","caption":"Ana B."},"description":"Me llamo Ana y me apasiona la escritura, la comunicaci\u00f3n y la informaci\u00f3n digital. Dedico mi tiempo a producir contenido diario para el portal Vaga de Emprego RJ, creando noticias, art\u00edculos y publicaciones sobre oportunidades laborales, tecnolog\u00eda, el mercado laboral, tendencias globales y temas de actualidad relevantes. Mi objetivo es brindar informaci\u00f3n clara, \u00fatil y actualizada a los lectores, ayud\u00e1ndolos a mantenerse informados sobre carreras profesionales, innovaci\u00f3n, la econom\u00eda digital y eventos que impactan la vida diaria en Brasil y en todo el mundo. Todo el contenido publicado se desarrolla de manera responsable, con investigaci\u00f3n y un compromiso con la calidad de la informaci\u00f3n, esforz\u00e1ndome siempre por ofrecer una experiencia confiable y relevante para la audiencia.","url":"https:\/\/www.vagadeempregorj.com.br\/es\/author\/vgrj\/"}]}},"_links":{"self":[{"href":"https:\/\/www.vagadeempregorj.com.br\/es\/wp-json\/wp\/v2\/posts\/42242","targetHints":{"allow":["GET"]}}],"collection":[{"href":"https:\/\/www.vagadeempregorj.com.br\/es\/wp-json\/wp\/v2\/posts"}],"about":[{"href":"https:\/\/www.vagadeempregorj.com.br\/es\/wp-json\/wp\/v2\/types\/post"}],"author":[{"embeddable":true,"href":"https:\/\/www.vagadeempregorj.com.br\/es\/wp-json\/wp\/v2\/users\/1"}],"replies":[{"embeddable":true,"href":"https:\/\/www.vagadeempregorj.com.br\/es\/wp-json\/wp\/v2\/comments?post=42242"}],"version-history":[{"count":0,"href":"https:\/\/www.vagadeempregorj.com.br\/es\/wp-json\/wp\/v2\/posts\/42242\/revisions"}],"wp:featuredmedia":[{"embeddable":true,"href":"https:\/\/www.vagadeempregorj.com.br\/es\/wp-json\/wp\/v2\/media\/42243"}],"wp:attachment":[{"href":"https:\/\/www.vagadeempregorj.com.br\/es\/wp-json\/wp\/v2\/media?parent=42242"}],"wp:term":[{"taxonomy":"category","embeddable":true,"href":"https:\/\/www.vagadeempregorj.com.br\/es\/wp-json\/wp\/v2\/categories?post=42242"},{"taxonomy":"post_tag","embeddable":true,"href":"https:\/\/www.vagadeempregorj.com.br\/es\/wp-json\/wp\/v2\/tags?post=42242"}],"curies":[{"name":"wp","href":"https:\/\/api.w.org\/{rel}","templated":true}]}}