{"id":42246,"date":"2025-01-27T08:40:15","date_gmt":"2025-01-27T11:40:15","guid":{"rendered":"https:\/\/www.vagadeempregorj.com.br\/?p=42246"},"modified":"2025-06-15T14:46:34","modified_gmt":"2025-06-15T17:46:34","slug":"lista-espera-sisu-2025","status":"publish","type":"post","link":"https:\/\/www.vagadeempregorj.com.br\/es\/lista-espera-sisu-2025\/","title":{"rendered":"Lista de Espera do Sisu 2025: Entenda o Processo"},"content":{"rendered":"<h2 class=\"wp-block-heading\">Lista de Espera do Sisu 2025: Como Funciona e Prazo para Manifesta\u00e7\u00e3o<\/h2>\n\n\n\n<p class=\"has-medium-font-size\">A lista de espera do Sisu 2025, portanto, oferece uma chance valiosa para candidatos que n\u00e3o foram selecionados na primeira chamada garantirem uma vaga no ensino superior. Al\u00e9m disso, este processo \u00e9 acess\u00edvel pelo Portal \u00danico de Acesso ao Ensino Superior e, por isso, \u00e9 essencial para os estudantes que desejam ingressar em cursos nas universidades p\u00fablicas do Brasil. Por fim, saiba como funciona, os prazos e quais documentos s\u00e3o necess\u00e1rios para participar deste processo t\u00e3o importante.<\/p>\n\n\n\n<h2 class=\"wp-block-heading\">O Que \u00e9 a Lista de Espera do Sisu?<\/h2>\n\n\n\n<p class=\"has-medium-font-size\">A lista de espera do Sisu \u00e9 um mecanismo que permite que candidatos n\u00e3o aprovados na chamada regular mantenham-se na disputa pelas vagas remanescentes. Essas vagas surgem devido a desist\u00eancias ou falta de matr\u00edcula dos candidatos inicialmente aprovados.<\/p>\n\n\n\n<p class=\"has-medium-font-size\">Estudantes que n\u00e3o conseguiram aprova\u00e7\u00e3o em nenhuma das duas op\u00e7\u00f5es de curso indicadas no Sisu 2025 ainda podem participar da lista de espera. Assim, o processo amplia significativamente as chances de ingresso em cursos de gradua\u00e7\u00e3o, que s\u00e3o oferecidos por institui\u00e7\u00f5es p\u00fablicas espalhadas por todas as regi\u00f5es do pa\u00eds.<\/p>\n\n\n\n<h2 class=\"wp-block-heading\">Quem Pode Participar?<\/h2>\n\n\n\n<p class=\"has-medium-font-size\">Podem participar da lista de espera:<\/p>\n\n\n\n<ul class=\"wp-block-list\">\n<li class=\"has-medium-font-size\">Estudantes que participaram do Enem 2024, obtiveram nota maior que zero na reda\u00e7\u00e3o e n\u00e3o se declararam como treineiros.<\/li>\n\n\n\n<li class=\"has-medium-font-size\">Candidatos que n\u00e3o foram aprovados na primeira chamada do Sisu em nenhuma das duas op\u00e7\u00f5es de curso selecionadas.<\/li>\n<\/ul>\n\n\n\n<p class=\"has-medium-font-size\">\u00c9 importante lembrar que a classifica\u00e7\u00e3o segue as regras da Lei de Cotas, respeitando crit\u00e9rios sociais, econ\u00f4micos e de concorr\u00eancia.<\/p>\n\n\n\n<h2 class=\"wp-block-heading\">Como Manifestar Interesse na Lista de Espera<\/h2>\n\n\n\n<p class=\"has-medium-font-size\">A manifesta\u00e7\u00e3o de interesse na lista de espera \u00e9 um processo simples e realizado exclusivamente pelo Portal \u00danico de Acesso ao Ensino Superior. Confira o passo a passo:<\/p>\n\n\n\n<ol class=\"wp-block-list\">\n<li class=\"has-medium-font-size\">Acesse o portal com os dados de login utilizados durante a inscri\u00e7\u00e3o do Sisu.<\/li>\n\n\n\n<li class=\"has-medium-font-size\">Localize a aba correspondente \u00e0 &#8220;Lista de Espera&#8221;.<\/li>\n\n\n\n<li class=\"has-medium-font-size\">Escolha a op\u00e7\u00e3o de curso desejada e confirme sua participa\u00e7\u00e3o.<\/li>\n<\/ol>\n\n\n\n<p class=\"has-medium-font-size\">Ap\u00f3s o encerramento do prazo, as institui\u00e7\u00f5es utilizam a lista de espera para convocar novos candidatos em futuras chamadas.<\/p>\n\n\n\n<h2 class=\"wp-block-heading\">Prazos Importantes<\/h2>\n\n\n\n<ul class=\"wp-block-list\">\n<li class=\"has-medium-font-size\"><strong>Matr\u00edcula da Primeira Chamada:<\/strong> de 27 a 31 de janeiro de 2025.<\/li>\n\n\n\n<li class=\"has-medium-font-size\"><strong>Per\u00edodo de Manifesta\u00e7\u00e3o na Lista de Espera:<\/strong> de 26 a 31 de janeiro de 2025.<\/li>\n<\/ul>\n\n\n\n<p class=\"has-medium-font-size\">Estar atento aos prazos \u00e9, portanto, fundamental para garantir a participa\u00e7\u00e3o no processo. Al\u00e9m disso, as institui\u00e7\u00f5es de ensino podem divulgar novas chamadas ap\u00f3s o t\u00e9rmino do per\u00edodo de matr\u00edcula inicial, utilizando a lista de espera como base para convocar novos candidatos.<\/p>\n\n\n\n<h2 class=\"wp-block-heading\">Caso da UFV (Universidade Federal de Vi\u00e7osa)<\/h2>\n\n\n\n<p class=\"has-medium-font-size\">A Universidade Federal de Vi\u00e7osa (UFV) \u00e9 um exemplo de institui\u00e7\u00e3o que utiliza a lista de espera do Sisu para preencher suas vagas remanescentes. Para os selecionados, a matr\u00edcula ocorre remotamente no site oficial da universidade, entre os dias 28 e 31 de janeiro.<\/p>\n\n\n\n<p class=\"has-medium-font-size\">Os candidatos devem anexar os documentos exigidos no edital da UFV para efetivar a matr\u00edcula. Aqueles que n\u00e3o enviarem toda a documenta\u00e7\u00e3o no prazo perder\u00e3o o direito \u00e0 vaga. Al\u00e9m disso, a UFV divulga chamadas adicionais para preenchimento de vagas por meio da lista de espera, o que refor\u00e7a a import\u00e2ncia de acompanhar regularmente o portal de sele\u00e7\u00e3o da universidade.<\/p>\n\n\n\n<h2 class=\"wp-block-heading\">Por Que Acompanhar a Lista de Espera?<\/h2>\n\n\n\n<p class=\"has-medium-font-size\">Mesmo que todas as vagas sejam preenchidas inicialmente, \u00e9 poss\u00edvel que desist\u00eancias de candidatos matriculados abram novas oportunidades. Por isso, \u00e9 essencial que os estudantes inclu\u00eddos na lista de espera acompanhem o cronograma at\u00e9 a \u00faltima chamada.<\/p>\n\n\n\n<p class=\"has-medium-font-size\">A lista de espera \u00e9 uma ferramenta poderosa para garantir que nenhuma vaga remanescente fique ociosa. Universidades como a UFV utilizam editais espec\u00edficos para organizar a ocupa\u00e7\u00e3o de vagas dessa natureza, garantindo transpar\u00eancia e oportunidade igualit\u00e1ria a todos os candidatos inscritos.<\/p>\n\n\n\n<h2 class=\"wp-block-heading\">Conclus\u00e3o<\/h2>\n\n\n\n<p class=\"has-medium-font-size\">A lista de espera do Sisu 2025 \u00e9 um recurso indispens\u00e1vel para candidatos que desejam continuar na disputa por uma vaga no ensino superior. O processo, realizado de forma simples e totalmente online, oferece chances reais de ingresso em universidades p\u00fablicas em todo o Brasil. Para garantir o sucesso, fique atento aos prazos, acompanhe as atualiza\u00e7\u00f5es das institui\u00e7\u00f5es e tenha a documenta\u00e7\u00e3o em dia.<\/p>\n\n\n\n<p class=\"has-medium-font-size\">N\u00e3o desista! Acompanhar o cronograma e as chamadas adicionais pode ser a diferen\u00e7a entre conquistar sua vaga ou ficar de fora.<\/p>\n\n\n\n<hr class=\"wp-block-separator has-alpha-channel-opacity\"\/>\n\n\n\n<p class=\"has-medium-font-size\"><a href=\"https:\/\/www.vagadeempregorj.com.br\/es\/cursos\/\">Descubra como o Fundo de Financiamento Estudantil pode ajudar no seu acesso ao ensino superior.<\/a><\/p>","protected":false},"excerpt":{"rendered":"<p>Lista de Espera do Sisu 2025: Como Funciona e Prazo para Manifesta\u00e7\u00e3o A lista de espera do Sisu 2025, portanto, oferece uma chance valiosa para candidatos que n\u00e3o foram selecionados na primeira chamada garantirem uma vaga no ensino superior. Al\u00e9m disso, este processo \u00e9 acess\u00edvel pelo Portal \u00danico de Acesso ao Ensino Superior e, por&hellip;&nbsp;<\/p>","protected":false},"author":1,"featured_media":42247,"comment_status":"closed","ping_status":"closed","sticky":false,"template":"","format":"standard","meta":{"neve_meta_sidebar":"","neve_meta_container":"","neve_meta_enable_content_width":"","neve_meta_content_width":0,"neve_meta_title_alignment":"","neve_meta_author_avatar":"","neve_post_elements_order":"","neve_meta_disable_header":"","neve_meta_disable_footer":"","neve_meta_disable_title":"","footnotes":""},"categories":[703],"tags":[955,960,864,959,961],"class_list":["post-42246","post","type-post","status-publish","format-standard","has-post-thumbnail","hentry","category-informacao-tecnologica-e-curiosidades","tag-educacao-superior","tag-lista-de-espera-sisu","tag-sisu-2025","tag-universidades-publicas","tag-vagas-remanescentes"],"yoast_head":"<!-- This site is optimized with the Yoast SEO plugin v27.5 - https:\/\/yoast.com\/product\/yoast-seo-wordpress\/ -->\n<title>Lista de Espera do Sisu 2025: Entenda o Processo -<\/title>\n<meta name=\"description\" content=\"Saiba como manifestar interesse na lista de espera do Sisu 2025 e acompanhe as pr\u00f3ximas chamadas para vagas remanescentes nas universidades.\" \/>\n<meta name=\"robots\" content=\"index, follow, max-snippet:-1, max-image-preview:large, max-video-preview:-1\" \/>\n<link rel=\"canonical\" href=\"https:\/\/www.vagadeempregorj.com.br\/es\/lista-espera-sisu-2025\/\" \/>\n<meta property=\"og:locale\" content=\"es_MX\" \/>\n<meta property=\"og:type\" content=\"article\" \/>\n<meta property=\"og:title\" content=\"Lista de Espera do Sisu 2025: Entenda o Processo -\" \/>\n<meta property=\"og:description\" content=\"Saiba como manifestar interesse na lista de espera do Sisu 2025 e acompanhe as pr\u00f3ximas chamadas para vagas remanescentes nas universidades.\" \/>\n<meta property=\"og:url\" content=\"https:\/\/www.vagadeempregorj.com.br\/es\/lista-espera-sisu-2025\/\" \/>\n<meta property=\"article:publisher\" content=\"https:\/\/www.facebook.com\/empregobrasiloficial\" \/>\n<meta property=\"article:published_time\" content=\"2025-01-27T11:40:15+00:00\" \/>\n<meta property=\"article:modified_time\" content=\"2025-06-15T17:46:34+00:00\" \/>\n<meta property=\"og:image\" content=\"https:\/\/www.vagadeempregorj.com.br\/wp-content\/uploads\/2025\/01\/Lista-de-espera-do-Sisu-2025.webp\" \/>\n\t<meta property=\"og:image:width\" content=\"380\" \/>\n\t<meta property=\"og:image:height\" content=\"283\" \/>\n\t<meta property=\"og:image:type\" content=\"image\/webp\" \/>\n<meta name=\"author\" content=\"Ana B.\" \/>\n<meta name=\"twitter:card\" content=\"summary_large_image\" \/>\n<meta name=\"twitter:label1\" content=\"Written by\" \/>\n\t<meta name=\"twitter:data1\" content=\"Ana B.\" \/>\n\t<meta name=\"twitter:label2\" content=\"Est. reading time\" \/>\n\t<meta name=\"twitter:data2\" content=\"4 minutos\" \/>\n<script type=\"application\/ld+json\" class=\"yoast-schema-graph\">{\"@context\":\"https:\\\/\\\/schema.org\",\"@graph\":[{\"@type\":\"Article\",\"@id\":\"https:\\\/\\\/www.vagadeempregorj.com.br\\\/lista-espera-sisu-2025\\\/#article\",\"isPartOf\":{\"@id\":\"https:\\\/\\\/www.vagadeempregorj.com.br\\\/lista-espera-sisu-2025\\\/\"},\"author\":{\"name\":\"Ana B.\",\"@id\":\"https:\\\/\\\/www.vagadeempregorj.com.br\\\/#\\\/schema\\\/person\\\/c0c38d5d765e86c3b7c8f12fb1ae6477\"},\"headline\":\"Lista de Espera do Sisu 2025: Entenda o Processo\",\"datePublished\":\"2025-01-27T11:40:15+00:00\",\"dateModified\":\"2025-06-15T17:46:34+00:00\",\"mainEntityOfPage\":{\"@id\":\"https:\\\/\\\/www.vagadeempregorj.com.br\\\/lista-espera-sisu-2025\\\/\"},\"wordCount\":757,\"image\":{\"@id\":\"https:\\\/\\\/www.vagadeempregorj.com.br\\\/lista-espera-sisu-2025\\\/#primaryimage\"},\"thumbnailUrl\":\"https:\\\/\\\/www.vagadeempregorj.com.br\\\/wp-content\\\/uploads\\\/2025\\\/01\\\/Lista-de-espera-do-Sisu-2025.webp\",\"keywords\":[\"educa\u00e7\u00e3o superior\",\"lista de espera Sisu\",\"Sisu 2025\",\"universidades p\u00fablicas\",\"vagas remanescentes\"],\"articleSection\":[\"Informa\u00e7\u00e3o Tecnol\u00f3gica, Curiosidades e Cursos\"],\"inLanguage\":\"es\"},{\"@type\":\"WebPage\",\"@id\":\"https:\\\/\\\/www.vagadeempregorj.com.br\\\/lista-espera-sisu-2025\\\/\",\"url\":\"https:\\\/\\\/www.vagadeempregorj.com.br\\\/lista-espera-sisu-2025\\\/\",\"name\":\"Lista de Espera do Sisu 2025: Entenda o Processo -\",\"isPartOf\":{\"@id\":\"https:\\\/\\\/www.vagadeempregorj.com.br\\\/#website\"},\"primaryImageOfPage\":{\"@id\":\"https:\\\/\\\/www.vagadeempregorj.com.br\\\/lista-espera-sisu-2025\\\/#primaryimage\"},\"image\":{\"@id\":\"https:\\\/\\\/www.vagadeempregorj.com.br\\\/lista-espera-sisu-2025\\\/#primaryimage\"},\"thumbnailUrl\":\"https:\\\/\\\/www.vagadeempregorj.com.br\\\/wp-content\\\/uploads\\\/2025\\\/01\\\/Lista-de-espera-do-Sisu-2025.webp\",\"datePublished\":\"2025-01-27T11:40:15+00:00\",\"dateModified\":\"2025-06-15T17:46:34+00:00\",\"author\":{\"@id\":\"https:\\\/\\\/www.vagadeempregorj.com.br\\\/#\\\/schema\\\/person\\\/c0c38d5d765e86c3b7c8f12fb1ae6477\"},\"description\":\"Saiba como manifestar interesse na lista de espera do Sisu 2025 e acompanhe as pr\u00f3ximas chamadas para vagas remanescentes nas universidades.\",\"breadcrumb\":{\"@id\":\"https:\\\/\\\/www.vagadeempregorj.com.br\\\/lista-espera-sisu-2025\\\/#breadcrumb\"},\"inLanguage\":\"es\",\"potentialAction\":[{\"@type\":\"ReadAction\",\"target\":[\"https:\\\/\\\/www.vagadeempregorj.com.br\\\/lista-espera-sisu-2025\\\/\"]}]},{\"@type\":\"ImageObject\",\"inLanguage\":\"es\",\"@id\":\"https:\\\/\\\/www.vagadeempregorj.com.br\\\/lista-espera-sisu-2025\\\/#primaryimage\",\"url\":\"https:\\\/\\\/www.vagadeempregorj.com.br\\\/wp-content\\\/uploads\\\/2025\\\/01\\\/Lista-de-espera-do-Sisu-2025.webp\",\"contentUrl\":\"https:\\\/\\\/www.vagadeempregorj.com.br\\\/wp-content\\\/uploads\\\/2025\\\/01\\\/Lista-de-espera-do-Sisu-2025.webp\",\"width\":380,\"height\":283,\"caption\":\"Lista de espera do Sisu 2025.\"},{\"@type\":\"BreadcrumbList\",\"@id\":\"https:\\\/\\\/www.vagadeempregorj.com.br\\\/lista-espera-sisu-2025\\\/#breadcrumb\",\"itemListElement\":[{\"@type\":\"ListItem\",\"position\":1,\"name\":\"In\u00edcio\",\"item\":\"https:\\\/\\\/www.vagadeempregorj.com.br\\\/\"},{\"@type\":\"ListItem\",\"position\":2,\"name\":\"Lista de Espera do Sisu 2025: Entenda o Processo\"}]},{\"@type\":\"WebSite\",\"@id\":\"https:\\\/\\\/www.vagadeempregorj.com.br\\\/#website\",\"url\":\"https:\\\/\\\/www.vagadeempregorj.com.br\\\/\",\"name\":\"\",\"description\":\"Conquiste Sonhos: Vagas, Benef\u00edcios e Economia para Transformar Vidas e Alcan\u00e7ar Melhorias Cotidianas\",\"potentialAction\":[{\"@type\":\"SearchAction\",\"target\":{\"@type\":\"EntryPoint\",\"urlTemplate\":\"https:\\\/\\\/www.vagadeempregorj.com.br\\\/?s={search_term_string}\"},\"query-input\":{\"@type\":\"PropertyValueSpecification\",\"valueRequired\":true,\"valueName\":\"search_term_string\"}}],\"inLanguage\":\"es\"},{\"@type\":\"Person\",\"@id\":\"https:\\\/\\\/www.vagadeempregorj.com.br\\\/#\\\/schema\\\/person\\\/c0c38d5d765e86c3b7c8f12fb1ae6477\",\"name\":\"Ana B.\",\"image\":{\"@type\":\"ImageObject\",\"inLanguage\":\"es\",\"@id\":\"https:\\\/\\\/secure.gravatar.com\\\/avatar\\\/f5efa58599e07f8dd92f26c7cfbc442fd115582bc681245452e503c2ef2334f3?s=96&r=g\",\"url\":\"https:\\\/\\\/secure.gravatar.com\\\/avatar\\\/f5efa58599e07f8dd92f26c7cfbc442fd115582bc681245452e503c2ef2334f3?s=96&r=g\",\"contentUrl\":\"https:\\\/\\\/secure.gravatar.com\\\/avatar\\\/f5efa58599e07f8dd92f26c7cfbc442fd115582bc681245452e503c2ef2334f3?s=96&r=g\",\"caption\":\"Ana B.\"},\"description\":\"Meu nome \u00e9 Ana e sou apaixonada em escrever. Dedico meu tempo escrevendo not\u00edcias e vagas de emprego diariamente no portal Vaga de Emprego RJ.\",\"url\":\"https:\\\/\\\/www.vagadeempregorj.com.br\\\/es\\\/author\\\/vgrj\\\/\"}]}<\/script>\n<!-- \/ Yoast SEO plugin. -->","yoast_head_json":{"title":"Lista de Espera do Sisu 2025: Entenda o Processo -","description":"Saiba como manifestar interesse na lista de espera do Sisu 2025 e acompanhe as pr\u00f3ximas chamadas para vagas remanescentes nas universidades.","robots":{"index":"index","follow":"follow","max-snippet":"max-snippet:-1","max-image-preview":"max-image-preview:large","max-video-preview":"max-video-preview:-1"},"canonical":"https:\/\/www.vagadeempregorj.com.br\/es\/lista-espera-sisu-2025\/","og_locale":"es_MX","og_type":"article","og_title":"Lista de Espera do Sisu 2025: Entenda o Processo -","og_description":"Saiba como manifestar interesse na lista de espera do Sisu 2025 e acompanhe as pr\u00f3ximas chamadas para vagas remanescentes nas universidades.","og_url":"https:\/\/www.vagadeempregorj.com.br\/es\/lista-espera-sisu-2025\/","article_publisher":"https:\/\/www.facebook.com\/empregobrasiloficial","article_published_time":"2025-01-27T11:40:15+00:00","article_modified_time":"2025-06-15T17:46:34+00:00","og_image":[{"width":380,"height":283,"url":"https:\/\/www.vagadeempregorj.com.br\/wp-content\/uploads\/2025\/01\/Lista-de-espera-do-Sisu-2025.webp","type":"image\/webp"}],"author":"Ana B.","twitter_card":"summary_large_image","twitter_misc":{"Written by":"Ana B.","Est. reading time":"4 minutos"},"schema":{"@context":"https:\/\/schema.org","@graph":[{"@type":"Article","@id":"https:\/\/www.vagadeempregorj.com.br\/lista-espera-sisu-2025\/#article","isPartOf":{"@id":"https:\/\/www.vagadeempregorj.com.br\/lista-espera-sisu-2025\/"},"author":{"name":"Ana B.","@id":"https:\/\/www.vagadeempregorj.com.br\/#\/schema\/person\/c0c38d5d765e86c3b7c8f12fb1ae6477"},"headline":"Lista de Espera do Sisu 2025: Entenda o Processo","datePublished":"2025-01-27T11:40:15+00:00","dateModified":"2025-06-15T17:46:34+00:00","mainEntityOfPage":{"@id":"https:\/\/www.vagadeempregorj.com.br\/lista-espera-sisu-2025\/"},"wordCount":757,"image":{"@id":"https:\/\/www.vagadeempregorj.com.br\/lista-espera-sisu-2025\/#primaryimage"},"thumbnailUrl":"https:\/\/www.vagadeempregorj.com.br\/wp-content\/uploads\/2025\/01\/Lista-de-espera-do-Sisu-2025.webp","keywords":["educa\u00e7\u00e3o superior","lista de espera Sisu","Sisu 2025","universidades p\u00fablicas","vagas remanescentes"],"articleSection":["Informa\u00e7\u00e3o Tecnol\u00f3gica, Curiosidades e Cursos"],"inLanguage":"es"},{"@type":"WebPage","@id":"https:\/\/www.vagadeempregorj.com.br\/lista-espera-sisu-2025\/","url":"https:\/\/www.vagadeempregorj.com.br\/lista-espera-sisu-2025\/","name":"Lista de Espera do Sisu 2025: Entenda o Processo -","isPartOf":{"@id":"https:\/\/www.vagadeempregorj.com.br\/#website"},"primaryImageOfPage":{"@id":"https:\/\/www.vagadeempregorj.com.br\/lista-espera-sisu-2025\/#primaryimage"},"image":{"@id":"https:\/\/www.vagadeempregorj.com.br\/lista-espera-sisu-2025\/#primaryimage"},"thumbnailUrl":"https:\/\/www.vagadeempregorj.com.br\/wp-content\/uploads\/2025\/01\/Lista-de-espera-do-Sisu-2025.webp","datePublished":"2025-01-27T11:40:15+00:00","dateModified":"2025-06-15T17:46:34+00:00","author":{"@id":"https:\/\/www.vagadeempregorj.com.br\/#\/schema\/person\/c0c38d5d765e86c3b7c8f12fb1ae6477"},"description":"Saiba como manifestar interesse na lista de espera do Sisu 2025 e acompanhe as pr\u00f3ximas chamadas para vagas remanescentes nas universidades.","breadcrumb":{"@id":"https:\/\/www.vagadeempregorj.com.br\/lista-espera-sisu-2025\/#breadcrumb"},"inLanguage":"es","potentialAction":[{"@type":"ReadAction","target":["https:\/\/www.vagadeempregorj.com.br\/lista-espera-sisu-2025\/"]}]},{"@type":"ImageObject","inLanguage":"es","@id":"https:\/\/www.vagadeempregorj.com.br\/lista-espera-sisu-2025\/#primaryimage","url":"https:\/\/www.vagadeempregorj.com.br\/wp-content\/uploads\/2025\/01\/Lista-de-espera-do-Sisu-2025.webp","contentUrl":"https:\/\/www.vagadeempregorj.com.br\/wp-content\/uploads\/2025\/01\/Lista-de-espera-do-Sisu-2025.webp","width":380,"height":283,"caption":"Lista de espera do Sisu 2025."},{"@type":"BreadcrumbList","@id":"https:\/\/www.vagadeempregorj.com.br\/lista-espera-sisu-2025\/#breadcrumb","itemListElement":[{"@type":"ListItem","position":1,"name":"In\u00edcio","item":"https:\/\/www.vagadeempregorj.com.br\/"},{"@type":"ListItem","position":2,"name":"Lista de Espera do Sisu 2025: Entenda o Processo"}]},{"@type":"WebSite","@id":"https:\/\/www.vagadeempregorj.com.br\/#website","url":"https:\/\/www.vagadeempregorj.com.br\/","name":"","description":"Conquiste Sonhos: Vagas, Benef\u00edcios e Economia para Transformar Vidas e Alcan\u00e7ar Melhorias Cotidianas","potentialAction":[{"@type":"SearchAction","target":{"@type":"EntryPoint","urlTemplate":"https:\/\/www.vagadeempregorj.com.br\/?s={search_term_string}"},"query-input":{"@type":"PropertyValueSpecification","valueRequired":true,"valueName":"search_term_string"}}],"inLanguage":"es"},{"@type":"Person","@id":"https:\/\/www.vagadeempregorj.com.br\/#\/schema\/person\/c0c38d5d765e86c3b7c8f12fb1ae6477","name":"Ana B.","image":{"@type":"ImageObject","inLanguage":"es","@id":"https:\/\/secure.gravatar.com\/avatar\/f5efa58599e07f8dd92f26c7cfbc442fd115582bc681245452e503c2ef2334f3?s=96&r=g","url":"https:\/\/secure.gravatar.com\/avatar\/f5efa58599e07f8dd92f26c7cfbc442fd115582bc681245452e503c2ef2334f3?s=96&r=g","contentUrl":"https:\/\/secure.gravatar.com\/avatar\/f5efa58599e07f8dd92f26c7cfbc442fd115582bc681245452e503c2ef2334f3?s=96&r=g","caption":"Ana B."},"description":"Meu nome \u00e9 Ana e sou apaixonada em escrever. Dedico meu tempo escrevendo not\u00edcias e vagas de emprego diariamente no portal Vaga de Emprego RJ.","url":"https:\/\/www.vagadeempregorj.com.br\/es\/author\/vgrj\/"}]}},"_links":{"self":[{"href":"https:\/\/www.vagadeempregorj.com.br\/es\/wp-json\/wp\/v2\/posts\/42246","targetHints":{"allow":["GET"]}}],"collection":[{"href":"https:\/\/www.vagadeempregorj.com.br\/es\/wp-json\/wp\/v2\/posts"}],"about":[{"href":"https:\/\/www.vagadeempregorj.com.br\/es\/wp-json\/wp\/v2\/types\/post"}],"author":[{"embeddable":true,"href":"https:\/\/www.vagadeempregorj.com.br\/es\/wp-json\/wp\/v2\/users\/1"}],"replies":[{"embeddable":true,"href":"https:\/\/www.vagadeempregorj.com.br\/es\/wp-json\/wp\/v2\/comments?post=42246"}],"version-history":[{"count":1,"href":"https:\/\/www.vagadeempregorj.com.br\/es\/wp-json\/wp\/v2\/posts\/42246\/revisions"}],"predecessor-version":[{"id":43612,"href":"https:\/\/www.vagadeempregorj.com.br\/es\/wp-json\/wp\/v2\/posts\/42246\/revisions\/43612"}],"wp:featuredmedia":[{"embeddable":true,"href":"https:\/\/www.vagadeempregorj.com.br\/es\/wp-json\/wp\/v2\/media\/42247"}],"wp:attachment":[{"href":"https:\/\/www.vagadeempregorj.com.br\/es\/wp-json\/wp\/v2\/media?parent=42246"}],"wp:term":[{"taxonomy":"category","embeddable":true,"href":"https:\/\/www.vagadeempregorj.com.br\/es\/wp-json\/wp\/v2\/categories?post=42246"},{"taxonomy":"post_tag","embeddable":true,"href":"https:\/\/www.vagadeempregorj.com.br\/es\/wp-json\/wp\/v2\/tags?post=42246"}],"curies":[{"name":"wp","href":"https:\/\/api.w.org\/{rel}","templated":true}]}}