{"id":42428,"date":"2025-02-03T08:50:52","date_gmt":"2025-02-03T11:50:52","guid":{"rendered":"https:\/\/www.vagadeempregorj.com.br\/?p=42428"},"modified":"2025-02-03T08:50:53","modified_gmt":"2025-02-03T11:50:53","slug":"gwm-vagas-emprego-iracemapolis","status":"publish","type":"post","link":"https:\/\/www.vagadeempregorj.com.br\/es\/gwm-vagas-emprego-iracemapolis\/","title":{"rendered":"GWM abre 700 vagas de emprego na f\u00e1brica de Iracem\u00e1polis"},"content":{"rendered":"<p class=\"has-medium-font-size\">A montadora chinesa GWM (Great Wall Motors) anunciou que abrir\u00e1 700 vagas de emprego na f\u00e1brica de Iracem\u00e1polis. A unidade ser\u00e1 inaugurada neste semestre e produzir\u00e1 modelos eletrificados, incluindo o SUV Haval.<\/p>\n\n\n\n<h2 class=\"wp-block-heading\">Oportunidades de emprego na GWM em Iracem\u00e1polis<\/h2>\n\n\n\n<p class=\"has-medium-font-size\">A empresa busca profissionais para diversas \u00e1reas, como opera\u00e7\u00e3o, administra\u00e7\u00e3o e supervis\u00e3o. Algumas vagas n\u00e3o exigem experi\u00eancia, facilitando o acesso a novos profissionais no setor automotivo.<\/p>\n\n\n\n<p class=\"has-medium-font-size\">Os interessados podem se candidatar pelo site da GWM. Os cargos oferecem benef\u00edcios como plano de sa\u00fade, plano odontol\u00f3gico, seguro de vida, vale-refei\u00e7\u00e3o e vale-alimenta\u00e7\u00e3o. Al\u00e9m disso, h\u00e1 oportunidades para crescimento profissional dentro da empresa, tornando a GWM uma op\u00e7\u00e3o atrativa para quem busca estabilidade no setor automotivo.<\/p>\n\n\n\n<p class=\"has-medium-font-size\">As vagas atendem a diferentes perfis, como operadores de produ\u00e7\u00e3o, t\u00e9cnicos de manuten\u00e7\u00e3o, engenheiros e profissionais da \u00e1rea administrativa. Quem busca ingressar no setor de ve\u00edculos eletrificados pode encontrar nessa oportunidade um \u00f3timo come\u00e7o.<\/p>\n\n\n\n<h2 class=\"wp-block-heading\">Expans\u00e3o da GWM no Brasil<\/h2>\n\n\n\n<p class=\"has-medium-font-size\">A antiga f\u00e1brica da Mercedes-Benz foi adquirida pela GWM em 2021. Desde ent\u00e3o, a montadora implementou suas diretrizes de produ\u00e7\u00e3o, visando fabricar at\u00e9 25 mil unidades por ano. Esse investimento demonstra a confian\u00e7a da empresa no mercado brasileiro e na crescente demanda por ve\u00edculos sustent\u00e1veis.<\/p>\n\n\n\n<p class=\"has-medium-font-size\">A GWM tem apostado em tecnologia de ponta para desenvolver modelos mais eficientes e acess\u00edveis. A transi\u00e7\u00e3o para ve\u00edculos eletrificados reflete a mudan\u00e7a do setor automotivo em dire\u00e7\u00e3o \u00e0 sustentabilidade. Al\u00e9m disso, a f\u00e1brica de Iracem\u00e1polis impulsionar\u00e1 a economia local, gerando emprego e renda para a regi\u00e3o.<\/p>\n\n\n\n<p class=\"has-medium-font-size\">Em 2024, o Haval H6 se destacou como o h\u00edbrido mais vendido no Brasil, com 22.893 unidades emplacadas, segundo a ABVE (Associa\u00e7\u00e3o Brasileira do Ve\u00edculo El\u00e9trico). Atualmente, a linha da GWM inclui os modelos Ora e Haval, ambos desenvolvidos para atender \u00e0s novas exig\u00eancias do mercado global.<\/p>\n\n\n\n<h2 class=\"wp-block-heading\">Como se candidatar?<\/h2>\n\n\n\n<p class=\"has-medium-font-size\">Para concorrer a uma das vagas de emprego na GWM, basta acessar o site da empresa e verificar as posi\u00e7\u00f5es dispon\u00edveis. O processo seletivo pode incluir testes t\u00e9cnicos, entrevistas e avalia\u00e7\u00f5es espec\u00edficas para determinadas fun\u00e7\u00f5es.<\/p>\n\n\n\n<p class=\"has-medium-font-size\">Al\u00e9m disso, a empresa busca profissionais engajados, que se identifiquem com a miss\u00e3o da GWM de inova\u00e7\u00e3o e sustentabilidade no setor automotivo. Se voc\u00ea deseja fazer parte dessa revolu\u00e7\u00e3o, essa pode ser a sua chance.<\/p>\n\n\n\n<p class=\"has-medium-font-size\">A chegada da GWM a Iracem\u00e1polis refor\u00e7a a expans\u00e3o da mobilidade el\u00e9trica no Brasil e amplia as oportunidades para profissionais do setor automotivo. O investimento da empresa fortalece a ind\u00fastria nacional e posiciona o Brasil como um polo estrat\u00e9gico para a produ\u00e7\u00e3o de ve\u00edculos eletrificados.<\/p>\n\n\n\n<hr class=\"wp-block-separator has-alpha-channel-opacity\"\/>\n\n\n\n<p class=\"has-medium-font-size\"><a href=\"https:\/\/www.vagadeempregorj.com.br\/es\/vagas-de-emprego-nacionais\/\">Benef\u00edcios do vale-alimenta\u00e7\u00e3o para trabalhadores.<\/a><\/p>","protected":false},"excerpt":{"rendered":"<p>A montadora chinesa GWM (Great Wall Motors) anunciou que abrir\u00e1 700 vagas de emprego na f\u00e1brica de Iracem\u00e1polis. A unidade ser\u00e1 inaugurada neste semestre e produzir\u00e1 modelos eletrificados, incluindo o SUV Haval. Oportunidades de emprego na GWM em Iracem\u00e1polis A empresa busca profissionais para diversas \u00e1reas, como opera\u00e7\u00e3o, administra\u00e7\u00e3o e supervis\u00e3o. Algumas vagas n\u00e3o exigem&hellip;&nbsp;<\/p>","protected":false},"author":1,"featured_media":42429,"comment_status":"closed","ping_status":"closed","sticky":false,"template":"","format":"standard","meta":{"neve_meta_sidebar":"","neve_meta_container":"","neve_meta_enable_content_width":"","neve_meta_content_width":0,"neve_meta_title_alignment":"","neve_meta_author_avatar":"","neve_post_elements_order":"","neve_meta_disable_header":"","neve_meta_disable_footer":"","neve_meta_disable_title":"","footnotes":""},"categories":[1],"tags":[1021,96,1018,1020,1019],"class_list":["post-42428","post","type-post","status-publish","format-standard","has-post-thumbnail","hentry","category-beneficios-sociais","tag-carro-eletrico","tag-emprego","tag-gwm","tag-industria-automotiva","tag-iracemapolis"],"yoast_head":"<!-- This site is optimized with the Yoast SEO plugin v27.5 - https:\/\/yoast.com\/product\/yoast-seo-wordpress\/ -->\n<title>GWM abre 700 vagas de emprego na f\u00e1brica de Iracem\u00e1polis -<\/title>\n<meta name=\"description\" content=\"A GWM anunciou 700 vagas de emprego em Iracem\u00e1polis. Saiba como se candidatar e quais s\u00e3o os cargos dispon\u00edveis na f\u00e1brica.\" \/>\n<meta name=\"robots\" content=\"index, follow, max-snippet:-1, max-image-preview:large, max-video-preview:-1\" \/>\n<link rel=\"canonical\" href=\"https:\/\/www.vagadeempregorj.com.br\/es\/gwm-vagas-emprego-iracemapolis\/\" \/>\n<meta property=\"og:locale\" content=\"es_MX\" \/>\n<meta property=\"og:type\" content=\"article\" \/>\n<meta property=\"og:title\" content=\"GWM abre 700 vagas de emprego na f\u00e1brica de Iracem\u00e1polis -\" \/>\n<meta property=\"og:description\" content=\"A GWM anunciou 700 vagas de emprego em Iracem\u00e1polis. Saiba como se candidatar e quais s\u00e3o os cargos dispon\u00edveis na f\u00e1brica.\" \/>\n<meta property=\"og:url\" content=\"https:\/\/www.vagadeempregorj.com.br\/es\/gwm-vagas-emprego-iracemapolis\/\" \/>\n<meta property=\"article:publisher\" content=\"https:\/\/www.facebook.com\/empregobrasiloficial\" \/>\n<meta property=\"article:published_time\" content=\"2025-02-03T11:50:52+00:00\" \/>\n<meta property=\"article:modified_time\" content=\"2025-02-03T11:50:53+00:00\" \/>\n<meta property=\"og:image\" content=\"https:\/\/www.vagadeempregorj.com.br\/wp-content\/uploads\/2025\/02\/vagas-de-emprego-na-GWM.jpg\" \/>\n\t<meta property=\"og:image:width\" content=\"1200\" \/>\n\t<meta property=\"og:image:height\" content=\"675\" \/>\n\t<meta property=\"og:image:type\" content=\"image\/jpeg\" \/>\n<meta name=\"author\" content=\"Ana B.\" \/>\n<meta name=\"twitter:card\" content=\"summary_large_image\" \/>\n<meta name=\"twitter:label1\" content=\"Written by\" \/>\n\t<meta name=\"twitter:data1\" content=\"Ana B.\" \/>\n\t<meta name=\"twitter:label2\" content=\"Est. reading time\" \/>\n\t<meta name=\"twitter:data2\" content=\"2 minutos\" \/>\n<script type=\"application\/ld+json\" class=\"yoast-schema-graph\">{\"@context\":\"https:\\\/\\\/schema.org\",\"@graph\":[{\"@type\":\"Article\",\"@id\":\"https:\\\/\\\/www.vagadeempregorj.com.br\\\/gwm-vagas-emprego-iracemapolis\\\/#article\",\"isPartOf\":{\"@id\":\"https:\\\/\\\/www.vagadeempregorj.com.br\\\/gwm-vagas-emprego-iracemapolis\\\/\"},\"author\":{\"name\":\"Ana B.\",\"@id\":\"https:\\\/\\\/www.vagadeempregorj.com.br\\\/#\\\/schema\\\/person\\\/c0c38d5d765e86c3b7c8f12fb1ae6477\"},\"headline\":\"GWM abre 700 vagas de emprego na f\u00e1brica de Iracem\u00e1polis\",\"datePublished\":\"2025-02-03T11:50:52+00:00\",\"dateModified\":\"2025-02-03T11:50:53+00:00\",\"mainEntityOfPage\":{\"@id\":\"https:\\\/\\\/www.vagadeempregorj.com.br\\\/gwm-vagas-emprego-iracemapolis\\\/\"},\"wordCount\":480,\"image\":{\"@id\":\"https:\\\/\\\/www.vagadeempregorj.com.br\\\/gwm-vagas-emprego-iracemapolis\\\/#primaryimage\"},\"thumbnailUrl\":\"https:\\\/\\\/www.vagadeempregorj.com.br\\\/wp-content\\\/uploads\\\/2025\\\/02\\\/vagas-de-emprego-na-GWM.jpg\",\"keywords\":[\"carro el\u00e9trico\",\"emprego\",\"GWM\",\"ind\u00fastria automotiva\",\"Iracem\u00e1polis\"],\"articleSection\":[\"Benef\u00edcios Sociais\"],\"inLanguage\":\"es\"},{\"@type\":\"WebPage\",\"@id\":\"https:\\\/\\\/www.vagadeempregorj.com.br\\\/gwm-vagas-emprego-iracemapolis\\\/\",\"url\":\"https:\\\/\\\/www.vagadeempregorj.com.br\\\/gwm-vagas-emprego-iracemapolis\\\/\",\"name\":\"GWM abre 700 vagas de emprego na f\u00e1brica de Iracem\u00e1polis -\",\"isPartOf\":{\"@id\":\"https:\\\/\\\/www.vagadeempregorj.com.br\\\/#website\"},\"primaryImageOfPage\":{\"@id\":\"https:\\\/\\\/www.vagadeempregorj.com.br\\\/gwm-vagas-emprego-iracemapolis\\\/#primaryimage\"},\"image\":{\"@id\":\"https:\\\/\\\/www.vagadeempregorj.com.br\\\/gwm-vagas-emprego-iracemapolis\\\/#primaryimage\"},\"thumbnailUrl\":\"https:\\\/\\\/www.vagadeempregorj.com.br\\\/wp-content\\\/uploads\\\/2025\\\/02\\\/vagas-de-emprego-na-GWM.jpg\",\"datePublished\":\"2025-02-03T11:50:52+00:00\",\"dateModified\":\"2025-02-03T11:50:53+00:00\",\"author\":{\"@id\":\"https:\\\/\\\/www.vagadeempregorj.com.br\\\/#\\\/schema\\\/person\\\/c0c38d5d765e86c3b7c8f12fb1ae6477\"},\"description\":\"A GWM anunciou 700 vagas de emprego em Iracem\u00e1polis. Saiba como se candidatar e quais s\u00e3o os cargos dispon\u00edveis na f\u00e1brica.\",\"breadcrumb\":{\"@id\":\"https:\\\/\\\/www.vagadeempregorj.com.br\\\/gwm-vagas-emprego-iracemapolis\\\/#breadcrumb\"},\"inLanguage\":\"es\",\"potentialAction\":[{\"@type\":\"ReadAction\",\"target\":[\"https:\\\/\\\/www.vagadeempregorj.com.br\\\/gwm-vagas-emprego-iracemapolis\\\/\"]}]},{\"@type\":\"ImageObject\",\"inLanguage\":\"es\",\"@id\":\"https:\\\/\\\/www.vagadeempregorj.com.br\\\/gwm-vagas-emprego-iracemapolis\\\/#primaryimage\",\"url\":\"https:\\\/\\\/www.vagadeempregorj.com.br\\\/wp-content\\\/uploads\\\/2025\\\/02\\\/vagas-de-emprego-na-GWM.jpg\",\"contentUrl\":\"https:\\\/\\\/www.vagadeempregorj.com.br\\\/wp-content\\\/uploads\\\/2025\\\/02\\\/vagas-de-emprego-na-GWM.jpg\",\"width\":1200,\"height\":675,\"caption\":\"vagas de emprego na GWM\"},{\"@type\":\"BreadcrumbList\",\"@id\":\"https:\\\/\\\/www.vagadeempregorj.com.br\\\/gwm-vagas-emprego-iracemapolis\\\/#breadcrumb\",\"itemListElement\":[{\"@type\":\"ListItem\",\"position\":1,\"name\":\"In\u00edcio\",\"item\":\"https:\\\/\\\/www.vagadeempregorj.com.br\\\/\"},{\"@type\":\"ListItem\",\"position\":2,\"name\":\"Benef\u00edcios Sociais\",\"item\":\"https:\\\/\\\/www.vagadeempregorj.com.br\\\/beneficios-sociais\\\/\"},{\"@type\":\"ListItem\",\"position\":3,\"name\":\"GWM abre 700 vagas de emprego na f\u00e1brica de Iracem\u00e1polis\"}]},{\"@type\":\"WebSite\",\"@id\":\"https:\\\/\\\/www.vagadeempregorj.com.br\\\/#website\",\"url\":\"https:\\\/\\\/www.vagadeempregorj.com.br\\\/\",\"name\":\"\",\"description\":\"Conquiste Sonhos: Vagas, Benef\u00edcios e Economia para Transformar Vidas e Alcan\u00e7ar Melhorias Cotidianas\",\"potentialAction\":[{\"@type\":\"SearchAction\",\"target\":{\"@type\":\"EntryPoint\",\"urlTemplate\":\"https:\\\/\\\/www.vagadeempregorj.com.br\\\/?s={search_term_string}\"},\"query-input\":{\"@type\":\"PropertyValueSpecification\",\"valueRequired\":true,\"valueName\":\"search_term_string\"}}],\"inLanguage\":\"es\"},{\"@type\":\"Person\",\"@id\":\"https:\\\/\\\/www.vagadeempregorj.com.br\\\/#\\\/schema\\\/person\\\/c0c38d5d765e86c3b7c8f12fb1ae6477\",\"name\":\"Ana B.\",\"image\":{\"@type\":\"ImageObject\",\"inLanguage\":\"es\",\"@id\":\"https:\\\/\\\/secure.gravatar.com\\\/avatar\\\/f5efa58599e07f8dd92f26c7cfbc442fd115582bc681245452e503c2ef2334f3?s=96&r=g\",\"url\":\"https:\\\/\\\/secure.gravatar.com\\\/avatar\\\/f5efa58599e07f8dd92f26c7cfbc442fd115582bc681245452e503c2ef2334f3?s=96&r=g\",\"contentUrl\":\"https:\\\/\\\/secure.gravatar.com\\\/avatar\\\/f5efa58599e07f8dd92f26c7cfbc442fd115582bc681245452e503c2ef2334f3?s=96&r=g\",\"caption\":\"Ana B.\"},\"description\":\"Meu nome \u00e9 Ana e sou apaixonada em escrever. Dedico meu tempo escrevendo not\u00edcias e vagas de emprego diariamente no portal Vaga de Emprego RJ.\",\"url\":\"https:\\\/\\\/www.vagadeempregorj.com.br\\\/es\\\/author\\\/vgrj\\\/\"}]}<\/script>\n<!-- \/ Yoast SEO plugin. -->","yoast_head_json":{"title":"GWM abre 700 vagas de emprego na f\u00e1brica de Iracem\u00e1polis -","description":"A GWM anunciou 700 vagas de emprego em Iracem\u00e1polis. Saiba como se candidatar e quais s\u00e3o os cargos dispon\u00edveis na f\u00e1brica.","robots":{"index":"index","follow":"follow","max-snippet":"max-snippet:-1","max-image-preview":"max-image-preview:large","max-video-preview":"max-video-preview:-1"},"canonical":"https:\/\/www.vagadeempregorj.com.br\/es\/gwm-vagas-emprego-iracemapolis\/","og_locale":"es_MX","og_type":"article","og_title":"GWM abre 700 vagas de emprego na f\u00e1brica de Iracem\u00e1polis -","og_description":"A GWM anunciou 700 vagas de emprego em Iracem\u00e1polis. Saiba como se candidatar e quais s\u00e3o os cargos dispon\u00edveis na f\u00e1brica.","og_url":"https:\/\/www.vagadeempregorj.com.br\/es\/gwm-vagas-emprego-iracemapolis\/","article_publisher":"https:\/\/www.facebook.com\/empregobrasiloficial","article_published_time":"2025-02-03T11:50:52+00:00","article_modified_time":"2025-02-03T11:50:53+00:00","og_image":[{"width":1200,"height":675,"url":"https:\/\/www.vagadeempregorj.com.br\/wp-content\/uploads\/2025\/02\/vagas-de-emprego-na-GWM.jpg","type":"image\/jpeg"}],"author":"Ana B.","twitter_card":"summary_large_image","twitter_misc":{"Written by":"Ana B.","Est. reading time":"2 minutos"},"schema":{"@context":"https:\/\/schema.org","@graph":[{"@type":"Article","@id":"https:\/\/www.vagadeempregorj.com.br\/gwm-vagas-emprego-iracemapolis\/#article","isPartOf":{"@id":"https:\/\/www.vagadeempregorj.com.br\/gwm-vagas-emprego-iracemapolis\/"},"author":{"name":"Ana B.","@id":"https:\/\/www.vagadeempregorj.com.br\/#\/schema\/person\/c0c38d5d765e86c3b7c8f12fb1ae6477"},"headline":"GWM abre 700 vagas de emprego na f\u00e1brica de Iracem\u00e1polis","datePublished":"2025-02-03T11:50:52+00:00","dateModified":"2025-02-03T11:50:53+00:00","mainEntityOfPage":{"@id":"https:\/\/www.vagadeempregorj.com.br\/gwm-vagas-emprego-iracemapolis\/"},"wordCount":480,"image":{"@id":"https:\/\/www.vagadeempregorj.com.br\/gwm-vagas-emprego-iracemapolis\/#primaryimage"},"thumbnailUrl":"https:\/\/www.vagadeempregorj.com.br\/wp-content\/uploads\/2025\/02\/vagas-de-emprego-na-GWM.jpg","keywords":["carro el\u00e9trico","emprego","GWM","ind\u00fastria automotiva","Iracem\u00e1polis"],"articleSection":["Benef\u00edcios Sociais"],"inLanguage":"es"},{"@type":"WebPage","@id":"https:\/\/www.vagadeempregorj.com.br\/gwm-vagas-emprego-iracemapolis\/","url":"https:\/\/www.vagadeempregorj.com.br\/gwm-vagas-emprego-iracemapolis\/","name":"GWM abre 700 vagas de emprego na f\u00e1brica de Iracem\u00e1polis -","isPartOf":{"@id":"https:\/\/www.vagadeempregorj.com.br\/#website"},"primaryImageOfPage":{"@id":"https:\/\/www.vagadeempregorj.com.br\/gwm-vagas-emprego-iracemapolis\/#primaryimage"},"image":{"@id":"https:\/\/www.vagadeempregorj.com.br\/gwm-vagas-emprego-iracemapolis\/#primaryimage"},"thumbnailUrl":"https:\/\/www.vagadeempregorj.com.br\/wp-content\/uploads\/2025\/02\/vagas-de-emprego-na-GWM.jpg","datePublished":"2025-02-03T11:50:52+00:00","dateModified":"2025-02-03T11:50:53+00:00","author":{"@id":"https:\/\/www.vagadeempregorj.com.br\/#\/schema\/person\/c0c38d5d765e86c3b7c8f12fb1ae6477"},"description":"A GWM anunciou 700 vagas de emprego em Iracem\u00e1polis. Saiba como se candidatar e quais s\u00e3o os cargos dispon\u00edveis na f\u00e1brica.","breadcrumb":{"@id":"https:\/\/www.vagadeempregorj.com.br\/gwm-vagas-emprego-iracemapolis\/#breadcrumb"},"inLanguage":"es","potentialAction":[{"@type":"ReadAction","target":["https:\/\/www.vagadeempregorj.com.br\/gwm-vagas-emprego-iracemapolis\/"]}]},{"@type":"ImageObject","inLanguage":"es","@id":"https:\/\/www.vagadeempregorj.com.br\/gwm-vagas-emprego-iracemapolis\/#primaryimage","url":"https:\/\/www.vagadeempregorj.com.br\/wp-content\/uploads\/2025\/02\/vagas-de-emprego-na-GWM.jpg","contentUrl":"https:\/\/www.vagadeempregorj.com.br\/wp-content\/uploads\/2025\/02\/vagas-de-emprego-na-GWM.jpg","width":1200,"height":675,"caption":"vagas de emprego na GWM"},{"@type":"BreadcrumbList","@id":"https:\/\/www.vagadeempregorj.com.br\/gwm-vagas-emprego-iracemapolis\/#breadcrumb","itemListElement":[{"@type":"ListItem","position":1,"name":"In\u00edcio","item":"https:\/\/www.vagadeempregorj.com.br\/"},{"@type":"ListItem","position":2,"name":"Benef\u00edcios Sociais","item":"https:\/\/www.vagadeempregorj.com.br\/beneficios-sociais\/"},{"@type":"ListItem","position":3,"name":"GWM abre 700 vagas de emprego na f\u00e1brica de Iracem\u00e1polis"}]},{"@type":"WebSite","@id":"https:\/\/www.vagadeempregorj.com.br\/#website","url":"https:\/\/www.vagadeempregorj.com.br\/","name":"","description":"Conquiste Sonhos: Vagas, Benef\u00edcios e Economia para Transformar Vidas e Alcan\u00e7ar Melhorias Cotidianas","potentialAction":[{"@type":"SearchAction","target":{"@type":"EntryPoint","urlTemplate":"https:\/\/www.vagadeempregorj.com.br\/?s={search_term_string}"},"query-input":{"@type":"PropertyValueSpecification","valueRequired":true,"valueName":"search_term_string"}}],"inLanguage":"es"},{"@type":"Person","@id":"https:\/\/www.vagadeempregorj.com.br\/#\/schema\/person\/c0c38d5d765e86c3b7c8f12fb1ae6477","name":"Ana B.","image":{"@type":"ImageObject","inLanguage":"es","@id":"https:\/\/secure.gravatar.com\/avatar\/f5efa58599e07f8dd92f26c7cfbc442fd115582bc681245452e503c2ef2334f3?s=96&r=g","url":"https:\/\/secure.gravatar.com\/avatar\/f5efa58599e07f8dd92f26c7cfbc442fd115582bc681245452e503c2ef2334f3?s=96&r=g","contentUrl":"https:\/\/secure.gravatar.com\/avatar\/f5efa58599e07f8dd92f26c7cfbc442fd115582bc681245452e503c2ef2334f3?s=96&r=g","caption":"Ana B."},"description":"Meu nome \u00e9 Ana e sou apaixonada em escrever. Dedico meu tempo escrevendo not\u00edcias e vagas de emprego diariamente no portal Vaga de Emprego RJ.","url":"https:\/\/www.vagadeempregorj.com.br\/es\/author\/vgrj\/"}]}},"_links":{"self":[{"href":"https:\/\/www.vagadeempregorj.com.br\/es\/wp-json\/wp\/v2\/posts\/42428","targetHints":{"allow":["GET"]}}],"collection":[{"href":"https:\/\/www.vagadeempregorj.com.br\/es\/wp-json\/wp\/v2\/posts"}],"about":[{"href":"https:\/\/www.vagadeempregorj.com.br\/es\/wp-json\/wp\/v2\/types\/post"}],"author":[{"embeddable":true,"href":"https:\/\/www.vagadeempregorj.com.br\/es\/wp-json\/wp\/v2\/users\/1"}],"replies":[{"embeddable":true,"href":"https:\/\/www.vagadeempregorj.com.br\/es\/wp-json\/wp\/v2\/comments?post=42428"}],"version-history":[{"count":0,"href":"https:\/\/www.vagadeempregorj.com.br\/es\/wp-json\/wp\/v2\/posts\/42428\/revisions"}],"wp:featuredmedia":[{"embeddable":true,"href":"https:\/\/www.vagadeempregorj.com.br\/es\/wp-json\/wp\/v2\/media\/42429"}],"wp:attachment":[{"href":"https:\/\/www.vagadeempregorj.com.br\/es\/wp-json\/wp\/v2\/media?parent=42428"}],"wp:term":[{"taxonomy":"category","embeddable":true,"href":"https:\/\/www.vagadeempregorj.com.br\/es\/wp-json\/wp\/v2\/categories?post=42428"},{"taxonomy":"post_tag","embeddable":true,"href":"https:\/\/www.vagadeempregorj.com.br\/es\/wp-json\/wp\/v2\/tags?post=42428"}],"curies":[{"name":"wp","href":"https:\/\/api.w.org\/{rel}","templated":true}]}}