{"id":42472,"date":"2025-02-13T06:00:00","date_gmt":"2025-02-13T09:00:00","guid":{"rendered":"https:\/\/www.vagadeempregorj.com.br\/?p=42472"},"modified":"2025-02-07T00:47:26","modified_gmt":"2025-02-07T03:47:26","slug":"estacio-384-vagas-de-emprego-abertas-pelo-pais","status":"publish","type":"post","link":"https:\/\/www.vagadeempregorj.com.br\/es\/estacio-384-vagas-de-emprego-abertas-pelo-pais\/","title":{"rendered":"Est\u00e1cio: 384 vagas de EMPREGO abertas pelo pa\u00eds"},"content":{"rendered":"<p>A <strong>Est\u00e1cio<\/strong>, uma das maiores institui\u00e7\u00f5es de ensino do Brasil, est\u00e1 ofertando 384 vagas de emprego abertas em diversas regi\u00f5es do pa\u00eds. Se voc\u00ea deseja fazer parte de uma equipe comprometida com a educa\u00e7\u00e3o e o desenvolvimento profissional, esta pode ser a chance que voc\u00ea esperava.<\/p>\n\n\n\n<figure class=\"wp-block-image size-large\"><img loading=\"lazy\" decoding=\"async\" width=\"1024\" height=\"361\" src=\"https:\/\/www.vagadeempregorj.com.br\/wp-content\/uploads\/2025\/02\/image-5-1024x361.png\" alt=\"\" class=\"wp-image-42496\" srcset=\"https:\/\/www.vagadeempregorj.com.br\/wp-content\/uploads\/2025\/02\/image-5-1024x361.png 1024w, https:\/\/www.vagadeempregorj.com.br\/wp-content\/uploads\/2025\/02\/image-5-300x106.png 300w, https:\/\/www.vagadeempregorj.com.br\/wp-content\/uploads\/2025\/02\/image-5-768x271.png 768w, https:\/\/www.vagadeempregorj.com.br\/wp-content\/uploads\/2025\/02\/image-5-1536x541.png 1536w, https:\/\/www.vagadeempregorj.com.br\/wp-content\/uploads\/2025\/02\/image-5-150x53.png 150w, https:\/\/www.vagadeempregorj.com.br\/wp-content\/uploads\/2025\/02\/image-5.png 1600w\" sizes=\"auto, (max-width: 1024px) 100vw, 1024px\" \/><\/figure>\n\n\n\n<h2 class=\"wp-block-heading\">Quais s\u00e3o as oportunidades de carreira na Est\u00e1cio?<\/h2>\n\n\n\n<p>A Institui\u00e7\u00e3o valoriza a diversidade de talentos e disponibiliza uma variedade de oportunidades para diferentes perfis profissionais. A seguir, destacamos algumas das \u00e1reas com vagas dispon\u00edveis:<\/p>\n\n\n\n<h3 class=\"wp-block-heading\">\u00c1rea administrativa<\/h3>\n\n\n\n<p>Se voc\u00ea tem habilidades organizacionais e gosta de lidar com processos internos, as vagas na \u00e1rea administrativa podem ser ideais para voc\u00ea. Algumas das oportunidades incluem:<\/p>\n\n\n\n<ul class=\"wp-block-list\">\n<li><strong>Auxiliar Administrativo<\/strong>: Respons\u00e1vel por apoiar nas rotinas administrativas, atendimento a alunos e professores, al\u00e9m de auxiliar na organiza\u00e7\u00e3o de documentos e arquivos.<\/li>\n\n\n\n<li><strong>Assistente Administrativo II &#8211; Secretaria de Alunos<\/strong>: Atua na gest\u00e3o de registros acad\u00eamicos, atendimento aos estudantes e suporte \u00e0s atividades da secretaria.<\/li>\n<\/ul>\n\n\n\n<h3 class=\"wp-block-heading\">\u00c1rea acad\u00eamica<\/h3>\n\n\n\n<p>Para aqueles que t\u00eam paix\u00e3o por ensinar e desejam contribuir diretamente para a forma\u00e7\u00e3o de novos profissionais, a Est\u00e1cio oferece vagas na \u00e1rea acad\u00eamica, como:<\/p>\n\n\n\n<ul class=\"wp-block-list\">\n<li><strong>Professor(a) Auxiliar I<\/strong>: Respons\u00e1vel por ministrar aulas, elaborar planos de ensino e avaliar o desempenho dos alunos.<\/li>\n\n\n\n<li><strong>Preceptor(a) de Curso T\u00e9cnico<\/strong>: Atua orientando e supervisionando os estudantes durante as atividades pr\u00e1ticas, garantindo a aplica\u00e7\u00e3o dos conhecimentos te\u00f3ricos.<\/li>\n<\/ul>\n\n\n\n<h3 class=\"wp-block-heading\">Tecnologia da informa\u00e7\u00e3o<\/h3>\n\n\n\n<p>Se voc\u00ea \u00e9 apaixonado por tecnologia e busca um ambiente que valoriza a inova\u00e7\u00e3o, as vagas em TI podem ser a sua oportunidade:<\/p>\n\n\n\n<ul class=\"wp-block-list\">\n<li><strong>Assistente de Inform\u00e1tica I<\/strong>: Respons\u00e1vel pelo suporte t\u00e9cnico aos usu\u00e1rios, manuten\u00e7\u00e3o de equipamentos e gest\u00e3o de softwares institucionais.<\/li>\n<\/ul>\n\n\n\n<h3 class=\"wp-block-heading\">Comercial<\/h3>\n\n\n\n<p>Para profissionais com perfil din\u00e2mico e habilidades em negocia\u00e7\u00e3o, a \u00e1rea comercial oferece posi\u00e7\u00f5es como:<\/p>\n\n\n\n<ul class=\"wp-block-list\">\n<li><strong>Consultor(a) Comercial<\/strong>: Atua na capta\u00e7\u00e3o de novos alunos, atendimento ao p\u00fablico e desenvolvimento de estrat\u00e9gias para aumento de matr\u00edculas.<\/li>\n<\/ul>\n\n\n\n<h3 class=\"wp-block-heading\">Diversidade e inclus\u00e3o<\/h3>\n\n\n\n<p>A Est\u00e1cio acredita na import\u00e2ncia da diversidade e possui programas espec\u00edficos para inclus\u00e3o:<\/p>\n\n\n\n<ul class=\"wp-block-list\">\n<li><strong>Banco de Talentos &#8211; Exclusivo para Pessoas com Defici\u00eancia<\/strong>: Espa\u00e7o destinado a profissionais PCDs interessados em diversas \u00e1reas dentro da institui\u00e7\u00e3o.<\/li>\n<\/ul>\n\n\n\n<h2 class=\"wp-block-heading\">Como se candidatar?<\/h2>\n\n\n\n<p>Interessado em alguma das oportunidades mencionadas? O processo de candidatura \u00e9 simples e direto. Siga os passos abaixo para se inscrever:<\/p>\n\n\n\n<ol class=\"wp-block-list\">\n<li>Acesse o site de carreiras da Est\u00e1cio:<a href=\"https:\/\/vempraestacio.gupy.io\/?utm_source=chatgpt.com\"> <\/a><strong>vempraestacio.gupy.io<\/strong><\/li>\n\n\n\n<li>Navegue pelas vagas dispon\u00edveis: Utilize os filtros para encontrar a oportunidade que melhor se alinha ao seu perfil e localiza\u00e7\u00e3o.<\/li>\n\n\n\n<li>Selecione a vaga desejada: Clique na posi\u00e7\u00e3o de interesse para visualizar os detalhes e requisitos.<\/li>\n\n\n\n<li>Clique em &#8220;Candidatar-se&#8221;: Preencha o formul\u00e1rio com suas informa\u00e7\u00f5es pessoais, experi\u00eancias profissionais e anexe seu curr\u00edculo atualizado.<\/li>\n\n\n\n<li>Envie sua candidatura: Ap\u00f3s revisar todos os dados, confirme sua inscri\u00e7\u00e3o e aguarde o contato da equipe de recrutamento.<\/li>\n<\/ol>\n\n\n\n<p>Lembre-se de que cada vaga possui requisitos espec\u00edficos, portanto, \u00e9 importante ler atentamente as descri\u00e7\u00f5es e certificar-se de que seu perfil atende \u00e0s exig\u00eancias da fun\u00e7\u00e3o. Al\u00e9m disso, manter seu curr\u00edculo atualizado e personalizado para cada oportunidade aumenta suas chances de sucesso no processo seletivo.<\/p>\n\n\n\n<h2 class=\"wp-block-heading\">Por que trabalhar na Est\u00e1cio?<\/h2>\n\n\n\n<p>A Est\u00e1cio n\u00e3o \u00e9 apenas uma institui\u00e7\u00e3o de ensino; \u00e9 um ambiente que promove o crescimento profissional e pessoal de seus colaboradores. Ao ingressar na equipe, voc\u00ea encontrar\u00e1:<\/p>\n\n\n\n<ul class=\"wp-block-list\">\n<li><strong>Ambiente Colaborativo<\/strong>: Valoriza\u00e7\u00e3o do trabalho em equipe e incentivo \u00e0 troca de conhecimentos.<\/li>\n\n\n\n<li><strong>Desenvolvimento Profissional<\/strong>: Oportunidades de capacita\u00e7\u00e3o cont\u00ednua e planos de carreira estruturados.<\/li>\n\n\n\n<li><strong>Inova\u00e7\u00e3o<\/strong>: Uso intensivo de tecnologia para aprimorar processos e experi\u00eancias educacionais.<\/li>\n\n\n\n<li><strong>Diversidade e Inclus\u00e3o<\/strong>: Compromisso com a valoriza\u00e7\u00e3o das diferen\u00e7as e promo\u00e7\u00e3o de um ambiente inclusivo.<\/li>\n\n\n\n<li><strong>Benef\u00edcios Atrativos<\/strong>: Pacotes de benef\u00edcios que incluem assist\u00eancia m\u00e9dica, odontol\u00f3gica, vale-alimenta\u00e7\u00e3o, entre outros.<\/li>\n<\/ul>\n\n\n\n<p>Trabalhar na Institui\u00e7\u00e3o \u00e9 fazer parte de uma miss\u00e3o maior: transformar vidas por meio da educa\u00e7\u00e3o. Se voc\u00ea compartilha dessa paix\u00e3o e deseja contribuir para um futuro melhor, n\u00e3o perca a oportunidade de se candidatar a uma das vagas dispon\u00edveis.<\/p>\n\n\n\n<p>Aproveite este momento para dar um novo passo em sua carreira e fazer parte de uma institui\u00e7\u00e3o que valoriza o talento e o desenvolvimento de seus colaboradores.&nbsp;<\/p>\n\n\n\n<p><strong>Veja tamb\u00e9m: <a href=\"https:\/\/www.vagadeempregorj.com.br\/es\/telemont-263-vagas-de-emprego-pelo-pais\/\">TELEMONT: 263 vagas de emprego pelo pa\u00eds<\/a><\/strong><\/p>\n\n\n\n<p>13 de fevereiro de 2025<\/p>","protected":false},"excerpt":{"rendered":"<p>A Est\u00e1cio, uma das maiores institui\u00e7\u00f5es de ensino do Brasil, est\u00e1 ofertando 384 vagas de emprego abertas em diversas regi\u00f5es do pa\u00eds. Se voc\u00ea deseja fazer parte de uma equipe comprometida com a educa\u00e7\u00e3o e o desenvolvimento profissional, esta pode ser a chance que voc\u00ea esperava. Quais s\u00e3o as oportunidades de carreira na Est\u00e1cio? A&hellip;&nbsp;<\/p>","protected":false},"author":16,"featured_media":42496,"comment_status":"closed","ping_status":"closed","sticky":false,"template":"","format":"standard","meta":{"neve_meta_sidebar":"","neve_meta_container":"","neve_meta_enable_content_width":"","neve_meta_content_width":0,"neve_meta_title_alignment":"","neve_meta_author_avatar":"","neve_post_elements_order":"","neve_meta_disable_header":"","neve_meta_disable_footer":"","neve_meta_disable_title":"","footnotes":""},"categories":[123],"tags":[],"class_list":["post-42472","post","type-post","status-publish","format-standard","has-post-thumbnail","hentry","category-vagas-de-emprego-nacionais"],"yoast_head":"<!-- This site is optimized with the Yoast SEO plugin v27.5 - https:\/\/yoast.com\/product\/yoast-seo-wordpress\/ -->\n<title>Est\u00e1cio: 384 vagas de EMPREGO abertas pelo pa\u00eds -<\/title>\n<meta name=\"description\" content=\"Veja em Vagas de Emprego RJ as vagas de emprego com e sem experi\u00eancia no seu Estado e Regi\u00e3o!\" \/>\n<meta name=\"robots\" content=\"index, follow, max-snippet:-1, max-image-preview:large, max-video-preview:-1\" \/>\n<link rel=\"canonical\" href=\"https:\/\/www.vagadeempregorj.com.br\/es\/estacio-384-vagas-de-emprego-abertas-pelo-pais\/\" \/>\n<meta property=\"og:locale\" content=\"es_MX\" \/>\n<meta property=\"og:type\" content=\"article\" \/>\n<meta property=\"og:title\" content=\"Est\u00e1cio: 384 vagas de EMPREGO abertas pelo pa\u00eds -\" \/>\n<meta property=\"og:description\" content=\"Veja em Vagas de Emprego RJ as vagas de emprego com e sem experi\u00eancia no seu Estado e Regi\u00e3o!\" \/>\n<meta property=\"og:url\" content=\"https:\/\/www.vagadeempregorj.com.br\/es\/estacio-384-vagas-de-emprego-abertas-pelo-pais\/\" \/>\n<meta property=\"article:publisher\" content=\"https:\/\/www.facebook.com\/empregobrasiloficial\" \/>\n<meta property=\"article:published_time\" content=\"2025-02-13T09:00:00+00:00\" \/>\n<meta property=\"og:image\" content=\"https:\/\/www.vagadeempregorj.com.br\/wp-content\/uploads\/2025\/02\/image-5.png\" \/>\n\t<meta property=\"og:image:width\" content=\"1600\" \/>\n\t<meta property=\"og:image:height\" content=\"564\" \/>\n\t<meta property=\"og:image:type\" content=\"image\/png\" \/>\n<meta name=\"author\" content=\"Michele\" \/>\n<meta name=\"twitter:card\" content=\"summary_large_image\" \/>\n<meta name=\"twitter:label1\" content=\"Written by\" \/>\n\t<meta name=\"twitter:data1\" content=\"Michele\" \/>\n\t<meta name=\"twitter:label2\" content=\"Est. reading time\" \/>\n\t<meta name=\"twitter:data2\" content=\"4 minutos\" \/>\n<script type=\"application\/ld+json\" class=\"yoast-schema-graph\">{\"@context\":\"https:\\\/\\\/schema.org\",\"@graph\":[{\"@type\":\"Article\",\"@id\":\"https:\\\/\\\/www.vagadeempregorj.com.br\\\/estacio-384-vagas-de-emprego-abertas-pelo-pais\\\/#article\",\"isPartOf\":{\"@id\":\"https:\\\/\\\/www.vagadeempregorj.com.br\\\/estacio-384-vagas-de-emprego-abertas-pelo-pais\\\/\"},\"author\":{\"name\":\"Michele\",\"@id\":\"https:\\\/\\\/www.vagadeempregorj.com.br\\\/#\\\/schema\\\/person\\\/3ddb19fa0539706786e502152f3aae95\"},\"headline\":\"Est\u00e1cio: 384 vagas de EMPREGO abertas pelo pa\u00eds\",\"datePublished\":\"2025-02-13T09:00:00+00:00\",\"mainEntityOfPage\":{\"@id\":\"https:\\\/\\\/www.vagadeempregorj.com.br\\\/estacio-384-vagas-de-emprego-abertas-pelo-pais\\\/\"},\"wordCount\":753,\"image\":{\"@id\":\"https:\\\/\\\/www.vagadeempregorj.com.br\\\/estacio-384-vagas-de-emprego-abertas-pelo-pais\\\/#primaryimage\"},\"thumbnailUrl\":\"https:\\\/\\\/www.vagadeempregorj.com.br\\\/wp-content\\\/uploads\\\/2025\\\/02\\\/image-5.png\",\"articleSection\":[\"Vagas de Emprego Nacionais\"],\"inLanguage\":\"es\"},{\"@type\":\"WebPage\",\"@id\":\"https:\\\/\\\/www.vagadeempregorj.com.br\\\/estacio-384-vagas-de-emprego-abertas-pelo-pais\\\/\",\"url\":\"https:\\\/\\\/www.vagadeempregorj.com.br\\\/estacio-384-vagas-de-emprego-abertas-pelo-pais\\\/\",\"name\":\"Est\u00e1cio: 384 vagas de EMPREGO abertas pelo pa\u00eds -\",\"isPartOf\":{\"@id\":\"https:\\\/\\\/www.vagadeempregorj.com.br\\\/#website\"},\"primaryImageOfPage\":{\"@id\":\"https:\\\/\\\/www.vagadeempregorj.com.br\\\/estacio-384-vagas-de-emprego-abertas-pelo-pais\\\/#primaryimage\"},\"image\":{\"@id\":\"https:\\\/\\\/www.vagadeempregorj.com.br\\\/estacio-384-vagas-de-emprego-abertas-pelo-pais\\\/#primaryimage\"},\"thumbnailUrl\":\"https:\\\/\\\/www.vagadeempregorj.com.br\\\/wp-content\\\/uploads\\\/2025\\\/02\\\/image-5.png\",\"datePublished\":\"2025-02-13T09:00:00+00:00\",\"author\":{\"@id\":\"https:\\\/\\\/www.vagadeempregorj.com.br\\\/#\\\/schema\\\/person\\\/3ddb19fa0539706786e502152f3aae95\"},\"description\":\"Veja em Vagas de Emprego RJ as vagas de emprego com e sem experi\u00eancia no seu Estado e Regi\u00e3o!\",\"breadcrumb\":{\"@id\":\"https:\\\/\\\/www.vagadeempregorj.com.br\\\/estacio-384-vagas-de-emprego-abertas-pelo-pais\\\/#breadcrumb\"},\"inLanguage\":\"es\",\"potentialAction\":[{\"@type\":\"ReadAction\",\"target\":[\"https:\\\/\\\/www.vagadeempregorj.com.br\\\/estacio-384-vagas-de-emprego-abertas-pelo-pais\\\/\"]}]},{\"@type\":\"ImageObject\",\"inLanguage\":\"es\",\"@id\":\"https:\\\/\\\/www.vagadeempregorj.com.br\\\/estacio-384-vagas-de-emprego-abertas-pelo-pais\\\/#primaryimage\",\"url\":\"https:\\\/\\\/www.vagadeempregorj.com.br\\\/wp-content\\\/uploads\\\/2025\\\/02\\\/image-5.png\",\"contentUrl\":\"https:\\\/\\\/www.vagadeempregorj.com.br\\\/wp-content\\\/uploads\\\/2025\\\/02\\\/image-5.png\",\"width\":1600,\"height\":564},{\"@type\":\"BreadcrumbList\",\"@id\":\"https:\\\/\\\/www.vagadeempregorj.com.br\\\/estacio-384-vagas-de-emprego-abertas-pelo-pais\\\/#breadcrumb\",\"itemListElement\":[{\"@type\":\"ListItem\",\"position\":1,\"name\":\"In\u00edcio\",\"item\":\"https:\\\/\\\/www.vagadeempregorj.com.br\\\/\"},{\"@type\":\"ListItem\",\"position\":2,\"name\":\"Vagas de Emprego Nacionais\",\"item\":\"https:\\\/\\\/www.vagadeempregorj.com.br\\\/vagas-de-emprego-nacionais\\\/\"},{\"@type\":\"ListItem\",\"position\":3,\"name\":\"Est\u00e1cio: 384 vagas de EMPREGO abertas pelo pa\u00eds\"}]},{\"@type\":\"WebSite\",\"@id\":\"https:\\\/\\\/www.vagadeempregorj.com.br\\\/#website\",\"url\":\"https:\\\/\\\/www.vagadeempregorj.com.br\\\/\",\"name\":\"\",\"description\":\"Conquiste Sonhos: Vagas, Benef\u00edcios e Economia para Transformar Vidas e Alcan\u00e7ar Melhorias Cotidianas\",\"potentialAction\":[{\"@type\":\"SearchAction\",\"target\":{\"@type\":\"EntryPoint\",\"urlTemplate\":\"https:\\\/\\\/www.vagadeempregorj.com.br\\\/?s={search_term_string}\"},\"query-input\":{\"@type\":\"PropertyValueSpecification\",\"valueRequired\":true,\"valueName\":\"search_term_string\"}}],\"inLanguage\":\"es\"},{\"@type\":\"Person\",\"@id\":\"https:\\\/\\\/www.vagadeempregorj.com.br\\\/#\\\/schema\\\/person\\\/3ddb19fa0539706786e502152f3aae95\",\"name\":\"Michele\",\"image\":{\"@type\":\"ImageObject\",\"inLanguage\":\"es\",\"@id\":\"https:\\\/\\\/secure.gravatar.com\\\/avatar\\\/6b0eb9d22841282815e2cd856a0061c45e1761cd54b22e952d98c4746939aa85?s=96&r=g\",\"url\":\"https:\\\/\\\/secure.gravatar.com\\\/avatar\\\/6b0eb9d22841282815e2cd856a0061c45e1761cd54b22e952d98c4746939aa85?s=96&r=g\",\"contentUrl\":\"https:\\\/\\\/secure.gravatar.com\\\/avatar\\\/6b0eb9d22841282815e2cd856a0061c45e1761cd54b22e952d98c4746939aa85?s=96&r=g\",\"caption\":\"Michele\"},\"description\":\"Formada em Letras - Portugu\u00eas\\\/ Ingl\u00eas, e idealizadora do site Escritora de Sucesso, busca expandir o conhecimento de todos com informa\u00e7\u00f5es relevantes sobre diversos assuntos, enquanto redatora. No Vaga de Emprego RJ, traz oportunidades e dicas sobre o mercado de trabalho.\",\"url\":\"https:\\\/\\\/www.vagadeempregorj.com.br\\\/es\\\/author\\\/michele\\\/\"}]}<\/script>\n<!-- \/ Yoast SEO plugin. -->","yoast_head_json":{"title":"Est\u00e1cio: 384 vagas de EMPREGO abertas pelo pa\u00eds -","description":"Veja em Vagas de Emprego RJ as vagas de emprego com e sem experi\u00eancia no seu Estado e Regi\u00e3o!","robots":{"index":"index","follow":"follow","max-snippet":"max-snippet:-1","max-image-preview":"max-image-preview:large","max-video-preview":"max-video-preview:-1"},"canonical":"https:\/\/www.vagadeempregorj.com.br\/es\/estacio-384-vagas-de-emprego-abertas-pelo-pais\/","og_locale":"es_MX","og_type":"article","og_title":"Est\u00e1cio: 384 vagas de EMPREGO abertas pelo pa\u00eds -","og_description":"Veja em Vagas de Emprego RJ as vagas de emprego com e sem experi\u00eancia no seu Estado e Regi\u00e3o!","og_url":"https:\/\/www.vagadeempregorj.com.br\/es\/estacio-384-vagas-de-emprego-abertas-pelo-pais\/","article_publisher":"https:\/\/www.facebook.com\/empregobrasiloficial","article_published_time":"2025-02-13T09:00:00+00:00","og_image":[{"width":1600,"height":564,"url":"https:\/\/www.vagadeempregorj.com.br\/wp-content\/uploads\/2025\/02\/image-5.png","type":"image\/png"}],"author":"Michele","twitter_card":"summary_large_image","twitter_misc":{"Written by":"Michele","Est. reading time":"4 minutos"},"schema":{"@context":"https:\/\/schema.org","@graph":[{"@type":"Article","@id":"https:\/\/www.vagadeempregorj.com.br\/estacio-384-vagas-de-emprego-abertas-pelo-pais\/#article","isPartOf":{"@id":"https:\/\/www.vagadeempregorj.com.br\/estacio-384-vagas-de-emprego-abertas-pelo-pais\/"},"author":{"name":"Michele","@id":"https:\/\/www.vagadeempregorj.com.br\/#\/schema\/person\/3ddb19fa0539706786e502152f3aae95"},"headline":"Est\u00e1cio: 384 vagas de EMPREGO abertas pelo pa\u00eds","datePublished":"2025-02-13T09:00:00+00:00","mainEntityOfPage":{"@id":"https:\/\/www.vagadeempregorj.com.br\/estacio-384-vagas-de-emprego-abertas-pelo-pais\/"},"wordCount":753,"image":{"@id":"https:\/\/www.vagadeempregorj.com.br\/estacio-384-vagas-de-emprego-abertas-pelo-pais\/#primaryimage"},"thumbnailUrl":"https:\/\/www.vagadeempregorj.com.br\/wp-content\/uploads\/2025\/02\/image-5.png","articleSection":["Vagas de Emprego Nacionais"],"inLanguage":"es"},{"@type":"WebPage","@id":"https:\/\/www.vagadeempregorj.com.br\/estacio-384-vagas-de-emprego-abertas-pelo-pais\/","url":"https:\/\/www.vagadeempregorj.com.br\/estacio-384-vagas-de-emprego-abertas-pelo-pais\/","name":"Est\u00e1cio: 384 vagas de EMPREGO abertas pelo pa\u00eds -","isPartOf":{"@id":"https:\/\/www.vagadeempregorj.com.br\/#website"},"primaryImageOfPage":{"@id":"https:\/\/www.vagadeempregorj.com.br\/estacio-384-vagas-de-emprego-abertas-pelo-pais\/#primaryimage"},"image":{"@id":"https:\/\/www.vagadeempregorj.com.br\/estacio-384-vagas-de-emprego-abertas-pelo-pais\/#primaryimage"},"thumbnailUrl":"https:\/\/www.vagadeempregorj.com.br\/wp-content\/uploads\/2025\/02\/image-5.png","datePublished":"2025-02-13T09:00:00+00:00","author":{"@id":"https:\/\/www.vagadeempregorj.com.br\/#\/schema\/person\/3ddb19fa0539706786e502152f3aae95"},"description":"Veja em Vagas de Emprego RJ as vagas de emprego com e sem experi\u00eancia no seu Estado e Regi\u00e3o!","breadcrumb":{"@id":"https:\/\/www.vagadeempregorj.com.br\/estacio-384-vagas-de-emprego-abertas-pelo-pais\/#breadcrumb"},"inLanguage":"es","potentialAction":[{"@type":"ReadAction","target":["https:\/\/www.vagadeempregorj.com.br\/estacio-384-vagas-de-emprego-abertas-pelo-pais\/"]}]},{"@type":"ImageObject","inLanguage":"es","@id":"https:\/\/www.vagadeempregorj.com.br\/estacio-384-vagas-de-emprego-abertas-pelo-pais\/#primaryimage","url":"https:\/\/www.vagadeempregorj.com.br\/wp-content\/uploads\/2025\/02\/image-5.png","contentUrl":"https:\/\/www.vagadeempregorj.com.br\/wp-content\/uploads\/2025\/02\/image-5.png","width":1600,"height":564},{"@type":"BreadcrumbList","@id":"https:\/\/www.vagadeempregorj.com.br\/estacio-384-vagas-de-emprego-abertas-pelo-pais\/#breadcrumb","itemListElement":[{"@type":"ListItem","position":1,"name":"In\u00edcio","item":"https:\/\/www.vagadeempregorj.com.br\/"},{"@type":"ListItem","position":2,"name":"Vagas de Emprego Nacionais","item":"https:\/\/www.vagadeempregorj.com.br\/vagas-de-emprego-nacionais\/"},{"@type":"ListItem","position":3,"name":"Est\u00e1cio: 384 vagas de EMPREGO abertas pelo pa\u00eds"}]},{"@type":"WebSite","@id":"https:\/\/www.vagadeempregorj.com.br\/#website","url":"https:\/\/www.vagadeempregorj.com.br\/","name":"","description":"Conquiste Sonhos: Vagas, Benef\u00edcios e Economia para Transformar Vidas e Alcan\u00e7ar Melhorias Cotidianas","potentialAction":[{"@type":"SearchAction","target":{"@type":"EntryPoint","urlTemplate":"https:\/\/www.vagadeempregorj.com.br\/?s={search_term_string}"},"query-input":{"@type":"PropertyValueSpecification","valueRequired":true,"valueName":"search_term_string"}}],"inLanguage":"es"},{"@type":"Person","@id":"https:\/\/www.vagadeempregorj.com.br\/#\/schema\/person\/3ddb19fa0539706786e502152f3aae95","name":"Michele","image":{"@type":"ImageObject","inLanguage":"es","@id":"https:\/\/secure.gravatar.com\/avatar\/6b0eb9d22841282815e2cd856a0061c45e1761cd54b22e952d98c4746939aa85?s=96&r=g","url":"https:\/\/secure.gravatar.com\/avatar\/6b0eb9d22841282815e2cd856a0061c45e1761cd54b22e952d98c4746939aa85?s=96&r=g","contentUrl":"https:\/\/secure.gravatar.com\/avatar\/6b0eb9d22841282815e2cd856a0061c45e1761cd54b22e952d98c4746939aa85?s=96&r=g","caption":"Michele"},"description":"Formada em Letras - Portugu\u00eas\/ Ingl\u00eas, e idealizadora do site Escritora de Sucesso, busca expandir o conhecimento de todos com informa\u00e7\u00f5es relevantes sobre diversos assuntos, enquanto redatora. No Vaga de Emprego RJ, traz oportunidades e dicas sobre o mercado de trabalho.","url":"https:\/\/www.vagadeempregorj.com.br\/es\/author\/michele\/"}]}},"_links":{"self":[{"href":"https:\/\/www.vagadeempregorj.com.br\/es\/wp-json\/wp\/v2\/posts\/42472","targetHints":{"allow":["GET"]}}],"collection":[{"href":"https:\/\/www.vagadeempregorj.com.br\/es\/wp-json\/wp\/v2\/posts"}],"about":[{"href":"https:\/\/www.vagadeempregorj.com.br\/es\/wp-json\/wp\/v2\/types\/post"}],"author":[{"embeddable":true,"href":"https:\/\/www.vagadeempregorj.com.br\/es\/wp-json\/wp\/v2\/users\/16"}],"replies":[{"embeddable":true,"href":"https:\/\/www.vagadeempregorj.com.br\/es\/wp-json\/wp\/v2\/comments?post=42472"}],"version-history":[{"count":0,"href":"https:\/\/www.vagadeempregorj.com.br\/es\/wp-json\/wp\/v2\/posts\/42472\/revisions"}],"wp:featuredmedia":[{"embeddable":true,"href":"https:\/\/www.vagadeempregorj.com.br\/es\/wp-json\/wp\/v2\/media\/42496"}],"wp:attachment":[{"href":"https:\/\/www.vagadeempregorj.com.br\/es\/wp-json\/wp\/v2\/media?parent=42472"}],"wp:term":[{"taxonomy":"category","embeddable":true,"href":"https:\/\/www.vagadeempregorj.com.br\/es\/wp-json\/wp\/v2\/categories?post=42472"},{"taxonomy":"post_tag","embeddable":true,"href":"https:\/\/www.vagadeempregorj.com.br\/es\/wp-json\/wp\/v2\/tags?post=42472"}],"curies":[{"name":"wp","href":"https:\/\/api.w.org\/{rel}","templated":true}]}}