{"id":42480,"date":"2025-02-17T06:00:00","date_gmt":"2025-02-17T09:00:00","guid":{"rendered":"https:\/\/www.vagadeempregorj.com.br\/?p=42480"},"modified":"2025-02-07T00:47:36","modified_gmt":"2025-02-07T03:47:36","slug":"veolia-35-vagas-de-emprego-abertas-veja-os-cargos","status":"publish","type":"post","link":"https:\/\/www.vagadeempregorj.com.br\/es\/veolia-35-vagas-de-emprego-abertas-veja-os-cargos\/","title":{"rendered":"Veolia: 35 vagas de emprego abertas; veja os cargos"},"content":{"rendered":"<p>Voc\u00ea est\u00e1 em busca de novas oportunidades profissionais? Ent\u00e3o, prepare-se para uma excelente not\u00edcia! A <strong>Veolia<\/strong>, l\u00edder global em solu\u00e7\u00f5es ambientais, est\u00e1 anunciando 35 vagas de emprego em diversas localidades do Brasil.&nbsp;<\/p>\n\n\n\n<p>Se voc\u00ea deseja fazer parte de uma empresa comprometida com a transforma\u00e7\u00e3o ecol\u00f3gica e que valoriza seus colaboradores, continue lendo para descobrir as oportunidades dispon\u00edveis e como se candidatar.<\/p>\n\n\n\n<figure class=\"wp-block-image size-full is-resized\"><img loading=\"lazy\" decoding=\"async\" width=\"710\" height=\"451\" src=\"https:\/\/www.vagadeempregorj.com.br\/wp-content\/uploads\/2025\/02\/image-9.png\" alt=\"\" class=\"wp-image-42500\" style=\"width:840px;height:auto\" srcset=\"https:\/\/www.vagadeempregorj.com.br\/wp-content\/uploads\/2025\/02\/image-9.png 710w, https:\/\/www.vagadeempregorj.com.br\/wp-content\/uploads\/2025\/02\/image-9-300x191.png 300w, https:\/\/www.vagadeempregorj.com.br\/wp-content\/uploads\/2025\/02\/image-9-150x95.png 150w\" sizes=\"auto, (max-width: 710px) 100vw, 710px\" \/><\/figure>\n\n\n\n<h2 class=\"wp-block-heading\">Quais s\u00e3o as oportunidades de carreira na Veolia?<\/h2>\n\n\n\n<p>A Veolia disponibiliza uma variedade de cargos que abrangem diferentes n\u00edveis de experi\u00eancia e \u00e1reas de atua\u00e7\u00e3o. A seguir, destacamos algumas das principais oportunidades dispon\u00edveis:<\/p>\n\n\n\n<h3 class=\"wp-block-heading\">Ajudante<\/h3>\n\n\n\n<p><strong>Localidade:<\/strong> Guarulhos, SP<\/p>\n\n\n\n<p><strong>Tipo de contrato:<\/strong> Tempor\u00e1rio<\/p>\n\n\n\n<p><strong>Descri\u00e7\u00e3o:<\/strong> Auxiliar nas atividades operacionais, garantindo o suporte necess\u00e1rio para o bom andamento dos processos.<\/p>\n\n\n\n<h3 class=\"wp-block-heading\">Almoxarife<\/h3>\n\n\n\n<p><strong>Localidade:<\/strong> S\u00e3o Francisco do Sul, SC<\/p>\n\n\n\n<p><strong>Tipo de contrato:<\/strong> Efetivo<\/p>\n\n\n\n<p><strong>Descri\u00e7\u00e3o:<\/strong> Respons\u00e1vel pelo controle e organiza\u00e7\u00e3o do almoxarifado, incluindo recebimento, armazenamento e distribui\u00e7\u00e3o de materiais.<\/p>\n\n\n\n<h3 class=\"wp-block-heading\">Analista Business Intelligence Jr<\/h3>\n\n\n\n<p><strong>Localidade:<\/strong> S\u00e3o Paulo, SP (modelo h\u00edbrido)<\/p>\n\n\n\n<p><strong>Tipo de contrato:<\/strong> Efetivo<\/p>\n\n\n\n<p><strong>Descri\u00e7\u00e3o:<\/strong> Atuar na an\u00e1lise de dados para suporte \u00e0 tomada de decis\u00f5es estrat\u00e9gicas, desenvolvendo dashboards e relat\u00f3rios gerenciais.<\/p>\n\n\n\n<h3 class=\"wp-block-heading\">Analista de auditoria Sr<\/h3>\n\n\n\n<p><strong>Localidade:<\/strong> S\u00e3o Paulo, SP (modelo h\u00edbrido)<\/p>\n\n\n\n<p><strong>Tipo de contrato:<\/strong> Efetivo<\/p>\n\n\n\n<p><strong>Descri\u00e7\u00e3o:<\/strong> Conduzir auditorias internas, avaliando processos e controles, al\u00e9m de propor melhorias para assegurar a conformidade com as pol\u00edticas da empresa.<\/p>\n\n\n\n<h3 class=\"wp-block-heading\">Analista de cultura organizacional<\/h3>\n\n\n\n<p><strong>Localidade:<\/strong> S\u00e3o Paulo, SP (modelo h\u00edbrido)<\/p>\n\n\n\n<p><strong>Tipo de contrato:<\/strong> Efetivo<\/p>\n\n\n\n<p><strong>Descri\u00e7\u00e3o:<\/strong> Desenvolver e implementar iniciativas que promovam a cultura organizacional, alinhando-as aos valores e objetivos da Veolia.<\/p>\n\n\n\n<h3 class=\"wp-block-heading\">Analista de meio ambiente e qualidade<\/h3>\n\n\n\n<p><strong>Localidade:<\/strong> Jardim Camburi, ES<\/p>\n\n\n\n<p><strong>Tipo de contrato:<\/strong> Efetivo<\/p>\n\n\n\n<p><strong>Descri\u00e7\u00e3o:<\/strong> Monitorar e garantir o cumprimento das normas ambientais e de qualidade, realizando auditorias e treinamentos pertinentes.<\/p>\n\n\n\n<h3 class=\"wp-block-heading\">Analista de SGI<\/h3>\n\n\n\n<p><strong>Localidade:<\/strong> Brusque, SC<\/p>\n\n\n\n<p><strong>Tipo de contrato:<\/strong> Efetivo<\/p>\n\n\n\n<p><strong>Descri\u00e7\u00e3o:<\/strong> Gerenciar o Sistema de Gest\u00e3o Integrada, assegurando a conformidade com as certifica\u00e7\u00f5es e padr\u00f5es estabelecidos.<\/p>\n\n\n\n<h3 class=\"wp-block-heading\">Analista de suporte e atendimento Jr<\/h3>\n\n\n\n<p><strong>Localidade:<\/strong> S\u00e3o Jos\u00e9, SC<\/p>\n\n\n\n<p><strong>Tipo de contrato:<\/strong> Efetivo<\/p>\n\n\n\n<p><strong>Descri\u00e7\u00e3o:<\/strong> Prestar suporte t\u00e9cnico aos usu\u00e1rios, solucionando problemas relacionados a hardware e software, al\u00e9m de auxiliar na manuten\u00e7\u00e3o da infraestrutura de TI.<\/p>\n\n\n\n<h3 class=\"wp-block-heading\">Analista financeiro Sr<\/h3>\n\n\n\n<p><strong>Localidade:<\/strong> S\u00e3o Francisco do Sul, SC<\/p>\n\n\n\n<p><strong>Tipo de contrato:<\/strong> Tempor\u00e1rio<\/p>\n\n\n\n<p><strong>Descri\u00e7\u00e3o:<\/strong> Gerenciar atividades financeiras, incluindo an\u00e1lise de fluxo de caixa, elabora\u00e7\u00e3o de relat\u00f3rios financeiros e suporte na tomada de decis\u00f5es estrat\u00e9gicas.<\/p>\n\n\n\n<h3 class=\"wp-block-heading\">Operador de equipamento II<\/h3>\n\n\n\n<p><strong>Localidade:<\/strong> Jundia\u00ed, SP<\/p>\n\n\n\n<p><strong>Tipo de contrato:<\/strong> Efetivo<\/p>\n\n\n\n<p><strong>Descri\u00e7\u00e3o:<\/strong> Operar equipamentos utilizados na produ\u00e7\u00e3o de coleta e carregamento de res\u00edduos, garantindo a efici\u00eancia e seguran\u00e7a das opera\u00e7\u00f5es.<\/p>\n\n\n\n<h3 class=\"wp-block-heading\">Auxiliar de servi\u00e7os gerais<\/h3>\n\n\n\n<p><strong>Localidade:<\/strong> Curitiba, PR<\/p>\n\n\n\n<p><strong>Tipo de contrato:<\/strong> Efetivo<\/p>\n\n\n\n<p><strong>Descri\u00e7\u00e3o:<\/strong> Executar atividades de limpeza e conserva\u00e7\u00e3o das instala\u00e7\u00f5es, mantendo o ambiente de trabalho organizado e seguro.<\/p>\n\n\n\n<h3 class=\"wp-block-heading\">Analista de contas a pagar Jr<\/h3>\n\n\n\n<p><strong>Localidade:<\/strong> S\u00e3o Paulo, SP<\/p>\n\n\n\n<p><strong>Tipo de contrato:<\/strong> Efetivo<\/p>\n\n\n\n<p><strong>Descri\u00e7\u00e3o:<\/strong> Realizar o processamento de contas a pagar, garantindo a precis\u00e3o e pontualidade dos pagamentos, al\u00e9m de concilia\u00e7\u00f5es banc\u00e1rias.<\/p>\n\n\n\n<h3 class=\"wp-block-heading\">Assistente de compras (Tempor\u00e1rio)<\/h3>\n\n\n\n<p><strong>Localidade:<\/strong> S\u00e3o Paulo, SP<\/p>\n\n\n\n<p><strong>Tipo de contrato:<\/strong> Tempor\u00e1rio<\/p>\n\n\n\n<p><strong>Descri\u00e7\u00e3o:<\/strong> Auxiliar no processo de compras, desde a cota\u00e7\u00e3o at\u00e9 o acompanhamento de pedidos, assegurando o abastecimento de materiais e servi\u00e7os necess\u00e1rios.<\/p>\n\n\n\n<h3 class=\"wp-block-heading\">Ajudante<\/h3>\n\n\n\n<p><strong>Localidade:<\/strong> S\u00e3o Paulo, SP<\/p>\n\n\n\n<p><strong>Tipo de contrato:<\/strong> Tempor\u00e1rio<\/p>\n\n\n\n<p><strong>Descri\u00e7\u00e3o:<\/strong> Prestar suporte nas atividades operacionais, colaborando com a equipe para o cumprimento das metas estabelecidas.<\/p>\n\n\n\n<h3 class=\"wp-block-heading\">Analista de Business Intelligence<\/h3>\n\n\n\n<p><strong>Localidade:<\/strong> S\u00e3o Paulo, SP<\/p>\n\n\n\n<p><strong>Tipo de contrato:<\/strong> Efetivo<\/p>\n\n\n\n<p><strong>Descri\u00e7\u00e3o:<\/strong> Desenvolver an\u00e1lises e relat\u00f3rios que auxiliem na tomada de decis\u00f5es estrat\u00e9gicas, utilizando ferramentas de BI para interpretar dados complexos.<\/p>\n\n\n\n<h3 class=\"wp-block-heading\">Operador de equipamentos II (Empilhadeira)<\/h3>\n\n\n\n<p><strong>Localidade:<\/strong> S\u00e3o Jos\u00e9 dos Campos, SP<\/p>\n\n\n\n<p><strong>Tipo de contrato:<\/strong> Efetivo<\/p>\n\n\n\n<p><strong>Descri\u00e7\u00e3o:<\/strong> Operar empilhadeiras para movimenta\u00e7\u00e3o de materiais, garantindo a seguran\u00e7a e efici\u00eancia no transporte interno.<\/p>\n\n\n\n<h3 class=\"wp-block-heading\">Auxiliar de servi\u00e7os gerais<\/h3>\n\n\n\n<p><strong>Localidade:<\/strong> Po\u00e7os de Caldas, MG<\/p>\n\n\n\n<p><strong>Tipo de contrato:<\/strong> Efetivo<\/p>\n\n\n\n<p><strong>Descri\u00e7\u00e3o:<\/strong> Respons\u00e1vel pela limpeza e organiza\u00e7\u00e3o das \u00e1reas comuns, contribuindo para um ambiente de trabalho agrad\u00e1vel e seguro.<\/p>\n\n\n\n<h2 class=\"wp-block-heading\">Como se candidatar?<\/h2>\n\n\n\n<p>Se voc\u00ea se interessou por alguma das vagas abertas na companhia, o processo de candidatura \u00e9 simples e pode ser feito online. Siga o passo a passo abaixo para garantir a sua inscri\u00e7\u00e3o:<\/p>\n\n\n\n<ul class=\"wp-block-list\">\n<li>Copie e cole o endere\u00e7o <strong>https:\/\/www.latinoamerica.veolia.com\/pt\/carreiras<\/strong> em seu navegador.<\/li>\n\n\n\n<li>Acesse a p\u00e1gina e encontre a vaga que mais combina com o seu perfil.<\/li>\n\n\n\n<li>Leia atentamente a descri\u00e7\u00e3o do cargo, os requisitos e as responsabilidades antes de se candidatar.<\/li>\n\n\n\n<li>Clique em \u201cCandidatar-se\u201d e siga as instru\u00e7\u00f5es para preencher seu perfil na plataforma.<\/li>\n\n\n\n<li>Envie seu curr\u00edculo atualizado<strong> <\/strong>e aguarde o contato da empresa.<\/li>\n<\/ul>\n\n\n\n<p>N\u00e3o perca tempo! As vagas podem ser preenchidas rapidamente, ent\u00e3o, se voc\u00ea encontrou uma oportunidade alinhada ao seu perfil, garanta sua inscri\u00e7\u00e3o o quanto antes.&nbsp;<\/p>\n\n\n\n<p><strong>Veja tamb\u00e9m: <a href=\"https:\/\/www.vagadeempregorj.com.br\/es\/telemont-263-vagas-de-emprego-pelo-pais\/\">TELEMONT: 263 vagas de emprego pelo pa\u00eds<\/a><\/strong><\/p>\n\n\n\n<p>17 de fevereiro de 2025<\/p>","protected":false},"excerpt":{"rendered":"<p>Voc\u00ea est\u00e1 em busca de novas oportunidades profissionais? Ent\u00e3o, prepare-se para uma excelente not\u00edcia! A Veolia, l\u00edder global em solu\u00e7\u00f5es ambientais, est\u00e1 anunciando 35 vagas de emprego em diversas localidades do Brasil.&nbsp; Se voc\u00ea deseja fazer parte de uma empresa comprometida com a transforma\u00e7\u00e3o ecol\u00f3gica e que valoriza seus colaboradores, continue lendo para descobrir as&hellip;&nbsp;<\/p>","protected":false},"author":16,"featured_media":42500,"comment_status":"closed","ping_status":"closed","sticky":false,"template":"","format":"standard","meta":{"neve_meta_sidebar":"","neve_meta_container":"","neve_meta_enable_content_width":"","neve_meta_content_width":0,"neve_meta_title_alignment":"","neve_meta_author_avatar":"","neve_post_elements_order":"","neve_meta_disable_header":"","neve_meta_disable_footer":"","neve_meta_disable_title":"","footnotes":""},"categories":[123],"tags":[],"class_list":["post-42480","post","type-post","status-publish","format-standard","has-post-thumbnail","hentry","category-vagas-de-emprego-nacionais"],"yoast_head":"<!-- This site is optimized with the Yoast SEO plugin v27.5 - https:\/\/yoast.com\/product\/yoast-seo-wordpress\/ -->\n<title>Veolia: 35 vagas de emprego abertas; veja os cargos -<\/title>\n<meta name=\"description\" content=\"Veja em Vagas de Emprego RJ as vagas de emprego com e sem experi\u00eancia no seu Estado e Regi\u00e3o!\" \/>\n<meta name=\"robots\" content=\"index, follow, max-snippet:-1, max-image-preview:large, max-video-preview:-1\" \/>\n<link rel=\"canonical\" href=\"https:\/\/www.vagadeempregorj.com.br\/es\/veolia-35-vagas-de-emprego-abertas-veja-os-cargos\/\" \/>\n<meta property=\"og:locale\" content=\"es_MX\" \/>\n<meta property=\"og:type\" content=\"article\" \/>\n<meta property=\"og:title\" content=\"Veolia: 35 vagas de emprego abertas; veja os cargos -\" \/>\n<meta property=\"og:description\" content=\"Veja em Vagas de Emprego RJ as vagas de emprego com e sem experi\u00eancia no seu Estado e Regi\u00e3o!\" \/>\n<meta property=\"og:url\" content=\"https:\/\/www.vagadeempregorj.com.br\/es\/veolia-35-vagas-de-emprego-abertas-veja-os-cargos\/\" \/>\n<meta property=\"article:publisher\" content=\"https:\/\/www.facebook.com\/empregobrasiloficial\" \/>\n<meta property=\"article:published_time\" content=\"2025-02-17T09:00:00+00:00\" \/>\n<meta property=\"og:image\" content=\"https:\/\/www.vagadeempregorj.com.br\/wp-content\/uploads\/2025\/02\/image-9.png\" \/>\n\t<meta property=\"og:image:width\" content=\"710\" \/>\n\t<meta property=\"og:image:height\" content=\"451\" \/>\n\t<meta property=\"og:image:type\" content=\"image\/png\" \/>\n<meta name=\"author\" content=\"Michele\" \/>\n<meta name=\"twitter:card\" content=\"summary_large_image\" \/>\n<meta name=\"twitter:label1\" content=\"Written by\" \/>\n\t<meta name=\"twitter:data1\" content=\"Michele\" \/>\n\t<meta name=\"twitter:label2\" content=\"Est. reading time\" \/>\n\t<meta name=\"twitter:data2\" content=\"4 minutos\" \/>\n<script type=\"application\/ld+json\" class=\"yoast-schema-graph\">{\"@context\":\"https:\\\/\\\/schema.org\",\"@graph\":[{\"@type\":\"Article\",\"@id\":\"https:\\\/\\\/www.vagadeempregorj.com.br\\\/veolia-35-vagas-de-emprego-abertas-veja-os-cargos\\\/#article\",\"isPartOf\":{\"@id\":\"https:\\\/\\\/www.vagadeempregorj.com.br\\\/veolia-35-vagas-de-emprego-abertas-veja-os-cargos\\\/\"},\"author\":{\"name\":\"Michele\",\"@id\":\"https:\\\/\\\/www.vagadeempregorj.com.br\\\/#\\\/schema\\\/person\\\/3ddb19fa0539706786e502152f3aae95\"},\"headline\":\"Veolia: 35 vagas de emprego abertas; veja os cargos\",\"datePublished\":\"2025-02-17T09:00:00+00:00\",\"mainEntityOfPage\":{\"@id\":\"https:\\\/\\\/www.vagadeempregorj.com.br\\\/veolia-35-vagas-de-emprego-abertas-veja-os-cargos\\\/\"},\"wordCount\":865,\"image\":{\"@id\":\"https:\\\/\\\/www.vagadeempregorj.com.br\\\/veolia-35-vagas-de-emprego-abertas-veja-os-cargos\\\/#primaryimage\"},\"thumbnailUrl\":\"https:\\\/\\\/www.vagadeempregorj.com.br\\\/wp-content\\\/uploads\\\/2025\\\/02\\\/image-9.png\",\"articleSection\":[\"Vagas de Emprego Nacionais\"],\"inLanguage\":\"es\"},{\"@type\":\"WebPage\",\"@id\":\"https:\\\/\\\/www.vagadeempregorj.com.br\\\/veolia-35-vagas-de-emprego-abertas-veja-os-cargos\\\/\",\"url\":\"https:\\\/\\\/www.vagadeempregorj.com.br\\\/veolia-35-vagas-de-emprego-abertas-veja-os-cargos\\\/\",\"name\":\"Veolia: 35 vagas de emprego abertas; veja os cargos -\",\"isPartOf\":{\"@id\":\"https:\\\/\\\/www.vagadeempregorj.com.br\\\/#website\"},\"primaryImageOfPage\":{\"@id\":\"https:\\\/\\\/www.vagadeempregorj.com.br\\\/veolia-35-vagas-de-emprego-abertas-veja-os-cargos\\\/#primaryimage\"},\"image\":{\"@id\":\"https:\\\/\\\/www.vagadeempregorj.com.br\\\/veolia-35-vagas-de-emprego-abertas-veja-os-cargos\\\/#primaryimage\"},\"thumbnailUrl\":\"https:\\\/\\\/www.vagadeempregorj.com.br\\\/wp-content\\\/uploads\\\/2025\\\/02\\\/image-9.png\",\"datePublished\":\"2025-02-17T09:00:00+00:00\",\"author\":{\"@id\":\"https:\\\/\\\/www.vagadeempregorj.com.br\\\/#\\\/schema\\\/person\\\/3ddb19fa0539706786e502152f3aae95\"},\"description\":\"Veja em Vagas de Emprego RJ as vagas de emprego com e sem experi\u00eancia no seu Estado e Regi\u00e3o!\",\"breadcrumb\":{\"@id\":\"https:\\\/\\\/www.vagadeempregorj.com.br\\\/veolia-35-vagas-de-emprego-abertas-veja-os-cargos\\\/#breadcrumb\"},\"inLanguage\":\"es\",\"potentialAction\":[{\"@type\":\"ReadAction\",\"target\":[\"https:\\\/\\\/www.vagadeempregorj.com.br\\\/veolia-35-vagas-de-emprego-abertas-veja-os-cargos\\\/\"]}]},{\"@type\":\"ImageObject\",\"inLanguage\":\"es\",\"@id\":\"https:\\\/\\\/www.vagadeempregorj.com.br\\\/veolia-35-vagas-de-emprego-abertas-veja-os-cargos\\\/#primaryimage\",\"url\":\"https:\\\/\\\/www.vagadeempregorj.com.br\\\/wp-content\\\/uploads\\\/2025\\\/02\\\/image-9.png\",\"contentUrl\":\"https:\\\/\\\/www.vagadeempregorj.com.br\\\/wp-content\\\/uploads\\\/2025\\\/02\\\/image-9.png\",\"width\":710,\"height\":451,\"caption\":\"Veolia\"},{\"@type\":\"BreadcrumbList\",\"@id\":\"https:\\\/\\\/www.vagadeempregorj.com.br\\\/veolia-35-vagas-de-emprego-abertas-veja-os-cargos\\\/#breadcrumb\",\"itemListElement\":[{\"@type\":\"ListItem\",\"position\":1,\"name\":\"In\u00edcio\",\"item\":\"https:\\\/\\\/www.vagadeempregorj.com.br\\\/\"},{\"@type\":\"ListItem\",\"position\":2,\"name\":\"Vagas de Emprego Nacionais\",\"item\":\"https:\\\/\\\/www.vagadeempregorj.com.br\\\/vagas-de-emprego-nacionais\\\/\"},{\"@type\":\"ListItem\",\"position\":3,\"name\":\"Veolia: 35 vagas de emprego abertas; veja os cargos\"}]},{\"@type\":\"WebSite\",\"@id\":\"https:\\\/\\\/www.vagadeempregorj.com.br\\\/#website\",\"url\":\"https:\\\/\\\/www.vagadeempregorj.com.br\\\/\",\"name\":\"\",\"description\":\"Conquiste Sonhos: Vagas, Benef\u00edcios e Economia para Transformar Vidas e Alcan\u00e7ar Melhorias Cotidianas\",\"potentialAction\":[{\"@type\":\"SearchAction\",\"target\":{\"@type\":\"EntryPoint\",\"urlTemplate\":\"https:\\\/\\\/www.vagadeempregorj.com.br\\\/?s={search_term_string}\"},\"query-input\":{\"@type\":\"PropertyValueSpecification\",\"valueRequired\":true,\"valueName\":\"search_term_string\"}}],\"inLanguage\":\"es\"},{\"@type\":\"Person\",\"@id\":\"https:\\\/\\\/www.vagadeempregorj.com.br\\\/#\\\/schema\\\/person\\\/3ddb19fa0539706786e502152f3aae95\",\"name\":\"Michele\",\"image\":{\"@type\":\"ImageObject\",\"inLanguage\":\"es\",\"@id\":\"https:\\\/\\\/secure.gravatar.com\\\/avatar\\\/6b0eb9d22841282815e2cd856a0061c45e1761cd54b22e952d98c4746939aa85?s=96&r=g\",\"url\":\"https:\\\/\\\/secure.gravatar.com\\\/avatar\\\/6b0eb9d22841282815e2cd856a0061c45e1761cd54b22e952d98c4746939aa85?s=96&r=g\",\"contentUrl\":\"https:\\\/\\\/secure.gravatar.com\\\/avatar\\\/6b0eb9d22841282815e2cd856a0061c45e1761cd54b22e952d98c4746939aa85?s=96&r=g\",\"caption\":\"Michele\"},\"description\":\"Formada em Letras - Portugu\u00eas\\\/ Ingl\u00eas, e idealizadora do site Escritora de Sucesso, busca expandir o conhecimento de todos com informa\u00e7\u00f5es relevantes sobre diversos assuntos, enquanto redatora. No Vaga de Emprego RJ, traz oportunidades e dicas sobre o mercado de trabalho.\",\"url\":\"https:\\\/\\\/www.vagadeempregorj.com.br\\\/es\\\/author\\\/michele\\\/\"}]}<\/script>\n<!-- \/ Yoast SEO plugin. -->","yoast_head_json":{"title":"Veolia: 35 vagas de emprego abertas; veja os cargos -","description":"Veja em Vagas de Emprego RJ as vagas de emprego com e sem experi\u00eancia no seu Estado e Regi\u00e3o!","robots":{"index":"index","follow":"follow","max-snippet":"max-snippet:-1","max-image-preview":"max-image-preview:large","max-video-preview":"max-video-preview:-1"},"canonical":"https:\/\/www.vagadeempregorj.com.br\/es\/veolia-35-vagas-de-emprego-abertas-veja-os-cargos\/","og_locale":"es_MX","og_type":"article","og_title":"Veolia: 35 vagas de emprego abertas; veja os cargos -","og_description":"Veja em Vagas de Emprego RJ as vagas de emprego com e sem experi\u00eancia no seu Estado e Regi\u00e3o!","og_url":"https:\/\/www.vagadeempregorj.com.br\/es\/veolia-35-vagas-de-emprego-abertas-veja-os-cargos\/","article_publisher":"https:\/\/www.facebook.com\/empregobrasiloficial","article_published_time":"2025-02-17T09:00:00+00:00","og_image":[{"width":710,"height":451,"url":"https:\/\/www.vagadeempregorj.com.br\/wp-content\/uploads\/2025\/02\/image-9.png","type":"image\/png"}],"author":"Michele","twitter_card":"summary_large_image","twitter_misc":{"Written by":"Michele","Est. reading time":"4 minutos"},"schema":{"@context":"https:\/\/schema.org","@graph":[{"@type":"Article","@id":"https:\/\/www.vagadeempregorj.com.br\/veolia-35-vagas-de-emprego-abertas-veja-os-cargos\/#article","isPartOf":{"@id":"https:\/\/www.vagadeempregorj.com.br\/veolia-35-vagas-de-emprego-abertas-veja-os-cargos\/"},"author":{"name":"Michele","@id":"https:\/\/www.vagadeempregorj.com.br\/#\/schema\/person\/3ddb19fa0539706786e502152f3aae95"},"headline":"Veolia: 35 vagas de emprego abertas; veja os cargos","datePublished":"2025-02-17T09:00:00+00:00","mainEntityOfPage":{"@id":"https:\/\/www.vagadeempregorj.com.br\/veolia-35-vagas-de-emprego-abertas-veja-os-cargos\/"},"wordCount":865,"image":{"@id":"https:\/\/www.vagadeempregorj.com.br\/veolia-35-vagas-de-emprego-abertas-veja-os-cargos\/#primaryimage"},"thumbnailUrl":"https:\/\/www.vagadeempregorj.com.br\/wp-content\/uploads\/2025\/02\/image-9.png","articleSection":["Vagas de Emprego Nacionais"],"inLanguage":"es"},{"@type":"WebPage","@id":"https:\/\/www.vagadeempregorj.com.br\/veolia-35-vagas-de-emprego-abertas-veja-os-cargos\/","url":"https:\/\/www.vagadeempregorj.com.br\/veolia-35-vagas-de-emprego-abertas-veja-os-cargos\/","name":"Veolia: 35 vagas de emprego abertas; veja os cargos -","isPartOf":{"@id":"https:\/\/www.vagadeempregorj.com.br\/#website"},"primaryImageOfPage":{"@id":"https:\/\/www.vagadeempregorj.com.br\/veolia-35-vagas-de-emprego-abertas-veja-os-cargos\/#primaryimage"},"image":{"@id":"https:\/\/www.vagadeempregorj.com.br\/veolia-35-vagas-de-emprego-abertas-veja-os-cargos\/#primaryimage"},"thumbnailUrl":"https:\/\/www.vagadeempregorj.com.br\/wp-content\/uploads\/2025\/02\/image-9.png","datePublished":"2025-02-17T09:00:00+00:00","author":{"@id":"https:\/\/www.vagadeempregorj.com.br\/#\/schema\/person\/3ddb19fa0539706786e502152f3aae95"},"description":"Veja em Vagas de Emprego RJ as vagas de emprego com e sem experi\u00eancia no seu Estado e Regi\u00e3o!","breadcrumb":{"@id":"https:\/\/www.vagadeempregorj.com.br\/veolia-35-vagas-de-emprego-abertas-veja-os-cargos\/#breadcrumb"},"inLanguage":"es","potentialAction":[{"@type":"ReadAction","target":["https:\/\/www.vagadeempregorj.com.br\/veolia-35-vagas-de-emprego-abertas-veja-os-cargos\/"]}]},{"@type":"ImageObject","inLanguage":"es","@id":"https:\/\/www.vagadeempregorj.com.br\/veolia-35-vagas-de-emprego-abertas-veja-os-cargos\/#primaryimage","url":"https:\/\/www.vagadeempregorj.com.br\/wp-content\/uploads\/2025\/02\/image-9.png","contentUrl":"https:\/\/www.vagadeempregorj.com.br\/wp-content\/uploads\/2025\/02\/image-9.png","width":710,"height":451,"caption":"Veolia"},{"@type":"BreadcrumbList","@id":"https:\/\/www.vagadeempregorj.com.br\/veolia-35-vagas-de-emprego-abertas-veja-os-cargos\/#breadcrumb","itemListElement":[{"@type":"ListItem","position":1,"name":"In\u00edcio","item":"https:\/\/www.vagadeempregorj.com.br\/"},{"@type":"ListItem","position":2,"name":"Vagas de Emprego Nacionais","item":"https:\/\/www.vagadeempregorj.com.br\/vagas-de-emprego-nacionais\/"},{"@type":"ListItem","position":3,"name":"Veolia: 35 vagas de emprego abertas; veja os cargos"}]},{"@type":"WebSite","@id":"https:\/\/www.vagadeempregorj.com.br\/#website","url":"https:\/\/www.vagadeempregorj.com.br\/","name":"","description":"Conquiste Sonhos: Vagas, Benef\u00edcios e Economia para Transformar Vidas e Alcan\u00e7ar Melhorias Cotidianas","potentialAction":[{"@type":"SearchAction","target":{"@type":"EntryPoint","urlTemplate":"https:\/\/www.vagadeempregorj.com.br\/?s={search_term_string}"},"query-input":{"@type":"PropertyValueSpecification","valueRequired":true,"valueName":"search_term_string"}}],"inLanguage":"es"},{"@type":"Person","@id":"https:\/\/www.vagadeempregorj.com.br\/#\/schema\/person\/3ddb19fa0539706786e502152f3aae95","name":"Michele","image":{"@type":"ImageObject","inLanguage":"es","@id":"https:\/\/secure.gravatar.com\/avatar\/6b0eb9d22841282815e2cd856a0061c45e1761cd54b22e952d98c4746939aa85?s=96&r=g","url":"https:\/\/secure.gravatar.com\/avatar\/6b0eb9d22841282815e2cd856a0061c45e1761cd54b22e952d98c4746939aa85?s=96&r=g","contentUrl":"https:\/\/secure.gravatar.com\/avatar\/6b0eb9d22841282815e2cd856a0061c45e1761cd54b22e952d98c4746939aa85?s=96&r=g","caption":"Michele"},"description":"Formada em Letras - Portugu\u00eas\/ Ingl\u00eas, e idealizadora do site Escritora de Sucesso, busca expandir o conhecimento de todos com informa\u00e7\u00f5es relevantes sobre diversos assuntos, enquanto redatora. No Vaga de Emprego RJ, traz oportunidades e dicas sobre o mercado de trabalho.","url":"https:\/\/www.vagadeempregorj.com.br\/es\/author\/michele\/"}]}},"_links":{"self":[{"href":"https:\/\/www.vagadeempregorj.com.br\/es\/wp-json\/wp\/v2\/posts\/42480","targetHints":{"allow":["GET"]}}],"collection":[{"href":"https:\/\/www.vagadeempregorj.com.br\/es\/wp-json\/wp\/v2\/posts"}],"about":[{"href":"https:\/\/www.vagadeempregorj.com.br\/es\/wp-json\/wp\/v2\/types\/post"}],"author":[{"embeddable":true,"href":"https:\/\/www.vagadeempregorj.com.br\/es\/wp-json\/wp\/v2\/users\/16"}],"replies":[{"embeddable":true,"href":"https:\/\/www.vagadeempregorj.com.br\/es\/wp-json\/wp\/v2\/comments?post=42480"}],"version-history":[{"count":0,"href":"https:\/\/www.vagadeempregorj.com.br\/es\/wp-json\/wp\/v2\/posts\/42480\/revisions"}],"wp:featuredmedia":[{"embeddable":true,"href":"https:\/\/www.vagadeempregorj.com.br\/es\/wp-json\/wp\/v2\/media\/42500"}],"wp:attachment":[{"href":"https:\/\/www.vagadeempregorj.com.br\/es\/wp-json\/wp\/v2\/media?parent=42480"}],"wp:term":[{"taxonomy":"category","embeddable":true,"href":"https:\/\/www.vagadeempregorj.com.br\/es\/wp-json\/wp\/v2\/categories?post=42480"},{"taxonomy":"post_tag","embeddable":true,"href":"https:\/\/www.vagadeempregorj.com.br\/es\/wp-json\/wp\/v2\/tags?post=42480"}],"curies":[{"name":"wp","href":"https:\/\/api.w.org\/{rel}","templated":true}]}}