{"id":42486,"date":"2025-02-20T06:00:00","date_gmt":"2025-02-20T09:00:00","guid":{"rendered":"https:\/\/www.vagadeempregorj.com.br\/?p=42486"},"modified":"2025-02-07T00:47:51","modified_gmt":"2025-02-07T03:47:51","slug":"grupo-ovd-33-vagas-de-emprego-abertas-veja-regiao","status":"publish","type":"post","link":"https:\/\/www.vagadeempregorj.com.br\/es\/grupo-ovd-33-vagas-de-emprego-abertas-veja-regiao\/","title":{"rendered":"Grupo OVD: 33 vagas de emprego abertas; veja regi\u00e3o"},"content":{"rendered":"<p>O <strong>Grupo OVD<\/strong>, um dos maiores distribuidores atacadistas de ferragens, ferramentas, m\u00e1quinas e equipamentos do Brasil, est\u00e1 ofertando 33 vagas de emprego em diversas regi\u00f5es do pa\u00eds. Se voc\u00ea deseja fazer parte de uma empresa s\u00f3lida, com mais de 50 anos de mercado, esta pode ser a chance que voc\u00ea esperava.<\/p>\n\n\n\n<figure class=\"wp-block-image size-full is-resized\"><img loading=\"lazy\" decoding=\"async\" width=\"686\" height=\"386\" src=\"https:\/\/www.vagadeempregorj.com.br\/wp-content\/uploads\/2025\/02\/image-12.png\" alt=\"\" class=\"wp-image-42503\" style=\"width:840px;height:auto\" srcset=\"https:\/\/www.vagadeempregorj.com.br\/wp-content\/uploads\/2025\/02\/image-12.png 686w, https:\/\/www.vagadeempregorj.com.br\/wp-content\/uploads\/2025\/02\/image-12-300x169.png 300w, https:\/\/www.vagadeempregorj.com.br\/wp-content\/uploads\/2025\/02\/image-12-383x215.png 383w, https:\/\/www.vagadeempregorj.com.br\/wp-content\/uploads\/2025\/02\/image-12-150x84.png 150w\" sizes=\"auto, (max-width: 686px) 100vw, 686px\" \/><\/figure>\n\n\n\n<h2 class=\"wp-block-heading\">Quais s\u00e3o as oportunidades de carreira no Grupo OVD?<\/h2>\n\n\n\n<p>O Grupo OVD valoriza a diversidade de talentos e disponibiliza oportunidades em diferentes \u00e1reas e localidades. A seguir, apresentamos algumas das vagas dispon\u00edveis:<\/p>\n\n\n\n<h3 class=\"wp-block-heading\">Administrador de grandes contas \u2013 S\u00e3o Paulo, SP<\/h3>\n\n\n\n<p>Voc\u00ea tem habilidade em gerenciar relacionamentos com clientes estrat\u00e9gicos? Nesta fun\u00e7\u00e3o, voc\u00ea ser\u00e1 respons\u00e1vel por manter e expandir parcerias com grandes contas, garantindo a satisfa\u00e7\u00e3o e fideliza\u00e7\u00e3o dos clientes. \u00c9 essencial possuir experi\u00eancia na \u00e1rea comercial e excelente capacidade de negocia\u00e7\u00e3o.<\/p>\n\n\n\n<h3 class=\"wp-block-heading\">Analista de escrita fiscal \u2013 Curitiba, PR<\/h3>\n\n\n\n<p>Se voc\u00ea \u00e9 detalhista e tem conhecimento em legisla\u00e7\u00e3o tribut\u00e1ria, esta vaga pode ser ideal. O analista de escrita fiscal ser\u00e1 respons\u00e1vel por assegurar que todas as obriga\u00e7\u00f5es fiscais da empresa estejam em conformidade com as normas vigentes, realizando escritura\u00e7\u00e3o fiscal e apura\u00e7\u00e3o de impostos.<\/p>\n\n\n\n<h3 class=\"wp-block-heading\">Assistente de com\u00e9rcio exterior \u2013 Curitiba, PR<\/h3>\n\n\n\n<p>Para quem tem interesse em opera\u00e7\u00f5es internacionais, esta fun\u00e7\u00e3o oferece a oportunidade de auxiliar nos processos de importa\u00e7\u00e3o e exporta\u00e7\u00e3o, acompanhando tr\u00e2mites alfandeg\u00e1rios e garantindo o cumprimento das regulamenta\u00e7\u00f5es internacionais.<\/p>\n\n\n\n<h3 class=\"wp-block-heading\">Auxiliar de escrit\u00f3rio \u2013 Curitiba, PR<\/h3>\n\n\n\n<p>Se voc\u00ea \u00e9 organizado e gosta de rotinas administrativas, esta vaga envolve atividades como atendimento telef\u00f4nico, controle de documentos e suporte \u00e0s demais \u00e1reas da empresa.<\/p>\n\n\n\n<h3 class=\"wp-block-heading\">Auxiliar de log\u00edstica \u2013 Diversas localidades<\/h3>\n\n\n\n<p>Para aqueles que desejam atuar na \u00e1rea log\u00edstica, o Grupo OVD oferece vagas em Aparecida de Goi\u00e2nia (GO), Jundia\u00ed (SP), Itaja\u00ed (SC), Betim (MG) e Curitiba (PR). As responsabilidades incluem o controle de estoque, separa\u00e7\u00e3o de pedidos e apoio nas atividades de armazenagem e distribui\u00e7\u00e3o.<\/p>\n\n\n\n<h3 class=\"wp-block-heading\">Auxiliar de log\u00edstica \u2013 PCD \u2013 Diversas localidades<\/h3>\n\n\n\n<p>O Grupo valoriza a inclus\u00e3o e disponibiliza vagas para pessoas com defici\u00eancia nas \u00e1reas de log\u00edstica em Betim (MG) e Aparecida de Goi\u00e2nia (GO). As atividades s\u00e3o similares \u00e0s descritas anteriormente, com foco na acessibilidade e integra\u00e7\u00e3o dos colaboradores.<\/p>\n\n\n\n<h3 class=\"wp-block-heading\">Coordenador de log\u00edstica \u2013 Jundia\u00ed, SP<\/h3>\n\n\n\n<p>Voc\u00ea tem experi\u00eancia em coordenar opera\u00e7\u00f5es log\u00edsticas? Nesta fun\u00e7\u00e3o, voc\u00ea ser\u00e1 respons\u00e1vel por supervisionar e otimizar processos de armazenamento, distribui\u00e7\u00e3o e transporte, garantindo efici\u00eancia e pontualidade nas entregas. \u00c9 necess\u00e1rio ter habilidades de lideran\u00e7a e conhecimento em gest\u00e3o de cadeia de suprimentos.<\/p>\n\n\n\n<h3 class=\"wp-block-heading\">Auxiliar de recebimento (Carga e descarga) \u2013 Itaja\u00ed, SC<\/h3>\n\n\n\n<p>Se voc\u00ea \u00e9 proativo e est\u00e1 disposto a trabalhar com movimenta\u00e7\u00e3o de mercadorias, esta oportunidade pode ser ideal. As responsabilidades incluem realizar cargas e descargas manuais de mercadorias de cont\u00eaineres e carretas, assegurando que os produtos sejam manuseados com cuidado e armazenados corretamente.<\/p>\n\n\n\n<h3 class=\"wp-block-heading\">Vendedor(a) interno(a) \u2013 Curitiba, PR<\/h3>\n\n\n\n<p>Voc\u00ea \u00e9 comunicativo e tem talento para vendas? Como vendedor(a) interno(a), voc\u00ea ser\u00e1 respons\u00e1vel por prospectar novos clientes, realizar vendas ativas, enviar propostas e or\u00e7amentos, al\u00e9m de orientar os clientes sobre as especifica\u00e7\u00f5es dos produtos. Experi\u00eancia na \u00e1rea comercial e habilidades de negocia\u00e7\u00e3o s\u00e3o essenciais.<\/p>\n\n\n\n<h2 class=\"wp-block-heading\">Como se candidatar?<\/h2>\n\n\n\n<p>Interessado em alguma das oportunidades mencionadas? O processo de candidatura \u00e9 simples e direto. Siga os passos abaixo para se inscrever:<\/p>\n\n\n\n<ul class=\"wp-block-list\">\n<li>Acesse a p\u00e1gina de carreiras: <strong>https:\/\/ovd.gupy.io\/<\/strong><\/li>\n\n\n\n<li>Navegue pelas vagas dispon\u00edveis e escolha a que mais se alinha ao seu perfil.<\/li>\n\n\n\n<li>Clique na vaga desejada para obter mais detalhes sobre as responsabilidades e requisitos.<\/li>\n\n\n\n<li>Caso se identifique com a oportunidade, clique em &#8220;Candidatar-se para a vaga&#8221;.<\/li>\n\n\n\n<li>Preencha o formul\u00e1rio com suas informa\u00e7\u00f5es pessoais, experi\u00eancias profissionais e anexe seu curr\u00edculo atualizado.<\/li>\n\n\n\n<li>Envie sua candidatura e aguarde o contato da equipe de recrutamento.<\/li>\n<\/ul>\n\n\n\n<p>Lembre-se de que o Grupo OVD n\u00e3o solicita qualquer pagamento para a realiza\u00e7\u00e3o de processos seletivos ou exames admissionais, nem exige participa\u00e7\u00e3o em cursos de capacita\u00e7\u00e3o durante o processo seletivo. Fique atento a poss\u00edveis tentativas de fraude.<\/p>\n\n\n\n<p><strong>Veja tamb\u00e9m: <a href=\"https:\/\/www.vagadeempregorj.com.br\/es\/telemont-263-vagas-de-emprego-pelo-pais\/\">TELEMONT: 263 vagas de emprego pelo pa\u00eds<\/a><\/strong><\/p>\n\n\n\n<p>20 de fevereiro de 2025<\/p>","protected":false},"excerpt":{"rendered":"<p>O Grupo OVD, um dos maiores distribuidores atacadistas de ferragens, ferramentas, m\u00e1quinas e equipamentos do Brasil, est\u00e1 ofertando 33 vagas de emprego em diversas regi\u00f5es do pa\u00eds. Se voc\u00ea deseja fazer parte de uma empresa s\u00f3lida, com mais de 50 anos de mercado, esta pode ser a chance que voc\u00ea esperava. Quais s\u00e3o as oportunidades&hellip;&nbsp;<\/p>","protected":false},"author":16,"featured_media":42503,"comment_status":"closed","ping_status":"closed","sticky":false,"template":"","format":"standard","meta":{"neve_meta_sidebar":"","neve_meta_container":"","neve_meta_enable_content_width":"","neve_meta_content_width":0,"neve_meta_title_alignment":"","neve_meta_author_avatar":"","neve_post_elements_order":"","neve_meta_disable_header":"","neve_meta_disable_footer":"","neve_meta_disable_title":"","footnotes":""},"categories":[123],"tags":[],"class_list":["post-42486","post","type-post","status-publish","format-standard","has-post-thumbnail","hentry","category-vagas-de-emprego-nacionais"],"yoast_head":"<!-- This site is optimized with the Yoast SEO plugin v27.5 - https:\/\/yoast.com\/product\/yoast-seo-wordpress\/ -->\n<title>Grupo OVD: 33 vagas de emprego abertas; veja regi\u00e3o -<\/title>\n<meta name=\"description\" content=\"Veja em Vagas de Emprego RJ as vagas de emprego com e sem experi\u00eancia no seu Estado e Regi\u00e3o!\" \/>\n<meta name=\"robots\" content=\"index, follow, max-snippet:-1, max-image-preview:large, max-video-preview:-1\" \/>\n<link rel=\"canonical\" href=\"https:\/\/www.vagadeempregorj.com.br\/es\/grupo-ovd-33-vagas-de-emprego-abertas-veja-regiao\/\" \/>\n<meta property=\"og:locale\" content=\"es_MX\" \/>\n<meta property=\"og:type\" content=\"article\" \/>\n<meta property=\"og:title\" content=\"Grupo OVD: 33 vagas de emprego abertas; veja regi\u00e3o -\" \/>\n<meta property=\"og:description\" content=\"Veja em Vagas de Emprego RJ as vagas de emprego com e sem experi\u00eancia no seu Estado e Regi\u00e3o!\" \/>\n<meta property=\"og:url\" content=\"https:\/\/www.vagadeempregorj.com.br\/es\/grupo-ovd-33-vagas-de-emprego-abertas-veja-regiao\/\" \/>\n<meta property=\"article:publisher\" content=\"https:\/\/www.facebook.com\/empregobrasiloficial\" \/>\n<meta property=\"article:published_time\" content=\"2025-02-20T09:00:00+00:00\" \/>\n<meta property=\"og:image\" content=\"https:\/\/www.vagadeempregorj.com.br\/wp-content\/uploads\/2025\/02\/image-12.png\" \/>\n\t<meta property=\"og:image:width\" content=\"686\" \/>\n\t<meta property=\"og:image:height\" content=\"386\" \/>\n\t<meta property=\"og:image:type\" content=\"image\/png\" \/>\n<meta name=\"author\" content=\"Michele\" \/>\n<meta name=\"twitter:card\" content=\"summary_large_image\" \/>\n<meta name=\"twitter:label1\" content=\"Written by\" \/>\n\t<meta name=\"twitter:data1\" content=\"Michele\" \/>\n\t<meta name=\"twitter:label2\" content=\"Est. reading time\" \/>\n\t<meta name=\"twitter:data2\" content=\"4 minutos\" \/>\n<script type=\"application\/ld+json\" class=\"yoast-schema-graph\">{\"@context\":\"https:\\\/\\\/schema.org\",\"@graph\":[{\"@type\":\"Article\",\"@id\":\"https:\\\/\\\/www.vagadeempregorj.com.br\\\/grupo-ovd-33-vagas-de-emprego-abertas-veja-regiao\\\/#article\",\"isPartOf\":{\"@id\":\"https:\\\/\\\/www.vagadeempregorj.com.br\\\/grupo-ovd-33-vagas-de-emprego-abertas-veja-regiao\\\/\"},\"author\":{\"name\":\"Michele\",\"@id\":\"https:\\\/\\\/www.vagadeempregorj.com.br\\\/#\\\/schema\\\/person\\\/3ddb19fa0539706786e502152f3aae95\"},\"headline\":\"Grupo OVD: 33 vagas de emprego abertas; veja regi\u00e3o\",\"datePublished\":\"2025-02-20T09:00:00+00:00\",\"mainEntityOfPage\":{\"@id\":\"https:\\\/\\\/www.vagadeempregorj.com.br\\\/grupo-ovd-33-vagas-de-emprego-abertas-veja-regiao\\\/\"},\"wordCount\":715,\"image\":{\"@id\":\"https:\\\/\\\/www.vagadeempregorj.com.br\\\/grupo-ovd-33-vagas-de-emprego-abertas-veja-regiao\\\/#primaryimage\"},\"thumbnailUrl\":\"https:\\\/\\\/www.vagadeempregorj.com.br\\\/wp-content\\\/uploads\\\/2025\\\/02\\\/image-12.png\",\"articleSection\":[\"Vagas de Emprego Nacionais\"],\"inLanguage\":\"es\"},{\"@type\":\"WebPage\",\"@id\":\"https:\\\/\\\/www.vagadeempregorj.com.br\\\/grupo-ovd-33-vagas-de-emprego-abertas-veja-regiao\\\/\",\"url\":\"https:\\\/\\\/www.vagadeempregorj.com.br\\\/grupo-ovd-33-vagas-de-emprego-abertas-veja-regiao\\\/\",\"name\":\"Grupo OVD: 33 vagas de emprego abertas; veja regi\u00e3o -\",\"isPartOf\":{\"@id\":\"https:\\\/\\\/www.vagadeempregorj.com.br\\\/#website\"},\"primaryImageOfPage\":{\"@id\":\"https:\\\/\\\/www.vagadeempregorj.com.br\\\/grupo-ovd-33-vagas-de-emprego-abertas-veja-regiao\\\/#primaryimage\"},\"image\":{\"@id\":\"https:\\\/\\\/www.vagadeempregorj.com.br\\\/grupo-ovd-33-vagas-de-emprego-abertas-veja-regiao\\\/#primaryimage\"},\"thumbnailUrl\":\"https:\\\/\\\/www.vagadeempregorj.com.br\\\/wp-content\\\/uploads\\\/2025\\\/02\\\/image-12.png\",\"datePublished\":\"2025-02-20T09:00:00+00:00\",\"author\":{\"@id\":\"https:\\\/\\\/www.vagadeempregorj.com.br\\\/#\\\/schema\\\/person\\\/3ddb19fa0539706786e502152f3aae95\"},\"description\":\"Veja em Vagas de Emprego RJ as vagas de emprego com e sem experi\u00eancia no seu Estado e Regi\u00e3o!\",\"breadcrumb\":{\"@id\":\"https:\\\/\\\/www.vagadeempregorj.com.br\\\/grupo-ovd-33-vagas-de-emprego-abertas-veja-regiao\\\/#breadcrumb\"},\"inLanguage\":\"es\",\"potentialAction\":[{\"@type\":\"ReadAction\",\"target\":[\"https:\\\/\\\/www.vagadeempregorj.com.br\\\/grupo-ovd-33-vagas-de-emprego-abertas-veja-regiao\\\/\"]}]},{\"@type\":\"ImageObject\",\"inLanguage\":\"es\",\"@id\":\"https:\\\/\\\/www.vagadeempregorj.com.br\\\/grupo-ovd-33-vagas-de-emprego-abertas-veja-regiao\\\/#primaryimage\",\"url\":\"https:\\\/\\\/www.vagadeempregorj.com.br\\\/wp-content\\\/uploads\\\/2025\\\/02\\\/image-12.png\",\"contentUrl\":\"https:\\\/\\\/www.vagadeempregorj.com.br\\\/wp-content\\\/uploads\\\/2025\\\/02\\\/image-12.png\",\"width\":686,\"height\":386},{\"@type\":\"BreadcrumbList\",\"@id\":\"https:\\\/\\\/www.vagadeempregorj.com.br\\\/grupo-ovd-33-vagas-de-emprego-abertas-veja-regiao\\\/#breadcrumb\",\"itemListElement\":[{\"@type\":\"ListItem\",\"position\":1,\"name\":\"In\u00edcio\",\"item\":\"https:\\\/\\\/www.vagadeempregorj.com.br\\\/\"},{\"@type\":\"ListItem\",\"position\":2,\"name\":\"Vagas de Emprego Nacionais\",\"item\":\"https:\\\/\\\/www.vagadeempregorj.com.br\\\/vagas-de-emprego-nacionais\\\/\"},{\"@type\":\"ListItem\",\"position\":3,\"name\":\"Grupo OVD: 33 vagas de emprego abertas; veja regi\u00e3o\"}]},{\"@type\":\"WebSite\",\"@id\":\"https:\\\/\\\/www.vagadeempregorj.com.br\\\/#website\",\"url\":\"https:\\\/\\\/www.vagadeempregorj.com.br\\\/\",\"name\":\"\",\"description\":\"Conquiste Sonhos: Vagas, Benef\u00edcios e Economia para Transformar Vidas e Alcan\u00e7ar Melhorias Cotidianas\",\"potentialAction\":[{\"@type\":\"SearchAction\",\"target\":{\"@type\":\"EntryPoint\",\"urlTemplate\":\"https:\\\/\\\/www.vagadeempregorj.com.br\\\/?s={search_term_string}\"},\"query-input\":{\"@type\":\"PropertyValueSpecification\",\"valueRequired\":true,\"valueName\":\"search_term_string\"}}],\"inLanguage\":\"es\"},{\"@type\":\"Person\",\"@id\":\"https:\\\/\\\/www.vagadeempregorj.com.br\\\/#\\\/schema\\\/person\\\/3ddb19fa0539706786e502152f3aae95\",\"name\":\"Michele\",\"image\":{\"@type\":\"ImageObject\",\"inLanguage\":\"es\",\"@id\":\"https:\\\/\\\/secure.gravatar.com\\\/avatar\\\/6b0eb9d22841282815e2cd856a0061c45e1761cd54b22e952d98c4746939aa85?s=96&r=g\",\"url\":\"https:\\\/\\\/secure.gravatar.com\\\/avatar\\\/6b0eb9d22841282815e2cd856a0061c45e1761cd54b22e952d98c4746939aa85?s=96&r=g\",\"contentUrl\":\"https:\\\/\\\/secure.gravatar.com\\\/avatar\\\/6b0eb9d22841282815e2cd856a0061c45e1761cd54b22e952d98c4746939aa85?s=96&r=g\",\"caption\":\"Michele\"},\"description\":\"Formada em Letras - Portugu\u00eas\\\/ Ingl\u00eas, e idealizadora do site Escritora de Sucesso, busca expandir o conhecimento de todos com informa\u00e7\u00f5es relevantes sobre diversos assuntos, enquanto redatora. No Vaga de Emprego RJ, traz oportunidades e dicas sobre o mercado de trabalho.\",\"url\":\"https:\\\/\\\/www.vagadeempregorj.com.br\\\/es\\\/author\\\/michele\\\/\"}]}<\/script>\n<!-- \/ Yoast SEO plugin. -->","yoast_head_json":{"title":"Grupo OVD: 33 vagas de emprego abertas; veja regi\u00e3o -","description":"Veja em Vagas de Emprego RJ as vagas de emprego com e sem experi\u00eancia no seu Estado e Regi\u00e3o!","robots":{"index":"index","follow":"follow","max-snippet":"max-snippet:-1","max-image-preview":"max-image-preview:large","max-video-preview":"max-video-preview:-1"},"canonical":"https:\/\/www.vagadeempregorj.com.br\/es\/grupo-ovd-33-vagas-de-emprego-abertas-veja-regiao\/","og_locale":"es_MX","og_type":"article","og_title":"Grupo OVD: 33 vagas de emprego abertas; veja regi\u00e3o -","og_description":"Veja em Vagas de Emprego RJ as vagas de emprego com e sem experi\u00eancia no seu Estado e Regi\u00e3o!","og_url":"https:\/\/www.vagadeempregorj.com.br\/es\/grupo-ovd-33-vagas-de-emprego-abertas-veja-regiao\/","article_publisher":"https:\/\/www.facebook.com\/empregobrasiloficial","article_published_time":"2025-02-20T09:00:00+00:00","og_image":[{"width":686,"height":386,"url":"https:\/\/www.vagadeempregorj.com.br\/wp-content\/uploads\/2025\/02\/image-12.png","type":"image\/png"}],"author":"Michele","twitter_card":"summary_large_image","twitter_misc":{"Written by":"Michele","Est. reading time":"4 minutos"},"schema":{"@context":"https:\/\/schema.org","@graph":[{"@type":"Article","@id":"https:\/\/www.vagadeempregorj.com.br\/grupo-ovd-33-vagas-de-emprego-abertas-veja-regiao\/#article","isPartOf":{"@id":"https:\/\/www.vagadeempregorj.com.br\/grupo-ovd-33-vagas-de-emprego-abertas-veja-regiao\/"},"author":{"name":"Michele","@id":"https:\/\/www.vagadeempregorj.com.br\/#\/schema\/person\/3ddb19fa0539706786e502152f3aae95"},"headline":"Grupo OVD: 33 vagas de emprego abertas; veja regi\u00e3o","datePublished":"2025-02-20T09:00:00+00:00","mainEntityOfPage":{"@id":"https:\/\/www.vagadeempregorj.com.br\/grupo-ovd-33-vagas-de-emprego-abertas-veja-regiao\/"},"wordCount":715,"image":{"@id":"https:\/\/www.vagadeempregorj.com.br\/grupo-ovd-33-vagas-de-emprego-abertas-veja-regiao\/#primaryimage"},"thumbnailUrl":"https:\/\/www.vagadeempregorj.com.br\/wp-content\/uploads\/2025\/02\/image-12.png","articleSection":["Vagas de Emprego Nacionais"],"inLanguage":"es"},{"@type":"WebPage","@id":"https:\/\/www.vagadeempregorj.com.br\/grupo-ovd-33-vagas-de-emprego-abertas-veja-regiao\/","url":"https:\/\/www.vagadeempregorj.com.br\/grupo-ovd-33-vagas-de-emprego-abertas-veja-regiao\/","name":"Grupo OVD: 33 vagas de emprego abertas; veja regi\u00e3o -","isPartOf":{"@id":"https:\/\/www.vagadeempregorj.com.br\/#website"},"primaryImageOfPage":{"@id":"https:\/\/www.vagadeempregorj.com.br\/grupo-ovd-33-vagas-de-emprego-abertas-veja-regiao\/#primaryimage"},"image":{"@id":"https:\/\/www.vagadeempregorj.com.br\/grupo-ovd-33-vagas-de-emprego-abertas-veja-regiao\/#primaryimage"},"thumbnailUrl":"https:\/\/www.vagadeempregorj.com.br\/wp-content\/uploads\/2025\/02\/image-12.png","datePublished":"2025-02-20T09:00:00+00:00","author":{"@id":"https:\/\/www.vagadeempregorj.com.br\/#\/schema\/person\/3ddb19fa0539706786e502152f3aae95"},"description":"Veja em Vagas de Emprego RJ as vagas de emprego com e sem experi\u00eancia no seu Estado e Regi\u00e3o!","breadcrumb":{"@id":"https:\/\/www.vagadeempregorj.com.br\/grupo-ovd-33-vagas-de-emprego-abertas-veja-regiao\/#breadcrumb"},"inLanguage":"es","potentialAction":[{"@type":"ReadAction","target":["https:\/\/www.vagadeempregorj.com.br\/grupo-ovd-33-vagas-de-emprego-abertas-veja-regiao\/"]}]},{"@type":"ImageObject","inLanguage":"es","@id":"https:\/\/www.vagadeempregorj.com.br\/grupo-ovd-33-vagas-de-emprego-abertas-veja-regiao\/#primaryimage","url":"https:\/\/www.vagadeempregorj.com.br\/wp-content\/uploads\/2025\/02\/image-12.png","contentUrl":"https:\/\/www.vagadeempregorj.com.br\/wp-content\/uploads\/2025\/02\/image-12.png","width":686,"height":386},{"@type":"BreadcrumbList","@id":"https:\/\/www.vagadeempregorj.com.br\/grupo-ovd-33-vagas-de-emprego-abertas-veja-regiao\/#breadcrumb","itemListElement":[{"@type":"ListItem","position":1,"name":"In\u00edcio","item":"https:\/\/www.vagadeempregorj.com.br\/"},{"@type":"ListItem","position":2,"name":"Vagas de Emprego Nacionais","item":"https:\/\/www.vagadeempregorj.com.br\/vagas-de-emprego-nacionais\/"},{"@type":"ListItem","position":3,"name":"Grupo OVD: 33 vagas de emprego abertas; veja regi\u00e3o"}]},{"@type":"WebSite","@id":"https:\/\/www.vagadeempregorj.com.br\/#website","url":"https:\/\/www.vagadeempregorj.com.br\/","name":"","description":"Conquiste Sonhos: Vagas, Benef\u00edcios e Economia para Transformar Vidas e Alcan\u00e7ar Melhorias Cotidianas","potentialAction":[{"@type":"SearchAction","target":{"@type":"EntryPoint","urlTemplate":"https:\/\/www.vagadeempregorj.com.br\/?s={search_term_string}"},"query-input":{"@type":"PropertyValueSpecification","valueRequired":true,"valueName":"search_term_string"}}],"inLanguage":"es"},{"@type":"Person","@id":"https:\/\/www.vagadeempregorj.com.br\/#\/schema\/person\/3ddb19fa0539706786e502152f3aae95","name":"Michele","image":{"@type":"ImageObject","inLanguage":"es","@id":"https:\/\/secure.gravatar.com\/avatar\/6b0eb9d22841282815e2cd856a0061c45e1761cd54b22e952d98c4746939aa85?s=96&r=g","url":"https:\/\/secure.gravatar.com\/avatar\/6b0eb9d22841282815e2cd856a0061c45e1761cd54b22e952d98c4746939aa85?s=96&r=g","contentUrl":"https:\/\/secure.gravatar.com\/avatar\/6b0eb9d22841282815e2cd856a0061c45e1761cd54b22e952d98c4746939aa85?s=96&r=g","caption":"Michele"},"description":"Formada em Letras - Portugu\u00eas\/ Ingl\u00eas, e idealizadora do site Escritora de Sucesso, busca expandir o conhecimento de todos com informa\u00e7\u00f5es relevantes sobre diversos assuntos, enquanto redatora. No Vaga de Emprego RJ, traz oportunidades e dicas sobre o mercado de trabalho.","url":"https:\/\/www.vagadeempregorj.com.br\/es\/author\/michele\/"}]}},"_links":{"self":[{"href":"https:\/\/www.vagadeempregorj.com.br\/es\/wp-json\/wp\/v2\/posts\/42486","targetHints":{"allow":["GET"]}}],"collection":[{"href":"https:\/\/www.vagadeempregorj.com.br\/es\/wp-json\/wp\/v2\/posts"}],"about":[{"href":"https:\/\/www.vagadeempregorj.com.br\/es\/wp-json\/wp\/v2\/types\/post"}],"author":[{"embeddable":true,"href":"https:\/\/www.vagadeempregorj.com.br\/es\/wp-json\/wp\/v2\/users\/16"}],"replies":[{"embeddable":true,"href":"https:\/\/www.vagadeempregorj.com.br\/es\/wp-json\/wp\/v2\/comments?post=42486"}],"version-history":[{"count":0,"href":"https:\/\/www.vagadeempregorj.com.br\/es\/wp-json\/wp\/v2\/posts\/42486\/revisions"}],"wp:featuredmedia":[{"embeddable":true,"href":"https:\/\/www.vagadeempregorj.com.br\/es\/wp-json\/wp\/v2\/media\/42503"}],"wp:attachment":[{"href":"https:\/\/www.vagadeempregorj.com.br\/es\/wp-json\/wp\/v2\/media?parent=42486"}],"wp:term":[{"taxonomy":"category","embeddable":true,"href":"https:\/\/www.vagadeempregorj.com.br\/es\/wp-json\/wp\/v2\/categories?post=42486"},{"taxonomy":"post_tag","embeddable":true,"href":"https:\/\/www.vagadeempregorj.com.br\/es\/wp-json\/wp\/v2\/tags?post=42486"}],"curies":[{"name":"wp","href":"https:\/\/api.w.org\/{rel}","templated":true}]}}