{"id":42520,"date":"2025-02-10T07:00:00","date_gmt":"2025-02-10T10:00:00","guid":{"rendered":"https:\/\/www.vagadeempregorj.com.br\/?p=42520"},"modified":"2025-02-08T02:21:49","modified_gmt":"2025-02-08T05:21:49","slug":"bolsa-familia-pode-ser-cancelado-entenda-o-que-pode-acontecer","status":"publish","type":"post","link":"https:\/\/www.vagadeempregorj.com.br\/es\/bolsa-familia-pode-ser-cancelado-entenda-o-que-pode-acontecer\/","title":{"rendered":"Bolsa Fam\u00edlia pode ser cancelado? Entenda o que pode acontecer"},"content":{"rendered":"<p>O Bolsa Fam\u00edlia pode ser cancelado sim, e isso acontece quando o benefici\u00e1rio n\u00e3o atende mais aos requisitos exigidos pelo programa. A principal causa de cancelamento \u00e9 a renda da fam\u00edlia ultrapassar o limite permitido.&nbsp;<\/p>\n\n\n\n<p>No entanto, existem outros motivos que podem levar \u00e0 perda do benef\u00edcio, como informa\u00e7\u00f5es desatualizadas no Cadastro \u00danico ou o n\u00e3o cumprimento de condicionalidades.&nbsp;<\/p>\n\n\n\n<figure class=\"wp-block-image size-full\"><img loading=\"lazy\" decoding=\"async\" width=\"1024\" height=\"576\" src=\"https:\/\/www.vagadeempregorj.com.br\/wp-content\/uploads\/2025\/02\/image-14.png\" alt=\"\" class=\"wp-image-42530\" srcset=\"https:\/\/www.vagadeempregorj.com.br\/wp-content\/uploads\/2025\/02\/image-14.png 1024w, https:\/\/www.vagadeempregorj.com.br\/wp-content\/uploads\/2025\/02\/image-14-300x169.png 300w, https:\/\/www.vagadeempregorj.com.br\/wp-content\/uploads\/2025\/02\/image-14-768x432.png 768w, https:\/\/www.vagadeempregorj.com.br\/wp-content\/uploads\/2025\/02\/image-14-383x215.png 383w, https:\/\/www.vagadeempregorj.com.br\/wp-content\/uploads\/2025\/02\/image-14-150x84.png 150w\" sizes=\"auto, (max-width: 1024px) 100vw, 1024px\" \/><figcaption class=\"wp-element-caption\">Bolsa Familia \u2013 Cr\u00e9ditos: depositphotos.com \/ joasouza<\/figcaption><\/figure>\n\n\n\n<h2 class=\"wp-block-heading\">Quais s\u00e3o os principais motivos para o cancelamento do Bolsa Fam\u00edlia?<\/h2>\n\n\n\n<p>V\u00e1rios fatores podem levar ao cancelamento do Bolsa Fam\u00edlia. Alguns s\u00e3o autom\u00e1ticos, enquanto outros dependem de fiscaliza\u00e7\u00e3o e revis\u00e3o cadastral. Veja os principais:<\/p>\n\n\n\n<h3 class=\"wp-block-heading\">1. Aumento da renda familiar<\/h3>\n\n\n\n<p>O Bolsa Fam\u00edlia \u00e9 destinado a fam\u00edlias que vivem em situa\u00e7\u00e3o de pobreza ou extrema pobreza. Se a renda per capita ultrapassar o limite de R$ 218 por pessoa, a fam\u00edlia pode perder o benef\u00edcio.<\/p>\n\n\n\n<h3 class=\"wp-block-heading\">2. Dados desatualizados no Cadastro \u00danico<\/h3>\n\n\n\n<p>O governo exige que os benefici\u00e1rios atualizem seus dados a cada dois anos ou sempre que houver mudan\u00e7as na composi\u00e7\u00e3o da fam\u00edlia, como nascimento, \u00f3bito ou mudan\u00e7a de endere\u00e7o. Caso isso n\u00e3o seja feito, o benef\u00edcio pode ser suspenso e, posteriormente, cancelado.<\/p>\n\n\n\n<h3 class=\"wp-block-heading\">3. Falta de cumprimento das condicionalidades<\/h3>\n\n\n\n<p>Para continuar recebendo o Bolsa Fam\u00edlia, as fam\u00edlias devem seguir algumas regras, como:<\/p>\n\n\n\n<ul class=\"wp-block-list\">\n<li>Crian\u00e7as e adolescentes entre 4 e 17 anos devem estar matriculados na escola e ter frequ\u00eancia m\u00ednima de 60% (para 4 e 5 anos) e 75% (para 6 a 17 anos);<\/li>\n\n\n\n<li>Gestantes devem fazer o acompanhamento pr\u00e9-natal;<\/li>\n\n\n\n<li>Crian\u00e7as menores de 7 anos precisam ter a caderneta de vacina\u00e7\u00e3o em dia;<\/li>\n\n\n\n<li>Mulheres entre 14 e 44 anos devem realizar o acompanhamento de sa\u00fade. Se essas obriga\u00e7\u00f5es n\u00e3o forem cumpridas, o benef\u00edcio pode ser bloqueado e, se a situa\u00e7\u00e3o persistir, pode ser cancelado.<\/li>\n<\/ul>\n\n\n\n<h3 class=\"wp-block-heading\">4. Informa\u00e7\u00f5es inconsistentes<\/h3>\n\n\n\n<p>Se forem identificadas informa\u00e7\u00f5es falsas ou inconsistentes no Cadastro \u00danico, o benef\u00edcio pode ser cancelado. Isso pode acontecer, por exemplo, se a fam\u00edlia omitir fontes de renda ou n\u00e3o informar uma mudan\u00e7a significativa na situa\u00e7\u00e3o econ\u00f4mica.<\/p>\n\n\n\n<h3 class=\"wp-block-heading\">5. Revis\u00e3o do governo<\/h3>\n\n\n\n<p>O governo realiza peri\u00f3dicas auditorias para verificar se os benef\u00edcios est\u00e3o sendo pagos corretamente. Se houver qualquer ind\u00edcio de irregularidade, o Bolsa Fam\u00edlia pode ser suspenso ou cancelado.<\/p>\n\n\n\n<h2 class=\"wp-block-heading\">Como evitar o cancelamento?<\/h2>\n\n\n\n<p>Evitar o cancelamento do Bolsa Fam\u00edlia requer aten\u00e7\u00e3o e acompanhamento constante. Aqui est\u00e3o algumas dicas fundamentais:<\/p>\n\n\n\n<ul class=\"wp-block-list\">\n<li><strong>Mantenha o Cadastro \u00danico atualizado<\/strong>: sempre que houver mudan\u00e7a na renda, na composi\u00e7\u00e3o familiar ou no endere\u00e7o, informe ao CRAS mais pr\u00f3ximo.<\/li>\n\n\n\n<li><strong>Cumpra as condicionalidades<\/strong>: garanta que as crian\u00e7as estejam na escola, acompanhe a sa\u00fade da fam\u00edlia e mantenha a vacina\u00e7\u00e3o em dia.<\/li>\n\n\n\n<li><strong>Acompanhe o status do benef\u00edcio<\/strong>: o aplicativo do Bolsa Fam\u00edlia e o portal do Cad\u00danico s\u00e3o \u00fateis para verificar eventuais pend\u00eancias.<\/li>\n<\/ul>\n\n\n\n<h2 class=\"wp-block-heading\">O que fazer se o Bolsa Fam\u00edlia for cancelado?<\/h2>\n\n\n\n<p>Se o benef\u00edcio foi cancelado e voc\u00ea acredita que foi um erro, procure o CRAS ou a prefeitura da sua cidade. Em alguns casos, \u00e9 poss\u00edvel recorrer e reverter a situa\u00e7\u00e3o. Leve seus documentos e explique o ocorrido para tentar regularizar o cadastro.<\/p>\n\n\n\n<p>Se o cancelamento ocorreu por aumento de renda, a fam\u00edlia pode verificar se tem direito ao retorno garantido. Esse mecanismo permite que fam\u00edlias que perderam o benef\u00edcio devido \u00e0 melhora na renda voltem a receb\u00ea-lo caso a situa\u00e7\u00e3o financeira piore novamente dentro de at\u00e9 24 meses.<\/p>\n\n\n\n<p>Al\u00e9m disso, \u00e9 sempre importante acompanhar as mudan\u00e7as nas regras do programa. O governo pode fazer ajustes nas exig\u00eancias e nos crit\u00e9rios de concess\u00e3o, ent\u00e3o fique atento aos comunicados oficiais. Dessa forma, voc\u00ea evita surpresas desagrad\u00e1veis e garante o acesso a esse suporte essencial.<\/p>\n\n\n\n<p>O Bolsa Fam\u00edlia \u00e9 um direito importante para milh\u00f5es de brasileiros, mas para mant\u00ea-lo, \u00e9 essencial estar atento \u00e0s regras. Se voc\u00ea segue todas as exig\u00eancias, dificilmente ter\u00e1 problemas com cancelamento. Fique de olho e garanta seu benef\u00edcio!<\/p>\n\n\n\n<p><strong>Veja tamb\u00e9m: <a href=\"https:\/\/www.vagadeempregorj.com.br\/es\/bolsa-familia-pode-ser-bloqueado-judicialmente-por-divida\/\">Bolsa Fam\u00edlia pode ser bloqueado judicialmente por d\u00edvida?<\/a><\/strong><\/p>\n\n\n\n<p>10 de fevereiro de 2025<\/p>","protected":false},"excerpt":{"rendered":"<p>O Bolsa Fam\u00edlia pode ser cancelado sim, e isso acontece quando o benefici\u00e1rio n\u00e3o atende mais aos requisitos exigidos pelo programa. A principal causa de cancelamento \u00e9 a renda da fam\u00edlia ultrapassar o limite permitido.&nbsp; No entanto, existem outros motivos que podem levar \u00e0 perda do benef\u00edcio, como informa\u00e7\u00f5es desatualizadas no Cadastro \u00danico ou o&hellip;&nbsp;<\/p>","protected":false},"author":16,"featured_media":42530,"comment_status":"closed","ping_status":"closed","sticky":false,"template":"","format":"standard","meta":{"neve_meta_sidebar":"","neve_meta_container":"","neve_meta_enable_content_width":"","neve_meta_content_width":0,"neve_meta_title_alignment":"","neve_meta_author_avatar":"","neve_post_elements_order":"","neve_meta_disable_header":"","neve_meta_disable_footer":"","neve_meta_disable_title":"","footnotes":""},"categories":[1],"tags":[],"class_list":["post-42520","post","type-post","status-publish","format-standard","has-post-thumbnail","hentry","category-beneficios-sociais"],"yoast_head":"<!-- This site is optimized with the Yoast SEO plugin v27.5 - https:\/\/yoast.com\/product\/yoast-seo-wordpress\/ -->\n<title>Bolsa Fam\u00edlia pode ser cancelado? Entenda o que pode acontecer -<\/title>\n<meta name=\"description\" content=\"Veja em Vagas de Emprego RJ as vagas de emprego com e sem experi\u00eancia no seu Estado e Regi\u00e3o!\" \/>\n<meta name=\"robots\" content=\"index, follow, max-snippet:-1, max-image-preview:large, max-video-preview:-1\" \/>\n<link rel=\"canonical\" href=\"https:\/\/www.vagadeempregorj.com.br\/es\/bolsa-familia-pode-ser-cancelado-entenda-o-que-pode-acontecer\/\" \/>\n<meta property=\"og:locale\" content=\"es_MX\" \/>\n<meta property=\"og:type\" content=\"article\" \/>\n<meta property=\"og:title\" content=\"Bolsa Fam\u00edlia pode ser cancelado? Entenda o que pode acontecer -\" \/>\n<meta property=\"og:description\" content=\"Veja em Vagas de Emprego RJ as vagas de emprego com e sem experi\u00eancia no seu Estado e Regi\u00e3o!\" \/>\n<meta property=\"og:url\" content=\"https:\/\/www.vagadeempregorj.com.br\/es\/bolsa-familia-pode-ser-cancelado-entenda-o-que-pode-acontecer\/\" \/>\n<meta property=\"article:publisher\" content=\"https:\/\/www.facebook.com\/empregobrasiloficial\" \/>\n<meta property=\"article:published_time\" content=\"2025-02-10T10:00:00+00:00\" \/>\n<meta property=\"og:image\" content=\"https:\/\/www.vagadeempregorj.com.br\/wp-content\/uploads\/2025\/02\/image-14.png\" \/>\n\t<meta property=\"og:image:width\" content=\"1024\" \/>\n\t<meta property=\"og:image:height\" content=\"576\" \/>\n\t<meta property=\"og:image:type\" content=\"image\/png\" \/>\n<meta name=\"author\" content=\"Michele\" \/>\n<meta name=\"twitter:card\" content=\"summary_large_image\" \/>\n<meta name=\"twitter:label1\" content=\"Escrito por\" \/>\n\t<meta name=\"twitter:data1\" content=\"Michele\" \/>\n\t<meta name=\"twitter:label2\" content=\"Tiempo de lectura\" \/>\n\t<meta name=\"twitter:data2\" content=\"4 minutos\" \/>\n<script type=\"application\/ld+json\" class=\"yoast-schema-graph\">{\"@context\":\"https:\\\/\\\/schema.org\",\"@graph\":[{\"@type\":\"Article\",\"@id\":\"https:\\\/\\\/www.vagadeempregorj.com.br\\\/bolsa-familia-pode-ser-cancelado-entenda-o-que-pode-acontecer\\\/#article\",\"isPartOf\":{\"@id\":\"https:\\\/\\\/www.vagadeempregorj.com.br\\\/bolsa-familia-pode-ser-cancelado-entenda-o-que-pode-acontecer\\\/\"},\"author\":{\"name\":\"Michele\",\"@id\":\"https:\\\/\\\/www.vagadeempregorj.com.br\\\/#\\\/schema\\\/person\\\/3ddb19fa0539706786e502152f3aae95\"},\"headline\":\"Bolsa Fam\u00edlia pode ser cancelado? Entenda o que pode acontecer\",\"datePublished\":\"2025-02-10T10:00:00+00:00\",\"mainEntityOfPage\":{\"@id\":\"https:\\\/\\\/www.vagadeempregorj.com.br\\\/bolsa-familia-pode-ser-cancelado-entenda-o-que-pode-acontecer\\\/\"},\"wordCount\":718,\"image\":{\"@id\":\"https:\\\/\\\/www.vagadeempregorj.com.br\\\/bolsa-familia-pode-ser-cancelado-entenda-o-que-pode-acontecer\\\/#primaryimage\"},\"thumbnailUrl\":\"https:\\\/\\\/www.vagadeempregorj.com.br\\\/wp-content\\\/uploads\\\/2025\\\/02\\\/image-14.png\",\"articleSection\":[\"Benef\u00edcios Sociais\"],\"inLanguage\":\"es\"},{\"@type\":\"WebPage\",\"@id\":\"https:\\\/\\\/www.vagadeempregorj.com.br\\\/bolsa-familia-pode-ser-cancelado-entenda-o-que-pode-acontecer\\\/\",\"url\":\"https:\\\/\\\/www.vagadeempregorj.com.br\\\/bolsa-familia-pode-ser-cancelado-entenda-o-que-pode-acontecer\\\/\",\"name\":\"Bolsa Fam\u00edlia pode ser cancelado? Entenda o que pode acontecer -\",\"isPartOf\":{\"@id\":\"https:\\\/\\\/www.vagadeempregorj.com.br\\\/#website\"},\"primaryImageOfPage\":{\"@id\":\"https:\\\/\\\/www.vagadeempregorj.com.br\\\/bolsa-familia-pode-ser-cancelado-entenda-o-que-pode-acontecer\\\/#primaryimage\"},\"image\":{\"@id\":\"https:\\\/\\\/www.vagadeempregorj.com.br\\\/bolsa-familia-pode-ser-cancelado-entenda-o-que-pode-acontecer\\\/#primaryimage\"},\"thumbnailUrl\":\"https:\\\/\\\/www.vagadeempregorj.com.br\\\/wp-content\\\/uploads\\\/2025\\\/02\\\/image-14.png\",\"datePublished\":\"2025-02-10T10:00:00+00:00\",\"author\":{\"@id\":\"https:\\\/\\\/www.vagadeempregorj.com.br\\\/#\\\/schema\\\/person\\\/3ddb19fa0539706786e502152f3aae95\"},\"description\":\"Veja em Vagas de Emprego RJ as vagas de emprego com e sem experi\u00eancia no seu Estado e Regi\u00e3o!\",\"breadcrumb\":{\"@id\":\"https:\\\/\\\/www.vagadeempregorj.com.br\\\/bolsa-familia-pode-ser-cancelado-entenda-o-que-pode-acontecer\\\/#breadcrumb\"},\"inLanguage\":\"es\",\"potentialAction\":[{\"@type\":\"ReadAction\",\"target\":[\"https:\\\/\\\/www.vagadeempregorj.com.br\\\/bolsa-familia-pode-ser-cancelado-entenda-o-que-pode-acontecer\\\/\"]}]},{\"@type\":\"ImageObject\",\"inLanguage\":\"es\",\"@id\":\"https:\\\/\\\/www.vagadeempregorj.com.br\\\/bolsa-familia-pode-ser-cancelado-entenda-o-que-pode-acontecer\\\/#primaryimage\",\"url\":\"https:\\\/\\\/www.vagadeempregorj.com.br\\\/wp-content\\\/uploads\\\/2025\\\/02\\\/image-14.png\",\"contentUrl\":\"https:\\\/\\\/www.vagadeempregorj.com.br\\\/wp-content\\\/uploads\\\/2025\\\/02\\\/image-14.png\",\"width\":1024,\"height\":576},{\"@type\":\"BreadcrumbList\",\"@id\":\"https:\\\/\\\/www.vagadeempregorj.com.br\\\/bolsa-familia-pode-ser-cancelado-entenda-o-que-pode-acontecer\\\/#breadcrumb\",\"itemListElement\":[{\"@type\":\"ListItem\",\"position\":1,\"name\":\"In\u00edcio\",\"item\":\"https:\\\/\\\/www.vagadeempregorj.com.br\\\/\"},{\"@type\":\"ListItem\",\"position\":2,\"name\":\"Benef\u00edcios Sociais\",\"item\":\"https:\\\/\\\/www.vagadeempregorj.com.br\\\/beneficios-sociais\\\/\"},{\"@type\":\"ListItem\",\"position\":3,\"name\":\"Bolsa Fam\u00edlia pode ser cancelado? Entenda o que pode acontecer\"}]},{\"@type\":\"WebSite\",\"@id\":\"https:\\\/\\\/www.vagadeempregorj.com.br\\\/#website\",\"url\":\"https:\\\/\\\/www.vagadeempregorj.com.br\\\/\",\"name\":\"\",\"description\":\"Conquiste Sonhos: Vagas, Benef\u00edcios e Economia para Transformar Vidas e Alcan\u00e7ar Melhorias Cotidianas\",\"potentialAction\":[{\"@type\":\"SearchAction\",\"target\":{\"@type\":\"EntryPoint\",\"urlTemplate\":\"https:\\\/\\\/www.vagadeempregorj.com.br\\\/?s={search_term_string}\"},\"query-input\":{\"@type\":\"PropertyValueSpecification\",\"valueRequired\":true,\"valueName\":\"search_term_string\"}}],\"inLanguage\":\"es\"},{\"@type\":\"Person\",\"@id\":\"https:\\\/\\\/www.vagadeempregorj.com.br\\\/#\\\/schema\\\/person\\\/3ddb19fa0539706786e502152f3aae95\",\"name\":\"Michele\",\"image\":{\"@type\":\"ImageObject\",\"inLanguage\":\"es\",\"@id\":\"https:\\\/\\\/secure.gravatar.com\\\/avatar\\\/6b0eb9d22841282815e2cd856a0061c45e1761cd54b22e952d98c4746939aa85?s=96&r=g\",\"url\":\"https:\\\/\\\/secure.gravatar.com\\\/avatar\\\/6b0eb9d22841282815e2cd856a0061c45e1761cd54b22e952d98c4746939aa85?s=96&r=g\",\"contentUrl\":\"https:\\\/\\\/secure.gravatar.com\\\/avatar\\\/6b0eb9d22841282815e2cd856a0061c45e1761cd54b22e952d98c4746939aa85?s=96&r=g\",\"caption\":\"Michele\"},\"description\":\"Formada em Letras - Portugu\u00eas\\\/ Ingl\u00eas, e idealizadora do site Escritora de Sucesso, busca expandir o conhecimento de todos com informa\u00e7\u00f5es relevantes sobre diversos assuntos, enquanto redatora. No Vaga de Emprego RJ, traz oportunidades e dicas sobre o mercado de trabalho.\",\"url\":\"https:\\\/\\\/www.vagadeempregorj.com.br\\\/es\\\/author\\\/michele\\\/\"}]}<\/script>\n<!-- \/ Yoast SEO plugin. -->","yoast_head_json":{"title":"Bolsa Fam\u00edlia pode ser cancelado? Entenda o que pode acontecer -","description":"Veja em Vagas de Emprego RJ as vagas de emprego com e sem experi\u00eancia no seu Estado e Regi\u00e3o!","robots":{"index":"index","follow":"follow","max-snippet":"max-snippet:-1","max-image-preview":"max-image-preview:large","max-video-preview":"max-video-preview:-1"},"canonical":"https:\/\/www.vagadeempregorj.com.br\/es\/bolsa-familia-pode-ser-cancelado-entenda-o-que-pode-acontecer\/","og_locale":"es_MX","og_type":"article","og_title":"Bolsa Fam\u00edlia pode ser cancelado? Entenda o que pode acontecer -","og_description":"Veja em Vagas de Emprego RJ as vagas de emprego com e sem experi\u00eancia no seu Estado e Regi\u00e3o!","og_url":"https:\/\/www.vagadeempregorj.com.br\/es\/bolsa-familia-pode-ser-cancelado-entenda-o-que-pode-acontecer\/","article_publisher":"https:\/\/www.facebook.com\/empregobrasiloficial","article_published_time":"2025-02-10T10:00:00+00:00","og_image":[{"width":1024,"height":576,"url":"https:\/\/www.vagadeempregorj.com.br\/wp-content\/uploads\/2025\/02\/image-14.png","type":"image\/png"}],"author":"Michele","twitter_card":"summary_large_image","twitter_misc":{"Escrito por":"Michele","Tiempo de lectura":"4 minutos"},"schema":{"@context":"https:\/\/schema.org","@graph":[{"@type":"Article","@id":"https:\/\/www.vagadeempregorj.com.br\/bolsa-familia-pode-ser-cancelado-entenda-o-que-pode-acontecer\/#article","isPartOf":{"@id":"https:\/\/www.vagadeempregorj.com.br\/bolsa-familia-pode-ser-cancelado-entenda-o-que-pode-acontecer\/"},"author":{"name":"Michele","@id":"https:\/\/www.vagadeempregorj.com.br\/#\/schema\/person\/3ddb19fa0539706786e502152f3aae95"},"headline":"Bolsa Fam\u00edlia pode ser cancelado? Entenda o que pode acontecer","datePublished":"2025-02-10T10:00:00+00:00","mainEntityOfPage":{"@id":"https:\/\/www.vagadeempregorj.com.br\/bolsa-familia-pode-ser-cancelado-entenda-o-que-pode-acontecer\/"},"wordCount":718,"image":{"@id":"https:\/\/www.vagadeempregorj.com.br\/bolsa-familia-pode-ser-cancelado-entenda-o-que-pode-acontecer\/#primaryimage"},"thumbnailUrl":"https:\/\/www.vagadeempregorj.com.br\/wp-content\/uploads\/2025\/02\/image-14.png","articleSection":["Benef\u00edcios Sociais"],"inLanguage":"es"},{"@type":"WebPage","@id":"https:\/\/www.vagadeempregorj.com.br\/bolsa-familia-pode-ser-cancelado-entenda-o-que-pode-acontecer\/","url":"https:\/\/www.vagadeempregorj.com.br\/bolsa-familia-pode-ser-cancelado-entenda-o-que-pode-acontecer\/","name":"Bolsa Fam\u00edlia pode ser cancelado? Entenda o que pode acontecer -","isPartOf":{"@id":"https:\/\/www.vagadeempregorj.com.br\/#website"},"primaryImageOfPage":{"@id":"https:\/\/www.vagadeempregorj.com.br\/bolsa-familia-pode-ser-cancelado-entenda-o-que-pode-acontecer\/#primaryimage"},"image":{"@id":"https:\/\/www.vagadeempregorj.com.br\/bolsa-familia-pode-ser-cancelado-entenda-o-que-pode-acontecer\/#primaryimage"},"thumbnailUrl":"https:\/\/www.vagadeempregorj.com.br\/wp-content\/uploads\/2025\/02\/image-14.png","datePublished":"2025-02-10T10:00:00+00:00","author":{"@id":"https:\/\/www.vagadeempregorj.com.br\/#\/schema\/person\/3ddb19fa0539706786e502152f3aae95"},"description":"Veja em Vagas de Emprego RJ as vagas de emprego com e sem experi\u00eancia no seu Estado e Regi\u00e3o!","breadcrumb":{"@id":"https:\/\/www.vagadeempregorj.com.br\/bolsa-familia-pode-ser-cancelado-entenda-o-que-pode-acontecer\/#breadcrumb"},"inLanguage":"es","potentialAction":[{"@type":"ReadAction","target":["https:\/\/www.vagadeempregorj.com.br\/bolsa-familia-pode-ser-cancelado-entenda-o-que-pode-acontecer\/"]}]},{"@type":"ImageObject","inLanguage":"es","@id":"https:\/\/www.vagadeempregorj.com.br\/bolsa-familia-pode-ser-cancelado-entenda-o-que-pode-acontecer\/#primaryimage","url":"https:\/\/www.vagadeempregorj.com.br\/wp-content\/uploads\/2025\/02\/image-14.png","contentUrl":"https:\/\/www.vagadeempregorj.com.br\/wp-content\/uploads\/2025\/02\/image-14.png","width":1024,"height":576},{"@type":"BreadcrumbList","@id":"https:\/\/www.vagadeempregorj.com.br\/bolsa-familia-pode-ser-cancelado-entenda-o-que-pode-acontecer\/#breadcrumb","itemListElement":[{"@type":"ListItem","position":1,"name":"In\u00edcio","item":"https:\/\/www.vagadeempregorj.com.br\/"},{"@type":"ListItem","position":2,"name":"Benef\u00edcios Sociais","item":"https:\/\/www.vagadeempregorj.com.br\/beneficios-sociais\/"},{"@type":"ListItem","position":3,"name":"Bolsa Fam\u00edlia pode ser cancelado? Entenda o que pode acontecer"}]},{"@type":"WebSite","@id":"https:\/\/www.vagadeempregorj.com.br\/#website","url":"https:\/\/www.vagadeempregorj.com.br\/","name":"","description":"Haz realidad tus sue\u00f1os: Ofertas de empleo, beneficios y ahorros para transformar vidas y lograr mejoras cotidianas.","potentialAction":[{"@type":"SearchAction","target":{"@type":"EntryPoint","urlTemplate":"https:\/\/www.vagadeempregorj.com.br\/?s={search_term_string}"},"query-input":{"@type":"PropertyValueSpecification","valueRequired":true,"valueName":"search_term_string"}}],"inLanguage":"es"},{"@type":"Person","@id":"https:\/\/www.vagadeempregorj.com.br\/#\/schema\/person\/3ddb19fa0539706786e502152f3aae95","name":"Michele","image":{"@type":"ImageObject","inLanguage":"es","@id":"https:\/\/secure.gravatar.com\/avatar\/6b0eb9d22841282815e2cd856a0061c45e1761cd54b22e952d98c4746939aa85?s=96&r=g","url":"https:\/\/secure.gravatar.com\/avatar\/6b0eb9d22841282815e2cd856a0061c45e1761cd54b22e952d98c4746939aa85?s=96&r=g","contentUrl":"https:\/\/secure.gravatar.com\/avatar\/6b0eb9d22841282815e2cd856a0061c45e1761cd54b22e952d98c4746939aa85?s=96&r=g","caption":"Michele"},"description":"Formada em Letras - Portugu\u00eas\/ Ingl\u00eas, e idealizadora do site Escritora de Sucesso, busca expandir o conhecimento de todos com informa\u00e7\u00f5es relevantes sobre diversos assuntos, enquanto redatora. No Vaga de Emprego RJ, traz oportunidades e dicas sobre o mercado de trabalho.","url":"https:\/\/www.vagadeempregorj.com.br\/es\/author\/michele\/"}]}},"_links":{"self":[{"href":"https:\/\/www.vagadeempregorj.com.br\/es\/wp-json\/wp\/v2\/posts\/42520","targetHints":{"allow":["GET"]}}],"collection":[{"href":"https:\/\/www.vagadeempregorj.com.br\/es\/wp-json\/wp\/v2\/posts"}],"about":[{"href":"https:\/\/www.vagadeempregorj.com.br\/es\/wp-json\/wp\/v2\/types\/post"}],"author":[{"embeddable":true,"href":"https:\/\/www.vagadeempregorj.com.br\/es\/wp-json\/wp\/v2\/users\/16"}],"replies":[{"embeddable":true,"href":"https:\/\/www.vagadeempregorj.com.br\/es\/wp-json\/wp\/v2\/comments?post=42520"}],"version-history":[{"count":0,"href":"https:\/\/www.vagadeempregorj.com.br\/es\/wp-json\/wp\/v2\/posts\/42520\/revisions"}],"wp:featuredmedia":[{"embeddable":true,"href":"https:\/\/www.vagadeempregorj.com.br\/es\/wp-json\/wp\/v2\/media\/42530"}],"wp:attachment":[{"href":"https:\/\/www.vagadeempregorj.com.br\/es\/wp-json\/wp\/v2\/media?parent=42520"}],"wp:term":[{"taxonomy":"category","embeddable":true,"href":"https:\/\/www.vagadeempregorj.com.br\/es\/wp-json\/wp\/v2\/categories?post=42520"},{"taxonomy":"post_tag","embeddable":true,"href":"https:\/\/www.vagadeempregorj.com.br\/es\/wp-json\/wp\/v2\/tags?post=42520"}],"curies":[{"name":"wp","href":"https:\/\/api.w.org\/{rel}","templated":true}]}}