{"id":42522,"date":"2025-02-11T07:00:00","date_gmt":"2025-02-11T10:00:00","guid":{"rendered":"https:\/\/www.vagadeempregorj.com.br\/?p=42522"},"modified":"2025-02-08T02:23:09","modified_gmt":"2025-02-08T05:23:09","slug":"auxilio-gas-2025-veja-se-voce-tem-direito-a-receber","status":"publish","type":"post","link":"https:\/\/www.vagadeempregorj.com.br\/es\/auxilio-gas-2025-veja-se-voce-tem-direito-a-receber\/","title":{"rendered":"Aux\u00edlio G\u00e1s 2025: Veja se voc\u00ea tem direito a receber"},"content":{"rendered":"<p>O Aux\u00edlio G\u00e1s 2025 \u00e9 uma ajuda financeira destinada \u00e0s fam\u00edlias de baixa renda para aliviar os custos com o g\u00e1s de cozinha. Em 2025, o governo federal mant\u00e9m esse benef\u00edcio, que \u00e9 uma das iniciativas para garantir maior dignidade \u00e0s fam\u00edlias que enfrentam dificuldades financeiras.&nbsp;<\/p>\n\n\n\n<figure class=\"wp-block-image size-full is-resized\"><img loading=\"lazy\" decoding=\"async\" width=\"740\" height=\"528\" src=\"https:\/\/www.vagadeempregorj.com.br\/wp-content\/uploads\/2025\/02\/image-15.png\" alt=\"\" class=\"wp-image-42532\" style=\"width:840px;height:auto\" srcset=\"https:\/\/www.vagadeempregorj.com.br\/wp-content\/uploads\/2025\/02\/image-15.png 740w, https:\/\/www.vagadeempregorj.com.br\/wp-content\/uploads\/2025\/02\/image-15-300x214.png 300w, https:\/\/www.vagadeempregorj.com.br\/wp-content\/uploads\/2025\/02\/image-15-150x107.png 150w\" sizes=\"auto, (max-width: 740px) 100vw, 740px\" \/><\/figure>\n\n\n\n<h2 class=\"wp-block-heading\">O que \u00e9 o Aux\u00edlio G\u00e1s 2025?<\/h2>\n\n\n\n<p>O Aux\u00edlio G\u00e1s \u00e9 uma iniciativa do governo federal para garantir que as fam\u00edlias de baixa renda consigam arcar com o custo do botij\u00e3o de g\u00e1s. Sabemos que o g\u00e1s de cozinha, apesar de ser um item essencial, tem se tornado cada vez mais caro, o que acaba sobrecarregando o or\u00e7amento de muitas fam\u00edlias no Brasil.<\/p>\n\n\n\n<p>Em 2025, o governo federal continua com o programa, oferecendo um valor mensal que ajuda a reduzir o impacto do aumento nos pre\u00e7os do g\u00e1s de cozinha. O valor do benef\u00edcio, que \u00e9 pago a cada dois meses, vai variar conforme o or\u00e7amento destinado ao programa.&nbsp;<\/p>\n\n\n\n<p>A principal fun\u00e7\u00e3o do benef\u00edcio \u00e9 ajudar a garantir que as fam\u00edlias mais vulner\u00e1veis n\u00e3o precisem abrir m\u00e3o desse item b\u00e1sico para a alimenta\u00e7\u00e3o.<\/p>\n\n\n\n<h2 class=\"wp-block-heading\">Como funciona?<\/h2>\n\n\n\n<p>O pagamento do Aux\u00edlio G\u00e1s ocorre bimestralmente, ou seja, a cada dois meses. O valor do benef\u00edcio varia, mas pode ser suficiente para cobrir parte do custo do botij\u00e3o de g\u00e1s. O governo, por meio da Caixa Econ\u00f4mica Federal, realiza os repasses diretamente para as fam\u00edlias inscritas no programa.<\/p>\n\n\n\n<p>Os pagamentos do Aux\u00edlio G\u00e1s s\u00e3o feitos de forma direta \u00e0 conta banc\u00e1ria do benefici\u00e1rio, e, se a fam\u00edlia n\u00e3o tiver conta banc\u00e1ria, o valor pode ser retirado nas casas lot\u00e9ricas ou nos caixas eletr\u00f4nicos da Caixa Econ\u00f4mica. Para garantir que o dinheiro chegue at\u00e9 quem mais precisa, o governo utiliza crit\u00e9rios de vulnerabilidade social, como a renda familiar per capita.<\/p>\n\n\n\n<h2 class=\"wp-block-heading\">Quais s\u00e3o os crit\u00e9rios para receber o Aux\u00edlio?<\/h2>\n\n\n\n<p>Para saber se voc\u00ea tem direito a receber o Aux\u00edlio G\u00e1s 2025, \u00e9 necess\u00e1rio atender a uma s\u00e9rie de requisitos que o governo estabeleceu para selecionar as fam\u00edlias mais necessitadas. Veja abaixo quais s\u00e3o os crit\u00e9rios mais importantes:<\/p>\n\n\n\n<h3 class=\"wp-block-heading\">1. Cadastro no Cad\u00danico<\/h3>\n\n\n\n<p>Primeiro, para ser eleg\u00edvel ao Aux\u00edlio G\u00e1s 2025, \u00e9 essencial que a fam\u00edlia esteja inscrita no Cadastro \u00danico para Programas Sociais do Governo Federal (Cad\u00danico).&nbsp;<\/p>\n\n\n\n<p>Esse cadastro \u00e9 utilizado pelo governo para identificar as fam\u00edlias em situa\u00e7\u00e3o de vulnerabilidade social e estabelecer quem pode ser contemplado com os benef\u00edcios sociais, como o Aux\u00edlio Brasil, o Aux\u00edlio G\u00e1s e outros programas de assist\u00eancia.<\/p>\n\n\n\n<p>Caso voc\u00ea ainda n\u00e3o tenha se inscrito, \u00e9 importante fazer isso o quanto antes. A inscri\u00e7\u00e3o pode ser feita em postos de atendimento da Caixa Econ\u00f4mica, em Centros de Refer\u00eancia de Assist\u00eancia Social (CRAS) ou em outros locais indicados pelo governo.<\/p>\n\n\n\n<h3 class=\"wp-block-heading\">2. Renda familiar per capita de at\u00e9 meio sal\u00e1rio m\u00ednimo<\/h3>\n\n\n\n<p>O crit\u00e9rio de renda \u00e9 um dos mais determinantes. Para ser eleg\u00edvel ao Aux\u00edlio G\u00e1s, a renda familiar per capita, ou seja, a m\u00e9dia de ganhos de cada pessoa dentro da casa, n\u00e3o pode ultrapassar meio sal\u00e1rio m\u00ednimo. Isso significa que, para uma fam\u00edlia de quatro pessoas, por exemplo, a soma de todos os rendimentos n\u00e3o pode ser superior a dois sal\u00e1rios m\u00ednimos.<\/p>\n\n\n\n<h3 class=\"wp-block-heading\">3. Fam\u00edlias em situa\u00e7\u00e3o de extrema pobreza ou pobreza<\/h3>\n\n\n\n<p>Al\u00e9m do crit\u00e9rio de renda, o governo foca em fam\u00edlias em situa\u00e7\u00e3o de extrema pobreza ou pobreza. Para o Aux\u00edlio G\u00e1s 2025, essas fam\u00edlias s\u00e3o as mais vulner\u00e1veis, aquelas que t\u00eam dificuldades em arcar com o custo do g\u00e1s de cozinha e de outros itens essenciais para o seu dia a dia. Se a sua fam\u00edlia se encontra nessa situa\u00e7\u00e3o, voc\u00ea pode ser contemplado com o benef\u00edcio.<\/p>\n\n\n\n<h3 class=\"wp-block-heading\">4. Benefici\u00e1rios do Aux\u00edlio Brasil<\/h3>\n\n\n\n<p>As fam\u00edlias que j\u00e1 s\u00e3o benefici\u00e1rias do Aux\u00edlio Brasil tamb\u00e9m t\u00eam a possibilidade de serem contempladas com o Aux\u00edlio G\u00e1s 2025, caso atendam aos crit\u00e9rios acima. O governo pode incluir essas fam\u00edlias automaticamente, facilitando o acesso ao benef\u00edcio.<\/p>\n\n\n\n<h2 class=\"wp-block-heading\">Como saber se voc\u00ea tem direito ao Aux\u00edlio G\u00e1s 2025?<\/h2>\n\n\n\n<p>Agora que voc\u00ea conhece os principais crit\u00e9rios de elegibilidade, \u00e9 hora de descobrir se voc\u00ea tem direito a receber o Aux\u00edlio G\u00e1s. Existem algumas maneiras de verificar isso:<\/p>\n\n\n\n<h3 class=\"wp-block-heading\">1. Consultar o Cad\u00danico<\/h3>\n\n\n\n<p>O primeiro passo \u00e9 garantir que sua fam\u00edlia esteja cadastrada no Cad\u00danico. Caso ainda n\u00e3o tenha feito isso, procure um posto de atendimento pr\u00f3ximo e solicite a inscri\u00e7\u00e3o. Se voc\u00ea j\u00e1 est\u00e1 cadastrado, pode consultar a sua situa\u00e7\u00e3o no Cad\u00danico e verificar se cumpre todos os crit\u00e9rios exigidos.<\/p>\n\n\n\n<p>Voc\u00ea pode fazer essa consulta por meio do site do Minist\u00e9rio da Cidadania ou de uma unidade de atendimento do Cad\u00danico. Al\u00e9m disso, \u00e9 poss\u00edvel consultar o status do seu benef\u00edcio pelo aplicativo &#8220;Meu Cad\u00danico&#8221;, dispon\u00edvel para Android e iOS.<\/p>\n\n\n\n<h3 class=\"wp-block-heading\">2. Consultar a Caixa Econ\u00f4mica<\/h3>\n\n\n\n<p>Se voc\u00ea j\u00e1 est\u00e1 cadastrado e preenche todos os requisitos, o pr\u00f3ximo passo \u00e9 verificar se voc\u00ea ser\u00e1 contemplado com o Aux\u00edlio G\u00e1s 2025. Para isso, \u00e9 poss\u00edvel consultar diretamente a Caixa Econ\u00f4mica Federal, que gerencia o pagamento do benef\u00edcio. Voc\u00ea pode fazer essa consulta online, no aplicativo &#8220;Caixa Tem&#8221;, ou se dirigir a uma ag\u00eancia da Caixa para obter mais informa\u00e7\u00f5es.<\/p>\n\n\n\n<h3 class=\"wp-block-heading\">3. Verificar os calend\u00e1rios de pagamento<\/h3>\n\n\n\n<p>O governo divulga periodicamente os calend\u00e1rios de pagamento. Se voc\u00ea for benefici\u00e1rio, \u00e9 fundamental ficar atento a esses calend\u00e1rios para n\u00e3o perder a data de recebimento. O pagamento \u00e9 feito bimestralmente, ent\u00e3o, quando um ciclo de pagamento se encerra, o novo come\u00e7a logo em seguida.<\/p>\n\n\n\n<p>O Aux\u00edlio G\u00e1s \u00e9 uma oportunidade para aliviar as despesas com o g\u00e1s de cozinha e garantir maior conforto e dignidade para sua fam\u00edlia. N\u00e3o deixe de verificar se voc\u00ea tem direito a esse benef\u00edcio!<\/p>\n\n\n\n<p><strong>Veja tamb\u00e9m: <a href=\"https:\/\/www.vagadeempregorj.com.br\/es\/bolsa-familia-pode-ser-bloqueado-judicialmente-por-divida\/\">Bolsa Fam\u00edlia pode ser bloqueado judicialmente por d\u00edvida?<\/a><\/strong><\/p>\n\n\n\n<p>11 de fevereiro de 2025<\/p>","protected":false},"excerpt":{"rendered":"<p>O Aux\u00edlio G\u00e1s 2025 \u00e9 uma ajuda financeira destinada \u00e0s fam\u00edlias de baixa renda para aliviar os custos com o g\u00e1s de cozinha. Em 2025, o governo federal mant\u00e9m esse benef\u00edcio, que \u00e9 uma das iniciativas para garantir maior dignidade \u00e0s fam\u00edlias que enfrentam dificuldades financeiras.&nbsp; O que \u00e9 o Aux\u00edlio G\u00e1s 2025? O Aux\u00edlio&hellip;&nbsp;<\/p>","protected":false},"author":16,"featured_media":42532,"comment_status":"closed","ping_status":"closed","sticky":false,"template":"","format":"standard","meta":{"neve_meta_sidebar":"","neve_meta_container":"","neve_meta_enable_content_width":"","neve_meta_content_width":0,"neve_meta_title_alignment":"","neve_meta_author_avatar":"","neve_post_elements_order":"","neve_meta_disable_header":"","neve_meta_disable_footer":"","neve_meta_disable_title":"","footnotes":""},"categories":[1],"tags":[],"class_list":["post-42522","post","type-post","status-publish","format-standard","has-post-thumbnail","hentry","category-beneficios-sociais"],"yoast_head":"<!-- This site is optimized with the Yoast SEO plugin v27.5 - https:\/\/yoast.com\/product\/yoast-seo-wordpress\/ -->\n<title>Aux\u00edlio G\u00e1s 2025: Veja se voc\u00ea tem direito a receber -<\/title>\n<meta name=\"description\" content=\"Veja em Vagas de Emprego RJ as vagas de emprego com e sem experi\u00eancia no seu Estado e Regi\u00e3o!\" \/>\n<meta name=\"robots\" content=\"index, follow, max-snippet:-1, max-image-preview:large, max-video-preview:-1\" \/>\n<link rel=\"canonical\" href=\"https:\/\/www.vagadeempregorj.com.br\/es\/auxilio-gas-2025-veja-se-voce-tem-direito-a-receber\/\" \/>\n<meta property=\"og:locale\" content=\"es_MX\" \/>\n<meta property=\"og:type\" content=\"article\" \/>\n<meta property=\"og:title\" content=\"Aux\u00edlio G\u00e1s 2025: Veja se voc\u00ea tem direito a receber -\" \/>\n<meta property=\"og:description\" content=\"Veja em Vagas de Emprego RJ as vagas de emprego com e sem experi\u00eancia no seu Estado e Regi\u00e3o!\" \/>\n<meta property=\"og:url\" content=\"https:\/\/www.vagadeempregorj.com.br\/es\/auxilio-gas-2025-veja-se-voce-tem-direito-a-receber\/\" \/>\n<meta property=\"article:publisher\" content=\"https:\/\/www.facebook.com\/empregobrasiloficial\" \/>\n<meta property=\"article:published_time\" content=\"2025-02-11T10:00:00+00:00\" \/>\n<meta property=\"og:image\" content=\"https:\/\/www.vagadeempregorj.com.br\/wp-content\/uploads\/2025\/02\/image-15.png\" \/>\n\t<meta property=\"og:image:width\" content=\"740\" \/>\n\t<meta property=\"og:image:height\" content=\"528\" \/>\n\t<meta property=\"og:image:type\" content=\"image\/png\" \/>\n<meta name=\"author\" content=\"Michele\" \/>\n<meta name=\"twitter:card\" content=\"summary_large_image\" \/>\n<meta name=\"twitter:label1\" content=\"Written by\" \/>\n\t<meta name=\"twitter:data1\" content=\"Michele\" \/>\n\t<meta name=\"twitter:label2\" content=\"Est. reading time\" \/>\n\t<meta name=\"twitter:data2\" content=\"5 minutos\" \/>\n<script type=\"application\/ld+json\" class=\"yoast-schema-graph\">{\"@context\":\"https:\\\/\\\/schema.org\",\"@graph\":[{\"@type\":\"Article\",\"@id\":\"https:\\\/\\\/www.vagadeempregorj.com.br\\\/auxilio-gas-2025-veja-se-voce-tem-direito-a-receber\\\/#article\",\"isPartOf\":{\"@id\":\"https:\\\/\\\/www.vagadeempregorj.com.br\\\/auxilio-gas-2025-veja-se-voce-tem-direito-a-receber\\\/\"},\"author\":{\"name\":\"Michele\",\"@id\":\"https:\\\/\\\/www.vagadeempregorj.com.br\\\/#\\\/schema\\\/person\\\/3ddb19fa0539706786e502152f3aae95\"},\"headline\":\"Aux\u00edlio G\u00e1s 2025: Veja se voc\u00ea tem direito a receber\",\"datePublished\":\"2025-02-11T10:00:00+00:00\",\"mainEntityOfPage\":{\"@id\":\"https:\\\/\\\/www.vagadeempregorj.com.br\\\/auxilio-gas-2025-veja-se-voce-tem-direito-a-receber\\\/\"},\"wordCount\":1074,\"image\":{\"@id\":\"https:\\\/\\\/www.vagadeempregorj.com.br\\\/auxilio-gas-2025-veja-se-voce-tem-direito-a-receber\\\/#primaryimage\"},\"thumbnailUrl\":\"https:\\\/\\\/www.vagadeempregorj.com.br\\\/wp-content\\\/uploads\\\/2025\\\/02\\\/image-15.png\",\"articleSection\":[\"Benef\u00edcios Sociais\"],\"inLanguage\":\"es\"},{\"@type\":\"WebPage\",\"@id\":\"https:\\\/\\\/www.vagadeempregorj.com.br\\\/auxilio-gas-2025-veja-se-voce-tem-direito-a-receber\\\/\",\"url\":\"https:\\\/\\\/www.vagadeempregorj.com.br\\\/auxilio-gas-2025-veja-se-voce-tem-direito-a-receber\\\/\",\"name\":\"Aux\u00edlio G\u00e1s 2025: Veja se voc\u00ea tem direito a receber -\",\"isPartOf\":{\"@id\":\"https:\\\/\\\/www.vagadeempregorj.com.br\\\/#website\"},\"primaryImageOfPage\":{\"@id\":\"https:\\\/\\\/www.vagadeempregorj.com.br\\\/auxilio-gas-2025-veja-se-voce-tem-direito-a-receber\\\/#primaryimage\"},\"image\":{\"@id\":\"https:\\\/\\\/www.vagadeempregorj.com.br\\\/auxilio-gas-2025-veja-se-voce-tem-direito-a-receber\\\/#primaryimage\"},\"thumbnailUrl\":\"https:\\\/\\\/www.vagadeempregorj.com.br\\\/wp-content\\\/uploads\\\/2025\\\/02\\\/image-15.png\",\"datePublished\":\"2025-02-11T10:00:00+00:00\",\"author\":{\"@id\":\"https:\\\/\\\/www.vagadeempregorj.com.br\\\/#\\\/schema\\\/person\\\/3ddb19fa0539706786e502152f3aae95\"},\"description\":\"Veja em Vagas de Emprego RJ as vagas de emprego com e sem experi\u00eancia no seu Estado e Regi\u00e3o!\",\"breadcrumb\":{\"@id\":\"https:\\\/\\\/www.vagadeempregorj.com.br\\\/auxilio-gas-2025-veja-se-voce-tem-direito-a-receber\\\/#breadcrumb\"},\"inLanguage\":\"es\",\"potentialAction\":[{\"@type\":\"ReadAction\",\"target\":[\"https:\\\/\\\/www.vagadeempregorj.com.br\\\/auxilio-gas-2025-veja-se-voce-tem-direito-a-receber\\\/\"]}]},{\"@type\":\"ImageObject\",\"inLanguage\":\"es\",\"@id\":\"https:\\\/\\\/www.vagadeempregorj.com.br\\\/auxilio-gas-2025-veja-se-voce-tem-direito-a-receber\\\/#primaryimage\",\"url\":\"https:\\\/\\\/www.vagadeempregorj.com.br\\\/wp-content\\\/uploads\\\/2025\\\/02\\\/image-15.png\",\"contentUrl\":\"https:\\\/\\\/www.vagadeempregorj.com.br\\\/wp-content\\\/uploads\\\/2025\\\/02\\\/image-15.png\",\"width\":740,\"height\":528},{\"@type\":\"BreadcrumbList\",\"@id\":\"https:\\\/\\\/www.vagadeempregorj.com.br\\\/auxilio-gas-2025-veja-se-voce-tem-direito-a-receber\\\/#breadcrumb\",\"itemListElement\":[{\"@type\":\"ListItem\",\"position\":1,\"name\":\"In\u00edcio\",\"item\":\"https:\\\/\\\/www.vagadeempregorj.com.br\\\/\"},{\"@type\":\"ListItem\",\"position\":2,\"name\":\"Benef\u00edcios Sociais\",\"item\":\"https:\\\/\\\/www.vagadeempregorj.com.br\\\/beneficios-sociais\\\/\"},{\"@type\":\"ListItem\",\"position\":3,\"name\":\"Aux\u00edlio G\u00e1s 2025: Veja se voc\u00ea tem direito a receber\"}]},{\"@type\":\"WebSite\",\"@id\":\"https:\\\/\\\/www.vagadeempregorj.com.br\\\/#website\",\"url\":\"https:\\\/\\\/www.vagadeempregorj.com.br\\\/\",\"name\":\"\",\"description\":\"Conquiste Sonhos: Vagas, Benef\u00edcios e Economia para Transformar Vidas e Alcan\u00e7ar Melhorias Cotidianas\",\"potentialAction\":[{\"@type\":\"SearchAction\",\"target\":{\"@type\":\"EntryPoint\",\"urlTemplate\":\"https:\\\/\\\/www.vagadeempregorj.com.br\\\/?s={search_term_string}\"},\"query-input\":{\"@type\":\"PropertyValueSpecification\",\"valueRequired\":true,\"valueName\":\"search_term_string\"}}],\"inLanguage\":\"es\"},{\"@type\":\"Person\",\"@id\":\"https:\\\/\\\/www.vagadeempregorj.com.br\\\/#\\\/schema\\\/person\\\/3ddb19fa0539706786e502152f3aae95\",\"name\":\"Michele\",\"image\":{\"@type\":\"ImageObject\",\"inLanguage\":\"es\",\"@id\":\"https:\\\/\\\/secure.gravatar.com\\\/avatar\\\/6b0eb9d22841282815e2cd856a0061c45e1761cd54b22e952d98c4746939aa85?s=96&r=g\",\"url\":\"https:\\\/\\\/secure.gravatar.com\\\/avatar\\\/6b0eb9d22841282815e2cd856a0061c45e1761cd54b22e952d98c4746939aa85?s=96&r=g\",\"contentUrl\":\"https:\\\/\\\/secure.gravatar.com\\\/avatar\\\/6b0eb9d22841282815e2cd856a0061c45e1761cd54b22e952d98c4746939aa85?s=96&r=g\",\"caption\":\"Michele\"},\"description\":\"Formada em Letras - Portugu\u00eas\\\/ Ingl\u00eas, e idealizadora do site Escritora de Sucesso, busca expandir o conhecimento de todos com informa\u00e7\u00f5es relevantes sobre diversos assuntos, enquanto redatora. No Vaga de Emprego RJ, traz oportunidades e dicas sobre o mercado de trabalho.\",\"url\":\"https:\\\/\\\/www.vagadeempregorj.com.br\\\/es\\\/author\\\/michele\\\/\"}]}<\/script>\n<!-- \/ Yoast SEO plugin. -->","yoast_head_json":{"title":"Aux\u00edlio G\u00e1s 2025: Veja se voc\u00ea tem direito a receber -","description":"Veja em Vagas de Emprego RJ as vagas de emprego com e sem experi\u00eancia no seu Estado e Regi\u00e3o!","robots":{"index":"index","follow":"follow","max-snippet":"max-snippet:-1","max-image-preview":"max-image-preview:large","max-video-preview":"max-video-preview:-1"},"canonical":"https:\/\/www.vagadeempregorj.com.br\/es\/auxilio-gas-2025-veja-se-voce-tem-direito-a-receber\/","og_locale":"es_MX","og_type":"article","og_title":"Aux\u00edlio G\u00e1s 2025: Veja se voc\u00ea tem direito a receber -","og_description":"Veja em Vagas de Emprego RJ as vagas de emprego com e sem experi\u00eancia no seu Estado e Regi\u00e3o!","og_url":"https:\/\/www.vagadeempregorj.com.br\/es\/auxilio-gas-2025-veja-se-voce-tem-direito-a-receber\/","article_publisher":"https:\/\/www.facebook.com\/empregobrasiloficial","article_published_time":"2025-02-11T10:00:00+00:00","og_image":[{"width":740,"height":528,"url":"https:\/\/www.vagadeempregorj.com.br\/wp-content\/uploads\/2025\/02\/image-15.png","type":"image\/png"}],"author":"Michele","twitter_card":"summary_large_image","twitter_misc":{"Written by":"Michele","Est. reading time":"5 minutos"},"schema":{"@context":"https:\/\/schema.org","@graph":[{"@type":"Article","@id":"https:\/\/www.vagadeempregorj.com.br\/auxilio-gas-2025-veja-se-voce-tem-direito-a-receber\/#article","isPartOf":{"@id":"https:\/\/www.vagadeempregorj.com.br\/auxilio-gas-2025-veja-se-voce-tem-direito-a-receber\/"},"author":{"name":"Michele","@id":"https:\/\/www.vagadeempregorj.com.br\/#\/schema\/person\/3ddb19fa0539706786e502152f3aae95"},"headline":"Aux\u00edlio G\u00e1s 2025: Veja se voc\u00ea tem direito a receber","datePublished":"2025-02-11T10:00:00+00:00","mainEntityOfPage":{"@id":"https:\/\/www.vagadeempregorj.com.br\/auxilio-gas-2025-veja-se-voce-tem-direito-a-receber\/"},"wordCount":1074,"image":{"@id":"https:\/\/www.vagadeempregorj.com.br\/auxilio-gas-2025-veja-se-voce-tem-direito-a-receber\/#primaryimage"},"thumbnailUrl":"https:\/\/www.vagadeempregorj.com.br\/wp-content\/uploads\/2025\/02\/image-15.png","articleSection":["Benef\u00edcios Sociais"],"inLanguage":"es"},{"@type":"WebPage","@id":"https:\/\/www.vagadeempregorj.com.br\/auxilio-gas-2025-veja-se-voce-tem-direito-a-receber\/","url":"https:\/\/www.vagadeempregorj.com.br\/auxilio-gas-2025-veja-se-voce-tem-direito-a-receber\/","name":"Aux\u00edlio G\u00e1s 2025: Veja se voc\u00ea tem direito a receber -","isPartOf":{"@id":"https:\/\/www.vagadeempregorj.com.br\/#website"},"primaryImageOfPage":{"@id":"https:\/\/www.vagadeempregorj.com.br\/auxilio-gas-2025-veja-se-voce-tem-direito-a-receber\/#primaryimage"},"image":{"@id":"https:\/\/www.vagadeempregorj.com.br\/auxilio-gas-2025-veja-se-voce-tem-direito-a-receber\/#primaryimage"},"thumbnailUrl":"https:\/\/www.vagadeempregorj.com.br\/wp-content\/uploads\/2025\/02\/image-15.png","datePublished":"2025-02-11T10:00:00+00:00","author":{"@id":"https:\/\/www.vagadeempregorj.com.br\/#\/schema\/person\/3ddb19fa0539706786e502152f3aae95"},"description":"Veja em Vagas de Emprego RJ as vagas de emprego com e sem experi\u00eancia no seu Estado e Regi\u00e3o!","breadcrumb":{"@id":"https:\/\/www.vagadeempregorj.com.br\/auxilio-gas-2025-veja-se-voce-tem-direito-a-receber\/#breadcrumb"},"inLanguage":"es","potentialAction":[{"@type":"ReadAction","target":["https:\/\/www.vagadeempregorj.com.br\/auxilio-gas-2025-veja-se-voce-tem-direito-a-receber\/"]}]},{"@type":"ImageObject","inLanguage":"es","@id":"https:\/\/www.vagadeempregorj.com.br\/auxilio-gas-2025-veja-se-voce-tem-direito-a-receber\/#primaryimage","url":"https:\/\/www.vagadeempregorj.com.br\/wp-content\/uploads\/2025\/02\/image-15.png","contentUrl":"https:\/\/www.vagadeempregorj.com.br\/wp-content\/uploads\/2025\/02\/image-15.png","width":740,"height":528},{"@type":"BreadcrumbList","@id":"https:\/\/www.vagadeempregorj.com.br\/auxilio-gas-2025-veja-se-voce-tem-direito-a-receber\/#breadcrumb","itemListElement":[{"@type":"ListItem","position":1,"name":"In\u00edcio","item":"https:\/\/www.vagadeempregorj.com.br\/"},{"@type":"ListItem","position":2,"name":"Benef\u00edcios Sociais","item":"https:\/\/www.vagadeempregorj.com.br\/beneficios-sociais\/"},{"@type":"ListItem","position":3,"name":"Aux\u00edlio G\u00e1s 2025: Veja se voc\u00ea tem direito a receber"}]},{"@type":"WebSite","@id":"https:\/\/www.vagadeempregorj.com.br\/#website","url":"https:\/\/www.vagadeempregorj.com.br\/","name":"","description":"Conquiste Sonhos: Vagas, Benef\u00edcios e Economia para Transformar Vidas e Alcan\u00e7ar Melhorias Cotidianas","potentialAction":[{"@type":"SearchAction","target":{"@type":"EntryPoint","urlTemplate":"https:\/\/www.vagadeempregorj.com.br\/?s={search_term_string}"},"query-input":{"@type":"PropertyValueSpecification","valueRequired":true,"valueName":"search_term_string"}}],"inLanguage":"es"},{"@type":"Person","@id":"https:\/\/www.vagadeempregorj.com.br\/#\/schema\/person\/3ddb19fa0539706786e502152f3aae95","name":"Michele","image":{"@type":"ImageObject","inLanguage":"es","@id":"https:\/\/secure.gravatar.com\/avatar\/6b0eb9d22841282815e2cd856a0061c45e1761cd54b22e952d98c4746939aa85?s=96&r=g","url":"https:\/\/secure.gravatar.com\/avatar\/6b0eb9d22841282815e2cd856a0061c45e1761cd54b22e952d98c4746939aa85?s=96&r=g","contentUrl":"https:\/\/secure.gravatar.com\/avatar\/6b0eb9d22841282815e2cd856a0061c45e1761cd54b22e952d98c4746939aa85?s=96&r=g","caption":"Michele"},"description":"Formada em Letras - Portugu\u00eas\/ Ingl\u00eas, e idealizadora do site Escritora de Sucesso, busca expandir o conhecimento de todos com informa\u00e7\u00f5es relevantes sobre diversos assuntos, enquanto redatora. No Vaga de Emprego RJ, traz oportunidades e dicas sobre o mercado de trabalho.","url":"https:\/\/www.vagadeempregorj.com.br\/es\/author\/michele\/"}]}},"_links":{"self":[{"href":"https:\/\/www.vagadeempregorj.com.br\/es\/wp-json\/wp\/v2\/posts\/42522","targetHints":{"allow":["GET"]}}],"collection":[{"href":"https:\/\/www.vagadeempregorj.com.br\/es\/wp-json\/wp\/v2\/posts"}],"about":[{"href":"https:\/\/www.vagadeempregorj.com.br\/es\/wp-json\/wp\/v2\/types\/post"}],"author":[{"embeddable":true,"href":"https:\/\/www.vagadeempregorj.com.br\/es\/wp-json\/wp\/v2\/users\/16"}],"replies":[{"embeddable":true,"href":"https:\/\/www.vagadeempregorj.com.br\/es\/wp-json\/wp\/v2\/comments?post=42522"}],"version-history":[{"count":0,"href":"https:\/\/www.vagadeempregorj.com.br\/es\/wp-json\/wp\/v2\/posts\/42522\/revisions"}],"wp:featuredmedia":[{"embeddable":true,"href":"https:\/\/www.vagadeempregorj.com.br\/es\/wp-json\/wp\/v2\/media\/42532"}],"wp:attachment":[{"href":"https:\/\/www.vagadeempregorj.com.br\/es\/wp-json\/wp\/v2\/media?parent=42522"}],"wp:term":[{"taxonomy":"category","embeddable":true,"href":"https:\/\/www.vagadeempregorj.com.br\/es\/wp-json\/wp\/v2\/categories?post=42522"},{"taxonomy":"post_tag","embeddable":true,"href":"https:\/\/www.vagadeempregorj.com.br\/es\/wp-json\/wp\/v2\/tags?post=42522"}],"curies":[{"name":"wp","href":"https:\/\/api.w.org\/{rel}","templated":true}]}}