{"id":42564,"date":"2025-02-12T08:46:39","date_gmt":"2025-02-12T11:46:39","guid":{"rendered":"https:\/\/www.vagadeempregorj.com.br\/?p=42564"},"modified":"2025-02-12T08:46:39","modified_gmt":"2025-02-12T11:46:39","slug":"ofertas-de-trabajo-en-el-grupo-info-en-manaus-belem-y-boa-vista","status":"publish","type":"post","link":"https:\/\/www.vagadeempregorj.com.br\/es\/vagas-emprego-grupo-info-manaus-belem-boa-vista\/","title":{"rendered":"Ofertas de empleo en Grupo Info: Oportunidades en Manaus, Bel\u00e9m y Boa Vista."},"content":{"rendered":"<p class=\"has-medium-font-size wp-block-paragraph\">Info Group, reconocida por su red de tiendas Info Store, ofrece vacantes en Manaus, Bel\u00e9m y Boa Vista. En total, hay 17 puestos disponibles. La empresa busca profesionales para puestos como Consultor de Ventas, Asistente de Log\u00edstica y Analista de Sistemas. Adem\u00e1s, estas oportunidades en Info Group representan una excelente ocasi\u00f3n para quienes desean desarrollarse profesionalmente dentro de una de las mayores redes de comercio minorista y tecnolog\u00eda de la regi\u00f3n norte.<\/p>\n\n\n\n<h2 class=\"wp-block-heading\"><strong>Oportunidades disponibles en las Tres Ciudades<\/strong><\/h2>\n\n\n\n<p class=\"has-medium-font-size wp-block-paragraph\">El Grupo de Informaci\u00f3n est\u00e1 con <strong>puestos vacantes<\/strong> para tres ciudades de la regi\u00f3n norte: Manaus, Bel\u00e9m y Boa Vista. En Manaus, hay 12 vacantes distribuidas entre Consultor de Ventas, Asistente Junior de Log\u00edstica, Asistente Fiscal, Asistente de Sistemas y Analista de Sistemas. En Bel\u00e9m y Boa Vista, las oportunidades son exclusivamente para el puesto de Consultor de Ventas, con dos y tres vacantes, respectivamente. Adem\u00e1s, el <strong>Oportunidades en Grupo Info<\/strong> Tambi\u00e9n est\u00e1n destinadas a personas con discapacidad, lo que refuerza el compromiso de la empresa con la inclusi\u00f3n.<\/p>\n\n\n\n<h2 class=\"wp-block-heading\"><strong>Requisitos del puesto<\/strong><\/h2>\n\n\n\n<p class=\"has-medium-font-size wp-block-paragraph\">Cada puesto requiere cualificaciones espec\u00edficas. Para el puesto de Auxiliar de Log\u00edstica Junior, se requiere un diploma de bachillerato y seis meses de experiencia en el sector. El puesto de Auxiliar de Impuestos requiere conocimientos de finanzas y habilidades avanzadas en Excel, y se prefiere un t\u00edtulo en Contabilidad. Para el... <strong>Ofertas de empleo relacionadas con la inform\u00e1tica<\/strong>, Para los puestos de Asistente de Sistemas y Analista de Sistemas, se valora la formaci\u00f3n t\u00e9cnica o superior en \u00e1reas como Inform\u00e1tica y An\u00e1lisis de Sistemas. Por \u00faltimo, los Consultores de Ventas deben haber completado o estar cursando estudios superiores.<\/p>\n\n\n\n<h2 class=\"wp-block-heading\"><strong>Proceso y etapas de selecci\u00f3n<\/strong><\/h2>\n\n\n\n<p class=\"has-medium-font-size wp-block-paragraph\">El proceso de selecci\u00f3n para las vacantes en Grupo Info se divide en etapas. Primero, los candidatos deben registrarse en el portal de reclutamiento y seleccionar el puesto deseado. Luego, deben esperar la revisi\u00f3n inicial. Posteriormente, los candidatos seleccionados pasar\u00e1n a entrevistas con el departamento de Recursos Humanos, as\u00ed como a pruebas pr\u00e1cticas y entrevistas t\u00e9cnicas. Seg\u00fan Elisiane Lima, Gerente de Personas y Gesti\u00f3n, el proceso busca evaluar las habilidades espec\u00edficas de cada candidato, asegurando as\u00ed la mejor opci\u00f3n tanto para la empresa como para el profesional.<\/p>\n\n\n\n<h2 class=\"wp-block-heading\"><strong>Desarrollo profesional en Grupo Info<\/strong><\/h2>\n\n\n\n<p class=\"has-medium-font-size wp-block-paragraph\">Elisiane Lima tambi\u00e9n destac\u00f3 que la <strong>Ofertas de empleo en Grupo Info<\/strong> Ofrecen oportunidades de crecimiento profesional. \u201cSe trata de puestos que van desde personas con un diploma de bachillerato hasta aquellas con estudios superiores y conocimientos avanzados\u201d, afirm\u00f3. Adem\u00e1s, el proceso de selecci\u00f3n se lleva a cabo en tres estados, lo que ampl\u00eda las posibilidades para quienes buscan una s\u00f3lida carrera en el sector minorista y tecnol\u00f3gico.<\/p>\n\n\n\n<h2 class=\"wp-block-heading\"><strong>Beneficios y cultura organizacional<\/strong><\/h2>\n\n\n\n<p class=\"has-medium-font-size wp-block-paragraph\">Adem\u00e1s de oportunidades de crecimiento, Grupo Info ofrece una variedad de beneficios a sus empleados. Estos incluyen seguro m\u00e9dico, vales de comida, vales de transporte y programas de desarrollo profesional. La empresa tambi\u00e9n valora una cultura organizacional inclusiva y din\u00e1mica, donde se fomenta la innovaci\u00f3n y la contribuci\u00f3n al \u00e9xito colectivo. Estos aspectos hacen de la empresa una compa\u00f1\u00eda competitiva y exitosa. <strong>Ofertas de empleo en Grupo Info<\/strong> Resulta a\u00fan m\u00e1s atractivo para quienes buscan estabilidad y reconocimiento en el mercado laboral.<\/p>\n\n\n\n<p class=\"has-medium-font-size wp-block-paragraph\"><strong>Una de las fortalezas de Grupo Info es su compromiso con la inclusi\u00f3n y la diversidad. Por ello, Grupo Info ofrece puestos de trabajo para personas con discapacidad, garantizando que todos tengan la oportunidad de desarrollar su trayectoria profesional en un entorno acogedor y adaptado a las necesidades espec\u00edficas de cada empleado. Adem\u00e1s, esta pol\u00edtica refuerza la responsabilidad social de la empresa y contribuye a un mercado laboral m\u00e1s justo y equitativo.<\/strong><\/p>\n\n\n\n<h2 class=\"wp-block-heading\"><strong>C\u00f3mo solicitar<\/strong><\/h2>\n\n\n\n<p class=\"has-medium-font-size wp-block-paragraph\">Para registrarse en <strong>Ofertas de empleo en Grupo Info<\/strong>, Los candidatos interesados deben acceder al portal de reclutamiento de la empresa, seleccionar el puesto deseado y completar el formulario de registro. Es importante que lean atentamente los requisitos de cada puesto y preparen un curr\u00edculum actualizado, destacando su experiencia y habilidades relevantes. Tras el registro, se contactar\u00e1 a los candidatos seleccionados para las siguientes etapas del proceso de selecci\u00f3n.<\/p>\n\n\n\n<p class=\"has-medium-font-size wp-block-paragraph\">Hacia <strong>Ofertas de empleo en Grupo Info<\/strong> Estas posiciones representan una excelente oportunidad para quienes desean unirse o crecer dentro de una empresa reconocida en el mercado minorista y tecnol\u00f3gico. Con oportunidades en Manaus, Bel\u00e9m y Boa Vista, y con la inclusi\u00f3n de personas con discapacidad, Grupo Info reafirma su compromiso con la diversidad y el desarrollo profesional. No pierdas tiempo y reg\u00edstrate para el proceso de selecci\u00f3n para asegurar tu oportunidad de formar parte de este equipo.<\/p>\n\n\n\n<hr class=\"wp-block-separator has-alpha-channel-opacity\"\/>\n\n\n\n<p class=\"has-medium-font-size wp-block-paragraph\"><strong><a href=\"https:\/\/www.vagadeempregorj.com.br\/es\/ofertas-de-empleo-a-nivel-nacional\/\">Trabaja en Grupo Info: Descubre nuestra cultura y oportunidades<\/a><\/strong><\/p>","protected":false},"excerpt":{"rendered":"<p>O Grupo Info, conhecido por sua rede Info Store, est\u00e1 oferecendo vagas de emprego em Manaus, Bel\u00e9m e Boa Vista. Ao todo, s\u00e3o 17 oportunidades dispon\u00edveis. Dessa forma, a empresa busca profissionais para cargos como Consultor de Vendas, Assistente de Log\u00edstica e Analista de Sistema. Al\u00e9m disso, as oportunidades no Grupo Info representam uma excelente&hellip;&nbsp;<\/p>","protected":false},"author":1,"featured_media":42565,"comment_status":"closed","ping_status":"closed","sticky":false,"template":"","format":"standard","meta":{"neve_meta_sidebar":"","neve_meta_container":"","neve_meta_enable_content_width":"","neve_meta_content_width":0,"neve_meta_title_alignment":"","neve_meta_author_avatar":"","neve_post_elements_order":"","neve_meta_disable_header":"","neve_meta_disable_footer":"","neve_meta_disable_title":"","footnotes":""},"categories":[123],"tags":[1036,1039,1037,1038,1024,211],"class_list":["post-42564","post","type-post","status-publish","format-standard","has-post-thumbnail","hentry","category-vagas-de-emprego-nacionais","tag-belem","tag-boa-vista","tag-grupo-info","tag-manaus","tag-oportunidades-de-trabalho","tag-vagas-de-emprego"],"yoast_head":"<!-- This site is optimized with the Yoast SEO plugin v28.3 - https:\/\/yoast.com\/product\/yoast-seo-wordpress\/ -->\n<title>Vagas no Grupo Info: Oportunidades em Manaus, Bel\u00e9m, Boa Vista -<\/title>\n<meta name=\"description\" content=\"Vagas de emprego no Grupo Info para Manaus, Bel\u00e9m e Boa Vista. Oportunidades para PcDs e diversos n\u00edveis de experi\u00eancia. Inscreva-se!\" \/>\n<meta name=\"robots\" content=\"index, follow, max-snippet:-1, max-image-preview:large, max-video-preview:-1\" \/>\n<link rel=\"canonical\" href=\"https:\/\/www.vagadeempregorj.com.br\/es\/ofertas-de-trabajo-en-el-grupo-info-en-manaus-belem-y-boa-vista\/\" \/>\n<meta property=\"og:locale\" content=\"es_MX\" \/>\n<meta property=\"og:type\" content=\"article\" \/>\n<meta property=\"og:title\" content=\"Vagas no Grupo Info: Oportunidades em Manaus, Bel\u00e9m, Boa Vista -\" \/>\n<meta property=\"og:description\" content=\"Vagas de emprego no Grupo Info para Manaus, Bel\u00e9m e Boa Vista. Oportunidades para PcDs e diversos n\u00edveis de experi\u00eancia. Inscreva-se!\" \/>\n<meta property=\"og:url\" content=\"https:\/\/www.vagadeempregorj.com.br\/es\/ofertas-de-trabajo-en-el-grupo-info-en-manaus-belem-y-boa-vista\/\" \/>\n<meta property=\"article:publisher\" content=\"https:\/\/www.facebook.com\/empregobrasiloficial\" \/>\n<meta property=\"article:published_time\" content=\"2025-02-12T11:46:39+00:00\" \/>\n<meta property=\"og:image\" content=\"https:\/\/www.vagadeempregorj.com.br\/wp-content\/uploads\/2025\/02\/Vagas-de-emprego-no-Grupo-Info.jpeg\" \/>\n\t<meta property=\"og:image:width\" content=\"578\" \/>\n\t<meta property=\"og:image:height\" content=\"385\" \/>\n\t<meta property=\"og:image:type\" content=\"image\/jpeg\" \/>\n<meta name=\"author\" content=\"Ana B.\" \/>\n<meta name=\"twitter:card\" content=\"summary_large_image\" \/>\n<meta name=\"twitter:label1\" content=\"Escrito por\" \/>\n\t<meta name=\"twitter:data1\" content=\"Ana B.\" \/>\n\t<meta name=\"twitter:label2\" content=\"Tiempo de lectura\" \/>\n\t<meta name=\"twitter:data2\" content=\"4 minutos\" \/>\n<script type=\"application\/ld+json\" class=\"yoast-schema-graph\">{\"@context\":\"https:\\\/\\\/schema.org\",\"@graph\":[{\"@type\":\"Article\",\"@id\":\"https:\\\/\\\/www.vagadeempregorj.com.br\\\/vagas-emprego-grupo-info-manaus-belem-boa-vista\\\/#article\",\"isPartOf\":{\"@id\":\"https:\\\/\\\/www.vagadeempregorj.com.br\\\/vagas-emprego-grupo-info-manaus-belem-boa-vista\\\/\"},\"author\":{\"name\":\"Ana B.\",\"@id\":\"https:\\\/\\\/www.vagadeempregorj.com.br\\\/#\\\/schema\\\/person\\\/c0c38d5d765e86c3b7c8f12fb1ae6477\"},\"headline\":\"Vagas no Grupo Info: Oportunidades em Manaus, Bel\u00e9m, Boa Vista\",\"datePublished\":\"2025-02-12T11:46:39+00:00\",\"mainEntityOfPage\":{\"@id\":\"https:\\\/\\\/www.vagadeempregorj.com.br\\\/vagas-emprego-grupo-info-manaus-belem-boa-vista\\\/\"},\"wordCount\":808,\"image\":{\"@id\":\"https:\\\/\\\/www.vagadeempregorj.com.br\\\/vagas-emprego-grupo-info-manaus-belem-boa-vista\\\/#primaryimage\"},\"thumbnailUrl\":\"https:\\\/\\\/www.vagadeempregorj.com.br\\\/wp-content\\\/uploads\\\/2025\\\/02\\\/Vagas-de-emprego-no-Grupo-Info.jpeg\",\"keywords\":[\"bel\u00e9m\",\"boa vista\",\"grupo info\",\"manaus\",\"oportunidades de trabalho\",\"vagas de emprego\"],\"articleSection\":[\"Vagas de Emprego Nacionais\"],\"inLanguage\":\"es\"},{\"@type\":\"WebPage\",\"@id\":\"https:\\\/\\\/www.vagadeempregorj.com.br\\\/vagas-emprego-grupo-info-manaus-belem-boa-vista\\\/\",\"url\":\"https:\\\/\\\/www.vagadeempregorj.com.br\\\/vagas-emprego-grupo-info-manaus-belem-boa-vista\\\/\",\"name\":\"Vagas no Grupo Info: Oportunidades em Manaus, Bel\u00e9m, Boa Vista -\",\"isPartOf\":{\"@id\":\"https:\\\/\\\/www.vagadeempregorj.com.br\\\/#website\"},\"primaryImageOfPage\":{\"@id\":\"https:\\\/\\\/www.vagadeempregorj.com.br\\\/vagas-emprego-grupo-info-manaus-belem-boa-vista\\\/#primaryimage\"},\"image\":{\"@id\":\"https:\\\/\\\/www.vagadeempregorj.com.br\\\/vagas-emprego-grupo-info-manaus-belem-boa-vista\\\/#primaryimage\"},\"thumbnailUrl\":\"https:\\\/\\\/www.vagadeempregorj.com.br\\\/wp-content\\\/uploads\\\/2025\\\/02\\\/Vagas-de-emprego-no-Grupo-Info.jpeg\",\"datePublished\":\"2025-02-12T11:46:39+00:00\",\"author\":{\"@id\":\"https:\\\/\\\/www.vagadeempregorj.com.br\\\/#\\\/schema\\\/person\\\/c0c38d5d765e86c3b7c8f12fb1ae6477\"},\"description\":\"Vagas de emprego no Grupo Info para Manaus, Bel\u00e9m e Boa Vista. Oportunidades para PcDs e diversos n\u00edveis de experi\u00eancia. Inscreva-se!\",\"breadcrumb\":{\"@id\":\"https:\\\/\\\/www.vagadeempregorj.com.br\\\/vagas-emprego-grupo-info-manaus-belem-boa-vista\\\/#breadcrumb\"},\"inLanguage\":\"es\",\"potentialAction\":[{\"@type\":\"ReadAction\",\"target\":[\"https:\\\/\\\/www.vagadeempregorj.com.br\\\/vagas-emprego-grupo-info-manaus-belem-boa-vista\\\/\"]}]},{\"@type\":\"ImageObject\",\"inLanguage\":\"es\",\"@id\":\"https:\\\/\\\/www.vagadeempregorj.com.br\\\/vagas-emprego-grupo-info-manaus-belem-boa-vista\\\/#primaryimage\",\"url\":\"https:\\\/\\\/www.vagadeempregorj.com.br\\\/wp-content\\\/uploads\\\/2025\\\/02\\\/Vagas-de-emprego-no-Grupo-Info.jpeg\",\"contentUrl\":\"https:\\\/\\\/www.vagadeempregorj.com.br\\\/wp-content\\\/uploads\\\/2025\\\/02\\\/Vagas-de-emprego-no-Grupo-Info.jpeg\",\"width\":578,\"height\":385,\"caption\":\"Vagas de emprego no Grupo Info\"},{\"@type\":\"BreadcrumbList\",\"@id\":\"https:\\\/\\\/www.vagadeempregorj.com.br\\\/vagas-emprego-grupo-info-manaus-belem-boa-vista\\\/#breadcrumb\",\"itemListElement\":[{\"@type\":\"ListItem\",\"position\":1,\"name\":\"In\u00edcio\",\"item\":\"https:\\\/\\\/www.vagadeempregorj.com.br\\\/\"},{\"@type\":\"ListItem\",\"position\":2,\"name\":\"Vagas de Emprego Nacionais\",\"item\":\"https:\\\/\\\/www.vagadeempregorj.com.br\\\/vagas-de-emprego-nacionais\\\/\"},{\"@type\":\"ListItem\",\"position\":3,\"name\":\"Vagas no Grupo Info: Oportunidades em Manaus, Bel\u00e9m, Boa Vista\"}]},{\"@type\":\"WebSite\",\"@id\":\"https:\\\/\\\/www.vagadeempregorj.com.br\\\/#website\",\"url\":\"https:\\\/\\\/www.vagadeempregorj.com.br\\\/\",\"name\":\"\",\"description\":\"Conquiste Sonhos: Vagas, Benef\u00edcios e Economia para Transformar Vidas e Alcan\u00e7ar Melhorias Cotidianas\",\"potentialAction\":[{\"@type\":\"SearchAction\",\"target\":{\"@type\":\"EntryPoint\",\"urlTemplate\":\"https:\\\/\\\/www.vagadeempregorj.com.br\\\/?s={search_term_string}\"},\"query-input\":{\"@type\":\"PropertyValueSpecification\",\"valueRequired\":true,\"valueName\":\"search_term_string\"}}],\"inLanguage\":\"es\"},{\"@type\":\"Person\",\"@id\":\"https:\\\/\\\/www.vagadeempregorj.com.br\\\/#\\\/schema\\\/person\\\/c0c38d5d765e86c3b7c8f12fb1ae6477\",\"name\":\"Ana B.\",\"image\":{\"@type\":\"ImageObject\",\"inLanguage\":\"es\",\"@id\":\"https:\\\/\\\/secure.gravatar.com\\\/avatar\\\/f5efa58599e07f8dd92f26c7cfbc442fd115582bc681245452e503c2ef2334f3?s=96&r=g\",\"url\":\"https:\\\/\\\/secure.gravatar.com\\\/avatar\\\/f5efa58599e07f8dd92f26c7cfbc442fd115582bc681245452e503c2ef2334f3?s=96&r=g\",\"contentUrl\":\"https:\\\/\\\/secure.gravatar.com\\\/avatar\\\/f5efa58599e07f8dd92f26c7cfbc442fd115582bc681245452e503c2ef2334f3?s=96&r=g\",\"caption\":\"Ana B.\"},\"description\":\"Meu nome \u00e9 Ana e sou apaixonada por escrita, comunica\u00e7\u00e3o e informa\u00e7\u00e3o digital. Dedico meu tempo \u00e0 produ\u00e7\u00e3o de conte\u00fados di\u00e1rios para o portal Vaga de Emprego RJ, criando not\u00edcias, artigos e publica\u00e7\u00f5es sobre oportunidades de emprego, tecnologia, mercado de trabalho, tend\u00eancias globais e assuntos relevantes do mundo atual. Tenho como objetivo levar informa\u00e7\u00f5es claras, \u00fateis e atualizadas para os leitores, ajudando pessoas a se manterem informadas sobre carreira, inova\u00e7\u00e3o, economia digital e acontecimentos que impactam o dia a dia no Brasil e no mundo. Todos os conte\u00fados publicados s\u00e3o desenvolvidos com responsabilidade, pesquisa e compromisso com a qualidade da informa\u00e7\u00e3o, sempre buscando oferecer uma experi\u00eancia confi\u00e1vel e relevante para o p\u00fablico.\",\"url\":\"https:\\\/\\\/www.vagadeempregorj.com.br\\\/es\\\/author\\\/vgrj\\\/\"}]}<\/script>\n<!-- \/ Yoast SEO plugin. -->","yoast_head_json":{"title":"Ofertas de empleo en Grupo Info: Oportunidades en Manaus, Bel\u00e9m y Boa Vista.","description":"Vacantes en Grupo Info en Manaus, Bel\u00e9m y Boa Vista. Oportunidades para personas con discapacidad y con diversos niveles de experiencia. \u00a1Post\u00falate ahora!","robots":{"index":"index","follow":"follow","max-snippet":"max-snippet:-1","max-image-preview":"max-image-preview:large","max-video-preview":"max-video-preview:-1"},"canonical":"https:\/\/www.vagadeempregorj.com.br\/es\/ofertas-de-trabajo-en-el-grupo-info-en-manaus-belem-y-boa-vista\/","og_locale":"es_MX","og_type":"article","og_title":"Vagas no Grupo Info: Oportunidades em Manaus, Bel\u00e9m, Boa Vista -","og_description":"Vagas de emprego no Grupo Info para Manaus, Bel\u00e9m e Boa Vista. Oportunidades para PcDs e diversos n\u00edveis de experi\u00eancia. Inscreva-se!","og_url":"https:\/\/www.vagadeempregorj.com.br\/es\/ofertas-de-trabajo-en-el-grupo-info-en-manaus-belem-y-boa-vista\/","article_publisher":"https:\/\/www.facebook.com\/empregobrasiloficial","article_published_time":"2025-02-12T11:46:39+00:00","og_image":[{"width":578,"height":385,"url":"https:\/\/www.vagadeempregorj.com.br\/wp-content\/uploads\/2025\/02\/Vagas-de-emprego-no-Grupo-Info.jpeg","type":"image\/jpeg"}],"author":"Ana B.","twitter_card":"summary_large_image","twitter_misc":{"Escrito por":"Ana B.","Tiempo de lectura":"4 minutos"},"schema":{"@context":"https:\/\/schema.org","@graph":[{"@type":"Article","@id":"https:\/\/www.vagadeempregorj.com.br\/vagas-emprego-grupo-info-manaus-belem-boa-vista\/#article","isPartOf":{"@id":"https:\/\/www.vagadeempregorj.com.br\/vagas-emprego-grupo-info-manaus-belem-boa-vista\/"},"author":{"name":"Ana B.","@id":"https:\/\/www.vagadeempregorj.com.br\/#\/schema\/person\/c0c38d5d765e86c3b7c8f12fb1ae6477"},"headline":"Vagas no Grupo Info: Oportunidades em Manaus, Bel\u00e9m, Boa Vista","datePublished":"2025-02-12T11:46:39+00:00","mainEntityOfPage":{"@id":"https:\/\/www.vagadeempregorj.com.br\/vagas-emprego-grupo-info-manaus-belem-boa-vista\/"},"wordCount":808,"image":{"@id":"https:\/\/www.vagadeempregorj.com.br\/vagas-emprego-grupo-info-manaus-belem-boa-vista\/#primaryimage"},"thumbnailUrl":"https:\/\/www.vagadeempregorj.com.br\/wp-content\/uploads\/2025\/02\/Vagas-de-emprego-no-Grupo-Info.jpeg","keywords":["bel\u00e9m","boa vista","grupo info","manaus","oportunidades de trabalho","vagas de emprego"],"articleSection":["Vagas de Emprego Nacionais"],"inLanguage":"es"},{"@type":"WebPage","@id":"https:\/\/www.vagadeempregorj.com.br\/vagas-emprego-grupo-info-manaus-belem-boa-vista\/","url":"https:\/\/www.vagadeempregorj.com.br\/vagas-emprego-grupo-info-manaus-belem-boa-vista\/","name":"Ofertas de empleo en Grupo Info: Oportunidades en Manaus, Bel\u00e9m y Boa Vista.","isPartOf":{"@id":"https:\/\/www.vagadeempregorj.com.br\/#website"},"primaryImageOfPage":{"@id":"https:\/\/www.vagadeempregorj.com.br\/vagas-emprego-grupo-info-manaus-belem-boa-vista\/#primaryimage"},"image":{"@id":"https:\/\/www.vagadeempregorj.com.br\/vagas-emprego-grupo-info-manaus-belem-boa-vista\/#primaryimage"},"thumbnailUrl":"https:\/\/www.vagadeempregorj.com.br\/wp-content\/uploads\/2025\/02\/Vagas-de-emprego-no-Grupo-Info.jpeg","datePublished":"2025-02-12T11:46:39+00:00","author":{"@id":"https:\/\/www.vagadeempregorj.com.br\/#\/schema\/person\/c0c38d5d765e86c3b7c8f12fb1ae6477"},"description":"Vacantes en Grupo Info en Manaus, Bel\u00e9m y Boa Vista. Oportunidades para personas con discapacidad y con diversos niveles de experiencia. \u00a1Post\u00falate ahora!","breadcrumb":{"@id":"https:\/\/www.vagadeempregorj.com.br\/vagas-emprego-grupo-info-manaus-belem-boa-vista\/#breadcrumb"},"inLanguage":"es","potentialAction":[{"@type":"ReadAction","target":["https:\/\/www.vagadeempregorj.com.br\/vagas-emprego-grupo-info-manaus-belem-boa-vista\/"]}]},{"@type":"ImageObject","inLanguage":"es","@id":"https:\/\/www.vagadeempregorj.com.br\/vagas-emprego-grupo-info-manaus-belem-boa-vista\/#primaryimage","url":"https:\/\/www.vagadeempregorj.com.br\/wp-content\/uploads\/2025\/02\/Vagas-de-emprego-no-Grupo-Info.jpeg","contentUrl":"https:\/\/www.vagadeempregorj.com.br\/wp-content\/uploads\/2025\/02\/Vagas-de-emprego-no-Grupo-Info.jpeg","width":578,"height":385,"caption":"Vagas de emprego no Grupo Info"},{"@type":"BreadcrumbList","@id":"https:\/\/www.vagadeempregorj.com.br\/vagas-emprego-grupo-info-manaus-belem-boa-vista\/#breadcrumb","itemListElement":[{"@type":"ListItem","position":1,"name":"In\u00edcio","item":"https:\/\/www.vagadeempregorj.com.br\/"},{"@type":"ListItem","position":2,"name":"Vagas de Emprego Nacionais","item":"https:\/\/www.vagadeempregorj.com.br\/vagas-de-emprego-nacionais\/"},{"@type":"ListItem","position":3,"name":"Vagas no Grupo Info: Oportunidades em Manaus, Bel\u00e9m, Boa Vista"}]},{"@type":"WebSite","@id":"https:\/\/www.vagadeempregorj.com.br\/#website","url":"https:\/\/www.vagadeempregorj.com.br\/","name":"","description":"Haz realidad tus sue\u00f1os: Ofertas de empleo, beneficios y ahorros para transformar vidas y lograr mejoras cotidianas.","potentialAction":[{"@type":"SearchAction","target":{"@type":"EntryPoint","urlTemplate":"https:\/\/www.vagadeempregorj.com.br\/?s={search_term_string}"},"query-input":{"@type":"PropertyValueSpecification","valueRequired":true,"valueName":"search_term_string"}}],"inLanguage":"es"},{"@type":"Person","@id":"https:\/\/www.vagadeempregorj.com.br\/#\/schema\/person\/c0c38d5d765e86c3b7c8f12fb1ae6477","name":"Ana B.","image":{"@type":"ImageObject","inLanguage":"es","@id":"https:\/\/secure.gravatar.com\/avatar\/f5efa58599e07f8dd92f26c7cfbc442fd115582bc681245452e503c2ef2334f3?s=96&r=g","url":"https:\/\/secure.gravatar.com\/avatar\/f5efa58599e07f8dd92f26c7cfbc442fd115582bc681245452e503c2ef2334f3?s=96&r=g","contentUrl":"https:\/\/secure.gravatar.com\/avatar\/f5efa58599e07f8dd92f26c7cfbc442fd115582bc681245452e503c2ef2334f3?s=96&r=g","caption":"Ana B."},"description":"Me llamo Ana y me apasiona la escritura, la comunicaci\u00f3n y la informaci\u00f3n digital. Dedico mi tiempo a producir contenido diario para el portal Vaga de Emprego RJ, creando noticias, art\u00edculos y publicaciones sobre oportunidades laborales, tecnolog\u00eda, el mercado laboral, tendencias globales y temas de actualidad relevantes. Mi objetivo es brindar informaci\u00f3n clara, \u00fatil y actualizada a los lectores, ayud\u00e1ndolos a mantenerse informados sobre carreras profesionales, innovaci\u00f3n, la econom\u00eda digital y eventos que impactan la vida diaria en Brasil y en todo el mundo. Todo el contenido publicado se desarrolla de manera responsable, con investigaci\u00f3n y un compromiso con la calidad de la informaci\u00f3n, esforz\u00e1ndome siempre por ofrecer una experiencia confiable y relevante para la audiencia.","url":"https:\/\/www.vagadeempregorj.com.br\/es\/author\/vgrj\/"}]}},"_links":{"self":[{"href":"https:\/\/www.vagadeempregorj.com.br\/es\/wp-json\/wp\/v2\/posts\/42564","targetHints":{"allow":["GET"]}}],"collection":[{"href":"https:\/\/www.vagadeempregorj.com.br\/es\/wp-json\/wp\/v2\/posts"}],"about":[{"href":"https:\/\/www.vagadeempregorj.com.br\/es\/wp-json\/wp\/v2\/types\/post"}],"author":[{"embeddable":true,"href":"https:\/\/www.vagadeempregorj.com.br\/es\/wp-json\/wp\/v2\/users\/1"}],"replies":[{"embeddable":true,"href":"https:\/\/www.vagadeempregorj.com.br\/es\/wp-json\/wp\/v2\/comments?post=42564"}],"version-history":[{"count":0,"href":"https:\/\/www.vagadeempregorj.com.br\/es\/wp-json\/wp\/v2\/posts\/42564\/revisions"}],"wp:featuredmedia":[{"embeddable":true,"href":"https:\/\/www.vagadeempregorj.com.br\/es\/wp-json\/wp\/v2\/media\/42565"}],"wp:attachment":[{"href":"https:\/\/www.vagadeempregorj.com.br\/es\/wp-json\/wp\/v2\/media?parent=42564"}],"wp:term":[{"taxonomy":"category","embeddable":true,"href":"https:\/\/www.vagadeempregorj.com.br\/es\/wp-json\/wp\/v2\/categories?post=42564"},{"taxonomy":"post_tag","embeddable":true,"href":"https:\/\/www.vagadeempregorj.com.br\/es\/wp-json\/wp\/v2\/tags?post=42564"}],"curies":[{"name":"wp","href":"https:\/\/api.w.org\/{rel}","templated":true}]}}