{"id":42593,"date":"2025-02-17T08:45:42","date_gmt":"2025-02-17T11:45:42","guid":{"rendered":"https:\/\/www.vagadeempregorj.com.br\/?p=42593"},"modified":"2025-06-15T14:46:33","modified_gmt":"2025-06-15T17:46:33","slug":"mec-curso-educacao-hibrida-formacao-docentes","status":"publish","type":"post","link":"https:\/\/www.vagadeempregorj.com.br\/es\/mec-curso-educacao-hibrida-formacao-docentes\/","title":{"rendered":"MEC Lan\u00e7a Curso de Educa\u00e7\u00e3o H\u00edbrida com Guia Pedag\u00f3gico"},"content":{"rendered":"<p class=\"has-medium-font-size\">O Minist\u00e9rio da Educa\u00e7\u00e3o (MEC) deu um passo importante para modernizar o ensino no Brasil com o lan\u00e7amento de um curso de forma\u00e7\u00e3o em educa\u00e7\u00e3o h\u00edbrida, al\u00e9m de um guia pedag\u00f3gico. Essas iniciativas, desenvolvidas pela Rede de Inova\u00e7\u00e3o para a Educa\u00e7\u00e3o H\u00edbrida (Rieh), t\u00eam o objetivo de capacitar professores para integrar, de forma eficiente, metodologias digitais e presenciais. Al\u00e9m disso, o curso, que come\u00e7a em mar\u00e7o, promete revolucionar o ensino m\u00e9dio p\u00fablico. Dessa forma, busca preparar docentes e alunos para os desafios do s\u00e9culo XXI, promovendo uma educa\u00e7\u00e3o mais din\u00e2mica e inovadora.<\/p>\n\n\n\n<h2 class=\"wp-block-heading\"><strong>O que \u00e9 Educa\u00e7\u00e3o H\u00edbrida e por que ela \u00e9 importante?<\/strong><\/h2>\n\n\n\n<p class=\"has-medium-font-size\">A educa\u00e7\u00e3o h\u00edbrida \u00e9 uma abordagem que combina ensino presencial e digital, oferecendo, assim, mais flexibilidade e personaliza\u00e7\u00e3o do aprendizado. Al\u00e9m disso, essa metodologia \u00e9 essencial para preparar os estudantes para um mundo cada vez mais tecnol\u00f3gico, pois integra ferramentas digitais com a intera\u00e7\u00e3o humana. Para facilitar essa transi\u00e7\u00e3o, o MEC lan\u00e7ou o guia <strong>\u201cEduca\u00e7\u00e3o H\u00edbrida: conceito e orienta\u00e7\u00f5es pedag\u00f3gicas\u201d<\/strong>, que detalha os principais conceitos e pr\u00e1ticas necess\u00e1rios para a implementa\u00e7\u00e3o desse modelo de ensino.<\/p>\n\n\n\n<p class=\"has-medium-font-size\">Al\u00e9m disso, a educa\u00e7\u00e3o h\u00edbrida promove a interdisciplinaridade, permitindo que professores de diferentes \u00e1reas trabalhem juntos para criar experi\u00eancias de aprendizado mais ricas e conectadas. Isso n\u00e3o s\u00f3 beneficia os alunos, mas tamb\u00e9m os professores, que ganham novas ferramentas para tornar suas aulas mais din\u00e2micas e envolventes.<\/p>\n\n\n\n<h2 class=\"wp-block-heading\"><strong>Detalhes do Curso de Forma\u00e7\u00e3o em Educa\u00e7\u00e3o H\u00edbrida<\/strong><\/h2>\n\n\n\n<p class=\"has-medium-font-size\">O curso, chamado <strong>\u201cEduca\u00e7\u00e3o H\u00edbrida para Docentes: da compreens\u00e3o \u00e0 pr\u00e1tica pedag\u00f3gica\u201d<\/strong>, ter\u00e1 uma carga hor\u00e1ria de 80 horas, sendo 72 horas dedicadas ao formato virtual e 8 horas ao presencial. Al\u00e9m disso, abordar\u00e1 temas como:<\/p>\n\n\n\n<ul class=\"wp-block-list\">\n<li class=\"has-medium-font-size\"><strong>Escola como espa\u00e7o de viv\u00eancias h\u00edbridas<\/strong><\/li>\n\n\n\n<li class=\"has-medium-font-size\"><strong>Ferramentas e recursos did\u00e1ticos digitais<\/strong><\/li>\n\n\n\n<li class=\"has-medium-font-size\"><strong>Recursos educacionais digitais<\/strong><\/li>\n\n\n\n<li class=\"has-medium-font-size\"><strong>Educa\u00e7\u00e3o h\u00edbrida na perspectiva da comunidade escolar<\/strong><\/li>\n\n\n\n<li class=\"has-medium-font-size\"><strong>Elabora\u00e7\u00e3o de planos de aula integrados<\/strong><\/li>\n<\/ul>\n\n\n\n<p class=\"has-medium-font-size\">As inscri\u00e7\u00f5es est\u00e3o abertas at\u00e9 21 de fevereiro, com 40 vagas dispon\u00edveis para cada rede de ensino que integra a Rieh. Al\u00e9m disso, a coordena\u00e7\u00e3o do curso recomenda que cada escola inscreva quatro professores, preferencialmente um de cada \u00e1rea do conhecimento. Para mais informa\u00e7\u00f5es, os docentes interessados devem entrar em contato com a secretaria de educa\u00e7\u00e3o de sua unidade federativa.<\/p>\n\n\n\n<h2 class=\"wp-block-heading\"><strong>Benef\u00edcios da Educa\u00e7\u00e3o H\u00edbrida para Professores e Alunos<\/strong><\/h2>\n\n\n\n<p class=\"has-medium-font-size\">A <strong>educa\u00e7\u00e3o h\u00edbrida<\/strong> traz in\u00fameros benef\u00edcios tanto para professores quanto para alunos. Para os docentes, o curso oferece ferramentas e metodologias para criar aulas mais din\u00e2micas e interativas, al\u00e9m de promover a colabora\u00e7\u00e3o entre colegas de diferentes \u00e1reas. J\u00e1 para os alunos, essa abordagem proporciona maior autonomia no aprendizado, permitindo que eles explorem recursos digitais que complementam o ensino tradicional.<\/p>\n\n\n\n<p class=\"has-medium-font-size\">Outro ponto importante \u00e9 a flexibilidade que a educa\u00e7\u00e3o h\u00edbrida oferece. Os estudantes podem acessar conte\u00fados e atividades online no seu pr\u00f3prio ritmo, enquanto as aulas presenciais s\u00e3o reservadas para discuss\u00f5es, d\u00favidas e atividades pr\u00e1ticas. Essa combina\u00e7\u00e3o de m\u00e9todos ajuda a manter os alunos engajados e preparados para os desafios do futuro.<\/p>\n\n\n\n<h2 class=\"wp-block-heading\"><strong>Como Participar do Curso e Acessar o Guia<\/strong><\/h2>\n\n\n\n<p class=\"has-medium-font-size\">Para se inscrever no curso, os professores devem entrar em contato com a secretaria de educa\u00e7\u00e3o de seu estado. O guia \u201cEduca\u00e7\u00e3o H\u00edbrida: conceito e orienta\u00e7\u00f5es pedag\u00f3gicas\u201d est\u00e1 dispon\u00edvel gratuitamente no site do MEC, oferecendo um roteiro completo para implementar essa metodologia nas escolas. Al\u00e9m disso, os docentes podem tirar d\u00favidas pelo e-mail formacao.rieh@nees.ufal.br.<\/p>\n\n\n\n<h2 class=\"wp-block-heading\"><strong>Impacto da Educa\u00e7\u00e3o H\u00edbrida no Ensino M\u00e9dio P\u00fablico<\/strong><\/h2>\n\n\n\n<p class=\"has-medium-font-size\">A implementa\u00e7\u00e3o da <strong>educa\u00e7\u00e3o h\u00edbrida<\/strong> no ensino m\u00e9dio p\u00fablico \u00e9 um passo crucial para reduzir as desigualdades educacionais no Brasil. Ao integrar tecnologia e metodologias inovadoras, o MEC busca garantir que todos os estudantes, independentemente de sua localiza\u00e7\u00e3o geogr\u00e1fica, tenham acesso a um ensino de qualidade.<\/p>\n\n\n\n<p class=\"has-medium-font-size\">Essa iniciativa tamb\u00e9m est\u00e1 alinhada com a Pol\u00edtica Nacional de Ensino M\u00e9dio e a Pol\u00edtica Nacional de Educa\u00e7\u00e3o Digital, que visam modernizar o sistema educacional brasileiro. Com o curso e o guia, os professores estar\u00e3o melhor preparados para enfrentar os desafios do ensino no s\u00e9culo XXI, proporcionando uma experi\u00eancia de aprendizado mais rica e significativa para seus alunos.<\/p>\n\n\n\n<p class=\"has-medium-font-size\">O lan\u00e7amento do curso e do guia pelo MEC representa um avan\u00e7o significativo na forma\u00e7\u00e3o de docentes em <strong>en<\/strong>sino semipresencial. Essa iniciativa n\u00e3o s\u00f3 capacita os professores, mas tamb\u00e9m prepara os estudantes para um futuro cada vez mais digital. A integra\u00e7\u00e3o de tecnologias e pr\u00e1ticas pedag\u00f3gicas inovadoras \u00e9 essencial para transformar o ensino m\u00e9dio p\u00fablico e garantir uma educa\u00e7\u00e3o de qualidade para todos.<\/p>\n\n\n\n<hr class=\"wp-block-separator has-alpha-channel-opacity\"\/>\n\n\n\n<p class=\"has-medium-font-size\"><a href=\"https:\/\/www.vagadeempregorj.com.br\/es\/cursos\/\">Como a tecnologia est\u00e1 transformando a educa\u00e7\u00e3o no Brasil<\/a><\/p>","protected":false},"excerpt":{"rendered":"<p>O Minist\u00e9rio da Educa\u00e7\u00e3o (MEC) deu um passo importante para modernizar o ensino no Brasil com o lan\u00e7amento de um curso de forma\u00e7\u00e3o em educa\u00e7\u00e3o h\u00edbrida, al\u00e9m de um guia pedag\u00f3gico. Essas iniciativas, desenvolvidas pela Rede de Inova\u00e7\u00e3o para a Educa\u00e7\u00e3o H\u00edbrida (Rieh), t\u00eam o objetivo de capacitar professores para integrar, de forma eficiente, metodologias&hellip;&nbsp;<\/p>","protected":false},"author":1,"featured_media":42594,"comment_status":"closed","ping_status":"closed","sticky":false,"template":"","format":"standard","meta":{"neve_meta_sidebar":"","neve_meta_container":"","neve_meta_enable_content_width":"","neve_meta_content_width":0,"neve_meta_title_alignment":"","neve_meta_author_avatar":"","neve_post_elements_order":"","neve_meta_disable_header":"","neve_meta_disable_footer":"","neve_meta_disable_title":"","footnotes":""},"categories":[703],"tags":[1049,1050,1048,966,1051],"class_list":["post-42593","post","type-post","status-publish","format-standard","has-post-thumbnail","hentry","category-informacao-tecnologica-e-curiosidades","tag-educacao-hibrida","tag-formacao-de-professores","tag-guia-pedagogico","tag-mec","tag-tecnologia-na-educacao"],"yoast_head":"<!-- This site is optimized with the Yoast SEO plugin v27.5 - https:\/\/yoast.com\/product\/yoast-seo-wordpress\/ -->\n<title>MEC Lan\u00e7a Curso de Educa\u00e7\u00e3o H\u00edbrida com Guia Pedag\u00f3gico -<\/title>\n<meta name=\"description\" content=\"MEC lan\u00e7a curso e guia para forma\u00e7\u00e3o de docentes em educa\u00e7\u00e3o h\u00edbrida. Inscri\u00e7\u00f5es at\u00e9 21\/02. Saiba mais sobre essa iniciativa inovadora!\" \/>\n<meta name=\"robots\" content=\"index, follow, max-snippet:-1, max-image-preview:large, max-video-preview:-1\" \/>\n<link rel=\"canonical\" href=\"https:\/\/www.vagadeempregorj.com.br\/es\/mec-curso-educacao-hibrida-formacao-docentes\/\" \/>\n<meta property=\"og:locale\" content=\"es_MX\" \/>\n<meta property=\"og:type\" content=\"article\" \/>\n<meta property=\"og:title\" content=\"MEC Lan\u00e7a Curso de Educa\u00e7\u00e3o H\u00edbrida com Guia Pedag\u00f3gico -\" \/>\n<meta property=\"og:description\" content=\"MEC lan\u00e7a curso e guia para forma\u00e7\u00e3o de docentes em educa\u00e7\u00e3o h\u00edbrida. Inscri\u00e7\u00f5es at\u00e9 21\/02. Saiba mais sobre essa iniciativa inovadora!\" \/>\n<meta property=\"og:url\" content=\"https:\/\/www.vagadeempregorj.com.br\/es\/mec-curso-educacao-hibrida-formacao-docentes\/\" \/>\n<meta property=\"article:publisher\" content=\"https:\/\/www.facebook.com\/empregobrasiloficial\" \/>\n<meta property=\"article:published_time\" content=\"2025-02-17T11:45:42+00:00\" \/>\n<meta property=\"article:modified_time\" content=\"2025-06-15T17:46:33+00:00\" \/>\n<meta property=\"og:image\" content=\"https:\/\/www.vagadeempregorj.com.br\/wp-content\/uploads\/2025\/02\/Educacao-Hibrida.jpeg\" \/>\n\t<meta property=\"og:image:width\" content=\"768\" \/>\n\t<meta property=\"og:image:height\" content=\"511\" \/>\n\t<meta property=\"og:image:type\" content=\"image\/jpeg\" \/>\n<meta name=\"author\" content=\"Ana B.\" \/>\n<meta name=\"twitter:card\" content=\"summary_large_image\" \/>\n<meta name=\"twitter:label1\" content=\"Written by\" \/>\n\t<meta name=\"twitter:data1\" content=\"Ana B.\" \/>\n\t<meta name=\"twitter:label2\" content=\"Est. reading time\" \/>\n\t<meta name=\"twitter:data2\" content=\"4 minutos\" \/>\n<script type=\"application\/ld+json\" class=\"yoast-schema-graph\">{\"@context\":\"https:\\\/\\\/schema.org\",\"@graph\":[{\"@type\":\"Article\",\"@id\":\"https:\\\/\\\/www.vagadeempregorj.com.br\\\/mec-curso-educacao-hibrida-formacao-docentes\\\/#article\",\"isPartOf\":{\"@id\":\"https:\\\/\\\/www.vagadeempregorj.com.br\\\/mec-curso-educacao-hibrida-formacao-docentes\\\/\"},\"author\":{\"name\":\"Ana B.\",\"@id\":\"https:\\\/\\\/www.vagadeempregorj.com.br\\\/#\\\/schema\\\/person\\\/c0c38d5d765e86c3b7c8f12fb1ae6477\"},\"headline\":\"MEC Lan\u00e7a Curso de Educa\u00e7\u00e3o H\u00edbrida com Guia Pedag\u00f3gico\",\"datePublished\":\"2025-02-17T11:45:42+00:00\",\"dateModified\":\"2025-06-15T17:46:33+00:00\",\"mainEntityOfPage\":{\"@id\":\"https:\\\/\\\/www.vagadeempregorj.com.br\\\/mec-curso-educacao-hibrida-formacao-docentes\\\/\"},\"wordCount\":853,\"image\":{\"@id\":\"https:\\\/\\\/www.vagadeempregorj.com.br\\\/mec-curso-educacao-hibrida-formacao-docentes\\\/#primaryimage\"},\"thumbnailUrl\":\"https:\\\/\\\/www.vagadeempregorj.com.br\\\/wp-content\\\/uploads\\\/2025\\\/02\\\/Educacao-Hibrida.jpeg\",\"keywords\":[\"educa\u00e7\u00e3o h\u00edbrida\",\"forma\u00e7\u00e3o de professores\",\"guia pedag\u00f3gico\",\"MEC\",\"tecnologia na educa\u00e7\u00e3o\"],\"articleSection\":[\"Informa\u00e7\u00e3o Tecnol\u00f3gica, Curiosidades e Cursos\"],\"inLanguage\":\"es\"},{\"@type\":\"WebPage\",\"@id\":\"https:\\\/\\\/www.vagadeempregorj.com.br\\\/mec-curso-educacao-hibrida-formacao-docentes\\\/\",\"url\":\"https:\\\/\\\/www.vagadeempregorj.com.br\\\/mec-curso-educacao-hibrida-formacao-docentes\\\/\",\"name\":\"MEC Lan\u00e7a Curso de Educa\u00e7\u00e3o H\u00edbrida com Guia Pedag\u00f3gico -\",\"isPartOf\":{\"@id\":\"https:\\\/\\\/www.vagadeempregorj.com.br\\\/#website\"},\"primaryImageOfPage\":{\"@id\":\"https:\\\/\\\/www.vagadeempregorj.com.br\\\/mec-curso-educacao-hibrida-formacao-docentes\\\/#primaryimage\"},\"image\":{\"@id\":\"https:\\\/\\\/www.vagadeempregorj.com.br\\\/mec-curso-educacao-hibrida-formacao-docentes\\\/#primaryimage\"},\"thumbnailUrl\":\"https:\\\/\\\/www.vagadeempregorj.com.br\\\/wp-content\\\/uploads\\\/2025\\\/02\\\/Educacao-Hibrida.jpeg\",\"datePublished\":\"2025-02-17T11:45:42+00:00\",\"dateModified\":\"2025-06-15T17:46:33+00:00\",\"author\":{\"@id\":\"https:\\\/\\\/www.vagadeempregorj.com.br\\\/#\\\/schema\\\/person\\\/c0c38d5d765e86c3b7c8f12fb1ae6477\"},\"description\":\"MEC lan\u00e7a curso e guia para forma\u00e7\u00e3o de docentes em educa\u00e7\u00e3o h\u00edbrida. Inscri\u00e7\u00f5es at\u00e9 21\\\/02. Saiba mais sobre essa iniciativa inovadora!\",\"breadcrumb\":{\"@id\":\"https:\\\/\\\/www.vagadeempregorj.com.br\\\/mec-curso-educacao-hibrida-formacao-docentes\\\/#breadcrumb\"},\"inLanguage\":\"es\",\"potentialAction\":[{\"@type\":\"ReadAction\",\"target\":[\"https:\\\/\\\/www.vagadeempregorj.com.br\\\/mec-curso-educacao-hibrida-formacao-docentes\\\/\"]}]},{\"@type\":\"ImageObject\",\"inLanguage\":\"es\",\"@id\":\"https:\\\/\\\/www.vagadeempregorj.com.br\\\/mec-curso-educacao-hibrida-formacao-docentes\\\/#primaryimage\",\"url\":\"https:\\\/\\\/www.vagadeempregorj.com.br\\\/wp-content\\\/uploads\\\/2025\\\/02\\\/Educacao-Hibrida.jpeg\",\"contentUrl\":\"https:\\\/\\\/www.vagadeempregorj.com.br\\\/wp-content\\\/uploads\\\/2025\\\/02\\\/Educacao-Hibrida.jpeg\",\"width\":768,\"height\":511,\"caption\":\"Educa\u00e7\u00e3o H\u00edbrida\"},{\"@type\":\"BreadcrumbList\",\"@id\":\"https:\\\/\\\/www.vagadeempregorj.com.br\\\/mec-curso-educacao-hibrida-formacao-docentes\\\/#breadcrumb\",\"itemListElement\":[{\"@type\":\"ListItem\",\"position\":1,\"name\":\"In\u00edcio\",\"item\":\"https:\\\/\\\/www.vagadeempregorj.com.br\\\/\"},{\"@type\":\"ListItem\",\"position\":2,\"name\":\"MEC Lan\u00e7a Curso de Educa\u00e7\u00e3o H\u00edbrida com Guia Pedag\u00f3gico\"}]},{\"@type\":\"WebSite\",\"@id\":\"https:\\\/\\\/www.vagadeempregorj.com.br\\\/#website\",\"url\":\"https:\\\/\\\/www.vagadeempregorj.com.br\\\/\",\"name\":\"\",\"description\":\"Conquiste Sonhos: Vagas, Benef\u00edcios e Economia para Transformar Vidas e Alcan\u00e7ar Melhorias Cotidianas\",\"potentialAction\":[{\"@type\":\"SearchAction\",\"target\":{\"@type\":\"EntryPoint\",\"urlTemplate\":\"https:\\\/\\\/www.vagadeempregorj.com.br\\\/?s={search_term_string}\"},\"query-input\":{\"@type\":\"PropertyValueSpecification\",\"valueRequired\":true,\"valueName\":\"search_term_string\"}}],\"inLanguage\":\"es\"},{\"@type\":\"Person\",\"@id\":\"https:\\\/\\\/www.vagadeempregorj.com.br\\\/#\\\/schema\\\/person\\\/c0c38d5d765e86c3b7c8f12fb1ae6477\",\"name\":\"Ana B.\",\"image\":{\"@type\":\"ImageObject\",\"inLanguage\":\"es\",\"@id\":\"https:\\\/\\\/secure.gravatar.com\\\/avatar\\\/f5efa58599e07f8dd92f26c7cfbc442fd115582bc681245452e503c2ef2334f3?s=96&r=g\",\"url\":\"https:\\\/\\\/secure.gravatar.com\\\/avatar\\\/f5efa58599e07f8dd92f26c7cfbc442fd115582bc681245452e503c2ef2334f3?s=96&r=g\",\"contentUrl\":\"https:\\\/\\\/secure.gravatar.com\\\/avatar\\\/f5efa58599e07f8dd92f26c7cfbc442fd115582bc681245452e503c2ef2334f3?s=96&r=g\",\"caption\":\"Ana B.\"},\"description\":\"Meu nome \u00e9 Ana e sou apaixonada em escrever. Dedico meu tempo escrevendo not\u00edcias e vagas de emprego diariamente no portal Vaga de Emprego RJ.\",\"url\":\"https:\\\/\\\/www.vagadeempregorj.com.br\\\/es\\\/author\\\/vgrj\\\/\"}]}<\/script>\n<!-- \/ Yoast SEO plugin. -->","yoast_head_json":{"title":"MEC Lan\u00e7a Curso de Educa\u00e7\u00e3o H\u00edbrida com Guia Pedag\u00f3gico -","description":"MEC lan\u00e7a curso e guia para forma\u00e7\u00e3o de docentes em educa\u00e7\u00e3o h\u00edbrida. Inscri\u00e7\u00f5es at\u00e9 21\/02. Saiba mais sobre essa iniciativa inovadora!","robots":{"index":"index","follow":"follow","max-snippet":"max-snippet:-1","max-image-preview":"max-image-preview:large","max-video-preview":"max-video-preview:-1"},"canonical":"https:\/\/www.vagadeempregorj.com.br\/es\/mec-curso-educacao-hibrida-formacao-docentes\/","og_locale":"es_MX","og_type":"article","og_title":"MEC Lan\u00e7a Curso de Educa\u00e7\u00e3o H\u00edbrida com Guia Pedag\u00f3gico -","og_description":"MEC lan\u00e7a curso e guia para forma\u00e7\u00e3o de docentes em educa\u00e7\u00e3o h\u00edbrida. Inscri\u00e7\u00f5es at\u00e9 21\/02. Saiba mais sobre essa iniciativa inovadora!","og_url":"https:\/\/www.vagadeempregorj.com.br\/es\/mec-curso-educacao-hibrida-formacao-docentes\/","article_publisher":"https:\/\/www.facebook.com\/empregobrasiloficial","article_published_time":"2025-02-17T11:45:42+00:00","article_modified_time":"2025-06-15T17:46:33+00:00","og_image":[{"width":768,"height":511,"url":"https:\/\/www.vagadeempregorj.com.br\/wp-content\/uploads\/2025\/02\/Educacao-Hibrida.jpeg","type":"image\/jpeg"}],"author":"Ana B.","twitter_card":"summary_large_image","twitter_misc":{"Written by":"Ana B.","Est. reading time":"4 minutos"},"schema":{"@context":"https:\/\/schema.org","@graph":[{"@type":"Article","@id":"https:\/\/www.vagadeempregorj.com.br\/mec-curso-educacao-hibrida-formacao-docentes\/#article","isPartOf":{"@id":"https:\/\/www.vagadeempregorj.com.br\/mec-curso-educacao-hibrida-formacao-docentes\/"},"author":{"name":"Ana B.","@id":"https:\/\/www.vagadeempregorj.com.br\/#\/schema\/person\/c0c38d5d765e86c3b7c8f12fb1ae6477"},"headline":"MEC Lan\u00e7a Curso de Educa\u00e7\u00e3o H\u00edbrida com Guia Pedag\u00f3gico","datePublished":"2025-02-17T11:45:42+00:00","dateModified":"2025-06-15T17:46:33+00:00","mainEntityOfPage":{"@id":"https:\/\/www.vagadeempregorj.com.br\/mec-curso-educacao-hibrida-formacao-docentes\/"},"wordCount":853,"image":{"@id":"https:\/\/www.vagadeempregorj.com.br\/mec-curso-educacao-hibrida-formacao-docentes\/#primaryimage"},"thumbnailUrl":"https:\/\/www.vagadeempregorj.com.br\/wp-content\/uploads\/2025\/02\/Educacao-Hibrida.jpeg","keywords":["educa\u00e7\u00e3o h\u00edbrida","forma\u00e7\u00e3o de professores","guia pedag\u00f3gico","MEC","tecnologia na educa\u00e7\u00e3o"],"articleSection":["Informa\u00e7\u00e3o Tecnol\u00f3gica, Curiosidades e Cursos"],"inLanguage":"es"},{"@type":"WebPage","@id":"https:\/\/www.vagadeempregorj.com.br\/mec-curso-educacao-hibrida-formacao-docentes\/","url":"https:\/\/www.vagadeempregorj.com.br\/mec-curso-educacao-hibrida-formacao-docentes\/","name":"MEC Lan\u00e7a Curso de Educa\u00e7\u00e3o H\u00edbrida com Guia Pedag\u00f3gico -","isPartOf":{"@id":"https:\/\/www.vagadeempregorj.com.br\/#website"},"primaryImageOfPage":{"@id":"https:\/\/www.vagadeempregorj.com.br\/mec-curso-educacao-hibrida-formacao-docentes\/#primaryimage"},"image":{"@id":"https:\/\/www.vagadeempregorj.com.br\/mec-curso-educacao-hibrida-formacao-docentes\/#primaryimage"},"thumbnailUrl":"https:\/\/www.vagadeempregorj.com.br\/wp-content\/uploads\/2025\/02\/Educacao-Hibrida.jpeg","datePublished":"2025-02-17T11:45:42+00:00","dateModified":"2025-06-15T17:46:33+00:00","author":{"@id":"https:\/\/www.vagadeempregorj.com.br\/#\/schema\/person\/c0c38d5d765e86c3b7c8f12fb1ae6477"},"description":"MEC lan\u00e7a curso e guia para forma\u00e7\u00e3o de docentes em educa\u00e7\u00e3o h\u00edbrida. Inscri\u00e7\u00f5es at\u00e9 21\/02. Saiba mais sobre essa iniciativa inovadora!","breadcrumb":{"@id":"https:\/\/www.vagadeempregorj.com.br\/mec-curso-educacao-hibrida-formacao-docentes\/#breadcrumb"},"inLanguage":"es","potentialAction":[{"@type":"ReadAction","target":["https:\/\/www.vagadeempregorj.com.br\/mec-curso-educacao-hibrida-formacao-docentes\/"]}]},{"@type":"ImageObject","inLanguage":"es","@id":"https:\/\/www.vagadeempregorj.com.br\/mec-curso-educacao-hibrida-formacao-docentes\/#primaryimage","url":"https:\/\/www.vagadeempregorj.com.br\/wp-content\/uploads\/2025\/02\/Educacao-Hibrida.jpeg","contentUrl":"https:\/\/www.vagadeempregorj.com.br\/wp-content\/uploads\/2025\/02\/Educacao-Hibrida.jpeg","width":768,"height":511,"caption":"Educa\u00e7\u00e3o H\u00edbrida"},{"@type":"BreadcrumbList","@id":"https:\/\/www.vagadeempregorj.com.br\/mec-curso-educacao-hibrida-formacao-docentes\/#breadcrumb","itemListElement":[{"@type":"ListItem","position":1,"name":"In\u00edcio","item":"https:\/\/www.vagadeempregorj.com.br\/"},{"@type":"ListItem","position":2,"name":"MEC Lan\u00e7a Curso de Educa\u00e7\u00e3o H\u00edbrida com Guia Pedag\u00f3gico"}]},{"@type":"WebSite","@id":"https:\/\/www.vagadeempregorj.com.br\/#website","url":"https:\/\/www.vagadeempregorj.com.br\/","name":"","description":"Conquiste Sonhos: Vagas, Benef\u00edcios e Economia para Transformar Vidas e Alcan\u00e7ar Melhorias Cotidianas","potentialAction":[{"@type":"SearchAction","target":{"@type":"EntryPoint","urlTemplate":"https:\/\/www.vagadeempregorj.com.br\/?s={search_term_string}"},"query-input":{"@type":"PropertyValueSpecification","valueRequired":true,"valueName":"search_term_string"}}],"inLanguage":"es"},{"@type":"Person","@id":"https:\/\/www.vagadeempregorj.com.br\/#\/schema\/person\/c0c38d5d765e86c3b7c8f12fb1ae6477","name":"Ana B.","image":{"@type":"ImageObject","inLanguage":"es","@id":"https:\/\/secure.gravatar.com\/avatar\/f5efa58599e07f8dd92f26c7cfbc442fd115582bc681245452e503c2ef2334f3?s=96&r=g","url":"https:\/\/secure.gravatar.com\/avatar\/f5efa58599e07f8dd92f26c7cfbc442fd115582bc681245452e503c2ef2334f3?s=96&r=g","contentUrl":"https:\/\/secure.gravatar.com\/avatar\/f5efa58599e07f8dd92f26c7cfbc442fd115582bc681245452e503c2ef2334f3?s=96&r=g","caption":"Ana B."},"description":"Meu nome \u00e9 Ana e sou apaixonada em escrever. Dedico meu tempo escrevendo not\u00edcias e vagas de emprego diariamente no portal Vaga de Emprego RJ.","url":"https:\/\/www.vagadeempregorj.com.br\/es\/author\/vgrj\/"}]}},"_links":{"self":[{"href":"https:\/\/www.vagadeempregorj.com.br\/es\/wp-json\/wp\/v2\/posts\/42593","targetHints":{"allow":["GET"]}}],"collection":[{"href":"https:\/\/www.vagadeempregorj.com.br\/es\/wp-json\/wp\/v2\/posts"}],"about":[{"href":"https:\/\/www.vagadeempregorj.com.br\/es\/wp-json\/wp\/v2\/types\/post"}],"author":[{"embeddable":true,"href":"https:\/\/www.vagadeempregorj.com.br\/es\/wp-json\/wp\/v2\/users\/1"}],"replies":[{"embeddable":true,"href":"https:\/\/www.vagadeempregorj.com.br\/es\/wp-json\/wp\/v2\/comments?post=42593"}],"version-history":[{"count":1,"href":"https:\/\/www.vagadeempregorj.com.br\/es\/wp-json\/wp\/v2\/posts\/42593\/revisions"}],"predecessor-version":[{"id":43600,"href":"https:\/\/www.vagadeempregorj.com.br\/es\/wp-json\/wp\/v2\/posts\/42593\/revisions\/43600"}],"wp:featuredmedia":[{"embeddable":true,"href":"https:\/\/www.vagadeempregorj.com.br\/es\/wp-json\/wp\/v2\/media\/42594"}],"wp:attachment":[{"href":"https:\/\/www.vagadeempregorj.com.br\/es\/wp-json\/wp\/v2\/media?parent=42593"}],"wp:term":[{"taxonomy":"category","embeddable":true,"href":"https:\/\/www.vagadeempregorj.com.br\/es\/wp-json\/wp\/v2\/categories?post=42593"},{"taxonomy":"post_tag","embeddable":true,"href":"https:\/\/www.vagadeempregorj.com.br\/es\/wp-json\/wp\/v2\/tags?post=42593"}],"curies":[{"name":"wp","href":"https:\/\/api.w.org\/{rel}","templated":true}]}}