{"id":42607,"date":"2025-02-24T06:00:00","date_gmt":"2025-02-24T09:00:00","guid":{"rendered":"https:\/\/www.vagadeempregorj.com.br\/?p=42607"},"modified":"2025-02-18T17:26:47","modified_gmt":"2025-02-18T20:26:47","slug":"gol-carreiras-47-vagas-de-emprego-abertas-pelo-pais","status":"publish","type":"post","link":"https:\/\/www.vagadeempregorj.com.br\/es\/gol-carreiras-47-vagas-de-emprego-abertas-pelo-pais\/","title":{"rendered":"GOL Carreiras: 47 vagas de emprego abertas pelo pa\u00eds"},"content":{"rendered":"<p>A <strong>GOL Carreiras<\/strong> Linhas A\u00e9reas est\u00e1 com 47 vagas de emprego abertas em diversas \u00e1reas e localidades, oferecendo oportunidades para quem deseja ingressar ou crescer no setor da avia\u00e7\u00e3o.&nbsp;<\/p>\n\n\n\n<p>A empresa, conhecida por sua forte cultura organizacional e compromisso com a experi\u00eancia do cliente, est\u00e1 sempre em busca de profissionais qualificados e apaixonados pelo que fazem. Seja para atuar no atendimento ao p\u00fablico, na manuten\u00e7\u00e3o de aeronaves ou na \u00e1rea administrativa, h\u00e1 vagas para diferentes perfis e n\u00edveis de experi\u00eancia.<\/p>\n\n\n\n<figure class=\"wp-block-image size-large\"><img loading=\"lazy\" decoding=\"async\" width=\"1024\" height=\"683\" src=\"https:\/\/www.vagadeempregorj.com.br\/wp-content\/uploads\/2025\/02\/image-31-1024x683.png\" alt=\"\" class=\"wp-image-42622\" srcset=\"https:\/\/www.vagadeempregorj.com.br\/wp-content\/uploads\/2025\/02\/image-31-1024x683.png 1024w, https:\/\/www.vagadeempregorj.com.br\/wp-content\/uploads\/2025\/02\/image-31-300x200.png 300w, https:\/\/www.vagadeempregorj.com.br\/wp-content\/uploads\/2025\/02\/image-31-768x512.png 768w, https:\/\/www.vagadeempregorj.com.br\/wp-content\/uploads\/2025\/02\/image-31-150x100.png 150w, https:\/\/www.vagadeempregorj.com.br\/wp-content\/uploads\/2025\/02\/image-31.png 1200w\" sizes=\"auto, (max-width: 1024px) 100vw, 1024px\" \/><\/figure>\n\n\n\n<h2 class=\"wp-block-heading\">Quais s\u00e3o as oportunidades na GOL Carreiras?<\/h2>\n\n\n\n<p>A GOL busca talentos para diversas \u00e1reas, incluindo aeroportos, atendimento ao cliente, manuten\u00e7\u00e3o e setores administrativos. Confira algumas das vagas em aberto e suas principais atribui\u00e7\u00f5es.<\/p>\n\n\n\n<h3 class=\"wp-block-heading\">Agente de aeroporto<\/h3>\n\n\n\n<p>O agente de aeroporto \u00e9 o profissional respons\u00e1vel por atender passageiros no check-in, embarque e desembarque, garantindo que a experi\u00eancia de viagem seja fluida e satisfat\u00f3ria. Tamb\u00e9m auxilia na resolu\u00e7\u00e3o de d\u00favidas e problemas que possam surgir no terminal.<\/p>\n\n\n\n<p>Essa vaga costuma exigir ensino m\u00e9dio completo, boa comunica\u00e7\u00e3o e habilidade para trabalhar sob press\u00e3o.<\/p>\n\n\n\n<h3 class=\"wp-block-heading\">T\u00e9cnico de manuten\u00e7\u00e3o de aeronaves<\/h3>\n\n\n\n<p>Se voc\u00ea tem forma\u00e7\u00e3o t\u00e9cnica em manuten\u00e7\u00e3o aeron\u00e1utica e busca uma oportunidade no setor, essa pode ser a sua chance. O t\u00e9cnico de manuten\u00e7\u00e3o \u00e9 respons\u00e1vel por inspecionar, reparar e manter as aeronaves em perfeito funcionamento, seguindo normas rigorosas de seguran\u00e7a e qualidade.<\/p>\n\n\n\n<p>\u00c9 necess\u00e1rio ter certifica\u00e7\u00e3o espec\u00edfica da ANAC e experi\u00eancia pr\u00e9via pode ser um diferencial.<\/p>\n\n\n\n<h3 class=\"wp-block-heading\">Comiss\u00e1rio de bordo<\/h3>\n\n\n\n<p>O comiss\u00e1rio de bordo tem um papel fundamental na experi\u00eancia dos passageiros. Al\u00e9m de garantir conforto e seguran\u00e7a durante os voos, \u00e9 respons\u00e1vel por aplicar procedimentos de emerg\u00eancia quando necess\u00e1rio e prestar atendimento cordial aos clientes.<\/p>\n\n\n\n<p>Para essa fun\u00e7\u00e3o, \u00e9 necess\u00e1rio ter ensino m\u00e9dio completo, curso de comiss\u00e1rio aprovado pela ANAC e habilidades interpessoais bem desenvolvidas.<\/p>\n\n\n\n<h3 class=\"wp-block-heading\">Auxiliar administrativo<\/h3>\n\n\n\n<p>Essa \u00e9 uma \u00f3tima oportunidade para quem tem experi\u00eancia em rotinas administrativas. O auxiliar administrativo atua dando suporte \u00e0s opera\u00e7\u00f5es internas da empresa, organizando documentos, realizando atendimentos e auxiliando em processos internos.<\/p>\n\n\n\n<p>O n\u00edvel de escolaridade exigido pode variar conforme a \u00e1rea, mas, em geral, \u00e9 necess\u00e1rio ter conhecimento b\u00e1sico em inform\u00e1tica e habilidades organizacionais.<\/p>\n\n\n\n<h3 class=\"wp-block-heading\">Analista de recursos humanos<\/h3>\n\n\n\n<p>A \u00e1rea de Recursos Humanos da GOL tamb\u00e9m est\u00e1 contratando! O analista de RH atua em processos de recrutamento, sele\u00e7\u00e3o, treinamento e desenvolvimento de colaboradores, al\u00e9m de trabalhar em estrat\u00e9gias para manter um ambiente organizacional positivo.<\/p>\n\n\n\n<p>Para essa vaga, o ensino superior em \u00e1reas como Administra\u00e7\u00e3o, Psicologia ou Gest\u00e3o de Recursos Humanos pode ser um requisito.<\/p>\n\n\n\n<h2 class=\"wp-block-heading\">Como se candidatar?<\/h2>\n\n\n\n<p>Se alguma das vagas chamou sua aten\u00e7\u00e3o, \u00e9 hora de saber como se candidatar. O processo \u00e9 simples e pode ser feito online.<\/p>\n\n\n\n<ul class=\"wp-block-list\">\n<li>Copie e cole o endere\u00e7o <strong>https:\/\/golcarreiras.gupy.io\/<\/strong> em seu navegador.<\/li>\n\n\n\n<li>Acesse a p\u00e1gina e encontre uma oportunidade que combine com seu perfil e experi\u00eancia.<\/li>\n\n\n\n<li>Leia a descri\u00e7\u00e3o da vaga e verifique os requisitos antes de se inscrever.<\/li>\n\n\n\n<li>Preencha o cadastro e envie seu curr\u00edculo diretamente pela plataforma.<\/li>\n\n\n\n<li>Acompanhe seu e-mail para poss\u00edveis contatos da equipe de recrutamento da GOL.<\/li>\n<\/ul>\n\n\n\n<p>A empresa valoriza a diversidade e busca profissionais engajados para fazer parte do time. Se voc\u00ea sonha em trabalhar na avia\u00e7\u00e3o, essa pode ser a chance de decolar sua carreira.<\/p>\n\n\n\n<p>Trabalhar na GOL pode ser o impulso que voc\u00ea precisa para crescer profissionalmente. A empresa tem um ambiente din\u00e2mico, onde cada colaborador desempenha um papel essencial no funcionamento de uma das maiores companhias a\u00e9reas do Brasil.&nbsp;<\/p>\n\n\n\n<p>Al\u00e9m disso, a GOL investe no desenvolvimento de seus profissionais, oferecendo treinamentos, oportunidades de crescimento interno e um ambiente que valoriza a diversidade.<\/p>\n\n\n\n<p>Se voc\u00ea tem paix\u00e3o por avia\u00e7\u00e3o, gosta de trabalhar em equipe e busca um emprego com estabilidade e benef\u00edcios atrativos, vale a pena conferir as vagas abertas. Seja no atendimento ao cliente, na manuten\u00e7\u00e3o das aeronaves ou nos setores administrativos, h\u00e1 chances para diferentes perfis e n\u00edveis de experi\u00eancia.<\/p>\n\n\n\n<p><strong>Veja tamb\u00e9m: <a href=\"https:\/\/www.vagadeempregorj.com.br\/es\/grupo-lider-64-vagas-de-emprego-pelo-pais\/\">Grupo Lider: 64 vagas de emprego pelo pa\u00eds<\/a><\/strong><\/p>\n\n\n\n<p>24 de fevereiro de 2025<\/p>","protected":false},"excerpt":{"rendered":"<p>A GOL Carreiras Linhas A\u00e9reas est\u00e1 com 47 vagas de emprego abertas em diversas \u00e1reas e localidades, oferecendo oportunidades para quem deseja ingressar ou crescer no setor da avia\u00e7\u00e3o.&nbsp; A empresa, conhecida por sua forte cultura organizacional e compromisso com a experi\u00eancia do cliente, est\u00e1 sempre em busca de profissionais qualificados e apaixonados pelo que&hellip;&nbsp;<\/p>","protected":false},"author":16,"featured_media":42622,"comment_status":"closed","ping_status":"closed","sticky":false,"template":"","format":"standard","meta":{"neve_meta_sidebar":"","neve_meta_container":"","neve_meta_enable_content_width":"","neve_meta_content_width":0,"neve_meta_title_alignment":"","neve_meta_author_avatar":"","neve_post_elements_order":"","neve_meta_disable_header":"","neve_meta_disable_footer":"","neve_meta_disable_title":"","footnotes":""},"categories":[123],"tags":[],"class_list":["post-42607","post","type-post","status-publish","format-standard","has-post-thumbnail","hentry","category-vagas-de-emprego-nacionais"],"yoast_head":"<!-- This site is optimized with the Yoast SEO plugin v27.5 - https:\/\/yoast.com\/product\/yoast-seo-wordpress\/ -->\n<title>GOL Carreiras: 47 vagas de emprego abertas pelo pa\u00eds -<\/title>\n<meta name=\"description\" content=\"Veja em Vagas de Emprego RJ as vagas de emprego com e sem experi\u00eancia no seu Estado e Regi\u00e3o!\" \/>\n<meta name=\"robots\" content=\"index, follow, max-snippet:-1, max-image-preview:large, max-video-preview:-1\" \/>\n<link rel=\"canonical\" href=\"https:\/\/www.vagadeempregorj.com.br\/es\/gol-carreiras-47-vagas-de-emprego-abertas-pelo-pais\/\" \/>\n<meta property=\"og:locale\" content=\"es_MX\" \/>\n<meta property=\"og:type\" content=\"article\" \/>\n<meta property=\"og:title\" content=\"GOL Carreiras: 47 vagas de emprego abertas pelo pa\u00eds -\" \/>\n<meta property=\"og:description\" content=\"Veja em Vagas de Emprego RJ as vagas de emprego com e sem experi\u00eancia no seu Estado e Regi\u00e3o!\" \/>\n<meta property=\"og:url\" content=\"https:\/\/www.vagadeempregorj.com.br\/es\/gol-carreiras-47-vagas-de-emprego-abertas-pelo-pais\/\" \/>\n<meta property=\"article:publisher\" content=\"https:\/\/www.facebook.com\/empregobrasiloficial\" \/>\n<meta property=\"article:published_time\" content=\"2025-02-24T09:00:00+00:00\" \/>\n<meta property=\"og:image\" content=\"https:\/\/www.vagadeempregorj.com.br\/wp-content\/uploads\/2025\/02\/image-31.png\" \/>\n\t<meta property=\"og:image:width\" content=\"1200\" \/>\n\t<meta property=\"og:image:height\" content=\"800\" \/>\n\t<meta property=\"og:image:type\" content=\"image\/png\" \/>\n<meta name=\"author\" content=\"Michele\" \/>\n<meta name=\"twitter:card\" content=\"summary_large_image\" \/>\n<meta name=\"twitter:label1\" content=\"Written by\" \/>\n\t<meta name=\"twitter:data1\" content=\"Michele\" \/>\n\t<meta name=\"twitter:label2\" content=\"Est. reading time\" \/>\n\t<meta name=\"twitter:data2\" content=\"4 minutos\" \/>\n<script type=\"application\/ld+json\" class=\"yoast-schema-graph\">{\"@context\":\"https:\\\/\\\/schema.org\",\"@graph\":[{\"@type\":\"Article\",\"@id\":\"https:\\\/\\\/www.vagadeempregorj.com.br\\\/gol-carreiras-47-vagas-de-emprego-abertas-pelo-pais\\\/#article\",\"isPartOf\":{\"@id\":\"https:\\\/\\\/www.vagadeempregorj.com.br\\\/gol-carreiras-47-vagas-de-emprego-abertas-pelo-pais\\\/\"},\"author\":{\"name\":\"Michele\",\"@id\":\"https:\\\/\\\/www.vagadeempregorj.com.br\\\/#\\\/schema\\\/person\\\/3ddb19fa0539706786e502152f3aae95\"},\"headline\":\"GOL Carreiras: 47 vagas de emprego abertas pelo pa\u00eds\",\"datePublished\":\"2025-02-24T09:00:00+00:00\",\"mainEntityOfPage\":{\"@id\":\"https:\\\/\\\/www.vagadeempregorj.com.br\\\/gol-carreiras-47-vagas-de-emprego-abertas-pelo-pais\\\/\"},\"wordCount\":723,\"image\":{\"@id\":\"https:\\\/\\\/www.vagadeempregorj.com.br\\\/gol-carreiras-47-vagas-de-emprego-abertas-pelo-pais\\\/#primaryimage\"},\"thumbnailUrl\":\"https:\\\/\\\/www.vagadeempregorj.com.br\\\/wp-content\\\/uploads\\\/2025\\\/02\\\/image-31.png\",\"articleSection\":[\"Vagas de Emprego Nacionais\"],\"inLanguage\":\"es\"},{\"@type\":\"WebPage\",\"@id\":\"https:\\\/\\\/www.vagadeempregorj.com.br\\\/gol-carreiras-47-vagas-de-emprego-abertas-pelo-pais\\\/\",\"url\":\"https:\\\/\\\/www.vagadeempregorj.com.br\\\/gol-carreiras-47-vagas-de-emprego-abertas-pelo-pais\\\/\",\"name\":\"GOL Carreiras: 47 vagas de emprego abertas pelo pa\u00eds -\",\"isPartOf\":{\"@id\":\"https:\\\/\\\/www.vagadeempregorj.com.br\\\/#website\"},\"primaryImageOfPage\":{\"@id\":\"https:\\\/\\\/www.vagadeempregorj.com.br\\\/gol-carreiras-47-vagas-de-emprego-abertas-pelo-pais\\\/#primaryimage\"},\"image\":{\"@id\":\"https:\\\/\\\/www.vagadeempregorj.com.br\\\/gol-carreiras-47-vagas-de-emprego-abertas-pelo-pais\\\/#primaryimage\"},\"thumbnailUrl\":\"https:\\\/\\\/www.vagadeempregorj.com.br\\\/wp-content\\\/uploads\\\/2025\\\/02\\\/image-31.png\",\"datePublished\":\"2025-02-24T09:00:00+00:00\",\"author\":{\"@id\":\"https:\\\/\\\/www.vagadeempregorj.com.br\\\/#\\\/schema\\\/person\\\/3ddb19fa0539706786e502152f3aae95\"},\"description\":\"Veja em Vagas de Emprego RJ as vagas de emprego com e sem experi\u00eancia no seu Estado e Regi\u00e3o!\",\"breadcrumb\":{\"@id\":\"https:\\\/\\\/www.vagadeempregorj.com.br\\\/gol-carreiras-47-vagas-de-emprego-abertas-pelo-pais\\\/#breadcrumb\"},\"inLanguage\":\"es\",\"potentialAction\":[{\"@type\":\"ReadAction\",\"target\":[\"https:\\\/\\\/www.vagadeempregorj.com.br\\\/gol-carreiras-47-vagas-de-emprego-abertas-pelo-pais\\\/\"]}]},{\"@type\":\"ImageObject\",\"inLanguage\":\"es\",\"@id\":\"https:\\\/\\\/www.vagadeempregorj.com.br\\\/gol-carreiras-47-vagas-de-emprego-abertas-pelo-pais\\\/#primaryimage\",\"url\":\"https:\\\/\\\/www.vagadeempregorj.com.br\\\/wp-content\\\/uploads\\\/2025\\\/02\\\/image-31.png\",\"contentUrl\":\"https:\\\/\\\/www.vagadeempregorj.com.br\\\/wp-content\\\/uploads\\\/2025\\\/02\\\/image-31.png\",\"width\":1200,\"height\":800,\"caption\":\"GOL Carreiras\"},{\"@type\":\"BreadcrumbList\",\"@id\":\"https:\\\/\\\/www.vagadeempregorj.com.br\\\/gol-carreiras-47-vagas-de-emprego-abertas-pelo-pais\\\/#breadcrumb\",\"itemListElement\":[{\"@type\":\"ListItem\",\"position\":1,\"name\":\"In\u00edcio\",\"item\":\"https:\\\/\\\/www.vagadeempregorj.com.br\\\/\"},{\"@type\":\"ListItem\",\"position\":2,\"name\":\"Vagas de Emprego Nacionais\",\"item\":\"https:\\\/\\\/www.vagadeempregorj.com.br\\\/vagas-de-emprego-nacionais\\\/\"},{\"@type\":\"ListItem\",\"position\":3,\"name\":\"GOL Carreiras: 47 vagas de emprego abertas pelo pa\u00eds\"}]},{\"@type\":\"WebSite\",\"@id\":\"https:\\\/\\\/www.vagadeempregorj.com.br\\\/#website\",\"url\":\"https:\\\/\\\/www.vagadeempregorj.com.br\\\/\",\"name\":\"\",\"description\":\"Conquiste Sonhos: Vagas, Benef\u00edcios e Economia para Transformar Vidas e Alcan\u00e7ar Melhorias Cotidianas\",\"potentialAction\":[{\"@type\":\"SearchAction\",\"target\":{\"@type\":\"EntryPoint\",\"urlTemplate\":\"https:\\\/\\\/www.vagadeempregorj.com.br\\\/?s={search_term_string}\"},\"query-input\":{\"@type\":\"PropertyValueSpecification\",\"valueRequired\":true,\"valueName\":\"search_term_string\"}}],\"inLanguage\":\"es\"},{\"@type\":\"Person\",\"@id\":\"https:\\\/\\\/www.vagadeempregorj.com.br\\\/#\\\/schema\\\/person\\\/3ddb19fa0539706786e502152f3aae95\",\"name\":\"Michele\",\"image\":{\"@type\":\"ImageObject\",\"inLanguage\":\"es\",\"@id\":\"https:\\\/\\\/secure.gravatar.com\\\/avatar\\\/6b0eb9d22841282815e2cd856a0061c45e1761cd54b22e952d98c4746939aa85?s=96&r=g\",\"url\":\"https:\\\/\\\/secure.gravatar.com\\\/avatar\\\/6b0eb9d22841282815e2cd856a0061c45e1761cd54b22e952d98c4746939aa85?s=96&r=g\",\"contentUrl\":\"https:\\\/\\\/secure.gravatar.com\\\/avatar\\\/6b0eb9d22841282815e2cd856a0061c45e1761cd54b22e952d98c4746939aa85?s=96&r=g\",\"caption\":\"Michele\"},\"description\":\"Formada em Letras - Portugu\u00eas\\\/ Ingl\u00eas, e idealizadora do site Escritora de Sucesso, busca expandir o conhecimento de todos com informa\u00e7\u00f5es relevantes sobre diversos assuntos, enquanto redatora. No Vaga de Emprego RJ, traz oportunidades e dicas sobre o mercado de trabalho.\",\"url\":\"https:\\\/\\\/www.vagadeempregorj.com.br\\\/es\\\/author\\\/michele\\\/\"}]}<\/script>\n<!-- \/ Yoast SEO plugin. -->","yoast_head_json":{"title":"GOL Carreiras: 47 vagas de emprego abertas pelo pa\u00eds -","description":"Veja em Vagas de Emprego RJ as vagas de emprego com e sem experi\u00eancia no seu Estado e Regi\u00e3o!","robots":{"index":"index","follow":"follow","max-snippet":"max-snippet:-1","max-image-preview":"max-image-preview:large","max-video-preview":"max-video-preview:-1"},"canonical":"https:\/\/www.vagadeempregorj.com.br\/es\/gol-carreiras-47-vagas-de-emprego-abertas-pelo-pais\/","og_locale":"es_MX","og_type":"article","og_title":"GOL Carreiras: 47 vagas de emprego abertas pelo pa\u00eds -","og_description":"Veja em Vagas de Emprego RJ as vagas de emprego com e sem experi\u00eancia no seu Estado e Regi\u00e3o!","og_url":"https:\/\/www.vagadeempregorj.com.br\/es\/gol-carreiras-47-vagas-de-emprego-abertas-pelo-pais\/","article_publisher":"https:\/\/www.facebook.com\/empregobrasiloficial","article_published_time":"2025-02-24T09:00:00+00:00","og_image":[{"width":1200,"height":800,"url":"https:\/\/www.vagadeempregorj.com.br\/wp-content\/uploads\/2025\/02\/image-31.png","type":"image\/png"}],"author":"Michele","twitter_card":"summary_large_image","twitter_misc":{"Written by":"Michele","Est. reading time":"4 minutos"},"schema":{"@context":"https:\/\/schema.org","@graph":[{"@type":"Article","@id":"https:\/\/www.vagadeempregorj.com.br\/gol-carreiras-47-vagas-de-emprego-abertas-pelo-pais\/#article","isPartOf":{"@id":"https:\/\/www.vagadeempregorj.com.br\/gol-carreiras-47-vagas-de-emprego-abertas-pelo-pais\/"},"author":{"name":"Michele","@id":"https:\/\/www.vagadeempregorj.com.br\/#\/schema\/person\/3ddb19fa0539706786e502152f3aae95"},"headline":"GOL Carreiras: 47 vagas de emprego abertas pelo pa\u00eds","datePublished":"2025-02-24T09:00:00+00:00","mainEntityOfPage":{"@id":"https:\/\/www.vagadeempregorj.com.br\/gol-carreiras-47-vagas-de-emprego-abertas-pelo-pais\/"},"wordCount":723,"image":{"@id":"https:\/\/www.vagadeempregorj.com.br\/gol-carreiras-47-vagas-de-emprego-abertas-pelo-pais\/#primaryimage"},"thumbnailUrl":"https:\/\/www.vagadeempregorj.com.br\/wp-content\/uploads\/2025\/02\/image-31.png","articleSection":["Vagas de Emprego Nacionais"],"inLanguage":"es"},{"@type":"WebPage","@id":"https:\/\/www.vagadeempregorj.com.br\/gol-carreiras-47-vagas-de-emprego-abertas-pelo-pais\/","url":"https:\/\/www.vagadeempregorj.com.br\/gol-carreiras-47-vagas-de-emprego-abertas-pelo-pais\/","name":"GOL Carreiras: 47 vagas de emprego abertas pelo pa\u00eds -","isPartOf":{"@id":"https:\/\/www.vagadeempregorj.com.br\/#website"},"primaryImageOfPage":{"@id":"https:\/\/www.vagadeempregorj.com.br\/gol-carreiras-47-vagas-de-emprego-abertas-pelo-pais\/#primaryimage"},"image":{"@id":"https:\/\/www.vagadeempregorj.com.br\/gol-carreiras-47-vagas-de-emprego-abertas-pelo-pais\/#primaryimage"},"thumbnailUrl":"https:\/\/www.vagadeempregorj.com.br\/wp-content\/uploads\/2025\/02\/image-31.png","datePublished":"2025-02-24T09:00:00+00:00","author":{"@id":"https:\/\/www.vagadeempregorj.com.br\/#\/schema\/person\/3ddb19fa0539706786e502152f3aae95"},"description":"Veja em Vagas de Emprego RJ as vagas de emprego com e sem experi\u00eancia no seu Estado e Regi\u00e3o!","breadcrumb":{"@id":"https:\/\/www.vagadeempregorj.com.br\/gol-carreiras-47-vagas-de-emprego-abertas-pelo-pais\/#breadcrumb"},"inLanguage":"es","potentialAction":[{"@type":"ReadAction","target":["https:\/\/www.vagadeempregorj.com.br\/gol-carreiras-47-vagas-de-emprego-abertas-pelo-pais\/"]}]},{"@type":"ImageObject","inLanguage":"es","@id":"https:\/\/www.vagadeempregorj.com.br\/gol-carreiras-47-vagas-de-emprego-abertas-pelo-pais\/#primaryimage","url":"https:\/\/www.vagadeempregorj.com.br\/wp-content\/uploads\/2025\/02\/image-31.png","contentUrl":"https:\/\/www.vagadeempregorj.com.br\/wp-content\/uploads\/2025\/02\/image-31.png","width":1200,"height":800,"caption":"GOL Carreiras"},{"@type":"BreadcrumbList","@id":"https:\/\/www.vagadeempregorj.com.br\/gol-carreiras-47-vagas-de-emprego-abertas-pelo-pais\/#breadcrumb","itemListElement":[{"@type":"ListItem","position":1,"name":"In\u00edcio","item":"https:\/\/www.vagadeempregorj.com.br\/"},{"@type":"ListItem","position":2,"name":"Vagas de Emprego Nacionais","item":"https:\/\/www.vagadeempregorj.com.br\/vagas-de-emprego-nacionais\/"},{"@type":"ListItem","position":3,"name":"GOL Carreiras: 47 vagas de emprego abertas pelo pa\u00eds"}]},{"@type":"WebSite","@id":"https:\/\/www.vagadeempregorj.com.br\/#website","url":"https:\/\/www.vagadeempregorj.com.br\/","name":"","description":"Conquiste Sonhos: Vagas, Benef\u00edcios e Economia para Transformar Vidas e Alcan\u00e7ar Melhorias Cotidianas","potentialAction":[{"@type":"SearchAction","target":{"@type":"EntryPoint","urlTemplate":"https:\/\/www.vagadeempregorj.com.br\/?s={search_term_string}"},"query-input":{"@type":"PropertyValueSpecification","valueRequired":true,"valueName":"search_term_string"}}],"inLanguage":"es"},{"@type":"Person","@id":"https:\/\/www.vagadeempregorj.com.br\/#\/schema\/person\/3ddb19fa0539706786e502152f3aae95","name":"Michele","image":{"@type":"ImageObject","inLanguage":"es","@id":"https:\/\/secure.gravatar.com\/avatar\/6b0eb9d22841282815e2cd856a0061c45e1761cd54b22e952d98c4746939aa85?s=96&r=g","url":"https:\/\/secure.gravatar.com\/avatar\/6b0eb9d22841282815e2cd856a0061c45e1761cd54b22e952d98c4746939aa85?s=96&r=g","contentUrl":"https:\/\/secure.gravatar.com\/avatar\/6b0eb9d22841282815e2cd856a0061c45e1761cd54b22e952d98c4746939aa85?s=96&r=g","caption":"Michele"},"description":"Formada em Letras - Portugu\u00eas\/ Ingl\u00eas, e idealizadora do site Escritora de Sucesso, busca expandir o conhecimento de todos com informa\u00e7\u00f5es relevantes sobre diversos assuntos, enquanto redatora. No Vaga de Emprego RJ, traz oportunidades e dicas sobre o mercado de trabalho.","url":"https:\/\/www.vagadeempregorj.com.br\/es\/author\/michele\/"}]}},"_links":{"self":[{"href":"https:\/\/www.vagadeempregorj.com.br\/es\/wp-json\/wp\/v2\/posts\/42607","targetHints":{"allow":["GET"]}}],"collection":[{"href":"https:\/\/www.vagadeempregorj.com.br\/es\/wp-json\/wp\/v2\/posts"}],"about":[{"href":"https:\/\/www.vagadeempregorj.com.br\/es\/wp-json\/wp\/v2\/types\/post"}],"author":[{"embeddable":true,"href":"https:\/\/www.vagadeempregorj.com.br\/es\/wp-json\/wp\/v2\/users\/16"}],"replies":[{"embeddable":true,"href":"https:\/\/www.vagadeempregorj.com.br\/es\/wp-json\/wp\/v2\/comments?post=42607"}],"version-history":[{"count":0,"href":"https:\/\/www.vagadeempregorj.com.br\/es\/wp-json\/wp\/v2\/posts\/42607\/revisions"}],"wp:featuredmedia":[{"embeddable":true,"href":"https:\/\/www.vagadeempregorj.com.br\/es\/wp-json\/wp\/v2\/media\/42622"}],"wp:attachment":[{"href":"https:\/\/www.vagadeempregorj.com.br\/es\/wp-json\/wp\/v2\/media?parent=42607"}],"wp:term":[{"taxonomy":"category","embeddable":true,"href":"https:\/\/www.vagadeempregorj.com.br\/es\/wp-json\/wp\/v2\/categories?post=42607"},{"taxonomy":"post_tag","embeddable":true,"href":"https:\/\/www.vagadeempregorj.com.br\/es\/wp-json\/wp\/v2\/tags?post=42607"}],"curies":[{"name":"wp","href":"https:\/\/api.w.org\/{rel}","templated":true}]}}