{"id":42617,"date":"2025-02-28T06:00:00","date_gmt":"2025-02-28T09:00:00","guid":{"rendered":"https:\/\/www.vagadeempregorj.com.br\/?p=42617"},"modified":"2025-02-18T17:26:54","modified_gmt":"2025-02-18T20:26:54","slug":"weg-120-vagas-de-emprego-abertas-em-todo-o-pais","status":"publish","type":"post","link":"https:\/\/www.vagadeempregorj.com.br\/es\/weg-120-vagas-de-emprego-abertas-em-todo-o-pais\/","title":{"rendered":"WEG: 120 vagas de emprego abertas em todo o pa\u00eds"},"content":{"rendered":"<p>Voc\u00ea j\u00e1 pensou em dar um novo passo na sua carreira? A <strong>WEG<\/strong>, uma das maiores empresas brasileiras no setor de solu\u00e7\u00f5es energ\u00e9ticas e automa\u00e7\u00e3o, est\u00e1 com 120 vagas de emprego abertas em diversas regi\u00f5es do Brasil.&nbsp;<\/p>\n\n\n\n<p>A oportunidade de integrar uma organiza\u00e7\u00e3o que \u00e9 refer\u00eancia mundial em inova\u00e7\u00e3o e sustentabilidade pode estar mais perto do que voc\u00ea imagina!<\/p>\n\n\n\n<figure class=\"wp-block-image size-large\"><img loading=\"lazy\" decoding=\"async\" width=\"1024\" height=\"682\" src=\"https:\/\/www.vagadeempregorj.com.br\/wp-content\/uploads\/2025\/02\/image-35-1024x682.png\" alt=\"\" class=\"wp-image-42626\" srcset=\"https:\/\/www.vagadeempregorj.com.br\/wp-content\/uploads\/2025\/02\/image-35-1024x682.png 1024w, https:\/\/www.vagadeempregorj.com.br\/wp-content\/uploads\/2025\/02\/image-35-300x200.png 300w, https:\/\/www.vagadeempregorj.com.br\/wp-content\/uploads\/2025\/02\/image-35-768x511.png 768w, https:\/\/www.vagadeempregorj.com.br\/wp-content\/uploads\/2025\/02\/image-35-150x100.png 150w, https:\/\/www.vagadeempregorj.com.br\/wp-content\/uploads\/2025\/02\/image-35.png 1200w\" sizes=\"auto, (max-width: 1024px) 100vw, 1024px\" \/><\/figure>\n\n\n\n<h2 class=\"wp-block-heading\">Quais s\u00e3o as oportunidades de carreira na WEG?<\/h2>\n\n\n\n<p>Quando falamos de uma empresa do porte da WEG, \u00e9 natural que as oportunidades sejam diversas. A gigante dos setores de automa\u00e7\u00e3o, energia e solu\u00e7\u00f5es industriais est\u00e1 em constante expans\u00e3o, e isso se reflete nas vagas que surgem periodicamente em diferentes \u00e1reas.&nbsp;<\/p>\n\n\n\n<p>As oportunidades abrangem desde a \u00e1rea de engenharia at\u00e9 o setor comercial, passando por fun\u00e7\u00f5es administrativas e operacionais. Se voc\u00ea tem vontade de crescer em um ambiente din\u00e2mico, preparado para lidar com os desafios do mercado global, a companhia tem espa\u00e7o para voc\u00ea!<\/p>\n\n\n\n<p>Aqui est\u00e3o algumas das principais \u00e1reas que est\u00e3o com vagas abertas:<\/p>\n\n\n\n<h3 class=\"wp-block-heading\">1. Engenharia<\/h3>\n\n\n\n<p>A engenharia \u00e9 o cora\u00e7\u00e3o da WEG, que possui um elaborado portf\u00f3lio de produtos e solu\u00e7\u00f5es tecnol\u00f3gicas. Se voc\u00ea \u00e9 um profissional com forma\u00e7\u00e3o em engenharia el\u00e9trica, mec\u00e2nica, automa\u00e7\u00e3o, ou \u00e1reas afins, pode encontrar uma \u00f3tima oportunidade para desenvolver seus conhecimentos e aplicar suas habilidades em grandes projetos.<\/p>\n\n\n\n<p>As vagas em engenharia s\u00e3o para trabalhar em diversas localidades, e os profissionais t\u00eam a chance de se envolver com a pesquisa e o desenvolvimento de novas tecnologias. Quem se interessa por solu\u00e7\u00f5es inovadoras, tem aqui uma chance \u00fanica de contribuir com a sustentabilidade e a efici\u00eancia energ\u00e9tica.<\/p>\n\n\n\n<h3 class=\"wp-block-heading\">2. Comercial e vendas<\/h3>\n\n\n\n<p>A empresa n\u00e3o s\u00f3 fabrica equipamentos de ponta, mas tamb\u00e9m \u00e9 refer\u00eancia em distribui\u00e7\u00e3o e comercializa\u00e7\u00e3o. Para quem tem um perfil mais voltado para a negocia\u00e7\u00e3o e relacionamento com o cliente, a \u00e1rea comercial \u00e9 uma excelente op\u00e7\u00e3o. S\u00e3o vagas que envolvem desde o atendimento a grandes clientes at\u00e9 a gest\u00e3o de canais de vendas.<\/p>\n\n\n\n<p>Profissionais com habilidades em vendas e que possuem um bom conhecimento do mercado de produtos industriais podem se destacar nessa \u00e1rea, especialmente por contar com a chance de trabalhar com um portf\u00f3lio reconhecido internacionalmente.<\/p>\n\n\n\n<h3 class=\"wp-block-heading\">3. Tecnologia da Informa\u00e7\u00e3o (TI)<\/h3>\n\n\n\n<p>A transforma\u00e7\u00e3o digital \u00e9 uma realidade na companhia, que investe em novos sistemas e tecnologias para otimizar seus processos e expandir sua presen\u00e7a no mercado. Se voc\u00ea \u00e9 da \u00e1rea de TI, pode encontrar v\u00e1rias oportunidades, principalmente em fun\u00e7\u00f5es que envolvem o desenvolvimento de sistemas, an\u00e1lise de dados e automa\u00e7\u00e3o de processos.<\/p>\n\n\n\n<p>A WEG, sendo uma empresa voltada \u00e0 inova\u00e7\u00e3o, tem um ambiente excelente para quem quer trabalhar com tecnologias de ponta e tamb\u00e9m para quem deseja crescer em uma estrutura que valoriza a troca de conhecimentos.<\/p>\n\n\n\n<h3 class=\"wp-block-heading\">4. Produ\u00e7\u00e3o e opera\u00e7\u00f5es<\/h3>\n\n\n\n<p>Para quem se interessa por processos industriais, a \u00e1rea de produ\u00e7\u00e3o \u00e9 uma das mais importantes dentro da WEG. Aqui, os profissionais atuam na fabrica\u00e7\u00e3o e montagem dos produtos da empresa, com foco na qualidade e na otimiza\u00e7\u00e3o das opera\u00e7\u00f5es.<\/p>\n\n\n\n<p>As vagas nessa \u00e1rea exigem experi\u00eancia em gest\u00e3o de processos industriais e opera\u00e7\u00e3o de m\u00e1quinas, mas a WEG tamb\u00e9m investe em treinamentos para capacitar seus colaboradores, o que \u00e9 uma excelente oportunidade para quem busca crescimento no setor.<\/p>\n\n\n\n<h3 class=\"wp-block-heading\">5. Log\u00edstica<\/h3>\n\n\n\n<p>A log\u00edstica \u00e9 outro setor que est\u00e1 com diversas vagas abertas, especialmente para profissionais com experi\u00eancia em gest\u00e3o de estoque, distribui\u00e7\u00e3o e transporte de mercadorias. A WEG, com sua variada rede de clientes e fornecedores, precisa de profissionais que garantam a agilidade e efici\u00eancia dos processos log\u00edsticos.<\/p>\n\n\n\n<p>Quem se interessa por essa \u00e1rea pode encontrar uma excelente oportunidade de trabalhar em uma empresa que valoriza a efici\u00eancia e que tem uma vis\u00e3o global do mercado.<\/p>\n\n\n\n<h2 class=\"wp-block-heading\">Como se candidatar?<\/h2>\n\n\n\n<p>Se alguma dessas oportunidades despertou o seu interesse, o pr\u00f3ximo passo \u00e9 se candidatar. A boa not\u00edcia \u00e9 que o processo seletivo da WEG \u00e9 simples e totalmente online. A empresa utiliza a plataforma Gupy, uma das mais conhecidas do mercado para recrutamento e sele\u00e7\u00e3o, facilitando a inscri\u00e7\u00e3o e acompanhamento das vagas.<\/p>\n\n\n\n<p>Aqui est\u00e1 o passo a passo para garantir sua candidatura:<\/p>\n\n\n\n<ul class=\"wp-block-list\">\n<li>Passo 1: Copie e cole o endere\u00e7o <strong>https:\/\/weg.gupy.io<\/strong> em seu navegador;<\/li>\n\n\n\n<li>Passo 2: Acesse a p\u00e1gina e encontre a oportunidade;<\/li>\n\n\n\n<li>Passo 3: Fa\u00e7a seu cadastro;<\/li>\n\n\n\n<li>Passo 4: Acompanhe o processo seletivo.<\/li>\n<\/ul>\n\n\n\n<h2 class=\"wp-block-heading\">Por que trabalhar na WEG?<\/h2>\n\n\n\n<p>Agora que voc\u00ea j\u00e1 conhece as oportunidades de emprego na WEG e como se candidatar, vale a pena refletir sobre o que torna essa empresa uma excelente escolha para sua carreira. S\u00e3o diversos os motivos para considerar a companhia como um lugar para crescer profissionalmente. Aqui est\u00e3o alguns deles:<\/p>\n\n\n\n<ul class=\"wp-block-list\">\n<li><strong>Inova\u00e7\u00e3o constante<\/strong>: A empresa \u00e9 l\u00edder em tecnologia e inova\u00e7\u00e3o no setor industrial.<\/li>\n\n\n\n<li><strong>Ambiente de desenvolvimento<\/strong>: A WEG investe no crescimento dos seus colaboradores, oferecendo treinamentos, programas de capacita\u00e7\u00e3o e oportunidades de ascens\u00e3o interna.&nbsp;<\/li>\n\n\n\n<li><strong>Valoriza\u00e7\u00e3o da sustentabilidade<\/strong>: Al\u00e9m de ser uma refer\u00eancia em efici\u00eancia energ\u00e9tica, a companhia se preocupa com o impacto ambiental de suas opera\u00e7\u00f5es, o que agrega valor para profissionais que se preocupam com a preserva\u00e7\u00e3o do meio ambiente.<\/li>\n\n\n\n<li><strong>Reconhecimento internacional<\/strong>: A WEG \u00e9 uma empresa global, com presen\u00e7a em mais de 100 pa\u00edses.&nbsp;<\/li>\n<\/ul>\n\n\n\n<p>Se voc\u00ea est\u00e1 em busca de uma oportunidade de emprego que ofere\u00e7a estabilidade, crescimento e inova\u00e7\u00e3o, as vagas abertas pela WEG s\u00e3o uma excelente chance. N\u00e3o importa sua forma\u00e7\u00e3o ou experi\u00eancia, sempre h\u00e1 um lugar para quem quer crescer profissionalmente e se desenvolver em uma empresa que \u00e9 refer\u00eancia no mercado.<\/p>\n\n\n\n<p><strong>Veja tamb\u00e9m: <a href=\"https:\/\/www.vagadeempregorj.com.br\/es\/grupo-lider-64-vagas-de-emprego-pelo-pais\/\">Grupo Lider: 64 vagas de emprego pelo pa\u00eds<\/a><\/strong><\/p>\n\n\n\n<p>28 de fevereiro de 2025<\/p>","protected":false},"excerpt":{"rendered":"<p>Voc\u00ea j\u00e1 pensou em dar um novo passo na sua carreira? A WEG, uma das maiores empresas brasileiras no setor de solu\u00e7\u00f5es energ\u00e9ticas e automa\u00e7\u00e3o, est\u00e1 com 120 vagas de emprego abertas em diversas regi\u00f5es do Brasil.&nbsp; A oportunidade de integrar uma organiza\u00e7\u00e3o que \u00e9 refer\u00eancia mundial em inova\u00e7\u00e3o e sustentabilidade pode estar mais perto&hellip;&nbsp;<\/p>","protected":false},"author":16,"featured_media":42626,"comment_status":"closed","ping_status":"closed","sticky":false,"template":"","format":"standard","meta":{"neve_meta_sidebar":"","neve_meta_container":"","neve_meta_enable_content_width":"","neve_meta_content_width":0,"neve_meta_title_alignment":"","neve_meta_author_avatar":"","neve_post_elements_order":"","neve_meta_disable_header":"","neve_meta_disable_footer":"","neve_meta_disable_title":"","footnotes":""},"categories":[123],"tags":[],"class_list":["post-42617","post","type-post","status-publish","format-standard","has-post-thumbnail","hentry","category-vagas-de-emprego-nacionais"],"yoast_head":"<!-- This site is optimized with the Yoast SEO plugin v27.5 - https:\/\/yoast.com\/product\/yoast-seo-wordpress\/ -->\n<title>WEG: 120 vagas de emprego abertas em todo o pa\u00eds -<\/title>\n<meta name=\"description\" content=\"Veja em Vagas de Emprego RJ as vagas de emprego com e sem experi\u00eancia no seu Estado e Regi\u00e3o!\" \/>\n<meta name=\"robots\" content=\"index, follow, max-snippet:-1, max-image-preview:large, max-video-preview:-1\" \/>\n<link rel=\"canonical\" href=\"https:\/\/www.vagadeempregorj.com.br\/es\/weg-120-vagas-de-emprego-abertas-em-todo-o-pais\/\" \/>\n<meta property=\"og:locale\" content=\"es_MX\" \/>\n<meta property=\"og:type\" content=\"article\" \/>\n<meta property=\"og:title\" content=\"WEG: 120 vagas de emprego abertas em todo o pa\u00eds -\" \/>\n<meta property=\"og:description\" content=\"Veja em Vagas de Emprego RJ as vagas de emprego com e sem experi\u00eancia no seu Estado e Regi\u00e3o!\" \/>\n<meta property=\"og:url\" content=\"https:\/\/www.vagadeempregorj.com.br\/es\/weg-120-vagas-de-emprego-abertas-em-todo-o-pais\/\" \/>\n<meta property=\"article:publisher\" content=\"https:\/\/www.facebook.com\/empregobrasiloficial\" \/>\n<meta property=\"article:published_time\" content=\"2025-02-28T09:00:00+00:00\" \/>\n<meta property=\"og:image\" content=\"https:\/\/www.vagadeempregorj.com.br\/wp-content\/uploads\/2025\/02\/image-35.png\" \/>\n\t<meta property=\"og:image:width\" content=\"1200\" \/>\n\t<meta property=\"og:image:height\" content=\"799\" \/>\n\t<meta property=\"og:image:type\" content=\"image\/png\" \/>\n<meta name=\"author\" content=\"Michele\" \/>\n<meta name=\"twitter:card\" content=\"summary_large_image\" \/>\n<meta name=\"twitter:label1\" content=\"Written by\" \/>\n\t<meta name=\"twitter:data1\" content=\"Michele\" \/>\n\t<meta name=\"twitter:label2\" content=\"Est. reading time\" \/>\n\t<meta name=\"twitter:data2\" content=\"5 minutos\" \/>\n<script type=\"application\/ld+json\" class=\"yoast-schema-graph\">{\"@context\":\"https:\\\/\\\/schema.org\",\"@graph\":[{\"@type\":\"Article\",\"@id\":\"https:\\\/\\\/www.vagadeempregorj.com.br\\\/weg-120-vagas-de-emprego-abertas-em-todo-o-pais\\\/#article\",\"isPartOf\":{\"@id\":\"https:\\\/\\\/www.vagadeempregorj.com.br\\\/weg-120-vagas-de-emprego-abertas-em-todo-o-pais\\\/\"},\"author\":{\"name\":\"Michele\",\"@id\":\"https:\\\/\\\/www.vagadeempregorj.com.br\\\/#\\\/schema\\\/person\\\/3ddb19fa0539706786e502152f3aae95\"},\"headline\":\"WEG: 120 vagas de emprego abertas em todo o pa\u00eds\",\"datePublished\":\"2025-02-28T09:00:00+00:00\",\"mainEntityOfPage\":{\"@id\":\"https:\\\/\\\/www.vagadeempregorj.com.br\\\/weg-120-vagas-de-emprego-abertas-em-todo-o-pais\\\/\"},\"wordCount\":992,\"image\":{\"@id\":\"https:\\\/\\\/www.vagadeempregorj.com.br\\\/weg-120-vagas-de-emprego-abertas-em-todo-o-pais\\\/#primaryimage\"},\"thumbnailUrl\":\"https:\\\/\\\/www.vagadeempregorj.com.br\\\/wp-content\\\/uploads\\\/2025\\\/02\\\/image-35.png\",\"articleSection\":[\"Vagas de Emprego Nacionais\"],\"inLanguage\":\"es\"},{\"@type\":\"WebPage\",\"@id\":\"https:\\\/\\\/www.vagadeempregorj.com.br\\\/weg-120-vagas-de-emprego-abertas-em-todo-o-pais\\\/\",\"url\":\"https:\\\/\\\/www.vagadeempregorj.com.br\\\/weg-120-vagas-de-emprego-abertas-em-todo-o-pais\\\/\",\"name\":\"WEG: 120 vagas de emprego abertas em todo o pa\u00eds -\",\"isPartOf\":{\"@id\":\"https:\\\/\\\/www.vagadeempregorj.com.br\\\/#website\"},\"primaryImageOfPage\":{\"@id\":\"https:\\\/\\\/www.vagadeempregorj.com.br\\\/weg-120-vagas-de-emprego-abertas-em-todo-o-pais\\\/#primaryimage\"},\"image\":{\"@id\":\"https:\\\/\\\/www.vagadeempregorj.com.br\\\/weg-120-vagas-de-emprego-abertas-em-todo-o-pais\\\/#primaryimage\"},\"thumbnailUrl\":\"https:\\\/\\\/www.vagadeempregorj.com.br\\\/wp-content\\\/uploads\\\/2025\\\/02\\\/image-35.png\",\"datePublished\":\"2025-02-28T09:00:00+00:00\",\"author\":{\"@id\":\"https:\\\/\\\/www.vagadeempregorj.com.br\\\/#\\\/schema\\\/person\\\/3ddb19fa0539706786e502152f3aae95\"},\"description\":\"Veja em Vagas de Emprego RJ as vagas de emprego com e sem experi\u00eancia no seu Estado e Regi\u00e3o!\",\"breadcrumb\":{\"@id\":\"https:\\\/\\\/www.vagadeempregorj.com.br\\\/weg-120-vagas-de-emprego-abertas-em-todo-o-pais\\\/#breadcrumb\"},\"inLanguage\":\"es\",\"potentialAction\":[{\"@type\":\"ReadAction\",\"target\":[\"https:\\\/\\\/www.vagadeempregorj.com.br\\\/weg-120-vagas-de-emprego-abertas-em-todo-o-pais\\\/\"]}]},{\"@type\":\"ImageObject\",\"inLanguage\":\"es\",\"@id\":\"https:\\\/\\\/www.vagadeempregorj.com.br\\\/weg-120-vagas-de-emprego-abertas-em-todo-o-pais\\\/#primaryimage\",\"url\":\"https:\\\/\\\/www.vagadeempregorj.com.br\\\/wp-content\\\/uploads\\\/2025\\\/02\\\/image-35.png\",\"contentUrl\":\"https:\\\/\\\/www.vagadeempregorj.com.br\\\/wp-content\\\/uploads\\\/2025\\\/02\\\/image-35.png\",\"width\":1200,\"height\":799,\"caption\":\"WEG\"},{\"@type\":\"BreadcrumbList\",\"@id\":\"https:\\\/\\\/www.vagadeempregorj.com.br\\\/weg-120-vagas-de-emprego-abertas-em-todo-o-pais\\\/#breadcrumb\",\"itemListElement\":[{\"@type\":\"ListItem\",\"position\":1,\"name\":\"In\u00edcio\",\"item\":\"https:\\\/\\\/www.vagadeempregorj.com.br\\\/\"},{\"@type\":\"ListItem\",\"position\":2,\"name\":\"Vagas de Emprego Nacionais\",\"item\":\"https:\\\/\\\/www.vagadeempregorj.com.br\\\/vagas-de-emprego-nacionais\\\/\"},{\"@type\":\"ListItem\",\"position\":3,\"name\":\"WEG: 120 vagas de emprego abertas em todo o pa\u00eds\"}]},{\"@type\":\"WebSite\",\"@id\":\"https:\\\/\\\/www.vagadeempregorj.com.br\\\/#website\",\"url\":\"https:\\\/\\\/www.vagadeempregorj.com.br\\\/\",\"name\":\"\",\"description\":\"Conquiste Sonhos: Vagas, Benef\u00edcios e Economia para Transformar Vidas e Alcan\u00e7ar Melhorias Cotidianas\",\"potentialAction\":[{\"@type\":\"SearchAction\",\"target\":{\"@type\":\"EntryPoint\",\"urlTemplate\":\"https:\\\/\\\/www.vagadeempregorj.com.br\\\/?s={search_term_string}\"},\"query-input\":{\"@type\":\"PropertyValueSpecification\",\"valueRequired\":true,\"valueName\":\"search_term_string\"}}],\"inLanguage\":\"es\"},{\"@type\":\"Person\",\"@id\":\"https:\\\/\\\/www.vagadeempregorj.com.br\\\/#\\\/schema\\\/person\\\/3ddb19fa0539706786e502152f3aae95\",\"name\":\"Michele\",\"image\":{\"@type\":\"ImageObject\",\"inLanguage\":\"es\",\"@id\":\"https:\\\/\\\/secure.gravatar.com\\\/avatar\\\/6b0eb9d22841282815e2cd856a0061c45e1761cd54b22e952d98c4746939aa85?s=96&r=g\",\"url\":\"https:\\\/\\\/secure.gravatar.com\\\/avatar\\\/6b0eb9d22841282815e2cd856a0061c45e1761cd54b22e952d98c4746939aa85?s=96&r=g\",\"contentUrl\":\"https:\\\/\\\/secure.gravatar.com\\\/avatar\\\/6b0eb9d22841282815e2cd856a0061c45e1761cd54b22e952d98c4746939aa85?s=96&r=g\",\"caption\":\"Michele\"},\"description\":\"Formada em Letras - Portugu\u00eas\\\/ Ingl\u00eas, e idealizadora do site Escritora de Sucesso, busca expandir o conhecimento de todos com informa\u00e7\u00f5es relevantes sobre diversos assuntos, enquanto redatora. No Vaga de Emprego RJ, traz oportunidades e dicas sobre o mercado de trabalho.\",\"url\":\"https:\\\/\\\/www.vagadeempregorj.com.br\\\/es\\\/author\\\/michele\\\/\"}]}<\/script>\n<!-- \/ Yoast SEO plugin. -->","yoast_head_json":{"title":"WEG: 120 vagas de emprego abertas em todo o pa\u00eds -","description":"Veja em Vagas de Emprego RJ as vagas de emprego com e sem experi\u00eancia no seu Estado e Regi\u00e3o!","robots":{"index":"index","follow":"follow","max-snippet":"max-snippet:-1","max-image-preview":"max-image-preview:large","max-video-preview":"max-video-preview:-1"},"canonical":"https:\/\/www.vagadeempregorj.com.br\/es\/weg-120-vagas-de-emprego-abertas-em-todo-o-pais\/","og_locale":"es_MX","og_type":"article","og_title":"WEG: 120 vagas de emprego abertas em todo o pa\u00eds -","og_description":"Veja em Vagas de Emprego RJ as vagas de emprego com e sem experi\u00eancia no seu Estado e Regi\u00e3o!","og_url":"https:\/\/www.vagadeempregorj.com.br\/es\/weg-120-vagas-de-emprego-abertas-em-todo-o-pais\/","article_publisher":"https:\/\/www.facebook.com\/empregobrasiloficial","article_published_time":"2025-02-28T09:00:00+00:00","og_image":[{"width":1200,"height":799,"url":"https:\/\/www.vagadeempregorj.com.br\/wp-content\/uploads\/2025\/02\/image-35.png","type":"image\/png"}],"author":"Michele","twitter_card":"summary_large_image","twitter_misc":{"Written by":"Michele","Est. reading time":"5 minutos"},"schema":{"@context":"https:\/\/schema.org","@graph":[{"@type":"Article","@id":"https:\/\/www.vagadeempregorj.com.br\/weg-120-vagas-de-emprego-abertas-em-todo-o-pais\/#article","isPartOf":{"@id":"https:\/\/www.vagadeempregorj.com.br\/weg-120-vagas-de-emprego-abertas-em-todo-o-pais\/"},"author":{"name":"Michele","@id":"https:\/\/www.vagadeempregorj.com.br\/#\/schema\/person\/3ddb19fa0539706786e502152f3aae95"},"headline":"WEG: 120 vagas de emprego abertas em todo o pa\u00eds","datePublished":"2025-02-28T09:00:00+00:00","mainEntityOfPage":{"@id":"https:\/\/www.vagadeempregorj.com.br\/weg-120-vagas-de-emprego-abertas-em-todo-o-pais\/"},"wordCount":992,"image":{"@id":"https:\/\/www.vagadeempregorj.com.br\/weg-120-vagas-de-emprego-abertas-em-todo-o-pais\/#primaryimage"},"thumbnailUrl":"https:\/\/www.vagadeempregorj.com.br\/wp-content\/uploads\/2025\/02\/image-35.png","articleSection":["Vagas de Emprego Nacionais"],"inLanguage":"es"},{"@type":"WebPage","@id":"https:\/\/www.vagadeempregorj.com.br\/weg-120-vagas-de-emprego-abertas-em-todo-o-pais\/","url":"https:\/\/www.vagadeempregorj.com.br\/weg-120-vagas-de-emprego-abertas-em-todo-o-pais\/","name":"WEG: 120 vagas de emprego abertas em todo o pa\u00eds -","isPartOf":{"@id":"https:\/\/www.vagadeempregorj.com.br\/#website"},"primaryImageOfPage":{"@id":"https:\/\/www.vagadeempregorj.com.br\/weg-120-vagas-de-emprego-abertas-em-todo-o-pais\/#primaryimage"},"image":{"@id":"https:\/\/www.vagadeempregorj.com.br\/weg-120-vagas-de-emprego-abertas-em-todo-o-pais\/#primaryimage"},"thumbnailUrl":"https:\/\/www.vagadeempregorj.com.br\/wp-content\/uploads\/2025\/02\/image-35.png","datePublished":"2025-02-28T09:00:00+00:00","author":{"@id":"https:\/\/www.vagadeempregorj.com.br\/#\/schema\/person\/3ddb19fa0539706786e502152f3aae95"},"description":"Veja em Vagas de Emprego RJ as vagas de emprego com e sem experi\u00eancia no seu Estado e Regi\u00e3o!","breadcrumb":{"@id":"https:\/\/www.vagadeempregorj.com.br\/weg-120-vagas-de-emprego-abertas-em-todo-o-pais\/#breadcrumb"},"inLanguage":"es","potentialAction":[{"@type":"ReadAction","target":["https:\/\/www.vagadeempregorj.com.br\/weg-120-vagas-de-emprego-abertas-em-todo-o-pais\/"]}]},{"@type":"ImageObject","inLanguage":"es","@id":"https:\/\/www.vagadeempregorj.com.br\/weg-120-vagas-de-emprego-abertas-em-todo-o-pais\/#primaryimage","url":"https:\/\/www.vagadeempregorj.com.br\/wp-content\/uploads\/2025\/02\/image-35.png","contentUrl":"https:\/\/www.vagadeempregorj.com.br\/wp-content\/uploads\/2025\/02\/image-35.png","width":1200,"height":799,"caption":"WEG"},{"@type":"BreadcrumbList","@id":"https:\/\/www.vagadeempregorj.com.br\/weg-120-vagas-de-emprego-abertas-em-todo-o-pais\/#breadcrumb","itemListElement":[{"@type":"ListItem","position":1,"name":"In\u00edcio","item":"https:\/\/www.vagadeempregorj.com.br\/"},{"@type":"ListItem","position":2,"name":"Vagas de Emprego Nacionais","item":"https:\/\/www.vagadeempregorj.com.br\/vagas-de-emprego-nacionais\/"},{"@type":"ListItem","position":3,"name":"WEG: 120 vagas de emprego abertas em todo o pa\u00eds"}]},{"@type":"WebSite","@id":"https:\/\/www.vagadeempregorj.com.br\/#website","url":"https:\/\/www.vagadeempregorj.com.br\/","name":"","description":"Conquiste Sonhos: Vagas, Benef\u00edcios e Economia para Transformar Vidas e Alcan\u00e7ar Melhorias Cotidianas","potentialAction":[{"@type":"SearchAction","target":{"@type":"EntryPoint","urlTemplate":"https:\/\/www.vagadeempregorj.com.br\/?s={search_term_string}"},"query-input":{"@type":"PropertyValueSpecification","valueRequired":true,"valueName":"search_term_string"}}],"inLanguage":"es"},{"@type":"Person","@id":"https:\/\/www.vagadeempregorj.com.br\/#\/schema\/person\/3ddb19fa0539706786e502152f3aae95","name":"Michele","image":{"@type":"ImageObject","inLanguage":"es","@id":"https:\/\/secure.gravatar.com\/avatar\/6b0eb9d22841282815e2cd856a0061c45e1761cd54b22e952d98c4746939aa85?s=96&r=g","url":"https:\/\/secure.gravatar.com\/avatar\/6b0eb9d22841282815e2cd856a0061c45e1761cd54b22e952d98c4746939aa85?s=96&r=g","contentUrl":"https:\/\/secure.gravatar.com\/avatar\/6b0eb9d22841282815e2cd856a0061c45e1761cd54b22e952d98c4746939aa85?s=96&r=g","caption":"Michele"},"description":"Formada em Letras - Portugu\u00eas\/ Ingl\u00eas, e idealizadora do site Escritora de Sucesso, busca expandir o conhecimento de todos com informa\u00e7\u00f5es relevantes sobre diversos assuntos, enquanto redatora. No Vaga de Emprego RJ, traz oportunidades e dicas sobre o mercado de trabalho.","url":"https:\/\/www.vagadeempregorj.com.br\/es\/author\/michele\/"}]}},"_links":{"self":[{"href":"https:\/\/www.vagadeempregorj.com.br\/es\/wp-json\/wp\/v2\/posts\/42617","targetHints":{"allow":["GET"]}}],"collection":[{"href":"https:\/\/www.vagadeempregorj.com.br\/es\/wp-json\/wp\/v2\/posts"}],"about":[{"href":"https:\/\/www.vagadeempregorj.com.br\/es\/wp-json\/wp\/v2\/types\/post"}],"author":[{"embeddable":true,"href":"https:\/\/www.vagadeempregorj.com.br\/es\/wp-json\/wp\/v2\/users\/16"}],"replies":[{"embeddable":true,"href":"https:\/\/www.vagadeempregorj.com.br\/es\/wp-json\/wp\/v2\/comments?post=42617"}],"version-history":[{"count":0,"href":"https:\/\/www.vagadeempregorj.com.br\/es\/wp-json\/wp\/v2\/posts\/42617\/revisions"}],"wp:featuredmedia":[{"embeddable":true,"href":"https:\/\/www.vagadeempregorj.com.br\/es\/wp-json\/wp\/v2\/media\/42626"}],"wp:attachment":[{"href":"https:\/\/www.vagadeempregorj.com.br\/es\/wp-json\/wp\/v2\/media?parent=42617"}],"wp:term":[{"taxonomy":"category","embeddable":true,"href":"https:\/\/www.vagadeempregorj.com.br\/es\/wp-json\/wp\/v2\/categories?post=42617"},{"taxonomy":"post_tag","embeddable":true,"href":"https:\/\/www.vagadeempregorj.com.br\/es\/wp-json\/wp\/v2\/tags?post=42617"}],"curies":[{"name":"wp","href":"https:\/\/api.w.org\/{rel}","templated":true}]}}