{"id":42667,"date":"2025-03-09T06:00:00","date_gmt":"2025-03-09T09:00:00","guid":{"rendered":"https:\/\/www.vagadeempregorj.com.br\/?p=42667"},"modified":"2025-02-18T19:01:30","modified_gmt":"2025-02-18T22:01:30","slug":"mills-71-vagas-de-emprego-abertas-pelo-pais","status":"publish","type":"post","link":"https:\/\/www.vagadeempregorj.com.br\/es\/mills-71-vagas-de-emprego-abertas-pelo-pais\/","title":{"rendered":"Mills: 71 vagas de emprego abertas pelo pa\u00eds"},"content":{"rendered":"<p>Quer ser contratado? Conhecer novas oportunidades profissionais? A <strong>Mills<\/strong>, l\u00edder no mercado de loca\u00e7\u00e3o de equipamentos para trabalhos em altura e m\u00e1quinas pesadas, est\u00e1 ampliando sua equipe e disponibilizando 71 vagas de emprego em diversas regi\u00f5es do Brasil. <\/p>\n\n\n\n<p>Esta pode ser a chance que voc\u00ea esperava para alavancar sua carreira em uma empresa renomada e em constante crescimento. Vamos juntos conhecer as oportunidades dispon\u00edveis e como voc\u00ea pode se candidatar.<\/p>\n\n\n\n<figure class=\"wp-block-image size-large\"><img loading=\"lazy\" decoding=\"async\" width=\"1024\" height=\"682\" src=\"https:\/\/www.vagadeempregorj.com.br\/wp-content\/uploads\/2025\/02\/image-48-1024x682.png\" alt=\"\" class=\"wp-image-42680\" srcset=\"https:\/\/www.vagadeempregorj.com.br\/wp-content\/uploads\/2025\/02\/image-48-1024x682.png 1024w, https:\/\/www.vagadeempregorj.com.br\/wp-content\/uploads\/2025\/02\/image-48-300x200.png 300w, https:\/\/www.vagadeempregorj.com.br\/wp-content\/uploads\/2025\/02\/image-48-768x512.png 768w, https:\/\/www.vagadeempregorj.com.br\/wp-content\/uploads\/2025\/02\/image-48-150x100.png 150w, https:\/\/www.vagadeempregorj.com.br\/wp-content\/uploads\/2025\/02\/image-48.png 1055w\" sizes=\"auto, (max-width: 1024px) 100vw, 1024px\" \/><\/figure>\n\n\n\n<h2 class=\"wp-block-heading\">Quais s\u00e3o as oportunidades de carreira na Mills?<\/h2>\n\n\n\n<p>A Mills valoriza profissionais dedicados e oferece um ambiente prop\u00edcio para o desenvolvimento em diferentes \u00e1reas. A seguir, destacamos algumas das principais oportunidades dispon\u00edveis:<\/p>\n\n\n\n<h3 class=\"wp-block-heading\">Analista Administrativo de Manuten\u00e7\u00e3o I<\/h3>\n\n\n\n<p>Como Analista Administrativo de Manuten\u00e7\u00e3o I, suas responsabilidades incluir\u00e3o:<\/p>\n\n\n\n<ul class=\"wp-block-list\">\n<li><strong>Gest\u00e3o de documentos<\/strong>: Organizar e controlar toda a documenta\u00e7\u00e3o relacionada \u00e0 manuten\u00e7\u00e3o dos equipamentos.<\/li>\n\n\n\n<li><strong>Apoio administrativo<\/strong>: Auxiliar nas atividades administrativas do setor, garantindo o bom funcionamento das opera\u00e7\u00f5es.<\/li>\n\n\n\n<li><strong>Controle de indicadores<\/strong>: Monitorar e reportar indicadores de desempenho da manuten\u00e7\u00e3o.<\/li>\n<\/ul>\n\n\n\n<p><strong>Localidade<\/strong>: Len\u00e7\u00f3is Paulista, SP<\/p>\n\n\n\n<h3 class=\"wp-block-heading\">Analista de Intelig\u00eancia de Neg\u00f3cio III<\/h3>\n\n\n\n<p>Nesta fun\u00e7\u00e3o, voc\u00ea ser\u00e1 respons\u00e1vel por:<\/p>\n\n\n\n<ul class=\"wp-block-list\">\n<li><strong>An\u00e1lise de dados<\/strong>: Interpretar grandes volumes de dados para fornecer insights que apoiem a tomada de decis\u00e3o estrat\u00e9gica.<\/li>\n\n\n\n<li><strong>Desenvolvimento de relat\u00f3rios<\/strong>: Criar e manter dashboards que facilitem o acompanhamento de m\u00e9tricas-chave.<\/li>\n\n\n\n<li><strong>Colabora\u00e7\u00e3o interdepartamental<\/strong>: Trabalhar em conjunto com diferentes \u00e1reas para identificar oportunidades de melhoria e crescimento.<\/li>\n<\/ul>\n\n\n\n<p><strong>Localidade<\/strong>: S\u00e3o Paulo, SP (modelo h\u00edbrido)<\/p>\n\n\n\n<h3 class=\"wp-block-heading\">Analista de Manuten\u00e7\u00e3o II<\/h3>\n\n\n\n<p>Como Analista de Manuten\u00e7\u00e3o II, suas principais atividades ser\u00e3o:<\/p>\n\n\n\n<ul class=\"wp-block-list\">\n<li><strong>Planejamento de manuten\u00e7\u00e3o<\/strong>: Elaborar planos de manuten\u00e7\u00e3o preventiva e corretiva para os equipamentos.<\/li>\n\n\n\n<li><strong>Coordena\u00e7\u00e3o de equipes<\/strong>: Supervisionar as equipes de manuten\u00e7\u00e3o, garantindo a execu\u00e7\u00e3o eficiente das atividades.<\/li>\n\n\n\n<li><strong>Gest\u00e3o de recursos<\/strong>: Controlar o uso de materiais e ferramentas necess\u00e1rias para as manuten\u00e7\u00f5es.<\/li>\n<\/ul>\n\n\n\n<p><strong>Localidade<\/strong>: Sumar\u00e9, SP<\/p>\n\n\n\n<h3 class=\"wp-block-heading\">Assistente de Log\u00edstica<\/h3>\n\n\n\n<p>Nesta posi\u00e7\u00e3o, suas responsabilidades incluir\u00e3o:<\/p>\n\n\n\n<ul class=\"wp-block-list\">\n<li><strong>Controle de estoque<\/strong>: Monitorar e organizar o estoque de pe\u00e7as e equipamentos.<\/li>\n\n\n\n<li><strong>Coordena\u00e7\u00e3o de transportes<\/strong>: Agendar e acompanhar o transporte de equipamentos para clientes e filiais.<\/li>\n\n\n\n<li><strong>Apoio operacional<\/strong>: Auxiliar nas atividades di\u00e1rias do setor log\u00edstico, garantindo efici\u00eancia nas opera\u00e7\u00f5es.<\/li>\n<\/ul>\n\n\n\n<p><strong>Localidades<\/strong>: Len\u00e7\u00f3is Paulista, SP; Rio de Janeiro, RJ; Cachoeirinha, RS; Cotia, SP<\/p>\n\n\n\n<h3 class=\"wp-block-heading\">Auxiliar de Manuten\u00e7\u00e3o<\/h3>\n\n\n\n<p>Como Auxiliar de Manuten\u00e7\u00e3o, voc\u00ea ter\u00e1 as seguintes atribui\u00e7\u00f5es:<\/p>\n\n\n\n<ul class=\"wp-block-list\">\n<li><strong>Suporte nas manuten\u00e7\u00f5es<\/strong>: Auxiliar os t\u00e9cnicos nas atividades de manuten\u00e7\u00e3o preventiva e corretiva dos equipamentos.<\/li>\n\n\n\n<li><strong>Organiza\u00e7\u00e3o do ambiente<\/strong>: Manter o local de trabalho limpo e organizado, seguindo as normas de seguran\u00e7a.<\/li>\n\n\n\n<li><strong>Controle de ferramentas<\/strong>: Gerenciar o uso e armazenamento adequado das ferramentas utilizadas.<\/li>\n<\/ul>\n\n\n\n<p><strong>Localidades<\/strong>: S\u00e3o Vicente, SP; Cascavel, PR; I\u00e7ara, SC; Santos, SP<\/p>\n\n\n\n<h3 class=\"wp-block-heading\">Estagi\u00e1rio T\u00e9cnico<\/h3>\n\n\n\n<p>Para estudantes que buscam iniciar sua trajet\u00f3ria profissional, a Mills oferece oportunidades de est\u00e1gio t\u00e9cnico em diversas \u00e1reas. As principais atividades incluem:<\/p>\n\n\n\n<ul class=\"wp-block-list\">\n<li><strong>Apoio nas manuten\u00e7\u00f5es<\/strong>: Auxiliar nas atividades de manuten\u00e7\u00e3o preventiva e corretiva, sob supervis\u00e3o.<\/li>\n\n\n\n<li><strong>Aprendizado pr\u00e1tico<\/strong>: Desenvolver habilidades t\u00e9cnicas em equipamentos especializados.<\/li>\n\n\n\n<li><strong>Participa\u00e7\u00e3o em projetos<\/strong>: Colaborar em projetos que visam melhorias nos processos de manuten\u00e7\u00e3o.<\/li>\n<\/ul>\n\n\n\n<p><strong>Localidades<\/strong>: Tr\u00eas Lagoas, MS; Uberl\u00e2ndia, MG; Teresina, PI; Cotia, SP; Rio de Janeiro, RJ<\/p>\n\n\n\n<h3 class=\"wp-block-heading\">Vendedor Externo III<\/h3>\n\n\n\n<p>Como Vendedor Externo III, suas principais fun\u00e7\u00f5es ser\u00e3o:<\/p>\n\n\n\n<ul class=\"wp-block-list\">\n<li><strong>Prospec\u00e7\u00e3o de clientes<\/strong>: Identificar e abordar potenciais clientes para apresentar os servi\u00e7os e produtos da empresa.<\/li>\n\n\n\n<li><strong>Negocia\u00e7\u00e3o<\/strong>: Elaborar propostas comerciais e negociar contratos, visando fechar neg\u00f3cios vantajosos para ambas as partes.<\/li>\n\n\n\n<li><strong>Acompanhamento de clientes<\/strong>: Manter relacionamento pr\u00f3ximo com os clientes, garantindo sua satisfa\u00e7\u00e3o e fideliza\u00e7\u00e3o.<\/li>\n<\/ul>\n\n\n\n<p><strong>Localidades<\/strong>: Bauru, SP; Palmas, TO; Contagem, MG<\/p>\n\n\n\n<h3 class=\"wp-block-heading\">Mec\u00e2nico de Empilhadeiras<\/h3>\n\n\n\n<p>Nesta fun\u00e7\u00e3o, voc\u00ea ser\u00e1 respons\u00e1vel por:<\/p>\n\n\n\n<ul class=\"wp-block-list\">\n<li><strong>Manuten\u00e7\u00e3o de empilhadeiras<\/strong>: Realizar diagn\u00f3sticos e reparos em empilhadeiras, assegurando seu pleno funcionamento.<\/li>\n\n\n\n<li><strong>Substitui\u00e7\u00e3o de pe\u00e7as<\/strong>: Identificar a necessidade e efetuar a troca de componentes danificados ou desgastados.<\/li>\n\n\n\n<li><strong>Testes de performance<\/strong>: Executar testes para garantir que os equipamentos atendam aos padr\u00f5es de qualidade e seguran\u00e7a.<\/li>\n<\/ul>\n\n\n\n<p><strong>Localidades<\/strong>: Rondon\u00f3polis, MT; S\u00e3o Paulo, SP; Cocalzinho de Goi\u00e1s, GO; Camb\u00e9, PR; Len\u00e7\u00f3is Paulista, SP<\/p>\n\n\n\n<h3 class=\"wp-block-heading\">T\u00e9cnico de Manuten\u00e7\u00e3o I<\/h3>\n\n\n\n<p>Como T\u00e9cnico de Manuten\u00e7\u00e3o I, suas responsabilidades incluir\u00e3o:<\/p>\n\n\n\n<ul class=\"wp-block-list\">\n<li><strong>Execu\u00e7\u00e3o de manuten\u00e7\u00f5es<\/strong>: Realizar manuten\u00e7\u00f5es preventivas e corretivas em equipamentos especializados.<\/li>\n\n\n\n<li><strong>Diagn\u00f3stico de falhas<\/strong>: Identificar problemas t\u00e9cnicos e propor solu\u00e7\u00f5es eficazes.<\/li>\n\n\n\n<li><strong>Registro de atividades<\/strong>: Documentar os servi\u00e7os realizados, mantendo um hist\u00f3rico preciso das manuten\u00e7\u00f5es.<\/li>\n<\/ul>\n\n\n\n<p><strong>Localidades<\/strong>: Osasco, SP; Itaja\u00ed, SC; Cascavel, PR; Duque de Caxias, RJ; Montes Claros, MG<\/p>\n\n\n\n<h3 class=\"wp-block-heading\">Supervisor de Manuten\u00e7\u00e3o<\/h3>\n\n\n\n<p>Na fun\u00e7\u00e3o de Supervisor de Manuten\u00e7\u00e3o, suas principais atividades ser\u00e3o:<\/p>\n\n\n\n<ul class=\"wp-block-list\">\n<li><strong>Gest\u00e3o da equipe<\/strong>: Coordenar t\u00e9cnicos e auxiliares de manuten\u00e7\u00e3o, garantindo que os servi\u00e7os sejam executados com qualidade e dentro dos prazos.<\/li>\n\n\n\n<li><strong>Planejamento de atividades<\/strong>: Definir estrat\u00e9gias para manuten\u00e7\u00e3o preventiva e corretiva dos equipamentos.<\/li>\n\n\n\n<li><strong>Controle de custos<\/strong>: Monitorar os gastos com manuten\u00e7\u00e3o e propor solu\u00e7\u00f5es para otimiza\u00e7\u00e3o de recursos.<\/li>\n<\/ul>\n\n\n\n<p><strong>Localidades<\/strong>: Campinas, SP; Goi\u00e2nia, GO; Fortaleza, CE<\/p>\n\n\n\n<h3 class=\"wp-block-heading\">Assistente Comercial<\/h3>\n\n\n\n<p>Para quem tem perfil comercial e deseja atuar no setor de vendas, a fun\u00e7\u00e3o de Assistente Comercial inclui:<\/p>\n\n\n\n<ul class=\"wp-block-list\">\n<li><strong>Atendimento ao cliente<\/strong>: Apoiar clientes no processo de loca\u00e7\u00e3o e compra de equipamentos.<\/li>\n\n\n\n<li><strong>Gest\u00e3o de contratos<\/strong>: Organizar e acompanhar os documentos relacionados a negocia\u00e7\u00f5es comerciais.<\/li>\n\n\n\n<li><strong>Apoio \u00e0 equipe de vendas<\/strong>: Auxiliar os vendedores na prospec\u00e7\u00e3o e fideliza\u00e7\u00e3o de clientes.<\/li>\n<\/ul>\n\n\n\n<p><strong>Localidades<\/strong>: Salvador, BA; Belo Horizonte, MG; Joinville, SC<\/p>\n\n\n\n<h2 class=\"wp-block-heading\">Como se candidatar?<\/h2>\n\n\n\n<p>Se alguma dessas vagas chamou sua aten\u00e7\u00e3o, o processo para se candidatar \u00e9 simples e totalmente online. Siga os passos abaixo para garantir sua inscri\u00e7\u00e3o:<\/p>\n\n\n\n<ul class=\"wp-block-list\">\n<li>Digite no seu navegador o link <strong>https:\/\/mills.gupy.io\/<\/strong>.<\/li>\n\n\n\n<li>Conhe\u00e7a as vagas dispon\u00edveis e selecione a que mais se encaixa no seu perfil.<\/li>\n\n\n\n<li>Leia os detalhes sobre a fun\u00e7\u00e3o, requisitos e benef\u00edcios oferecidos.<\/li>\n\n\n\n<li>Clique no bot\u00e3o de candidatura e preencha suas informa\u00e7\u00f5es pessoais e profissionais.<\/li>\n\n\n\n<li>Caso seu perfil seja compat\u00edvel, a equipe de recrutamento entrar\u00e1 em contato para as pr\u00f3ximas etapas do processo seletivo.<\/li>\n<\/ul>\n\n\n\n<h2 class=\"wp-block-heading\">Crescimento e benef\u00edcios na Mills<\/h2>\n\n\n\n<p>Al\u00e9m das oportunidades de emprego, a <strong>Mills <\/strong>investe no desenvolvimento profissional de seus colaboradores. A empresa valoriza a capacita\u00e7\u00e3o cont\u00ednua e promove treinamentos internos para aprimorar as habilidades dos funcion\u00e1rios.<\/p>\n\n\n\n<p>Os benef\u00edcios variam de acordo com o cargo e a localidade, mas podem incluir:<\/p>\n\n\n\n<ul class=\"wp-block-list\">\n<li>Plano de sa\u00fade e odontol\u00f3gico<\/li>\n\n\n\n<li>Vale-refei\u00e7\u00e3o ou alimenta\u00e7\u00e3o<\/li>\n\n\n\n<li>Seguro de vida<\/li>\n\n\n\n<li>Programas de desenvolvimento profissional<\/li>\n\n\n\n<li>Participa\u00e7\u00e3o nos lucros e resultados<\/li>\n<\/ul>\n\n\n\n<p>Trabalhar na <strong>Mills <\/strong>significa fazer parte de uma empresa s\u00f3lida, que se preocupa com seus colaboradores e busca inova\u00e7\u00e3o constante no setor de loca\u00e7\u00e3o de equipamentos.<\/p>\n\n\n\n<p>Se voc\u00ea est\u00e1 pronto para um novo desafio profissional, essa pode ser a sua chance! Acesse o portal de carreiras e inscreva-se agora mesmo.<\/p>\n\n\n\n<p><strong>Veja tamb\u00e9m: <a href=\"https:\/\/www.vagadeempregorj.com.br\/es\/grupo-lider-64-vagas-de-emprego-pelo-pais\/\">Grupo Lider: 64 vagas de emprego pelo pa\u00eds<\/a><\/strong><\/p>\n\n\n\n<p>9 de mar\u00e7o de 2025<\/p>","protected":false},"excerpt":{"rendered":"<p>Quer ser contratado? Conhecer novas oportunidades profissionais? A Mills, l\u00edder no mercado de loca\u00e7\u00e3o de equipamentos para trabalhos em altura e m\u00e1quinas pesadas, est\u00e1 ampliando sua equipe e disponibilizando 71 vagas de emprego em diversas regi\u00f5es do Brasil. Esta pode ser a chance que voc\u00ea esperava para alavancar sua carreira em uma empresa renomada e&hellip;&nbsp;<\/p>","protected":false},"author":16,"featured_media":42680,"comment_status":"closed","ping_status":"closed","sticky":false,"template":"","format":"standard","meta":{"neve_meta_sidebar":"","neve_meta_container":"","neve_meta_enable_content_width":"","neve_meta_content_width":0,"neve_meta_title_alignment":"","neve_meta_author_avatar":"","neve_post_elements_order":"","neve_meta_disable_header":"","neve_meta_disable_footer":"","neve_meta_disable_title":"","footnotes":""},"categories":[123],"tags":[],"class_list":["post-42667","post","type-post","status-publish","format-standard","has-post-thumbnail","hentry","category-vagas-de-emprego-nacionais"],"yoast_head":"<!-- This site is optimized with the Yoast SEO plugin v27.5 - https:\/\/yoast.com\/product\/yoast-seo-wordpress\/ -->\n<title>Mills: 71 vagas de emprego abertas pelo pa\u00eds -<\/title>\n<meta name=\"description\" content=\"Veja em Vagas de Emprego RJ as vagas de emprego com e sem experi\u00eancia no seu Estado e Regi\u00e3o!\" \/>\n<meta name=\"robots\" content=\"index, follow, max-snippet:-1, max-image-preview:large, max-video-preview:-1\" \/>\n<link rel=\"canonical\" href=\"https:\/\/www.vagadeempregorj.com.br\/es\/mills-71-vagas-de-emprego-abertas-pelo-pais\/\" \/>\n<meta property=\"og:locale\" content=\"es_MX\" \/>\n<meta property=\"og:type\" content=\"article\" \/>\n<meta property=\"og:title\" content=\"Mills: 71 vagas de emprego abertas pelo pa\u00eds -\" \/>\n<meta property=\"og:description\" content=\"Veja em Vagas de Emprego RJ as vagas de emprego com e sem experi\u00eancia no seu Estado e Regi\u00e3o!\" \/>\n<meta property=\"og:url\" content=\"https:\/\/www.vagadeempregorj.com.br\/es\/mills-71-vagas-de-emprego-abertas-pelo-pais\/\" \/>\n<meta property=\"article:publisher\" content=\"https:\/\/www.facebook.com\/empregobrasiloficial\" \/>\n<meta property=\"article:published_time\" content=\"2025-03-09T09:00:00+00:00\" \/>\n<meta property=\"og:image\" content=\"https:\/\/www.vagadeempregorj.com.br\/wp-content\/uploads\/2025\/02\/image-48.png\" \/>\n\t<meta property=\"og:image:width\" content=\"1055\" \/>\n\t<meta property=\"og:image:height\" content=\"703\" \/>\n\t<meta property=\"og:image:type\" content=\"image\/png\" \/>\n<meta name=\"author\" content=\"Michele\" \/>\n<meta name=\"twitter:card\" content=\"summary_large_image\" \/>\n<meta name=\"twitter:label1\" content=\"Written by\" \/>\n\t<meta name=\"twitter:data1\" content=\"Michele\" \/>\n\t<meta name=\"twitter:label2\" content=\"Est. reading time\" \/>\n\t<meta name=\"twitter:data2\" content=\"6 minutos\" \/>\n<script type=\"application\/ld+json\" class=\"yoast-schema-graph\">{\"@context\":\"https:\\\/\\\/schema.org\",\"@graph\":[{\"@type\":\"Article\",\"@id\":\"https:\\\/\\\/www.vagadeempregorj.com.br\\\/mills-71-vagas-de-emprego-abertas-pelo-pais\\\/#article\",\"isPartOf\":{\"@id\":\"https:\\\/\\\/www.vagadeempregorj.com.br\\\/mills-71-vagas-de-emprego-abertas-pelo-pais\\\/\"},\"author\":{\"name\":\"Michele\",\"@id\":\"https:\\\/\\\/www.vagadeempregorj.com.br\\\/#\\\/schema\\\/person\\\/3ddb19fa0539706786e502152f3aae95\"},\"headline\":\"Mills: 71 vagas de emprego abertas pelo pa\u00eds\",\"datePublished\":\"2025-03-09T09:00:00+00:00\",\"mainEntityOfPage\":{\"@id\":\"https:\\\/\\\/www.vagadeempregorj.com.br\\\/mills-71-vagas-de-emprego-abertas-pelo-pais\\\/\"},\"wordCount\":1188,\"image\":{\"@id\":\"https:\\\/\\\/www.vagadeempregorj.com.br\\\/mills-71-vagas-de-emprego-abertas-pelo-pais\\\/#primaryimage\"},\"thumbnailUrl\":\"https:\\\/\\\/www.vagadeempregorj.com.br\\\/wp-content\\\/uploads\\\/2025\\\/02\\\/image-48.png\",\"articleSection\":[\"Vagas de Emprego Nacionais\"],\"inLanguage\":\"es\"},{\"@type\":\"WebPage\",\"@id\":\"https:\\\/\\\/www.vagadeempregorj.com.br\\\/mills-71-vagas-de-emprego-abertas-pelo-pais\\\/\",\"url\":\"https:\\\/\\\/www.vagadeempregorj.com.br\\\/mills-71-vagas-de-emprego-abertas-pelo-pais\\\/\",\"name\":\"Mills: 71 vagas de emprego abertas pelo pa\u00eds -\",\"isPartOf\":{\"@id\":\"https:\\\/\\\/www.vagadeempregorj.com.br\\\/#website\"},\"primaryImageOfPage\":{\"@id\":\"https:\\\/\\\/www.vagadeempregorj.com.br\\\/mills-71-vagas-de-emprego-abertas-pelo-pais\\\/#primaryimage\"},\"image\":{\"@id\":\"https:\\\/\\\/www.vagadeempregorj.com.br\\\/mills-71-vagas-de-emprego-abertas-pelo-pais\\\/#primaryimage\"},\"thumbnailUrl\":\"https:\\\/\\\/www.vagadeempregorj.com.br\\\/wp-content\\\/uploads\\\/2025\\\/02\\\/image-48.png\",\"datePublished\":\"2025-03-09T09:00:00+00:00\",\"author\":{\"@id\":\"https:\\\/\\\/www.vagadeempregorj.com.br\\\/#\\\/schema\\\/person\\\/3ddb19fa0539706786e502152f3aae95\"},\"description\":\"Veja em Vagas de Emprego RJ as vagas de emprego com e sem experi\u00eancia no seu Estado e Regi\u00e3o!\",\"breadcrumb\":{\"@id\":\"https:\\\/\\\/www.vagadeempregorj.com.br\\\/mills-71-vagas-de-emprego-abertas-pelo-pais\\\/#breadcrumb\"},\"inLanguage\":\"es\",\"potentialAction\":[{\"@type\":\"ReadAction\",\"target\":[\"https:\\\/\\\/www.vagadeempregorj.com.br\\\/mills-71-vagas-de-emprego-abertas-pelo-pais\\\/\"]}]},{\"@type\":\"ImageObject\",\"inLanguage\":\"es\",\"@id\":\"https:\\\/\\\/www.vagadeempregorj.com.br\\\/mills-71-vagas-de-emprego-abertas-pelo-pais\\\/#primaryimage\",\"url\":\"https:\\\/\\\/www.vagadeempregorj.com.br\\\/wp-content\\\/uploads\\\/2025\\\/02\\\/image-48.png\",\"contentUrl\":\"https:\\\/\\\/www.vagadeempregorj.com.br\\\/wp-content\\\/uploads\\\/2025\\\/02\\\/image-48.png\",\"width\":1055,\"height\":703},{\"@type\":\"BreadcrumbList\",\"@id\":\"https:\\\/\\\/www.vagadeempregorj.com.br\\\/mills-71-vagas-de-emprego-abertas-pelo-pais\\\/#breadcrumb\",\"itemListElement\":[{\"@type\":\"ListItem\",\"position\":1,\"name\":\"In\u00edcio\",\"item\":\"https:\\\/\\\/www.vagadeempregorj.com.br\\\/\"},{\"@type\":\"ListItem\",\"position\":2,\"name\":\"Vagas de Emprego Nacionais\",\"item\":\"https:\\\/\\\/www.vagadeempregorj.com.br\\\/vagas-de-emprego-nacionais\\\/\"},{\"@type\":\"ListItem\",\"position\":3,\"name\":\"Mills: 71 vagas de emprego abertas pelo pa\u00eds\"}]},{\"@type\":\"WebSite\",\"@id\":\"https:\\\/\\\/www.vagadeempregorj.com.br\\\/#website\",\"url\":\"https:\\\/\\\/www.vagadeempregorj.com.br\\\/\",\"name\":\"\",\"description\":\"Conquiste Sonhos: Vagas, Benef\u00edcios e Economia para Transformar Vidas e Alcan\u00e7ar Melhorias Cotidianas\",\"potentialAction\":[{\"@type\":\"SearchAction\",\"target\":{\"@type\":\"EntryPoint\",\"urlTemplate\":\"https:\\\/\\\/www.vagadeempregorj.com.br\\\/?s={search_term_string}\"},\"query-input\":{\"@type\":\"PropertyValueSpecification\",\"valueRequired\":true,\"valueName\":\"search_term_string\"}}],\"inLanguage\":\"es\"},{\"@type\":\"Person\",\"@id\":\"https:\\\/\\\/www.vagadeempregorj.com.br\\\/#\\\/schema\\\/person\\\/3ddb19fa0539706786e502152f3aae95\",\"name\":\"Michele\",\"image\":{\"@type\":\"ImageObject\",\"inLanguage\":\"es\",\"@id\":\"https:\\\/\\\/secure.gravatar.com\\\/avatar\\\/6b0eb9d22841282815e2cd856a0061c45e1761cd54b22e952d98c4746939aa85?s=96&r=g\",\"url\":\"https:\\\/\\\/secure.gravatar.com\\\/avatar\\\/6b0eb9d22841282815e2cd856a0061c45e1761cd54b22e952d98c4746939aa85?s=96&r=g\",\"contentUrl\":\"https:\\\/\\\/secure.gravatar.com\\\/avatar\\\/6b0eb9d22841282815e2cd856a0061c45e1761cd54b22e952d98c4746939aa85?s=96&r=g\",\"caption\":\"Michele\"},\"description\":\"Formada em Letras - Portugu\u00eas\\\/ Ingl\u00eas, e idealizadora do site Escritora de Sucesso, busca expandir o conhecimento de todos com informa\u00e7\u00f5es relevantes sobre diversos assuntos, enquanto redatora. No Vaga de Emprego RJ, traz oportunidades e dicas sobre o mercado de trabalho.\",\"url\":\"https:\\\/\\\/www.vagadeempregorj.com.br\\\/es\\\/author\\\/michele\\\/\"}]}<\/script>\n<!-- \/ Yoast SEO plugin. -->","yoast_head_json":{"title":"Mills: 71 vagas de emprego abertas pelo pa\u00eds -","description":"Veja em Vagas de Emprego RJ as vagas de emprego com e sem experi\u00eancia no seu Estado e Regi\u00e3o!","robots":{"index":"index","follow":"follow","max-snippet":"max-snippet:-1","max-image-preview":"max-image-preview:large","max-video-preview":"max-video-preview:-1"},"canonical":"https:\/\/www.vagadeempregorj.com.br\/es\/mills-71-vagas-de-emprego-abertas-pelo-pais\/","og_locale":"es_MX","og_type":"article","og_title":"Mills: 71 vagas de emprego abertas pelo pa\u00eds -","og_description":"Veja em Vagas de Emprego RJ as vagas de emprego com e sem experi\u00eancia no seu Estado e Regi\u00e3o!","og_url":"https:\/\/www.vagadeempregorj.com.br\/es\/mills-71-vagas-de-emprego-abertas-pelo-pais\/","article_publisher":"https:\/\/www.facebook.com\/empregobrasiloficial","article_published_time":"2025-03-09T09:00:00+00:00","og_image":[{"width":1055,"height":703,"url":"https:\/\/www.vagadeempregorj.com.br\/wp-content\/uploads\/2025\/02\/image-48.png","type":"image\/png"}],"author":"Michele","twitter_card":"summary_large_image","twitter_misc":{"Written by":"Michele","Est. reading time":"6 minutos"},"schema":{"@context":"https:\/\/schema.org","@graph":[{"@type":"Article","@id":"https:\/\/www.vagadeempregorj.com.br\/mills-71-vagas-de-emprego-abertas-pelo-pais\/#article","isPartOf":{"@id":"https:\/\/www.vagadeempregorj.com.br\/mills-71-vagas-de-emprego-abertas-pelo-pais\/"},"author":{"name":"Michele","@id":"https:\/\/www.vagadeempregorj.com.br\/#\/schema\/person\/3ddb19fa0539706786e502152f3aae95"},"headline":"Mills: 71 vagas de emprego abertas pelo pa\u00eds","datePublished":"2025-03-09T09:00:00+00:00","mainEntityOfPage":{"@id":"https:\/\/www.vagadeempregorj.com.br\/mills-71-vagas-de-emprego-abertas-pelo-pais\/"},"wordCount":1188,"image":{"@id":"https:\/\/www.vagadeempregorj.com.br\/mills-71-vagas-de-emprego-abertas-pelo-pais\/#primaryimage"},"thumbnailUrl":"https:\/\/www.vagadeempregorj.com.br\/wp-content\/uploads\/2025\/02\/image-48.png","articleSection":["Vagas de Emprego Nacionais"],"inLanguage":"es"},{"@type":"WebPage","@id":"https:\/\/www.vagadeempregorj.com.br\/mills-71-vagas-de-emprego-abertas-pelo-pais\/","url":"https:\/\/www.vagadeempregorj.com.br\/mills-71-vagas-de-emprego-abertas-pelo-pais\/","name":"Mills: 71 vagas de emprego abertas pelo pa\u00eds -","isPartOf":{"@id":"https:\/\/www.vagadeempregorj.com.br\/#website"},"primaryImageOfPage":{"@id":"https:\/\/www.vagadeempregorj.com.br\/mills-71-vagas-de-emprego-abertas-pelo-pais\/#primaryimage"},"image":{"@id":"https:\/\/www.vagadeempregorj.com.br\/mills-71-vagas-de-emprego-abertas-pelo-pais\/#primaryimage"},"thumbnailUrl":"https:\/\/www.vagadeempregorj.com.br\/wp-content\/uploads\/2025\/02\/image-48.png","datePublished":"2025-03-09T09:00:00+00:00","author":{"@id":"https:\/\/www.vagadeempregorj.com.br\/#\/schema\/person\/3ddb19fa0539706786e502152f3aae95"},"description":"Veja em Vagas de Emprego RJ as vagas de emprego com e sem experi\u00eancia no seu Estado e Regi\u00e3o!","breadcrumb":{"@id":"https:\/\/www.vagadeempregorj.com.br\/mills-71-vagas-de-emprego-abertas-pelo-pais\/#breadcrumb"},"inLanguage":"es","potentialAction":[{"@type":"ReadAction","target":["https:\/\/www.vagadeempregorj.com.br\/mills-71-vagas-de-emprego-abertas-pelo-pais\/"]}]},{"@type":"ImageObject","inLanguage":"es","@id":"https:\/\/www.vagadeempregorj.com.br\/mills-71-vagas-de-emprego-abertas-pelo-pais\/#primaryimage","url":"https:\/\/www.vagadeempregorj.com.br\/wp-content\/uploads\/2025\/02\/image-48.png","contentUrl":"https:\/\/www.vagadeempregorj.com.br\/wp-content\/uploads\/2025\/02\/image-48.png","width":1055,"height":703},{"@type":"BreadcrumbList","@id":"https:\/\/www.vagadeempregorj.com.br\/mills-71-vagas-de-emprego-abertas-pelo-pais\/#breadcrumb","itemListElement":[{"@type":"ListItem","position":1,"name":"In\u00edcio","item":"https:\/\/www.vagadeempregorj.com.br\/"},{"@type":"ListItem","position":2,"name":"Vagas de Emprego Nacionais","item":"https:\/\/www.vagadeempregorj.com.br\/vagas-de-emprego-nacionais\/"},{"@type":"ListItem","position":3,"name":"Mills: 71 vagas de emprego abertas pelo pa\u00eds"}]},{"@type":"WebSite","@id":"https:\/\/www.vagadeempregorj.com.br\/#website","url":"https:\/\/www.vagadeempregorj.com.br\/","name":"","description":"Conquiste Sonhos: Vagas, Benef\u00edcios e Economia para Transformar Vidas e Alcan\u00e7ar Melhorias Cotidianas","potentialAction":[{"@type":"SearchAction","target":{"@type":"EntryPoint","urlTemplate":"https:\/\/www.vagadeempregorj.com.br\/?s={search_term_string}"},"query-input":{"@type":"PropertyValueSpecification","valueRequired":true,"valueName":"search_term_string"}}],"inLanguage":"es"},{"@type":"Person","@id":"https:\/\/www.vagadeempregorj.com.br\/#\/schema\/person\/3ddb19fa0539706786e502152f3aae95","name":"Michele","image":{"@type":"ImageObject","inLanguage":"es","@id":"https:\/\/secure.gravatar.com\/avatar\/6b0eb9d22841282815e2cd856a0061c45e1761cd54b22e952d98c4746939aa85?s=96&r=g","url":"https:\/\/secure.gravatar.com\/avatar\/6b0eb9d22841282815e2cd856a0061c45e1761cd54b22e952d98c4746939aa85?s=96&r=g","contentUrl":"https:\/\/secure.gravatar.com\/avatar\/6b0eb9d22841282815e2cd856a0061c45e1761cd54b22e952d98c4746939aa85?s=96&r=g","caption":"Michele"},"description":"Formada em Letras - Portugu\u00eas\/ Ingl\u00eas, e idealizadora do site Escritora de Sucesso, busca expandir o conhecimento de todos com informa\u00e7\u00f5es relevantes sobre diversos assuntos, enquanto redatora. No Vaga de Emprego RJ, traz oportunidades e dicas sobre o mercado de trabalho.","url":"https:\/\/www.vagadeempregorj.com.br\/es\/author\/michele\/"}]}},"_links":{"self":[{"href":"https:\/\/www.vagadeempregorj.com.br\/es\/wp-json\/wp\/v2\/posts\/42667","targetHints":{"allow":["GET"]}}],"collection":[{"href":"https:\/\/www.vagadeempregorj.com.br\/es\/wp-json\/wp\/v2\/posts"}],"about":[{"href":"https:\/\/www.vagadeempregorj.com.br\/es\/wp-json\/wp\/v2\/types\/post"}],"author":[{"embeddable":true,"href":"https:\/\/www.vagadeempregorj.com.br\/es\/wp-json\/wp\/v2\/users\/16"}],"replies":[{"embeddable":true,"href":"https:\/\/www.vagadeempregorj.com.br\/es\/wp-json\/wp\/v2\/comments?post=42667"}],"version-history":[{"count":0,"href":"https:\/\/www.vagadeempregorj.com.br\/es\/wp-json\/wp\/v2\/posts\/42667\/revisions"}],"wp:featuredmedia":[{"embeddable":true,"href":"https:\/\/www.vagadeempregorj.com.br\/es\/wp-json\/wp\/v2\/media\/42680"}],"wp:attachment":[{"href":"https:\/\/www.vagadeempregorj.com.br\/es\/wp-json\/wp\/v2\/media?parent=42667"}],"wp:term":[{"taxonomy":"category","embeddable":true,"href":"https:\/\/www.vagadeempregorj.com.br\/es\/wp-json\/wp\/v2\/categories?post=42667"},{"taxonomy":"post_tag","embeddable":true,"href":"https:\/\/www.vagadeempregorj.com.br\/es\/wp-json\/wp\/v2\/tags?post=42667"}],"curies":[{"name":"wp","href":"https:\/\/api.w.org\/{rel}","templated":true}]}}