{"id":42698,"date":"2025-02-19T23:13:58","date_gmt":"2025-02-20T02:13:58","guid":{"rendered":"https:\/\/www.vagadeempregorj.com.br\/?p=42698"},"modified":"2025-02-19T23:14:00","modified_gmt":"2025-02-20T02:14:00","slug":"auxilio-gas-o-que-pode-mudar-de-acordo-com-o-governo","status":"publish","type":"post","link":"https:\/\/www.vagadeempregorj.com.br\/es\/auxilio-gas-o-que-pode-mudar-de-acordo-com-o-governo\/","title":{"rendered":"Aux\u00edlio G\u00e1s: O que pode mudar de acordo com o governo"},"content":{"rendered":"<p>O <strong>Aux\u00edlio G\u00e1s<\/strong> \u00e9 um benef\u00edcio essencial para milh\u00f5es de fam\u00edlias brasileiras que dependem do programa para garantir o acesso ao g\u00e1s de cozinha. No entanto, com as recentes discuss\u00f5es no governo federal, algumas mudan\u00e7as podem ser implementadas, alterando a forma como o benef\u00edcio \u00e9 concedido. <\/p>\n\n\n\n<p>A principal proposta \u00e9 substituir o pagamento direto pelo subs\u00eddio \u00e0s revendedoras, permitindo que as fam\u00edlias comprem o g\u00e1s com desconto nos estabelecimentos credenciados. Mas como isso afetar\u00e1 os benefici\u00e1rios? O programa continuar\u00e1 garantindo o apoio necess\u00e1rio para quem mais precisa?<\/p>\n\n\n\n<figure class=\"wp-block-image size-large\"><img loading=\"lazy\" decoding=\"async\" width=\"1024\" height=\"512\" src=\"https:\/\/www.vagadeempregorj.com.br\/wp-content\/uploads\/2025\/02\/image-50-1024x512.png\" alt=\"\" class=\"wp-image-42708\" srcset=\"https:\/\/www.vagadeempregorj.com.br\/wp-content\/uploads\/2025\/02\/image-50-1024x512.png 1024w, https:\/\/www.vagadeempregorj.com.br\/wp-content\/uploads\/2025\/02\/image-50-300x150.png 300w, https:\/\/www.vagadeempregorj.com.br\/wp-content\/uploads\/2025\/02\/image-50-768x384.png 768w, https:\/\/www.vagadeempregorj.com.br\/wp-content\/uploads\/2025\/02\/image-50-1536x768.png 1536w, https:\/\/www.vagadeempregorj.com.br\/wp-content\/uploads\/2025\/02\/image-50-150x75.png 150w, https:\/\/www.vagadeempregorj.com.br\/wp-content\/uploads\/2025\/02\/image-50.png 1600w\" sizes=\"auto, (max-width: 1024px) 100vw, 1024px\" \/><\/figure>\n\n\n\n<h2 class=\"wp-block-heading\">O que \u00e9 o Aux\u00edlio G\u00e1s e como funciona atualmente?<\/h2>\n\n\n\n<p>Atualmente, o Aux\u00edlio G\u00e1s funciona como uma transfer\u00eancia direta de renda. A cada dois meses, as fam\u00edlias cadastradas no <strong>Cadastro \u00danico para Programas Sociais (Cad\u00danico)<\/strong> recebem um valor equivalente a <strong>100% da m\u00e9dia do pre\u00e7o nacional do botij\u00e3o de 13 kg<\/strong>, calculado pela Ag\u00eancia Nacional do Petr\u00f3leo (ANP). O benef\u00edcio \u00e9 pago junto ao Bolsa Fam\u00edlia e pode ser sacado diretamente na conta do benefici\u00e1rio.<\/p>\n\n\n\n<p>Para ser eleg\u00edvel, a fam\u00edlia deve atender a alguns crit\u00e9rios, como:<\/p>\n\n\n\n<ul class=\"wp-block-list\">\n<li>Ter renda per capita de at\u00e9 <strong>meio sal\u00e1rio m\u00ednimo<\/strong>;<\/li>\n\n\n\n<li>Estar inscrita no <strong>Cad\u00danico<\/strong>;<\/li>\n\n\n\n<li>Prioridade para fam\u00edlias com mulheres v\u00edtimas de viol\u00eancia dom\u00e9stica que estejam sob medidas protetivas.<\/li>\n<\/ul>\n\n\n\n<p>Atualmente, o valor do benef\u00edcio varia conforme o pre\u00e7o m\u00e9dio do g\u00e1s de cozinha, mas o repasse do governo \u00e9 garantido a cada dois meses. No entanto, com as mudan\u00e7as propostas, esse modelo pode ser alterado.<\/p>\n\n\n\n<h2 class=\"wp-block-heading\">Quais mudan\u00e7as o governo pretende implementar no Aux\u00edlio G\u00e1s?<\/h2>\n\n\n\n<p>A principal mudan\u00e7a proposta pelo governo \u00e9 substituir o pagamento direto \u00e0s fam\u00edlias por um <strong>subs\u00eddio \u00e0s revendedoras de g\u00e1s<\/strong>, permitindo que os benefici\u00e1rios comprem o botij\u00e3o com desconto diretamente nos estabelecimentos credenciados. Isso significa que, em vez de receber o dinheiro em conta, a fam\u00edlia teria direito a um abatimento no valor do g\u00e1s no momento da compra.<\/p>\n\n\n\n<h3 class=\"wp-block-heading\">Motivos para a mudan\u00e7a<\/h3>\n\n\n\n<p>A justificativa do governo para essa altera\u00e7\u00e3o est\u00e1 baseada em alguns pontos-chave:<\/p>\n\n\n\n<p>1# <strong>Garantir que o benef\u00edcio seja usado para o g\u00e1s de cozinha<\/strong><br>Com a transfer\u00eancia direta, h\u00e1 sempre o risco de que o dinheiro seja usado para outras despesas, mesmo que a fam\u00edlia tenha necessidade de comprar o g\u00e1s. Com o subs\u00eddio na revenda, o desconto ser\u00e1 concedido diretamente na compra do botij\u00e3o, eliminando essa possibilidade.<\/p>\n\n\n\n<p>2# <strong>Evitar fraudes e desvio de recursos<\/strong><br>Ao eliminar o pagamento em dinheiro, o governo acredita que pode reduzir fraudes no programa e garantir que apenas quem realmente precisa receba o desconto.<\/p>\n\n\n\n<p>3# <strong>Facilitar o acesso ao benef\u00edcio<\/strong><br>Atualmente, muitas fam\u00edlias precisam sacar o valor para depois comprar o g\u00e1s. Com o novo modelo, bastaria ir a uma revendedora credenciada e adquirir o botij\u00e3o com o desconto autom\u00e1tico.<\/p>\n\n\n\n<p>4# <strong>Ajustar o programa \u00e0s oscila\u00e7\u00f5es do pre\u00e7o do g\u00e1s<\/strong><br>Com o pre\u00e7o do g\u00e1s variando constantemente, o governo busca um modelo que permita ajustes mais r\u00e1pidos para garantir que o benef\u00edcio continue sendo suficiente.<\/p>\n\n\n\n<h2 class=\"wp-block-heading\">Como ser\u00e1 a nova forma de pagamento?<\/h2>\n\n\n\n<p>Se as mudan\u00e7as forem implementadas, o governo dever\u00e1 criar um sistema de <strong>credenciamento de revendedoras de g\u00e1s<\/strong>, onde as fam\u00edlias cadastradas poder\u00e3o comprar o botij\u00e3o com o desconto aplicado no ato da compra. Isso significa que:<\/p>\n\n\n\n<ul class=\"wp-block-list\">\n<li>As fam\u00edlias n\u00e3o precisar\u00e3o mais receber o dinheiro em conta;<\/li>\n\n\n\n<li>O desconto ser\u00e1 autom\u00e1tico no momento da compra;<\/li>\n\n\n\n<li>Apenas revendedoras cadastradas poder\u00e3o oferecer o benef\u00edcio.<\/li>\n<\/ul>\n\n\n\n<p>No entanto, alguns detalhes ainda precisam ser esclarecidos. Por exemplo, como ser\u00e1 feito o controle para garantir que apenas benefici\u00e1rios do Aux\u00edlio G\u00e1s tenham acesso ao desconto? Ser\u00e1 necess\u00e1rio um cart\u00e3o social ou CPF? Como o governo fiscalizar\u00e1 a aplica\u00e7\u00e3o correta do benef\u00edcio?<\/p>\n\n\n\n<h2 class=\"wp-block-heading\">O que muda para os benefici\u00e1rios?<\/h2>\n\n\n\n<p>Para as fam\u00edlias que dependem do Aux\u00edlio G\u00e1s, a principal mudan\u00e7a ser\u00e1 na forma de acesso ao benef\u00edcio. Atualmente, o valor pode ser usado de maneira flex\u00edvel, permitindo que as fam\u00edlias escolham onde comprar o botij\u00e3o e at\u00e9 complementem o valor para outras necessidades. Com o novo modelo, a compra s\u00f3 poder\u00e1 ser feita em locais credenciados, e o desconto ser\u00e1 fixo.<\/p>\n\n\n\n<p>Isso pode gerar vantagens e desvantagens:<\/p>\n\n\n\n<ul class=\"wp-block-list\">\n<li><strong>Vantagens:<\/strong>\n<ul class=\"wp-block-list\">\n<li>O benef\u00edcio ser\u00e1 usado exclusivamente para a compra do g\u00e1s, evitando desvio de finalidade.<\/li>\n\n\n\n<li>Poss\u00edvel amplia\u00e7\u00e3o do programa, j\u00e1 que o subs\u00eddio pode alcan\u00e7ar mais fam\u00edlias.<\/li>\n\n\n\n<li>Processo menos burocr\u00e1tico, sem necessidade de saque ou transfer\u00eancia de valores.<\/li>\n<\/ul>\n<\/li>\n\n\n\n<li><strong>Desvantagens:<\/strong>\n<ul class=\"wp-block-list\">\n<li>Restri\u00e7\u00e3o de locais para compra do botij\u00e3o, o que pode dificultar o acesso em algumas regi\u00f5es.<\/li>\n\n\n\n<li>Depend\u00eancia da ades\u00e3o de revendedoras, o que pode limitar a oferta em determinadas \u00e1reas.<\/li>\n\n\n\n<li>Falta de flexibilidade no uso do benef\u00edcio.<\/li>\n<\/ul>\n<\/li>\n<\/ul>\n\n\n\n<h2 class=\"wp-block-heading\">Poss\u00edveis desafios da implementa\u00e7\u00e3o<\/h2>\n\n\n\n<p>Embora o governo defenda que essa mudan\u00e7a trar\u00e1 mais efici\u00eancia ao programa, a transi\u00e7\u00e3o para o novo modelo n\u00e3o ser\u00e1 simples. Alguns desafios podem surgir:<\/p>\n\n\n\n<p>1# <strong>A necessidade de credenciar um grande n\u00famero de revendedoras<\/strong><br>Se muitas revendedoras n\u00e3o aderirem ao novo sistema, as fam\u00edlias podem ter dificuldades para encontrar um local onde possam comprar o botij\u00e3o com o desconto.<\/p>\n\n\n\n<p>2# <strong>Definir o valor exato do subs\u00eddio<\/strong><br>O governo precisa estabelecer um valor justo para o subs\u00eddio, garantindo que ele seja suficiente para cobrir uma parte significativa do pre\u00e7o do g\u00e1s.<\/p>\n\n\n\n<p>3# <strong>Garantir que as fam\u00edlias entendam como funciona o novo modelo<\/strong><br>Muitas pessoas ainda enfrentam dificuldades para acessar benef\u00edcios sociais, e uma mudan\u00e7a na forma de pagamento pode gerar confus\u00e3o. Ser\u00e1 necess\u00e1rio um trabalho de comunica\u00e7\u00e3o eficiente para garantir que ningu\u00e9m fique sem o benef\u00edcio por falta de informa\u00e7\u00e3o.<\/p>\n\n\n\n<p>4# <strong>Evitar fraudes e garantir que o desconto seja realmente aplicado<\/strong><br>Com o subs\u00eddio sendo transferido para as revendedoras, ser\u00e1 essencial ter mecanismos de fiscaliza\u00e7\u00e3o para evitar que o benef\u00edcio seja desviado ou que as revendedoras cobrem valores indevidos.<\/p>\n\n\n\n<h2 class=\"wp-block-heading\">Quando as mudan\u00e7as podem entrar em vigor?<\/h2>\n\n\n\n<p>Ainda n\u00e3o h\u00e1 uma data oficial para a implementa\u00e7\u00e3o dessas mudan\u00e7as, mas o governo j\u00e1 est\u00e1 discutindo a proposta e pode coloc\u00e1-la em pr\u00e1tica ainda em 2025. Antes disso, ser\u00e1 necess\u00e1rio aprovar a nova estrutura do programa e definir como ser\u00e1 feita a fiscaliza\u00e7\u00e3o do benef\u00edcio.<\/p>\n\n\n\n<p>O ideal \u00e9 que os benefici\u00e1rios fiquem atentos \u00e0s atualiza\u00e7\u00f5es do governo e acompanhem as informa\u00e7\u00f5es divulgadas no <strong>Cad\u00danico<\/strong>, no <strong>site da Caixa Econ\u00f4mica Federal<\/strong> e nos canais oficiais do <strong>Minist\u00e9rio do Desenvolvimento e Assist\u00eancia Social<\/strong>.<\/p>\n\n\n\n<h2 class=\"wp-block-heading\">O que esperar do futuro do Aux\u00edlio G\u00e1s?<\/h2>\n\n\n\n<p>O programa \u00e9 fundamental para milh\u00f5es de brasileiros, e qualquer mudan\u00e7a precisa ser feita com muito cuidado para n\u00e3o prejudicar as fam\u00edlias que dependem dele. Embora a ideia de um subs\u00eddio direto \u00e0s revendedoras tenha pontos positivos, \u00e9 essencial garantir que ele seja implementado de forma justa e eficiente.<\/p>\n\n\n\n<p>A grande quest\u00e3o \u00e9: o novo modelo realmente facilitar\u00e1 a vida dos benefici\u00e1rios ou pode criar novas dificuldades? A resposta s\u00f3 vir\u00e1 com o tempo e com a forma como o governo conduzir\u00e1 essa transi\u00e7\u00e3o. O importante \u00e9 que os benefici\u00e1rios fiquem atentos, se informem sobre as novas regras e se preparem para as poss\u00edveis mudan\u00e7as.<\/p>\n\n\n\n<p>Enquanto isso, o governo segue debatendo o futuro do programa. Ser\u00e1 que essa mudan\u00e7a ser\u00e1 realmente positiva? A \u00fanica certeza, por enquanto, \u00e9 que o Aux\u00edlio G\u00e1s continuar\u00e1 sendo um tema central nas pol\u00edticas sociais do pa\u00eds.<\/p>\n\n\n\n<p><strong>Veja tamb\u00e9m: <a href=\"https:\/\/www.vagadeempregorj.com.br\/es\/bolsa-familia-cancelado-saiba-como-proceder-neste-caso\/\">Bolsa Fam\u00edlia CANCELADO? Saiba como proceder neste caso<\/a><\/strong><\/p>\n\n\n\n<p>19 de fevereiro de 2025<\/p>","protected":false},"excerpt":{"rendered":"<p>O Aux\u00edlio G\u00e1s \u00e9 um benef\u00edcio essencial para milh\u00f5es de fam\u00edlias brasileiras que dependem do programa para garantir o acesso ao g\u00e1s de cozinha. No entanto, com as recentes discuss\u00f5es no governo federal, algumas mudan\u00e7as podem ser implementadas, alterando a forma como o benef\u00edcio \u00e9 concedido. A principal proposta \u00e9 substituir o pagamento direto pelo&hellip;&nbsp;<\/p>","protected":false},"author":16,"featured_media":42708,"comment_status":"closed","ping_status":"closed","sticky":false,"template":"","format":"standard","meta":{"neve_meta_sidebar":"","neve_meta_container":"","neve_meta_enable_content_width":"","neve_meta_content_width":0,"neve_meta_title_alignment":"","neve_meta_author_avatar":"","neve_post_elements_order":"","neve_meta_disable_header":"","neve_meta_disable_footer":"","neve_meta_disable_title":"","footnotes":""},"categories":[1],"tags":[],"class_list":["post-42698","post","type-post","status-publish","format-standard","has-post-thumbnail","hentry","category-beneficios-sociais"],"yoast_head":"<!-- This site is optimized with the Yoast SEO plugin v27.5 - https:\/\/yoast.com\/product\/yoast-seo-wordpress\/ -->\n<title>Aux\u00edlio G\u00e1s: O que pode mudar de acordo com o governo -<\/title>\n<meta name=\"description\" content=\"Veja em Vagas de Emprego RJ as vagas de emprego com e sem experi\u00eancia no seu Estado e Regi\u00e3o!\" \/>\n<meta name=\"robots\" content=\"index, follow, max-snippet:-1, max-image-preview:large, max-video-preview:-1\" \/>\n<link rel=\"canonical\" href=\"https:\/\/www.vagadeempregorj.com.br\/es\/auxilio-gas-o-que-pode-mudar-de-acordo-com-o-governo\/\" \/>\n<meta property=\"og:locale\" content=\"es_MX\" \/>\n<meta property=\"og:type\" content=\"article\" \/>\n<meta property=\"og:title\" content=\"Aux\u00edlio G\u00e1s: O que pode mudar de acordo com o governo -\" \/>\n<meta property=\"og:description\" content=\"Veja em Vagas de Emprego RJ as vagas de emprego com e sem experi\u00eancia no seu Estado e Regi\u00e3o!\" \/>\n<meta property=\"og:url\" content=\"https:\/\/www.vagadeempregorj.com.br\/es\/auxilio-gas-o-que-pode-mudar-de-acordo-com-o-governo\/\" \/>\n<meta property=\"article:publisher\" content=\"https:\/\/www.facebook.com\/empregobrasiloficial\" \/>\n<meta property=\"article:published_time\" content=\"2025-02-20T02:13:58+00:00\" \/>\n<meta property=\"article:modified_time\" content=\"2025-02-20T02:14:00+00:00\" \/>\n<meta property=\"og:image\" content=\"https:\/\/www.vagadeempregorj.com.br\/wp-content\/uploads\/2025\/02\/image-50.png\" \/>\n\t<meta property=\"og:image:width\" content=\"1600\" \/>\n\t<meta property=\"og:image:height\" content=\"800\" \/>\n\t<meta property=\"og:image:type\" content=\"image\/png\" \/>\n<meta name=\"author\" content=\"Michele\" \/>\n<meta name=\"twitter:card\" content=\"summary_large_image\" \/>\n<meta name=\"twitter:label1\" content=\"Written by\" \/>\n\t<meta name=\"twitter:data1\" content=\"Michele\" \/>\n\t<meta name=\"twitter:label2\" content=\"Est. reading time\" \/>\n\t<meta name=\"twitter:data2\" content=\"7 minutos\" \/>\n<script type=\"application\/ld+json\" class=\"yoast-schema-graph\">{\"@context\":\"https:\\\/\\\/schema.org\",\"@graph\":[{\"@type\":\"Article\",\"@id\":\"https:\\\/\\\/www.vagadeempregorj.com.br\\\/auxilio-gas-o-que-pode-mudar-de-acordo-com-o-governo\\\/#article\",\"isPartOf\":{\"@id\":\"https:\\\/\\\/www.vagadeempregorj.com.br\\\/auxilio-gas-o-que-pode-mudar-de-acordo-com-o-governo\\\/\"},\"author\":{\"name\":\"Michele\",\"@id\":\"https:\\\/\\\/www.vagadeempregorj.com.br\\\/#\\\/schema\\\/person\\\/3ddb19fa0539706786e502152f3aae95\"},\"headline\":\"Aux\u00edlio G\u00e1s: O que pode mudar de acordo com o governo\",\"datePublished\":\"2025-02-20T02:13:58+00:00\",\"dateModified\":\"2025-02-20T02:14:00+00:00\",\"mainEntityOfPage\":{\"@id\":\"https:\\\/\\\/www.vagadeempregorj.com.br\\\/auxilio-gas-o-que-pode-mudar-de-acordo-com-o-governo\\\/\"},\"wordCount\":1344,\"image\":{\"@id\":\"https:\\\/\\\/www.vagadeempregorj.com.br\\\/auxilio-gas-o-que-pode-mudar-de-acordo-com-o-governo\\\/#primaryimage\"},\"thumbnailUrl\":\"https:\\\/\\\/www.vagadeempregorj.com.br\\\/wp-content\\\/uploads\\\/2025\\\/02\\\/image-50.png\",\"articleSection\":[\"Benef\u00edcios Sociais\"],\"inLanguage\":\"es\"},{\"@type\":\"WebPage\",\"@id\":\"https:\\\/\\\/www.vagadeempregorj.com.br\\\/auxilio-gas-o-que-pode-mudar-de-acordo-com-o-governo\\\/\",\"url\":\"https:\\\/\\\/www.vagadeempregorj.com.br\\\/auxilio-gas-o-que-pode-mudar-de-acordo-com-o-governo\\\/\",\"name\":\"Aux\u00edlio G\u00e1s: O que pode mudar de acordo com o governo -\",\"isPartOf\":{\"@id\":\"https:\\\/\\\/www.vagadeempregorj.com.br\\\/#website\"},\"primaryImageOfPage\":{\"@id\":\"https:\\\/\\\/www.vagadeempregorj.com.br\\\/auxilio-gas-o-que-pode-mudar-de-acordo-com-o-governo\\\/#primaryimage\"},\"image\":{\"@id\":\"https:\\\/\\\/www.vagadeempregorj.com.br\\\/auxilio-gas-o-que-pode-mudar-de-acordo-com-o-governo\\\/#primaryimage\"},\"thumbnailUrl\":\"https:\\\/\\\/www.vagadeempregorj.com.br\\\/wp-content\\\/uploads\\\/2025\\\/02\\\/image-50.png\",\"datePublished\":\"2025-02-20T02:13:58+00:00\",\"dateModified\":\"2025-02-20T02:14:00+00:00\",\"author\":{\"@id\":\"https:\\\/\\\/www.vagadeempregorj.com.br\\\/#\\\/schema\\\/person\\\/3ddb19fa0539706786e502152f3aae95\"},\"description\":\"Veja em Vagas de Emprego RJ as vagas de emprego com e sem experi\u00eancia no seu Estado e Regi\u00e3o!\",\"breadcrumb\":{\"@id\":\"https:\\\/\\\/www.vagadeempregorj.com.br\\\/auxilio-gas-o-que-pode-mudar-de-acordo-com-o-governo\\\/#breadcrumb\"},\"inLanguage\":\"es\",\"potentialAction\":[{\"@type\":\"ReadAction\",\"target\":[\"https:\\\/\\\/www.vagadeempregorj.com.br\\\/auxilio-gas-o-que-pode-mudar-de-acordo-com-o-governo\\\/\"]}]},{\"@type\":\"ImageObject\",\"inLanguage\":\"es\",\"@id\":\"https:\\\/\\\/www.vagadeempregorj.com.br\\\/auxilio-gas-o-que-pode-mudar-de-acordo-com-o-governo\\\/#primaryimage\",\"url\":\"https:\\\/\\\/www.vagadeempregorj.com.br\\\/wp-content\\\/uploads\\\/2025\\\/02\\\/image-50.png\",\"contentUrl\":\"https:\\\/\\\/www.vagadeempregorj.com.br\\\/wp-content\\\/uploads\\\/2025\\\/02\\\/image-50.png\",\"width\":1600,\"height\":800},{\"@type\":\"BreadcrumbList\",\"@id\":\"https:\\\/\\\/www.vagadeempregorj.com.br\\\/auxilio-gas-o-que-pode-mudar-de-acordo-com-o-governo\\\/#breadcrumb\",\"itemListElement\":[{\"@type\":\"ListItem\",\"position\":1,\"name\":\"In\u00edcio\",\"item\":\"https:\\\/\\\/www.vagadeempregorj.com.br\\\/\"},{\"@type\":\"ListItem\",\"position\":2,\"name\":\"Benef\u00edcios Sociais\",\"item\":\"https:\\\/\\\/www.vagadeempregorj.com.br\\\/beneficios-sociais\\\/\"},{\"@type\":\"ListItem\",\"position\":3,\"name\":\"Aux\u00edlio G\u00e1s: O que pode mudar de acordo com o governo\"}]},{\"@type\":\"WebSite\",\"@id\":\"https:\\\/\\\/www.vagadeempregorj.com.br\\\/#website\",\"url\":\"https:\\\/\\\/www.vagadeempregorj.com.br\\\/\",\"name\":\"\",\"description\":\"Conquiste Sonhos: Vagas, Benef\u00edcios e Economia para Transformar Vidas e Alcan\u00e7ar Melhorias Cotidianas\",\"potentialAction\":[{\"@type\":\"SearchAction\",\"target\":{\"@type\":\"EntryPoint\",\"urlTemplate\":\"https:\\\/\\\/www.vagadeempregorj.com.br\\\/?s={search_term_string}\"},\"query-input\":{\"@type\":\"PropertyValueSpecification\",\"valueRequired\":true,\"valueName\":\"search_term_string\"}}],\"inLanguage\":\"es\"},{\"@type\":\"Person\",\"@id\":\"https:\\\/\\\/www.vagadeempregorj.com.br\\\/#\\\/schema\\\/person\\\/3ddb19fa0539706786e502152f3aae95\",\"name\":\"Michele\",\"image\":{\"@type\":\"ImageObject\",\"inLanguage\":\"es\",\"@id\":\"https:\\\/\\\/secure.gravatar.com\\\/avatar\\\/6b0eb9d22841282815e2cd856a0061c45e1761cd54b22e952d98c4746939aa85?s=96&r=g\",\"url\":\"https:\\\/\\\/secure.gravatar.com\\\/avatar\\\/6b0eb9d22841282815e2cd856a0061c45e1761cd54b22e952d98c4746939aa85?s=96&r=g\",\"contentUrl\":\"https:\\\/\\\/secure.gravatar.com\\\/avatar\\\/6b0eb9d22841282815e2cd856a0061c45e1761cd54b22e952d98c4746939aa85?s=96&r=g\",\"caption\":\"Michele\"},\"description\":\"Formada em Letras - Portugu\u00eas\\\/ Ingl\u00eas, e idealizadora do site Escritora de Sucesso, busca expandir o conhecimento de todos com informa\u00e7\u00f5es relevantes sobre diversos assuntos, enquanto redatora. No Vaga de Emprego RJ, traz oportunidades e dicas sobre o mercado de trabalho.\",\"url\":\"https:\\\/\\\/www.vagadeempregorj.com.br\\\/es\\\/author\\\/michele\\\/\"}]}<\/script>\n<!-- \/ Yoast SEO plugin. -->","yoast_head_json":{"title":"Aux\u00edlio G\u00e1s: O que pode mudar de acordo com o governo -","description":"Veja em Vagas de Emprego RJ as vagas de emprego com e sem experi\u00eancia no seu Estado e Regi\u00e3o!","robots":{"index":"index","follow":"follow","max-snippet":"max-snippet:-1","max-image-preview":"max-image-preview:large","max-video-preview":"max-video-preview:-1"},"canonical":"https:\/\/www.vagadeempregorj.com.br\/es\/auxilio-gas-o-que-pode-mudar-de-acordo-com-o-governo\/","og_locale":"es_MX","og_type":"article","og_title":"Aux\u00edlio G\u00e1s: O que pode mudar de acordo com o governo -","og_description":"Veja em Vagas de Emprego RJ as vagas de emprego com e sem experi\u00eancia no seu Estado e Regi\u00e3o!","og_url":"https:\/\/www.vagadeempregorj.com.br\/es\/auxilio-gas-o-que-pode-mudar-de-acordo-com-o-governo\/","article_publisher":"https:\/\/www.facebook.com\/empregobrasiloficial","article_published_time":"2025-02-20T02:13:58+00:00","article_modified_time":"2025-02-20T02:14:00+00:00","og_image":[{"width":1600,"height":800,"url":"https:\/\/www.vagadeempregorj.com.br\/wp-content\/uploads\/2025\/02\/image-50.png","type":"image\/png"}],"author":"Michele","twitter_card":"summary_large_image","twitter_misc":{"Written by":"Michele","Est. reading time":"7 minutos"},"schema":{"@context":"https:\/\/schema.org","@graph":[{"@type":"Article","@id":"https:\/\/www.vagadeempregorj.com.br\/auxilio-gas-o-que-pode-mudar-de-acordo-com-o-governo\/#article","isPartOf":{"@id":"https:\/\/www.vagadeempregorj.com.br\/auxilio-gas-o-que-pode-mudar-de-acordo-com-o-governo\/"},"author":{"name":"Michele","@id":"https:\/\/www.vagadeempregorj.com.br\/#\/schema\/person\/3ddb19fa0539706786e502152f3aae95"},"headline":"Aux\u00edlio G\u00e1s: O que pode mudar de acordo com o governo","datePublished":"2025-02-20T02:13:58+00:00","dateModified":"2025-02-20T02:14:00+00:00","mainEntityOfPage":{"@id":"https:\/\/www.vagadeempregorj.com.br\/auxilio-gas-o-que-pode-mudar-de-acordo-com-o-governo\/"},"wordCount":1344,"image":{"@id":"https:\/\/www.vagadeempregorj.com.br\/auxilio-gas-o-que-pode-mudar-de-acordo-com-o-governo\/#primaryimage"},"thumbnailUrl":"https:\/\/www.vagadeempregorj.com.br\/wp-content\/uploads\/2025\/02\/image-50.png","articleSection":["Benef\u00edcios Sociais"],"inLanguage":"es"},{"@type":"WebPage","@id":"https:\/\/www.vagadeempregorj.com.br\/auxilio-gas-o-que-pode-mudar-de-acordo-com-o-governo\/","url":"https:\/\/www.vagadeempregorj.com.br\/auxilio-gas-o-que-pode-mudar-de-acordo-com-o-governo\/","name":"Aux\u00edlio G\u00e1s: O que pode mudar de acordo com o governo -","isPartOf":{"@id":"https:\/\/www.vagadeempregorj.com.br\/#website"},"primaryImageOfPage":{"@id":"https:\/\/www.vagadeempregorj.com.br\/auxilio-gas-o-que-pode-mudar-de-acordo-com-o-governo\/#primaryimage"},"image":{"@id":"https:\/\/www.vagadeempregorj.com.br\/auxilio-gas-o-que-pode-mudar-de-acordo-com-o-governo\/#primaryimage"},"thumbnailUrl":"https:\/\/www.vagadeempregorj.com.br\/wp-content\/uploads\/2025\/02\/image-50.png","datePublished":"2025-02-20T02:13:58+00:00","dateModified":"2025-02-20T02:14:00+00:00","author":{"@id":"https:\/\/www.vagadeempregorj.com.br\/#\/schema\/person\/3ddb19fa0539706786e502152f3aae95"},"description":"Veja em Vagas de Emprego RJ as vagas de emprego com e sem experi\u00eancia no seu Estado e Regi\u00e3o!","breadcrumb":{"@id":"https:\/\/www.vagadeempregorj.com.br\/auxilio-gas-o-que-pode-mudar-de-acordo-com-o-governo\/#breadcrumb"},"inLanguage":"es","potentialAction":[{"@type":"ReadAction","target":["https:\/\/www.vagadeempregorj.com.br\/auxilio-gas-o-que-pode-mudar-de-acordo-com-o-governo\/"]}]},{"@type":"ImageObject","inLanguage":"es","@id":"https:\/\/www.vagadeempregorj.com.br\/auxilio-gas-o-que-pode-mudar-de-acordo-com-o-governo\/#primaryimage","url":"https:\/\/www.vagadeempregorj.com.br\/wp-content\/uploads\/2025\/02\/image-50.png","contentUrl":"https:\/\/www.vagadeempregorj.com.br\/wp-content\/uploads\/2025\/02\/image-50.png","width":1600,"height":800},{"@type":"BreadcrumbList","@id":"https:\/\/www.vagadeempregorj.com.br\/auxilio-gas-o-que-pode-mudar-de-acordo-com-o-governo\/#breadcrumb","itemListElement":[{"@type":"ListItem","position":1,"name":"In\u00edcio","item":"https:\/\/www.vagadeempregorj.com.br\/"},{"@type":"ListItem","position":2,"name":"Benef\u00edcios Sociais","item":"https:\/\/www.vagadeempregorj.com.br\/beneficios-sociais\/"},{"@type":"ListItem","position":3,"name":"Aux\u00edlio G\u00e1s: O que pode mudar de acordo com o governo"}]},{"@type":"WebSite","@id":"https:\/\/www.vagadeempregorj.com.br\/#website","url":"https:\/\/www.vagadeempregorj.com.br\/","name":"","description":"Conquiste Sonhos: Vagas, Benef\u00edcios e Economia para Transformar Vidas e Alcan\u00e7ar Melhorias Cotidianas","potentialAction":[{"@type":"SearchAction","target":{"@type":"EntryPoint","urlTemplate":"https:\/\/www.vagadeempregorj.com.br\/?s={search_term_string}"},"query-input":{"@type":"PropertyValueSpecification","valueRequired":true,"valueName":"search_term_string"}}],"inLanguage":"es"},{"@type":"Person","@id":"https:\/\/www.vagadeempregorj.com.br\/#\/schema\/person\/3ddb19fa0539706786e502152f3aae95","name":"Michele","image":{"@type":"ImageObject","inLanguage":"es","@id":"https:\/\/secure.gravatar.com\/avatar\/6b0eb9d22841282815e2cd856a0061c45e1761cd54b22e952d98c4746939aa85?s=96&r=g","url":"https:\/\/secure.gravatar.com\/avatar\/6b0eb9d22841282815e2cd856a0061c45e1761cd54b22e952d98c4746939aa85?s=96&r=g","contentUrl":"https:\/\/secure.gravatar.com\/avatar\/6b0eb9d22841282815e2cd856a0061c45e1761cd54b22e952d98c4746939aa85?s=96&r=g","caption":"Michele"},"description":"Formada em Letras - Portugu\u00eas\/ Ingl\u00eas, e idealizadora do site Escritora de Sucesso, busca expandir o conhecimento de todos com informa\u00e7\u00f5es relevantes sobre diversos assuntos, enquanto redatora. No Vaga de Emprego RJ, traz oportunidades e dicas sobre o mercado de trabalho.","url":"https:\/\/www.vagadeempregorj.com.br\/es\/author\/michele\/"}]}},"_links":{"self":[{"href":"https:\/\/www.vagadeempregorj.com.br\/es\/wp-json\/wp\/v2\/posts\/42698","targetHints":{"allow":["GET"]}}],"collection":[{"href":"https:\/\/www.vagadeempregorj.com.br\/es\/wp-json\/wp\/v2\/posts"}],"about":[{"href":"https:\/\/www.vagadeempregorj.com.br\/es\/wp-json\/wp\/v2\/types\/post"}],"author":[{"embeddable":true,"href":"https:\/\/www.vagadeempregorj.com.br\/es\/wp-json\/wp\/v2\/users\/16"}],"replies":[{"embeddable":true,"href":"https:\/\/www.vagadeempregorj.com.br\/es\/wp-json\/wp\/v2\/comments?post=42698"}],"version-history":[{"count":0,"href":"https:\/\/www.vagadeempregorj.com.br\/es\/wp-json\/wp\/v2\/posts\/42698\/revisions"}],"wp:featuredmedia":[{"embeddable":true,"href":"https:\/\/www.vagadeempregorj.com.br\/es\/wp-json\/wp\/v2\/media\/42708"}],"wp:attachment":[{"href":"https:\/\/www.vagadeempregorj.com.br\/es\/wp-json\/wp\/v2\/media?parent=42698"}],"wp:term":[{"taxonomy":"category","embeddable":true,"href":"https:\/\/www.vagadeempregorj.com.br\/es\/wp-json\/wp\/v2\/categories?post=42698"},{"taxonomy":"post_tag","embeddable":true,"href":"https:\/\/www.vagadeempregorj.com.br\/es\/wp-json\/wp\/v2\/tags?post=42698"}],"curies":[{"name":"wp","href":"https:\/\/api.w.org\/{rel}","templated":true}]}}