{"id":42700,"date":"2025-02-20T06:00:00","date_gmt":"2025-02-20T09:00:00","guid":{"rendered":"https:\/\/www.vagadeempregorj.com.br\/?p=42700"},"modified":"2025-02-19T23:18:37","modified_gmt":"2025-02-20T02:18:37","slug":"bolsa-familia-voce-pode-ter-direito-a-um-valor-maior","status":"publish","type":"post","link":"https:\/\/www.vagadeempregorj.com.br\/es\/bolsa-familia-voce-pode-ter-direito-a-um-valor-maior\/","title":{"rendered":"Bolsa Fam\u00edlia: voc\u00ea pode ter direito a um valor MAIOR"},"content":{"rendered":"<p>O <strong>Bolsa Fam\u00edlia<\/strong> \u00e9 um dos programas sociais mais importantes do Brasil, ajudando milh\u00f5es de fam\u00edlias em situa\u00e7\u00e3o de vulnerabilidade. Mas voc\u00ea sabia que o valor recebido pode ser maior do que o benef\u00edcio b\u00e1sico de R$ 600? Dependendo da composi\u00e7\u00e3o da sua fam\u00edlia e de alguns crit\u00e9rios espec\u00edficos, \u00e9 poss\u00edvel receber valores adicionais. A quest\u00e3o \u00e9: voc\u00ea j\u00e1 verificou se tem direito a esses acr\u00e9scimos? Muitas pessoas deixam de receber quantias extras simplesmente por falta de informa\u00e7\u00e3o ou porque n\u00e3o atualizaram o cadastro no <strong>Cad\u00danico<\/strong>.<\/p>\n\n\n\n<p>Se voc\u00ea recebe o Bolsa Fam\u00edlia ou quer saber se tem direito a um valor maior, continue lendo para entender quais s\u00e3o os benef\u00edcios adicionais, como solicit\u00e1-los e o que fazer para garantir que sua fam\u00edlia receba tudo o que tem direito.<\/p>\n\n\n\n<figure class=\"wp-block-image size-large\"><img loading=\"lazy\" decoding=\"async\" width=\"1024\" height=\"613\" src=\"https:\/\/www.vagadeempregorj.com.br\/wp-content\/uploads\/2025\/02\/image-51-1024x613.png\" alt=\"\" class=\"wp-image-42710\" srcset=\"https:\/\/www.vagadeempregorj.com.br\/wp-content\/uploads\/2025\/02\/image-51-1024x613.png 1024w, https:\/\/www.vagadeempregorj.com.br\/wp-content\/uploads\/2025\/02\/image-51-300x179.png 300w, https:\/\/www.vagadeempregorj.com.br\/wp-content\/uploads\/2025\/02\/image-51-768x459.png 768w, https:\/\/www.vagadeempregorj.com.br\/wp-content\/uploads\/2025\/02\/image-51-150x90.png 150w, https:\/\/www.vagadeempregorj.com.br\/wp-content\/uploads\/2025\/02\/image-51.png 1170w\" sizes=\"auto, (max-width: 1024px) 100vw, 1024px\" \/><\/figure>\n\n\n\n<h2 class=\"wp-block-heading\">Quais s\u00e3o os valores adicionais do Bolsa Fam\u00edlia?<\/h2>\n\n\n\n<p>O governo federal adicionou novos aux\u00edlios ao Bolsa Fam\u00edlia para atender melhor \u00e0s necessidades das fam\u00edlias. Esses adicionais variam conforme a idade dos filhos, a presen\u00e7a de gestantes no n\u00facleo familiar e at\u00e9 a condi\u00e7\u00e3o nutricional das crian\u00e7as mais novas. Veja os benef\u00edcios extras dispon\u00edveis:<\/p>\n\n\n\n<p>1# <strong>Benef\u00edcio Primeira Inf\u00e2ncia<\/strong><br>Se sua fam\u00edlia tem crian\u00e7as de at\u00e9 <strong>6 anos de idade<\/strong>, voc\u00ea pode receber um acr\u00e9scimo de <strong>R$ 150 por crian\u00e7a<\/strong>. Esse valor \u00e9 pago para garantir a alimenta\u00e7\u00e3o e o desenvolvimento saud\u00e1vel dos pequenos.<\/p>\n\n\n\n<p>2# <strong>Benef\u00edcio Vari\u00e1vel Familiar<\/strong><br>Fam\u00edlias que tenham <strong>crian\u00e7as e adolescentes entre 7 e 18 anos incompletos<\/strong> ou <strong>gestantes<\/strong> cadastradas no programa recebem <strong>R$ 50 adicionais por pessoa<\/strong>. O objetivo desse benef\u00edcio \u00e9 incentivar a perman\u00eancia na escola e garantir um acompanhamento adequado na sa\u00fade.<\/p>\n\n\n\n<p>3# <strong>Benef\u00edcio Vari\u00e1vel Nutriz<\/strong><br>Se h\u00e1 um beb\u00ea de at\u00e9 <strong>7 meses<\/strong> na fam\u00edlia, a m\u00e3e pode receber <strong>R$ 50 adicionais<\/strong>. Esse benef\u00edcio ajuda a garantir a alimenta\u00e7\u00e3o do rec\u00e9m-nascido, promovendo uma melhor nutri\u00e7\u00e3o e um come\u00e7o de vida mais saud\u00e1vel.<\/p>\n\n\n\n<p>Al\u00e9m desses valores extras, o programa conta ainda com a <strong>Regra de Prote\u00e7\u00e3o<\/strong>, que permite que fam\u00edlias que tiveram aumento na renda continuem recebendo parte do benef\u00edcio por um tempo determinado.<\/p>\n\n\n\n<h2 class=\"wp-block-heading\">Como saber se sua fam\u00edlia tem direito aos valores extras?<\/h2>\n\n\n\n<p>Muitas pessoas n\u00e3o sabem que podem receber um valor maior no Bolsa Fam\u00edlia simplesmente porque n\u00e3o atualizaram seu cadastro ou n\u00e3o conhecem as regras. O primeiro passo para garantir o benef\u00edcio correto \u00e9 <strong>manter seu Cadastro \u00danico atualizado<\/strong>.<\/p>\n\n\n\n<p>Se houve nascimento de crian\u00e7as, gesta\u00e7\u00e3o na fam\u00edlia ou qualquer outra mudan\u00e7a na composi\u00e7\u00e3o do n\u00facleo familiar, isso deve ser informado imediatamente ao <strong>CRAS (Centro de Refer\u00eancia de Assist\u00eancia Social)<\/strong> mais pr\u00f3ximo.<\/p>\n\n\n\n<p>Para verificar se sua fam\u00edlia j\u00e1 est\u00e1 recebendo os adicionais, voc\u00ea pode consultar:<\/p>\n\n\n\n<ul class=\"wp-block-list\">\n<li>O aplicativo do <strong>Bolsa Fam\u00edlia<\/strong> (dispon\u00edvel para Android e iOS);<\/li>\n\n\n\n<li>O site da <strong>Caixa Econ\u00f4mica Federal<\/strong>;<\/li>\n\n\n\n<li>O aplicativo <strong>Caixa Tem<\/strong>;<\/li>\n\n\n\n<li>O atendimento presencial nos postos do CRAS.<\/li>\n<\/ul>\n\n\n\n<p>Se voc\u00ea percebeu que deveria estar recebendo um valor maior e isso n\u00e3o est\u00e1 acontecendo, pode ser que haja algum problema no seu cadastro ou que ele esteja desatualizado.<\/p>\n\n\n\n<h2 class=\"wp-block-heading\">O que acontece se minha fam\u00edlia n\u00e3o atualizar o cadastro?<\/h2>\n\n\n\n<p>Manter o <strong>Cadastro \u00danico atualizado<\/strong> \u00e9 essencial para continuar recebendo o Bolsa Fam\u00edlia. O governo exige que os dados sejam revisados pelo menos a cada <strong>dois anos<\/strong>, mas mudan\u00e7as importantes na fam\u00edlia (como nascimento de filhos, gravidez ou altera\u00e7\u00e3o na renda) devem ser informadas o quanto antes.<\/p>\n\n\n\n<p>Se os dados estiverem desatualizados, o governo pode suspender ou at\u00e9 cancelar o benef\u00edcio, o que pode prejudicar sua fam\u00edlia. Al\u00e9m disso, muitas pessoas deixam de receber os valores extras simplesmente porque a informa\u00e7\u00e3o sobre filhos pequenos ou gravidez n\u00e3o foi inserida corretamente no sistema.<\/p>\n\n\n\n<p>Ent\u00e3o, se sua fam\u00edlia se encaixa nos crit\u00e9rios dos benef\u00edcios adicionais e ainda n\u00e3o recebe o valor correspondente, a melhor solu\u00e7\u00e3o \u00e9 <strong>ir at\u00e9 o CRAS e atualizar seu cadastro<\/strong> o quanto antes.<\/p>\n\n\n\n<h2 class=\"wp-block-heading\">Regra de Prote\u00e7\u00e3o: o que acontece se a renda da fam\u00edlia aumentar?<\/h2>\n\n\n\n<p>Muitas fam\u00edlias t\u00eam medo de perder o Bolsa Fam\u00edlia se conseguirem um emprego ou se a renda familiar aumentar. Mas existe a chamada <strong>Regra de Prote\u00e7\u00e3o<\/strong>, que permite que o benef\u00edcio seja mantido, mesmo que a renda suba um pouco.<\/p>\n\n\n\n<p>Como funciona? Se a renda por pessoa da fam\u00edlia ultrapassar <strong>R$ 218,00<\/strong>, mas ainda for inferior a meio sal\u00e1rio m\u00ednimo, a fam\u00edlia pode continuar recebendo o Bolsa Fam\u00edlia por <strong>at\u00e9 24 meses<\/strong>. Durante esse per\u00edodo, o benef\u00edcio ser\u00e1 reduzido para <strong>50% do valor<\/strong> que era recebido antes.<\/p>\n\n\n\n<p>Isso significa que se uma fam\u00edlia recebia R$ 800 no total, mesmo com o aumento da renda, continuar\u00e1 recebendo R$ 400 por mais dois anos. Essa medida evita que as fam\u00edlias fiquem desamparadas no momento em que conseguem melhorar a situa\u00e7\u00e3o financeira.<\/p>\n\n\n\n<h2 class=\"wp-block-heading\">Como solicitar os benef\u00edcios adicionais do Bolsa Fam\u00edlia?<\/h2>\n\n\n\n<p>Se voc\u00ea percebeu que sua fam\u00edlia pode ter direito a um valor maior no Bolsa Fam\u00edlia, siga os passos abaixo para regularizar sua situa\u00e7\u00e3o:<\/p>\n\n\n\n<p>1# <strong>Atualize seu Cadastro \u00danico<\/strong><br>V\u00e1 at\u00e9 o <strong>CRAS<\/strong> mais pr\u00f3ximo com seus documentos e os de sua fam\u00edlia (RG, CPF, comprovante de resid\u00eancia e certid\u00e3o de nascimento dos filhos). Se houver gestantes na fam\u00edlia, leve o cart\u00e3o do pr\u00e9-natal.<\/p>\n\n\n\n<p>2# <strong>Informe mudan\u00e7as na composi\u00e7\u00e3o familiar<\/strong><br>Se houve <strong>nascimento de crian\u00e7as<\/strong>, <strong>gravidez<\/strong>, ou se algum adolescente passou a frequentar a escola regularmente, isso deve ser registrado no cadastro.<\/p>\n\n\n\n<p>3# <strong>Acompanhe pelo aplicativo Bolsa Fam\u00edlia<\/strong><br>Ap\u00f3s a atualiza\u00e7\u00e3o, verifique no aplicativo ou no <strong>Caixa Tem<\/strong> se os valores foram ajustados no pr\u00f3ximo pagamento.<\/p>\n\n\n\n<p>Se o aumento do benef\u00edcio n\u00e3o ocorrer dentro de <strong>dois meses ap\u00f3s a atualiza\u00e7\u00e3o<\/strong>, volte ao CRAS e solicite uma nova an\u00e1lise do seu caso.<\/p>\n\n\n\n<h2 class=\"wp-block-heading\">Manter o benef\u00edcio exige compromissos<\/h2>\n\n\n\n<p>Al\u00e9m de atender aos crit\u00e9rios para os adicionais, as fam\u00edlias precisam cumprir algumas obriga\u00e7\u00f5es para continuar recebendo o Bolsa Fam\u00edlia, como:<\/p>\n\n\n\n<ul class=\"wp-block-list\">\n<li><strong>Levar crian\u00e7as para vacina\u00e7\u00e3o conforme o calend\u00e1rio do SUS<\/strong>;<\/li>\n\n\n\n<li><strong>Acompanhar o crescimento e estado nutricional de crian\u00e7as menores de 7 anos<\/strong>;<\/li>\n\n\n\n<li><strong>Garantir que as crian\u00e7as e adolescentes entre 4 e 17 anos tenham frequ\u00eancia escolar m\u00ednima<\/strong>;<\/li>\n\n\n\n<li><strong>Gestantes precisam realizar o pr\u00e9-natal e manter o acompanhamento m\u00e9dico<\/strong>.<\/li>\n<\/ul>\n\n\n\n<p>Se esses compromissos n\u00e3o forem cumpridos, a fam\u00edlia pode ter o benef\u00edcio <strong>suspenso ou at\u00e9 cancelado<\/strong>.<\/p>\n\n\n\n<h2 class=\"wp-block-heading\">Verifique seus direitos<\/h2>\n\n\n\n<p>Se voc\u00ea recebe o Bolsa Fam\u00edlia, n\u00e3o deixe de verificar se sua fam\u00edlia tem direito a um valor maior. O governo oferece <strong>benef\u00edcios adicionais<\/strong> para crian\u00e7as pequenas, adolescentes, gestantes e beb\u00eas em fase de amamenta\u00e7\u00e3o, mas muitas pessoas n\u00e3o sabem disso ou n\u00e3o atualizam o cadastro.<\/p>\n\n\n\n<p>Mantenha sempre seu <strong>Cad\u00danico atualizado<\/strong> e acompanhe regularmente os pagamentos para garantir que sua fam\u00edlia est\u00e1 recebendo tudo o que tem direito. Caso perceba que o valor est\u00e1 menor do que deveria, procure o <strong>CRAS<\/strong> e solicite a revis\u00e3o do benef\u00edcio.<\/p>\n\n\n\n<p>O Bolsa Fam\u00edlia pode ser uma grande ajuda no or\u00e7amento, e receber o valor correto faz toda a diferen\u00e7a no dia a dia. Fique atento \u00e0s atualiza\u00e7\u00f5es e garanta o melhor para sua fam\u00edlia!<\/p>\n\n\n\n<h3 class=\"wp-block-heading\">Refer\u00eancias<\/h3>\n\n\n\n<ol class=\"wp-block-list\">\n<li>Portal Gov.br \u2013 Bolsa Fam\u00edlia<\/li>\n\n\n\n<li>Caixa Econ\u00f4mica Federal \u2013 Programa Bolsa Fam\u00edlia<\/li>\n\n\n\n<li>Regra de Prote\u00e7\u00e3o do Bolsa Fam\u00edlia \u2013 Ag\u00eancia Gov<\/li>\n<\/ol>\n\n\n\n<p><strong>Veja tamb\u00e9m: <a href=\"https:\/\/www.vagadeempregorj.com.br\/es\/bolsa-familia-cancelado-saiba-como-proceder-neste-caso\/\">Bolsa Fam\u00edlia CANCELADO? Saiba como proceder neste caso<\/a><\/strong><\/p>\n\n\n\n<p>20 de fevereiro de 2025<\/p>","protected":false},"excerpt":{"rendered":"<p>O Bolsa Fam\u00edlia \u00e9 um dos programas sociais mais importantes do Brasil, ajudando milh\u00f5es de fam\u00edlias em situa\u00e7\u00e3o de vulnerabilidade. Mas voc\u00ea sabia que o valor recebido pode ser maior do que o benef\u00edcio b\u00e1sico de R$ 600? Dependendo da composi\u00e7\u00e3o da sua fam\u00edlia e de alguns crit\u00e9rios espec\u00edficos, \u00e9 poss\u00edvel receber valores adicionais. A&hellip;&nbsp;<\/p>","protected":false},"author":16,"featured_media":42710,"comment_status":"closed","ping_status":"closed","sticky":false,"template":"","format":"standard","meta":{"neve_meta_sidebar":"","neve_meta_container":"","neve_meta_enable_content_width":"","neve_meta_content_width":0,"neve_meta_title_alignment":"","neve_meta_author_avatar":"","neve_post_elements_order":"","neve_meta_disable_header":"","neve_meta_disable_footer":"","neve_meta_disable_title":"","footnotes":""},"categories":[1],"tags":[],"class_list":["post-42700","post","type-post","status-publish","format-standard","has-post-thumbnail","hentry","category-beneficios-sociais"],"yoast_head":"<!-- This site is optimized with the Yoast SEO plugin v27.5 - https:\/\/yoast.com\/product\/yoast-seo-wordpress\/ -->\n<title>Bolsa Fam\u00edlia: voc\u00ea pode ter direito a um valor MAIOR -<\/title>\n<meta name=\"description\" content=\"Veja em Vagas de Emprego RJ as vagas de emprego com e sem experi\u00eancia no seu Estado e Regi\u00e3o!\" \/>\n<meta name=\"robots\" content=\"index, follow, max-snippet:-1, max-image-preview:large, max-video-preview:-1\" \/>\n<link rel=\"canonical\" href=\"https:\/\/www.vagadeempregorj.com.br\/es\/bolsa-familia-voce-pode-ter-direito-a-um-valor-maior\/\" \/>\n<meta property=\"og:locale\" content=\"es_MX\" \/>\n<meta property=\"og:type\" content=\"article\" \/>\n<meta property=\"og:title\" content=\"Bolsa Fam\u00edlia: voc\u00ea pode ter direito a um valor MAIOR -\" \/>\n<meta property=\"og:description\" content=\"Veja em Vagas de Emprego RJ as vagas de emprego com e sem experi\u00eancia no seu Estado e Regi\u00e3o!\" \/>\n<meta property=\"og:url\" content=\"https:\/\/www.vagadeempregorj.com.br\/es\/bolsa-familia-voce-pode-ter-direito-a-um-valor-maior\/\" \/>\n<meta property=\"article:publisher\" content=\"https:\/\/www.facebook.com\/empregobrasiloficial\" \/>\n<meta property=\"article:published_time\" content=\"2025-02-20T09:00:00+00:00\" \/>\n<meta property=\"og:image\" content=\"https:\/\/www.vagadeempregorj.com.br\/wp-content\/uploads\/2025\/02\/image-51.png\" \/>\n\t<meta property=\"og:image:width\" content=\"1170\" \/>\n\t<meta property=\"og:image:height\" content=\"700\" \/>\n\t<meta property=\"og:image:type\" content=\"image\/png\" \/>\n<meta name=\"author\" content=\"Michele\" \/>\n<meta name=\"twitter:card\" content=\"summary_large_image\" \/>\n<meta name=\"twitter:label1\" content=\"Written by\" \/>\n\t<meta name=\"twitter:data1\" content=\"Michele\" \/>\n\t<meta name=\"twitter:label2\" content=\"Est. reading time\" \/>\n\t<meta name=\"twitter:data2\" content=\"7 minutos\" \/>\n<script type=\"application\/ld+json\" class=\"yoast-schema-graph\">{\"@context\":\"https:\\\/\\\/schema.org\",\"@graph\":[{\"@type\":\"Article\",\"@id\":\"https:\\\/\\\/www.vagadeempregorj.com.br\\\/bolsa-familia-voce-pode-ter-direito-a-um-valor-maior\\\/#article\",\"isPartOf\":{\"@id\":\"https:\\\/\\\/www.vagadeempregorj.com.br\\\/bolsa-familia-voce-pode-ter-direito-a-um-valor-maior\\\/\"},\"author\":{\"name\":\"Michele\",\"@id\":\"https:\\\/\\\/www.vagadeempregorj.com.br\\\/#\\\/schema\\\/person\\\/3ddb19fa0539706786e502152f3aae95\"},\"headline\":\"Bolsa Fam\u00edlia: voc\u00ea pode ter direito a um valor MAIOR\",\"datePublished\":\"2025-02-20T09:00:00+00:00\",\"mainEntityOfPage\":{\"@id\":\"https:\\\/\\\/www.vagadeempregorj.com.br\\\/bolsa-familia-voce-pode-ter-direito-a-um-valor-maior\\\/\"},\"wordCount\":1320,\"image\":{\"@id\":\"https:\\\/\\\/www.vagadeempregorj.com.br\\\/bolsa-familia-voce-pode-ter-direito-a-um-valor-maior\\\/#primaryimage\"},\"thumbnailUrl\":\"https:\\\/\\\/www.vagadeempregorj.com.br\\\/wp-content\\\/uploads\\\/2025\\\/02\\\/image-51.png\",\"articleSection\":[\"Benef\u00edcios Sociais\"],\"inLanguage\":\"es\"},{\"@type\":\"WebPage\",\"@id\":\"https:\\\/\\\/www.vagadeempregorj.com.br\\\/bolsa-familia-voce-pode-ter-direito-a-um-valor-maior\\\/\",\"url\":\"https:\\\/\\\/www.vagadeempregorj.com.br\\\/bolsa-familia-voce-pode-ter-direito-a-um-valor-maior\\\/\",\"name\":\"Bolsa Fam\u00edlia: voc\u00ea pode ter direito a um valor MAIOR -\",\"isPartOf\":{\"@id\":\"https:\\\/\\\/www.vagadeempregorj.com.br\\\/#website\"},\"primaryImageOfPage\":{\"@id\":\"https:\\\/\\\/www.vagadeempregorj.com.br\\\/bolsa-familia-voce-pode-ter-direito-a-um-valor-maior\\\/#primaryimage\"},\"image\":{\"@id\":\"https:\\\/\\\/www.vagadeempregorj.com.br\\\/bolsa-familia-voce-pode-ter-direito-a-um-valor-maior\\\/#primaryimage\"},\"thumbnailUrl\":\"https:\\\/\\\/www.vagadeempregorj.com.br\\\/wp-content\\\/uploads\\\/2025\\\/02\\\/image-51.png\",\"datePublished\":\"2025-02-20T09:00:00+00:00\",\"author\":{\"@id\":\"https:\\\/\\\/www.vagadeempregorj.com.br\\\/#\\\/schema\\\/person\\\/3ddb19fa0539706786e502152f3aae95\"},\"description\":\"Veja em Vagas de Emprego RJ as vagas de emprego com e sem experi\u00eancia no seu Estado e Regi\u00e3o!\",\"breadcrumb\":{\"@id\":\"https:\\\/\\\/www.vagadeempregorj.com.br\\\/bolsa-familia-voce-pode-ter-direito-a-um-valor-maior\\\/#breadcrumb\"},\"inLanguage\":\"es\",\"potentialAction\":[{\"@type\":\"ReadAction\",\"target\":[\"https:\\\/\\\/www.vagadeempregorj.com.br\\\/bolsa-familia-voce-pode-ter-direito-a-um-valor-maior\\\/\"]}]},{\"@type\":\"ImageObject\",\"inLanguage\":\"es\",\"@id\":\"https:\\\/\\\/www.vagadeempregorj.com.br\\\/bolsa-familia-voce-pode-ter-direito-a-um-valor-maior\\\/#primaryimage\",\"url\":\"https:\\\/\\\/www.vagadeempregorj.com.br\\\/wp-content\\\/uploads\\\/2025\\\/02\\\/image-51.png\",\"contentUrl\":\"https:\\\/\\\/www.vagadeempregorj.com.br\\\/wp-content\\\/uploads\\\/2025\\\/02\\\/image-51.png\",\"width\":1170,\"height\":700},{\"@type\":\"BreadcrumbList\",\"@id\":\"https:\\\/\\\/www.vagadeempregorj.com.br\\\/bolsa-familia-voce-pode-ter-direito-a-um-valor-maior\\\/#breadcrumb\",\"itemListElement\":[{\"@type\":\"ListItem\",\"position\":1,\"name\":\"In\u00edcio\",\"item\":\"https:\\\/\\\/www.vagadeempregorj.com.br\\\/\"},{\"@type\":\"ListItem\",\"position\":2,\"name\":\"Benef\u00edcios Sociais\",\"item\":\"https:\\\/\\\/www.vagadeempregorj.com.br\\\/beneficios-sociais\\\/\"},{\"@type\":\"ListItem\",\"position\":3,\"name\":\"Bolsa Fam\u00edlia: voc\u00ea pode ter direito a um valor MAIOR\"}]},{\"@type\":\"WebSite\",\"@id\":\"https:\\\/\\\/www.vagadeempregorj.com.br\\\/#website\",\"url\":\"https:\\\/\\\/www.vagadeempregorj.com.br\\\/\",\"name\":\"\",\"description\":\"Conquiste Sonhos: Vagas, Benef\u00edcios e Economia para Transformar Vidas e Alcan\u00e7ar Melhorias Cotidianas\",\"potentialAction\":[{\"@type\":\"SearchAction\",\"target\":{\"@type\":\"EntryPoint\",\"urlTemplate\":\"https:\\\/\\\/www.vagadeempregorj.com.br\\\/?s={search_term_string}\"},\"query-input\":{\"@type\":\"PropertyValueSpecification\",\"valueRequired\":true,\"valueName\":\"search_term_string\"}}],\"inLanguage\":\"es\"},{\"@type\":\"Person\",\"@id\":\"https:\\\/\\\/www.vagadeempregorj.com.br\\\/#\\\/schema\\\/person\\\/3ddb19fa0539706786e502152f3aae95\",\"name\":\"Michele\",\"image\":{\"@type\":\"ImageObject\",\"inLanguage\":\"es\",\"@id\":\"https:\\\/\\\/secure.gravatar.com\\\/avatar\\\/6b0eb9d22841282815e2cd856a0061c45e1761cd54b22e952d98c4746939aa85?s=96&r=g\",\"url\":\"https:\\\/\\\/secure.gravatar.com\\\/avatar\\\/6b0eb9d22841282815e2cd856a0061c45e1761cd54b22e952d98c4746939aa85?s=96&r=g\",\"contentUrl\":\"https:\\\/\\\/secure.gravatar.com\\\/avatar\\\/6b0eb9d22841282815e2cd856a0061c45e1761cd54b22e952d98c4746939aa85?s=96&r=g\",\"caption\":\"Michele\"},\"description\":\"Formada em Letras - Portugu\u00eas\\\/ Ingl\u00eas, e idealizadora do site Escritora de Sucesso, busca expandir o conhecimento de todos com informa\u00e7\u00f5es relevantes sobre diversos assuntos, enquanto redatora. No Vaga de Emprego RJ, traz oportunidades e dicas sobre o mercado de trabalho.\",\"url\":\"https:\\\/\\\/www.vagadeempregorj.com.br\\\/es\\\/author\\\/michele\\\/\"}]}<\/script>\n<!-- \/ Yoast SEO plugin. -->","yoast_head_json":{"title":"Bolsa Fam\u00edlia: voc\u00ea pode ter direito a um valor MAIOR -","description":"Veja em Vagas de Emprego RJ as vagas de emprego com e sem experi\u00eancia no seu Estado e Regi\u00e3o!","robots":{"index":"index","follow":"follow","max-snippet":"max-snippet:-1","max-image-preview":"max-image-preview:large","max-video-preview":"max-video-preview:-1"},"canonical":"https:\/\/www.vagadeempregorj.com.br\/es\/bolsa-familia-voce-pode-ter-direito-a-um-valor-maior\/","og_locale":"es_MX","og_type":"article","og_title":"Bolsa Fam\u00edlia: voc\u00ea pode ter direito a um valor MAIOR -","og_description":"Veja em Vagas de Emprego RJ as vagas de emprego com e sem experi\u00eancia no seu Estado e Regi\u00e3o!","og_url":"https:\/\/www.vagadeempregorj.com.br\/es\/bolsa-familia-voce-pode-ter-direito-a-um-valor-maior\/","article_publisher":"https:\/\/www.facebook.com\/empregobrasiloficial","article_published_time":"2025-02-20T09:00:00+00:00","og_image":[{"width":1170,"height":700,"url":"https:\/\/www.vagadeempregorj.com.br\/wp-content\/uploads\/2025\/02\/image-51.png","type":"image\/png"}],"author":"Michele","twitter_card":"summary_large_image","twitter_misc":{"Written by":"Michele","Est. reading time":"7 minutos"},"schema":{"@context":"https:\/\/schema.org","@graph":[{"@type":"Article","@id":"https:\/\/www.vagadeempregorj.com.br\/bolsa-familia-voce-pode-ter-direito-a-um-valor-maior\/#article","isPartOf":{"@id":"https:\/\/www.vagadeempregorj.com.br\/bolsa-familia-voce-pode-ter-direito-a-um-valor-maior\/"},"author":{"name":"Michele","@id":"https:\/\/www.vagadeempregorj.com.br\/#\/schema\/person\/3ddb19fa0539706786e502152f3aae95"},"headline":"Bolsa Fam\u00edlia: voc\u00ea pode ter direito a um valor MAIOR","datePublished":"2025-02-20T09:00:00+00:00","mainEntityOfPage":{"@id":"https:\/\/www.vagadeempregorj.com.br\/bolsa-familia-voce-pode-ter-direito-a-um-valor-maior\/"},"wordCount":1320,"image":{"@id":"https:\/\/www.vagadeempregorj.com.br\/bolsa-familia-voce-pode-ter-direito-a-um-valor-maior\/#primaryimage"},"thumbnailUrl":"https:\/\/www.vagadeempregorj.com.br\/wp-content\/uploads\/2025\/02\/image-51.png","articleSection":["Benef\u00edcios Sociais"],"inLanguage":"es"},{"@type":"WebPage","@id":"https:\/\/www.vagadeempregorj.com.br\/bolsa-familia-voce-pode-ter-direito-a-um-valor-maior\/","url":"https:\/\/www.vagadeempregorj.com.br\/bolsa-familia-voce-pode-ter-direito-a-um-valor-maior\/","name":"Bolsa Fam\u00edlia: voc\u00ea pode ter direito a um valor MAIOR -","isPartOf":{"@id":"https:\/\/www.vagadeempregorj.com.br\/#website"},"primaryImageOfPage":{"@id":"https:\/\/www.vagadeempregorj.com.br\/bolsa-familia-voce-pode-ter-direito-a-um-valor-maior\/#primaryimage"},"image":{"@id":"https:\/\/www.vagadeempregorj.com.br\/bolsa-familia-voce-pode-ter-direito-a-um-valor-maior\/#primaryimage"},"thumbnailUrl":"https:\/\/www.vagadeempregorj.com.br\/wp-content\/uploads\/2025\/02\/image-51.png","datePublished":"2025-02-20T09:00:00+00:00","author":{"@id":"https:\/\/www.vagadeempregorj.com.br\/#\/schema\/person\/3ddb19fa0539706786e502152f3aae95"},"description":"Veja em Vagas de Emprego RJ as vagas de emprego com e sem experi\u00eancia no seu Estado e Regi\u00e3o!","breadcrumb":{"@id":"https:\/\/www.vagadeempregorj.com.br\/bolsa-familia-voce-pode-ter-direito-a-um-valor-maior\/#breadcrumb"},"inLanguage":"es","potentialAction":[{"@type":"ReadAction","target":["https:\/\/www.vagadeempregorj.com.br\/bolsa-familia-voce-pode-ter-direito-a-um-valor-maior\/"]}]},{"@type":"ImageObject","inLanguage":"es","@id":"https:\/\/www.vagadeempregorj.com.br\/bolsa-familia-voce-pode-ter-direito-a-um-valor-maior\/#primaryimage","url":"https:\/\/www.vagadeempregorj.com.br\/wp-content\/uploads\/2025\/02\/image-51.png","contentUrl":"https:\/\/www.vagadeempregorj.com.br\/wp-content\/uploads\/2025\/02\/image-51.png","width":1170,"height":700},{"@type":"BreadcrumbList","@id":"https:\/\/www.vagadeempregorj.com.br\/bolsa-familia-voce-pode-ter-direito-a-um-valor-maior\/#breadcrumb","itemListElement":[{"@type":"ListItem","position":1,"name":"In\u00edcio","item":"https:\/\/www.vagadeempregorj.com.br\/"},{"@type":"ListItem","position":2,"name":"Benef\u00edcios Sociais","item":"https:\/\/www.vagadeempregorj.com.br\/beneficios-sociais\/"},{"@type":"ListItem","position":3,"name":"Bolsa Fam\u00edlia: voc\u00ea pode ter direito a um valor MAIOR"}]},{"@type":"WebSite","@id":"https:\/\/www.vagadeempregorj.com.br\/#website","url":"https:\/\/www.vagadeempregorj.com.br\/","name":"","description":"Conquiste Sonhos: Vagas, Benef\u00edcios e Economia para Transformar Vidas e Alcan\u00e7ar Melhorias Cotidianas","potentialAction":[{"@type":"SearchAction","target":{"@type":"EntryPoint","urlTemplate":"https:\/\/www.vagadeempregorj.com.br\/?s={search_term_string}"},"query-input":{"@type":"PropertyValueSpecification","valueRequired":true,"valueName":"search_term_string"}}],"inLanguage":"es"},{"@type":"Person","@id":"https:\/\/www.vagadeempregorj.com.br\/#\/schema\/person\/3ddb19fa0539706786e502152f3aae95","name":"Michele","image":{"@type":"ImageObject","inLanguage":"es","@id":"https:\/\/secure.gravatar.com\/avatar\/6b0eb9d22841282815e2cd856a0061c45e1761cd54b22e952d98c4746939aa85?s=96&r=g","url":"https:\/\/secure.gravatar.com\/avatar\/6b0eb9d22841282815e2cd856a0061c45e1761cd54b22e952d98c4746939aa85?s=96&r=g","contentUrl":"https:\/\/secure.gravatar.com\/avatar\/6b0eb9d22841282815e2cd856a0061c45e1761cd54b22e952d98c4746939aa85?s=96&r=g","caption":"Michele"},"description":"Formada em Letras - Portugu\u00eas\/ Ingl\u00eas, e idealizadora do site Escritora de Sucesso, busca expandir o conhecimento de todos com informa\u00e7\u00f5es relevantes sobre diversos assuntos, enquanto redatora. No Vaga de Emprego RJ, traz oportunidades e dicas sobre o mercado de trabalho.","url":"https:\/\/www.vagadeempregorj.com.br\/es\/author\/michele\/"}]}},"_links":{"self":[{"href":"https:\/\/www.vagadeempregorj.com.br\/es\/wp-json\/wp\/v2\/posts\/42700","targetHints":{"allow":["GET"]}}],"collection":[{"href":"https:\/\/www.vagadeempregorj.com.br\/es\/wp-json\/wp\/v2\/posts"}],"about":[{"href":"https:\/\/www.vagadeempregorj.com.br\/es\/wp-json\/wp\/v2\/types\/post"}],"author":[{"embeddable":true,"href":"https:\/\/www.vagadeempregorj.com.br\/es\/wp-json\/wp\/v2\/users\/16"}],"replies":[{"embeddable":true,"href":"https:\/\/www.vagadeempregorj.com.br\/es\/wp-json\/wp\/v2\/comments?post=42700"}],"version-history":[{"count":0,"href":"https:\/\/www.vagadeempregorj.com.br\/es\/wp-json\/wp\/v2\/posts\/42700\/revisions"}],"wp:featuredmedia":[{"embeddable":true,"href":"https:\/\/www.vagadeempregorj.com.br\/es\/wp-json\/wp\/v2\/media\/42710"}],"wp:attachment":[{"href":"https:\/\/www.vagadeempregorj.com.br\/es\/wp-json\/wp\/v2\/media?parent=42700"}],"wp:term":[{"taxonomy":"category","embeddable":true,"href":"https:\/\/www.vagadeempregorj.com.br\/es\/wp-json\/wp\/v2\/categories?post=42700"},{"taxonomy":"post_tag","embeddable":true,"href":"https:\/\/www.vagadeempregorj.com.br\/es\/wp-json\/wp\/v2\/tags?post=42700"}],"curies":[{"name":"wp","href":"https:\/\/api.w.org\/{rel}","templated":true}]}}