{"id":42726,"date":"2025-02-21T21:23:18","date_gmt":"2025-02-22T00:23:18","guid":{"rendered":"https:\/\/www.vagadeempregorj.com.br\/?p=42726"},"modified":"2025-02-21T21:23:19","modified_gmt":"2025-02-22T00:23:19","slug":"os-10-cursos-que-mais-empregam-no-brasil-voce-ja-considerou-algum","status":"publish","type":"post","link":"https:\/\/www.vagadeempregorj.com.br\/es\/os-10-cursos-que-mais-empregam-no-brasil-voce-ja-considerou-algum\/","title":{"rendered":"Os 10 cursos que mais empregam no Brasil \u2013 voc\u00ea j\u00e1 considerou algum?"},"content":{"rendered":"<p>Escolher um curso superior \u00e9 uma das decis\u00f5es mais importantes da vida, e muitos fatores pesam nessa escolha, como voca\u00e7\u00e3o, mercado de trabalho e estabilidade financeira. No Brasil, algumas \u00e1reas s\u00e3o mais promissoras e oferecem maiores chances de empregabilidade, garantindo oportunidades mesmo em tempos de crise.<\/p>\n\n\n\n<p>Se voc\u00ea quer entrar em um curso que te d\u00ea boas oportunidades no mercado de trabalho, conhecer quais s\u00e3o os mais promissores pode te ajudar a tomar a melhor decis\u00e3o. Pensando nisso, preparamos uma lista com os <strong>cursos que mais empregam no Brasil<\/strong>. Ser\u00e1 que algum deles j\u00e1 passou pela sua mente?<\/p>\n\n\n\n<figure class=\"wp-block-image size-large\"><img loading=\"lazy\" decoding=\"async\" width=\"1024\" height=\"585\" src=\"https:\/\/www.vagadeempregorj.com.br\/wp-content\/uploads\/2025\/02\/cursos-1024x585.webp\" alt=\"\" class=\"wp-image-42727\" srcset=\"https:\/\/www.vagadeempregorj.com.br\/wp-content\/uploads\/2025\/02\/cursos-1024x585.webp 1024w, https:\/\/www.vagadeempregorj.com.br\/wp-content\/uploads\/2025\/02\/cursos-300x171.webp 300w, https:\/\/www.vagadeempregorj.com.br\/wp-content\/uploads\/2025\/02\/cursos-768x439.webp 768w, https:\/\/www.vagadeempregorj.com.br\/wp-content\/uploads\/2025\/02\/cursos-1536x878.webp 1536w, https:\/\/www.vagadeempregorj.com.br\/wp-content\/uploads\/2025\/02\/cursos-150x86.webp 150w, https:\/\/www.vagadeempregorj.com.br\/wp-content\/uploads\/2025\/02\/cursos.webp 1792w\" sizes=\"auto, (max-width: 1024px) 100vw, 1024px\" \/><\/figure>\n\n\n\n<h2 class=\"wp-block-heading\">1. <strong>Medicina<\/strong><\/h2>\n\n\n\n<p>N\u00e3o \u00e9 nenhuma surpresa que <strong>Medicina<\/strong> esteja no topo da lista. A \u00e1rea da sa\u00fade sempre tem demanda e m\u00e9dicos dificilmente ficam sem trabalho. O curso exige dedica\u00e7\u00e3o intensa, anos de estudo e especializa\u00e7\u00f5es, mas a recompensa vem em forma de estabilidade e altos sal\u00e1rios.<\/p>\n\n\n\n<p>\ud83d\udccc <strong>Por que emprega tanto?<\/strong><\/p>\n\n\n\n<ul class=\"wp-block-list\">\n<li>Necessidade constante de profissionais da sa\u00fade.<\/li>\n\n\n\n<li>Diversas \u00e1reas de atua\u00e7\u00e3o, desde hospitais at\u00e9 pesquisas e cl\u00ednicas privadas.<\/li>\n\n\n\n<li>Sal\u00e1rios atrativos e possibilidade de crescimento profissional.<\/li>\n<\/ul>\n\n\n\n<p>Mesmo com a concorr\u00eancia acirrada nos vestibulares, quem consegue ingressar no curso tem praticamente um futuro garantido no mercado de trabalho.<\/p>\n\n\n\n<h2 class=\"wp-block-heading\">2. <strong>Enfermagem<\/strong><\/h2>\n\n\n\n<p>Com o crescimento do setor da sa\u00fade, <strong>Enfermagem<\/strong> se tornou um dos cursos com maior empregabilidade no Brasil. A pandemia refor\u00e7ou a import\u00e2ncia desse profissional, que atua diretamente no atendimento aos pacientes e na gest\u00e3o hospitalar.<\/p>\n\n\n\n<p>\ud83d\udccc <strong>Destaques da profiss\u00e3o:<\/strong><\/p>\n\n\n\n<ul class=\"wp-block-list\">\n<li>Mercado em expans\u00e3o, com hospitais e cl\u00ednicas sempre contratando.<\/li>\n\n\n\n<li>Possibilidade de atuar no setor p\u00fablico ou privado.<\/li>\n\n\n\n<li>Carreira com muitas especializa\u00e7\u00f5es, como enfermagem obst\u00e9trica e enfermagem do trabalho.<\/li>\n<\/ul>\n\n\n\n<p>O enfermeiro pode trabalhar em hospitais, postos de sa\u00fade, home care, empresas e at\u00e9 como aut\u00f4nomo, prestando assist\u00eancia domiciliar.<\/p>\n\n\n\n<h2 class=\"wp-block-heading\">3. <strong>Tecnologia da Informa\u00e7\u00e3o (TI)<\/strong><\/h2>\n\n\n\n<p>O setor de <strong>Tecnologia da Informa\u00e7\u00e3o (TI)<\/strong> est\u00e1 entre os que mais crescem no Brasil e no mundo. Empresas de todos os segmentos precisam de especialistas para criar, gerenciar e proteger seus sistemas, tornando essa profiss\u00e3o extremamente promissora.<\/p>\n\n\n\n<p>\ud83d\udccc <strong>O que faz um profissional de TI?<\/strong><\/p>\n\n\n\n<ul class=\"wp-block-list\">\n<li>Desenvolve e gerencia softwares e aplicativos.<\/li>\n\n\n\n<li>Trabalha com seguran\u00e7a digital, evitando invas\u00f5es e vazamentos de dados.<\/li>\n\n\n\n<li>Atua na an\u00e1lise e gest\u00e3o de dados para melhorar processos empresariais.<\/li>\n<\/ul>\n\n\n\n<p>Com sal\u00e1rios iniciais acima da m\u00e9dia e possibilidade de trabalho remoto, TI \u00e9 uma excelente op\u00e7\u00e3o para quem busca estabilidade e flexibilidade.<\/p>\n\n\n\n<h2 class=\"wp-block-heading\">4. <strong>Engenharia Civil<\/strong><\/h2>\n\n\n\n<p>Mesmo com oscila\u00e7\u00f5es na economia, a constru\u00e7\u00e3o civil segue sendo um dos setores que mais empregam no Brasil. Grandes obras de infraestrutura, empreendimentos imobili\u00e1rios e urbaniza\u00e7\u00e3o exigem a presen\u00e7a de <strong>engenheiros civis<\/strong> qualificados.<\/p>\n\n\n\n<p>\ud83d\udccc <strong>Por que o mercado est\u00e1 sempre aquecido?<\/strong><\/p>\n\n\n\n<ul class=\"wp-block-list\">\n<li>O Brasil precisa de melhorias na infraestrutura.<\/li>\n\n\n\n<li>Empresas sempre buscam profissionais para constru\u00e7\u00e3o e reformas.<\/li>\n\n\n\n<li>\u00c1reas como sustentabilidade e inova\u00e7\u00e3o na constru\u00e7\u00e3o est\u00e3o em alta.<\/li>\n<\/ul>\n\n\n\n<p>Engenheiros civis podem atuar em construtoras, \u00f3rg\u00e3os p\u00fablicos, escrit\u00f3rios de engenharia e at\u00e9 abrir seu pr\u00f3prio neg\u00f3cio.<\/p>\n\n\n\n<h2 class=\"wp-block-heading\">5. <strong>Administra\u00e7\u00e3o<\/strong><\/h2>\n\n\n\n<p>O curso de <strong>Administra\u00e7\u00e3o<\/strong> \u00e9 um dos mais procurados do pa\u00eds e n\u00e3o \u00e9 \u00e0 toa: todas as empresas precisam de gestores capacitados para coordenar seus neg\u00f3cios. Por ser um curso amplo, o profissional pode atuar em diversas \u00e1reas.<\/p>\n\n\n\n<p>\ud83d\udccc <strong>\u00c1reas de atua\u00e7\u00e3o mais promissoras:<\/strong><\/p>\n\n\n\n<ul class=\"wp-block-list\">\n<li>Gest\u00e3o financeira e controladoria.<\/li>\n\n\n\n<li>Recursos humanos e recrutamento de talentos.<\/li>\n\n\n\n<li>Planejamento estrat\u00e9gico e desenvolvimento de neg\u00f3cios.<\/li>\n<\/ul>\n\n\n\n<p>O administrador pode trabalhar tanto no setor privado quanto no p\u00fablico e, com experi\u00eancia, pode ocupar cargos de lideran\u00e7a e ger\u00eancia.<\/p>\n\n\n\n<h2 class=\"wp-block-heading\">6. <strong>Direito<\/strong><\/h2>\n\n\n\n<p>Mesmo sendo um curso com alta concorr\u00eancia e muitas faculdades ofertando vagas, o <strong>Direito<\/strong> ainda \u00e9 uma \u00e1rea com alta empregabilidade. O Brasil tem um dos maiores n\u00fameros de advogados do mundo, mas tamb\u00e9m h\u00e1 uma demanda crescente por profissionais especializados.<\/p>\n\n\n\n<p>\ud83d\udccc <strong>Por que Direito ainda \u00e9 uma boa escolha?<\/strong><\/p>\n\n\n\n<ul class=\"wp-block-list\">\n<li>Diversas possibilidades de atua\u00e7\u00e3o: advocacia, magistratura, defensoria p\u00fablica, consultoria jur\u00eddica.<\/li>\n\n\n\n<li>Mercado sempre aquecido, j\u00e1 que quest\u00f5es legais est\u00e3o em todas as \u00e1reas.<\/li>\n\n\n\n<li>Bons sal\u00e1rios para profissionais bem qualificados.<\/li>\n<\/ul>\n\n\n\n<p>Al\u00e9m da advocacia, os bachar\u00e9is podem prestar concursos p\u00fablicos para cargos como delegado, juiz e promotor.<\/p>\n\n\n\n<h2 class=\"wp-block-heading\">7. <strong>Psicologia<\/strong><\/h2>\n\n\n\n<p>Com o aumento da preocupa\u00e7\u00e3o com a sa\u00fade mental, a <strong>Psicologia<\/strong> vem se destacando como uma das \u00e1reas mais promissoras do mercado. Empresas, escolas e hospitais precisam cada vez mais desse profissional.<\/p>\n\n\n\n<p>\ud83d\udccc <strong>Onde um psic\u00f3logo pode trabalhar?<\/strong><\/p>\n\n\n\n<ul class=\"wp-block-list\">\n<li>Cl\u00ednicas particulares, atendendo pacientes individualmente.<\/li>\n\n\n\n<li>Empresas, auxiliando na gest\u00e3o de pessoas e bem-estar dos funcion\u00e1rios.<\/li>\n\n\n\n<li>Hospitais e centros de reabilita\u00e7\u00e3o.<\/li>\n<\/ul>\n\n\n\n<p>A Psicologia tem crescido especialmente na \u00e1rea organizacional e no atendimento cl\u00ednico online, aumentando as oportunidades para novos profissionais.<\/p>\n\n\n\n<h2 class=\"wp-block-heading\">8. <strong>Marketing<\/strong><\/h2>\n\n\n\n<p>Com o avan\u00e7o do digital, o <strong>Marketing<\/strong> se tornou essencial para empresas que querem crescer e atrair clientes. A \u00e1rea n\u00e3o se resume mais \u00e0 publicidade tradicional, englobando estrat\u00e9gias digitais, SEO e redes sociais.<\/p>\n\n\n\n<p>\ud83d\udccc <strong>O que faz um profissional de Marketing?<\/strong><\/p>\n\n\n\n<ul class=\"wp-block-list\">\n<li>Desenvolve campanhas publicit\u00e1rias e estrat\u00e9gias de vendas.<\/li>\n\n\n\n<li>Trabalha com an\u00e1lise de mercado e comportamento do consumidor.<\/li>\n\n\n\n<li>Gerencia redes sociais e presen\u00e7a digital das empresas.<\/li>\n<\/ul>\n\n\n\n<p>A \u00e1rea digital tem gerado empregos em abund\u00e2ncia, e profissionais qualificados s\u00e3o cada vez mais disputados.<\/p>\n\n\n\n<h2 class=\"wp-block-heading\">9. <strong>Odontologia<\/strong><\/h2>\n\n\n\n<p>A <strong>Odontologia<\/strong> \u00e9 uma das profiss\u00f5es mais valorizadas da \u00e1rea da sa\u00fade, com grande empregabilidade e bons sal\u00e1rios. Al\u00e9m de trabalhar em consult\u00f3rios, o dentista pode atuar em hospitais, cl\u00ednicas especializadas e no setor p\u00fablico.<\/p>\n\n\n\n<p>\ud83d\udccc <strong>Vantagens da profiss\u00e3o:<\/strong><\/p>\n\n\n\n<ul class=\"wp-block-list\">\n<li>Crescimento do setor de est\u00e9tica dental.<\/li>\n\n\n\n<li>Alta procura por servi\u00e7os odontol\u00f3gicos no Brasil.<\/li>\n\n\n\n<li>Possibilidade de abrir o pr\u00f3prio consult\u00f3rio.<\/li>\n<\/ul>\n\n\n\n<p>O dentista tamb\u00e9m pode se especializar em \u00e1reas como ortodontia, implantodontia e endodontia, aumentando ainda mais suas oportunidades de carreira.<\/p>\n\n\n\n<h2 class=\"wp-block-heading\">10. <strong>Educa\u00e7\u00e3o F\u00edsica<\/strong><\/h2>\n\n\n\n<p>O mercado fitness cresceu nos \u00faltimos anos e a <strong>Educa\u00e7\u00e3o F\u00edsica<\/strong> se tornou um dos cursos com maior taxa de empregabilidade. Al\u00e9m de academias, h\u00e1 demanda por profissionais em escolas, clubes esportivos e na reabilita\u00e7\u00e3o f\u00edsica.<\/p>\n\n\n\n<p>\ud83d\udccc <strong>O que faz um profissional de Educa\u00e7\u00e3o F\u00edsica?<\/strong><\/p>\n\n\n\n<ul class=\"wp-block-list\">\n<li>Atua na preven\u00e7\u00e3o de doen\u00e7as atrav\u00e9s do exerc\u00edcio f\u00edsico.<\/li>\n\n\n\n<li>Trabalha com treinamento esportivo e muscula\u00e7\u00e3o.<\/li>\n\n\n\n<li>Desenvolve programas de reabilita\u00e7\u00e3o f\u00edsica e fisioterapia esportiva.<\/li>\n<\/ul>\n\n\n\n<p>O incentivo \u00e0 qualidade de vida e a busca por um estilo de vida saud\u00e1vel aumentaram significativamente a demanda por personal trainers e professores de Educa\u00e7\u00e3o F\u00edsica.<\/p>\n\n\n\n<h2 class=\"wp-block-heading\">Um grande passo para a estabilidade financeira<\/h2>\n\n\n\n<p>Escolher um curso superior \u00e9 um grande passo e, al\u00e9m da voca\u00e7\u00e3o, \u00e9 essencial pensar nas oportunidades de trabalho que ele oferece. Cursos como <strong>Medicina, TI, Engenharia e Administra\u00e7\u00e3o<\/strong> est\u00e3o entre os que mais empregam e garantem uma carreira s\u00f3lida.<\/p>\n\n\n\n<p>Se voc\u00ea ainda tem d\u00favidas sobre qual caminho seguir, pesquise mais sobre essas \u00e1reas, converse com profissionais e avalie suas afinidades. O mercado est\u00e1 sempre mudando, e quem se prepara melhor tem mais chances de conquistar um futuro profissional de sucesso!<\/p>\n\n\n\n<p><strong>Veja tamb\u00e9m: <a href=\"https:\/\/www.vagadeempregorj.com.br\/es\/design-conheca-o-curso-que-mais-gera-empregos-atualmente\/\">Design: Conhe\u00e7a o curso que mais gera empregos atualmente<\/a><\/strong><\/p>\n\n\n\n<p>21 de fevereiro de 2025<\/p>","protected":false},"excerpt":{"rendered":"<p>Escolher um curso superior \u00e9 uma das decis\u00f5es mais importantes da vida, e muitos fatores pesam nessa escolha, como voca\u00e7\u00e3o, mercado de trabalho e estabilidade financeira. No Brasil, algumas \u00e1reas s\u00e3o mais promissoras e oferecem maiores chances de empregabilidade, garantindo oportunidades mesmo em tempos de crise. Se voc\u00ea quer entrar em um curso que te&hellip;&nbsp;<\/p>","protected":false},"author":16,"featured_media":42727,"comment_status":"closed","ping_status":"closed","sticky":false,"template":"","format":"standard","meta":{"neve_meta_sidebar":"","neve_meta_container":"","neve_meta_enable_content_width":"","neve_meta_content_width":0,"neve_meta_title_alignment":"","neve_meta_author_avatar":"","neve_post_elements_order":"","neve_meta_disable_header":"","neve_meta_disable_footer":"","neve_meta_disable_title":"","footnotes":""},"categories":[1],"tags":[608],"class_list":["post-42726","post","type-post","status-publish","format-standard","has-post-thumbnail","hentry","category-beneficios-sociais","tag-oportunidades"],"yoast_head":"<!-- This site is optimized with the Yoast SEO plugin v27.5 - https:\/\/yoast.com\/product\/yoast-seo-wordpress\/ -->\n<title>Os 10 cursos que mais empregam no Brasil \u2013 voc\u00ea j\u00e1 considerou algum? -<\/title>\n<meta name=\"description\" content=\"Veja em Vagas de Emprego RJ as vagas de emprego com e sem experi\u00eancia no seu Estado e Regi\u00e3o!\" \/>\n<meta name=\"robots\" content=\"index, follow, max-snippet:-1, max-image-preview:large, max-video-preview:-1\" \/>\n<link rel=\"canonical\" href=\"https:\/\/www.vagadeempregorj.com.br\/es\/os-10-cursos-que-mais-empregam-no-brasil-voce-ja-considerou-algum\/\" \/>\n<meta property=\"og:locale\" content=\"es_MX\" \/>\n<meta property=\"og:type\" content=\"article\" \/>\n<meta property=\"og:title\" content=\"Os 10 cursos que mais empregam no Brasil \u2013 voc\u00ea j\u00e1 considerou algum? -\" \/>\n<meta property=\"og:description\" content=\"Veja em Vagas de Emprego RJ as vagas de emprego com e sem experi\u00eancia no seu Estado e Regi\u00e3o!\" \/>\n<meta property=\"og:url\" content=\"https:\/\/www.vagadeempregorj.com.br\/es\/os-10-cursos-que-mais-empregam-no-brasil-voce-ja-considerou-algum\/\" \/>\n<meta property=\"article:publisher\" content=\"https:\/\/www.facebook.com\/empregobrasiloficial\" \/>\n<meta property=\"article:published_time\" content=\"2025-02-22T00:23:18+00:00\" \/>\n<meta property=\"article:modified_time\" content=\"2025-02-22T00:23:19+00:00\" \/>\n<meta property=\"og:image\" content=\"https:\/\/www.vagadeempregorj.com.br\/wp-content\/uploads\/2025\/02\/cursos.webp\" \/>\n\t<meta property=\"og:image:width\" content=\"1792\" \/>\n\t<meta property=\"og:image:height\" content=\"1024\" \/>\n\t<meta property=\"og:image:type\" content=\"image\/webp\" \/>\n<meta name=\"author\" content=\"Michele\" \/>\n<meta name=\"twitter:card\" content=\"summary_large_image\" \/>\n<meta name=\"twitter:label1\" content=\"Written by\" \/>\n\t<meta name=\"twitter:data1\" content=\"Michele\" \/>\n\t<meta name=\"twitter:label2\" content=\"Est. reading time\" \/>\n\t<meta name=\"twitter:data2\" content=\"6 minutos\" \/>\n<script type=\"application\/ld+json\" class=\"yoast-schema-graph\">{\"@context\":\"https:\\\/\\\/schema.org\",\"@graph\":[{\"@type\":\"Article\",\"@id\":\"https:\\\/\\\/www.vagadeempregorj.com.br\\\/os-10-cursos-que-mais-empregam-no-brasil-voce-ja-considerou-algum\\\/#article\",\"isPartOf\":{\"@id\":\"https:\\\/\\\/www.vagadeempregorj.com.br\\\/os-10-cursos-que-mais-empregam-no-brasil-voce-ja-considerou-algum\\\/\"},\"author\":{\"name\":\"Michele\",\"@id\":\"https:\\\/\\\/www.vagadeempregorj.com.br\\\/#\\\/schema\\\/person\\\/3ddb19fa0539706786e502152f3aae95\"},\"headline\":\"Os 10 cursos que mais empregam no Brasil \u2013 voc\u00ea j\u00e1 considerou algum?\",\"datePublished\":\"2025-02-22T00:23:18+00:00\",\"dateModified\":\"2025-02-22T00:23:19+00:00\",\"mainEntityOfPage\":{\"@id\":\"https:\\\/\\\/www.vagadeempregorj.com.br\\\/os-10-cursos-que-mais-empregam-no-brasil-voce-ja-considerou-algum\\\/\"},\"wordCount\":1208,\"image\":{\"@id\":\"https:\\\/\\\/www.vagadeempregorj.com.br\\\/os-10-cursos-que-mais-empregam-no-brasil-voce-ja-considerou-algum\\\/#primaryimage\"},\"thumbnailUrl\":\"https:\\\/\\\/www.vagadeempregorj.com.br\\\/wp-content\\\/uploads\\\/2025\\\/02\\\/cursos.webp\",\"keywords\":[\"oportunidades\"],\"articleSection\":[\"Benef\u00edcios Sociais\"],\"inLanguage\":\"es\"},{\"@type\":\"WebPage\",\"@id\":\"https:\\\/\\\/www.vagadeempregorj.com.br\\\/os-10-cursos-que-mais-empregam-no-brasil-voce-ja-considerou-algum\\\/\",\"url\":\"https:\\\/\\\/www.vagadeempregorj.com.br\\\/os-10-cursos-que-mais-empregam-no-brasil-voce-ja-considerou-algum\\\/\",\"name\":\"Os 10 cursos que mais empregam no Brasil \u2013 voc\u00ea j\u00e1 considerou algum? -\",\"isPartOf\":{\"@id\":\"https:\\\/\\\/www.vagadeempregorj.com.br\\\/#website\"},\"primaryImageOfPage\":{\"@id\":\"https:\\\/\\\/www.vagadeempregorj.com.br\\\/os-10-cursos-que-mais-empregam-no-brasil-voce-ja-considerou-algum\\\/#primaryimage\"},\"image\":{\"@id\":\"https:\\\/\\\/www.vagadeempregorj.com.br\\\/os-10-cursos-que-mais-empregam-no-brasil-voce-ja-considerou-algum\\\/#primaryimage\"},\"thumbnailUrl\":\"https:\\\/\\\/www.vagadeempregorj.com.br\\\/wp-content\\\/uploads\\\/2025\\\/02\\\/cursos.webp\",\"datePublished\":\"2025-02-22T00:23:18+00:00\",\"dateModified\":\"2025-02-22T00:23:19+00:00\",\"author\":{\"@id\":\"https:\\\/\\\/www.vagadeempregorj.com.br\\\/#\\\/schema\\\/person\\\/3ddb19fa0539706786e502152f3aae95\"},\"description\":\"Veja em Vagas de Emprego RJ as vagas de emprego com e sem experi\u00eancia no seu Estado e Regi\u00e3o!\",\"breadcrumb\":{\"@id\":\"https:\\\/\\\/www.vagadeempregorj.com.br\\\/os-10-cursos-que-mais-empregam-no-brasil-voce-ja-considerou-algum\\\/#breadcrumb\"},\"inLanguage\":\"es\",\"potentialAction\":[{\"@type\":\"ReadAction\",\"target\":[\"https:\\\/\\\/www.vagadeempregorj.com.br\\\/os-10-cursos-que-mais-empregam-no-brasil-voce-ja-considerou-algum\\\/\"]}]},{\"@type\":\"ImageObject\",\"inLanguage\":\"es\",\"@id\":\"https:\\\/\\\/www.vagadeempregorj.com.br\\\/os-10-cursos-que-mais-empregam-no-brasil-voce-ja-considerou-algum\\\/#primaryimage\",\"url\":\"https:\\\/\\\/www.vagadeempregorj.com.br\\\/wp-content\\\/uploads\\\/2025\\\/02\\\/cursos.webp\",\"contentUrl\":\"https:\\\/\\\/www.vagadeempregorj.com.br\\\/wp-content\\\/uploads\\\/2025\\\/02\\\/cursos.webp\",\"width\":1792,\"height\":1024},{\"@type\":\"BreadcrumbList\",\"@id\":\"https:\\\/\\\/www.vagadeempregorj.com.br\\\/os-10-cursos-que-mais-empregam-no-brasil-voce-ja-considerou-algum\\\/#breadcrumb\",\"itemListElement\":[{\"@type\":\"ListItem\",\"position\":1,\"name\":\"In\u00edcio\",\"item\":\"https:\\\/\\\/www.vagadeempregorj.com.br\\\/\"},{\"@type\":\"ListItem\",\"position\":2,\"name\":\"Os 10 cursos que mais empregam no Brasil \u2013 voc\u00ea j\u00e1 considerou algum?\"}]},{\"@type\":\"WebSite\",\"@id\":\"https:\\\/\\\/www.vagadeempregorj.com.br\\\/#website\",\"url\":\"https:\\\/\\\/www.vagadeempregorj.com.br\\\/\",\"name\":\"\",\"description\":\"Conquiste Sonhos: Vagas, Benef\u00edcios e Economia para Transformar Vidas e Alcan\u00e7ar Melhorias Cotidianas\",\"potentialAction\":[{\"@type\":\"SearchAction\",\"target\":{\"@type\":\"EntryPoint\",\"urlTemplate\":\"https:\\\/\\\/www.vagadeempregorj.com.br\\\/?s={search_term_string}\"},\"query-input\":{\"@type\":\"PropertyValueSpecification\",\"valueRequired\":true,\"valueName\":\"search_term_string\"}}],\"inLanguage\":\"es\"},{\"@type\":\"Person\",\"@id\":\"https:\\\/\\\/www.vagadeempregorj.com.br\\\/#\\\/schema\\\/person\\\/3ddb19fa0539706786e502152f3aae95\",\"name\":\"Michele\",\"image\":{\"@type\":\"ImageObject\",\"inLanguage\":\"es\",\"@id\":\"https:\\\/\\\/secure.gravatar.com\\\/avatar\\\/6b0eb9d22841282815e2cd856a0061c45e1761cd54b22e952d98c4746939aa85?s=96&r=g\",\"url\":\"https:\\\/\\\/secure.gravatar.com\\\/avatar\\\/6b0eb9d22841282815e2cd856a0061c45e1761cd54b22e952d98c4746939aa85?s=96&r=g\",\"contentUrl\":\"https:\\\/\\\/secure.gravatar.com\\\/avatar\\\/6b0eb9d22841282815e2cd856a0061c45e1761cd54b22e952d98c4746939aa85?s=96&r=g\",\"caption\":\"Michele\"},\"description\":\"Formada em Letras - Portugu\u00eas\\\/ Ingl\u00eas, e idealizadora do site Escritora de Sucesso, busca expandir o conhecimento de todos com informa\u00e7\u00f5es relevantes sobre diversos assuntos, enquanto redatora. No Vaga de Emprego RJ, traz oportunidades e dicas sobre o mercado de trabalho.\",\"url\":\"https:\\\/\\\/www.vagadeempregorj.com.br\\\/es\\\/author\\\/michele\\\/\"}]}<\/script>\n<!-- \/ Yoast SEO plugin. -->","yoast_head_json":{"title":"Os 10 cursos que mais empregam no Brasil \u2013 voc\u00ea j\u00e1 considerou algum? -","description":"Veja em Vagas de Emprego RJ as vagas de emprego com e sem experi\u00eancia no seu Estado e Regi\u00e3o!","robots":{"index":"index","follow":"follow","max-snippet":"max-snippet:-1","max-image-preview":"max-image-preview:large","max-video-preview":"max-video-preview:-1"},"canonical":"https:\/\/www.vagadeempregorj.com.br\/es\/os-10-cursos-que-mais-empregam-no-brasil-voce-ja-considerou-algum\/","og_locale":"es_MX","og_type":"article","og_title":"Os 10 cursos que mais empregam no Brasil \u2013 voc\u00ea j\u00e1 considerou algum? -","og_description":"Veja em Vagas de Emprego RJ as vagas de emprego com e sem experi\u00eancia no seu Estado e Regi\u00e3o!","og_url":"https:\/\/www.vagadeempregorj.com.br\/es\/os-10-cursos-que-mais-empregam-no-brasil-voce-ja-considerou-algum\/","article_publisher":"https:\/\/www.facebook.com\/empregobrasiloficial","article_published_time":"2025-02-22T00:23:18+00:00","article_modified_time":"2025-02-22T00:23:19+00:00","og_image":[{"width":1792,"height":1024,"url":"https:\/\/www.vagadeempregorj.com.br\/wp-content\/uploads\/2025\/02\/cursos.webp","type":"image\/webp"}],"author":"Michele","twitter_card":"summary_large_image","twitter_misc":{"Written by":"Michele","Est. reading time":"6 minutos"},"schema":{"@context":"https:\/\/schema.org","@graph":[{"@type":"Article","@id":"https:\/\/www.vagadeempregorj.com.br\/os-10-cursos-que-mais-empregam-no-brasil-voce-ja-considerou-algum\/#article","isPartOf":{"@id":"https:\/\/www.vagadeempregorj.com.br\/os-10-cursos-que-mais-empregam-no-brasil-voce-ja-considerou-algum\/"},"author":{"name":"Michele","@id":"https:\/\/www.vagadeempregorj.com.br\/#\/schema\/person\/3ddb19fa0539706786e502152f3aae95"},"headline":"Os 10 cursos que mais empregam no Brasil \u2013 voc\u00ea j\u00e1 considerou algum?","datePublished":"2025-02-22T00:23:18+00:00","dateModified":"2025-02-22T00:23:19+00:00","mainEntityOfPage":{"@id":"https:\/\/www.vagadeempregorj.com.br\/os-10-cursos-que-mais-empregam-no-brasil-voce-ja-considerou-algum\/"},"wordCount":1208,"image":{"@id":"https:\/\/www.vagadeempregorj.com.br\/os-10-cursos-que-mais-empregam-no-brasil-voce-ja-considerou-algum\/#primaryimage"},"thumbnailUrl":"https:\/\/www.vagadeempregorj.com.br\/wp-content\/uploads\/2025\/02\/cursos.webp","keywords":["oportunidades"],"articleSection":["Benef\u00edcios Sociais"],"inLanguage":"es"},{"@type":"WebPage","@id":"https:\/\/www.vagadeempregorj.com.br\/os-10-cursos-que-mais-empregam-no-brasil-voce-ja-considerou-algum\/","url":"https:\/\/www.vagadeempregorj.com.br\/os-10-cursos-que-mais-empregam-no-brasil-voce-ja-considerou-algum\/","name":"Os 10 cursos que mais empregam no Brasil \u2013 voc\u00ea j\u00e1 considerou algum? -","isPartOf":{"@id":"https:\/\/www.vagadeempregorj.com.br\/#website"},"primaryImageOfPage":{"@id":"https:\/\/www.vagadeempregorj.com.br\/os-10-cursos-que-mais-empregam-no-brasil-voce-ja-considerou-algum\/#primaryimage"},"image":{"@id":"https:\/\/www.vagadeempregorj.com.br\/os-10-cursos-que-mais-empregam-no-brasil-voce-ja-considerou-algum\/#primaryimage"},"thumbnailUrl":"https:\/\/www.vagadeempregorj.com.br\/wp-content\/uploads\/2025\/02\/cursos.webp","datePublished":"2025-02-22T00:23:18+00:00","dateModified":"2025-02-22T00:23:19+00:00","author":{"@id":"https:\/\/www.vagadeempregorj.com.br\/#\/schema\/person\/3ddb19fa0539706786e502152f3aae95"},"description":"Veja em Vagas de Emprego RJ as vagas de emprego com e sem experi\u00eancia no seu Estado e Regi\u00e3o!","breadcrumb":{"@id":"https:\/\/www.vagadeempregorj.com.br\/os-10-cursos-que-mais-empregam-no-brasil-voce-ja-considerou-algum\/#breadcrumb"},"inLanguage":"es","potentialAction":[{"@type":"ReadAction","target":["https:\/\/www.vagadeempregorj.com.br\/os-10-cursos-que-mais-empregam-no-brasil-voce-ja-considerou-algum\/"]}]},{"@type":"ImageObject","inLanguage":"es","@id":"https:\/\/www.vagadeempregorj.com.br\/os-10-cursos-que-mais-empregam-no-brasil-voce-ja-considerou-algum\/#primaryimage","url":"https:\/\/www.vagadeempregorj.com.br\/wp-content\/uploads\/2025\/02\/cursos.webp","contentUrl":"https:\/\/www.vagadeempregorj.com.br\/wp-content\/uploads\/2025\/02\/cursos.webp","width":1792,"height":1024},{"@type":"BreadcrumbList","@id":"https:\/\/www.vagadeempregorj.com.br\/os-10-cursos-que-mais-empregam-no-brasil-voce-ja-considerou-algum\/#breadcrumb","itemListElement":[{"@type":"ListItem","position":1,"name":"In\u00edcio","item":"https:\/\/www.vagadeempregorj.com.br\/"},{"@type":"ListItem","position":2,"name":"Os 10 cursos que mais empregam no Brasil \u2013 voc\u00ea j\u00e1 considerou algum?"}]},{"@type":"WebSite","@id":"https:\/\/www.vagadeempregorj.com.br\/#website","url":"https:\/\/www.vagadeempregorj.com.br\/","name":"","description":"Conquiste Sonhos: Vagas, Benef\u00edcios e Economia para Transformar Vidas e Alcan\u00e7ar Melhorias Cotidianas","potentialAction":[{"@type":"SearchAction","target":{"@type":"EntryPoint","urlTemplate":"https:\/\/www.vagadeempregorj.com.br\/?s={search_term_string}"},"query-input":{"@type":"PropertyValueSpecification","valueRequired":true,"valueName":"search_term_string"}}],"inLanguage":"es"},{"@type":"Person","@id":"https:\/\/www.vagadeempregorj.com.br\/#\/schema\/person\/3ddb19fa0539706786e502152f3aae95","name":"Michele","image":{"@type":"ImageObject","inLanguage":"es","@id":"https:\/\/secure.gravatar.com\/avatar\/6b0eb9d22841282815e2cd856a0061c45e1761cd54b22e952d98c4746939aa85?s=96&r=g","url":"https:\/\/secure.gravatar.com\/avatar\/6b0eb9d22841282815e2cd856a0061c45e1761cd54b22e952d98c4746939aa85?s=96&r=g","contentUrl":"https:\/\/secure.gravatar.com\/avatar\/6b0eb9d22841282815e2cd856a0061c45e1761cd54b22e952d98c4746939aa85?s=96&r=g","caption":"Michele"},"description":"Formada em Letras - Portugu\u00eas\/ Ingl\u00eas, e idealizadora do site Escritora de Sucesso, busca expandir o conhecimento de todos com informa\u00e7\u00f5es relevantes sobre diversos assuntos, enquanto redatora. No Vaga de Emprego RJ, traz oportunidades e dicas sobre o mercado de trabalho.","url":"https:\/\/www.vagadeempregorj.com.br\/es\/author\/michele\/"}]}},"_links":{"self":[{"href":"https:\/\/www.vagadeempregorj.com.br\/es\/wp-json\/wp\/v2\/posts\/42726","targetHints":{"allow":["GET"]}}],"collection":[{"href":"https:\/\/www.vagadeempregorj.com.br\/es\/wp-json\/wp\/v2\/posts"}],"about":[{"href":"https:\/\/www.vagadeempregorj.com.br\/es\/wp-json\/wp\/v2\/types\/post"}],"author":[{"embeddable":true,"href":"https:\/\/www.vagadeempregorj.com.br\/es\/wp-json\/wp\/v2\/users\/16"}],"replies":[{"embeddable":true,"href":"https:\/\/www.vagadeempregorj.com.br\/es\/wp-json\/wp\/v2\/comments?post=42726"}],"version-history":[{"count":0,"href":"https:\/\/www.vagadeempregorj.com.br\/es\/wp-json\/wp\/v2\/posts\/42726\/revisions"}],"wp:featuredmedia":[{"embeddable":true,"href":"https:\/\/www.vagadeempregorj.com.br\/es\/wp-json\/wp\/v2\/media\/42727"}],"wp:attachment":[{"href":"https:\/\/www.vagadeempregorj.com.br\/es\/wp-json\/wp\/v2\/media?parent=42726"}],"wp:term":[{"taxonomy":"category","embeddable":true,"href":"https:\/\/www.vagadeempregorj.com.br\/es\/wp-json\/wp\/v2\/categories?post=42726"},{"taxonomy":"post_tag","embeddable":true,"href":"https:\/\/www.vagadeempregorj.com.br\/es\/wp-json\/wp\/v2\/tags?post=42726"}],"curies":[{"name":"wp","href":"https:\/\/api.w.org\/{rel}","templated":true}]}}