{"id":42729,"date":"2025-02-21T21:28:56","date_gmt":"2025-02-22T00:28:56","guid":{"rendered":"https:\/\/www.vagadeempregorj.com.br\/?p=42729"},"modified":"2025-06-15T14:30:30","modified_gmt":"2025-06-15T17:30:30","slug":"entrevista-por-competencia-o-que-voce-deve-saber-para-ser-contratado","status":"publish","type":"post","link":"https:\/\/www.vagadeempregorj.com.br\/es\/entrevista-por-competencia-o-que-voce-deve-saber-para-ser-contratado\/","title":{"rendered":"Entrevista por compet\u00eancia: O que voc\u00ea deve saber para ser contratado"},"content":{"rendered":"<p>O mercado de trabalho est\u00e1 cada vez mais exigente, e as empresas n\u00e3o buscam apenas candidatos com um bom curr\u00edculo. Elas querem profissionais que demonstrem habilidades espec\u00edficas, consigam resolver problemas e se adaptem a diferentes situa\u00e7\u00f5es do dia a dia corporativo. Nesse contexto, a <strong>entrevista por compet\u00eancia<\/strong> se tornou um dos principais m\u00e9todos de sele\u00e7\u00e3o, pois permite que os recrutadores avaliem o comportamento do candidato e sua capacidade de lidar com desafios reais.<\/p>\n\n\n\n<p>Se voc\u00ea tem uma entrevista marcada e deseja se destacar, \u00e9 fundamental entender como funciona esse tipo de abordagem e se preparar da melhor forma poss\u00edvel. Saber quais s\u00e3o as perguntas mais comuns e como estruturar respostas convincentes pode ser a chave para conseguir a vaga desejada.<\/p>\n\n\n\n<figure class=\"wp-block-image size-large\"><img loading=\"lazy\" decoding=\"async\" width=\"1024\" height=\"585\" src=\"https:\/\/www.vagadeempregorj.com.br\/wp-content\/uploads\/2025\/02\/entrevista-1024x585.webp\" alt=\"\" class=\"wp-image-42730\" srcset=\"https:\/\/www.vagadeempregorj.com.br\/wp-content\/uploads\/2025\/02\/entrevista-1024x585.webp 1024w, https:\/\/www.vagadeempregorj.com.br\/wp-content\/uploads\/2025\/02\/entrevista-300x171.webp 300w, https:\/\/www.vagadeempregorj.com.br\/wp-content\/uploads\/2025\/02\/entrevista-768x439.webp 768w, https:\/\/www.vagadeempregorj.com.br\/wp-content\/uploads\/2025\/02\/entrevista-1536x878.webp 1536w, https:\/\/www.vagadeempregorj.com.br\/wp-content\/uploads\/2025\/02\/entrevista-150x86.webp 150w, https:\/\/www.vagadeempregorj.com.br\/wp-content\/uploads\/2025\/02\/entrevista.webp 1792w\" sizes=\"auto, (max-width: 1024px) 100vw, 1024px\" \/><\/figure>\n\n\n\n<p>Este guia completo vai explicar <strong>o que \u00e9 uma entrevista por compet\u00eancia, quais s\u00e3o as habilidades mais avaliadas, como responder corretamente \u00e0s perguntas e quais erros evitar<\/strong>.<\/p>\n\n\n\n<h2 class=\"wp-block-heading\"><strong>O que \u00e9 uma entrevista por compet\u00eancia?<\/strong><\/h2>\n\n\n\n<p>A entrevista por compet\u00eancia \u00e9 um modelo de entrevista estruturada que busca avaliar como o candidato <strong>lidou com experi\u00eancias passadas para prever seu desempenho no futuro<\/strong>. Em vez de perguntas gen\u00e9ricas sobre qualidades ou defeitos, o recrutador solicita que o candidato relate situa\u00e7\u00f5es reais que demonstram habilidades espec\u00edficas.<\/p>\n\n\n\n<p>Esse tipo de entrevista parte do princ\u00edpio de que o comportamento passado \u00e9 um forte indicador do comportamento futuro. Assim, o entrevistador analisa <strong>quais compet\u00eancias o candidato j\u00e1 utilizou em sua trajet\u00f3ria profissional e como ele pode aplic\u00e1-las na empresa<\/strong>.<\/p>\n\n\n\n<p>Por exemplo, em vez de perguntar \u201cVoc\u00ea sabe trabalhar sob press\u00e3o?\u201d, o recrutador pode questionar:<\/p>\n\n\n\n<p><em>&#8220;Conte sobre uma situa\u00e7\u00e3o em que voc\u00ea precisou lidar com alta press\u00e3o no trabalho. Como voc\u00ea reagiu e qual foi o resultado?&#8221;<\/em><\/p>\n\n\n\n<p>A resposta permite que o entrevistador avalie a forma como o candidato lida com desafios reais e quais estrat\u00e9gias utiliza para resolver problemas.<\/p>\n\n\n\n<h2 class=\"wp-block-heading\"><strong>As compet\u00eancias mais avaliadas na entrevista<\/strong><\/h2>\n\n\n\n<p>Cada empresa e vaga exige um conjunto espec\u00edfico de compet\u00eancias. No entanto, algumas habilidades comportamentais s\u00e3o amplamente valorizadas e costumam ser avaliadas em grande parte dos processos seletivos.<\/p>\n\n\n\n<h3 class=\"wp-block-heading\"><strong>1. Resolu\u00e7\u00e3o de problemas<\/strong><\/h3>\n\n\n\n<p>Saber identificar um problema, analis\u00e1-lo e encontrar a melhor solu\u00e7\u00e3o \u00e9 essencial para qualquer profissional. Para avaliar essa compet\u00eancia, o recrutador pode perguntar:<\/p>\n\n\n\n<p><em>&#8220;Fale sobre um desafio que voc\u00ea enfrentou no trabalho e como resolveu a situa\u00e7\u00e3o.&#8221;<\/em><\/p>\n\n\n\n<h3 class=\"wp-block-heading\"><strong>2. Trabalho em equipe<\/strong><\/h3>\n\n\n\n<p>A colabora\u00e7\u00e3o entre profissionais \u00e9 fundamental no ambiente corporativo. O entrevistador pode perguntar:<\/p>\n\n\n\n<p><em>&#8220;Conte sobre um projeto em que precisou trabalhar com outras pessoas. Como foi sua participa\u00e7\u00e3o?&#8221;<\/em><\/p>\n\n\n\n<h3 class=\"wp-block-heading\"><strong>3. Lideran\u00e7a<\/strong><\/h3>\n\n\n\n<p>Mesmo que a vaga n\u00e3o seja para um cargo de gest\u00e3o, as empresas valorizam candidatos que sabem liderar, motivar colegas e tomar decis\u00f5es.<\/p>\n\n\n\n<p><em>&#8220;Fale sobre um momento em que voc\u00ea assumiu a lideran\u00e7a de um projeto ou iniciativa, mesmo sem um cargo formal de lideran\u00e7a.&#8221;<\/em><\/p>\n\n\n\n<h3 class=\"wp-block-heading\"><strong>4. Comunica\u00e7\u00e3o eficaz<\/strong><\/h3>\n\n\n\n<p>A forma como um profissional transmite informa\u00e7\u00f5es pode impactar diretamente no sucesso de um projeto. O recrutador pode perguntar:<\/p>\n\n\n\n<p><em>&#8220;Voc\u00ea j\u00e1 precisou explicar algo complexo para um colega ou cliente? Como fez isso?&#8221;<\/em><\/p>\n\n\n\n<h3 class=\"wp-block-heading\"><strong>5. Gest\u00e3o de tempo e prioridades<\/strong><\/h3>\n\n\n\n<p>Saber organizar tarefas e cumprir prazos \u00e9 uma habilidade fundamental no ambiente corporativo.<\/p>\n\n\n\n<p><em>&#8220;D\u00ea um exemplo de um momento em que precisou lidar com v\u00e1rias tarefas ao mesmo tempo. Como se organizou para cumprir todas?&#8221;<\/em><\/p>\n\n\n\n<h3 class=\"wp-block-heading\"><strong>6. Adaptabilidade<\/strong><\/h3>\n\n\n\n<p>O mercado de trabalho muda constantemente, e os profissionais precisam se adaptar a novas situa\u00e7\u00f5es.<\/p>\n\n\n\n<p><em>&#8220;Fale sobre um momento em que precisou lidar com mudan\u00e7as inesperadas no trabalho. Como foi sua rea\u00e7\u00e3o?&#8221;<\/em><\/p>\n\n\n\n<h2 class=\"wp-block-heading\"><strong>Como se preparar para a entrevista por compet\u00eancia<\/strong><\/h2>\n\n\n\n<p>Saber que esse tipo de entrevista exige respostas baseadas em experi\u00eancias reais \u00e9 o primeiro passo para se preparar corretamente. Para garantir um bom desempenho, siga algumas estrat\u00e9gias que v\u00e3o te ajudar a organizar suas respostas e se destacar durante a conversa com o recrutador.<\/p>\n\n\n\n<h3 class=\"wp-block-heading\"><strong>1. Use a t\u00e9cnica STAR para estruturar respostas<\/strong><\/h3>\n\n\n\n<p>Uma das melhores formas de construir respostas coerentes e objetivas \u00e9 utilizar a t\u00e9cnica <strong>STAR<\/strong>, que ajuda a apresentar a informa\u00e7\u00e3o de forma organizada.<\/p>\n\n\n\n<p>\u2705 <strong>S<\/strong>itua\u00e7\u00e3o: Descreva o contexto da situa\u00e7\u00e3o vivida.<br>\u2705 <strong>T<\/strong>arefa: Explique qual era sua responsabilidade no desafio.<br>\u2705 <strong>A<\/strong>\u00e7\u00e3o: Detalhe as a\u00e7\u00f5es que voc\u00ea tomou para resolver a situa\u00e7\u00e3o.<br>\u2705 <strong>R<\/strong>esultado: Mostre os impactos positivos das suas a\u00e7\u00f5es.<\/p>\n\n\n\n<p>Por exemplo, se o recrutador perguntar:<\/p>\n\n\n\n<p><em>&#8220;Me fale sobre um momento em que voc\u00ea precisou lidar com um cliente insatisfeito.&#8221;<\/em><\/p>\n\n\n\n<p>A resposta poderia ser:<\/p>\n\n\n\n<p><strong>Situa\u00e7\u00e3o:<\/strong> Em meu antigo emprego, um cliente reclamou que o servi\u00e7o prestado n\u00e3o estava atendendo suas expectativas. Ele estava muito frustrado e amea\u00e7ou cancelar o contrato.<\/p>\n\n\n\n<p><strong>Tarefa:<\/strong> Minha responsabilidade era resolver a situa\u00e7\u00e3o de forma r\u00e1pida, garantindo a satisfa\u00e7\u00e3o do cliente e mantendo o contrato ativo.<\/p>\n\n\n\n<p><strong>A\u00e7\u00e3o:<\/strong> Eu ouvi atentamente a reclama\u00e7\u00e3o, identifiquei o problema e ofereci uma solu\u00e7\u00e3o personalizada. Al\u00e9m disso, propus um acompanhamento cont\u00ednuo para garantir que a situa\u00e7\u00e3o n\u00e3o se repetisse.<\/p>\n\n\n\n<p><strong>Resultado:<\/strong> O cliente ficou satisfeito com a aten\u00e7\u00e3o recebida, manteve o contrato e recomendou nossos servi\u00e7os para outros clientes.<\/p>\n\n\n\n<h3 class=\"wp-block-heading\"><strong>2. Revise suas experi\u00eancias profissionais<\/strong><\/h3>\n\n\n\n<p>Antes da entrevista, fa\u00e7a uma lista das principais situa\u00e7\u00f5es profissionais que voc\u00ea j\u00e1 viveu. Tente lembrar de desafios superados, projetos bem-sucedidos e momentos de aprendizado.<\/p>\n\n\n\n<h3 class=\"wp-block-heading\"><strong>3. Leia a descri\u00e7\u00e3o da vaga<\/strong><\/h3>\n\n\n\n<p>Cada vaga exige compet\u00eancias espec\u00edficas. Leia o an\u00fancio com aten\u00e7\u00e3o e tente identificar quais habilidades a empresa valoriza mais. Dessa forma, voc\u00ea pode preparar respostas que demonstrem que voc\u00ea tem exatamente o que eles est\u00e3o procurando.<\/p>\n\n\n\n<h3 class=\"wp-block-heading\"><strong>4. Pratique suas respostas<\/strong><\/h3>\n\n\n\n<p>Treine com um amigo ou grave suas respostas para ouvir como voc\u00ea se expressa. Isso ajuda a evitar respostas confusas ou muito longas.<\/p>\n\n\n\n<h3 class=\"wp-block-heading\"><strong>5. Mantenha a calma e seja aut\u00eantico<\/strong><\/h3>\n\n\n\n<p>Recrutadores percebem quando um candidato est\u00e1 apenas tentando impressionar. Seja sincero, fale com seguran\u00e7a e mostre entusiasmo pela oportunidade.<\/p>\n\n\n\n<h2 class=\"wp-block-heading\"><strong>Erros que voc\u00ea deve evitar na entrevista por compet\u00eancia<\/strong><\/h2>\n\n\n\n<p>\u26a0\ufe0f <strong>Responder de forma gen\u00e9rica<\/strong><br>Se voc\u00ea disser apenas \u201cSou bom em resolver problemas\u201d, isso n\u00e3o ser\u00e1 suficiente. Sempre traga um exemplo real para embasar sua resposta.<\/p>\n\n\n\n<p>\u26a0\ufe0f <strong>Falar demais e n\u00e3o ser objetivo<\/strong><br>Respostas longas e sem foco podem fazer o recrutador perder o interesse. Use a t\u00e9cnica STAR para manter a objetividade.<\/p>\n\n\n\n<p>\u26a0\ufe0f <strong>N\u00e3o conhecer bem suas pr\u00f3prias experi\u00eancias<\/strong><br>Se voc\u00ea esquece detalhes importantes das hist\u00f3rias que conta, pode parecer que est\u00e1 inventando. Antes da entrevista, revise bem suas experi\u00eancias profissionais.<\/p>\n\n\n\n<p>\u26a0\ufe0f <strong>N\u00e3o demonstrar resultados<\/strong><br>Empresas querem saber <strong>como suas a\u00e7\u00f5es impactaram positivamente um projeto ou desafio<\/strong>. Sempre finalize suas respostas mostrando os resultados alcan\u00e7ados.<\/p>\n\n\n\n<h2 class=\"wp-block-heading\"><strong>Uma etapa importante<\/strong><\/h2>\n\n\n\n<p>A entrevista por compet\u00eancia \u00e9 uma das etapas mais importantes do processo seletivo e pode determinar se voc\u00ea ser\u00e1 contratado ou n\u00e3o. Com a prepara\u00e7\u00e3o certa, \u00e9 poss\u00edvel responder \u00e0s perguntas de forma clara, demonstrar suas habilidades e se destacar entre os candidatos.<\/p>\n\n\n\n<p>Ao utilizar a <strong>t\u00e9cnica STAR<\/strong>, revisar suas experi\u00eancias profissionais e praticar suas respostas, voc\u00ea aumenta significativamente suas chances de sucesso. Se voc\u00ea tem uma entrevista marcada, comece agora mesmo a se preparar e tenha confian\u00e7a para mostrar o seu potencial.<\/p>\n\n\n\n<p>Entender o que as empresas esperam e saber como comunicar sua experi\u00eancia pode ser o diferencial que far\u00e1 com que voc\u00ea conquiste a vaga desejada.<\/p>\n\n\n\n<p><strong>Veja tamb\u00e9m: <a href=\"https:\/\/www.vagadeempregorj.com.br\/es\/oratoria-para-entrevista-de-emprego-veja-as-dicas\/\">Orat\u00f3ria para entrevista de emprego: veja as dicas<\/a><\/strong><\/p>\n\n\n\n<p>21 de fevereiro de 2025<\/p>","protected":false},"excerpt":{"rendered":"<p>O mercado de trabalho est\u00e1 cada vez mais exigente, e as empresas n\u00e3o buscam apenas candidatos com um bom curr\u00edculo. Elas querem profissionais que demonstrem habilidades espec\u00edficas, consigam resolver problemas e se adaptem a diferentes situa\u00e7\u00f5es do dia a dia corporativo. Nesse contexto, a entrevista por compet\u00eancia se tornou um dos principais m\u00e9todos de sele\u00e7\u00e3o,&hellip;&nbsp;<\/p>","protected":false},"author":16,"featured_media":42730,"comment_status":"closed","ping_status":"closed","sticky":false,"template":"","format":"standard","meta":{"neve_meta_sidebar":"","neve_meta_container":"","neve_meta_enable_content_width":"","neve_meta_content_width":0,"neve_meta_title_alignment":"","neve_meta_author_avatar":"","neve_post_elements_order":"","neve_meta_disable_header":"","neve_meta_disable_footer":"","neve_meta_disable_title":"","footnotes":""},"categories":[123],"tags":[],"class_list":["post-42729","post","type-post","status-publish","format-standard","has-post-thumbnail","hentry","category-vagas-de-emprego-nacionais"],"yoast_head":"<!-- This site is optimized with the Yoast SEO plugin v27.5 - https:\/\/yoast.com\/product\/yoast-seo-wordpress\/ -->\n<title>Entrevista por compet\u00eancia: O que voc\u00ea deve saber para ser contratado -<\/title>\n<meta name=\"description\" content=\"Veja em Vagas de Emprego RJ as vagas de emprego com e sem experi\u00eancia no seu Estado e Regi\u00e3o!\" \/>\n<meta name=\"robots\" content=\"index, follow, max-snippet:-1, max-image-preview:large, max-video-preview:-1\" \/>\n<link rel=\"canonical\" href=\"https:\/\/www.vagadeempregorj.com.br\/es\/entrevista-por-competencia-o-que-voce-deve-saber-para-ser-contratado\/\" \/>\n<meta property=\"og:locale\" content=\"es_MX\" \/>\n<meta property=\"og:type\" content=\"article\" \/>\n<meta property=\"og:title\" content=\"Entrevista por compet\u00eancia: O que voc\u00ea deve saber para ser contratado -\" \/>\n<meta property=\"og:description\" content=\"Veja em Vagas de Emprego RJ as vagas de emprego com e sem experi\u00eancia no seu Estado e Regi\u00e3o!\" \/>\n<meta property=\"og:url\" content=\"https:\/\/www.vagadeempregorj.com.br\/es\/entrevista-por-competencia-o-que-voce-deve-saber-para-ser-contratado\/\" \/>\n<meta property=\"article:publisher\" content=\"https:\/\/www.facebook.com\/empregobrasiloficial\" \/>\n<meta property=\"article:published_time\" content=\"2025-02-22T00:28:56+00:00\" \/>\n<meta property=\"article:modified_time\" content=\"2025-06-15T17:30:30+00:00\" \/>\n<meta property=\"og:image\" content=\"https:\/\/www.vagadeempregorj.com.br\/wp-content\/uploads\/2025\/02\/entrevista.webp\" \/>\n\t<meta property=\"og:image:width\" content=\"1792\" \/>\n\t<meta property=\"og:image:height\" content=\"1024\" \/>\n\t<meta property=\"og:image:type\" content=\"image\/webp\" \/>\n<meta name=\"author\" content=\"Michele\" \/>\n<meta name=\"twitter:card\" content=\"summary_large_image\" \/>\n<meta name=\"twitter:label1\" content=\"Written by\" \/>\n\t<meta name=\"twitter:data1\" content=\"Michele\" \/>\n\t<meta name=\"twitter:label2\" content=\"Est. reading time\" \/>\n\t<meta name=\"twitter:data2\" content=\"6 minutos\" \/>\n<script type=\"application\/ld+json\" class=\"yoast-schema-graph\">{\"@context\":\"https:\\\/\\\/schema.org\",\"@graph\":[{\"@type\":\"Article\",\"@id\":\"https:\\\/\\\/www.vagadeempregorj.com.br\\\/entrevista-por-competencia-o-que-voce-deve-saber-para-ser-contratado\\\/#article\",\"isPartOf\":{\"@id\":\"https:\\\/\\\/www.vagadeempregorj.com.br\\\/entrevista-por-competencia-o-que-voce-deve-saber-para-ser-contratado\\\/\"},\"author\":{\"name\":\"Michele\",\"@id\":\"https:\\\/\\\/www.vagadeempregorj.com.br\\\/#\\\/schema\\\/person\\\/3ddb19fa0539706786e502152f3aae95\"},\"headline\":\"Entrevista por compet\u00eancia: O que voc\u00ea deve saber para ser contratado\",\"datePublished\":\"2025-02-22T00:28:56+00:00\",\"dateModified\":\"2025-06-15T17:30:30+00:00\",\"mainEntityOfPage\":{\"@id\":\"https:\\\/\\\/www.vagadeempregorj.com.br\\\/entrevista-por-competencia-o-que-voce-deve-saber-para-ser-contratado\\\/\"},\"wordCount\":1265,\"image\":{\"@id\":\"https:\\\/\\\/www.vagadeempregorj.com.br\\\/entrevista-por-competencia-o-que-voce-deve-saber-para-ser-contratado\\\/#primaryimage\"},\"thumbnailUrl\":\"https:\\\/\\\/www.vagadeempregorj.com.br\\\/wp-content\\\/uploads\\\/2025\\\/02\\\/entrevista.webp\",\"articleSection\":[\"Vagas de Emprego Nacionais\"],\"inLanguage\":\"es\"},{\"@type\":\"WebPage\",\"@id\":\"https:\\\/\\\/www.vagadeempregorj.com.br\\\/entrevista-por-competencia-o-que-voce-deve-saber-para-ser-contratado\\\/\",\"url\":\"https:\\\/\\\/www.vagadeempregorj.com.br\\\/entrevista-por-competencia-o-que-voce-deve-saber-para-ser-contratado\\\/\",\"name\":\"Entrevista por compet\u00eancia: O que voc\u00ea deve saber para ser contratado -\",\"isPartOf\":{\"@id\":\"https:\\\/\\\/www.vagadeempregorj.com.br\\\/#website\"},\"primaryImageOfPage\":{\"@id\":\"https:\\\/\\\/www.vagadeempregorj.com.br\\\/entrevista-por-competencia-o-que-voce-deve-saber-para-ser-contratado\\\/#primaryimage\"},\"image\":{\"@id\":\"https:\\\/\\\/www.vagadeempregorj.com.br\\\/entrevista-por-competencia-o-que-voce-deve-saber-para-ser-contratado\\\/#primaryimage\"},\"thumbnailUrl\":\"https:\\\/\\\/www.vagadeempregorj.com.br\\\/wp-content\\\/uploads\\\/2025\\\/02\\\/entrevista.webp\",\"datePublished\":\"2025-02-22T00:28:56+00:00\",\"dateModified\":\"2025-06-15T17:30:30+00:00\",\"author\":{\"@id\":\"https:\\\/\\\/www.vagadeempregorj.com.br\\\/#\\\/schema\\\/person\\\/3ddb19fa0539706786e502152f3aae95\"},\"description\":\"Veja em Vagas de Emprego RJ as vagas de emprego com e sem experi\u00eancia no seu Estado e Regi\u00e3o!\",\"breadcrumb\":{\"@id\":\"https:\\\/\\\/www.vagadeempregorj.com.br\\\/entrevista-por-competencia-o-que-voce-deve-saber-para-ser-contratado\\\/#breadcrumb\"},\"inLanguage\":\"es\",\"potentialAction\":[{\"@type\":\"ReadAction\",\"target\":[\"https:\\\/\\\/www.vagadeempregorj.com.br\\\/entrevista-por-competencia-o-que-voce-deve-saber-para-ser-contratado\\\/\"]}]},{\"@type\":\"ImageObject\",\"inLanguage\":\"es\",\"@id\":\"https:\\\/\\\/www.vagadeempregorj.com.br\\\/entrevista-por-competencia-o-que-voce-deve-saber-para-ser-contratado\\\/#primaryimage\",\"url\":\"https:\\\/\\\/www.vagadeempregorj.com.br\\\/wp-content\\\/uploads\\\/2025\\\/02\\\/entrevista.webp\",\"contentUrl\":\"https:\\\/\\\/www.vagadeempregorj.com.br\\\/wp-content\\\/uploads\\\/2025\\\/02\\\/entrevista.webp\",\"width\":1792,\"height\":1024},{\"@type\":\"BreadcrumbList\",\"@id\":\"https:\\\/\\\/www.vagadeempregorj.com.br\\\/entrevista-por-competencia-o-que-voce-deve-saber-para-ser-contratado\\\/#breadcrumb\",\"itemListElement\":[{\"@type\":\"ListItem\",\"position\":1,\"name\":\"In\u00edcio\",\"item\":\"https:\\\/\\\/www.vagadeempregorj.com.br\\\/\"},{\"@type\":\"ListItem\",\"position\":2,\"name\":\"Entrevista por compet\u00eancia: O que voc\u00ea deve saber para ser contratado\"}]},{\"@type\":\"WebSite\",\"@id\":\"https:\\\/\\\/www.vagadeempregorj.com.br\\\/#website\",\"url\":\"https:\\\/\\\/www.vagadeempregorj.com.br\\\/\",\"name\":\"\",\"description\":\"Conquiste Sonhos: Vagas, Benef\u00edcios e Economia para Transformar Vidas e Alcan\u00e7ar Melhorias Cotidianas\",\"potentialAction\":[{\"@type\":\"SearchAction\",\"target\":{\"@type\":\"EntryPoint\",\"urlTemplate\":\"https:\\\/\\\/www.vagadeempregorj.com.br\\\/?s={search_term_string}\"},\"query-input\":{\"@type\":\"PropertyValueSpecification\",\"valueRequired\":true,\"valueName\":\"search_term_string\"}}],\"inLanguage\":\"es\"},{\"@type\":\"Person\",\"@id\":\"https:\\\/\\\/www.vagadeempregorj.com.br\\\/#\\\/schema\\\/person\\\/3ddb19fa0539706786e502152f3aae95\",\"name\":\"Michele\",\"image\":{\"@type\":\"ImageObject\",\"inLanguage\":\"es\",\"@id\":\"https:\\\/\\\/secure.gravatar.com\\\/avatar\\\/6b0eb9d22841282815e2cd856a0061c45e1761cd54b22e952d98c4746939aa85?s=96&r=g\",\"url\":\"https:\\\/\\\/secure.gravatar.com\\\/avatar\\\/6b0eb9d22841282815e2cd856a0061c45e1761cd54b22e952d98c4746939aa85?s=96&r=g\",\"contentUrl\":\"https:\\\/\\\/secure.gravatar.com\\\/avatar\\\/6b0eb9d22841282815e2cd856a0061c45e1761cd54b22e952d98c4746939aa85?s=96&r=g\",\"caption\":\"Michele\"},\"description\":\"Formada em Letras - Portugu\u00eas\\\/ Ingl\u00eas, e idealizadora do site Escritora de Sucesso, busca expandir o conhecimento de todos com informa\u00e7\u00f5es relevantes sobre diversos assuntos, enquanto redatora. No Vaga de Emprego RJ, traz oportunidades e dicas sobre o mercado de trabalho.\",\"url\":\"https:\\\/\\\/www.vagadeempregorj.com.br\\\/es\\\/author\\\/michele\\\/\"}]}<\/script>\n<!-- \/ Yoast SEO plugin. -->","yoast_head_json":{"title":"Entrevista por compet\u00eancia: O que voc\u00ea deve saber para ser contratado -","description":"Veja em Vagas de Emprego RJ as vagas de emprego com e sem experi\u00eancia no seu Estado e Regi\u00e3o!","robots":{"index":"index","follow":"follow","max-snippet":"max-snippet:-1","max-image-preview":"max-image-preview:large","max-video-preview":"max-video-preview:-1"},"canonical":"https:\/\/www.vagadeempregorj.com.br\/es\/entrevista-por-competencia-o-que-voce-deve-saber-para-ser-contratado\/","og_locale":"es_MX","og_type":"article","og_title":"Entrevista por compet\u00eancia: O que voc\u00ea deve saber para ser contratado -","og_description":"Veja em Vagas de Emprego RJ as vagas de emprego com e sem experi\u00eancia no seu Estado e Regi\u00e3o!","og_url":"https:\/\/www.vagadeempregorj.com.br\/es\/entrevista-por-competencia-o-que-voce-deve-saber-para-ser-contratado\/","article_publisher":"https:\/\/www.facebook.com\/empregobrasiloficial","article_published_time":"2025-02-22T00:28:56+00:00","article_modified_time":"2025-06-15T17:30:30+00:00","og_image":[{"width":1792,"height":1024,"url":"https:\/\/www.vagadeempregorj.com.br\/wp-content\/uploads\/2025\/02\/entrevista.webp","type":"image\/webp"}],"author":"Michele","twitter_card":"summary_large_image","twitter_misc":{"Written by":"Michele","Est. reading time":"6 minutos"},"schema":{"@context":"https:\/\/schema.org","@graph":[{"@type":"Article","@id":"https:\/\/www.vagadeempregorj.com.br\/entrevista-por-competencia-o-que-voce-deve-saber-para-ser-contratado\/#article","isPartOf":{"@id":"https:\/\/www.vagadeempregorj.com.br\/entrevista-por-competencia-o-que-voce-deve-saber-para-ser-contratado\/"},"author":{"name":"Michele","@id":"https:\/\/www.vagadeempregorj.com.br\/#\/schema\/person\/3ddb19fa0539706786e502152f3aae95"},"headline":"Entrevista por compet\u00eancia: O que voc\u00ea deve saber para ser contratado","datePublished":"2025-02-22T00:28:56+00:00","dateModified":"2025-06-15T17:30:30+00:00","mainEntityOfPage":{"@id":"https:\/\/www.vagadeempregorj.com.br\/entrevista-por-competencia-o-que-voce-deve-saber-para-ser-contratado\/"},"wordCount":1265,"image":{"@id":"https:\/\/www.vagadeempregorj.com.br\/entrevista-por-competencia-o-que-voce-deve-saber-para-ser-contratado\/#primaryimage"},"thumbnailUrl":"https:\/\/www.vagadeempregorj.com.br\/wp-content\/uploads\/2025\/02\/entrevista.webp","articleSection":["Vagas de Emprego Nacionais"],"inLanguage":"es"},{"@type":"WebPage","@id":"https:\/\/www.vagadeempregorj.com.br\/entrevista-por-competencia-o-que-voce-deve-saber-para-ser-contratado\/","url":"https:\/\/www.vagadeempregorj.com.br\/entrevista-por-competencia-o-que-voce-deve-saber-para-ser-contratado\/","name":"Entrevista por compet\u00eancia: O que voc\u00ea deve saber para ser contratado -","isPartOf":{"@id":"https:\/\/www.vagadeempregorj.com.br\/#website"},"primaryImageOfPage":{"@id":"https:\/\/www.vagadeempregorj.com.br\/entrevista-por-competencia-o-que-voce-deve-saber-para-ser-contratado\/#primaryimage"},"image":{"@id":"https:\/\/www.vagadeempregorj.com.br\/entrevista-por-competencia-o-que-voce-deve-saber-para-ser-contratado\/#primaryimage"},"thumbnailUrl":"https:\/\/www.vagadeempregorj.com.br\/wp-content\/uploads\/2025\/02\/entrevista.webp","datePublished":"2025-02-22T00:28:56+00:00","dateModified":"2025-06-15T17:30:30+00:00","author":{"@id":"https:\/\/www.vagadeempregorj.com.br\/#\/schema\/person\/3ddb19fa0539706786e502152f3aae95"},"description":"Veja em Vagas de Emprego RJ as vagas de emprego com e sem experi\u00eancia no seu Estado e Regi\u00e3o!","breadcrumb":{"@id":"https:\/\/www.vagadeempregorj.com.br\/entrevista-por-competencia-o-que-voce-deve-saber-para-ser-contratado\/#breadcrumb"},"inLanguage":"es","potentialAction":[{"@type":"ReadAction","target":["https:\/\/www.vagadeempregorj.com.br\/entrevista-por-competencia-o-que-voce-deve-saber-para-ser-contratado\/"]}]},{"@type":"ImageObject","inLanguage":"es","@id":"https:\/\/www.vagadeempregorj.com.br\/entrevista-por-competencia-o-que-voce-deve-saber-para-ser-contratado\/#primaryimage","url":"https:\/\/www.vagadeempregorj.com.br\/wp-content\/uploads\/2025\/02\/entrevista.webp","contentUrl":"https:\/\/www.vagadeempregorj.com.br\/wp-content\/uploads\/2025\/02\/entrevista.webp","width":1792,"height":1024},{"@type":"BreadcrumbList","@id":"https:\/\/www.vagadeempregorj.com.br\/entrevista-por-competencia-o-que-voce-deve-saber-para-ser-contratado\/#breadcrumb","itemListElement":[{"@type":"ListItem","position":1,"name":"In\u00edcio","item":"https:\/\/www.vagadeempregorj.com.br\/"},{"@type":"ListItem","position":2,"name":"Entrevista por compet\u00eancia: O que voc\u00ea deve saber para ser contratado"}]},{"@type":"WebSite","@id":"https:\/\/www.vagadeempregorj.com.br\/#website","url":"https:\/\/www.vagadeempregorj.com.br\/","name":"","description":"Conquiste Sonhos: Vagas, Benef\u00edcios e Economia para Transformar Vidas e Alcan\u00e7ar Melhorias Cotidianas","potentialAction":[{"@type":"SearchAction","target":{"@type":"EntryPoint","urlTemplate":"https:\/\/www.vagadeempregorj.com.br\/?s={search_term_string}"},"query-input":{"@type":"PropertyValueSpecification","valueRequired":true,"valueName":"search_term_string"}}],"inLanguage":"es"},{"@type":"Person","@id":"https:\/\/www.vagadeempregorj.com.br\/#\/schema\/person\/3ddb19fa0539706786e502152f3aae95","name":"Michele","image":{"@type":"ImageObject","inLanguage":"es","@id":"https:\/\/secure.gravatar.com\/avatar\/6b0eb9d22841282815e2cd856a0061c45e1761cd54b22e952d98c4746939aa85?s=96&r=g","url":"https:\/\/secure.gravatar.com\/avatar\/6b0eb9d22841282815e2cd856a0061c45e1761cd54b22e952d98c4746939aa85?s=96&r=g","contentUrl":"https:\/\/secure.gravatar.com\/avatar\/6b0eb9d22841282815e2cd856a0061c45e1761cd54b22e952d98c4746939aa85?s=96&r=g","caption":"Michele"},"description":"Formada em Letras - Portugu\u00eas\/ Ingl\u00eas, e idealizadora do site Escritora de Sucesso, busca expandir o conhecimento de todos com informa\u00e7\u00f5es relevantes sobre diversos assuntos, enquanto redatora. No Vaga de Emprego RJ, traz oportunidades e dicas sobre o mercado de trabalho.","url":"https:\/\/www.vagadeempregorj.com.br\/es\/author\/michele\/"}]}},"_links":{"self":[{"href":"https:\/\/www.vagadeempregorj.com.br\/es\/wp-json\/wp\/v2\/posts\/42729","targetHints":{"allow":["GET"]}}],"collection":[{"href":"https:\/\/www.vagadeempregorj.com.br\/es\/wp-json\/wp\/v2\/posts"}],"about":[{"href":"https:\/\/www.vagadeempregorj.com.br\/es\/wp-json\/wp\/v2\/types\/post"}],"author":[{"embeddable":true,"href":"https:\/\/www.vagadeempregorj.com.br\/es\/wp-json\/wp\/v2\/users\/16"}],"replies":[{"embeddable":true,"href":"https:\/\/www.vagadeempregorj.com.br\/es\/wp-json\/wp\/v2\/comments?post=42729"}],"version-history":[{"count":1,"href":"https:\/\/www.vagadeempregorj.com.br\/es\/wp-json\/wp\/v2\/posts\/42729\/revisions"}],"predecessor-version":[{"id":43544,"href":"https:\/\/www.vagadeempregorj.com.br\/es\/wp-json\/wp\/v2\/posts\/42729\/revisions\/43544"}],"wp:featuredmedia":[{"embeddable":true,"href":"https:\/\/www.vagadeempregorj.com.br\/es\/wp-json\/wp\/v2\/media\/42730"}],"wp:attachment":[{"href":"https:\/\/www.vagadeempregorj.com.br\/es\/wp-json\/wp\/v2\/media?parent=42729"}],"wp:term":[{"taxonomy":"category","embeddable":true,"href":"https:\/\/www.vagadeempregorj.com.br\/es\/wp-json\/wp\/v2\/categories?post=42729"},{"taxonomy":"post_tag","embeddable":true,"href":"https:\/\/www.vagadeempregorj.com.br\/es\/wp-json\/wp\/v2\/tags?post=42729"}],"curies":[{"name":"wp","href":"https:\/\/api.w.org\/{rel}","templated":true}]}}