{"id":42732,"date":"2025-02-24T06:00:00","date_gmt":"2025-02-24T09:00:00","guid":{"rendered":"https:\/\/www.vagadeempregorj.com.br\/?p=42732"},"modified":"2025-02-22T01:27:48","modified_gmt":"2025-02-22T04:27:48","slug":"o-que-e-patrimonio-material-e-imaterial-e-por-que-voce-deve-saber-sobre-isso","status":"publish","type":"post","link":"https:\/\/www.vagadeempregorj.com.br\/es\/o-que-e-patrimonio-material-e-imaterial-e-por-que-voce-deve-saber-sobre-isso\/","title":{"rendered":"O que \u00e9 patrim\u00f4nio material e imaterial e por que voc\u00ea deve saber sobre isso"},"content":{"rendered":"<p>O conceito de patrim\u00f4nio vai muito al\u00e9m de bens f\u00edsicos ou estruturas antigas. Ele representa a identidade, a hist\u00f3ria e a cultura de um povo, sendo fundamental para a preserva\u00e7\u00e3o das tradi\u00e7\u00f5es e da mem\u00f3ria coletiva. Quando falamos de patrim\u00f4nio, geralmente pensamos em monumentos hist\u00f3ricos, igrejas antigas e museus. No entanto, existem dois tipos principais de patrim\u00f4nio: <strong>material e imaterial<\/strong>.<\/p>\n\n\n\n<p>Voc\u00ea j\u00e1 parou para pensar por que certos edif\u00edcios, festas populares, receitas tradicionais ou mesmo formas de express\u00e3o art\u00edstica s\u00e3o protegidos e preservados? A resposta est\u00e1 na import\u00e2ncia que eles t\u00eam para a identidade de um povo. Vamos conhecer o que \u00e9 o <strong>patrim\u00f4nio material e imaterial<\/strong>, como eles se diferenciam e por que voc\u00ea deve conhec\u00ea-los e valoriz\u00e1-los.<\/p>\n\n\n\n<figure class=\"wp-block-image size-large\"><img loading=\"lazy\" decoding=\"async\" width=\"1024\" height=\"585\" src=\"https:\/\/www.vagadeempregorj.com.br\/wp-content\/uploads\/2025\/02\/patrimonio-material-e-imaterial-1024x585.webp\" alt=\"\" class=\"wp-image-42734\" srcset=\"https:\/\/www.vagadeempregorj.com.br\/wp-content\/uploads\/2025\/02\/patrimonio-material-e-imaterial-1024x585.webp 1024w, https:\/\/www.vagadeempregorj.com.br\/wp-content\/uploads\/2025\/02\/patrimonio-material-e-imaterial-300x171.webp 300w, https:\/\/www.vagadeempregorj.com.br\/wp-content\/uploads\/2025\/02\/patrimonio-material-e-imaterial-768x439.webp 768w, https:\/\/www.vagadeempregorj.com.br\/wp-content\/uploads\/2025\/02\/patrimonio-material-e-imaterial-1536x878.webp 1536w, https:\/\/www.vagadeempregorj.com.br\/wp-content\/uploads\/2025\/02\/patrimonio-material-e-imaterial-150x86.webp 150w, https:\/\/www.vagadeempregorj.com.br\/wp-content\/uploads\/2025\/02\/patrimonio-material-e-imaterial.webp 1792w\" sizes=\"auto, (max-width: 1024px) 100vw, 1024px\" \/><\/figure>\n\n\n\n<h2 class=\"wp-block-heading\"><strong>O que \u00e9 patrim\u00f4nio material?<\/strong><\/h2>\n\n\n\n<p>O <strong>patrim\u00f4nio material<\/strong> \u00e9 tudo aquilo que pode ser <strong>tocado e preservado fisicamente<\/strong>. S\u00e3o constru\u00e7\u00f5es, objetos, documentos e elementos hist\u00f3ricos que representam a cultura e a identidade de um povo. Esse tipo de patrim\u00f4nio pode ser <strong>arquitet\u00f4nico, arqueol\u00f3gico, art\u00edstico ou natural<\/strong>, sendo transmitido ao longo do tempo como parte da mem\u00f3ria de uma sociedade.<\/p>\n\n\n\n<p>\ud83d\udccc <strong>Exemplos de patrim\u00f4nio material:<\/strong><\/p>\n\n\n\n<ul class=\"wp-block-list\">\n<li>Igrejas, pal\u00e1cios e monumentos hist\u00f3ricos.<\/li>\n\n\n\n<li>Centros urbanos antigos.<\/li>\n\n\n\n<li>Obras de arte, esculturas e pinturas.<\/li>\n\n\n\n<li>Livros raros, manuscritos e documentos hist\u00f3ricos.<\/li>\n\n\n\n<li>S\u00edtios arqueol\u00f3gicos e ru\u00ednas de civiliza\u00e7\u00f5es antigas.<\/li>\n\n\n\n<li>Parques naturais e reservas ambientais protegidas.<\/li>\n<\/ul>\n\n\n\n<p>No Brasil, um exemplo famoso de patrim\u00f4nio material \u00e9 o <strong>Cristo Redentor<\/strong>, no Rio de Janeiro, que al\u00e9m de ser um dos cart\u00f5es-postais do pa\u00eds, foi tombado como patrim\u00f4nio cultural. Outros exemplos incluem <strong>Ouro Preto<\/strong>, com seu conjunto de igrejas barrocas, e o <strong>Centro Hist\u00f3rico de Salvador<\/strong>, que preserva a influ\u00eancia da arquitetura colonial.<\/p>\n\n\n\n<h2 class=\"wp-block-heading\"><strong>O que \u00e9 patrim\u00f4nio imaterial?<\/strong><\/h2>\n\n\n\n<p>Diferente do material, o <strong>patrim\u00f4nio imaterial<\/strong> n\u00e3o pode ser tocado, mas pode ser <strong>vivenciado e transmitido<\/strong> de gera\u00e7\u00e3o em gera\u00e7\u00e3o. Ele est\u00e1 ligado \u00e0s tradi\u00e7\u00f5es, saberes, rituais, festas, m\u00fasicas e outros elementos da cultura de um povo.<\/p>\n\n\n\n<p>O patrim\u00f4nio imaterial est\u00e1 diretamente ligado \u00e0 identidade e ao modo de vida das comunidades. Ele pode ser transmitido oralmente, por meio de pr\u00e1ticas, ensinamentos ou ritos, sendo constantemente recriado para se manter vivo.<\/p>\n\n\n\n<p>\ud83d\udccc <strong>Exemplos de patrim\u00f4nio imaterial:<\/strong><\/p>\n\n\n\n<ul class=\"wp-block-list\">\n<li>Festas populares, como o <strong>Carnaval<\/strong> e o <strong>Bumba Meu Boi<\/strong>.<\/li>\n\n\n\n<li>M\u00fasicas e dan\u00e7as tradicionais, como o <strong>samba<\/strong> e o <strong>frevo<\/strong>.<\/li>\n\n\n\n<li>Pr\u00e1ticas religiosas e rituais ind\u00edgenas.<\/li>\n\n\n\n<li>T\u00e9cnicas artesanais, como o <strong>renda de bilro<\/strong> e o <strong>barro de Caruaru<\/strong>.<\/li>\n\n\n\n<li>Saberes gastron\u00f4micos, como o <strong>acaraj\u00e9<\/strong> e a <strong>feijoada<\/strong>.<\/li>\n<\/ul>\n\n\n\n<p>No Brasil, um dos patrim\u00f4nios imateriais mais reconhecidos \u00e9 o <strong>samba de roda do Rec\u00f4ncavo Baiano<\/strong>, que foi registrado como patrim\u00f4nio cultural pelo Instituto do Patrim\u00f4nio Hist\u00f3rico e Art\u00edstico Nacional (IPHAN).<\/p>\n\n\n\n<h2 class=\"wp-block-heading\"><strong>Qual a diferen\u00e7a entre patrim\u00f4nio material e imaterial?<\/strong><\/h2>\n\n\n\n<p>A principal diferen\u00e7a entre esses dois tipos de patrim\u00f4nio est\u00e1 na sua <strong>natureza f\u00edsica<\/strong>.<\/p>\n\n\n\n<p>\ud83d\udd39 <strong>Patrim\u00f4nio material:<\/strong> \u00c9 tang\u00edvel, pode ser visto e preservado fisicamente. Exemplos: pr\u00e9dios hist\u00f3ricos, esculturas, documentos e s\u00edtios arqueol\u00f3gicos.<br>\ud83d\udd39 <strong>Patrim\u00f4nio imaterial:<\/strong> \u00c9 intang\u00edvel, est\u00e1 ligado \u00e0s pr\u00e1ticas culturais e tradi\u00e7\u00f5es. Exemplos: m\u00fasicas, dan\u00e7as, receitas e festas populares.<\/p>\n\n\n\n<p>No entanto, ambos est\u00e3o conectados. Por exemplo, uma igreja barroca pode ser um patrim\u00f4nio <strong>material<\/strong>, mas as celebra\u00e7\u00f5es religiosas que ocorrem dentro dela fazem parte do patrim\u00f4nio <strong>imaterial<\/strong>. Isso significa que um tipo de patrim\u00f4nio pode complementar e fortalecer o outro.<\/p>\n\n\n\n<h2 class=\"wp-block-heading\"><strong>Por que voc\u00ea deve saber sobre isso?<\/strong><\/h2>\n\n\n\n<p>Entender o conceito de patrim\u00f4nio material e imaterial \u00e9 fundamental por v\u00e1rios motivos.<\/p>\n\n\n\n<h3 class=\"wp-block-heading\"><strong>1. Preserva\u00e7\u00e3o da cultura e identidade<\/strong><\/h3>\n\n\n\n<p>A cultura de um povo \u00e9 uma das coisas mais valiosas que ele pode ter. Conhecer e valorizar o patrim\u00f4nio ajuda a manter vivas as tradi\u00e7\u00f5es e a identidade de um pa\u00eds ou comunidade.<\/p>\n\n\n\n<p>Quando n\u00e3o h\u00e1 preserva\u00e7\u00e3o, muitos elementos da hist\u00f3ria podem se perder com o tempo, levando consigo parte da mem\u00f3ria coletiva. Um exemplo disso s\u00e3o as l\u00ednguas ind\u00edgenas que est\u00e3o desaparecendo porque n\u00e3o s\u00e3o mais faladas por novas gera\u00e7\u00f5es.<\/p>\n\n\n\n<h3 class=\"wp-block-heading\"><strong>2. Valoriza\u00e7\u00e3o da diversidade cultural<\/strong><\/h3>\n\n\n\n<p>O patrim\u00f4nio imaterial mostra a riqueza da diversidade cultural do mundo. Cada povo tem sua forma de se expressar, suas dan\u00e7as, m\u00fasicas, cren\u00e7as e hist\u00f3rias. Conhecer essas manifesta\u00e7\u00f5es culturais nos faz compreender melhor as diferen\u00e7as e respeitar outras tradi\u00e7\u00f5es.<\/p>\n\n\n\n<h3 class=\"wp-block-heading\"><strong>3. Impacto econ\u00f4mico e turismo cultural<\/strong><\/h3>\n\n\n\n<p>O patrim\u00f4nio cultural, seja ele material ou imaterial, <strong>movimenta a economia<\/strong>. Muitas cidades tur\u00edsticas dependem da preserva\u00e7\u00e3o de seus patrim\u00f4nios para atrair visitantes.<\/p>\n\n\n\n<p>Ouro Preto, por exemplo, \u00e9 um destino muito visitado por conta de sua arquitetura colonial, suas igrejas e seu centro hist\u00f3rico. Da mesma forma, festas como o <strong>Carnaval<\/strong> geram empregos, movimentam a economia local e promovem a cultura brasileira no exterior.<\/p>\n\n\n\n<h3 class=\"wp-block-heading\"><strong>4. Educa\u00e7\u00e3o e forma\u00e7\u00e3o de consci\u00eancia hist\u00f3rica<\/strong><\/h3>\n\n\n\n<p>Nas escolas, aprender sobre patrim\u00f4nio cultural permite que crian\u00e7as e jovens desenvolvam um senso de pertencimento e respeito pela hist\u00f3ria de seu pa\u00eds.<\/p>\n\n\n\n<p>Al\u00e9m disso, estudar e preservar o passado nos ajuda a entender o presente e a projetar o futuro. Afinal, ao conhecer erros e acertos do passado, podemos tomar decis\u00f5es mais conscientes no presente.<\/p>\n\n\n\n<h3 class=\"wp-block-heading\"><strong>5. Prote\u00e7\u00e3o contra a descaracteriza\u00e7\u00e3o e esquecimento<\/strong><\/h3>\n\n\n\n<p>Sem conhecimento e preserva\u00e7\u00e3o, muitos patrim\u00f4nios podem ser destru\u00eddos ou descaracterizados. Isso ocorre tanto com pr\u00e9dios hist\u00f3ricos, que sofrem deteriora\u00e7\u00e3o, quanto com tradi\u00e7\u00f5es culturais que v\u00e3o sendo esquecidas com o tempo.<\/p>\n\n\n\n<p>Exemplos de patrim\u00f4nios que j\u00e1 sofreram com isso incluem s\u00edtios arqueol\u00f3gicos destru\u00eddos por guerras e dan\u00e7as tradicionais que n\u00e3o s\u00e3o mais praticadas por novas gera\u00e7\u00f5es.<\/p>\n\n\n\n<h2 class=\"wp-block-heading\"><strong>O que o Brasil faz para proteger o patrim\u00f4nio cultural?<\/strong><\/h2>\n\n\n\n<p>No Brasil, a preserva\u00e7\u00e3o do patrim\u00f4nio material e imaterial \u00e9 feita pelo <strong>IPHAN (Instituto do Patrim\u00f4nio Hist\u00f3rico e Art\u00edstico Nacional)<\/strong>. Ele \u00e9 respons\u00e1vel por tombar monumentos hist\u00f3ricos e registrar bens culturais imateriais, garantindo que sejam protegidos.<\/p>\n\n\n\n<p>Al\u00e9m disso, algumas medidas s\u00e3o tomadas para manter esses patrim\u00f4nios vivos:<\/p>\n\n\n\n<ul class=\"wp-block-list\">\n<li><strong>Programas de educa\u00e7\u00e3o patrimonial<\/strong>: Incentivam o ensino sobre a import\u00e2ncia do patrim\u00f4nio cultural.<\/li>\n\n\n\n<li><strong>Apoio a mestres e artes\u00e3os<\/strong>: Pessoas que det\u00eam saberes tradicionais recebem incentivos para continuar ensinando suas pr\u00e1ticas.<\/li>\n\n\n\n<li><strong>Restauro de monumentos hist\u00f3ricos<\/strong>: Igrejas, casar\u00f5es e centros hist\u00f3ricos passam por reformas para evitar a degrada\u00e7\u00e3o.<\/li>\n\n\n\n<li><strong>Valoriza\u00e7\u00e3o de festas e celebra\u00e7\u00f5es populares<\/strong>: O governo reconhece e promove eventos tradicionais como parte da identidade nacional.<\/li>\n<\/ul>\n\n\n\n<h2 class=\"wp-block-heading\"><strong>O que deve ser preservado<\/strong><\/h2>\n\n\n\n<p>O patrim\u00f4nio cultural, tanto material quanto imaterial, \u00e9 um reflexo da identidade de um povo e deve ser preservado para as futuras gera\u00e7\u00f5es. Conhec\u00ea-lo e valoriz\u00e1-lo \u00e9 fundamental para manter viva a mem\u00f3ria hist\u00f3rica e garantir que tradi\u00e7\u00f5es importantes n\u00e3o desapare\u00e7am com o tempo.<\/p>\n\n\n\n<p>Seja atrav\u00e9s da conserva\u00e7\u00e3o de edif\u00edcios hist\u00f3ricos ou da promo\u00e7\u00e3o de festas populares, cada um pode contribuir para essa preserva\u00e7\u00e3o. O que voc\u00ea pode fazer? Visitar museus, aprender sobre as tradi\u00e7\u00f5es do seu estado, respeitar e valorizar a cultura de diferentes povos e incentivar a transmiss\u00e3o de conhecimentos tradicionais.<\/p>\n\n\n\n<p>Afinal, o que seria de um pa\u00eds sem sua cultura e hist\u00f3ria? Preservar o patrim\u00f4nio \u00e9 preservar nossa pr\u00f3pria identidade.<\/p>\n\n\n\n<p><strong>Veja tamb\u00e9m: <a href=\"https:\/\/www.vagadeempregorj.com.br\/es\/pis-vai-acabar-entenda-as-mudancas-e-novas-regras\/\">PIS vai acabar? Entenda as mudan\u00e7as e novas regras<\/a><\/strong><\/p>\n\n\n\n<p>24 de fevereiro de 2025<\/p>","protected":false},"excerpt":{"rendered":"<p>O conceito de patrim\u00f4nio vai muito al\u00e9m de bens f\u00edsicos ou estruturas antigas. Ele representa a identidade, a hist\u00f3ria e a cultura de um povo, sendo fundamental para a preserva\u00e7\u00e3o das tradi\u00e7\u00f5es e da mem\u00f3ria coletiva. Quando falamos de patrim\u00f4nio, geralmente pensamos em monumentos hist\u00f3ricos, igrejas antigas e museus. No entanto, existem dois tipos principais&hellip;&nbsp;<\/p>","protected":false},"author":16,"featured_media":42734,"comment_status":"closed","ping_status":"closed","sticky":false,"template":"","format":"standard","meta":{"neve_meta_sidebar":"","neve_meta_container":"","neve_meta_enable_content_width":"","neve_meta_content_width":0,"neve_meta_title_alignment":"","neve_meta_author_avatar":"","neve_post_elements_order":"","neve_meta_disable_header":"","neve_meta_disable_footer":"","neve_meta_disable_title":"","footnotes":""},"categories":[804],"tags":[],"class_list":["post-42732","post","type-post","status-publish","format-standard","has-post-thumbnail","hentry","category-economia"],"yoast_head":"<!-- This site is optimized with the Yoast SEO plugin v27.5 - https:\/\/yoast.com\/product\/yoast-seo-wordpress\/ -->\n<title>O que \u00e9 patrim\u00f4nio material e imaterial e por que voc\u00ea deve saber sobre isso -<\/title>\n<meta name=\"description\" content=\"Veja em Vagas de Emprego RJ as vagas de emprego com e sem experi\u00eancia no seu Estado e Regi\u00e3o!\" \/>\n<meta name=\"robots\" content=\"index, follow, max-snippet:-1, max-image-preview:large, max-video-preview:-1\" \/>\n<link rel=\"canonical\" href=\"https:\/\/www.vagadeempregorj.com.br\/es\/o-que-e-patrimonio-material-e-imaterial-e-por-que-voce-deve-saber-sobre-isso\/\" \/>\n<meta property=\"og:locale\" content=\"es_MX\" \/>\n<meta property=\"og:type\" content=\"article\" \/>\n<meta property=\"og:title\" content=\"O que \u00e9 patrim\u00f4nio material e imaterial e por que voc\u00ea deve saber sobre isso -\" \/>\n<meta property=\"og:description\" content=\"Veja em Vagas de Emprego RJ as vagas de emprego com e sem experi\u00eancia no seu Estado e Regi\u00e3o!\" \/>\n<meta property=\"og:url\" content=\"https:\/\/www.vagadeempregorj.com.br\/es\/o-que-e-patrimonio-material-e-imaterial-e-por-que-voce-deve-saber-sobre-isso\/\" \/>\n<meta property=\"article:publisher\" content=\"https:\/\/www.facebook.com\/empregobrasiloficial\" \/>\n<meta property=\"article:published_time\" content=\"2025-02-24T09:00:00+00:00\" \/>\n<meta property=\"og:image\" content=\"https:\/\/www.vagadeempregorj.com.br\/wp-content\/uploads\/2025\/02\/patrimonio-material-e-imaterial.webp\" \/>\n\t<meta property=\"og:image:width\" content=\"1792\" \/>\n\t<meta property=\"og:image:height\" content=\"1024\" \/>\n\t<meta property=\"og:image:type\" content=\"image\/webp\" \/>\n<meta name=\"author\" content=\"Michele\" \/>\n<meta name=\"twitter:card\" content=\"summary_large_image\" \/>\n<meta name=\"twitter:label1\" content=\"Written by\" \/>\n\t<meta name=\"twitter:data1\" content=\"Michele\" \/>\n\t<meta name=\"twitter:label2\" content=\"Est. reading time\" \/>\n\t<meta name=\"twitter:data2\" content=\"6 minutos\" \/>\n<script type=\"application\/ld+json\" class=\"yoast-schema-graph\">{\"@context\":\"https:\\\/\\\/schema.org\",\"@graph\":[{\"@type\":\"Article\",\"@id\":\"https:\\\/\\\/www.vagadeempregorj.com.br\\\/o-que-e-patrimonio-material-e-imaterial-e-por-que-voce-deve-saber-sobre-isso\\\/#article\",\"isPartOf\":{\"@id\":\"https:\\\/\\\/www.vagadeempregorj.com.br\\\/o-que-e-patrimonio-material-e-imaterial-e-por-que-voce-deve-saber-sobre-isso\\\/\"},\"author\":{\"name\":\"Michele\",\"@id\":\"https:\\\/\\\/www.vagadeempregorj.com.br\\\/#\\\/schema\\\/person\\\/3ddb19fa0539706786e502152f3aae95\"},\"headline\":\"O que \u00e9 patrim\u00f4nio material e imaterial e por que voc\u00ea deve saber sobre isso\",\"datePublished\":\"2025-02-24T09:00:00+00:00\",\"mainEntityOfPage\":{\"@id\":\"https:\\\/\\\/www.vagadeempregorj.com.br\\\/o-que-e-patrimonio-material-e-imaterial-e-por-que-voce-deve-saber-sobre-isso\\\/\"},\"wordCount\":1302,\"image\":{\"@id\":\"https:\\\/\\\/www.vagadeempregorj.com.br\\\/o-que-e-patrimonio-material-e-imaterial-e-por-que-voce-deve-saber-sobre-isso\\\/#primaryimage\"},\"thumbnailUrl\":\"https:\\\/\\\/www.vagadeempregorj.com.br\\\/wp-content\\\/uploads\\\/2025\\\/02\\\/patrimonio-material-e-imaterial.webp\",\"articleSection\":[\"Economia\"],\"inLanguage\":\"es\"},{\"@type\":\"WebPage\",\"@id\":\"https:\\\/\\\/www.vagadeempregorj.com.br\\\/o-que-e-patrimonio-material-e-imaterial-e-por-que-voce-deve-saber-sobre-isso\\\/\",\"url\":\"https:\\\/\\\/www.vagadeempregorj.com.br\\\/o-que-e-patrimonio-material-e-imaterial-e-por-que-voce-deve-saber-sobre-isso\\\/\",\"name\":\"O que \u00e9 patrim\u00f4nio material e imaterial e por que voc\u00ea deve saber sobre isso -\",\"isPartOf\":{\"@id\":\"https:\\\/\\\/www.vagadeempregorj.com.br\\\/#website\"},\"primaryImageOfPage\":{\"@id\":\"https:\\\/\\\/www.vagadeempregorj.com.br\\\/o-que-e-patrimonio-material-e-imaterial-e-por-que-voce-deve-saber-sobre-isso\\\/#primaryimage\"},\"image\":{\"@id\":\"https:\\\/\\\/www.vagadeempregorj.com.br\\\/o-que-e-patrimonio-material-e-imaterial-e-por-que-voce-deve-saber-sobre-isso\\\/#primaryimage\"},\"thumbnailUrl\":\"https:\\\/\\\/www.vagadeempregorj.com.br\\\/wp-content\\\/uploads\\\/2025\\\/02\\\/patrimonio-material-e-imaterial.webp\",\"datePublished\":\"2025-02-24T09:00:00+00:00\",\"author\":{\"@id\":\"https:\\\/\\\/www.vagadeempregorj.com.br\\\/#\\\/schema\\\/person\\\/3ddb19fa0539706786e502152f3aae95\"},\"description\":\"Veja em Vagas de Emprego RJ as vagas de emprego com e sem experi\u00eancia no seu Estado e Regi\u00e3o!\",\"breadcrumb\":{\"@id\":\"https:\\\/\\\/www.vagadeempregorj.com.br\\\/o-que-e-patrimonio-material-e-imaterial-e-por-que-voce-deve-saber-sobre-isso\\\/#breadcrumb\"},\"inLanguage\":\"es\",\"potentialAction\":[{\"@type\":\"ReadAction\",\"target\":[\"https:\\\/\\\/www.vagadeempregorj.com.br\\\/o-que-e-patrimonio-material-e-imaterial-e-por-que-voce-deve-saber-sobre-isso\\\/\"]}]},{\"@type\":\"ImageObject\",\"inLanguage\":\"es\",\"@id\":\"https:\\\/\\\/www.vagadeempregorj.com.br\\\/o-que-e-patrimonio-material-e-imaterial-e-por-que-voce-deve-saber-sobre-isso\\\/#primaryimage\",\"url\":\"https:\\\/\\\/www.vagadeempregorj.com.br\\\/wp-content\\\/uploads\\\/2025\\\/02\\\/patrimonio-material-e-imaterial.webp\",\"contentUrl\":\"https:\\\/\\\/www.vagadeempregorj.com.br\\\/wp-content\\\/uploads\\\/2025\\\/02\\\/patrimonio-material-e-imaterial.webp\",\"width\":1792,\"height\":1024},{\"@type\":\"BreadcrumbList\",\"@id\":\"https:\\\/\\\/www.vagadeempregorj.com.br\\\/o-que-e-patrimonio-material-e-imaterial-e-por-que-voce-deve-saber-sobre-isso\\\/#breadcrumb\",\"itemListElement\":[{\"@type\":\"ListItem\",\"position\":1,\"name\":\"In\u00edcio\",\"item\":\"https:\\\/\\\/www.vagadeempregorj.com.br\\\/\"},{\"@type\":\"ListItem\",\"position\":2,\"name\":\"Economia\",\"item\":\"https:\\\/\\\/www.vagadeempregorj.com.br\\\/economia\\\/\"},{\"@type\":\"ListItem\",\"position\":3,\"name\":\"O que \u00e9 patrim\u00f4nio material e imaterial e por que voc\u00ea deve saber sobre isso\"}]},{\"@type\":\"WebSite\",\"@id\":\"https:\\\/\\\/www.vagadeempregorj.com.br\\\/#website\",\"url\":\"https:\\\/\\\/www.vagadeempregorj.com.br\\\/\",\"name\":\"\",\"description\":\"Conquiste Sonhos: Vagas, Benef\u00edcios e Economia para Transformar Vidas e Alcan\u00e7ar Melhorias Cotidianas\",\"potentialAction\":[{\"@type\":\"SearchAction\",\"target\":{\"@type\":\"EntryPoint\",\"urlTemplate\":\"https:\\\/\\\/www.vagadeempregorj.com.br\\\/?s={search_term_string}\"},\"query-input\":{\"@type\":\"PropertyValueSpecification\",\"valueRequired\":true,\"valueName\":\"search_term_string\"}}],\"inLanguage\":\"es\"},{\"@type\":\"Person\",\"@id\":\"https:\\\/\\\/www.vagadeempregorj.com.br\\\/#\\\/schema\\\/person\\\/3ddb19fa0539706786e502152f3aae95\",\"name\":\"Michele\",\"image\":{\"@type\":\"ImageObject\",\"inLanguage\":\"es\",\"@id\":\"https:\\\/\\\/secure.gravatar.com\\\/avatar\\\/6b0eb9d22841282815e2cd856a0061c45e1761cd54b22e952d98c4746939aa85?s=96&r=g\",\"url\":\"https:\\\/\\\/secure.gravatar.com\\\/avatar\\\/6b0eb9d22841282815e2cd856a0061c45e1761cd54b22e952d98c4746939aa85?s=96&r=g\",\"contentUrl\":\"https:\\\/\\\/secure.gravatar.com\\\/avatar\\\/6b0eb9d22841282815e2cd856a0061c45e1761cd54b22e952d98c4746939aa85?s=96&r=g\",\"caption\":\"Michele\"},\"description\":\"Formada em Letras - Portugu\u00eas\\\/ Ingl\u00eas, e idealizadora do site Escritora de Sucesso, busca expandir o conhecimento de todos com informa\u00e7\u00f5es relevantes sobre diversos assuntos, enquanto redatora. No Vaga de Emprego RJ, traz oportunidades e dicas sobre o mercado de trabalho.\",\"url\":\"https:\\\/\\\/www.vagadeempregorj.com.br\\\/es\\\/author\\\/michele\\\/\"}]}<\/script>\n<!-- \/ Yoast SEO plugin. -->","yoast_head_json":{"title":"O que \u00e9 patrim\u00f4nio material e imaterial e por que voc\u00ea deve saber sobre isso -","description":"Veja em Vagas de Emprego RJ as vagas de emprego com e sem experi\u00eancia no seu Estado e Regi\u00e3o!","robots":{"index":"index","follow":"follow","max-snippet":"max-snippet:-1","max-image-preview":"max-image-preview:large","max-video-preview":"max-video-preview:-1"},"canonical":"https:\/\/www.vagadeempregorj.com.br\/es\/o-que-e-patrimonio-material-e-imaterial-e-por-que-voce-deve-saber-sobre-isso\/","og_locale":"es_MX","og_type":"article","og_title":"O que \u00e9 patrim\u00f4nio material e imaterial e por que voc\u00ea deve saber sobre isso -","og_description":"Veja em Vagas de Emprego RJ as vagas de emprego com e sem experi\u00eancia no seu Estado e Regi\u00e3o!","og_url":"https:\/\/www.vagadeempregorj.com.br\/es\/o-que-e-patrimonio-material-e-imaterial-e-por-que-voce-deve-saber-sobre-isso\/","article_publisher":"https:\/\/www.facebook.com\/empregobrasiloficial","article_published_time":"2025-02-24T09:00:00+00:00","og_image":[{"width":1792,"height":1024,"url":"https:\/\/www.vagadeempregorj.com.br\/wp-content\/uploads\/2025\/02\/patrimonio-material-e-imaterial.webp","type":"image\/webp"}],"author":"Michele","twitter_card":"summary_large_image","twitter_misc":{"Written by":"Michele","Est. reading time":"6 minutos"},"schema":{"@context":"https:\/\/schema.org","@graph":[{"@type":"Article","@id":"https:\/\/www.vagadeempregorj.com.br\/o-que-e-patrimonio-material-e-imaterial-e-por-que-voce-deve-saber-sobre-isso\/#article","isPartOf":{"@id":"https:\/\/www.vagadeempregorj.com.br\/o-que-e-patrimonio-material-e-imaterial-e-por-que-voce-deve-saber-sobre-isso\/"},"author":{"name":"Michele","@id":"https:\/\/www.vagadeempregorj.com.br\/#\/schema\/person\/3ddb19fa0539706786e502152f3aae95"},"headline":"O que \u00e9 patrim\u00f4nio material e imaterial e por que voc\u00ea deve saber sobre isso","datePublished":"2025-02-24T09:00:00+00:00","mainEntityOfPage":{"@id":"https:\/\/www.vagadeempregorj.com.br\/o-que-e-patrimonio-material-e-imaterial-e-por-que-voce-deve-saber-sobre-isso\/"},"wordCount":1302,"image":{"@id":"https:\/\/www.vagadeempregorj.com.br\/o-que-e-patrimonio-material-e-imaterial-e-por-que-voce-deve-saber-sobre-isso\/#primaryimage"},"thumbnailUrl":"https:\/\/www.vagadeempregorj.com.br\/wp-content\/uploads\/2025\/02\/patrimonio-material-e-imaterial.webp","articleSection":["Economia"],"inLanguage":"es"},{"@type":"WebPage","@id":"https:\/\/www.vagadeempregorj.com.br\/o-que-e-patrimonio-material-e-imaterial-e-por-que-voce-deve-saber-sobre-isso\/","url":"https:\/\/www.vagadeempregorj.com.br\/o-que-e-patrimonio-material-e-imaterial-e-por-que-voce-deve-saber-sobre-isso\/","name":"O que \u00e9 patrim\u00f4nio material e imaterial e por que voc\u00ea deve saber sobre isso -","isPartOf":{"@id":"https:\/\/www.vagadeempregorj.com.br\/#website"},"primaryImageOfPage":{"@id":"https:\/\/www.vagadeempregorj.com.br\/o-que-e-patrimonio-material-e-imaterial-e-por-que-voce-deve-saber-sobre-isso\/#primaryimage"},"image":{"@id":"https:\/\/www.vagadeempregorj.com.br\/o-que-e-patrimonio-material-e-imaterial-e-por-que-voce-deve-saber-sobre-isso\/#primaryimage"},"thumbnailUrl":"https:\/\/www.vagadeempregorj.com.br\/wp-content\/uploads\/2025\/02\/patrimonio-material-e-imaterial.webp","datePublished":"2025-02-24T09:00:00+00:00","author":{"@id":"https:\/\/www.vagadeempregorj.com.br\/#\/schema\/person\/3ddb19fa0539706786e502152f3aae95"},"description":"Veja em Vagas de Emprego RJ as vagas de emprego com e sem experi\u00eancia no seu Estado e Regi\u00e3o!","breadcrumb":{"@id":"https:\/\/www.vagadeempregorj.com.br\/o-que-e-patrimonio-material-e-imaterial-e-por-que-voce-deve-saber-sobre-isso\/#breadcrumb"},"inLanguage":"es","potentialAction":[{"@type":"ReadAction","target":["https:\/\/www.vagadeempregorj.com.br\/o-que-e-patrimonio-material-e-imaterial-e-por-que-voce-deve-saber-sobre-isso\/"]}]},{"@type":"ImageObject","inLanguage":"es","@id":"https:\/\/www.vagadeempregorj.com.br\/o-que-e-patrimonio-material-e-imaterial-e-por-que-voce-deve-saber-sobre-isso\/#primaryimage","url":"https:\/\/www.vagadeempregorj.com.br\/wp-content\/uploads\/2025\/02\/patrimonio-material-e-imaterial.webp","contentUrl":"https:\/\/www.vagadeempregorj.com.br\/wp-content\/uploads\/2025\/02\/patrimonio-material-e-imaterial.webp","width":1792,"height":1024},{"@type":"BreadcrumbList","@id":"https:\/\/www.vagadeempregorj.com.br\/o-que-e-patrimonio-material-e-imaterial-e-por-que-voce-deve-saber-sobre-isso\/#breadcrumb","itemListElement":[{"@type":"ListItem","position":1,"name":"In\u00edcio","item":"https:\/\/www.vagadeempregorj.com.br\/"},{"@type":"ListItem","position":2,"name":"Economia","item":"https:\/\/www.vagadeempregorj.com.br\/economia\/"},{"@type":"ListItem","position":3,"name":"O que \u00e9 patrim\u00f4nio material e imaterial e por que voc\u00ea deve saber sobre isso"}]},{"@type":"WebSite","@id":"https:\/\/www.vagadeempregorj.com.br\/#website","url":"https:\/\/www.vagadeempregorj.com.br\/","name":"","description":"Conquiste Sonhos: Vagas, Benef\u00edcios e Economia para Transformar Vidas e Alcan\u00e7ar Melhorias Cotidianas","potentialAction":[{"@type":"SearchAction","target":{"@type":"EntryPoint","urlTemplate":"https:\/\/www.vagadeempregorj.com.br\/?s={search_term_string}"},"query-input":{"@type":"PropertyValueSpecification","valueRequired":true,"valueName":"search_term_string"}}],"inLanguage":"es"},{"@type":"Person","@id":"https:\/\/www.vagadeempregorj.com.br\/#\/schema\/person\/3ddb19fa0539706786e502152f3aae95","name":"Michele","image":{"@type":"ImageObject","inLanguage":"es","@id":"https:\/\/secure.gravatar.com\/avatar\/6b0eb9d22841282815e2cd856a0061c45e1761cd54b22e952d98c4746939aa85?s=96&r=g","url":"https:\/\/secure.gravatar.com\/avatar\/6b0eb9d22841282815e2cd856a0061c45e1761cd54b22e952d98c4746939aa85?s=96&r=g","contentUrl":"https:\/\/secure.gravatar.com\/avatar\/6b0eb9d22841282815e2cd856a0061c45e1761cd54b22e952d98c4746939aa85?s=96&r=g","caption":"Michele"},"description":"Formada em Letras - Portugu\u00eas\/ Ingl\u00eas, e idealizadora do site Escritora de Sucesso, busca expandir o conhecimento de todos com informa\u00e7\u00f5es relevantes sobre diversos assuntos, enquanto redatora. No Vaga de Emprego RJ, traz oportunidades e dicas sobre o mercado de trabalho.","url":"https:\/\/www.vagadeempregorj.com.br\/es\/author\/michele\/"}]}},"_links":{"self":[{"href":"https:\/\/www.vagadeempregorj.com.br\/es\/wp-json\/wp\/v2\/posts\/42732","targetHints":{"allow":["GET"]}}],"collection":[{"href":"https:\/\/www.vagadeempregorj.com.br\/es\/wp-json\/wp\/v2\/posts"}],"about":[{"href":"https:\/\/www.vagadeempregorj.com.br\/es\/wp-json\/wp\/v2\/types\/post"}],"author":[{"embeddable":true,"href":"https:\/\/www.vagadeempregorj.com.br\/es\/wp-json\/wp\/v2\/users\/16"}],"replies":[{"embeddable":true,"href":"https:\/\/www.vagadeempregorj.com.br\/es\/wp-json\/wp\/v2\/comments?post=42732"}],"version-history":[{"count":0,"href":"https:\/\/www.vagadeempregorj.com.br\/es\/wp-json\/wp\/v2\/posts\/42732\/revisions"}],"wp:featuredmedia":[{"embeddable":true,"href":"https:\/\/www.vagadeempregorj.com.br\/es\/wp-json\/wp\/v2\/media\/42734"}],"wp:attachment":[{"href":"https:\/\/www.vagadeempregorj.com.br\/es\/wp-json\/wp\/v2\/media?parent=42732"}],"wp:term":[{"taxonomy":"category","embeddable":true,"href":"https:\/\/www.vagadeempregorj.com.br\/es\/wp-json\/wp\/v2\/categories?post=42732"},{"taxonomy":"post_tag","embeddable":true,"href":"https:\/\/www.vagadeempregorj.com.br\/es\/wp-json\/wp\/v2\/tags?post=42732"}],"curies":[{"name":"wp","href":"https:\/\/api.w.org\/{rel}","templated":true}]}}