{"id":42762,"date":"2025-02-24T06:00:00","date_gmt":"2025-02-24T09:00:00","guid":{"rendered":"https:\/\/www.vagadeempregorj.com.br\/?p=42762"},"modified":"2025-02-22T22:11:26","modified_gmt":"2025-02-23T01:11:26","slug":"cadastro-unico-o-erro-que-pode-te-impedir-de-receber-beneficios","status":"publish","type":"post","link":"https:\/\/www.vagadeempregorj.com.br\/es\/cadastro-unico-o-erro-que-pode-te-impedir-de-receber-beneficios\/","title":{"rendered":"Cadastro \u00danico: o erro que pode te impedir de receber benef\u00edcios"},"content":{"rendered":"<p>O <strong>Cadastro \u00danico<\/strong> \u00e9 a porta de entrada para diversos programas sociais no Brasil. Se h\u00e1 um erro no seu cadastro, pode ser que voc\u00ea perca benef\u00edcios como Bolsa Fam\u00edlia, Tarifa Social de Energia e BPC. O problema? Muita gente nem sabe que est\u00e1 com o cadastro irregular at\u00e9 precisar do aux\u00edlio e ser surpreendido pela negativa.<\/p>\n\n\n\n<p>Se voc\u00ea depende desses benef\u00edcios ou est\u00e1 tentando se cadastrar, precisa saber o que pode dar errado e como evitar esse erro. Vamos direto ao ponto: o maior problema que impede muita gente de receber os aux\u00edlios \u00e9 a falta de atualiza\u00e7\u00e3o cadastral. E isso pode acontecer por um motivo simples, como mudan\u00e7a de endere\u00e7o, renda ou at\u00e9 um erro de digita\u00e7\u00e3o no sistema.<\/p>\n\n\n\n<figure class=\"wp-block-image size-large\"><img loading=\"lazy\" decoding=\"async\" width=\"1024\" height=\"585\" src=\"https:\/\/www.vagadeempregorj.com.br\/wp-content\/uploads\/2025\/02\/cadastro-unico-1024x585.webp\" alt=\"\" class=\"wp-image-42764\" srcset=\"https:\/\/www.vagadeempregorj.com.br\/wp-content\/uploads\/2025\/02\/cadastro-unico-1024x585.webp 1024w, https:\/\/www.vagadeempregorj.com.br\/wp-content\/uploads\/2025\/02\/cadastro-unico-300x171.webp 300w, https:\/\/www.vagadeempregorj.com.br\/wp-content\/uploads\/2025\/02\/cadastro-unico-768x439.webp 768w, https:\/\/www.vagadeempregorj.com.br\/wp-content\/uploads\/2025\/02\/cadastro-unico-1536x878.webp 1536w, https:\/\/www.vagadeempregorj.com.br\/wp-content\/uploads\/2025\/02\/cadastro-unico-150x86.webp 150w, https:\/\/www.vagadeempregorj.com.br\/wp-content\/uploads\/2025\/02\/cadastro-unico.webp 1792w\" sizes=\"auto, (max-width: 1024px) 100vw, 1024px\" \/><\/figure>\n\n\n\n<h2 class=\"wp-block-heading\">O que \u00e9 o Cadastro \u00danico e por que ele \u00e9 t\u00e3o importante?<\/h2>\n\n\n\n<p>O Cadastro \u00danico \u00e9 um banco de dados do governo que re\u00fane informa\u00e7\u00f5es sobre fam\u00edlias de baixa renda no Brasil. Ele \u00e9 essencial para que programas sociais consigam identificar quem realmente precisa de ajuda.<\/p>\n\n\n\n<p>Se seu cadastro estiver desatualizado ou com informa\u00e7\u00f5es erradas, o sistema pode entender que voc\u00ea n\u00e3o tem direito ao benef\u00edcio. \u00c9 a\u00ed que vem o problema: voc\u00ea pode ser bloqueado ou at\u00e9 mesmo exclu\u00eddo dos programas.<\/p>\n\n\n\n<h2 class=\"wp-block-heading\">O erro que te impede de receber benef\u00edcios<\/h2>\n\n\n\n<p>O erro mais comum \u2013 e que pode te deixar sem benef\u00edcio \u2013 \u00e9 a falta de atualiza\u00e7\u00e3o cadastral. O Cadastro \u00danico deve ser atualizado pelo menos a cada <strong>dois anos<\/strong>, ou sempre que houver mudan\u00e7as na sua situa\u00e7\u00e3o, como:<\/p>\n\n\n\n<ul class=\"wp-block-list\">\n<li>Mudan\u00e7a de endere\u00e7o<\/li>\n\n\n\n<li>Altera\u00e7\u00e3o na renda da fam\u00edlia<\/li>\n\n\n\n<li>Inclus\u00e3o ou exclus\u00e3o de membros na resid\u00eancia<\/li>\n\n\n\n<li>Troca de telefone de contato<\/li>\n<\/ul>\n\n\n\n<p>Se qualquer uma dessas informa\u00e7\u00f5es estiver errada ou desatualizada, o governo pode considerar que sua fam\u00edlia n\u00e3o se encaixa mais nos crit\u00e9rios dos programas sociais. Resultado? Benef\u00edcio suspenso ou at\u00e9 cancelado.<\/p>\n\n\n\n<h2 class=\"wp-block-heading\">Como saber se seu cadastro est\u00e1 com erro?<\/h2>\n\n\n\n<p>Se voc\u00ea j\u00e1 recebe um benef\u00edcio e est\u00e1 com medo de perd\u00ea-lo, pode consultar a situa\u00e7\u00e3o do seu Cadastro \u00danico de forma simples:<\/p>\n\n\n\n<ol class=\"wp-block-list\">\n<li>Acesse o site oficial do Cadastro \u00danico (<strong>cadunico.dataprev.gov.br<\/strong>)<\/li>\n\n\n\n<li>Use o app do <strong>Cadastro \u00danico<\/strong> no seu celular (dispon\u00edvel para Android e iOS)<\/li>\n\n\n\n<li>Ligue para o <strong>CRAS<\/strong> mais pr\u00f3ximo e pergunte sobre sua situa\u00e7\u00e3o<\/li>\n\n\n\n<li>V\u00e1 pessoalmente ao CRAS com seus documentos para uma atualiza\u00e7\u00e3o<\/li>\n<\/ol>\n\n\n\n<p>Se ao fazer a consulta aparecer um <strong>&#8220;Cadastro em revis\u00e3o&#8221;<\/strong>, isso significa que \u00e9 necess\u00e1rio atualizar os dados imediatamente para n\u00e3o perder benef\u00edcios.<\/p>\n\n\n\n<h2 class=\"wp-block-heading\">Como atualizar o Cadastro \u00danico e evitar problemas<\/h2>\n\n\n\n<p>A atualiza\u00e7\u00e3o deve ser feita no CRAS (Centro de Refer\u00eancia de Assist\u00eancia Social) do seu munic\u00edpio. Leve os documentos de todos os moradores da casa e garanta que tudo esteja correto. Os principais documentos necess\u00e1rios s\u00e3o:<\/p>\n\n\n\n<ul class=\"wp-block-list\">\n<li><strong>Documento de identidade<\/strong> (RG ou carteira de trabalho)<\/li>\n\n\n\n<li><strong>CPF<\/strong><\/li>\n\n\n\n<li><strong>Comprovante de resid\u00eancia atualizado<\/strong><\/li>\n\n\n\n<li><strong>Comprovante de renda (se houver)<\/strong><\/li>\n\n\n\n<li><strong>Certid\u00e3o de nascimento (para crian\u00e7as)<\/strong><\/li>\n<\/ul>\n\n\n\n<p>O respons\u00e1vel familiar deve ir pessoalmente ao CRAS para fazer essa atualiza\u00e7\u00e3o. Em alguns casos, pode ser necess\u00e1rio agendar um atendimento.<\/p>\n\n\n\n<h2 class=\"wp-block-heading\">Outras falhas que podem te impedir de receber benef\u00edcios<\/h2>\n\n\n\n<p>Al\u00e9m da falta de atualiza\u00e7\u00e3o, outros erros no Cadastro \u00danico podem prejudicar o acesso aos programas sociais. Veja os mais comuns:<\/p>\n\n\n\n<h3 class=\"wp-block-heading\">1# Informa\u00e7\u00f5es inconsistentes<\/h3>\n\n\n\n<p>Se os dados informados no Cadastro \u00danico n\u00e3o batem com outras bases do governo, o sistema pode bloquear o benef\u00edcio. Isso acontece, por exemplo, quando uma pessoa declara uma renda menor do que realmente recebe ou quando h\u00e1 diverg\u00eancias nos documentos.<\/p>\n\n\n\n<h3 class=\"wp-block-heading\">2# CPF irregular<\/h3>\n\n\n\n<p>O CPF \u00e9 o principal documento usado para identificar as fam\u00edlias no Cadastro \u00danico. Se ele estiver suspenso ou irregular na Receita Federal, o cadastro pode ser bloqueado.<\/p>\n\n\n\n<p>Para resolver, \u00e9 necess\u00e1rio regularizar o CPF pelo site da Receita Federal ou em uma ag\u00eancia dos Correios, Banco do Brasil ou Caixa Econ\u00f4mica Federal.<\/p>\n\n\n\n<h3 class=\"wp-block-heading\">3# Cadastro duplicado<\/h3>\n\n\n\n<p>Pode acontecer de uma mesma pessoa aparecer em mais de um grupo familiar no Cadastro \u00danico. Quando isso acontece, o sistema pode entender que h\u00e1 fraude e bloquear os benef\u00edcios.<\/p>\n\n\n\n<p>A solu\u00e7\u00e3o \u00e9 comparecer ao CRAS e solicitar a corre\u00e7\u00e3o do cadastro.<\/p>\n\n\n\n<h2 class=\"wp-block-heading\">O que fazer se o benef\u00edcio foi bloqueado?<\/h2>\n\n\n\n<p>Se voc\u00ea perdeu um benef\u00edcio por erro no Cadastro \u00danico, o primeiro passo \u00e9 entender o motivo do bloqueio. Consulte sua situa\u00e7\u00e3o online ou no CRAS e fa\u00e7a a atualiza\u00e7\u00e3o dos dados.<\/p>\n\n\n\n<p>Se o problema for a falta de atualiza\u00e7\u00e3o, a regulariza\u00e7\u00e3o pode fazer o benef\u00edcio voltar no m\u00eas seguinte. J\u00e1 se houver erro de informa\u00e7\u00f5es, pode ser necess\u00e1rio aguardar uma nova an\u00e1lise do governo.<\/p>\n\n\n\n<p>O mais importante \u00e9 n\u00e3o deixar para resolver isso s\u00f3 quando precisar do benef\u00edcio. Manter o Cadastro \u00danico sempre atualizado evita dor de cabe\u00e7a e garante que voc\u00ea continue recebendo o que tem direito.<\/p>\n\n\n\n<p><strong>Veja tamb\u00e9m: <a href=\"https:\/\/www.vagadeempregorj.com.br\/es\/bolsa-familia-cancelado-saiba-como-proceder-neste-caso\/\">Bolsa Fam\u00edlia CANCELADO? Saiba como proceder neste caso<\/a><\/strong><\/p>\n\n\n\n<p>24 de fevereiro de 2025<\/p>\n\n\n\n<p><\/p>","protected":false},"excerpt":{"rendered":"<p>O Cadastro \u00danico \u00e9 a porta de entrada para diversos programas sociais no Brasil. Se h\u00e1 um erro no seu cadastro, pode ser que voc\u00ea perca benef\u00edcios como Bolsa Fam\u00edlia, Tarifa Social de Energia e BPC. O problema? Muita gente nem sabe que est\u00e1 com o cadastro irregular at\u00e9 precisar do aux\u00edlio e ser surpreendido&hellip;&nbsp;<\/p>","protected":false},"author":16,"featured_media":42764,"comment_status":"closed","ping_status":"closed","sticky":false,"template":"","format":"standard","meta":{"neve_meta_sidebar":"","neve_meta_container":"","neve_meta_enable_content_width":"","neve_meta_content_width":0,"neve_meta_title_alignment":"","neve_meta_author_avatar":"","neve_post_elements_order":"","neve_meta_disable_header":"","neve_meta_disable_footer":"","neve_meta_disable_title":"","footnotes":""},"categories":[1],"tags":[814],"class_list":["post-42762","post","type-post","status-publish","format-standard","has-post-thumbnail","hentry","category-beneficios-sociais","tag-beneficio-social"],"yoast_head":"<!-- This site is optimized with the Yoast SEO plugin v27.5 - https:\/\/yoast.com\/product\/yoast-seo-wordpress\/ -->\n<title>Cadastro \u00danico: o erro que pode te impedir de receber benef\u00edcios -<\/title>\n<meta name=\"description\" content=\"Veja em Vagas de Emprego RJ as vagas de emprego com e sem experi\u00eancia no seu Estado e Regi\u00e3o!\" \/>\n<meta name=\"robots\" content=\"index, follow, max-snippet:-1, max-image-preview:large, max-video-preview:-1\" \/>\n<link rel=\"canonical\" href=\"https:\/\/www.vagadeempregorj.com.br\/es\/cadastro-unico-o-erro-que-pode-te-impedir-de-receber-beneficios\/\" \/>\n<meta property=\"og:locale\" content=\"es_MX\" \/>\n<meta property=\"og:type\" content=\"article\" \/>\n<meta property=\"og:title\" content=\"Cadastro \u00danico: o erro que pode te impedir de receber benef\u00edcios -\" \/>\n<meta property=\"og:description\" content=\"Veja em Vagas de Emprego RJ as vagas de emprego com e sem experi\u00eancia no seu Estado e Regi\u00e3o!\" \/>\n<meta property=\"og:url\" content=\"https:\/\/www.vagadeempregorj.com.br\/es\/cadastro-unico-o-erro-que-pode-te-impedir-de-receber-beneficios\/\" \/>\n<meta property=\"article:publisher\" content=\"https:\/\/www.facebook.com\/empregobrasiloficial\" \/>\n<meta property=\"article:published_time\" content=\"2025-02-24T09:00:00+00:00\" \/>\n<meta property=\"og:image\" content=\"https:\/\/www.vagadeempregorj.com.br\/wp-content\/uploads\/2025\/02\/cadastro-unico.webp\" \/>\n\t<meta property=\"og:image:width\" content=\"1792\" \/>\n\t<meta property=\"og:image:height\" content=\"1024\" \/>\n\t<meta property=\"og:image:type\" content=\"image\/webp\" \/>\n<meta name=\"author\" content=\"Michele\" \/>\n<meta name=\"twitter:card\" content=\"summary_large_image\" \/>\n<meta name=\"twitter:label1\" content=\"Written by\" \/>\n\t<meta name=\"twitter:data1\" content=\"Michele\" \/>\n\t<meta name=\"twitter:label2\" content=\"Est. reading time\" \/>\n\t<meta name=\"twitter:data2\" content=\"4 minutos\" \/>\n<script type=\"application\/ld+json\" class=\"yoast-schema-graph\">{\"@context\":\"https:\\\/\\\/schema.org\",\"@graph\":[{\"@type\":\"Article\",\"@id\":\"https:\\\/\\\/www.vagadeempregorj.com.br\\\/cadastro-unico-o-erro-que-pode-te-impedir-de-receber-beneficios\\\/#article\",\"isPartOf\":{\"@id\":\"https:\\\/\\\/www.vagadeempregorj.com.br\\\/cadastro-unico-o-erro-que-pode-te-impedir-de-receber-beneficios\\\/\"},\"author\":{\"name\":\"Michele\",\"@id\":\"https:\\\/\\\/www.vagadeempregorj.com.br\\\/#\\\/schema\\\/person\\\/3ddb19fa0539706786e502152f3aae95\"},\"headline\":\"Cadastro \u00danico: o erro que pode te impedir de receber benef\u00edcios\",\"datePublished\":\"2025-02-24T09:00:00+00:00\",\"mainEntityOfPage\":{\"@id\":\"https:\\\/\\\/www.vagadeempregorj.com.br\\\/cadastro-unico-o-erro-que-pode-te-impedir-de-receber-beneficios\\\/\"},\"wordCount\":867,\"image\":{\"@id\":\"https:\\\/\\\/www.vagadeempregorj.com.br\\\/cadastro-unico-o-erro-que-pode-te-impedir-de-receber-beneficios\\\/#primaryimage\"},\"thumbnailUrl\":\"https:\\\/\\\/www.vagadeempregorj.com.br\\\/wp-content\\\/uploads\\\/2025\\\/02\\\/cadastro-unico.webp\",\"keywords\":[\"benef\u00edcio social\"],\"articleSection\":[\"Benef\u00edcios Sociais\"],\"inLanguage\":\"es\"},{\"@type\":\"WebPage\",\"@id\":\"https:\\\/\\\/www.vagadeempregorj.com.br\\\/cadastro-unico-o-erro-que-pode-te-impedir-de-receber-beneficios\\\/\",\"url\":\"https:\\\/\\\/www.vagadeempregorj.com.br\\\/cadastro-unico-o-erro-que-pode-te-impedir-de-receber-beneficios\\\/\",\"name\":\"Cadastro \u00danico: o erro que pode te impedir de receber benef\u00edcios -\",\"isPartOf\":{\"@id\":\"https:\\\/\\\/www.vagadeempregorj.com.br\\\/#website\"},\"primaryImageOfPage\":{\"@id\":\"https:\\\/\\\/www.vagadeempregorj.com.br\\\/cadastro-unico-o-erro-que-pode-te-impedir-de-receber-beneficios\\\/#primaryimage\"},\"image\":{\"@id\":\"https:\\\/\\\/www.vagadeempregorj.com.br\\\/cadastro-unico-o-erro-que-pode-te-impedir-de-receber-beneficios\\\/#primaryimage\"},\"thumbnailUrl\":\"https:\\\/\\\/www.vagadeempregorj.com.br\\\/wp-content\\\/uploads\\\/2025\\\/02\\\/cadastro-unico.webp\",\"datePublished\":\"2025-02-24T09:00:00+00:00\",\"author\":{\"@id\":\"https:\\\/\\\/www.vagadeempregorj.com.br\\\/#\\\/schema\\\/person\\\/3ddb19fa0539706786e502152f3aae95\"},\"description\":\"Veja em Vagas de Emprego RJ as vagas de emprego com e sem experi\u00eancia no seu Estado e Regi\u00e3o!\",\"breadcrumb\":{\"@id\":\"https:\\\/\\\/www.vagadeempregorj.com.br\\\/cadastro-unico-o-erro-que-pode-te-impedir-de-receber-beneficios\\\/#breadcrumb\"},\"inLanguage\":\"es\",\"potentialAction\":[{\"@type\":\"ReadAction\",\"target\":[\"https:\\\/\\\/www.vagadeempregorj.com.br\\\/cadastro-unico-o-erro-que-pode-te-impedir-de-receber-beneficios\\\/\"]}]},{\"@type\":\"ImageObject\",\"inLanguage\":\"es\",\"@id\":\"https:\\\/\\\/www.vagadeempregorj.com.br\\\/cadastro-unico-o-erro-que-pode-te-impedir-de-receber-beneficios\\\/#primaryimage\",\"url\":\"https:\\\/\\\/www.vagadeempregorj.com.br\\\/wp-content\\\/uploads\\\/2025\\\/02\\\/cadastro-unico.webp\",\"contentUrl\":\"https:\\\/\\\/www.vagadeempregorj.com.br\\\/wp-content\\\/uploads\\\/2025\\\/02\\\/cadastro-unico.webp\",\"width\":1792,\"height\":1024},{\"@type\":\"BreadcrumbList\",\"@id\":\"https:\\\/\\\/www.vagadeempregorj.com.br\\\/cadastro-unico-o-erro-que-pode-te-impedir-de-receber-beneficios\\\/#breadcrumb\",\"itemListElement\":[{\"@type\":\"ListItem\",\"position\":1,\"name\":\"In\u00edcio\",\"item\":\"https:\\\/\\\/www.vagadeempregorj.com.br\\\/\"},{\"@type\":\"ListItem\",\"position\":2,\"name\":\"Benef\u00edcios Sociais\",\"item\":\"https:\\\/\\\/www.vagadeempregorj.com.br\\\/beneficios-sociais\\\/\"},{\"@type\":\"ListItem\",\"position\":3,\"name\":\"Cadastro \u00danico: o erro que pode te impedir de receber benef\u00edcios\"}]},{\"@type\":\"WebSite\",\"@id\":\"https:\\\/\\\/www.vagadeempregorj.com.br\\\/#website\",\"url\":\"https:\\\/\\\/www.vagadeempregorj.com.br\\\/\",\"name\":\"\",\"description\":\"Conquiste Sonhos: Vagas, Benef\u00edcios e Economia para Transformar Vidas e Alcan\u00e7ar Melhorias Cotidianas\",\"potentialAction\":[{\"@type\":\"SearchAction\",\"target\":{\"@type\":\"EntryPoint\",\"urlTemplate\":\"https:\\\/\\\/www.vagadeempregorj.com.br\\\/?s={search_term_string}\"},\"query-input\":{\"@type\":\"PropertyValueSpecification\",\"valueRequired\":true,\"valueName\":\"search_term_string\"}}],\"inLanguage\":\"es\"},{\"@type\":\"Person\",\"@id\":\"https:\\\/\\\/www.vagadeempregorj.com.br\\\/#\\\/schema\\\/person\\\/3ddb19fa0539706786e502152f3aae95\",\"name\":\"Michele\",\"image\":{\"@type\":\"ImageObject\",\"inLanguage\":\"es\",\"@id\":\"https:\\\/\\\/secure.gravatar.com\\\/avatar\\\/6b0eb9d22841282815e2cd856a0061c45e1761cd54b22e952d98c4746939aa85?s=96&r=g\",\"url\":\"https:\\\/\\\/secure.gravatar.com\\\/avatar\\\/6b0eb9d22841282815e2cd856a0061c45e1761cd54b22e952d98c4746939aa85?s=96&r=g\",\"contentUrl\":\"https:\\\/\\\/secure.gravatar.com\\\/avatar\\\/6b0eb9d22841282815e2cd856a0061c45e1761cd54b22e952d98c4746939aa85?s=96&r=g\",\"caption\":\"Michele\"},\"description\":\"Formada em Letras - Portugu\u00eas\\\/ Ingl\u00eas, e idealizadora do site Escritora de Sucesso, busca expandir o conhecimento de todos com informa\u00e7\u00f5es relevantes sobre diversos assuntos, enquanto redatora. No Vaga de Emprego RJ, traz oportunidades e dicas sobre o mercado de trabalho.\",\"url\":\"https:\\\/\\\/www.vagadeempregorj.com.br\\\/es\\\/author\\\/michele\\\/\"}]}<\/script>\n<!-- \/ Yoast SEO plugin. -->","yoast_head_json":{"title":"Cadastro \u00danico: o erro que pode te impedir de receber benef\u00edcios -","description":"Veja em Vagas de Emprego RJ as vagas de emprego com e sem experi\u00eancia no seu Estado e Regi\u00e3o!","robots":{"index":"index","follow":"follow","max-snippet":"max-snippet:-1","max-image-preview":"max-image-preview:large","max-video-preview":"max-video-preview:-1"},"canonical":"https:\/\/www.vagadeempregorj.com.br\/es\/cadastro-unico-o-erro-que-pode-te-impedir-de-receber-beneficios\/","og_locale":"es_MX","og_type":"article","og_title":"Cadastro \u00danico: o erro que pode te impedir de receber benef\u00edcios -","og_description":"Veja em Vagas de Emprego RJ as vagas de emprego com e sem experi\u00eancia no seu Estado e Regi\u00e3o!","og_url":"https:\/\/www.vagadeempregorj.com.br\/es\/cadastro-unico-o-erro-que-pode-te-impedir-de-receber-beneficios\/","article_publisher":"https:\/\/www.facebook.com\/empregobrasiloficial","article_published_time":"2025-02-24T09:00:00+00:00","og_image":[{"width":1792,"height":1024,"url":"https:\/\/www.vagadeempregorj.com.br\/wp-content\/uploads\/2025\/02\/cadastro-unico.webp","type":"image\/webp"}],"author":"Michele","twitter_card":"summary_large_image","twitter_misc":{"Written by":"Michele","Est. reading time":"4 minutos"},"schema":{"@context":"https:\/\/schema.org","@graph":[{"@type":"Article","@id":"https:\/\/www.vagadeempregorj.com.br\/cadastro-unico-o-erro-que-pode-te-impedir-de-receber-beneficios\/#article","isPartOf":{"@id":"https:\/\/www.vagadeempregorj.com.br\/cadastro-unico-o-erro-que-pode-te-impedir-de-receber-beneficios\/"},"author":{"name":"Michele","@id":"https:\/\/www.vagadeempregorj.com.br\/#\/schema\/person\/3ddb19fa0539706786e502152f3aae95"},"headline":"Cadastro \u00danico: o erro que pode te impedir de receber benef\u00edcios","datePublished":"2025-02-24T09:00:00+00:00","mainEntityOfPage":{"@id":"https:\/\/www.vagadeempregorj.com.br\/cadastro-unico-o-erro-que-pode-te-impedir-de-receber-beneficios\/"},"wordCount":867,"image":{"@id":"https:\/\/www.vagadeempregorj.com.br\/cadastro-unico-o-erro-que-pode-te-impedir-de-receber-beneficios\/#primaryimage"},"thumbnailUrl":"https:\/\/www.vagadeempregorj.com.br\/wp-content\/uploads\/2025\/02\/cadastro-unico.webp","keywords":["benef\u00edcio social"],"articleSection":["Benef\u00edcios Sociais"],"inLanguage":"es"},{"@type":"WebPage","@id":"https:\/\/www.vagadeempregorj.com.br\/cadastro-unico-o-erro-que-pode-te-impedir-de-receber-beneficios\/","url":"https:\/\/www.vagadeempregorj.com.br\/cadastro-unico-o-erro-que-pode-te-impedir-de-receber-beneficios\/","name":"Cadastro \u00danico: o erro que pode te impedir de receber benef\u00edcios -","isPartOf":{"@id":"https:\/\/www.vagadeempregorj.com.br\/#website"},"primaryImageOfPage":{"@id":"https:\/\/www.vagadeempregorj.com.br\/cadastro-unico-o-erro-que-pode-te-impedir-de-receber-beneficios\/#primaryimage"},"image":{"@id":"https:\/\/www.vagadeempregorj.com.br\/cadastro-unico-o-erro-que-pode-te-impedir-de-receber-beneficios\/#primaryimage"},"thumbnailUrl":"https:\/\/www.vagadeempregorj.com.br\/wp-content\/uploads\/2025\/02\/cadastro-unico.webp","datePublished":"2025-02-24T09:00:00+00:00","author":{"@id":"https:\/\/www.vagadeempregorj.com.br\/#\/schema\/person\/3ddb19fa0539706786e502152f3aae95"},"description":"Veja em Vagas de Emprego RJ as vagas de emprego com e sem experi\u00eancia no seu Estado e Regi\u00e3o!","breadcrumb":{"@id":"https:\/\/www.vagadeempregorj.com.br\/cadastro-unico-o-erro-que-pode-te-impedir-de-receber-beneficios\/#breadcrumb"},"inLanguage":"es","potentialAction":[{"@type":"ReadAction","target":["https:\/\/www.vagadeempregorj.com.br\/cadastro-unico-o-erro-que-pode-te-impedir-de-receber-beneficios\/"]}]},{"@type":"ImageObject","inLanguage":"es","@id":"https:\/\/www.vagadeempregorj.com.br\/cadastro-unico-o-erro-que-pode-te-impedir-de-receber-beneficios\/#primaryimage","url":"https:\/\/www.vagadeempregorj.com.br\/wp-content\/uploads\/2025\/02\/cadastro-unico.webp","contentUrl":"https:\/\/www.vagadeempregorj.com.br\/wp-content\/uploads\/2025\/02\/cadastro-unico.webp","width":1792,"height":1024},{"@type":"BreadcrumbList","@id":"https:\/\/www.vagadeempregorj.com.br\/cadastro-unico-o-erro-que-pode-te-impedir-de-receber-beneficios\/#breadcrumb","itemListElement":[{"@type":"ListItem","position":1,"name":"In\u00edcio","item":"https:\/\/www.vagadeempregorj.com.br\/"},{"@type":"ListItem","position":2,"name":"Benef\u00edcios Sociais","item":"https:\/\/www.vagadeempregorj.com.br\/beneficios-sociais\/"},{"@type":"ListItem","position":3,"name":"Cadastro \u00danico: o erro que pode te impedir de receber benef\u00edcios"}]},{"@type":"WebSite","@id":"https:\/\/www.vagadeempregorj.com.br\/#website","url":"https:\/\/www.vagadeempregorj.com.br\/","name":"","description":"Conquiste Sonhos: Vagas, Benef\u00edcios e Economia para Transformar Vidas e Alcan\u00e7ar Melhorias Cotidianas","potentialAction":[{"@type":"SearchAction","target":{"@type":"EntryPoint","urlTemplate":"https:\/\/www.vagadeempregorj.com.br\/?s={search_term_string}"},"query-input":{"@type":"PropertyValueSpecification","valueRequired":true,"valueName":"search_term_string"}}],"inLanguage":"es"},{"@type":"Person","@id":"https:\/\/www.vagadeempregorj.com.br\/#\/schema\/person\/3ddb19fa0539706786e502152f3aae95","name":"Michele","image":{"@type":"ImageObject","inLanguage":"es","@id":"https:\/\/secure.gravatar.com\/avatar\/6b0eb9d22841282815e2cd856a0061c45e1761cd54b22e952d98c4746939aa85?s=96&r=g","url":"https:\/\/secure.gravatar.com\/avatar\/6b0eb9d22841282815e2cd856a0061c45e1761cd54b22e952d98c4746939aa85?s=96&r=g","contentUrl":"https:\/\/secure.gravatar.com\/avatar\/6b0eb9d22841282815e2cd856a0061c45e1761cd54b22e952d98c4746939aa85?s=96&r=g","caption":"Michele"},"description":"Formada em Letras - Portugu\u00eas\/ Ingl\u00eas, e idealizadora do site Escritora de Sucesso, busca expandir o conhecimento de todos com informa\u00e7\u00f5es relevantes sobre diversos assuntos, enquanto redatora. No Vaga de Emprego RJ, traz oportunidades e dicas sobre o mercado de trabalho.","url":"https:\/\/www.vagadeempregorj.com.br\/es\/author\/michele\/"}]}},"_links":{"self":[{"href":"https:\/\/www.vagadeempregorj.com.br\/es\/wp-json\/wp\/v2\/posts\/42762","targetHints":{"allow":["GET"]}}],"collection":[{"href":"https:\/\/www.vagadeempregorj.com.br\/es\/wp-json\/wp\/v2\/posts"}],"about":[{"href":"https:\/\/www.vagadeempregorj.com.br\/es\/wp-json\/wp\/v2\/types\/post"}],"author":[{"embeddable":true,"href":"https:\/\/www.vagadeempregorj.com.br\/es\/wp-json\/wp\/v2\/users\/16"}],"replies":[{"embeddable":true,"href":"https:\/\/www.vagadeempregorj.com.br\/es\/wp-json\/wp\/v2\/comments?post=42762"}],"version-history":[{"count":0,"href":"https:\/\/www.vagadeempregorj.com.br\/es\/wp-json\/wp\/v2\/posts\/42762\/revisions"}],"wp:featuredmedia":[{"embeddable":true,"href":"https:\/\/www.vagadeempregorj.com.br\/es\/wp-json\/wp\/v2\/media\/42764"}],"wp:attachment":[{"href":"https:\/\/www.vagadeempregorj.com.br\/es\/wp-json\/wp\/v2\/media?parent=42762"}],"wp:term":[{"taxonomy":"category","embeddable":true,"href":"https:\/\/www.vagadeempregorj.com.br\/es\/wp-json\/wp\/v2\/categories?post=42762"},{"taxonomy":"post_tag","embeddable":true,"href":"https:\/\/www.vagadeempregorj.com.br\/es\/wp-json\/wp\/v2\/tags?post=42762"}],"curies":[{"name":"wp","href":"https:\/\/api.w.org\/{rel}","templated":true}]}}