{"id":42772,"date":"2025-02-27T06:00:00","date_gmt":"2025-02-27T09:00:00","guid":{"rendered":"https:\/\/www.vagadeempregorj.com.br\/?p=42772"},"modified":"2025-02-22T22:09:27","modified_gmt":"2025-02-23T01:09:27","slug":"auxilio-gas-governo-esta-pagando-novo-valor-veja-se-voce-recebe","status":"publish","type":"post","link":"https:\/\/www.vagadeempregorj.com.br\/es\/auxilio-gas-governo-esta-pagando-novo-valor-veja-se-voce-recebe\/","title":{"rendered":"Aux\u00edlio G\u00e1s: Governo est\u00e1 pagando novo valor! Veja se voc\u00ea recebe"},"content":{"rendered":"<p>O <strong>Aux\u00edlio G\u00e1s<\/strong> \u00e9 um benef\u00edcio essencial para muitas fam\u00edlias brasileiras, ajudando a reduzir o impacto do custo do g\u00e1s de cozinha no or\u00e7amento. O governo anunciou um novo valor para o aux\u00edlio, e muitas pessoas ainda n\u00e3o sabem se t\u00eam direito ou como receber o benef\u00edcio. Se esse \u00e9 o seu caso, continue lendo para entender tudo sobre esse pagamento, quem pode receber e como garantir o seu direito.<\/p>\n\n\n\n<figure class=\"wp-block-image size-large\"><img loading=\"lazy\" decoding=\"async\" width=\"1024\" height=\"585\" src=\"https:\/\/www.vagadeempregorj.com.br\/wp-content\/uploads\/2025\/02\/auxilio-gas-2025-1024x585.webp\" alt=\"\" class=\"wp-image-42773\" srcset=\"https:\/\/www.vagadeempregorj.com.br\/wp-content\/uploads\/2025\/02\/auxilio-gas-2025-1024x585.webp 1024w, https:\/\/www.vagadeempregorj.com.br\/wp-content\/uploads\/2025\/02\/auxilio-gas-2025-300x171.webp 300w, https:\/\/www.vagadeempregorj.com.br\/wp-content\/uploads\/2025\/02\/auxilio-gas-2025-768x439.webp 768w, https:\/\/www.vagadeempregorj.com.br\/wp-content\/uploads\/2025\/02\/auxilio-gas-2025-1536x878.webp 1536w, https:\/\/www.vagadeempregorj.com.br\/wp-content\/uploads\/2025\/02\/auxilio-gas-2025-150x86.webp 150w, https:\/\/www.vagadeempregorj.com.br\/wp-content\/uploads\/2025\/02\/auxilio-gas-2025.webp 1792w\" sizes=\"auto, (max-width: 1024px) 100vw, 1024px\" \/><\/figure>\n\n\n\n<h2 class=\"wp-block-heading\">O que \u00e9 o Aux\u00edlio G\u00e1s?<\/h2>\n\n\n\n<p>O Aux\u00edlio G\u00e1s foi criado para ajudar fam\u00edlias de baixa renda a arcar com o custo do g\u00e1s de cozinha, item essencial para a alimenta\u00e7\u00e3o do dia a dia. O benef\u00edcio \u00e9 pago a cada dois meses e o valor pode variar de acordo com a m\u00e9dia nacional do pre\u00e7o do botij\u00e3o de 13 kg.<\/p>\n\n\n\n<p>O objetivo do programa \u00e9 garantir que as fam\u00edlias mais vulner\u00e1veis n\u00e3o fiquem sem g\u00e1s para cozinhar, principalmente diante das constantes oscila\u00e7\u00f5es nos pre\u00e7os do g\u00e1s de cozinha no Brasil.<\/p>\n\n\n\n<h2 class=\"wp-block-heading\">Quem tem direito ao Aux\u00edlio G\u00e1s?<\/h2>\n\n\n\n<p>Para receber o Aux\u00edlio G\u00e1s, \u00e9 necess\u00e1rio estar inscrito no Cadastro \u00danico (Cad\u00danico) e atender aos seguintes crit\u00e9rios:<\/p>\n\n\n\n<ul class=\"wp-block-list\">\n<li>Ter renda per capita de at\u00e9 meio sal\u00e1rio m\u00ednimo;<\/li>\n\n\n\n<li>Estar inscrito em programas sociais do governo, como o Bolsa Fam\u00edlia;<\/li>\n\n\n\n<li>Fam\u00edlias que possuem entre seus membros pessoas que recebem o Benef\u00edcio de Presta\u00e7\u00e3o Continuada (BPC).<\/li>\n<\/ul>\n\n\n\n<p>O governo prioriza mulheres v\u00edtimas de viol\u00eancia dom\u00e9stica que estejam sob medidas protetivas, garantindo que esse benef\u00edcio chegue a quem mais precisa.<\/p>\n\n\n\n<h2 class=\"wp-block-heading\">Novo valor do Aux\u00edlio G\u00e1s<\/h2>\n\n\n\n<p>O governo reajustou o valor do Aux\u00edlio G\u00e1s com base no pre\u00e7o m\u00e9dio do botij\u00e3o de 13 kg. Antes, o valor correspondia a cerca de 50% do pre\u00e7o m\u00e9dio do g\u00e1s. Com a nova mudan\u00e7a, o benef\u00edcio passa a cobrir 100% do valor m\u00e9dio do botij\u00e3o, garantindo mais seguran\u00e7a alimentar \u00e0s fam\u00edlias beneficiadas.<\/p>\n\n\n\n<p>O valor exato pode variar de acordo com os c\u00e1lculos do governo, mas a \u00faltima atualiza\u00e7\u00e3o mostra que os benefici\u00e1rios est\u00e3o recebendo aproximadamente R$ 100 por parcela, dependendo da varia\u00e7\u00e3o de pre\u00e7o do g\u00e1s em cada per\u00edodo.<\/p>\n\n\n\n<h2 class=\"wp-block-heading\">Como saber se voc\u00ea recebe o Aux\u00edlio G\u00e1s?<\/h2>\n\n\n\n<p>Se voc\u00ea j\u00e1 est\u00e1 inscrito no Cad\u00danico e atende aos crit\u00e9rios de renda, pode verificar se est\u00e1 na lista de benefici\u00e1rios pelos seguintes canais:<\/p>\n\n\n\n<ul class=\"wp-block-list\">\n<li><strong>Aplicativo Bolsa Fam\u00edlia<\/strong>: dispon\u00edvel para Android e iOS, permite consultar o benef\u00edcio pelo CPF.<\/li>\n\n\n\n<li><strong>Aplicativo Caixa Tem<\/strong>: para quem recebe o pagamento pela conta digital da Caixa.<\/li>\n\n\n\n<li><strong>Central de Atendimento 111<\/strong>: telefone da Caixa Econ\u00f4mica Federal para informa\u00e7\u00f5es sobre benef\u00edcios sociais.<\/li>\n\n\n\n<li><strong>Centros de Refer\u00eancia de Assist\u00eancia Social (CRAS)<\/strong>: atendimento presencial para esclarecer d\u00favidas e atualizar cadastros.<\/li>\n<\/ul>\n\n\n\n<p>\u00c9 importante lembrar que o pagamento ocorre a cada dois meses, ent\u00e3o fique atento ao calend\u00e1rio oficial para saber quando poder\u00e1 sacar o valor.<\/p>\n\n\n\n<h2 class=\"wp-block-heading\">Como receber o Aux\u00edlio G\u00e1s?<\/h2>\n\n\n\n<p>O pagamento do Aux\u00edlio G\u00e1s segue o calend\u00e1rio do Bolsa Fam\u00edlia e pode ser feito das seguintes formas:<\/p>\n\n\n\n<p>1# <strong>Conta Poupan\u00e7a Social Digital<\/strong> \u2013 o valor \u00e9 depositado diretamente no Caixa Tem. 2# <strong>Cart\u00e3o do Bolsa Fam\u00edlia<\/strong> \u2013 quem j\u00e1 recebe o Bolsa Fam\u00edlia pode usar o mesmo cart\u00e3o para sacar o aux\u00edlio. 3# <strong>Ag\u00eancias da Caixa<\/strong> \u2013 quem n\u00e3o tem conta pode sacar o valor nas lot\u00e9ricas, terminais de autoatendimento e correspondentes Caixa Aqui.<\/p>\n\n\n\n<p>O governo realiza o dep\u00f3sito de acordo com o \u00faltimo d\u00edgito do NIS (N\u00famero de Identifica\u00e7\u00e3o Social), por isso, \u00e9 essencial acompanhar o calend\u00e1rio para n\u00e3o perder a data do pagamento.<\/p>\n\n\n\n<h2 class=\"wp-block-heading\">Como atualizar o Cadastro \u00danico para garantir o benef\u00edcio?<\/h2>\n\n\n\n<p>Muitas fam\u00edlias deixam de receber o Aux\u00edlio G\u00e1s por estarem com dados desatualizados no Cadastro \u00danico. Para evitar problemas e garantir o recebimento do benef\u00edcio, siga estas etapas:<\/p>\n\n\n\n<p>1# <strong>V\u00e1 at\u00e9 um CRAS<\/strong> \u2013 O Centro de Refer\u00eancia de Assist\u00eancia Social da sua cidade pode atualizar suas informa\u00e7\u00f5es. 2# <strong>Leve os documentos necess\u00e1rios<\/strong> \u2013 RG, CPF, comprovante de resid\u00eancia e documentos de todos os membros da fam\u00edlia. 3# <strong>Informe mudan\u00e7as na renda ou na composi\u00e7\u00e3o familiar<\/strong> \u2013 Se algu\u00e9m da sua fam\u00edlia passou a trabalhar ou houve nascimento de uma crian\u00e7a, \u00e9 essencial informar.<\/p>\n\n\n\n<p>A atualiza\u00e7\u00e3o do Cad\u00danico deve ser feita a cada dois anos ou sempre que houver mudan\u00e7as na composi\u00e7\u00e3o familiar.<\/p>\n\n\n\n<h2 class=\"wp-block-heading\">O que fazer se voc\u00ea n\u00e3o recebeu o Aux\u00edlio G\u00e1s?<\/h2>\n\n\n\n<p>Se voc\u00ea atende a todos os crit\u00e9rios, mas n\u00e3o recebeu o benef\u00edcio, pode verificar o motivo e tentar resolver a situa\u00e7\u00e3o:<\/p>\n\n\n\n<ul class=\"wp-block-list\">\n<li><strong>Consulte seu cadastro<\/strong> \u2013 No CRAS ou pelo aplicativo Bolsa Fam\u00edlia.<\/li>\n\n\n\n<li><strong>Verifique se houve bloqueio<\/strong> \u2013 Algumas fam\u00edlias podem ter o benef\u00edcio suspenso por falta de atualiza\u00e7\u00e3o cadastral.<\/li>\n\n\n\n<li><strong>Confirme a regularidade do seu NIS<\/strong> \u2013 Problemas no NIS podem impedir o pagamento.<\/li>\n<\/ul>\n\n\n\n<p>Caso tenha encontrado alguma irregularidade, regularize sua situa\u00e7\u00e3o o mais r\u00e1pido poss\u00edvel para garantir o recebimento do aux\u00edlio nos pr\u00f3ximos meses.<\/p>\n\n\n\n<h2 class=\"wp-block-heading\">Como o Aux\u00edlio G\u00e1s impacta as fam\u00edlias brasileiras?<\/h2>\n\n\n\n<p>Com o aumento do pre\u00e7o do g\u00e1s de cozinha nos \u00faltimos anos, muitas fam\u00edlias passaram a enfrentar dificuldades para cozinhar. O Aux\u00edlio G\u00e1s tem um papel fundamental na seguran\u00e7a alimentar, garantindo que ningu\u00e9m precise recorrer a alternativas perigosas, como o uso de lenha ou \u00e1lcool para cozinhar.<\/p>\n\n\n\n<p>Al\u00e9m disso, o benef\u00edcio ajuda a aliviar o or\u00e7amento familiar, permitindo que o dinheiro que seria gasto com g\u00e1s possa ser utilizado em outras despesas essenciais, como alimenta\u00e7\u00e3o e sa\u00fade.<\/p>\n\n\n\n<h2 class=\"wp-block-heading\">Um novo valor<\/h2>\n\n\n\n<p>O novo valor do Aux\u00edlio G\u00e1s \u00e9 uma importante medida do governo para garantir que as fam\u00edlias de baixa renda tenham acesso a um item essencial. Se voc\u00ea atende aos requisitos, verifique seu cadastro, acompanhe o calend\u00e1rio de pagamentos e garanta o seu direito.<\/p>\n\n\n\n<p>Se ainda n\u00e3o recebe, mas acredita que se enquadra nos crit\u00e9rios, procure um CRAS para regularizar sua situa\u00e7\u00e3o. O g\u00e1s de cozinha \u00e9 fundamental para a alimenta\u00e7\u00e3o e o bem-estar, e esse benef\u00edcio pode fazer a diferen\u00e7a no dia a dia da sua fam\u00edlia.<\/p>\n\n\n\n<p><strong>Veja tamb\u00e9m: <a href=\"https:\/\/www.vagadeempregorj.com.br\/es\/bolsa-familia-cancelado-saiba-como-proceder-neste-caso\/\">Bolsa Fam\u00edlia CANCELADO? Saiba como proceder neste caso<\/a><\/strong><\/p>\n\n\n\n<p>27 de fevereiro de 2025<\/p>","protected":false},"excerpt":{"rendered":"<p>O Aux\u00edlio G\u00e1s \u00e9 um benef\u00edcio essencial para muitas fam\u00edlias brasileiras, ajudando a reduzir o impacto do custo do g\u00e1s de cozinha no or\u00e7amento. O governo anunciou um novo valor para o aux\u00edlio, e muitas pessoas ainda n\u00e3o sabem se t\u00eam direito ou como receber o benef\u00edcio. Se esse \u00e9 o seu caso, continue lendo&hellip;&nbsp;<\/p>","protected":false},"author":16,"featured_media":42773,"comment_status":"closed","ping_status":"closed","sticky":false,"template":"","format":"standard","meta":{"neve_meta_sidebar":"","neve_meta_container":"","neve_meta_enable_content_width":"","neve_meta_content_width":0,"neve_meta_title_alignment":"","neve_meta_author_avatar":"","neve_post_elements_order":"","neve_meta_disable_header":"","neve_meta_disable_footer":"","neve_meta_disable_title":"","footnotes":""},"categories":[1],"tags":[],"class_list":["post-42772","post","type-post","status-publish","format-standard","has-post-thumbnail","hentry","category-beneficios-sociais"],"yoast_head":"<!-- This site is optimized with the Yoast SEO plugin v27.5 - https:\/\/yoast.com\/product\/yoast-seo-wordpress\/ -->\n<title>Aux\u00edlio G\u00e1s: Governo est\u00e1 pagando novo valor! Veja se voc\u00ea recebe -<\/title>\n<meta name=\"description\" content=\"Veja em Vagas de Emprego RJ as vagas de emprego com e sem experi\u00eancia no seu Estado e Regi\u00e3o!\" \/>\n<meta name=\"robots\" content=\"index, follow, max-snippet:-1, max-image-preview:large, max-video-preview:-1\" \/>\n<link rel=\"canonical\" href=\"https:\/\/www.vagadeempregorj.com.br\/es\/auxilio-gas-governo-esta-pagando-novo-valor-veja-se-voce-recebe\/\" \/>\n<meta property=\"og:locale\" content=\"es_MX\" \/>\n<meta property=\"og:type\" content=\"article\" \/>\n<meta property=\"og:title\" content=\"Aux\u00edlio G\u00e1s: Governo est\u00e1 pagando novo valor! Veja se voc\u00ea recebe -\" \/>\n<meta property=\"og:description\" content=\"Veja em Vagas de Emprego RJ as vagas de emprego com e sem experi\u00eancia no seu Estado e Regi\u00e3o!\" \/>\n<meta property=\"og:url\" content=\"https:\/\/www.vagadeempregorj.com.br\/es\/auxilio-gas-governo-esta-pagando-novo-valor-veja-se-voce-recebe\/\" \/>\n<meta property=\"article:publisher\" content=\"https:\/\/www.facebook.com\/empregobrasiloficial\" \/>\n<meta property=\"article:published_time\" content=\"2025-02-27T09:00:00+00:00\" \/>\n<meta property=\"og:image\" content=\"https:\/\/www.vagadeempregorj.com.br\/wp-content\/uploads\/2025\/02\/auxilio-gas-2025.webp\" \/>\n\t<meta property=\"og:image:width\" content=\"1792\" \/>\n\t<meta property=\"og:image:height\" content=\"1024\" \/>\n\t<meta property=\"og:image:type\" content=\"image\/webp\" \/>\n<meta name=\"author\" content=\"Michele\" \/>\n<meta name=\"twitter:card\" content=\"summary_large_image\" \/>\n<meta name=\"twitter:label1\" content=\"Written by\" \/>\n\t<meta name=\"twitter:data1\" content=\"Michele\" \/>\n\t<meta name=\"twitter:label2\" content=\"Est. reading time\" \/>\n\t<meta name=\"twitter:data2\" content=\"6 minutos\" \/>\n<script type=\"application\/ld+json\" class=\"yoast-schema-graph\">{\"@context\":\"https:\\\/\\\/schema.org\",\"@graph\":[{\"@type\":\"Article\",\"@id\":\"https:\\\/\\\/www.vagadeempregorj.com.br\\\/auxilio-gas-governo-esta-pagando-novo-valor-veja-se-voce-recebe\\\/#article\",\"isPartOf\":{\"@id\":\"https:\\\/\\\/www.vagadeempregorj.com.br\\\/auxilio-gas-governo-esta-pagando-novo-valor-veja-se-voce-recebe\\\/\"},\"author\":{\"name\":\"Michele\",\"@id\":\"https:\\\/\\\/www.vagadeempregorj.com.br\\\/#\\\/schema\\\/person\\\/3ddb19fa0539706786e502152f3aae95\"},\"headline\":\"Aux\u00edlio G\u00e1s: Governo est\u00e1 pagando novo valor! Veja se voc\u00ea recebe\",\"datePublished\":\"2025-02-27T09:00:00+00:00\",\"mainEntityOfPage\":{\"@id\":\"https:\\\/\\\/www.vagadeempregorj.com.br\\\/auxilio-gas-governo-esta-pagando-novo-valor-veja-se-voce-recebe\\\/\"},\"wordCount\":1117,\"image\":{\"@id\":\"https:\\\/\\\/www.vagadeempregorj.com.br\\\/auxilio-gas-governo-esta-pagando-novo-valor-veja-se-voce-recebe\\\/#primaryimage\"},\"thumbnailUrl\":\"https:\\\/\\\/www.vagadeempregorj.com.br\\\/wp-content\\\/uploads\\\/2025\\\/02\\\/auxilio-gas-2025.webp\",\"articleSection\":[\"Benef\u00edcios Sociais\"],\"inLanguage\":\"es\"},{\"@type\":\"WebPage\",\"@id\":\"https:\\\/\\\/www.vagadeempregorj.com.br\\\/auxilio-gas-governo-esta-pagando-novo-valor-veja-se-voce-recebe\\\/\",\"url\":\"https:\\\/\\\/www.vagadeempregorj.com.br\\\/auxilio-gas-governo-esta-pagando-novo-valor-veja-se-voce-recebe\\\/\",\"name\":\"Aux\u00edlio G\u00e1s: Governo est\u00e1 pagando novo valor! Veja se voc\u00ea recebe -\",\"isPartOf\":{\"@id\":\"https:\\\/\\\/www.vagadeempregorj.com.br\\\/#website\"},\"primaryImageOfPage\":{\"@id\":\"https:\\\/\\\/www.vagadeempregorj.com.br\\\/auxilio-gas-governo-esta-pagando-novo-valor-veja-se-voce-recebe\\\/#primaryimage\"},\"image\":{\"@id\":\"https:\\\/\\\/www.vagadeempregorj.com.br\\\/auxilio-gas-governo-esta-pagando-novo-valor-veja-se-voce-recebe\\\/#primaryimage\"},\"thumbnailUrl\":\"https:\\\/\\\/www.vagadeempregorj.com.br\\\/wp-content\\\/uploads\\\/2025\\\/02\\\/auxilio-gas-2025.webp\",\"datePublished\":\"2025-02-27T09:00:00+00:00\",\"author\":{\"@id\":\"https:\\\/\\\/www.vagadeempregorj.com.br\\\/#\\\/schema\\\/person\\\/3ddb19fa0539706786e502152f3aae95\"},\"description\":\"Veja em Vagas de Emprego RJ as vagas de emprego com e sem experi\u00eancia no seu Estado e Regi\u00e3o!\",\"breadcrumb\":{\"@id\":\"https:\\\/\\\/www.vagadeempregorj.com.br\\\/auxilio-gas-governo-esta-pagando-novo-valor-veja-se-voce-recebe\\\/#breadcrumb\"},\"inLanguage\":\"es\",\"potentialAction\":[{\"@type\":\"ReadAction\",\"target\":[\"https:\\\/\\\/www.vagadeempregorj.com.br\\\/auxilio-gas-governo-esta-pagando-novo-valor-veja-se-voce-recebe\\\/\"]}]},{\"@type\":\"ImageObject\",\"inLanguage\":\"es\",\"@id\":\"https:\\\/\\\/www.vagadeempregorj.com.br\\\/auxilio-gas-governo-esta-pagando-novo-valor-veja-se-voce-recebe\\\/#primaryimage\",\"url\":\"https:\\\/\\\/www.vagadeempregorj.com.br\\\/wp-content\\\/uploads\\\/2025\\\/02\\\/auxilio-gas-2025.webp\",\"contentUrl\":\"https:\\\/\\\/www.vagadeempregorj.com.br\\\/wp-content\\\/uploads\\\/2025\\\/02\\\/auxilio-gas-2025.webp\",\"width\":1792,\"height\":1024},{\"@type\":\"BreadcrumbList\",\"@id\":\"https:\\\/\\\/www.vagadeempregorj.com.br\\\/auxilio-gas-governo-esta-pagando-novo-valor-veja-se-voce-recebe\\\/#breadcrumb\",\"itemListElement\":[{\"@type\":\"ListItem\",\"position\":1,\"name\":\"In\u00edcio\",\"item\":\"https:\\\/\\\/www.vagadeempregorj.com.br\\\/\"},{\"@type\":\"ListItem\",\"position\":2,\"name\":\"Benef\u00edcios Sociais\",\"item\":\"https:\\\/\\\/www.vagadeempregorj.com.br\\\/beneficios-sociais\\\/\"},{\"@type\":\"ListItem\",\"position\":3,\"name\":\"Aux\u00edlio G\u00e1s: Governo est\u00e1 pagando novo valor! Veja se voc\u00ea recebe\"}]},{\"@type\":\"WebSite\",\"@id\":\"https:\\\/\\\/www.vagadeempregorj.com.br\\\/#website\",\"url\":\"https:\\\/\\\/www.vagadeempregorj.com.br\\\/\",\"name\":\"\",\"description\":\"Conquiste Sonhos: Vagas, Benef\u00edcios e Economia para Transformar Vidas e Alcan\u00e7ar Melhorias Cotidianas\",\"potentialAction\":[{\"@type\":\"SearchAction\",\"target\":{\"@type\":\"EntryPoint\",\"urlTemplate\":\"https:\\\/\\\/www.vagadeempregorj.com.br\\\/?s={search_term_string}\"},\"query-input\":{\"@type\":\"PropertyValueSpecification\",\"valueRequired\":true,\"valueName\":\"search_term_string\"}}],\"inLanguage\":\"es\"},{\"@type\":\"Person\",\"@id\":\"https:\\\/\\\/www.vagadeempregorj.com.br\\\/#\\\/schema\\\/person\\\/3ddb19fa0539706786e502152f3aae95\",\"name\":\"Michele\",\"image\":{\"@type\":\"ImageObject\",\"inLanguage\":\"es\",\"@id\":\"https:\\\/\\\/secure.gravatar.com\\\/avatar\\\/6b0eb9d22841282815e2cd856a0061c45e1761cd54b22e952d98c4746939aa85?s=96&r=g\",\"url\":\"https:\\\/\\\/secure.gravatar.com\\\/avatar\\\/6b0eb9d22841282815e2cd856a0061c45e1761cd54b22e952d98c4746939aa85?s=96&r=g\",\"contentUrl\":\"https:\\\/\\\/secure.gravatar.com\\\/avatar\\\/6b0eb9d22841282815e2cd856a0061c45e1761cd54b22e952d98c4746939aa85?s=96&r=g\",\"caption\":\"Michele\"},\"description\":\"Formada em Letras - Portugu\u00eas\\\/ Ingl\u00eas, e idealizadora do site Escritora de Sucesso, busca expandir o conhecimento de todos com informa\u00e7\u00f5es relevantes sobre diversos assuntos, enquanto redatora. No Vaga de Emprego RJ, traz oportunidades e dicas sobre o mercado de trabalho.\",\"url\":\"https:\\\/\\\/www.vagadeempregorj.com.br\\\/es\\\/author\\\/michele\\\/\"}]}<\/script>\n<!-- \/ Yoast SEO plugin. -->","yoast_head_json":{"title":"Aux\u00edlio G\u00e1s: Governo est\u00e1 pagando novo valor! Veja se voc\u00ea recebe -","description":"Veja em Vagas de Emprego RJ as vagas de emprego com e sem experi\u00eancia no seu Estado e Regi\u00e3o!","robots":{"index":"index","follow":"follow","max-snippet":"max-snippet:-1","max-image-preview":"max-image-preview:large","max-video-preview":"max-video-preview:-1"},"canonical":"https:\/\/www.vagadeempregorj.com.br\/es\/auxilio-gas-governo-esta-pagando-novo-valor-veja-se-voce-recebe\/","og_locale":"es_MX","og_type":"article","og_title":"Aux\u00edlio G\u00e1s: Governo est\u00e1 pagando novo valor! Veja se voc\u00ea recebe -","og_description":"Veja em Vagas de Emprego RJ as vagas de emprego com e sem experi\u00eancia no seu Estado e Regi\u00e3o!","og_url":"https:\/\/www.vagadeempregorj.com.br\/es\/auxilio-gas-governo-esta-pagando-novo-valor-veja-se-voce-recebe\/","article_publisher":"https:\/\/www.facebook.com\/empregobrasiloficial","article_published_time":"2025-02-27T09:00:00+00:00","og_image":[{"width":1792,"height":1024,"url":"https:\/\/www.vagadeempregorj.com.br\/wp-content\/uploads\/2025\/02\/auxilio-gas-2025.webp","type":"image\/webp"}],"author":"Michele","twitter_card":"summary_large_image","twitter_misc":{"Written by":"Michele","Est. reading time":"6 minutos"},"schema":{"@context":"https:\/\/schema.org","@graph":[{"@type":"Article","@id":"https:\/\/www.vagadeempregorj.com.br\/auxilio-gas-governo-esta-pagando-novo-valor-veja-se-voce-recebe\/#article","isPartOf":{"@id":"https:\/\/www.vagadeempregorj.com.br\/auxilio-gas-governo-esta-pagando-novo-valor-veja-se-voce-recebe\/"},"author":{"name":"Michele","@id":"https:\/\/www.vagadeempregorj.com.br\/#\/schema\/person\/3ddb19fa0539706786e502152f3aae95"},"headline":"Aux\u00edlio G\u00e1s: Governo est\u00e1 pagando novo valor! Veja se voc\u00ea recebe","datePublished":"2025-02-27T09:00:00+00:00","mainEntityOfPage":{"@id":"https:\/\/www.vagadeempregorj.com.br\/auxilio-gas-governo-esta-pagando-novo-valor-veja-se-voce-recebe\/"},"wordCount":1117,"image":{"@id":"https:\/\/www.vagadeempregorj.com.br\/auxilio-gas-governo-esta-pagando-novo-valor-veja-se-voce-recebe\/#primaryimage"},"thumbnailUrl":"https:\/\/www.vagadeempregorj.com.br\/wp-content\/uploads\/2025\/02\/auxilio-gas-2025.webp","articleSection":["Benef\u00edcios Sociais"],"inLanguage":"es"},{"@type":"WebPage","@id":"https:\/\/www.vagadeempregorj.com.br\/auxilio-gas-governo-esta-pagando-novo-valor-veja-se-voce-recebe\/","url":"https:\/\/www.vagadeempregorj.com.br\/auxilio-gas-governo-esta-pagando-novo-valor-veja-se-voce-recebe\/","name":"Aux\u00edlio G\u00e1s: Governo est\u00e1 pagando novo valor! Veja se voc\u00ea recebe -","isPartOf":{"@id":"https:\/\/www.vagadeempregorj.com.br\/#website"},"primaryImageOfPage":{"@id":"https:\/\/www.vagadeempregorj.com.br\/auxilio-gas-governo-esta-pagando-novo-valor-veja-se-voce-recebe\/#primaryimage"},"image":{"@id":"https:\/\/www.vagadeempregorj.com.br\/auxilio-gas-governo-esta-pagando-novo-valor-veja-se-voce-recebe\/#primaryimage"},"thumbnailUrl":"https:\/\/www.vagadeempregorj.com.br\/wp-content\/uploads\/2025\/02\/auxilio-gas-2025.webp","datePublished":"2025-02-27T09:00:00+00:00","author":{"@id":"https:\/\/www.vagadeempregorj.com.br\/#\/schema\/person\/3ddb19fa0539706786e502152f3aae95"},"description":"Veja em Vagas de Emprego RJ as vagas de emprego com e sem experi\u00eancia no seu Estado e Regi\u00e3o!","breadcrumb":{"@id":"https:\/\/www.vagadeempregorj.com.br\/auxilio-gas-governo-esta-pagando-novo-valor-veja-se-voce-recebe\/#breadcrumb"},"inLanguage":"es","potentialAction":[{"@type":"ReadAction","target":["https:\/\/www.vagadeempregorj.com.br\/auxilio-gas-governo-esta-pagando-novo-valor-veja-se-voce-recebe\/"]}]},{"@type":"ImageObject","inLanguage":"es","@id":"https:\/\/www.vagadeempregorj.com.br\/auxilio-gas-governo-esta-pagando-novo-valor-veja-se-voce-recebe\/#primaryimage","url":"https:\/\/www.vagadeempregorj.com.br\/wp-content\/uploads\/2025\/02\/auxilio-gas-2025.webp","contentUrl":"https:\/\/www.vagadeempregorj.com.br\/wp-content\/uploads\/2025\/02\/auxilio-gas-2025.webp","width":1792,"height":1024},{"@type":"BreadcrumbList","@id":"https:\/\/www.vagadeempregorj.com.br\/auxilio-gas-governo-esta-pagando-novo-valor-veja-se-voce-recebe\/#breadcrumb","itemListElement":[{"@type":"ListItem","position":1,"name":"In\u00edcio","item":"https:\/\/www.vagadeempregorj.com.br\/"},{"@type":"ListItem","position":2,"name":"Benef\u00edcios Sociais","item":"https:\/\/www.vagadeempregorj.com.br\/beneficios-sociais\/"},{"@type":"ListItem","position":3,"name":"Aux\u00edlio G\u00e1s: Governo est\u00e1 pagando novo valor! Veja se voc\u00ea recebe"}]},{"@type":"WebSite","@id":"https:\/\/www.vagadeempregorj.com.br\/#website","url":"https:\/\/www.vagadeempregorj.com.br\/","name":"","description":"Conquiste Sonhos: Vagas, Benef\u00edcios e Economia para Transformar Vidas e Alcan\u00e7ar Melhorias Cotidianas","potentialAction":[{"@type":"SearchAction","target":{"@type":"EntryPoint","urlTemplate":"https:\/\/www.vagadeempregorj.com.br\/?s={search_term_string}"},"query-input":{"@type":"PropertyValueSpecification","valueRequired":true,"valueName":"search_term_string"}}],"inLanguage":"es"},{"@type":"Person","@id":"https:\/\/www.vagadeempregorj.com.br\/#\/schema\/person\/3ddb19fa0539706786e502152f3aae95","name":"Michele","image":{"@type":"ImageObject","inLanguage":"es","@id":"https:\/\/secure.gravatar.com\/avatar\/6b0eb9d22841282815e2cd856a0061c45e1761cd54b22e952d98c4746939aa85?s=96&r=g","url":"https:\/\/secure.gravatar.com\/avatar\/6b0eb9d22841282815e2cd856a0061c45e1761cd54b22e952d98c4746939aa85?s=96&r=g","contentUrl":"https:\/\/secure.gravatar.com\/avatar\/6b0eb9d22841282815e2cd856a0061c45e1761cd54b22e952d98c4746939aa85?s=96&r=g","caption":"Michele"},"description":"Formada em Letras - Portugu\u00eas\/ Ingl\u00eas, e idealizadora do site Escritora de Sucesso, busca expandir o conhecimento de todos com informa\u00e7\u00f5es relevantes sobre diversos assuntos, enquanto redatora. No Vaga de Emprego RJ, traz oportunidades e dicas sobre o mercado de trabalho.","url":"https:\/\/www.vagadeempregorj.com.br\/es\/author\/michele\/"}]}},"_links":{"self":[{"href":"https:\/\/www.vagadeempregorj.com.br\/es\/wp-json\/wp\/v2\/posts\/42772","targetHints":{"allow":["GET"]}}],"collection":[{"href":"https:\/\/www.vagadeempregorj.com.br\/es\/wp-json\/wp\/v2\/posts"}],"about":[{"href":"https:\/\/www.vagadeempregorj.com.br\/es\/wp-json\/wp\/v2\/types\/post"}],"author":[{"embeddable":true,"href":"https:\/\/www.vagadeempregorj.com.br\/es\/wp-json\/wp\/v2\/users\/16"}],"replies":[{"embeddable":true,"href":"https:\/\/www.vagadeempregorj.com.br\/es\/wp-json\/wp\/v2\/comments?post=42772"}],"version-history":[{"count":0,"href":"https:\/\/www.vagadeempregorj.com.br\/es\/wp-json\/wp\/v2\/posts\/42772\/revisions"}],"wp:featuredmedia":[{"embeddable":true,"href":"https:\/\/www.vagadeempregorj.com.br\/es\/wp-json\/wp\/v2\/media\/42773"}],"wp:attachment":[{"href":"https:\/\/www.vagadeempregorj.com.br\/es\/wp-json\/wp\/v2\/media?parent=42772"}],"wp:term":[{"taxonomy":"category","embeddable":true,"href":"https:\/\/www.vagadeempregorj.com.br\/es\/wp-json\/wp\/v2\/categories?post=42772"},{"taxonomy":"post_tag","embeddable":true,"href":"https:\/\/www.vagadeempregorj.com.br\/es\/wp-json\/wp\/v2\/tags?post=42772"}],"curies":[{"name":"wp","href":"https:\/\/api.w.org\/{rel}","templated":true}]}}