{"id":42778,"date":"2025-03-01T06:00:00","date_gmt":"2025-03-01T09:00:00","guid":{"rendered":"https:\/\/www.vagadeempregorj.com.br\/?p=42778"},"modified":"2025-02-22T22:09:31","modified_gmt":"2025-02-23T01:09:31","slug":"fgts-emergencial-2025-quem-tem-direito-e-como-sacar","status":"publish","type":"post","link":"https:\/\/www.vagadeempregorj.com.br\/es\/fgts-emergencial-2025-quem-tem-direito-e-como-sacar\/","title":{"rendered":"FGTS Emergencial 2025: quem tem direito e como sacar?"},"content":{"rendered":"<p>O <strong>FGTS Emergencial 2025<\/strong> j\u00e1 est\u00e1 movimentando a vida de muitos trabalhadores brasileiros. Esse saque especial permite que parte do saldo do Fundo de Garantia seja retirada para auxiliar nas despesas do dia a dia. Mas afinal, quem tem direito a esse benef\u00edcio e como fazer o saque? Se voc\u00ea quer entender todos os detalhes, continue lendo e descubra se pode acessar esse dinheiro extra.<\/p>\n\n\n\n<figure class=\"wp-block-image size-large\"><img loading=\"lazy\" decoding=\"async\" width=\"1024\" height=\"585\" src=\"https:\/\/www.vagadeempregorj.com.br\/wp-content\/uploads\/2025\/02\/fgts-2025-1024x585.webp\" alt=\"\" class=\"wp-image-42779\" srcset=\"https:\/\/www.vagadeempregorj.com.br\/wp-content\/uploads\/2025\/02\/fgts-2025-1024x585.webp 1024w, https:\/\/www.vagadeempregorj.com.br\/wp-content\/uploads\/2025\/02\/fgts-2025-300x171.webp 300w, https:\/\/www.vagadeempregorj.com.br\/wp-content\/uploads\/2025\/02\/fgts-2025-768x439.webp 768w, https:\/\/www.vagadeempregorj.com.br\/wp-content\/uploads\/2025\/02\/fgts-2025-1536x878.webp 1536w, https:\/\/www.vagadeempregorj.com.br\/wp-content\/uploads\/2025\/02\/fgts-2025-150x86.webp 150w, https:\/\/www.vagadeempregorj.com.br\/wp-content\/uploads\/2025\/02\/fgts-2025.webp 1792w\" sizes=\"auto, (max-width: 1024px) 100vw, 1024px\" \/><\/figure>\n\n\n\n<h2 class=\"wp-block-heading\">O que \u00e9 o FGTS Emergencial?<\/h2>\n\n\n\n<p>O FGTS Emergencial \u00e9 uma medida do governo para liberar parte do saldo do Fundo de Garantia por Tempo de Servi\u00e7o (FGTS) aos trabalhadores em momentos espec\u00edficos, como crises econ\u00f4micas ou emerg\u00eancias nacionais. Em 2025, essa modalidade est\u00e1 sendo disponibilizada para ajudar financeiramente milh\u00f5es de brasileiros que possuem saldo nas contas vinculadas ao FGTS.<\/p>\n\n\n\n<p>Esse saque n\u00e3o interfere no direito ao saque-rescis\u00e3o em caso de demiss\u00e3o sem justa causa e pode ser uma oportunidade de aliviar as contas ou investir em necessidades urgentes.<\/p>\n\n\n\n<h2 class=\"wp-block-heading\">Quem tem direito ao FGTS Emergencial 2025?<\/h2>\n\n\n\n<p>Para ter direito ao saque emergencial do FGTS em 2025, \u00e9 necess\u00e1rio atender aos seguintes crit\u00e9rios:<\/p>\n\n\n\n<ul class=\"wp-block-list\">\n<li>Ter saldo dispon\u00edvel em contas ativas (do emprego atual) ou inativas (de empregos anteriores) no FGTS;<\/li>\n\n\n\n<li>Ser trabalhador com carteira assinada ou que j\u00e1 tenha tido v\u00ednculo formal de trabalho;<\/li>\n\n\n\n<li>N\u00e3o ter realizado saques recentes em modalidades semelhantes, conforme regras do governo;<\/li>\n\n\n\n<li>Seguir as diretrizes do calend\u00e1rio oficial de pagamentos, que ser\u00e1 divulgado pelo governo.<\/li>\n<\/ul>\n\n\n\n<p>Caso voc\u00ea se enquadre nesses crit\u00e9rios, poder\u00e1 sacar o valor dentro do prazo estipulado.<\/p>\n\n\n\n<h2 class=\"wp-block-heading\">Qual ser\u00e1 o valor do saque emergencial do FGTS?<\/h2>\n\n\n\n<p>O valor liberado pode variar de acordo com o saldo dispon\u00edvel no FGTS. Em edi\u00e7\u00f5es anteriores, os saques emergenciais seguiram uma faixa de valores, geralmente entre R$ 500 e R$ 1.000 por trabalhador. Para 2025, o governo ainda divulgar\u00e1 a quantia exata, mas a expectativa \u00e9 de que siga um modelo similar ao de anos anteriores.<\/p>\n\n\n\n<h2 class=\"wp-block-heading\">Como consultar o saldo do FGTS?<\/h2>\n\n\n\n<p>Antes de sacar, \u00e9 importante verificar o saldo dispon\u00edvel na sua conta do FGTS. Para isso, voc\u00ea pode consultar:<\/p>\n\n\n\n<p>1# <strong>Pelo aplicativo FGTS<\/strong> \u2013 Dispon\u00edvel para Android e iOS, permite checar saldo e movimenta\u00e7\u00f5es. 2# <strong>Pelo site da Caixa Econ\u00f4mica Federal<\/strong> \u2013 Basta acessar com CPF e senha cadastrada. 3# <strong>Pelo Internet Banking da Caixa<\/strong> \u2013 Clientes Caixa podem consultar diretamente pelo app do banco. 4# <strong>Pelo telefone 111<\/strong> \u2013 Servi\u00e7o de atendimento da Caixa para tirar d\u00favidas sobre FGTS.<\/p>\n\n\n\n<p>Se houver saldo dispon\u00edvel e voc\u00ea atender aos crit\u00e9rios do programa, poder\u00e1 prosseguir com a solicita\u00e7\u00e3o do saque.<\/p>\n\n\n\n<h2 class=\"wp-block-heading\">Como sacar o FGTS Emergencial 2025?<\/h2>\n\n\n\n<p>O saque emergencial do FGTS poder\u00e1 ser realizado das seguintes formas:<\/p>\n\n\n\n<p>1# <strong>Pelo aplicativo Caixa Tem<\/strong> \u2013 O valor pode ser depositado automaticamente na conta digital do trabalhador e movimentado via PIX, transfer\u00eancias ou saques em caixas eletr\u00f4nicos. 2# <strong>Pelo saque em lot\u00e9ricas e caixas eletr\u00f4nicos<\/strong> \u2013 Caso o pagamento seja liberado diretamente pelo FGTS, ser\u00e1 poss\u00edvel realizar o saque presencialmente utilizando o Cart\u00e3o Cidad\u00e3o e senha. 3# <strong>Transfer\u00eancia para outra conta banc\u00e1ria<\/strong> \u2013 Trabalhadores podem transferir o valor para qualquer banco via aplicativo da Caixa.<\/p>\n\n\n\n<p>O governo divulgar\u00e1 um calend\u00e1rio oficial, com base no m\u00eas de nascimento dos trabalhadores, determinando as datas para os saques. Portanto, fique atento \u00e0s informa\u00e7\u00f5es para n\u00e3o perder o prazo.<\/p>\n\n\n\n<h2 class=\"wp-block-heading\">O que fazer se o saque n\u00e3o for liberado?<\/h2>\n\n\n\n<p>Se voc\u00ea atende aos crit\u00e9rios, mas n\u00e3o conseguiu sacar o FGTS Emergencial 2025, siga esses passos:<\/p>\n\n\n\n<ul class=\"wp-block-list\">\n<li><strong>Verifique se h\u00e1 pend\u00eancias no seu cadastro<\/strong> \u2013 Alguns dados podem precisar de atualiza\u00e7\u00e3o na Caixa Econ\u00f4mica Federal.<\/li>\n\n\n\n<li><strong>Consulte seu saldo novamente<\/strong> \u2013 Pode ser que o valor j\u00e1 tenha sido utilizado em saques anteriores e n\u00e3o esteja mais dispon\u00edvel.<\/li>\n\n\n\n<li><strong>Entre em contato com a Caixa<\/strong> \u2013 Caso o problema persista, ligue para o atendimento ou v\u00e1 at\u00e9 uma ag\u00eancia para esclarecimentos.<\/li>\n<\/ul>\n\n\n\n<p>Em alguns casos, o governo pode reavaliar os crit\u00e9rios e permitir novas inclus\u00f5es, ent\u00e3o \u00e9 essencial manter-se informado sobre as atualiza\u00e7\u00f5es do programa.<\/p>\n\n\n\n<h2 class=\"wp-block-heading\">Como usar o FGTS Emergencial da melhor forma?<\/h2>\n\n\n\n<p>Se voc\u00ea tem direito ao saque, \u00e9 fundamental planejar bem o uso desse dinheiro. Algumas sugest\u00f5es incluem:<\/p>\n\n\n\n<ul class=\"wp-block-list\">\n<li><strong>Quitar d\u00edvidas<\/strong> \u2013 Se voc\u00ea possui contas atrasadas, essa pode ser a oportunidade de regularizar sua situa\u00e7\u00e3o financeira.<\/li>\n\n\n\n<li><strong>Criar uma reserva de emerg\u00eancia<\/strong> \u2013 Guardar parte do valor pode ajudar a lidar com imprevistos.<\/li>\n\n\n\n<li><strong>Investir em cursos ou capacita\u00e7\u00e3o<\/strong> \u2013 Usar o dinheiro para aprendizado pode trazer retorno financeiro no futuro.<\/li>\n\n\n\n<li><strong>Melhorar a qualidade de vida<\/strong> \u2013 Se n\u00e3o houver d\u00edvidas ou emerg\u00eancias, investir em sa\u00fade e bem-estar pode ser uma boa escolha.<\/li>\n<\/ul>\n\n\n\n<h2 class=\"wp-block-heading\">Uma oportunidade para muitos trabalhadores<\/h2>\n\n\n\n<p>O FGTS Emergencial 2025 pode ser uma \u00f3tima oportunidade para muitos trabalhadores acessarem um dinheiro extra sem comprometer outros direitos trabalhistas. Se voc\u00ea se encaixa nos crit\u00e9rios, acompanhe as datas de pagamento, consulte seu saldo e fique atento \u00e0s atualiza\u00e7\u00f5es do governo.<\/p>\n\n\n\n<p>Se precisar de mais informa\u00e7\u00f5es, utilize os canais oficiais da Caixa Econ\u00f4mica Federal e garanta o seu direito ao saque!<\/p>\n\n\n\n<p><strong>Veja tamb\u00e9m: <a href=\"https:\/\/www.vagadeempregorj.com.br\/es\/bolsa-familia-cancelado-saiba-como-proceder-neste-caso\/\">Bolsa Fam\u00edlia CANCELADO? Saiba como proceder neste caso<\/a><\/strong><\/p>\n\n\n\n<p>1 de mar\u00e7o de 2025<\/p>","protected":false},"excerpt":{"rendered":"<p>O FGTS Emergencial 2025 j\u00e1 est\u00e1 movimentando a vida de muitos trabalhadores brasileiros. Esse saque especial permite que parte do saldo do Fundo de Garantia seja retirada para auxiliar nas despesas do dia a dia. Mas afinal, quem tem direito a esse benef\u00edcio e como fazer o saque? Se voc\u00ea quer entender todos os detalhes,&hellip;&nbsp;<\/p>","protected":false},"author":16,"featured_media":42779,"comment_status":"closed","ping_status":"closed","sticky":false,"template":"","format":"standard","meta":{"neve_meta_sidebar":"","neve_meta_container":"","neve_meta_enable_content_width":"","neve_meta_content_width":0,"neve_meta_title_alignment":"","neve_meta_author_avatar":"","neve_post_elements_order":"","neve_meta_disable_header":"","neve_meta_disable_footer":"","neve_meta_disable_title":"","footnotes":""},"categories":[1],"tags":[],"class_list":["post-42778","post","type-post","status-publish","format-standard","has-post-thumbnail","hentry","category-beneficios-sociais"],"yoast_head":"<!-- This site is optimized with the Yoast SEO plugin v27.5 - https:\/\/yoast.com\/product\/yoast-seo-wordpress\/ -->\n<title>FGTS Emergencial 2025: quem tem direito e como sacar? -<\/title>\n<meta name=\"description\" content=\"Veja em Vagas de Emprego RJ as vagas de emprego com e sem experi\u00eancia no seu Estado e Regi\u00e3o!\" \/>\n<meta name=\"robots\" content=\"index, follow, max-snippet:-1, max-image-preview:large, max-video-preview:-1\" \/>\n<link rel=\"canonical\" href=\"https:\/\/www.vagadeempregorj.com.br\/es\/fgts-emergencial-2025-quem-tem-direito-e-como-sacar\/\" \/>\n<meta property=\"og:locale\" content=\"es_MX\" \/>\n<meta property=\"og:type\" content=\"article\" \/>\n<meta property=\"og:title\" content=\"FGTS Emergencial 2025: quem tem direito e como sacar? -\" \/>\n<meta property=\"og:description\" content=\"Veja em Vagas de Emprego RJ as vagas de emprego com e sem experi\u00eancia no seu Estado e Regi\u00e3o!\" \/>\n<meta property=\"og:url\" content=\"https:\/\/www.vagadeempregorj.com.br\/es\/fgts-emergencial-2025-quem-tem-direito-e-como-sacar\/\" \/>\n<meta property=\"article:publisher\" content=\"https:\/\/www.facebook.com\/empregobrasiloficial\" \/>\n<meta property=\"article:published_time\" content=\"2025-03-01T09:00:00+00:00\" \/>\n<meta property=\"og:image\" content=\"https:\/\/www.vagadeempregorj.com.br\/wp-content\/uploads\/2025\/02\/fgts-2025.webp\" \/>\n\t<meta property=\"og:image:width\" content=\"1792\" \/>\n\t<meta property=\"og:image:height\" content=\"1024\" \/>\n\t<meta property=\"og:image:type\" content=\"image\/webp\" \/>\n<meta name=\"author\" content=\"Michele\" \/>\n<meta name=\"twitter:card\" content=\"summary_large_image\" \/>\n<meta name=\"twitter:label1\" content=\"Written by\" \/>\n\t<meta name=\"twitter:data1\" content=\"Michele\" \/>\n\t<meta name=\"twitter:label2\" content=\"Est. reading time\" \/>\n\t<meta name=\"twitter:data2\" content=\"4 minutos\" \/>\n<script type=\"application\/ld+json\" class=\"yoast-schema-graph\">{\"@context\":\"https:\\\/\\\/schema.org\",\"@graph\":[{\"@type\":\"Article\",\"@id\":\"https:\\\/\\\/www.vagadeempregorj.com.br\\\/fgts-emergencial-2025-quem-tem-direito-e-como-sacar\\\/#article\",\"isPartOf\":{\"@id\":\"https:\\\/\\\/www.vagadeempregorj.com.br\\\/fgts-emergencial-2025-quem-tem-direito-e-como-sacar\\\/\"},\"author\":{\"name\":\"Michele\",\"@id\":\"https:\\\/\\\/www.vagadeempregorj.com.br\\\/#\\\/schema\\\/person\\\/3ddb19fa0539706786e502152f3aae95\"},\"headline\":\"FGTS Emergencial 2025: quem tem direito e como sacar?\",\"datePublished\":\"2025-03-01T09:00:00+00:00\",\"mainEntityOfPage\":{\"@id\":\"https:\\\/\\\/www.vagadeempregorj.com.br\\\/fgts-emergencial-2025-quem-tem-direito-e-como-sacar\\\/\"},\"wordCount\":863,\"image\":{\"@id\":\"https:\\\/\\\/www.vagadeempregorj.com.br\\\/fgts-emergencial-2025-quem-tem-direito-e-como-sacar\\\/#primaryimage\"},\"thumbnailUrl\":\"https:\\\/\\\/www.vagadeempregorj.com.br\\\/wp-content\\\/uploads\\\/2025\\\/02\\\/fgts-2025.webp\",\"articleSection\":[\"Benef\u00edcios Sociais\"],\"inLanguage\":\"es\"},{\"@type\":\"WebPage\",\"@id\":\"https:\\\/\\\/www.vagadeempregorj.com.br\\\/fgts-emergencial-2025-quem-tem-direito-e-como-sacar\\\/\",\"url\":\"https:\\\/\\\/www.vagadeempregorj.com.br\\\/fgts-emergencial-2025-quem-tem-direito-e-como-sacar\\\/\",\"name\":\"FGTS Emergencial 2025: quem tem direito e como sacar? -\",\"isPartOf\":{\"@id\":\"https:\\\/\\\/www.vagadeempregorj.com.br\\\/#website\"},\"primaryImageOfPage\":{\"@id\":\"https:\\\/\\\/www.vagadeempregorj.com.br\\\/fgts-emergencial-2025-quem-tem-direito-e-como-sacar\\\/#primaryimage\"},\"image\":{\"@id\":\"https:\\\/\\\/www.vagadeempregorj.com.br\\\/fgts-emergencial-2025-quem-tem-direito-e-como-sacar\\\/#primaryimage\"},\"thumbnailUrl\":\"https:\\\/\\\/www.vagadeempregorj.com.br\\\/wp-content\\\/uploads\\\/2025\\\/02\\\/fgts-2025.webp\",\"datePublished\":\"2025-03-01T09:00:00+00:00\",\"author\":{\"@id\":\"https:\\\/\\\/www.vagadeempregorj.com.br\\\/#\\\/schema\\\/person\\\/3ddb19fa0539706786e502152f3aae95\"},\"description\":\"Veja em Vagas de Emprego RJ as vagas de emprego com e sem experi\u00eancia no seu Estado e Regi\u00e3o!\",\"breadcrumb\":{\"@id\":\"https:\\\/\\\/www.vagadeempregorj.com.br\\\/fgts-emergencial-2025-quem-tem-direito-e-como-sacar\\\/#breadcrumb\"},\"inLanguage\":\"es\",\"potentialAction\":[{\"@type\":\"ReadAction\",\"target\":[\"https:\\\/\\\/www.vagadeempregorj.com.br\\\/fgts-emergencial-2025-quem-tem-direito-e-como-sacar\\\/\"]}]},{\"@type\":\"ImageObject\",\"inLanguage\":\"es\",\"@id\":\"https:\\\/\\\/www.vagadeempregorj.com.br\\\/fgts-emergencial-2025-quem-tem-direito-e-como-sacar\\\/#primaryimage\",\"url\":\"https:\\\/\\\/www.vagadeempregorj.com.br\\\/wp-content\\\/uploads\\\/2025\\\/02\\\/fgts-2025.webp\",\"contentUrl\":\"https:\\\/\\\/www.vagadeempregorj.com.br\\\/wp-content\\\/uploads\\\/2025\\\/02\\\/fgts-2025.webp\",\"width\":1792,\"height\":1024},{\"@type\":\"BreadcrumbList\",\"@id\":\"https:\\\/\\\/www.vagadeempregorj.com.br\\\/fgts-emergencial-2025-quem-tem-direito-e-como-sacar\\\/#breadcrumb\",\"itemListElement\":[{\"@type\":\"ListItem\",\"position\":1,\"name\":\"In\u00edcio\",\"item\":\"https:\\\/\\\/www.vagadeempregorj.com.br\\\/\"},{\"@type\":\"ListItem\",\"position\":2,\"name\":\"Benef\u00edcios Sociais\",\"item\":\"https:\\\/\\\/www.vagadeempregorj.com.br\\\/beneficios-sociais\\\/\"},{\"@type\":\"ListItem\",\"position\":3,\"name\":\"FGTS Emergencial 2025: quem tem direito e como sacar?\"}]},{\"@type\":\"WebSite\",\"@id\":\"https:\\\/\\\/www.vagadeempregorj.com.br\\\/#website\",\"url\":\"https:\\\/\\\/www.vagadeempregorj.com.br\\\/\",\"name\":\"\",\"description\":\"Conquiste Sonhos: Vagas, Benef\u00edcios e Economia para Transformar Vidas e Alcan\u00e7ar Melhorias Cotidianas\",\"potentialAction\":[{\"@type\":\"SearchAction\",\"target\":{\"@type\":\"EntryPoint\",\"urlTemplate\":\"https:\\\/\\\/www.vagadeempregorj.com.br\\\/?s={search_term_string}\"},\"query-input\":{\"@type\":\"PropertyValueSpecification\",\"valueRequired\":true,\"valueName\":\"search_term_string\"}}],\"inLanguage\":\"es\"},{\"@type\":\"Person\",\"@id\":\"https:\\\/\\\/www.vagadeempregorj.com.br\\\/#\\\/schema\\\/person\\\/3ddb19fa0539706786e502152f3aae95\",\"name\":\"Michele\",\"image\":{\"@type\":\"ImageObject\",\"inLanguage\":\"es\",\"@id\":\"https:\\\/\\\/secure.gravatar.com\\\/avatar\\\/6b0eb9d22841282815e2cd856a0061c45e1761cd54b22e952d98c4746939aa85?s=96&r=g\",\"url\":\"https:\\\/\\\/secure.gravatar.com\\\/avatar\\\/6b0eb9d22841282815e2cd856a0061c45e1761cd54b22e952d98c4746939aa85?s=96&r=g\",\"contentUrl\":\"https:\\\/\\\/secure.gravatar.com\\\/avatar\\\/6b0eb9d22841282815e2cd856a0061c45e1761cd54b22e952d98c4746939aa85?s=96&r=g\",\"caption\":\"Michele\"},\"description\":\"Formada em Letras - Portugu\u00eas\\\/ Ingl\u00eas, e idealizadora do site Escritora de Sucesso, busca expandir o conhecimento de todos com informa\u00e7\u00f5es relevantes sobre diversos assuntos, enquanto redatora. No Vaga de Emprego RJ, traz oportunidades e dicas sobre o mercado de trabalho.\",\"url\":\"https:\\\/\\\/www.vagadeempregorj.com.br\\\/es\\\/author\\\/michele\\\/\"}]}<\/script>\n<!-- \/ Yoast SEO plugin. -->","yoast_head_json":{"title":"FGTS Emergencial 2025: quem tem direito e como sacar? -","description":"Veja em Vagas de Emprego RJ as vagas de emprego com e sem experi\u00eancia no seu Estado e Regi\u00e3o!","robots":{"index":"index","follow":"follow","max-snippet":"max-snippet:-1","max-image-preview":"max-image-preview:large","max-video-preview":"max-video-preview:-1"},"canonical":"https:\/\/www.vagadeempregorj.com.br\/es\/fgts-emergencial-2025-quem-tem-direito-e-como-sacar\/","og_locale":"es_MX","og_type":"article","og_title":"FGTS Emergencial 2025: quem tem direito e como sacar? -","og_description":"Veja em Vagas de Emprego RJ as vagas de emprego com e sem experi\u00eancia no seu Estado e Regi\u00e3o!","og_url":"https:\/\/www.vagadeempregorj.com.br\/es\/fgts-emergencial-2025-quem-tem-direito-e-como-sacar\/","article_publisher":"https:\/\/www.facebook.com\/empregobrasiloficial","article_published_time":"2025-03-01T09:00:00+00:00","og_image":[{"width":1792,"height":1024,"url":"https:\/\/www.vagadeempregorj.com.br\/wp-content\/uploads\/2025\/02\/fgts-2025.webp","type":"image\/webp"}],"author":"Michele","twitter_card":"summary_large_image","twitter_misc":{"Written by":"Michele","Est. reading time":"4 minutos"},"schema":{"@context":"https:\/\/schema.org","@graph":[{"@type":"Article","@id":"https:\/\/www.vagadeempregorj.com.br\/fgts-emergencial-2025-quem-tem-direito-e-como-sacar\/#article","isPartOf":{"@id":"https:\/\/www.vagadeempregorj.com.br\/fgts-emergencial-2025-quem-tem-direito-e-como-sacar\/"},"author":{"name":"Michele","@id":"https:\/\/www.vagadeempregorj.com.br\/#\/schema\/person\/3ddb19fa0539706786e502152f3aae95"},"headline":"FGTS Emergencial 2025: quem tem direito e como sacar?","datePublished":"2025-03-01T09:00:00+00:00","mainEntityOfPage":{"@id":"https:\/\/www.vagadeempregorj.com.br\/fgts-emergencial-2025-quem-tem-direito-e-como-sacar\/"},"wordCount":863,"image":{"@id":"https:\/\/www.vagadeempregorj.com.br\/fgts-emergencial-2025-quem-tem-direito-e-como-sacar\/#primaryimage"},"thumbnailUrl":"https:\/\/www.vagadeempregorj.com.br\/wp-content\/uploads\/2025\/02\/fgts-2025.webp","articleSection":["Benef\u00edcios Sociais"],"inLanguage":"es"},{"@type":"WebPage","@id":"https:\/\/www.vagadeempregorj.com.br\/fgts-emergencial-2025-quem-tem-direito-e-como-sacar\/","url":"https:\/\/www.vagadeempregorj.com.br\/fgts-emergencial-2025-quem-tem-direito-e-como-sacar\/","name":"FGTS Emergencial 2025: quem tem direito e como sacar? -","isPartOf":{"@id":"https:\/\/www.vagadeempregorj.com.br\/#website"},"primaryImageOfPage":{"@id":"https:\/\/www.vagadeempregorj.com.br\/fgts-emergencial-2025-quem-tem-direito-e-como-sacar\/#primaryimage"},"image":{"@id":"https:\/\/www.vagadeempregorj.com.br\/fgts-emergencial-2025-quem-tem-direito-e-como-sacar\/#primaryimage"},"thumbnailUrl":"https:\/\/www.vagadeempregorj.com.br\/wp-content\/uploads\/2025\/02\/fgts-2025.webp","datePublished":"2025-03-01T09:00:00+00:00","author":{"@id":"https:\/\/www.vagadeempregorj.com.br\/#\/schema\/person\/3ddb19fa0539706786e502152f3aae95"},"description":"Veja em Vagas de Emprego RJ as vagas de emprego com e sem experi\u00eancia no seu Estado e Regi\u00e3o!","breadcrumb":{"@id":"https:\/\/www.vagadeempregorj.com.br\/fgts-emergencial-2025-quem-tem-direito-e-como-sacar\/#breadcrumb"},"inLanguage":"es","potentialAction":[{"@type":"ReadAction","target":["https:\/\/www.vagadeempregorj.com.br\/fgts-emergencial-2025-quem-tem-direito-e-como-sacar\/"]}]},{"@type":"ImageObject","inLanguage":"es","@id":"https:\/\/www.vagadeempregorj.com.br\/fgts-emergencial-2025-quem-tem-direito-e-como-sacar\/#primaryimage","url":"https:\/\/www.vagadeempregorj.com.br\/wp-content\/uploads\/2025\/02\/fgts-2025.webp","contentUrl":"https:\/\/www.vagadeempregorj.com.br\/wp-content\/uploads\/2025\/02\/fgts-2025.webp","width":1792,"height":1024},{"@type":"BreadcrumbList","@id":"https:\/\/www.vagadeempregorj.com.br\/fgts-emergencial-2025-quem-tem-direito-e-como-sacar\/#breadcrumb","itemListElement":[{"@type":"ListItem","position":1,"name":"In\u00edcio","item":"https:\/\/www.vagadeempregorj.com.br\/"},{"@type":"ListItem","position":2,"name":"Benef\u00edcios Sociais","item":"https:\/\/www.vagadeempregorj.com.br\/beneficios-sociais\/"},{"@type":"ListItem","position":3,"name":"FGTS Emergencial 2025: quem tem direito e como sacar?"}]},{"@type":"WebSite","@id":"https:\/\/www.vagadeempregorj.com.br\/#website","url":"https:\/\/www.vagadeempregorj.com.br\/","name":"","description":"Conquiste Sonhos: Vagas, Benef\u00edcios e Economia para Transformar Vidas e Alcan\u00e7ar Melhorias Cotidianas","potentialAction":[{"@type":"SearchAction","target":{"@type":"EntryPoint","urlTemplate":"https:\/\/www.vagadeempregorj.com.br\/?s={search_term_string}"},"query-input":{"@type":"PropertyValueSpecification","valueRequired":true,"valueName":"search_term_string"}}],"inLanguage":"es"},{"@type":"Person","@id":"https:\/\/www.vagadeempregorj.com.br\/#\/schema\/person\/3ddb19fa0539706786e502152f3aae95","name":"Michele","image":{"@type":"ImageObject","inLanguage":"es","@id":"https:\/\/secure.gravatar.com\/avatar\/6b0eb9d22841282815e2cd856a0061c45e1761cd54b22e952d98c4746939aa85?s=96&r=g","url":"https:\/\/secure.gravatar.com\/avatar\/6b0eb9d22841282815e2cd856a0061c45e1761cd54b22e952d98c4746939aa85?s=96&r=g","contentUrl":"https:\/\/secure.gravatar.com\/avatar\/6b0eb9d22841282815e2cd856a0061c45e1761cd54b22e952d98c4746939aa85?s=96&r=g","caption":"Michele"},"description":"Formada em Letras - Portugu\u00eas\/ Ingl\u00eas, e idealizadora do site Escritora de Sucesso, busca expandir o conhecimento de todos com informa\u00e7\u00f5es relevantes sobre diversos assuntos, enquanto redatora. No Vaga de Emprego RJ, traz oportunidades e dicas sobre o mercado de trabalho.","url":"https:\/\/www.vagadeempregorj.com.br\/es\/author\/michele\/"}]}},"_links":{"self":[{"href":"https:\/\/www.vagadeempregorj.com.br\/es\/wp-json\/wp\/v2\/posts\/42778","targetHints":{"allow":["GET"]}}],"collection":[{"href":"https:\/\/www.vagadeempregorj.com.br\/es\/wp-json\/wp\/v2\/posts"}],"about":[{"href":"https:\/\/www.vagadeempregorj.com.br\/es\/wp-json\/wp\/v2\/types\/post"}],"author":[{"embeddable":true,"href":"https:\/\/www.vagadeempregorj.com.br\/es\/wp-json\/wp\/v2\/users\/16"}],"replies":[{"embeddable":true,"href":"https:\/\/www.vagadeempregorj.com.br\/es\/wp-json\/wp\/v2\/comments?post=42778"}],"version-history":[{"count":0,"href":"https:\/\/www.vagadeempregorj.com.br\/es\/wp-json\/wp\/v2\/posts\/42778\/revisions"}],"wp:featuredmedia":[{"embeddable":true,"href":"https:\/\/www.vagadeempregorj.com.br\/es\/wp-json\/wp\/v2\/media\/42779"}],"wp:attachment":[{"href":"https:\/\/www.vagadeempregorj.com.br\/es\/wp-json\/wp\/v2\/media?parent=42778"}],"wp:term":[{"taxonomy":"category","embeddable":true,"href":"https:\/\/www.vagadeempregorj.com.br\/es\/wp-json\/wp\/v2\/categories?post=42778"},{"taxonomy":"post_tag","embeddable":true,"href":"https:\/\/www.vagadeempregorj.com.br\/es\/wp-json\/wp\/v2\/tags?post=42778"}],"curies":[{"name":"wp","href":"https:\/\/api.w.org\/{rel}","templated":true}]}}