{"id":42809,"date":"2025-02-23T06:00:00","date_gmt":"2025-02-23T09:00:00","guid":{"rendered":"https:\/\/www.vagadeempregorj.com.br\/?p=42809"},"modified":"2025-02-22T23:34:06","modified_gmt":"2025-02-23T02:34:06","slug":"esses-cursos-tem-altas-taxas-de-emprego-e-pouca-gente-sabe-disso","status":"publish","type":"post","link":"https:\/\/www.vagadeempregorj.com.br\/es\/esses-cursos-tem-altas-taxas-de-emprego-e-pouca-gente-sabe-disso\/","title":{"rendered":"Esses cursos t\u00eam altas taxas de emprego \u2013 e pouca gente sabe disso!"},"content":{"rendered":"<p>Quando se pensa em <strong>qualifica\u00e7\u00e3o profissional<\/strong>, muitas pessoas focam apenas em gradua\u00e7\u00f5es longas e tradicionais. Mas, existem cursos r\u00e1pidos que oferecem excelentes oportunidades no mercado de trabalho, garantindo altas taxas de emprego e, muitas vezes, sal\u00e1rios competitivos. O melhor de tudo? Pouca gente sabe dessas op\u00e7\u00f5es!<\/p>\n\n\n\n<p>Se voc\u00ea quer ingressar rapidamente no mercado e ter boas chances de empregabilidade, confira alguns cursos que podem transformar sua carreira.<\/p>\n\n\n\n<figure class=\"wp-block-image size-large\"><img loading=\"lazy\" decoding=\"async\" width=\"1024\" height=\"585\" src=\"https:\/\/www.vagadeempregorj.com.br\/wp-content\/uploads\/2025\/02\/curso-2-1024x585.webp\" alt=\"\" class=\"wp-image-42810\" srcset=\"https:\/\/www.vagadeempregorj.com.br\/wp-content\/uploads\/2025\/02\/curso-2-1024x585.webp 1024w, https:\/\/www.vagadeempregorj.com.br\/wp-content\/uploads\/2025\/02\/curso-2-300x171.webp 300w, https:\/\/www.vagadeempregorj.com.br\/wp-content\/uploads\/2025\/02\/curso-2-768x439.webp 768w, https:\/\/www.vagadeempregorj.com.br\/wp-content\/uploads\/2025\/02\/curso-2-1536x878.webp 1536w, https:\/\/www.vagadeempregorj.com.br\/wp-content\/uploads\/2025\/02\/curso-2-150x86.webp 150w, https:\/\/www.vagadeempregorj.com.br\/wp-content\/uploads\/2025\/02\/curso-2.webp 1792w\" sizes=\"auto, (max-width: 1024px) 100vw, 1024px\" \/><\/figure>\n\n\n\n<h2 class=\"wp-block-heading\">1# T\u00e9cnico em Soldagem<\/h2>\n\n\n\n<p>A ind\u00fastria sempre precisa de profissionais qualificados para realizar processos de soldagem em diferentes materiais. O curso t\u00e9cnico em soldagem dura cerca de um ano e abre portas para trabalhos bem remunerados em setores como constru\u00e7\u00e3o naval, metalurgia e automobil\u00edstico. Sal\u00e1rios iniciais podem chegar a R$ 4.000, dependendo da especializa\u00e7\u00e3o.<\/p>\n\n\n\n<h2 class=\"wp-block-heading\">2# An\u00e1lises Cl\u00ednicas<\/h2>\n\n\n\n<p>A \u00e1rea da sa\u00fade sempre tem demanda crescente, e o curso t\u00e9cnico em an\u00e1lises cl\u00ednicas \u00e9 uma excelente op\u00e7\u00e3o. Com dura\u00e7\u00e3o de at\u00e9 dois anos, capacita profissionais para atuar em laborat\u00f3rios e hospitais, realizando exames laboratoriais essenciais. A remunera\u00e7\u00e3o inicial varia de R$ 2.500 a R$ 4.000.<\/p>\n\n\n\n<h2 class=\"wp-block-heading\">3# T\u00e9cnico em Agroneg\u00f3cio<\/h2>\n\n\n\n<p>O agroneg\u00f3cio \u00e9 um dos setores mais fortes da economia brasileira e demanda cada vez mais profissionais qualificados. O curso t\u00e9cnico em agroneg\u00f3cio ensina sobre gest\u00e3o rural, tecnologia agr\u00edcola e log\u00edstica, com dura\u00e7\u00e3o m\u00e9dia de dois anos. Os sal\u00e1rios podem chegar a R$ 6.000 para profissionais experientes.<\/p>\n\n\n\n<h2 class=\"wp-block-heading\">4# Programa\u00e7\u00e3o e Desenvolvimento de Software<\/h2>\n\n\n\n<p>A tecnologia segue em alta, e a necessidade de programadores s\u00f3 cresce. Cursos r\u00e1pidos de desenvolvimento de software, com foco em linguagens como Python, JavaScript e Java, garantem boas oportunidades no setor. Sal\u00e1rios podem iniciar em R$ 3.000 e ultrapassar os R$ 10.000 com experi\u00eancia e especializa\u00e7\u00f5es.<\/p>\n\n\n\n<h2 class=\"wp-block-heading\">5# T\u00e9cnico em Energia Solar<\/h2>\n\n\n\n<p>Com o aumento da busca por energias renov\u00e1veis, profissionais especializados em energia solar est\u00e3o sendo muito requisitados. O curso t\u00e9cnico pode ser conclu\u00eddo em menos de um ano e capacita para instala\u00e7\u00e3o e manuten\u00e7\u00e3o de sistemas fotovoltaicos. A remunera\u00e7\u00e3o m\u00e9dia varia entre R$ 3.500 e R$ 7.000.<\/p>\n\n\n\n<h2 class=\"wp-block-heading\">6# Design de Interiores<\/h2>\n\n\n\n<p>Esse curso \u00e9 ideal para quem tem um olhar criativo e deseja trabalhar com planejamento e decora\u00e7\u00e3o de espa\u00e7os. Com dura\u00e7\u00e3o de poucos meses a um ano, permite atuar como aut\u00f4nomo ou em empresas do setor imobili\u00e1rio. Profissionais bem qualificados podem ganhar acima de R$ 5.000 por projeto.<\/p>\n\n\n\n<h2 class=\"wp-block-heading\">7# Seguran\u00e7a do Trabalho<\/h2>\n\n\n\n<p>Todas as empresas precisam garantir um ambiente seguro para seus funcion\u00e1rios. O curso t\u00e9cnico em seguran\u00e7a do trabalho dura cerca de um ano e qualifica para atuar na preven\u00e7\u00e3o de acidentes e promo\u00e7\u00e3o da seguran\u00e7a em ind\u00fastrias, com\u00e9rcios e servi\u00e7os. Os sal\u00e1rios iniciais ficam entre R$ 2.500 e R$ 5.000.<\/p>\n\n\n\n<h2 class=\"wp-block-heading\">8# T\u00e9cnico em Log\u00edstica<\/h2>\n\n\n\n<p>Com a crescente expans\u00e3o do com\u00e9rcio e e-commerce, a \u00e1rea de log\u00edstica tem sido fundamental para empresas de todos os setores. O curso t\u00e9cnico em log\u00edstica dura cerca de um ano e meio e ensina sobre transporte, armazenamento e distribui\u00e7\u00e3o de mercadorias. Os sal\u00e1rios iniciais giram em torno de R$ 2.500 a R$ 4.500.<\/p>\n\n\n\n<h2 class=\"wp-block-heading\">9# Mecatr\u00f4nica<\/h2>\n\n\n\n<p>Esse curso combina conhecimentos de mec\u00e2nica, eletr\u00f4nica e computa\u00e7\u00e3o para automatizar processos industriais. Com dura\u00e7\u00e3o m\u00e9dia de dois anos, permite atuar em f\u00e1bricas, ind\u00fastrias automotivas e na \u00e1rea de rob\u00f3tica. Os sal\u00e1rios podem iniciar em R$ 4.000 e crescer com especializa\u00e7\u00f5es.<\/p>\n\n\n\n<h2 class=\"wp-block-heading\">10# Marketing Digital<\/h2>\n\n\n\n<p>Empresas de todos os setores precisam fortalecer sua presen\u00e7a digital. Um curso r\u00e1pido de marketing digital ensina sobre redes sociais, SEO e publicidade online. O profissional pode atuar de forma aut\u00f4noma ou em ag\u00eancias, e os ganhos variam de R$ 3.000 a R$ 8.000.<\/p>\n\n\n\n<h2 class=\"wp-block-heading\">Como escolher o melhor curso para voc\u00ea?<\/h2>\n\n\n\n<p>Para tomar a melhor decis\u00e3o, considere os seguintes fatores:<\/p>\n\n\n\n<ul class=\"wp-block-list\">\n<li><strong>Seu interesse e habilidades<\/strong> \u2013 Escolha uma \u00e1rea com a qual voc\u00ea se identifique.<\/li>\n\n\n\n<li><strong>Demanda do mercado<\/strong> \u2013 Pesquise setores com alta empregabilidade.<\/li>\n\n\n\n<li><strong>Dura\u00e7\u00e3o do curso<\/strong> \u2013 Opte por uma qualifica\u00e7\u00e3o que se encaixe na sua disponibilidade de tempo.<\/li>\n\n\n\n<li><strong>Investimento financeiro<\/strong> \u2013 Avalie o custo-benef\u00edcio do curso.<\/li>\n<\/ul>\n\n\n\n<h2 class=\"wp-block-heading\">Cursos r\u00e1pidos<\/h2>\n\n\n\n<p>Os cursos r\u00e1pidos e com altas taxas de emprego s\u00e3o excelentes alternativas para quem deseja se inserir no mercado de trabalho de forma \u00e1gil e eficiente. Profiss\u00f5es em tecnologia, sa\u00fade, ind\u00fastria e energia renov\u00e1vel est\u00e3o em alta e garantem boas remunera\u00e7\u00f5es.<\/p>\n\n\n\n<p>Se voc\u00ea quer garantir um futuro promissor, considere uma dessas op\u00e7\u00f5es e comece sua nova jornada profissional o quanto antes!<\/p>\n\n\n\n<p><strong>Veja tamb\u00e9m: <a href=\"https:\/\/www.vagadeempregorj.com.br\/es\/pronatec-cursos-gratuitos\/\">PRONATEC: Cursos Gratuitos para Qualifica\u00e7\u00e3o Profissional<\/a><\/strong><\/p>\n\n\n\n<p>23 de fevereiro de 2025<\/p>","protected":false},"excerpt":{"rendered":"<p>Quando se pensa em qualifica\u00e7\u00e3o profissional, muitas pessoas focam apenas em gradua\u00e7\u00f5es longas e tradicionais. Mas, existem cursos r\u00e1pidos que oferecem excelentes oportunidades no mercado de trabalho, garantindo altas taxas de emprego e, muitas vezes, sal\u00e1rios competitivos. O melhor de tudo? Pouca gente sabe dessas op\u00e7\u00f5es! Se voc\u00ea quer ingressar rapidamente no mercado e ter&hellip;&nbsp;<\/p>","protected":false},"author":16,"featured_media":42810,"comment_status":"closed","ping_status":"closed","sticky":false,"template":"","format":"standard","meta":{"neve_meta_sidebar":"","neve_meta_container":"","neve_meta_enable_content_width":"","neve_meta_content_width":0,"neve_meta_title_alignment":"","neve_meta_author_avatar":"","neve_post_elements_order":"","neve_meta_disable_header":"","neve_meta_disable_footer":"","neve_meta_disable_title":"","footnotes":""},"categories":[1],"tags":[],"class_list":["post-42809","post","type-post","status-publish","format-standard","has-post-thumbnail","hentry","category-beneficios-sociais"],"yoast_head":"<!-- This site is optimized with the Yoast SEO plugin v27.5 - https:\/\/yoast.com\/product\/yoast-seo-wordpress\/ -->\n<title>Esses cursos t\u00eam altas taxas de emprego \u2013 e pouca gente sabe disso! -<\/title>\n<meta name=\"description\" content=\"Veja em Vagas de Emprego RJ as vagas de emprego com e sem experi\u00eancia no seu Estado e Regi\u00e3o!\" \/>\n<meta name=\"robots\" content=\"index, follow, max-snippet:-1, max-image-preview:large, max-video-preview:-1\" \/>\n<link rel=\"canonical\" href=\"https:\/\/www.vagadeempregorj.com.br\/es\/esses-cursos-tem-altas-taxas-de-emprego-e-pouca-gente-sabe-disso\/\" \/>\n<meta property=\"og:locale\" content=\"es_MX\" \/>\n<meta property=\"og:type\" content=\"article\" \/>\n<meta property=\"og:title\" content=\"Esses cursos t\u00eam altas taxas de emprego \u2013 e pouca gente sabe disso! -\" \/>\n<meta property=\"og:description\" content=\"Veja em Vagas de Emprego RJ as vagas de emprego com e sem experi\u00eancia no seu Estado e Regi\u00e3o!\" \/>\n<meta property=\"og:url\" content=\"https:\/\/www.vagadeempregorj.com.br\/es\/esses-cursos-tem-altas-taxas-de-emprego-e-pouca-gente-sabe-disso\/\" \/>\n<meta property=\"article:publisher\" content=\"https:\/\/www.facebook.com\/empregobrasiloficial\" \/>\n<meta property=\"article:published_time\" content=\"2025-02-23T09:00:00+00:00\" \/>\n<meta property=\"og:image\" content=\"https:\/\/www.vagadeempregorj.com.br\/wp-content\/uploads\/2025\/02\/curso-2.webp\" \/>\n\t<meta property=\"og:image:width\" content=\"1792\" \/>\n\t<meta property=\"og:image:height\" content=\"1024\" \/>\n\t<meta property=\"og:image:type\" content=\"image\/webp\" \/>\n<meta name=\"author\" content=\"Michele\" \/>\n<meta name=\"twitter:card\" content=\"summary_large_image\" \/>\n<meta name=\"twitter:label1\" content=\"Written by\" \/>\n\t<meta name=\"twitter:data1\" content=\"Michele\" \/>\n\t<meta name=\"twitter:label2\" content=\"Est. reading time\" \/>\n\t<meta name=\"twitter:data2\" content=\"4 minutos\" \/>\n<script type=\"application\/ld+json\" class=\"yoast-schema-graph\">{\"@context\":\"https:\\\/\\\/schema.org\",\"@graph\":[{\"@type\":\"Article\",\"@id\":\"https:\\\/\\\/www.vagadeempregorj.com.br\\\/esses-cursos-tem-altas-taxas-de-emprego-e-pouca-gente-sabe-disso\\\/#article\",\"isPartOf\":{\"@id\":\"https:\\\/\\\/www.vagadeempregorj.com.br\\\/esses-cursos-tem-altas-taxas-de-emprego-e-pouca-gente-sabe-disso\\\/\"},\"author\":{\"name\":\"Michele\",\"@id\":\"https:\\\/\\\/www.vagadeempregorj.com.br\\\/#\\\/schema\\\/person\\\/3ddb19fa0539706786e502152f3aae95\"},\"headline\":\"Esses cursos t\u00eam altas taxas de emprego \u2013 e pouca gente sabe disso!\",\"datePublished\":\"2025-02-23T09:00:00+00:00\",\"mainEntityOfPage\":{\"@id\":\"https:\\\/\\\/www.vagadeempregorj.com.br\\\/esses-cursos-tem-altas-taxas-de-emprego-e-pouca-gente-sabe-disso\\\/\"},\"wordCount\":801,\"image\":{\"@id\":\"https:\\\/\\\/www.vagadeempregorj.com.br\\\/esses-cursos-tem-altas-taxas-de-emprego-e-pouca-gente-sabe-disso\\\/#primaryimage\"},\"thumbnailUrl\":\"https:\\\/\\\/www.vagadeempregorj.com.br\\\/wp-content\\\/uploads\\\/2025\\\/02\\\/curso-2.webp\",\"articleSection\":[\"Benef\u00edcios Sociais\"],\"inLanguage\":\"es\"},{\"@type\":\"WebPage\",\"@id\":\"https:\\\/\\\/www.vagadeempregorj.com.br\\\/esses-cursos-tem-altas-taxas-de-emprego-e-pouca-gente-sabe-disso\\\/\",\"url\":\"https:\\\/\\\/www.vagadeempregorj.com.br\\\/esses-cursos-tem-altas-taxas-de-emprego-e-pouca-gente-sabe-disso\\\/\",\"name\":\"Esses cursos t\u00eam altas taxas de emprego \u2013 e pouca gente sabe disso! -\",\"isPartOf\":{\"@id\":\"https:\\\/\\\/www.vagadeempregorj.com.br\\\/#website\"},\"primaryImageOfPage\":{\"@id\":\"https:\\\/\\\/www.vagadeempregorj.com.br\\\/esses-cursos-tem-altas-taxas-de-emprego-e-pouca-gente-sabe-disso\\\/#primaryimage\"},\"image\":{\"@id\":\"https:\\\/\\\/www.vagadeempregorj.com.br\\\/esses-cursos-tem-altas-taxas-de-emprego-e-pouca-gente-sabe-disso\\\/#primaryimage\"},\"thumbnailUrl\":\"https:\\\/\\\/www.vagadeempregorj.com.br\\\/wp-content\\\/uploads\\\/2025\\\/02\\\/curso-2.webp\",\"datePublished\":\"2025-02-23T09:00:00+00:00\",\"author\":{\"@id\":\"https:\\\/\\\/www.vagadeempregorj.com.br\\\/#\\\/schema\\\/person\\\/3ddb19fa0539706786e502152f3aae95\"},\"description\":\"Veja em Vagas de Emprego RJ as vagas de emprego com e sem experi\u00eancia no seu Estado e Regi\u00e3o!\",\"breadcrumb\":{\"@id\":\"https:\\\/\\\/www.vagadeempregorj.com.br\\\/esses-cursos-tem-altas-taxas-de-emprego-e-pouca-gente-sabe-disso\\\/#breadcrumb\"},\"inLanguage\":\"es\",\"potentialAction\":[{\"@type\":\"ReadAction\",\"target\":[\"https:\\\/\\\/www.vagadeempregorj.com.br\\\/esses-cursos-tem-altas-taxas-de-emprego-e-pouca-gente-sabe-disso\\\/\"]}]},{\"@type\":\"ImageObject\",\"inLanguage\":\"es\",\"@id\":\"https:\\\/\\\/www.vagadeempregorj.com.br\\\/esses-cursos-tem-altas-taxas-de-emprego-e-pouca-gente-sabe-disso\\\/#primaryimage\",\"url\":\"https:\\\/\\\/www.vagadeempregorj.com.br\\\/wp-content\\\/uploads\\\/2025\\\/02\\\/curso-2.webp\",\"contentUrl\":\"https:\\\/\\\/www.vagadeempregorj.com.br\\\/wp-content\\\/uploads\\\/2025\\\/02\\\/curso-2.webp\",\"width\":1792,\"height\":1024},{\"@type\":\"BreadcrumbList\",\"@id\":\"https:\\\/\\\/www.vagadeempregorj.com.br\\\/esses-cursos-tem-altas-taxas-de-emprego-e-pouca-gente-sabe-disso\\\/#breadcrumb\",\"itemListElement\":[{\"@type\":\"ListItem\",\"position\":1,\"name\":\"In\u00edcio\",\"item\":\"https:\\\/\\\/www.vagadeempregorj.com.br\\\/\"},{\"@type\":\"ListItem\",\"position\":2,\"name\":\"Esses cursos t\u00eam altas taxas de emprego \u2013 e pouca gente sabe disso!\"}]},{\"@type\":\"WebSite\",\"@id\":\"https:\\\/\\\/www.vagadeempregorj.com.br\\\/#website\",\"url\":\"https:\\\/\\\/www.vagadeempregorj.com.br\\\/\",\"name\":\"\",\"description\":\"Conquiste Sonhos: Vagas, Benef\u00edcios e Economia para Transformar Vidas e Alcan\u00e7ar Melhorias Cotidianas\",\"potentialAction\":[{\"@type\":\"SearchAction\",\"target\":{\"@type\":\"EntryPoint\",\"urlTemplate\":\"https:\\\/\\\/www.vagadeempregorj.com.br\\\/?s={search_term_string}\"},\"query-input\":{\"@type\":\"PropertyValueSpecification\",\"valueRequired\":true,\"valueName\":\"search_term_string\"}}],\"inLanguage\":\"es\"},{\"@type\":\"Person\",\"@id\":\"https:\\\/\\\/www.vagadeempregorj.com.br\\\/#\\\/schema\\\/person\\\/3ddb19fa0539706786e502152f3aae95\",\"name\":\"Michele\",\"image\":{\"@type\":\"ImageObject\",\"inLanguage\":\"es\",\"@id\":\"https:\\\/\\\/secure.gravatar.com\\\/avatar\\\/6b0eb9d22841282815e2cd856a0061c45e1761cd54b22e952d98c4746939aa85?s=96&r=g\",\"url\":\"https:\\\/\\\/secure.gravatar.com\\\/avatar\\\/6b0eb9d22841282815e2cd856a0061c45e1761cd54b22e952d98c4746939aa85?s=96&r=g\",\"contentUrl\":\"https:\\\/\\\/secure.gravatar.com\\\/avatar\\\/6b0eb9d22841282815e2cd856a0061c45e1761cd54b22e952d98c4746939aa85?s=96&r=g\",\"caption\":\"Michele\"},\"description\":\"Formada em Letras - Portugu\u00eas\\\/ Ingl\u00eas, e idealizadora do site Escritora de Sucesso, busca expandir o conhecimento de todos com informa\u00e7\u00f5es relevantes sobre diversos assuntos, enquanto redatora. No Vaga de Emprego RJ, traz oportunidades e dicas sobre o mercado de trabalho.\",\"url\":\"https:\\\/\\\/www.vagadeempregorj.com.br\\\/es\\\/author\\\/michele\\\/\"}]}<\/script>\n<!-- \/ Yoast SEO plugin. -->","yoast_head_json":{"title":"Esses cursos t\u00eam altas taxas de emprego \u2013 e pouca gente sabe disso! -","description":"Veja em Vagas de Emprego RJ as vagas de emprego com e sem experi\u00eancia no seu Estado e Regi\u00e3o!","robots":{"index":"index","follow":"follow","max-snippet":"max-snippet:-1","max-image-preview":"max-image-preview:large","max-video-preview":"max-video-preview:-1"},"canonical":"https:\/\/www.vagadeempregorj.com.br\/es\/esses-cursos-tem-altas-taxas-de-emprego-e-pouca-gente-sabe-disso\/","og_locale":"es_MX","og_type":"article","og_title":"Esses cursos t\u00eam altas taxas de emprego \u2013 e pouca gente sabe disso! -","og_description":"Veja em Vagas de Emprego RJ as vagas de emprego com e sem experi\u00eancia no seu Estado e Regi\u00e3o!","og_url":"https:\/\/www.vagadeempregorj.com.br\/es\/esses-cursos-tem-altas-taxas-de-emprego-e-pouca-gente-sabe-disso\/","article_publisher":"https:\/\/www.facebook.com\/empregobrasiloficial","article_published_time":"2025-02-23T09:00:00+00:00","og_image":[{"width":1792,"height":1024,"url":"https:\/\/www.vagadeempregorj.com.br\/wp-content\/uploads\/2025\/02\/curso-2.webp","type":"image\/webp"}],"author":"Michele","twitter_card":"summary_large_image","twitter_misc":{"Written by":"Michele","Est. reading time":"4 minutos"},"schema":{"@context":"https:\/\/schema.org","@graph":[{"@type":"Article","@id":"https:\/\/www.vagadeempregorj.com.br\/esses-cursos-tem-altas-taxas-de-emprego-e-pouca-gente-sabe-disso\/#article","isPartOf":{"@id":"https:\/\/www.vagadeempregorj.com.br\/esses-cursos-tem-altas-taxas-de-emprego-e-pouca-gente-sabe-disso\/"},"author":{"name":"Michele","@id":"https:\/\/www.vagadeempregorj.com.br\/#\/schema\/person\/3ddb19fa0539706786e502152f3aae95"},"headline":"Esses cursos t\u00eam altas taxas de emprego \u2013 e pouca gente sabe disso!","datePublished":"2025-02-23T09:00:00+00:00","mainEntityOfPage":{"@id":"https:\/\/www.vagadeempregorj.com.br\/esses-cursos-tem-altas-taxas-de-emprego-e-pouca-gente-sabe-disso\/"},"wordCount":801,"image":{"@id":"https:\/\/www.vagadeempregorj.com.br\/esses-cursos-tem-altas-taxas-de-emprego-e-pouca-gente-sabe-disso\/#primaryimage"},"thumbnailUrl":"https:\/\/www.vagadeempregorj.com.br\/wp-content\/uploads\/2025\/02\/curso-2.webp","articleSection":["Benef\u00edcios Sociais"],"inLanguage":"es"},{"@type":"WebPage","@id":"https:\/\/www.vagadeempregorj.com.br\/esses-cursos-tem-altas-taxas-de-emprego-e-pouca-gente-sabe-disso\/","url":"https:\/\/www.vagadeempregorj.com.br\/esses-cursos-tem-altas-taxas-de-emprego-e-pouca-gente-sabe-disso\/","name":"Esses cursos t\u00eam altas taxas de emprego \u2013 e pouca gente sabe disso! -","isPartOf":{"@id":"https:\/\/www.vagadeempregorj.com.br\/#website"},"primaryImageOfPage":{"@id":"https:\/\/www.vagadeempregorj.com.br\/esses-cursos-tem-altas-taxas-de-emprego-e-pouca-gente-sabe-disso\/#primaryimage"},"image":{"@id":"https:\/\/www.vagadeempregorj.com.br\/esses-cursos-tem-altas-taxas-de-emprego-e-pouca-gente-sabe-disso\/#primaryimage"},"thumbnailUrl":"https:\/\/www.vagadeempregorj.com.br\/wp-content\/uploads\/2025\/02\/curso-2.webp","datePublished":"2025-02-23T09:00:00+00:00","author":{"@id":"https:\/\/www.vagadeempregorj.com.br\/#\/schema\/person\/3ddb19fa0539706786e502152f3aae95"},"description":"Veja em Vagas de Emprego RJ as vagas de emprego com e sem experi\u00eancia no seu Estado e Regi\u00e3o!","breadcrumb":{"@id":"https:\/\/www.vagadeempregorj.com.br\/esses-cursos-tem-altas-taxas-de-emprego-e-pouca-gente-sabe-disso\/#breadcrumb"},"inLanguage":"es","potentialAction":[{"@type":"ReadAction","target":["https:\/\/www.vagadeempregorj.com.br\/esses-cursos-tem-altas-taxas-de-emprego-e-pouca-gente-sabe-disso\/"]}]},{"@type":"ImageObject","inLanguage":"es","@id":"https:\/\/www.vagadeempregorj.com.br\/esses-cursos-tem-altas-taxas-de-emprego-e-pouca-gente-sabe-disso\/#primaryimage","url":"https:\/\/www.vagadeempregorj.com.br\/wp-content\/uploads\/2025\/02\/curso-2.webp","contentUrl":"https:\/\/www.vagadeempregorj.com.br\/wp-content\/uploads\/2025\/02\/curso-2.webp","width":1792,"height":1024},{"@type":"BreadcrumbList","@id":"https:\/\/www.vagadeempregorj.com.br\/esses-cursos-tem-altas-taxas-de-emprego-e-pouca-gente-sabe-disso\/#breadcrumb","itemListElement":[{"@type":"ListItem","position":1,"name":"In\u00edcio","item":"https:\/\/www.vagadeempregorj.com.br\/"},{"@type":"ListItem","position":2,"name":"Esses cursos t\u00eam altas taxas de emprego \u2013 e pouca gente sabe disso!"}]},{"@type":"WebSite","@id":"https:\/\/www.vagadeempregorj.com.br\/#website","url":"https:\/\/www.vagadeempregorj.com.br\/","name":"","description":"Conquiste Sonhos: Vagas, Benef\u00edcios e Economia para Transformar Vidas e Alcan\u00e7ar Melhorias Cotidianas","potentialAction":[{"@type":"SearchAction","target":{"@type":"EntryPoint","urlTemplate":"https:\/\/www.vagadeempregorj.com.br\/?s={search_term_string}"},"query-input":{"@type":"PropertyValueSpecification","valueRequired":true,"valueName":"search_term_string"}}],"inLanguage":"es"},{"@type":"Person","@id":"https:\/\/www.vagadeempregorj.com.br\/#\/schema\/person\/3ddb19fa0539706786e502152f3aae95","name":"Michele","image":{"@type":"ImageObject","inLanguage":"es","@id":"https:\/\/secure.gravatar.com\/avatar\/6b0eb9d22841282815e2cd856a0061c45e1761cd54b22e952d98c4746939aa85?s=96&r=g","url":"https:\/\/secure.gravatar.com\/avatar\/6b0eb9d22841282815e2cd856a0061c45e1761cd54b22e952d98c4746939aa85?s=96&r=g","contentUrl":"https:\/\/secure.gravatar.com\/avatar\/6b0eb9d22841282815e2cd856a0061c45e1761cd54b22e952d98c4746939aa85?s=96&r=g","caption":"Michele"},"description":"Formada em Letras - Portugu\u00eas\/ Ingl\u00eas, e idealizadora do site Escritora de Sucesso, busca expandir o conhecimento de todos com informa\u00e7\u00f5es relevantes sobre diversos assuntos, enquanto redatora. No Vaga de Emprego RJ, traz oportunidades e dicas sobre o mercado de trabalho.","url":"https:\/\/www.vagadeempregorj.com.br\/es\/author\/michele\/"}]}},"_links":{"self":[{"href":"https:\/\/www.vagadeempregorj.com.br\/es\/wp-json\/wp\/v2\/posts\/42809","targetHints":{"allow":["GET"]}}],"collection":[{"href":"https:\/\/www.vagadeempregorj.com.br\/es\/wp-json\/wp\/v2\/posts"}],"about":[{"href":"https:\/\/www.vagadeempregorj.com.br\/es\/wp-json\/wp\/v2\/types\/post"}],"author":[{"embeddable":true,"href":"https:\/\/www.vagadeempregorj.com.br\/es\/wp-json\/wp\/v2\/users\/16"}],"replies":[{"embeddable":true,"href":"https:\/\/www.vagadeempregorj.com.br\/es\/wp-json\/wp\/v2\/comments?post=42809"}],"version-history":[{"count":0,"href":"https:\/\/www.vagadeempregorj.com.br\/es\/wp-json\/wp\/v2\/posts\/42809\/revisions"}],"wp:featuredmedia":[{"embeddable":true,"href":"https:\/\/www.vagadeempregorj.com.br\/es\/wp-json\/wp\/v2\/media\/42810"}],"wp:attachment":[{"href":"https:\/\/www.vagadeempregorj.com.br\/es\/wp-json\/wp\/v2\/media?parent=42809"}],"wp:term":[{"taxonomy":"category","embeddable":true,"href":"https:\/\/www.vagadeempregorj.com.br\/es\/wp-json\/wp\/v2\/categories?post=42809"},{"taxonomy":"post_tag","embeddable":true,"href":"https:\/\/www.vagadeempregorj.com.br\/es\/wp-json\/wp\/v2\/tags?post=42809"}],"curies":[{"name":"wp","href":"https:\/\/api.w.org\/{rel}","templated":true}]}}