{"id":42873,"date":"2025-02-25T08:54:55","date_gmt":"2025-02-25T11:54:55","guid":{"rendered":"https:\/\/www.vagadeempregorj.com.br\/?p=42873"},"modified":"2025-06-15T14:46:33","modified_gmt":"2025-06-15T17:46:33","slug":"cursos-graduacao-ead-unifor-2025","status":"publish","type":"post","link":"https:\/\/www.vagadeempregorj.com.br\/es\/cursos-graduacao-ead-unifor-2025\/","title":{"rendered":"Unifor abre inscri\u00e7\u00f5es para 10 cursos de gradua\u00e7\u00e3o EAD 2025"},"content":{"rendered":"<p class=\"has-medium-font-size\">A Universidade de Fortaleza (Unifor) iniciou o processo seletivo para cursos de gradua\u00e7\u00e3o EAD em 2025. Os interessados podem escolher entre 10 op\u00e7\u00f5es de bacharelado e cursos tecnol\u00f3gicos em diferentes \u00e1reas do conhecimento. A modalidade de ensino a dist\u00e2ncia permite maior flexibilidade, facilitando o aprendizado para aqueles que buscam qualifica\u00e7\u00e3o sem comprometer sua rotina.<\/p>\n\n\n\n<h2 class=\"wp-block-heading\">Modalidades de ingresso<\/h2>\n\n\n\n<p class=\"has-medium-font-size\">Os candidatos podem ingressar nos cursos de gradua\u00e7\u00e3o EAD Unifor por diferentes formas:<\/p>\n\n\n\n<ul class=\"wp-block-list\">\n<li class=\"has-medium-font-size\"><strong>Prova de reda\u00e7\u00e3o online:<\/strong> realizada no momento da inscri\u00e7\u00e3o ou posteriormente.<\/li>\n\n\n\n<li class=\"has-medium-font-size\"><strong>Nota do Enem:<\/strong> v\u00e1lido de 2009 a 2024, desde que o candidato tenha obtido m\u00ednimo de 350 pontos e n\u00e3o tenha zerado reda\u00e7\u00e3o ou prova objetiva.<\/li>\n\n\n\n<li class=\"has-medium-font-size\"><strong>Vestibulares anteriores:<\/strong> Unifor aceita notas de sele\u00e7\u00f5es entre 2017 e 2024.<\/li>\n\n\n\n<li class=\"has-medium-font-size\"><strong>Transfer\u00eancia e segunda gradua\u00e7\u00e3o:<\/strong> op\u00e7\u00f5es para estudantes de outras institui\u00e7\u00f5es e diplomados.<\/li>\n<\/ul>\n\n\n\n<p class=\"has-medium-font-size\">Os cursos de gradua\u00e7\u00e3o EAD da Unifor s\u00e3o uma excelente escolha para quem busca flexibilidade nos estudos sem abrir m\u00e3o da qualidade acad\u00eamica. A universidade oferece suporte completo para garantir a melhor experi\u00eancia de aprendizado.<\/p>\n\n\n\n<h2 class=\"wp-block-heading\">Cursos oferecidos<\/h2>\n\n\n\n<p class=\"has-medium-font-size\">A Unifor disponibiliza gradua\u00e7\u00f5es que combinam teoria e pr\u00e1tica profissional, alinhadas \u00e0s demandas do mercado. Confira algumas das op\u00e7\u00f5es dispon\u00edveis:<\/p>\n\n\n\n<ul class=\"wp-block-list\">\n<li class=\"has-medium-font-size\"><strong>Administra\u00e7\u00e3o<\/strong> \u2013 Foco em gest\u00e3o e inova\u00e7\u00e3o.<\/li>\n\n\n\n<li class=\"has-medium-font-size\"><strong>An\u00e1lise e Desenvolvimento de Sistemas<\/strong> \u2013 Solu\u00e7\u00f5es em software.<\/li>\n\n\n\n<li class=\"has-medium-font-size\"><strong>Ci\u00eancias Cont\u00e1beis<\/strong> \u2013 Normas brasileiras e internacionais.<\/li>\n\n\n\n<li class=\"has-medium-font-size\"><strong>Gest\u00e3o Comercial<\/strong> \u2013 Estrat\u00e9gias de neg\u00f3cios.<\/li>\n\n\n\n<li class=\"has-medium-font-size\"><strong>Gest\u00e3o Financeira<\/strong> \u2013 Planejamento e controle financeiro.<\/li>\n\n\n\n<li class=\"has-medium-font-size\"><strong>Gest\u00e3o de Recursos Humanos<\/strong> \u2013 Desenvolvimento de equipes.<\/li>\n\n\n\n<li class=\"has-medium-font-size\"><strong>Intelig\u00eancia Artificial<\/strong> \u2013 Tecnologia e aprendizado de m\u00e1quina.<\/li>\n\n\n\n<li class=\"has-medium-font-size\"><strong>Intelig\u00eancia de Neg\u00f3cios<\/strong> \u2013 An\u00e1lise de dados empresariais.<\/li>\n\n\n\n<li class=\"has-medium-font-size\"><strong>Log\u00edstica<\/strong> \u2013 Cadeia de suprimentos e distribui\u00e7\u00e3o.<\/li>\n\n\n\n<li class=\"has-medium-font-size\"><strong>Marketing Digital<\/strong> \u2013 Estrat\u00e9gias online e comunica\u00e7\u00e3o.<\/li>\n<\/ul>\n\n\n\n<h2 class=\"wp-block-heading\">Diferenciais da EAD Unifor<\/h2>\n\n\n\n<p class=\"has-medium-font-size\">Os cursos de gradua\u00e7\u00e3o EAD Unifor se destacam pelo uso de metodologias ativas e ferramentas interativas. A estrutura inclui:<\/p>\n\n\n\n<ul class=\"wp-block-list\">\n<li class=\"has-medium-font-size\"><strong>Ambiente Virtual de Aprendizagem (AVA)<\/strong> com interface intuitiva.<\/li>\n\n\n\n<li class=\"has-medium-font-size\"><strong>Laborat\u00f3rios virtuais<\/strong> para simula\u00e7\u00e3o de cen\u00e1rios reais.<\/li>\n\n\n\n<li class=\"has-medium-font-size\"><strong>Tutorias especializadas<\/strong> com mestres e doutores.<\/li>\n\n\n\n<li class=\"has-medium-font-size\"><strong>Apoio acad\u00eamico e profissional<\/strong>, como o Programa de Apoio ao Aluno (PAP) e a Central de Carreiras.<\/li>\n\n\n\n<li class=\"has-medium-font-size\"><strong>Provas presenciais<\/strong> duas vezes por semestre no campus da Unifor.<\/li>\n<\/ul>\n\n\n\n<p class=\"has-medium-font-size\">Segundo a professora Andrea Chagas, coordenadora da EAD Unifor, &#8220;nossos cursos s\u00e3o planejados por educadores experientes, utilizando conte\u00fados de autores renomados e suporte constante aos alunos&#8221;. Al\u00e9m disso, os estudantes podem contar com materiais did\u00e1ticos de qualidade e atividades pr\u00e1ticas que refor\u00e7am o aprendizado.<\/p>\n\n\n\n<h2 class=\"wp-block-heading\">Benef\u00edcios da gradua\u00e7\u00e3o a dist\u00e2ncia<\/h2>\n\n\n\n<p class=\"has-medium-font-size\">Optar por um curso EAD permite que o aluno estude no seu pr\u00f3prio ritmo, sem a necessidade de deslocamento di\u00e1rio at\u00e9 a universidade. Al\u00e9m disso, a metodologia aplicada possibilita maior autonomia, preparando o estudante para os desafios do mercado de trabalho.<\/p>\n\n\n\n<p class=\"has-medium-font-size\">Os cursos EAD da Unifor s\u00e3o ideais para quem deseja conciliar os estudos com outras atividades, pois garantem uma forma\u00e7\u00e3o acad\u00eamica de qualidade e reconhecida no mercado. Al\u00e9m disso, com uma plataforma moderna e professores capacitados, a Unifor proporciona uma experi\u00eancia educacional diferenciada.<\/p>\n\n\n\n<h2 class=\"wp-block-heading\">Como se inscrever<\/h2>\n\n\n\n<p class=\"has-medium-font-size\">As inscri\u00e7\u00f5es para o processo seletivo 2025.1 j\u00e1 est\u00e3o abertas. Portanto, os interessados devem acessar o portal da Unifor para consultar mais informa\u00e7\u00f5es sobre os cursos, as formas de ingresso e os prazos. Al\u00e9m disso, \u00e9 importante conferir todos os requisitos antes de realizar a inscri\u00e7\u00e3o.<\/p>\n\n\n\n<hr class=\"wp-block-separator has-alpha-channel-opacity\"\/>\n\n\n\n<p class=\"has-medium-font-size\"><a href=\"https:\/\/www.vagadeempregorj.com.br\/es\/cursos\/\">Caso tenha um conte\u00fado sobre <strong>benef\u00edcios da gradua\u00e7\u00e3o EAD<\/strong>, ele pode ser relacionado ao artigo.<\/a><\/p>","protected":false},"excerpt":{"rendered":"<p>A Universidade de Fortaleza (Unifor) iniciou o processo seletivo para cursos de gradua\u00e7\u00e3o EAD em 2025. Os interessados podem escolher entre 10 op\u00e7\u00f5es de bacharelado e cursos tecnol\u00f3gicos em diferentes \u00e1reas do conhecimento. A modalidade de ensino a dist\u00e2ncia permite maior flexibilidade, facilitando o aprendizado para aqueles que buscam qualifica\u00e7\u00e3o sem comprometer sua rotina. Modalidades&hellip;&nbsp;<\/p>","protected":false},"author":1,"featured_media":42874,"comment_status":"closed","ping_status":"closed","sticky":false,"template":"","format":"standard","meta":{"neve_meta_sidebar":"","neve_meta_container":"","neve_meta_enable_content_width":"","neve_meta_content_width":0,"neve_meta_title_alignment":"","neve_meta_author_avatar":"","neve_post_elements_order":"","neve_meta_disable_header":"","neve_meta_disable_footer":"","neve_meta_disable_title":"","footnotes":""},"categories":[703],"tags":[1070,1073,1071,999,1072],"class_list":["post-42873","post","type-post","status-publish","format-standard","has-post-thumbnail","hentry","category-informacao-tecnologica-e-curiosidades","tag-ead","tag-ensino-superior-online","tag-graduacao-a-distancia","tag-inscricoes-abertas","tag-vestibular-unifor"],"yoast_head":"<!-- This site is optimized with the Yoast SEO plugin v27.5 - https:\/\/yoast.com\/product\/yoast-seo-wordpress\/ -->\n<title>Unifor abre inscri\u00e7\u00f5es para 10 cursos de gradua\u00e7\u00e3o EAD 2025 -<\/title>\n<meta name=\"description\" content=\"A Unifor abriu inscri\u00e7\u00f5es para 10 cursos de gradua\u00e7\u00e3o EAD em 2025. Modalidades flex\u00edveis e ensino inovador garantem forma\u00e7\u00e3o de qualidade.\" \/>\n<meta name=\"robots\" content=\"index, follow, max-snippet:-1, max-image-preview:large, max-video-preview:-1\" \/>\n<link rel=\"canonical\" href=\"https:\/\/www.vagadeempregorj.com.br\/es\/cursos-graduacao-ead-unifor-2025\/\" \/>\n<meta property=\"og:locale\" content=\"es_MX\" \/>\n<meta property=\"og:type\" content=\"article\" \/>\n<meta property=\"og:title\" content=\"Unifor abre inscri\u00e7\u00f5es para 10 cursos de gradua\u00e7\u00e3o EAD 2025 -\" \/>\n<meta property=\"og:description\" content=\"A Unifor abriu inscri\u00e7\u00f5es para 10 cursos de gradua\u00e7\u00e3o EAD em 2025. Modalidades flex\u00edveis e ensino inovador garantem forma\u00e7\u00e3o de qualidade.\" \/>\n<meta property=\"og:url\" content=\"https:\/\/www.vagadeempregorj.com.br\/es\/cursos-graduacao-ead-unifor-2025\/\" \/>\n<meta property=\"article:publisher\" content=\"https:\/\/www.facebook.com\/empregobrasiloficial\" \/>\n<meta property=\"article:published_time\" content=\"2025-02-25T11:54:55+00:00\" \/>\n<meta property=\"article:modified_time\" content=\"2025-06-15T17:46:33+00:00\" \/>\n<meta property=\"og:image\" content=\"https:\/\/www.vagadeempregorj.com.br\/wp-content\/uploads\/2025\/02\/Cursos-de-graduacao-EAD-Unifor.jpg\" \/>\n\t<meta property=\"og:image:width\" content=\"1000\" \/>\n\t<meta property=\"og:image:height\" content=\"562\" \/>\n\t<meta property=\"og:image:type\" content=\"image\/jpeg\" \/>\n<meta name=\"author\" content=\"Ana B.\" \/>\n<meta name=\"twitter:card\" content=\"summary_large_image\" \/>\n<meta name=\"twitter:label1\" content=\"Written by\" \/>\n\t<meta name=\"twitter:data1\" content=\"Ana B.\" \/>\n\t<meta name=\"twitter:label2\" content=\"Est. reading time\" \/>\n\t<meta name=\"twitter:data2\" content=\"3 minutos\" \/>\n<script type=\"application\/ld+json\" class=\"yoast-schema-graph\">{\"@context\":\"https:\\\/\\\/schema.org\",\"@graph\":[{\"@type\":\"Article\",\"@id\":\"https:\\\/\\\/www.vagadeempregorj.com.br\\\/cursos-graduacao-ead-unifor-2025\\\/#article\",\"isPartOf\":{\"@id\":\"https:\\\/\\\/www.vagadeempregorj.com.br\\\/cursos-graduacao-ead-unifor-2025\\\/\"},\"author\":{\"name\":\"Ana B.\",\"@id\":\"https:\\\/\\\/www.vagadeempregorj.com.br\\\/#\\\/schema\\\/person\\\/c0c38d5d765e86c3b7c8f12fb1ae6477\"},\"headline\":\"Unifor abre inscri\u00e7\u00f5es para 10 cursos de gradua\u00e7\u00e3o EAD 2025\",\"datePublished\":\"2025-02-25T11:54:55+00:00\",\"dateModified\":\"2025-06-15T17:46:33+00:00\",\"mainEntityOfPage\":{\"@id\":\"https:\\\/\\\/www.vagadeempregorj.com.br\\\/cursos-graduacao-ead-unifor-2025\\\/\"},\"wordCount\":597,\"image\":{\"@id\":\"https:\\\/\\\/www.vagadeempregorj.com.br\\\/cursos-graduacao-ead-unifor-2025\\\/#primaryimage\"},\"thumbnailUrl\":\"https:\\\/\\\/www.vagadeempregorj.com.br\\\/wp-content\\\/uploads\\\/2025\\\/02\\\/Cursos-de-graduacao-EAD-Unifor.jpg\",\"keywords\":[\"EAD\",\"ensino superior online\",\"gradua\u00e7\u00e3o a dist\u00e2ncia\",\"inscri\u00e7\u00f5es abertas\",\"vestibular Unifor\"],\"articleSection\":[\"Informa\u00e7\u00e3o Tecnol\u00f3gica, Curiosidades e Cursos\"],\"inLanguage\":\"es\"},{\"@type\":\"WebPage\",\"@id\":\"https:\\\/\\\/www.vagadeempregorj.com.br\\\/cursos-graduacao-ead-unifor-2025\\\/\",\"url\":\"https:\\\/\\\/www.vagadeempregorj.com.br\\\/cursos-graduacao-ead-unifor-2025\\\/\",\"name\":\"Unifor abre inscri\u00e7\u00f5es para 10 cursos de gradua\u00e7\u00e3o EAD 2025 -\",\"isPartOf\":{\"@id\":\"https:\\\/\\\/www.vagadeempregorj.com.br\\\/#website\"},\"primaryImageOfPage\":{\"@id\":\"https:\\\/\\\/www.vagadeempregorj.com.br\\\/cursos-graduacao-ead-unifor-2025\\\/#primaryimage\"},\"image\":{\"@id\":\"https:\\\/\\\/www.vagadeempregorj.com.br\\\/cursos-graduacao-ead-unifor-2025\\\/#primaryimage\"},\"thumbnailUrl\":\"https:\\\/\\\/www.vagadeempregorj.com.br\\\/wp-content\\\/uploads\\\/2025\\\/02\\\/Cursos-de-graduacao-EAD-Unifor.jpg\",\"datePublished\":\"2025-02-25T11:54:55+00:00\",\"dateModified\":\"2025-06-15T17:46:33+00:00\",\"author\":{\"@id\":\"https:\\\/\\\/www.vagadeempregorj.com.br\\\/#\\\/schema\\\/person\\\/c0c38d5d765e86c3b7c8f12fb1ae6477\"},\"description\":\"A Unifor abriu inscri\u00e7\u00f5es para 10 cursos de gradua\u00e7\u00e3o EAD em 2025. Modalidades flex\u00edveis e ensino inovador garantem forma\u00e7\u00e3o de qualidade.\",\"breadcrumb\":{\"@id\":\"https:\\\/\\\/www.vagadeempregorj.com.br\\\/cursos-graduacao-ead-unifor-2025\\\/#breadcrumb\"},\"inLanguage\":\"es\",\"potentialAction\":[{\"@type\":\"ReadAction\",\"target\":[\"https:\\\/\\\/www.vagadeempregorj.com.br\\\/cursos-graduacao-ead-unifor-2025\\\/\"]}]},{\"@type\":\"ImageObject\",\"inLanguage\":\"es\",\"@id\":\"https:\\\/\\\/www.vagadeempregorj.com.br\\\/cursos-graduacao-ead-unifor-2025\\\/#primaryimage\",\"url\":\"https:\\\/\\\/www.vagadeempregorj.com.br\\\/wp-content\\\/uploads\\\/2025\\\/02\\\/Cursos-de-graduacao-EAD-Unifor.jpg\",\"contentUrl\":\"https:\\\/\\\/www.vagadeempregorj.com.br\\\/wp-content\\\/uploads\\\/2025\\\/02\\\/Cursos-de-graduacao-EAD-Unifor.jpg\",\"width\":1000,\"height\":562,\"caption\":\"Cursos de gradua\u00e7\u00e3o EAD Unifor\"},{\"@type\":\"BreadcrumbList\",\"@id\":\"https:\\\/\\\/www.vagadeempregorj.com.br\\\/cursos-graduacao-ead-unifor-2025\\\/#breadcrumb\",\"itemListElement\":[{\"@type\":\"ListItem\",\"position\":1,\"name\":\"In\u00edcio\",\"item\":\"https:\\\/\\\/www.vagadeempregorj.com.br\\\/\"},{\"@type\":\"ListItem\",\"position\":2,\"name\":\"Unifor abre inscri\u00e7\u00f5es para 10 cursos de gradua\u00e7\u00e3o EAD 2025\"}]},{\"@type\":\"WebSite\",\"@id\":\"https:\\\/\\\/www.vagadeempregorj.com.br\\\/#website\",\"url\":\"https:\\\/\\\/www.vagadeempregorj.com.br\\\/\",\"name\":\"\",\"description\":\"Conquiste Sonhos: Vagas, Benef\u00edcios e Economia para Transformar Vidas e Alcan\u00e7ar Melhorias Cotidianas\",\"potentialAction\":[{\"@type\":\"SearchAction\",\"target\":{\"@type\":\"EntryPoint\",\"urlTemplate\":\"https:\\\/\\\/www.vagadeempregorj.com.br\\\/?s={search_term_string}\"},\"query-input\":{\"@type\":\"PropertyValueSpecification\",\"valueRequired\":true,\"valueName\":\"search_term_string\"}}],\"inLanguage\":\"es\"},{\"@type\":\"Person\",\"@id\":\"https:\\\/\\\/www.vagadeempregorj.com.br\\\/#\\\/schema\\\/person\\\/c0c38d5d765e86c3b7c8f12fb1ae6477\",\"name\":\"Ana B.\",\"image\":{\"@type\":\"ImageObject\",\"inLanguage\":\"es\",\"@id\":\"https:\\\/\\\/secure.gravatar.com\\\/avatar\\\/f5efa58599e07f8dd92f26c7cfbc442fd115582bc681245452e503c2ef2334f3?s=96&r=g\",\"url\":\"https:\\\/\\\/secure.gravatar.com\\\/avatar\\\/f5efa58599e07f8dd92f26c7cfbc442fd115582bc681245452e503c2ef2334f3?s=96&r=g\",\"contentUrl\":\"https:\\\/\\\/secure.gravatar.com\\\/avatar\\\/f5efa58599e07f8dd92f26c7cfbc442fd115582bc681245452e503c2ef2334f3?s=96&r=g\",\"caption\":\"Ana B.\"},\"description\":\"Meu nome \u00e9 Ana e sou apaixonada em escrever. Dedico meu tempo escrevendo not\u00edcias e vagas de emprego diariamente no portal Vaga de Emprego RJ.\",\"url\":\"https:\\\/\\\/www.vagadeempregorj.com.br\\\/es\\\/author\\\/vgrj\\\/\"}]}<\/script>\n<!-- \/ Yoast SEO plugin. -->","yoast_head_json":{"title":"Unifor abre inscri\u00e7\u00f5es para 10 cursos de gradua\u00e7\u00e3o EAD 2025 -","description":"A Unifor abriu inscri\u00e7\u00f5es para 10 cursos de gradua\u00e7\u00e3o EAD em 2025. Modalidades flex\u00edveis e ensino inovador garantem forma\u00e7\u00e3o de qualidade.","robots":{"index":"index","follow":"follow","max-snippet":"max-snippet:-1","max-image-preview":"max-image-preview:large","max-video-preview":"max-video-preview:-1"},"canonical":"https:\/\/www.vagadeempregorj.com.br\/es\/cursos-graduacao-ead-unifor-2025\/","og_locale":"es_MX","og_type":"article","og_title":"Unifor abre inscri\u00e7\u00f5es para 10 cursos de gradua\u00e7\u00e3o EAD 2025 -","og_description":"A Unifor abriu inscri\u00e7\u00f5es para 10 cursos de gradua\u00e7\u00e3o EAD em 2025. Modalidades flex\u00edveis e ensino inovador garantem forma\u00e7\u00e3o de qualidade.","og_url":"https:\/\/www.vagadeempregorj.com.br\/es\/cursos-graduacao-ead-unifor-2025\/","article_publisher":"https:\/\/www.facebook.com\/empregobrasiloficial","article_published_time":"2025-02-25T11:54:55+00:00","article_modified_time":"2025-06-15T17:46:33+00:00","og_image":[{"width":1000,"height":562,"url":"https:\/\/www.vagadeempregorj.com.br\/wp-content\/uploads\/2025\/02\/Cursos-de-graduacao-EAD-Unifor.jpg","type":"image\/jpeg"}],"author":"Ana B.","twitter_card":"summary_large_image","twitter_misc":{"Written by":"Ana B.","Est. reading time":"3 minutos"},"schema":{"@context":"https:\/\/schema.org","@graph":[{"@type":"Article","@id":"https:\/\/www.vagadeempregorj.com.br\/cursos-graduacao-ead-unifor-2025\/#article","isPartOf":{"@id":"https:\/\/www.vagadeempregorj.com.br\/cursos-graduacao-ead-unifor-2025\/"},"author":{"name":"Ana B.","@id":"https:\/\/www.vagadeempregorj.com.br\/#\/schema\/person\/c0c38d5d765e86c3b7c8f12fb1ae6477"},"headline":"Unifor abre inscri\u00e7\u00f5es para 10 cursos de gradua\u00e7\u00e3o EAD 2025","datePublished":"2025-02-25T11:54:55+00:00","dateModified":"2025-06-15T17:46:33+00:00","mainEntityOfPage":{"@id":"https:\/\/www.vagadeempregorj.com.br\/cursos-graduacao-ead-unifor-2025\/"},"wordCount":597,"image":{"@id":"https:\/\/www.vagadeempregorj.com.br\/cursos-graduacao-ead-unifor-2025\/#primaryimage"},"thumbnailUrl":"https:\/\/www.vagadeempregorj.com.br\/wp-content\/uploads\/2025\/02\/Cursos-de-graduacao-EAD-Unifor.jpg","keywords":["EAD","ensino superior online","gradua\u00e7\u00e3o a dist\u00e2ncia","inscri\u00e7\u00f5es abertas","vestibular Unifor"],"articleSection":["Informa\u00e7\u00e3o Tecnol\u00f3gica, Curiosidades e Cursos"],"inLanguage":"es"},{"@type":"WebPage","@id":"https:\/\/www.vagadeempregorj.com.br\/cursos-graduacao-ead-unifor-2025\/","url":"https:\/\/www.vagadeempregorj.com.br\/cursos-graduacao-ead-unifor-2025\/","name":"Unifor abre inscri\u00e7\u00f5es para 10 cursos de gradua\u00e7\u00e3o EAD 2025 -","isPartOf":{"@id":"https:\/\/www.vagadeempregorj.com.br\/#website"},"primaryImageOfPage":{"@id":"https:\/\/www.vagadeempregorj.com.br\/cursos-graduacao-ead-unifor-2025\/#primaryimage"},"image":{"@id":"https:\/\/www.vagadeempregorj.com.br\/cursos-graduacao-ead-unifor-2025\/#primaryimage"},"thumbnailUrl":"https:\/\/www.vagadeempregorj.com.br\/wp-content\/uploads\/2025\/02\/Cursos-de-graduacao-EAD-Unifor.jpg","datePublished":"2025-02-25T11:54:55+00:00","dateModified":"2025-06-15T17:46:33+00:00","author":{"@id":"https:\/\/www.vagadeempregorj.com.br\/#\/schema\/person\/c0c38d5d765e86c3b7c8f12fb1ae6477"},"description":"A Unifor abriu inscri\u00e7\u00f5es para 10 cursos de gradua\u00e7\u00e3o EAD em 2025. Modalidades flex\u00edveis e ensino inovador garantem forma\u00e7\u00e3o de qualidade.","breadcrumb":{"@id":"https:\/\/www.vagadeempregorj.com.br\/cursos-graduacao-ead-unifor-2025\/#breadcrumb"},"inLanguage":"es","potentialAction":[{"@type":"ReadAction","target":["https:\/\/www.vagadeempregorj.com.br\/cursos-graduacao-ead-unifor-2025\/"]}]},{"@type":"ImageObject","inLanguage":"es","@id":"https:\/\/www.vagadeempregorj.com.br\/cursos-graduacao-ead-unifor-2025\/#primaryimage","url":"https:\/\/www.vagadeempregorj.com.br\/wp-content\/uploads\/2025\/02\/Cursos-de-graduacao-EAD-Unifor.jpg","contentUrl":"https:\/\/www.vagadeempregorj.com.br\/wp-content\/uploads\/2025\/02\/Cursos-de-graduacao-EAD-Unifor.jpg","width":1000,"height":562,"caption":"Cursos de gradua\u00e7\u00e3o EAD Unifor"},{"@type":"BreadcrumbList","@id":"https:\/\/www.vagadeempregorj.com.br\/cursos-graduacao-ead-unifor-2025\/#breadcrumb","itemListElement":[{"@type":"ListItem","position":1,"name":"In\u00edcio","item":"https:\/\/www.vagadeempregorj.com.br\/"},{"@type":"ListItem","position":2,"name":"Unifor abre inscri\u00e7\u00f5es para 10 cursos de gradua\u00e7\u00e3o EAD 2025"}]},{"@type":"WebSite","@id":"https:\/\/www.vagadeempregorj.com.br\/#website","url":"https:\/\/www.vagadeempregorj.com.br\/","name":"","description":"Conquiste Sonhos: Vagas, Benef\u00edcios e Economia para Transformar Vidas e Alcan\u00e7ar Melhorias Cotidianas","potentialAction":[{"@type":"SearchAction","target":{"@type":"EntryPoint","urlTemplate":"https:\/\/www.vagadeempregorj.com.br\/?s={search_term_string}"},"query-input":{"@type":"PropertyValueSpecification","valueRequired":true,"valueName":"search_term_string"}}],"inLanguage":"es"},{"@type":"Person","@id":"https:\/\/www.vagadeempregorj.com.br\/#\/schema\/person\/c0c38d5d765e86c3b7c8f12fb1ae6477","name":"Ana B.","image":{"@type":"ImageObject","inLanguage":"es","@id":"https:\/\/secure.gravatar.com\/avatar\/f5efa58599e07f8dd92f26c7cfbc442fd115582bc681245452e503c2ef2334f3?s=96&r=g","url":"https:\/\/secure.gravatar.com\/avatar\/f5efa58599e07f8dd92f26c7cfbc442fd115582bc681245452e503c2ef2334f3?s=96&r=g","contentUrl":"https:\/\/secure.gravatar.com\/avatar\/f5efa58599e07f8dd92f26c7cfbc442fd115582bc681245452e503c2ef2334f3?s=96&r=g","caption":"Ana B."},"description":"Meu nome \u00e9 Ana e sou apaixonada em escrever. Dedico meu tempo escrevendo not\u00edcias e vagas de emprego diariamente no portal Vaga de Emprego RJ.","url":"https:\/\/www.vagadeempregorj.com.br\/es\/author\/vgrj\/"}]}},"_links":{"self":[{"href":"https:\/\/www.vagadeempregorj.com.br\/es\/wp-json\/wp\/v2\/posts\/42873","targetHints":{"allow":["GET"]}}],"collection":[{"href":"https:\/\/www.vagadeempregorj.com.br\/es\/wp-json\/wp\/v2\/posts"}],"about":[{"href":"https:\/\/www.vagadeempregorj.com.br\/es\/wp-json\/wp\/v2\/types\/post"}],"author":[{"embeddable":true,"href":"https:\/\/www.vagadeempregorj.com.br\/es\/wp-json\/wp\/v2\/users\/1"}],"replies":[{"embeddable":true,"href":"https:\/\/www.vagadeempregorj.com.br\/es\/wp-json\/wp\/v2\/comments?post=42873"}],"version-history":[{"count":1,"href":"https:\/\/www.vagadeempregorj.com.br\/es\/wp-json\/wp\/v2\/posts\/42873\/revisions"}],"predecessor-version":[{"id":43597,"href":"https:\/\/www.vagadeempregorj.com.br\/es\/wp-json\/wp\/v2\/posts\/42873\/revisions\/43597"}],"wp:featuredmedia":[{"embeddable":true,"href":"https:\/\/www.vagadeempregorj.com.br\/es\/wp-json\/wp\/v2\/media\/42874"}],"wp:attachment":[{"href":"https:\/\/www.vagadeempregorj.com.br\/es\/wp-json\/wp\/v2\/media?parent=42873"}],"wp:term":[{"taxonomy":"category","embeddable":true,"href":"https:\/\/www.vagadeempregorj.com.br\/es\/wp-json\/wp\/v2\/categories?post=42873"},{"taxonomy":"post_tag","embeddable":true,"href":"https:\/\/www.vagadeempregorj.com.br\/es\/wp-json\/wp\/v2\/tags?post=42873"}],"curies":[{"name":"wp","href":"https:\/\/api.w.org\/{rel}","templated":true}]}}