{"id":42947,"date":"2025-03-31T06:00:00","date_gmt":"2025-03-31T09:00:00","guid":{"rendered":"https:\/\/www.vagadeempregorj.com.br\/?p=42947"},"modified":"2025-06-15T14:30:30","modified_gmt":"2025-06-15T17:30:30","slug":"habilidades-que-todas-as-empresas-querem-ver-em-candidatos-em-2025","status":"publish","type":"post","link":"https:\/\/www.vagadeempregorj.com.br\/es\/habilidades-que-todas-as-empresas-querem-ver-em-candidatos-em-2025\/","title":{"rendered":"Habilidades que TODAS as empresas querem ver em candidatos em 2025"},"content":{"rendered":"<p>O mundo mudou. As profiss\u00f5es mudaram. E, com isso, <strong>as habilidades que as empresas buscam em um candidato tamb\u00e9m mudaram<\/strong>.<\/p>\n\n\n\n<p>N\u00e3o basta mais ter um bom curr\u00edculo ou uma gradua\u00e7\u00e3o tradicional. Em 2025, as empresas querem <strong>profissionais que saibam se adaptar, comunicar e pensar de forma estrat\u00e9gica<\/strong> \u2014 mesmo em meio ao caos.<\/p>\n\n\n\n<p>Se voc\u00ea est\u00e1 buscando uma vaga, pensando em crescer na carreira ou se recolocar no mercado, \u00e9 bom prestar aten\u00e7\u00e3o: <strong>existem algumas habilidades que est\u00e3o aparecendo em quase todas as descri\u00e7\u00f5es de vaga<\/strong> \u2014 e que fazem os olhos dos recrutadores brilharem.<\/p>\n\n\n\n<p>A seguir, voc\u00ea vai descobrir quais s\u00e3o essas habilidades e, mais importante, <strong>como desenvolv\u00ea-las de verdade<\/strong>.<\/p>\n\n\n\n<figure class=\"wp-block-image size-large\"><img loading=\"lazy\" decoding=\"async\" width=\"1024\" height=\"585\" src=\"https:\/\/www.vagadeempregorj.com.br\/wp-content\/uploads\/2025\/03\/habilidades-1-1024x585.webp\" alt=\"\" class=\"wp-image-42949\" srcset=\"https:\/\/www.vagadeempregorj.com.br\/wp-content\/uploads\/2025\/03\/habilidades-1-1024x585.webp 1024w, https:\/\/www.vagadeempregorj.com.br\/wp-content\/uploads\/2025\/03\/habilidades-1-300x171.webp 300w, https:\/\/www.vagadeempregorj.com.br\/wp-content\/uploads\/2025\/03\/habilidades-1-768x439.webp 768w, https:\/\/www.vagadeempregorj.com.br\/wp-content\/uploads\/2025\/03\/habilidades-1-1536x878.webp 1536w, https:\/\/www.vagadeempregorj.com.br\/wp-content\/uploads\/2025\/03\/habilidades-1-150x86.webp 150w, https:\/\/www.vagadeempregorj.com.br\/wp-content\/uploads\/2025\/03\/habilidades-1.webp 1792w\" sizes=\"auto, (max-width: 1024px) 100vw, 1024px\" \/><\/figure>\n\n\n\n<h2 class=\"wp-block-heading\">Por que o perfil dos profissionais mudou?<\/h2>\n\n\n\n<p>A resposta \u00e9 simples: o mercado mudou. Empresas passaram por fus\u00f5es, cortes, transforma\u00e7\u00f5es digitais, mudan\u00e7as de comportamento do consumidor e press\u00e3o por inova\u00e7\u00e3o.<\/p>\n\n\n\n<p>Hoje, contratar algu\u00e9m que <strong>apenas executa tarefas t\u00e9cnicas n\u00e3o \u00e9 suficiente<\/strong>. O que as empresas querem \u00e9 algu\u00e9m que:<\/p>\n\n\n\n<ul class=\"wp-block-list\">\n<li>Pense al\u00e9m da sua fun\u00e7\u00e3o<\/li>\n\n\n\n<li>Saiba resolver problemas inesperados<\/li>\n\n\n\n<li>Comunique suas ideias com clareza<\/li>\n\n\n\n<li>Aprenda r\u00e1pido e sozinho<\/li>\n\n\n\n<li>Tenha equil\u00edbrio emocional diante da press\u00e3o<\/li>\n<\/ul>\n\n\n\n<p>Agora vamos \u00e0 lista.<\/p>\n\n\n\n<h2 class=\"wp-block-heading\">1# Comunica\u00e7\u00e3o clara e objetiva<\/h2>\n\n\n\n<p>Essa \u00e9 a habilidade que <strong>nunca sai de moda<\/strong> \u2014 e que se tornou ainda mais importante com o trabalho remoto, os times h\u00edbridos e a quantidade de reuni\u00f5es online.<\/p>\n\n\n\n<p>Saber escrever um e-mail claro, participar de uma call com seguran\u00e7a, dar feedbacks e apresentar uma ideia de forma direta s\u00e3o qualidades raras e muito valorizadas.<\/p>\n\n\n\n<p>Empresas querem candidatos que consigam:<\/p>\n\n\n\n<ul class=\"wp-block-list\">\n<li>Se expressar sem enrola\u00e7\u00e3o<\/li>\n\n\n\n<li>Adaptar a linguagem para diferentes p\u00fablicos<\/li>\n\n\n\n<li>Escutar de forma ativa<\/li>\n\n\n\n<li>Construir pontes entre setores<\/li>\n<\/ul>\n\n\n\n<p>Se voc\u00ea domina a comunica\u00e7\u00e3o, j\u00e1 est\u00e1 \u00e0 frente de muita gente.<\/p>\n\n\n\n<h2 class=\"wp-block-heading\">2# Capacidade de adapta\u00e7\u00e3o<\/h2>\n\n\n\n<p>O que vale hoje, pode n\u00e3o valer mais semana que vem. A tecnologia muda r\u00e1pido, as regras mudam, os clientes mudam.<\/p>\n\n\n\n<p>Por isso, empresas procuram <strong>pessoas que n\u00e3o se desesperam diante da mudan\u00e7a<\/strong>. Gente que entende o novo cen\u00e1rio e se ajusta com agilidade.<\/p>\n\n\n\n<p>Adaptar-se n\u00e3o \u00e9 sobre aceitar tudo calado. \u00c9 sobre entender o contexto, aprender r\u00e1pido e agir com intelig\u00eancia.<\/p>\n\n\n\n<p>Voc\u00ea mostra essa habilidade quando:<\/p>\n\n\n\n<ul class=\"wp-block-list\">\n<li>Aprende novas ferramentas sem resist\u00eancia<\/li>\n\n\n\n<li>Consegue mudar a abordagem de um projeto quando o cen\u00e1rio exige<\/li>\n\n\n\n<li>Se adapta a um novo l\u00edder, equipe ou sistema com naturalidade<\/li>\n<\/ul>\n\n\n\n<h2 class=\"wp-block-heading\">3# Pensamento anal\u00edtico e resolu\u00e7\u00e3o de problemas<\/h2>\n\n\n\n<p>Em 2025, as empresas precisam de gente que <strong>olha para o problema e pensa na solu\u00e7\u00e3o com estrat\u00e9gia<\/strong>.<\/p>\n\n\n\n<p>N\u00e3o adianta mais s\u00f3 \u201cfazer o que mandaram\u201d. O profissional que pensa, questiona e prop\u00f5e solu\u00e7\u00f5es se destaca r\u00e1pido.<\/p>\n\n\n\n<p>Voc\u00ea n\u00e3o precisa ser g\u00eanio em dados, mas precisa:<\/p>\n\n\n\n<ul class=\"wp-block-list\">\n<li>Saber ler uma situa\u00e7\u00e3o com l\u00f3gica<\/li>\n\n\n\n<li>Levantar hip\u00f3teses<\/li>\n\n\n\n<li>Analisar consequ\u00eancias<\/li>\n\n\n\n<li>Escolher o melhor caminho, mesmo com pouco tempo ou informa\u00e7\u00e3o<\/li>\n<\/ul>\n\n\n\n<p>Essa habilidade vale para todas as \u00e1reas, de TI a RH.<\/p>\n\n\n\n<h2 class=\"wp-block-heading\">4# Intelig\u00eancia emocional<\/h2>\n\n\n\n<p>Aqui est\u00e1 uma das mais valorizadas de 2025.<\/p>\n\n\n\n<p>Com tanta press\u00e3o, mudan\u00e7a, cobran\u00e7a e comunica\u00e7\u00e3o remota, <strong>saber lidar com emo\u00e7\u00f5es virou um diferencial real<\/strong>.<\/p>\n\n\n\n<p>Empresas n\u00e3o querem gente que explode, que trava, que culpa os outros o tempo todo. Elas querem pessoas que:<\/p>\n\n\n\n<ul class=\"wp-block-list\">\n<li>Reconhecem suas emo\u00e7\u00f5es<\/li>\n\n\n\n<li>Sabem manter a calma em conflito<\/li>\n\n\n\n<li>D\u00e3o e recebem feedback com maturidade<\/li>\n\n\n\n<li>Sabem trabalhar em equipe sem drama<\/li>\n<\/ul>\n\n\n\n<p>Essa habilidade n\u00e3o nasce pronta. Mas pode (e deve) ser desenvolvida com leitura, terapia, autoconhecimento e pr\u00e1tica.<\/p>\n\n\n\n<h2 class=\"wp-block-heading\">5# Autonomia e autogerenciamento<\/h2>\n\n\n\n<p>Sabe aquela pessoa que s\u00f3 trabalha quando o chefe manda? Essa est\u00e1 perdendo espa\u00e7o.<\/p>\n\n\n\n<p>O profissional de 2025 precisa saber <strong>gerenciar seu pr\u00f3prio tempo, suas entregas e suas prioridades<\/strong> \u2014 sem depender o tempo todo de algu\u00e9m para \u201cguiar\u201d.<\/p>\n\n\n\n<p>Isso vale principalmente para ambientes h\u00edbridos e remotos. Se voc\u00ea:<\/p>\n\n\n\n<ul class=\"wp-block-list\">\n<li>Entrega no prazo sem cobran\u00e7a constante<\/li>\n\n\n\n<li>Organiza seu dia com foco e responsabilidade<\/li>\n\n\n\n<li>Assume erros sem esconder<\/li>\n\n\n\n<li>Sabe dizer \u201cn\u00e3o\u201d quando necess\u00e1rio<\/li>\n<\/ul>\n\n\n\n<p>\u2026 ent\u00e3o voc\u00ea tem uma das qualidades mais procuradas hoje: <strong>maturidade profissional<\/strong>.<\/p>\n\n\n\n<h2 class=\"wp-block-heading\">6# Capacidade de aprender constantemente<\/h2>\n\n\n\n<p>O mundo n\u00e3o para. E quem para de aprender, fica pra tr\u00e1s.<\/p>\n\n\n\n<p>N\u00e3o importa sua \u00e1rea: todo profissional precisa <strong>estar aprendendo algo o tempo todo<\/strong>.<\/p>\n\n\n\n<p>Pode ser um novo software, uma nova abordagem, uma nova linguagem, uma tend\u00eancia da sua \u00e1rea. O importante \u00e9 mostrar que voc\u00ea:<\/p>\n\n\n\n<ul class=\"wp-block-list\">\n<li>\u00c9 curioso<\/li>\n\n\n\n<li>Tem iniciativa para estudar sozinho<\/li>\n\n\n\n<li>Se inscreve em cursos, workshops ou eventos<\/li>\n\n\n\n<li>Aplica o que aprende no dia a dia<\/li>\n<\/ul>\n\n\n\n<p>Se o recrutador v\u00ea que voc\u00ea est\u00e1 em constante evolu\u00e7\u00e3o, isso vale mais que qualquer diploma antigo.<\/p>\n\n\n\n<h2 class=\"wp-block-heading\">7# Dom\u00ednio b\u00e1sico de tecnologia<\/h2>\n\n\n\n<p>N\u00e3o precisa ser programador. Mas todo profissional em 2025 <strong>precisa ter familiaridade com ferramentas digitais<\/strong>.<\/p>\n\n\n\n<p>Isso inclui:<\/p>\n\n\n\n<ul class=\"wp-block-list\">\n<li>Saber mexer em planilhas<\/li>\n\n\n\n<li>Usar ferramentas de reuni\u00e3o online (Zoom, Google Meet, Teams)<\/li>\n\n\n\n<li>Compartilhar documentos em nuvem<\/li>\n\n\n\n<li>Organizar tarefas em plataformas como Trello, Notion ou ClickUp<\/li>\n\n\n\n<li>Ter boa no\u00e7\u00e3o de seguran\u00e7a digital<\/li>\n<\/ul>\n\n\n\n<p>N\u00e3o \u00e9 s\u00f3 saber clicar. \u00c9 <strong>saber usar bem para resolver problemas do trabalho<\/strong>.<\/p>\n\n\n\n<h2 class=\"wp-block-heading\">8# Colabora\u00e7\u00e3o genu\u00edna<\/h2>\n\n\n\n<p>Trabalhar em equipe vai al\u00e9m de \u201cser legal\u201d.<\/p>\n\n\n\n<p>Colaborar significa:<\/p>\n\n\n\n<ul class=\"wp-block-list\">\n<li>Compartilhar conhecimento<\/li>\n\n\n\n<li>Ajudar sem esperar algo em troca<\/li>\n\n\n\n<li>Celebrar conquistas dos outros<\/li>\n\n\n\n<li>Resolver conflitos sem criar rixa<\/li>\n\n\n\n<li>Entregar resultados junto, e n\u00e3o sozinho<\/li>\n<\/ul>\n\n\n\n<p>Empresas est\u00e3o cansadas de profissionais que \u201ctrabalham bem, mas n\u00e3o sabem conviver\u201d. Por isso, a <strong>colabora\u00e7\u00e3o virou uma das principais exig\u00eancias<\/strong>.<\/p>\n\n\n\n<h2 class=\"wp-block-heading\">Como desenvolver essas habilidades?<\/h2>\n\n\n\n<p>Se voc\u00ea leu at\u00e9 aqui e percebeu que ainda tem o que melhorar \u2014 \u00f3timo. Isso mostra que voc\u00ea j\u00e1 tem o que mais importa: <strong>autopercep\u00e7\u00e3o<\/strong>.<\/p>\n\n\n\n<p>Agora \u00e9 hora de agir.<\/p>\n\n\n\n<p>Voc\u00ea pode:<\/p>\n\n\n\n<ul class=\"wp-block-list\">\n<li>Fazer cursos online (muitos s\u00e3o gratuitos)<\/li>\n\n\n\n<li>Assistir v\u00eddeos curtos de desenvolvimento profissional<\/li>\n\n\n\n<li>Ler livros pr\u00e1ticos sobre comportamento no trabalho<\/li>\n\n\n\n<li>Participar de grupos, eventos e comunidades da sua \u00e1rea<\/li>\n\n\n\n<li>Conversar com pessoas mais experientes<\/li>\n\n\n\n<li>Pedir feedback sincero sobre seu comportamento<\/li>\n<\/ul>\n\n\n\n<p>Cada pequena a\u00e7\u00e3o te aproxima mais do profissional que as empresas querem em 2025.<\/p>\n\n\n\n<h2 class=\"wp-block-heading\">E o diploma, ainda importa?<\/h2>\n\n\n\n<p>Depende. Em algumas \u00e1reas, ele ainda \u00e9 obrigat\u00f3rio (medicina, direito, engenharia).<\/p>\n\n\n\n<p>Mas em muitas outras, o que vale mais \u00e9:<\/p>\n\n\n\n<ul class=\"wp-block-list\">\n<li>O que voc\u00ea sabe fazer<\/li>\n\n\n\n<li>Como voc\u00ea pensa<\/li>\n\n\n\n<li>Como voc\u00ea se comporta no dia a dia<\/li>\n<\/ul>\n\n\n\n<p>As empresas est\u00e3o cada vez mais abertas a contratar quem <strong>resolve bem os problemas<\/strong>, mesmo sem uma forma\u00e7\u00e3o tradicional. E isso j\u00e1 \u00e9 realidade em startups, ag\u00eancias, empresas de tecnologia e at\u00e9 multinacionais.<\/p>\n\n\n\n<p><strong>Veja tamb\u00e9m: <a href=\"https:\/\/www.vagadeempregorj.com.br\/es\/chatbot-gratuito-para-whatsapp-o-que-e-e-como-usar\/\">Chatbot gratuito para WhatsApp: o que \u00e9 e como usar<\/a><\/strong><\/p>\n\n\n\n<p>31 de mar\u00e7o de 2025<\/p>","protected":false},"excerpt":{"rendered":"<p>O mundo mudou. As profiss\u00f5es mudaram. E, com isso, as habilidades que as empresas buscam em um candidato tamb\u00e9m mudaram. N\u00e3o basta mais ter um bom curr\u00edculo ou uma gradua\u00e7\u00e3o tradicional. Em 2025, as empresas querem profissionais que saibam se adaptar, comunicar e pensar de forma estrat\u00e9gica \u2014 mesmo em meio ao caos. Se voc\u00ea&hellip;&nbsp;<\/p>","protected":false},"author":16,"featured_media":42948,"comment_status":"closed","ping_status":"closed","sticky":false,"template":"","format":"standard","meta":{"neve_meta_sidebar":"","neve_meta_container":"","neve_meta_enable_content_width":"","neve_meta_content_width":0,"neve_meta_title_alignment":"","neve_meta_author_avatar":"","neve_post_elements_order":"","neve_meta_disable_header":"","neve_meta_disable_footer":"","neve_meta_disable_title":"","footnotes":""},"categories":[123],"tags":[],"class_list":["post-42947","post","type-post","status-publish","format-standard","has-post-thumbnail","hentry","category-vagas-de-emprego-nacionais"],"yoast_head":"<!-- This site is optimized with the Yoast SEO plugin v27.5 - https:\/\/yoast.com\/product\/yoast-seo-wordpress\/ -->\n<title>Habilidades que TODAS as empresas querem ver em candidatos em 2025 -<\/title>\n<meta name=\"description\" content=\"Veja em Vagas de Emprego RJ as vagas de emprego com e sem experi\u00eancia no seu Estado e Regi\u00e3o!\" \/>\n<meta name=\"robots\" content=\"index, follow, max-snippet:-1, max-image-preview:large, max-video-preview:-1\" \/>\n<link rel=\"canonical\" href=\"https:\/\/www.vagadeempregorj.com.br\/es\/habilidades-que-todas-as-empresas-querem-ver-em-candidatos-em-2025\/\" \/>\n<meta property=\"og:locale\" content=\"es_MX\" \/>\n<meta property=\"og:type\" content=\"article\" \/>\n<meta property=\"og:title\" content=\"Habilidades que TODAS as empresas querem ver em candidatos em 2025 -\" \/>\n<meta property=\"og:description\" content=\"Veja em Vagas de Emprego RJ as vagas de emprego com e sem experi\u00eancia no seu Estado e Regi\u00e3o!\" \/>\n<meta property=\"og:url\" content=\"https:\/\/www.vagadeempregorj.com.br\/es\/habilidades-que-todas-as-empresas-querem-ver-em-candidatos-em-2025\/\" \/>\n<meta property=\"article:publisher\" content=\"https:\/\/www.facebook.com\/empregobrasiloficial\" \/>\n<meta property=\"article:published_time\" content=\"2025-03-31T09:00:00+00:00\" \/>\n<meta property=\"article:modified_time\" content=\"2025-06-15T17:30:30+00:00\" \/>\n<meta property=\"og:image\" content=\"https:\/\/www.vagadeempregorj.com.br\/wp-content\/uploads\/2025\/03\/habilidades.webp\" \/>\n\t<meta property=\"og:image:width\" content=\"1792\" \/>\n\t<meta property=\"og:image:height\" content=\"1024\" \/>\n\t<meta property=\"og:image:type\" content=\"image\/webp\" \/>\n<meta name=\"author\" content=\"Michele\" \/>\n<meta name=\"twitter:card\" content=\"summary_large_image\" \/>\n<meta name=\"twitter:label1\" content=\"Written by\" \/>\n\t<meta name=\"twitter:data1\" content=\"Michele\" \/>\n\t<meta name=\"twitter:label2\" content=\"Est. reading time\" \/>\n\t<meta name=\"twitter:data2\" content=\"6 minutos\" \/>\n<script type=\"application\/ld+json\" class=\"yoast-schema-graph\">{\"@context\":\"https:\\\/\\\/schema.org\",\"@graph\":[{\"@type\":\"Article\",\"@id\":\"https:\\\/\\\/www.vagadeempregorj.com.br\\\/habilidades-que-todas-as-empresas-querem-ver-em-candidatos-em-2025\\\/#article\",\"isPartOf\":{\"@id\":\"https:\\\/\\\/www.vagadeempregorj.com.br\\\/habilidades-que-todas-as-empresas-querem-ver-em-candidatos-em-2025\\\/\"},\"author\":{\"name\":\"Michele\",\"@id\":\"https:\\\/\\\/www.vagadeempregorj.com.br\\\/#\\\/schema\\\/person\\\/3ddb19fa0539706786e502152f3aae95\"},\"headline\":\"Habilidades que TODAS as empresas querem ver em candidatos em 2025\",\"datePublished\":\"2025-03-31T09:00:00+00:00\",\"dateModified\":\"2025-06-15T17:30:30+00:00\",\"mainEntityOfPage\":{\"@id\":\"https:\\\/\\\/www.vagadeempregorj.com.br\\\/habilidades-que-todas-as-empresas-querem-ver-em-candidatos-em-2025\\\/\"},\"wordCount\":1114,\"image\":{\"@id\":\"https:\\\/\\\/www.vagadeempregorj.com.br\\\/habilidades-que-todas-as-empresas-querem-ver-em-candidatos-em-2025\\\/#primaryimage\"},\"thumbnailUrl\":\"https:\\\/\\\/www.vagadeempregorj.com.br\\\/wp-content\\\/uploads\\\/2025\\\/03\\\/habilidades.webp\",\"articleSection\":[\"Vagas de Emprego Nacionais\"],\"inLanguage\":\"es\"},{\"@type\":\"WebPage\",\"@id\":\"https:\\\/\\\/www.vagadeempregorj.com.br\\\/habilidades-que-todas-as-empresas-querem-ver-em-candidatos-em-2025\\\/\",\"url\":\"https:\\\/\\\/www.vagadeempregorj.com.br\\\/habilidades-que-todas-as-empresas-querem-ver-em-candidatos-em-2025\\\/\",\"name\":\"Habilidades que TODAS as empresas querem ver em candidatos em 2025 -\",\"isPartOf\":{\"@id\":\"https:\\\/\\\/www.vagadeempregorj.com.br\\\/#website\"},\"primaryImageOfPage\":{\"@id\":\"https:\\\/\\\/www.vagadeempregorj.com.br\\\/habilidades-que-todas-as-empresas-querem-ver-em-candidatos-em-2025\\\/#primaryimage\"},\"image\":{\"@id\":\"https:\\\/\\\/www.vagadeempregorj.com.br\\\/habilidades-que-todas-as-empresas-querem-ver-em-candidatos-em-2025\\\/#primaryimage\"},\"thumbnailUrl\":\"https:\\\/\\\/www.vagadeempregorj.com.br\\\/wp-content\\\/uploads\\\/2025\\\/03\\\/habilidades.webp\",\"datePublished\":\"2025-03-31T09:00:00+00:00\",\"dateModified\":\"2025-06-15T17:30:30+00:00\",\"author\":{\"@id\":\"https:\\\/\\\/www.vagadeempregorj.com.br\\\/#\\\/schema\\\/person\\\/3ddb19fa0539706786e502152f3aae95\"},\"description\":\"Veja em Vagas de Emprego RJ as vagas de emprego com e sem experi\u00eancia no seu Estado e Regi\u00e3o!\",\"breadcrumb\":{\"@id\":\"https:\\\/\\\/www.vagadeempregorj.com.br\\\/habilidades-que-todas-as-empresas-querem-ver-em-candidatos-em-2025\\\/#breadcrumb\"},\"inLanguage\":\"es\",\"potentialAction\":[{\"@type\":\"ReadAction\",\"target\":[\"https:\\\/\\\/www.vagadeempregorj.com.br\\\/habilidades-que-todas-as-empresas-querem-ver-em-candidatos-em-2025\\\/\"]}]},{\"@type\":\"ImageObject\",\"inLanguage\":\"es\",\"@id\":\"https:\\\/\\\/www.vagadeempregorj.com.br\\\/habilidades-que-todas-as-empresas-querem-ver-em-candidatos-em-2025\\\/#primaryimage\",\"url\":\"https:\\\/\\\/www.vagadeempregorj.com.br\\\/wp-content\\\/uploads\\\/2025\\\/03\\\/habilidades.webp\",\"contentUrl\":\"https:\\\/\\\/www.vagadeempregorj.com.br\\\/wp-content\\\/uploads\\\/2025\\\/03\\\/habilidades.webp\",\"width\":1792,\"height\":1024},{\"@type\":\"BreadcrumbList\",\"@id\":\"https:\\\/\\\/www.vagadeempregorj.com.br\\\/habilidades-que-todas-as-empresas-querem-ver-em-candidatos-em-2025\\\/#breadcrumb\",\"itemListElement\":[{\"@type\":\"ListItem\",\"position\":1,\"name\":\"In\u00edcio\",\"item\":\"https:\\\/\\\/www.vagadeempregorj.com.br\\\/\"},{\"@type\":\"ListItem\",\"position\":2,\"name\":\"Habilidades que TODAS as empresas querem ver em candidatos em 2025\"}]},{\"@type\":\"WebSite\",\"@id\":\"https:\\\/\\\/www.vagadeempregorj.com.br\\\/#website\",\"url\":\"https:\\\/\\\/www.vagadeempregorj.com.br\\\/\",\"name\":\"\",\"description\":\"Conquiste Sonhos: Vagas, Benef\u00edcios e Economia para Transformar Vidas e Alcan\u00e7ar Melhorias Cotidianas\",\"potentialAction\":[{\"@type\":\"SearchAction\",\"target\":{\"@type\":\"EntryPoint\",\"urlTemplate\":\"https:\\\/\\\/www.vagadeempregorj.com.br\\\/?s={search_term_string}\"},\"query-input\":{\"@type\":\"PropertyValueSpecification\",\"valueRequired\":true,\"valueName\":\"search_term_string\"}}],\"inLanguage\":\"es\"},{\"@type\":\"Person\",\"@id\":\"https:\\\/\\\/www.vagadeempregorj.com.br\\\/#\\\/schema\\\/person\\\/3ddb19fa0539706786e502152f3aae95\",\"name\":\"Michele\",\"image\":{\"@type\":\"ImageObject\",\"inLanguage\":\"es\",\"@id\":\"https:\\\/\\\/secure.gravatar.com\\\/avatar\\\/6b0eb9d22841282815e2cd856a0061c45e1761cd54b22e952d98c4746939aa85?s=96&r=g\",\"url\":\"https:\\\/\\\/secure.gravatar.com\\\/avatar\\\/6b0eb9d22841282815e2cd856a0061c45e1761cd54b22e952d98c4746939aa85?s=96&r=g\",\"contentUrl\":\"https:\\\/\\\/secure.gravatar.com\\\/avatar\\\/6b0eb9d22841282815e2cd856a0061c45e1761cd54b22e952d98c4746939aa85?s=96&r=g\",\"caption\":\"Michele\"},\"description\":\"Formada em Letras - Portugu\u00eas\\\/ Ingl\u00eas, e idealizadora do site Escritora de Sucesso, busca expandir o conhecimento de todos com informa\u00e7\u00f5es relevantes sobre diversos assuntos, enquanto redatora. No Vaga de Emprego RJ, traz oportunidades e dicas sobre o mercado de trabalho.\",\"url\":\"https:\\\/\\\/www.vagadeempregorj.com.br\\\/es\\\/author\\\/michele\\\/\"}]}<\/script>\n<!-- \/ Yoast SEO plugin. -->","yoast_head_json":{"title":"Habilidades que TODAS as empresas querem ver em candidatos em 2025 -","description":"Veja em Vagas de Emprego RJ as vagas de emprego com e sem experi\u00eancia no seu Estado e Regi\u00e3o!","robots":{"index":"index","follow":"follow","max-snippet":"max-snippet:-1","max-image-preview":"max-image-preview:large","max-video-preview":"max-video-preview:-1"},"canonical":"https:\/\/www.vagadeempregorj.com.br\/es\/habilidades-que-todas-as-empresas-querem-ver-em-candidatos-em-2025\/","og_locale":"es_MX","og_type":"article","og_title":"Habilidades que TODAS as empresas querem ver em candidatos em 2025 -","og_description":"Veja em Vagas de Emprego RJ as vagas de emprego com e sem experi\u00eancia no seu Estado e Regi\u00e3o!","og_url":"https:\/\/www.vagadeempregorj.com.br\/es\/habilidades-que-todas-as-empresas-querem-ver-em-candidatos-em-2025\/","article_publisher":"https:\/\/www.facebook.com\/empregobrasiloficial","article_published_time":"2025-03-31T09:00:00+00:00","article_modified_time":"2025-06-15T17:30:30+00:00","og_image":[{"width":1792,"height":1024,"url":"https:\/\/www.vagadeempregorj.com.br\/wp-content\/uploads\/2025\/03\/habilidades.webp","type":"image\/webp"}],"author":"Michele","twitter_card":"summary_large_image","twitter_misc":{"Written by":"Michele","Est. reading time":"6 minutos"},"schema":{"@context":"https:\/\/schema.org","@graph":[{"@type":"Article","@id":"https:\/\/www.vagadeempregorj.com.br\/habilidades-que-todas-as-empresas-querem-ver-em-candidatos-em-2025\/#article","isPartOf":{"@id":"https:\/\/www.vagadeempregorj.com.br\/habilidades-que-todas-as-empresas-querem-ver-em-candidatos-em-2025\/"},"author":{"name":"Michele","@id":"https:\/\/www.vagadeempregorj.com.br\/#\/schema\/person\/3ddb19fa0539706786e502152f3aae95"},"headline":"Habilidades que TODAS as empresas querem ver em candidatos em 2025","datePublished":"2025-03-31T09:00:00+00:00","dateModified":"2025-06-15T17:30:30+00:00","mainEntityOfPage":{"@id":"https:\/\/www.vagadeempregorj.com.br\/habilidades-que-todas-as-empresas-querem-ver-em-candidatos-em-2025\/"},"wordCount":1114,"image":{"@id":"https:\/\/www.vagadeempregorj.com.br\/habilidades-que-todas-as-empresas-querem-ver-em-candidatos-em-2025\/#primaryimage"},"thumbnailUrl":"https:\/\/www.vagadeempregorj.com.br\/wp-content\/uploads\/2025\/03\/habilidades.webp","articleSection":["Vagas de Emprego Nacionais"],"inLanguage":"es"},{"@type":"WebPage","@id":"https:\/\/www.vagadeempregorj.com.br\/habilidades-que-todas-as-empresas-querem-ver-em-candidatos-em-2025\/","url":"https:\/\/www.vagadeempregorj.com.br\/habilidades-que-todas-as-empresas-querem-ver-em-candidatos-em-2025\/","name":"Habilidades que TODAS as empresas querem ver em candidatos em 2025 -","isPartOf":{"@id":"https:\/\/www.vagadeempregorj.com.br\/#website"},"primaryImageOfPage":{"@id":"https:\/\/www.vagadeempregorj.com.br\/habilidades-que-todas-as-empresas-querem-ver-em-candidatos-em-2025\/#primaryimage"},"image":{"@id":"https:\/\/www.vagadeempregorj.com.br\/habilidades-que-todas-as-empresas-querem-ver-em-candidatos-em-2025\/#primaryimage"},"thumbnailUrl":"https:\/\/www.vagadeempregorj.com.br\/wp-content\/uploads\/2025\/03\/habilidades.webp","datePublished":"2025-03-31T09:00:00+00:00","dateModified":"2025-06-15T17:30:30+00:00","author":{"@id":"https:\/\/www.vagadeempregorj.com.br\/#\/schema\/person\/3ddb19fa0539706786e502152f3aae95"},"description":"Veja em Vagas de Emprego RJ as vagas de emprego com e sem experi\u00eancia no seu Estado e Regi\u00e3o!","breadcrumb":{"@id":"https:\/\/www.vagadeempregorj.com.br\/habilidades-que-todas-as-empresas-querem-ver-em-candidatos-em-2025\/#breadcrumb"},"inLanguage":"es","potentialAction":[{"@type":"ReadAction","target":["https:\/\/www.vagadeempregorj.com.br\/habilidades-que-todas-as-empresas-querem-ver-em-candidatos-em-2025\/"]}]},{"@type":"ImageObject","inLanguage":"es","@id":"https:\/\/www.vagadeempregorj.com.br\/habilidades-que-todas-as-empresas-querem-ver-em-candidatos-em-2025\/#primaryimage","url":"https:\/\/www.vagadeempregorj.com.br\/wp-content\/uploads\/2025\/03\/habilidades.webp","contentUrl":"https:\/\/www.vagadeempregorj.com.br\/wp-content\/uploads\/2025\/03\/habilidades.webp","width":1792,"height":1024},{"@type":"BreadcrumbList","@id":"https:\/\/www.vagadeempregorj.com.br\/habilidades-que-todas-as-empresas-querem-ver-em-candidatos-em-2025\/#breadcrumb","itemListElement":[{"@type":"ListItem","position":1,"name":"In\u00edcio","item":"https:\/\/www.vagadeempregorj.com.br\/"},{"@type":"ListItem","position":2,"name":"Habilidades que TODAS as empresas querem ver em candidatos em 2025"}]},{"@type":"WebSite","@id":"https:\/\/www.vagadeempregorj.com.br\/#website","url":"https:\/\/www.vagadeempregorj.com.br\/","name":"","description":"Conquiste Sonhos: Vagas, Benef\u00edcios e Economia para Transformar Vidas e Alcan\u00e7ar Melhorias Cotidianas","potentialAction":[{"@type":"SearchAction","target":{"@type":"EntryPoint","urlTemplate":"https:\/\/www.vagadeempregorj.com.br\/?s={search_term_string}"},"query-input":{"@type":"PropertyValueSpecification","valueRequired":true,"valueName":"search_term_string"}}],"inLanguage":"es"},{"@type":"Person","@id":"https:\/\/www.vagadeempregorj.com.br\/#\/schema\/person\/3ddb19fa0539706786e502152f3aae95","name":"Michele","image":{"@type":"ImageObject","inLanguage":"es","@id":"https:\/\/secure.gravatar.com\/avatar\/6b0eb9d22841282815e2cd856a0061c45e1761cd54b22e952d98c4746939aa85?s=96&r=g","url":"https:\/\/secure.gravatar.com\/avatar\/6b0eb9d22841282815e2cd856a0061c45e1761cd54b22e952d98c4746939aa85?s=96&r=g","contentUrl":"https:\/\/secure.gravatar.com\/avatar\/6b0eb9d22841282815e2cd856a0061c45e1761cd54b22e952d98c4746939aa85?s=96&r=g","caption":"Michele"},"description":"Formada em Letras - Portugu\u00eas\/ Ingl\u00eas, e idealizadora do site Escritora de Sucesso, busca expandir o conhecimento de todos com informa\u00e7\u00f5es relevantes sobre diversos assuntos, enquanto redatora. No Vaga de Emprego RJ, traz oportunidades e dicas sobre o mercado de trabalho.","url":"https:\/\/www.vagadeempregorj.com.br\/es\/author\/michele\/"}]}},"_links":{"self":[{"href":"https:\/\/www.vagadeempregorj.com.br\/es\/wp-json\/wp\/v2\/posts\/42947","targetHints":{"allow":["GET"]}}],"collection":[{"href":"https:\/\/www.vagadeempregorj.com.br\/es\/wp-json\/wp\/v2\/posts"}],"about":[{"href":"https:\/\/www.vagadeempregorj.com.br\/es\/wp-json\/wp\/v2\/types\/post"}],"author":[{"embeddable":true,"href":"https:\/\/www.vagadeempregorj.com.br\/es\/wp-json\/wp\/v2\/users\/16"}],"replies":[{"embeddable":true,"href":"https:\/\/www.vagadeempregorj.com.br\/es\/wp-json\/wp\/v2\/comments?post=42947"}],"version-history":[{"count":1,"href":"https:\/\/www.vagadeempregorj.com.br\/es\/wp-json\/wp\/v2\/posts\/42947\/revisions"}],"predecessor-version":[{"id":43540,"href":"https:\/\/www.vagadeempregorj.com.br\/es\/wp-json\/wp\/v2\/posts\/42947\/revisions\/43540"}],"wp:featuredmedia":[{"embeddable":true,"href":"https:\/\/www.vagadeempregorj.com.br\/es\/wp-json\/wp\/v2\/media\/42948"}],"wp:attachment":[{"href":"https:\/\/www.vagadeempregorj.com.br\/es\/wp-json\/wp\/v2\/media?parent=42947"}],"wp:term":[{"taxonomy":"category","embeddable":true,"href":"https:\/\/www.vagadeempregorj.com.br\/es\/wp-json\/wp\/v2\/categories?post=42947"},{"taxonomy":"post_tag","embeddable":true,"href":"https:\/\/www.vagadeempregorj.com.br\/es\/wp-json\/wp\/v2\/tags?post=42947"}],"curies":[{"name":"wp","href":"https:\/\/api.w.org\/{rel}","templated":true}]}}