{"id":42959,"date":"2025-04-10T06:00:00","date_gmt":"2025-04-10T09:00:00","guid":{"rendered":"https:\/\/www.vagadeempregorj.com.br\/?p=42959"},"modified":"2025-06-15T14:30:30","modified_gmt":"2025-06-15T17:30:30","slug":"entrevista-por-video-7-erros-que-podem-custar-sua-vaga","status":"publish","type":"post","link":"https:\/\/www.vagadeempregorj.com.br\/es\/entrevista-por-video-7-erros-que-podem-custar-sua-vaga\/","title":{"rendered":"Entrevista por v\u00eddeo: 7 erros que podem custar sua vaga"},"content":{"rendered":"<p>As entrevistas por v\u00eddeo viraram padr\u00e3o em muitos processos seletivos. Empresas de todos os tamanhos adotaram esse formato para ganhar tempo, cortar custos e agilizar contrata\u00e7\u00f5es. Mas, apesar da praticidade, <strong>muita gente ainda comete erros bobos que podem custar a vaga<\/strong>.<\/p>\n\n\n\n<p>Seja ao vivo (via Zoom, Meet, Teams) ou gravada (como na Gupy ou Kenoby), a entrevista por v\u00eddeo exige preparo. N\u00e3o \u00e9 porque voc\u00ea est\u00e1 em casa que pode relaxar demais. A forma como voc\u00ea se apresenta na c\u00e2mera <strong>fala muito sobre seu profissionalismo, aten\u00e7\u00e3o e postura.<\/strong><\/p>\n\n\n\n<figure class=\"wp-block-image size-large\"><img loading=\"lazy\" decoding=\"async\" width=\"1024\" height=\"585\" src=\"https:\/\/www.vagadeempregorj.com.br\/wp-content\/uploads\/2025\/03\/Entrevista-por-video-1-1024x585.webp\" alt=\"\" class=\"wp-image-42961\" srcset=\"https:\/\/www.vagadeempregorj.com.br\/wp-content\/uploads\/2025\/03\/Entrevista-por-video-1-1024x585.webp 1024w, https:\/\/www.vagadeempregorj.com.br\/wp-content\/uploads\/2025\/03\/Entrevista-por-video-1-300x171.webp 300w, https:\/\/www.vagadeempregorj.com.br\/wp-content\/uploads\/2025\/03\/Entrevista-por-video-1-768x439.webp 768w, https:\/\/www.vagadeempregorj.com.br\/wp-content\/uploads\/2025\/03\/Entrevista-por-video-1-1536x878.webp 1536w, https:\/\/www.vagadeempregorj.com.br\/wp-content\/uploads\/2025\/03\/Entrevista-por-video-1-150x86.webp 150w, https:\/\/www.vagadeempregorj.com.br\/wp-content\/uploads\/2025\/03\/Entrevista-por-video-1.webp 1792w\" sizes=\"auto, (max-width: 1024px) 100vw, 1024px\" \/><\/figure>\n\n\n\n<h2 class=\"wp-block-heading\">1# Escolher qualquer lugar da casa para gravar<\/h2>\n\n\n\n<p>Um dos erros mais comuns \u00e9 <strong>n\u00e3o pensar no ambiente onde a entrevista vai acontecer<\/strong>. Cama desarrumada ao fundo, bagun\u00e7a vis\u00edvel, barulho de panela ou televis\u00e3o ligada podem acabar com sua imagem em segundos.<\/p>\n\n\n\n<p>Mesmo sem um escrit\u00f3rio em casa, voc\u00ea pode:<\/p>\n\n\n\n<ul class=\"wp-block-list\">\n<li>Escolher uma parede neutra ou um canto tranquilo<\/li>\n\n\n\n<li>Avisar a fam\u00edlia que estar\u00e1 em entrevista<\/li>\n\n\n\n<li>Usar fones de ouvido com microfone para evitar ru\u00eddos<\/li>\n\n\n\n<li>Testar o ambiente com anteced\u00eancia para ver se a luz est\u00e1 boa<\/li>\n<\/ul>\n\n\n\n<p>N\u00e3o precisa parecer um cen\u00e1rio de cinema. Mas <strong>precisa passar a ideia de organiza\u00e7\u00e3o, cuidado e respeito com quem est\u00e1 do outro lado<\/strong>.<\/p>\n\n\n\n<h2 class=\"wp-block-heading\">2# Achar que s\u00f3 o conte\u00fado importa<\/h2>\n\n\n\n<p>Voc\u00ea pode ter a melhor resposta do mundo, mas se estiver olhando para baixo, falando com voz baixa ou com cara de sono, o recrutador vai <strong>perder o interesse.<\/strong><\/p>\n\n\n\n<p>A comunica\u00e7\u00e3o em v\u00eddeo vai al\u00e9m das palavras. \u00c9 feita de:<\/p>\n\n\n\n<ul class=\"wp-block-list\">\n<li>Express\u00e3o facial<\/li>\n\n\n\n<li>Tom de voz<\/li>\n\n\n\n<li>Postura corporal<\/li>\n\n\n\n<li>Contato visual com a c\u00e2mera<\/li>\n<\/ul>\n\n\n\n<p>Demonstre energia, clareza e presen\u00e7a. Lembre-se: <strong>entrevista n\u00e3o \u00e9 mon\u00f3logo. \u00c9 conex\u00e3o.<\/strong><\/p>\n\n\n\n<h2 class=\"wp-block-heading\">3# Olhar para a tela (e n\u00e3o para a c\u00e2mera)<\/h2>\n\n\n\n<p>Esse erro \u00e9 quase invis\u00edvel para quem est\u00e1 falando, mas muito percept\u00edvel para quem est\u00e1 ouvindo.<\/p>\n\n\n\n<p>Quando voc\u00ea olha apenas para a tela, parece que est\u00e1 evitando o olhar do recrutador. A dica \u00e9 simples: <strong>olhe diretamente para a c\u00e2mera enquanto fala<\/strong>. Isso cria uma sensa\u00e7\u00e3o de proximidade e aten\u00e7\u00e3o.<\/p>\n\n\n\n<p>Se tiver dificuldade, coloque um post-it perto da lente com algo como \u201colhe aqui\u201d \u2014 funciona.<\/p>\n\n\n\n<h2 class=\"wp-block-heading\">4# Ignorar a roupa<\/h2>\n\n\n\n<p>Sim, \u00e9 uma entrevista. Mesmo sendo em casa, <strong>vista-se como se fosse presencial<\/strong>.<\/p>\n\n\n\n<p>Evite:<\/p>\n\n\n\n<ul class=\"wp-block-list\">\n<li>Camisetas com estampas muito chamativas<\/li>\n\n\n\n<li>Roupas muito casuais ou decotadas<\/li>\n\n\n\n<li>Pijamas (mesmo que s\u00f3 da cintura pra baixo)<\/li>\n<\/ul>\n\n\n\n<p>A roupa comunica respeito, preparo e maturidade. Escolha algo que transmita profissionalismo, mesmo que simples.<\/p>\n\n\n\n<p>E n\u00e3o esque\u00e7a: cores neutras funcionam melhor em v\u00eddeo. Tecidos muito brilhosos ou listras podem distorcer na c\u00e2mera.<\/p>\n\n\n\n<h2 class=\"wp-block-heading\">5# Improvisar na hora<\/h2>\n\n\n\n<p>Muita gente entra na entrevista por v\u00eddeo achando que vai \u201cver o que acontece\u201d. S\u00f3 que isso passa despreparo.<\/p>\n\n\n\n<p>Voc\u00ea precisa:<\/p>\n\n\n\n<ul class=\"wp-block-list\">\n<li>Estudar sobre a empresa<\/li>\n\n\n\n<li>Ler a descri\u00e7\u00e3o da vaga com aten\u00e7\u00e3o<\/li>\n\n\n\n<li>Ter pelo menos 2 ou 3 respostas j\u00e1 pensadas (sobre sua trajet\u00f3ria, pontos fortes e por que quer aquela vaga)<\/li>\n\n\n\n<li>Testar a plataforma antes (se for entrevista gravada)<\/li>\n<\/ul>\n\n\n\n<p>Se voc\u00ea gagueja muito, se perde ou demora demais pra responder, pode parecer que n\u00e3o tem tanto interesse na vaga quanto os outros candidatos.<\/p>\n\n\n\n<p>N\u00e3o \u00e9 decorar frases prontas. \u00c9 se <strong>preparar de verdade, com consci\u00eancia do que vai falar.<\/strong><\/p>\n\n\n\n<h2 class=\"wp-block-heading\">6# Usar celular com a c\u00e2mera tremendo<\/h2>\n\n\n\n<p>Muita gente opta pelo celular, o que \u00e9 totalmente v\u00e1lido \u2014 mas n\u00e3o d\u00e1 pra deixar a c\u00e2mera balan\u00e7ando o tempo todo.<\/p>\n\n\n\n<p>Use um <strong>apoio fixo<\/strong>, mesmo que seja uma pilha de livros. A imagem precisa estar <strong>est\u00e1vel, com seu rosto centralizado e bem iluminado<\/strong>.<\/p>\n\n\n\n<p>Evite gravar com o celular na m\u00e3o ou apoiado no colo. Isso deixa a imagem tremida e amadora.<\/p>\n\n\n\n<p>Se poss\u00edvel, use fones com microfone embutido. A qualidade do \u00e1udio tamb\u00e9m faz diferen\u00e7a.<\/p>\n\n\n\n<h2 class=\"wp-block-heading\">7# Esquecer de revisar a resposta (em entrevistas gravadas)<\/h2>\n\n\n\n<p>Em plataformas como Gupy, Kenoby, VAGAS.com e outras, <strong>a entrevista por v\u00eddeo costuma ser gravada.<\/strong> A maioria permite que voc\u00ea assista sua grava\u00e7\u00e3o antes de enviar.<\/p>\n\n\n\n<p>N\u00e3o cometa o erro de <strong>enviar sem revisar.<\/strong><\/p>\n\n\n\n<p>Assista e avalie:<\/p>\n\n\n\n<ul class=\"wp-block-list\">\n<li>Voc\u00ea falou de forma clara?<\/li>\n\n\n\n<li>Respondeu o que foi perguntado?<\/li>\n\n\n\n<li>A luz, o som e a imagem est\u00e3o ok?<\/li>\n\n\n\n<li>N\u00e3o passou nenhum barulho externo forte?<\/li>\n\n\n\n<li>N\u00e3o esqueceu de falar seu nome e cargo desejado, se for pedido?<\/li>\n<\/ul>\n\n\n\n<p>Essa revis\u00e3o \u00e9 sua chance de melhorar o que pode ser melhorado. E pode ser a diferen\u00e7a entre passar ou ser descartado.<\/p>\n\n\n\n<p><strong>Veja tamb\u00e9m: <a href=\"https:\/\/www.vagadeempregorj.com.br\/es\/chatbot-gratuito-para-whatsapp-o-que-e-e-como-usar\/\">Chatbot gratuito para WhatsApp: o que \u00e9 e como usar<\/a><\/strong><\/p>\n\n\n\n<p>10 de abril de 2025<\/p>","protected":false},"excerpt":{"rendered":"<p>As entrevistas por v\u00eddeo viraram padr\u00e3o em muitos processos seletivos. Empresas de todos os tamanhos adotaram esse formato para ganhar tempo, cortar custos e agilizar contrata\u00e7\u00f5es. Mas, apesar da praticidade, muita gente ainda comete erros bobos que podem custar a vaga. Seja ao vivo (via Zoom, Meet, Teams) ou gravada (como na Gupy ou Kenoby),&hellip;&nbsp;<\/p>","protected":false},"author":16,"featured_media":42961,"comment_status":"closed","ping_status":"closed","sticky":false,"template":"","format":"standard","meta":{"neve_meta_sidebar":"","neve_meta_container":"","neve_meta_enable_content_width":"","neve_meta_content_width":0,"neve_meta_title_alignment":"","neve_meta_author_avatar":"","neve_post_elements_order":"","neve_meta_disable_header":"","neve_meta_disable_footer":"","neve_meta_disable_title":"","footnotes":""},"categories":[123],"tags":[],"class_list":["post-42959","post","type-post","status-publish","format-standard","has-post-thumbnail","hentry","category-vagas-de-emprego-nacionais"],"yoast_head":"<!-- This site is optimized with the Yoast SEO plugin v27.5 - https:\/\/yoast.com\/product\/yoast-seo-wordpress\/ -->\n<title>Entrevista por v\u00eddeo: 7 erros que podem custar sua vaga -<\/title>\n<meta name=\"description\" content=\"Veja em Vagas de Emprego RJ as vagas de emprego com e sem experi\u00eancia no seu Estado e Regi\u00e3o!\" \/>\n<meta name=\"robots\" content=\"index, follow, max-snippet:-1, max-image-preview:large, max-video-preview:-1\" \/>\n<link rel=\"canonical\" href=\"https:\/\/www.vagadeempregorj.com.br\/es\/entrevista-por-video-7-erros-que-podem-custar-sua-vaga\/\" \/>\n<meta property=\"og:locale\" content=\"es_MX\" \/>\n<meta property=\"og:type\" content=\"article\" \/>\n<meta property=\"og:title\" content=\"Entrevista por v\u00eddeo: 7 erros que podem custar sua vaga -\" \/>\n<meta property=\"og:description\" content=\"Veja em Vagas de Emprego RJ as vagas de emprego com e sem experi\u00eancia no seu Estado e Regi\u00e3o!\" \/>\n<meta property=\"og:url\" content=\"https:\/\/www.vagadeempregorj.com.br\/es\/entrevista-por-video-7-erros-que-podem-custar-sua-vaga\/\" \/>\n<meta property=\"article:publisher\" content=\"https:\/\/www.facebook.com\/empregobrasiloficial\" \/>\n<meta property=\"article:published_time\" content=\"2025-04-10T09:00:00+00:00\" \/>\n<meta property=\"article:modified_time\" content=\"2025-06-15T17:30:30+00:00\" \/>\n<meta property=\"og:image\" content=\"https:\/\/www.vagadeempregorj.com.br\/wp-content\/uploads\/2025\/03\/Entrevista-por-video-1.webp\" \/>\n\t<meta property=\"og:image:width\" content=\"1792\" \/>\n\t<meta property=\"og:image:height\" content=\"1024\" \/>\n\t<meta property=\"og:image:type\" content=\"image\/webp\" \/>\n<meta name=\"author\" content=\"Michele\" \/>\n<meta name=\"twitter:card\" content=\"summary_large_image\" \/>\n<meta name=\"twitter:label1\" content=\"Written by\" \/>\n\t<meta name=\"twitter:data1\" content=\"Michele\" \/>\n\t<meta name=\"twitter:label2\" content=\"Est. reading time\" \/>\n\t<meta name=\"twitter:data2\" content=\"4 minutos\" \/>\n<script type=\"application\/ld+json\" class=\"yoast-schema-graph\">{\"@context\":\"https:\\\/\\\/schema.org\",\"@graph\":[{\"@type\":\"Article\",\"@id\":\"https:\\\/\\\/www.vagadeempregorj.com.br\\\/entrevista-por-video-7-erros-que-podem-custar-sua-vaga\\\/#article\",\"isPartOf\":{\"@id\":\"https:\\\/\\\/www.vagadeempregorj.com.br\\\/entrevista-por-video-7-erros-que-podem-custar-sua-vaga\\\/\"},\"author\":{\"name\":\"Michele\",\"@id\":\"https:\\\/\\\/www.vagadeempregorj.com.br\\\/#\\\/schema\\\/person\\\/3ddb19fa0539706786e502152f3aae95\"},\"headline\":\"Entrevista por v\u00eddeo: 7 erros que podem custar sua vaga\",\"datePublished\":\"2025-04-10T09:00:00+00:00\",\"dateModified\":\"2025-06-15T17:30:30+00:00\",\"mainEntityOfPage\":{\"@id\":\"https:\\\/\\\/www.vagadeempregorj.com.br\\\/entrevista-por-video-7-erros-que-podem-custar-sua-vaga\\\/\"},\"wordCount\":773,\"image\":{\"@id\":\"https:\\\/\\\/www.vagadeempregorj.com.br\\\/entrevista-por-video-7-erros-que-podem-custar-sua-vaga\\\/#primaryimage\"},\"thumbnailUrl\":\"https:\\\/\\\/www.vagadeempregorj.com.br\\\/wp-content\\\/uploads\\\/2025\\\/03\\\/Entrevista-por-video-1.webp\",\"articleSection\":[\"Vagas de Emprego Nacionais\"],\"inLanguage\":\"es\"},{\"@type\":\"WebPage\",\"@id\":\"https:\\\/\\\/www.vagadeempregorj.com.br\\\/entrevista-por-video-7-erros-que-podem-custar-sua-vaga\\\/\",\"url\":\"https:\\\/\\\/www.vagadeempregorj.com.br\\\/entrevista-por-video-7-erros-que-podem-custar-sua-vaga\\\/\",\"name\":\"Entrevista por v\u00eddeo: 7 erros que podem custar sua vaga -\",\"isPartOf\":{\"@id\":\"https:\\\/\\\/www.vagadeempregorj.com.br\\\/#website\"},\"primaryImageOfPage\":{\"@id\":\"https:\\\/\\\/www.vagadeempregorj.com.br\\\/entrevista-por-video-7-erros-que-podem-custar-sua-vaga\\\/#primaryimage\"},\"image\":{\"@id\":\"https:\\\/\\\/www.vagadeempregorj.com.br\\\/entrevista-por-video-7-erros-que-podem-custar-sua-vaga\\\/#primaryimage\"},\"thumbnailUrl\":\"https:\\\/\\\/www.vagadeempregorj.com.br\\\/wp-content\\\/uploads\\\/2025\\\/03\\\/Entrevista-por-video-1.webp\",\"datePublished\":\"2025-04-10T09:00:00+00:00\",\"dateModified\":\"2025-06-15T17:30:30+00:00\",\"author\":{\"@id\":\"https:\\\/\\\/www.vagadeempregorj.com.br\\\/#\\\/schema\\\/person\\\/3ddb19fa0539706786e502152f3aae95\"},\"description\":\"Veja em Vagas de Emprego RJ as vagas de emprego com e sem experi\u00eancia no seu Estado e Regi\u00e3o!\",\"breadcrumb\":{\"@id\":\"https:\\\/\\\/www.vagadeempregorj.com.br\\\/entrevista-por-video-7-erros-que-podem-custar-sua-vaga\\\/#breadcrumb\"},\"inLanguage\":\"es\",\"potentialAction\":[{\"@type\":\"ReadAction\",\"target\":[\"https:\\\/\\\/www.vagadeempregorj.com.br\\\/entrevista-por-video-7-erros-que-podem-custar-sua-vaga\\\/\"]}]},{\"@type\":\"ImageObject\",\"inLanguage\":\"es\",\"@id\":\"https:\\\/\\\/www.vagadeempregorj.com.br\\\/entrevista-por-video-7-erros-que-podem-custar-sua-vaga\\\/#primaryimage\",\"url\":\"https:\\\/\\\/www.vagadeempregorj.com.br\\\/wp-content\\\/uploads\\\/2025\\\/03\\\/Entrevista-por-video-1.webp\",\"contentUrl\":\"https:\\\/\\\/www.vagadeempregorj.com.br\\\/wp-content\\\/uploads\\\/2025\\\/03\\\/Entrevista-por-video-1.webp\",\"width\":1792,\"height\":1024},{\"@type\":\"BreadcrumbList\",\"@id\":\"https:\\\/\\\/www.vagadeempregorj.com.br\\\/entrevista-por-video-7-erros-que-podem-custar-sua-vaga\\\/#breadcrumb\",\"itemListElement\":[{\"@type\":\"ListItem\",\"position\":1,\"name\":\"In\u00edcio\",\"item\":\"https:\\\/\\\/www.vagadeempregorj.com.br\\\/\"},{\"@type\":\"ListItem\",\"position\":2,\"name\":\"Entrevista por v\u00eddeo: 7 erros que podem custar sua vaga\"}]},{\"@type\":\"WebSite\",\"@id\":\"https:\\\/\\\/www.vagadeempregorj.com.br\\\/#website\",\"url\":\"https:\\\/\\\/www.vagadeempregorj.com.br\\\/\",\"name\":\"\",\"description\":\"Conquiste Sonhos: Vagas, Benef\u00edcios e Economia para Transformar Vidas e Alcan\u00e7ar Melhorias Cotidianas\",\"potentialAction\":[{\"@type\":\"SearchAction\",\"target\":{\"@type\":\"EntryPoint\",\"urlTemplate\":\"https:\\\/\\\/www.vagadeempregorj.com.br\\\/?s={search_term_string}\"},\"query-input\":{\"@type\":\"PropertyValueSpecification\",\"valueRequired\":true,\"valueName\":\"search_term_string\"}}],\"inLanguage\":\"es\"},{\"@type\":\"Person\",\"@id\":\"https:\\\/\\\/www.vagadeempregorj.com.br\\\/#\\\/schema\\\/person\\\/3ddb19fa0539706786e502152f3aae95\",\"name\":\"Michele\",\"image\":{\"@type\":\"ImageObject\",\"inLanguage\":\"es\",\"@id\":\"https:\\\/\\\/secure.gravatar.com\\\/avatar\\\/6b0eb9d22841282815e2cd856a0061c45e1761cd54b22e952d98c4746939aa85?s=96&r=g\",\"url\":\"https:\\\/\\\/secure.gravatar.com\\\/avatar\\\/6b0eb9d22841282815e2cd856a0061c45e1761cd54b22e952d98c4746939aa85?s=96&r=g\",\"contentUrl\":\"https:\\\/\\\/secure.gravatar.com\\\/avatar\\\/6b0eb9d22841282815e2cd856a0061c45e1761cd54b22e952d98c4746939aa85?s=96&r=g\",\"caption\":\"Michele\"},\"description\":\"Formada em Letras - Portugu\u00eas\\\/ Ingl\u00eas, e idealizadora do site Escritora de Sucesso, busca expandir o conhecimento de todos com informa\u00e7\u00f5es relevantes sobre diversos assuntos, enquanto redatora. No Vaga de Emprego RJ, traz oportunidades e dicas sobre o mercado de trabalho.\",\"url\":\"https:\\\/\\\/www.vagadeempregorj.com.br\\\/es\\\/author\\\/michele\\\/\"}]}<\/script>\n<!-- \/ Yoast SEO plugin. -->","yoast_head_json":{"title":"Entrevista por v\u00eddeo: 7 erros que podem custar sua vaga -","description":"Veja em Vagas de Emprego RJ as vagas de emprego com e sem experi\u00eancia no seu Estado e Regi\u00e3o!","robots":{"index":"index","follow":"follow","max-snippet":"max-snippet:-1","max-image-preview":"max-image-preview:large","max-video-preview":"max-video-preview:-1"},"canonical":"https:\/\/www.vagadeempregorj.com.br\/es\/entrevista-por-video-7-erros-que-podem-custar-sua-vaga\/","og_locale":"es_MX","og_type":"article","og_title":"Entrevista por v\u00eddeo: 7 erros que podem custar sua vaga -","og_description":"Veja em Vagas de Emprego RJ as vagas de emprego com e sem experi\u00eancia no seu Estado e Regi\u00e3o!","og_url":"https:\/\/www.vagadeempregorj.com.br\/es\/entrevista-por-video-7-erros-que-podem-custar-sua-vaga\/","article_publisher":"https:\/\/www.facebook.com\/empregobrasiloficial","article_published_time":"2025-04-10T09:00:00+00:00","article_modified_time":"2025-06-15T17:30:30+00:00","og_image":[{"width":1792,"height":1024,"url":"https:\/\/www.vagadeempregorj.com.br\/wp-content\/uploads\/2025\/03\/Entrevista-por-video-1.webp","type":"image\/webp"}],"author":"Michele","twitter_card":"summary_large_image","twitter_misc":{"Written by":"Michele","Est. reading time":"4 minutos"},"schema":{"@context":"https:\/\/schema.org","@graph":[{"@type":"Article","@id":"https:\/\/www.vagadeempregorj.com.br\/entrevista-por-video-7-erros-que-podem-custar-sua-vaga\/#article","isPartOf":{"@id":"https:\/\/www.vagadeempregorj.com.br\/entrevista-por-video-7-erros-que-podem-custar-sua-vaga\/"},"author":{"name":"Michele","@id":"https:\/\/www.vagadeempregorj.com.br\/#\/schema\/person\/3ddb19fa0539706786e502152f3aae95"},"headline":"Entrevista por v\u00eddeo: 7 erros que podem custar sua vaga","datePublished":"2025-04-10T09:00:00+00:00","dateModified":"2025-06-15T17:30:30+00:00","mainEntityOfPage":{"@id":"https:\/\/www.vagadeempregorj.com.br\/entrevista-por-video-7-erros-que-podem-custar-sua-vaga\/"},"wordCount":773,"image":{"@id":"https:\/\/www.vagadeempregorj.com.br\/entrevista-por-video-7-erros-que-podem-custar-sua-vaga\/#primaryimage"},"thumbnailUrl":"https:\/\/www.vagadeempregorj.com.br\/wp-content\/uploads\/2025\/03\/Entrevista-por-video-1.webp","articleSection":["Vagas de Emprego Nacionais"],"inLanguage":"es"},{"@type":"WebPage","@id":"https:\/\/www.vagadeempregorj.com.br\/entrevista-por-video-7-erros-que-podem-custar-sua-vaga\/","url":"https:\/\/www.vagadeempregorj.com.br\/entrevista-por-video-7-erros-que-podem-custar-sua-vaga\/","name":"Entrevista por v\u00eddeo: 7 erros que podem custar sua vaga -","isPartOf":{"@id":"https:\/\/www.vagadeempregorj.com.br\/#website"},"primaryImageOfPage":{"@id":"https:\/\/www.vagadeempregorj.com.br\/entrevista-por-video-7-erros-que-podem-custar-sua-vaga\/#primaryimage"},"image":{"@id":"https:\/\/www.vagadeempregorj.com.br\/entrevista-por-video-7-erros-que-podem-custar-sua-vaga\/#primaryimage"},"thumbnailUrl":"https:\/\/www.vagadeempregorj.com.br\/wp-content\/uploads\/2025\/03\/Entrevista-por-video-1.webp","datePublished":"2025-04-10T09:00:00+00:00","dateModified":"2025-06-15T17:30:30+00:00","author":{"@id":"https:\/\/www.vagadeempregorj.com.br\/#\/schema\/person\/3ddb19fa0539706786e502152f3aae95"},"description":"Veja em Vagas de Emprego RJ as vagas de emprego com e sem experi\u00eancia no seu Estado e Regi\u00e3o!","breadcrumb":{"@id":"https:\/\/www.vagadeempregorj.com.br\/entrevista-por-video-7-erros-que-podem-custar-sua-vaga\/#breadcrumb"},"inLanguage":"es","potentialAction":[{"@type":"ReadAction","target":["https:\/\/www.vagadeempregorj.com.br\/entrevista-por-video-7-erros-que-podem-custar-sua-vaga\/"]}]},{"@type":"ImageObject","inLanguage":"es","@id":"https:\/\/www.vagadeempregorj.com.br\/entrevista-por-video-7-erros-que-podem-custar-sua-vaga\/#primaryimage","url":"https:\/\/www.vagadeempregorj.com.br\/wp-content\/uploads\/2025\/03\/Entrevista-por-video-1.webp","contentUrl":"https:\/\/www.vagadeempregorj.com.br\/wp-content\/uploads\/2025\/03\/Entrevista-por-video-1.webp","width":1792,"height":1024},{"@type":"BreadcrumbList","@id":"https:\/\/www.vagadeempregorj.com.br\/entrevista-por-video-7-erros-que-podem-custar-sua-vaga\/#breadcrumb","itemListElement":[{"@type":"ListItem","position":1,"name":"In\u00edcio","item":"https:\/\/www.vagadeempregorj.com.br\/"},{"@type":"ListItem","position":2,"name":"Entrevista por v\u00eddeo: 7 erros que podem custar sua vaga"}]},{"@type":"WebSite","@id":"https:\/\/www.vagadeempregorj.com.br\/#website","url":"https:\/\/www.vagadeempregorj.com.br\/","name":"","description":"Conquiste Sonhos: Vagas, Benef\u00edcios e Economia para Transformar Vidas e Alcan\u00e7ar Melhorias Cotidianas","potentialAction":[{"@type":"SearchAction","target":{"@type":"EntryPoint","urlTemplate":"https:\/\/www.vagadeempregorj.com.br\/?s={search_term_string}"},"query-input":{"@type":"PropertyValueSpecification","valueRequired":true,"valueName":"search_term_string"}}],"inLanguage":"es"},{"@type":"Person","@id":"https:\/\/www.vagadeempregorj.com.br\/#\/schema\/person\/3ddb19fa0539706786e502152f3aae95","name":"Michele","image":{"@type":"ImageObject","inLanguage":"es","@id":"https:\/\/secure.gravatar.com\/avatar\/6b0eb9d22841282815e2cd856a0061c45e1761cd54b22e952d98c4746939aa85?s=96&r=g","url":"https:\/\/secure.gravatar.com\/avatar\/6b0eb9d22841282815e2cd856a0061c45e1761cd54b22e952d98c4746939aa85?s=96&r=g","contentUrl":"https:\/\/secure.gravatar.com\/avatar\/6b0eb9d22841282815e2cd856a0061c45e1761cd54b22e952d98c4746939aa85?s=96&r=g","caption":"Michele"},"description":"Formada em Letras - Portugu\u00eas\/ Ingl\u00eas, e idealizadora do site Escritora de Sucesso, busca expandir o conhecimento de todos com informa\u00e7\u00f5es relevantes sobre diversos assuntos, enquanto redatora. No Vaga de Emprego RJ, traz oportunidades e dicas sobre o mercado de trabalho.","url":"https:\/\/www.vagadeempregorj.com.br\/es\/author\/michele\/"}]}},"_links":{"self":[{"href":"https:\/\/www.vagadeempregorj.com.br\/es\/wp-json\/wp\/v2\/posts\/42959","targetHints":{"allow":["GET"]}}],"collection":[{"href":"https:\/\/www.vagadeempregorj.com.br\/es\/wp-json\/wp\/v2\/posts"}],"about":[{"href":"https:\/\/www.vagadeempregorj.com.br\/es\/wp-json\/wp\/v2\/types\/post"}],"author":[{"embeddable":true,"href":"https:\/\/www.vagadeempregorj.com.br\/es\/wp-json\/wp\/v2\/users\/16"}],"replies":[{"embeddable":true,"href":"https:\/\/www.vagadeempregorj.com.br\/es\/wp-json\/wp\/v2\/comments?post=42959"}],"version-history":[{"count":1,"href":"https:\/\/www.vagadeempregorj.com.br\/es\/wp-json\/wp\/v2\/posts\/42959\/revisions"}],"predecessor-version":[{"id":43539,"href":"https:\/\/www.vagadeempregorj.com.br\/es\/wp-json\/wp\/v2\/posts\/42959\/revisions\/43539"}],"wp:featuredmedia":[{"embeddable":true,"href":"https:\/\/www.vagadeempregorj.com.br\/es\/wp-json\/wp\/v2\/media\/42961"}],"wp:attachment":[{"href":"https:\/\/www.vagadeempregorj.com.br\/es\/wp-json\/wp\/v2\/media?parent=42959"}],"wp:term":[{"taxonomy":"category","embeddable":true,"href":"https:\/\/www.vagadeempregorj.com.br\/es\/wp-json\/wp\/v2\/categories?post=42959"},{"taxonomy":"post_tag","embeddable":true,"href":"https:\/\/www.vagadeempregorj.com.br\/es\/wp-json\/wp\/v2\/tags?post=42959"}],"curies":[{"name":"wp","href":"https:\/\/api.w.org\/{rel}","templated":true}]}}