{"id":43099,"date":"2025-04-14T19:15:10","date_gmt":"2025-04-14T22:15:10","guid":{"rendered":"https:\/\/www.vagadeempregorj.com.br\/?p=43099"},"modified":"2025-04-14T19:15:11","modified_gmt":"2025-04-14T22:15:11","slug":"inter-para-negativados-veja-como-funciona-o-cartao-de-credito","status":"publish","type":"post","link":"https:\/\/www.vagadeempregorj.com.br\/es\/inter-para-negativados-veja-como-funciona-o-cartao-de-credito\/","title":{"rendered":"Inter para negativados: veja como funciona o cart\u00e3o de cr\u00e9dito"},"content":{"rendered":"<p>Est\u00e1 com o nome negativado, mas precisa de um cart\u00e3o de cr\u00e9dito confi\u00e1vel, sem anuidade e com controle total pelo app? Saiba que o <strong>Banco Inter<\/strong> pode ser uma op\u00e7\u00e3o vi\u00e1vel para voc\u00ea. Com foco em inclus\u00e3o financeira, o Inter tem oferecido solu\u00e7\u00f5es acess\u00edveis para diversos perfis, inclusive para quem enfrenta restri\u00e7\u00f5es no CPF.<\/p>\n\n\n\n<p>Neste conte\u00fado, vamos explicar <strong>como funciona o cart\u00e3o de cr\u00e9dito Inter para negativados<\/strong>, o que \u00e9 necess\u00e1rio para solicitar, como o banco analisa o perfil de quem est\u00e1 com o nome sujo e quais alternativas voc\u00ea pode usar para conquistar seu limite. Tudo com uma linguagem direta, humana e sem enrola\u00e7\u00e3o.<\/p>\n\n\n\n<figure class=\"wp-block-image size-large\"><img loading=\"lazy\" decoding=\"async\" width=\"1024\" height=\"683\" src=\"https:\/\/www.vagadeempregorj.com.br\/wp-content\/uploads\/2025\/04\/cartao-inter-laranja-1024x683.webp\" alt=\"\" class=\"wp-image-43100\" srcset=\"https:\/\/www.vagadeempregorj.com.br\/wp-content\/uploads\/2025\/04\/cartao-inter-laranja-1024x683.webp 1024w, https:\/\/www.vagadeempregorj.com.br\/wp-content\/uploads\/2025\/04\/cartao-inter-laranja-300x200.webp 300w, https:\/\/www.vagadeempregorj.com.br\/wp-content\/uploads\/2025\/04\/cartao-inter-laranja-768x512.webp 768w, https:\/\/www.vagadeempregorj.com.br\/wp-content\/uploads\/2025\/04\/cartao-inter-laranja-150x100.webp 150w, https:\/\/www.vagadeempregorj.com.br\/wp-content\/uploads\/2025\/04\/cartao-inter-laranja.webp 1536w\" sizes=\"auto, (max-width: 1024px) 100vw, 1024px\" \/><\/figure>\n\n\n\n<h2 class=\"wp-block-heading\">Quem est\u00e1 com o nome sujo pode ter cart\u00e3o de cr\u00e9dito no Inter?<\/h2>\n\n\n\n<p>Sim. Ter o nome negativado <strong>n\u00e3o impede a abertura de conta<\/strong> no Banco Inter, nem desclassifica automaticamente o cliente da fun\u00e7\u00e3o cr\u00e9dito. O banco realiza uma an\u00e1lise de perfil que considera <strong>v\u00e1rios fatores al\u00e9m da restri\u00e7\u00e3o<\/strong>, como movimenta\u00e7\u00e3o da conta, hist\u00f3rico de uso, renda declarada e at\u00e9 mesmo portabilidade de sal\u00e1rio.<\/p>\n\n\n\n<p>Muitos clientes conseguem <strong>abrir a conta e receber o cart\u00e3o de d\u00e9bito normalmente<\/strong>. J\u00e1 a libera\u00e7\u00e3o da fun\u00e7\u00e3o cr\u00e9dito pode acontecer de duas formas:<\/p>\n\n\n\n<ul class=\"wp-block-list\">\n<li>Imediatamente ap\u00f3s a abertura da conta, se o perfil for aprovado.<\/li>\n\n\n\n<li>Ap\u00f3s um per\u00edodo de uso, com reavalia\u00e7\u00f5es peri\u00f3dicas feitas pelo sistema do banco.<\/li>\n<\/ul>\n\n\n\n<h2 class=\"wp-block-heading\">Como solicitar o cart\u00e3o de cr\u00e9dito Inter estando negativado?<\/h2>\n\n\n\n<p>Veja o passo a passo completo para pedir o seu:<\/p>\n\n\n\n<p>1# <strong>Baixe o aplicativo oficial do Banco Inter<\/strong> (Android ou iOS).<br>2# <strong>Abra sua conta digital gratuita<\/strong>, informando seus dados e tirando uma selfie com documento de identidade.<br>3# <strong>Aguarde a aprova\u00e7\u00e3o da conta<\/strong>, que costuma ser r\u00e1pida.<br>4# <strong>Acesse a aba \u201cCart\u00f5es\u201d e solicite a fun\u00e7\u00e3o cr\u00e9dito<\/strong> (caso dispon\u00edvel).<br>5# <strong>Se aprovado, o cart\u00e3o de cr\u00e9dito j\u00e1 pode ser usado virtualmente<\/strong>. O f\u00edsico \u00e9 enviado logo em seguida para o seu endere\u00e7o, sem custo.<\/p>\n\n\n\n<p>Importante: se a fun\u00e7\u00e3o cr\u00e9dito n\u00e3o estiver liberada no in\u00edcio, continue usando sua conta. O Inter analisa seu comportamento ao longo do tempo e pode liberar o limite futuramente.<\/p>\n\n\n\n<h2 class=\"wp-block-heading\">Como aumentar as chances de ter limite aprovado mesmo negativado?<\/h2>\n\n\n\n<p>Se voc\u00ea abriu sua conta e ainda n\u00e3o teve a fun\u00e7\u00e3o cr\u00e9dito liberada, aqui v\u00e3o algumas a\u00e7\u00f5es que podem ajudar a mudar isso:<\/p>\n\n\n\n<ul class=\"wp-block-list\">\n<li><strong>Use a conta com frequ\u00eancia<\/strong>: pague boletos, fa\u00e7a Pix, movimente o saldo.<\/li>\n\n\n\n<li><strong>Receba sal\u00e1rio ou transfer\u00eancias recorrentes<\/strong> na conta Inter.<\/li>\n\n\n\n<li><strong>Evite atrasos em outros compromissos financeiros<\/strong>.<\/li>\n\n\n\n<li><strong>Atualize sua renda no aplicativo<\/strong> sempre que poss\u00edvel.<\/li>\n\n\n\n<li><strong>Solicite o cart\u00e3o quando aparecer a op\u00e7\u00e3o \u201cAtivar cr\u00e9dito\u201d<\/strong> no menu de cart\u00f5es.<\/li>\n<\/ul>\n\n\n\n<p>Essas atitudes ajudam o sistema do banco a identificar voc\u00ea como um cliente ativo e respons\u00e1vel, mesmo que o hist\u00f3rico anterior ainda esteja sendo reconstru\u00eddo.<\/p>\n\n\n\n<h2 class=\"wp-block-heading\">Existe cart\u00e3o com limite garantido no Inter?<\/h2>\n\n\n\n<p>Ao contr\u00e1rio do Nubank, que possui a fun\u00e7\u00e3o de <strong>cart\u00e3o com limite garantido<\/strong>, o Inter ainda n\u00e3o oferece essa modalidade diretamente. No entanto, ele costuma liberar <strong>limites menores como forma de entrada<\/strong>, a partir de R$100, que aumentam com o tempo e bom uso.<\/p>\n\n\n\n<p>Ou seja, mesmo com nome negativado, \u00e9 poss\u00edvel come\u00e7ar com um limite inicial pequeno e, \u00e0 medida que o banco confia no seu comportamento, receber aumentos autom\u00e1ticos.<\/p>\n\n\n\n<h2 class=\"wp-block-heading\">Quais s\u00e3o os benef\u00edcios do cart\u00e3o Inter para quem est\u00e1 negativado?<\/h2>\n\n\n\n<p>Mesmo que voc\u00ea comece sem cr\u00e9dito ou com um limite pequeno, o <strong>cart\u00e3o do Banco Inter oferece benef\u00edcios reais<\/strong>, inclusive para quem est\u00e1 com o nome sujo:<\/p>\n\n\n\n<ul class=\"wp-block-list\">\n<li><strong>Zero anuidade<\/strong>: voc\u00ea n\u00e3o paga nada para ter e manter o cart\u00e3o.<\/li>\n\n\n\n<li><strong>Cart\u00e3o virtual dispon\u00edvel logo ap\u00f3s a aprova\u00e7\u00e3o.<\/strong><\/li>\n\n\n\n<li><strong>Aceito em lojas f\u00edsicas e online.<\/strong><\/li>\n\n\n\n<li><strong>Controle total pelo aplicativo, com limite, fatura e bloqueio.<\/strong><\/li>\n\n\n\n<li><strong>Cashback em compras, dependendo do plano contratado.<\/strong><\/li>\n\n\n\n<li><strong>Possibilidade de aumento de limite com uso respons\u00e1vel.<\/strong><\/li>\n<\/ul>\n\n\n\n<p>Al\u00e9m disso, o Inter oferece uma conta digital completa, com acesso a transfer\u00eancias gratuitas, investimentos, seguros, marketplace e outros servi\u00e7os.<\/p>\n\n\n\n<h2 class=\"wp-block-heading\">O Inter consulta SPC\/Serasa?<\/h2>\n\n\n\n<p>Sim, como a maioria das institui\u00e7\u00f5es financeiras, o Banco Inter realiza uma <strong>consulta ao CPF<\/strong> durante a an\u00e1lise de cr\u00e9dito. No entanto, a presen\u00e7a de restri\u00e7\u00e3o <strong>n\u00e3o \u00e9 fator eliminat\u00f3rio<\/strong>. O que pesa mais \u00e9 o conjunto do seu perfil financeiro: movimenta\u00e7\u00e3o da conta, hist\u00f3rico de pagamentos, comportamento dentro do app, entre outros.<\/p>\n\n\n\n<p>Por isso, mesmo que a resposta inicial seja negativa, vale a pena seguir movimentando a conta. Muitos usu\u00e1rios relatam que a fun\u00e7\u00e3o cr\u00e9dito foi liberada semanas ou meses ap\u00f3s come\u00e7arem a usar os servi\u00e7os do banco.<\/p>\n\n\n\n<h2 class=\"wp-block-heading\">O cart\u00e3o de cr\u00e9dito Inter vale a pena para negativados?<\/h2>\n\n\n\n<p>Com certeza. Mesmo para quem ainda est\u00e1 regularizando a vida financeira, o Inter oferece:<\/p>\n\n\n\n<ul class=\"wp-block-list\">\n<li>Uma <strong>porta de entrada no mercado de cr\u00e9dito<\/strong>, com possibilidade real de evolu\u00e7\u00e3o.<\/li>\n\n\n\n<li>Um ambiente 100% digital, <strong>sem taxas escondidas e com tudo claro pelo app<\/strong>.<\/li>\n\n\n\n<li>A chance de <strong>reconstruir o hist\u00f3rico de cr\u00e9dito com responsabilidade<\/strong>.<\/li>\n<\/ul>\n\n\n\n<p>Al\u00e9m disso, o Inter tem uma reputa\u00e7\u00e3o s\u00f3lida, atendimento eficiente e funcionalidades que facilitam a vida de quem est\u00e1 tentando voltar ao controle das finan\u00e7as.<\/p>\n\n\n\n<p><strong>Veja tamb\u00e9m: <a href=\"https:\/\/www.vagadeempregorj.com.br\/es\/emprestimo-pessoal-inter-faca-a-simulacao-e-contrate\/\">Empr\u00e9stimo Pessoal Inter: fa\u00e7a a simula\u00e7\u00e3o e contrate<\/a><\/strong><\/p>\n\n\n\n<p>14 de abril de 2025<\/p>","protected":false},"excerpt":{"rendered":"<p>Est\u00e1 com o nome negativado, mas precisa de um cart\u00e3o de cr\u00e9dito confi\u00e1vel, sem anuidade e com controle total pelo app? Saiba que o Banco Inter pode ser uma op\u00e7\u00e3o vi\u00e1vel para voc\u00ea. Com foco em inclus\u00e3o financeira, o Inter tem oferecido solu\u00e7\u00f5es acess\u00edveis para diversos perfis, inclusive para quem enfrenta restri\u00e7\u00f5es no CPF. Neste&hellip;&nbsp;<\/p>","protected":false},"author":16,"featured_media":43100,"comment_status":"closed","ping_status":"closed","sticky":false,"template":"","format":"standard","meta":{"neve_meta_sidebar":"","neve_meta_container":"","neve_meta_enable_content_width":"","neve_meta_content_width":0,"neve_meta_title_alignment":"","neve_meta_author_avatar":"","neve_post_elements_order":"","neve_meta_disable_header":"","neve_meta_disable_footer":"","neve_meta_disable_title":"","footnotes":""},"categories":[804],"tags":[],"class_list":["post-43099","post","type-post","status-publish","format-standard","has-post-thumbnail","hentry","category-economia"],"yoast_head":"<!-- This site is optimized with the Yoast SEO plugin v27.5 - https:\/\/yoast.com\/product\/yoast-seo-wordpress\/ -->\n<title>Inter para negativados: veja como funciona o cart\u00e3o de cr\u00e9dito -<\/title>\n<meta name=\"description\" content=\"Veja em Vagas de Emprego RJ as vagas de emprego com e sem experi\u00eancia no seu Estado e Regi\u00e3o!\" \/>\n<meta name=\"robots\" content=\"index, follow, max-snippet:-1, max-image-preview:large, max-video-preview:-1\" \/>\n<link rel=\"canonical\" href=\"https:\/\/www.vagadeempregorj.com.br\/es\/inter-para-negativados-veja-como-funciona-o-cartao-de-credito\/\" \/>\n<meta property=\"og:locale\" content=\"es_MX\" \/>\n<meta property=\"og:type\" content=\"article\" \/>\n<meta property=\"og:title\" content=\"Inter para negativados: veja como funciona o cart\u00e3o de cr\u00e9dito -\" \/>\n<meta property=\"og:description\" content=\"Veja em Vagas de Emprego RJ as vagas de emprego com e sem experi\u00eancia no seu Estado e Regi\u00e3o!\" \/>\n<meta property=\"og:url\" content=\"https:\/\/www.vagadeempregorj.com.br\/es\/inter-para-negativados-veja-como-funciona-o-cartao-de-credito\/\" \/>\n<meta property=\"article:publisher\" content=\"https:\/\/www.facebook.com\/empregobrasiloficial\" \/>\n<meta property=\"article:published_time\" content=\"2025-04-14T22:15:10+00:00\" \/>\n<meta property=\"article:modified_time\" content=\"2025-04-14T22:15:11+00:00\" \/>\n<meta property=\"og:image\" content=\"https:\/\/www.vagadeempregorj.com.br\/wp-content\/uploads\/2025\/04\/cartao-inter-laranja.webp\" \/>\n\t<meta property=\"og:image:width\" content=\"1536\" \/>\n\t<meta property=\"og:image:height\" content=\"1024\" \/>\n\t<meta property=\"og:image:type\" content=\"image\/webp\" \/>\n<meta name=\"author\" content=\"Michele\" \/>\n<meta name=\"twitter:card\" content=\"summary_large_image\" \/>\n<meta name=\"twitter:label1\" content=\"Written by\" \/>\n\t<meta name=\"twitter:data1\" content=\"Michele\" \/>\n\t<meta name=\"twitter:label2\" content=\"Est. reading time\" \/>\n\t<meta name=\"twitter:data2\" content=\"5 minutos\" \/>\n<script type=\"application\/ld+json\" class=\"yoast-schema-graph\">{\"@context\":\"https:\\\/\\\/schema.org\",\"@graph\":[{\"@type\":\"Article\",\"@id\":\"https:\\\/\\\/www.vagadeempregorj.com.br\\\/inter-para-negativados-veja-como-funciona-o-cartao-de-credito\\\/#article\",\"isPartOf\":{\"@id\":\"https:\\\/\\\/www.vagadeempregorj.com.br\\\/inter-para-negativados-veja-como-funciona-o-cartao-de-credito\\\/\"},\"author\":{\"name\":\"Michele\",\"@id\":\"https:\\\/\\\/www.vagadeempregorj.com.br\\\/#\\\/schema\\\/person\\\/3ddb19fa0539706786e502152f3aae95\"},\"headline\":\"Inter para negativados: veja como funciona o cart\u00e3o de cr\u00e9dito\",\"datePublished\":\"2025-04-14T22:15:10+00:00\",\"dateModified\":\"2025-04-14T22:15:11+00:00\",\"mainEntityOfPage\":{\"@id\":\"https:\\\/\\\/www.vagadeempregorj.com.br\\\/inter-para-negativados-veja-como-funciona-o-cartao-de-credito\\\/\"},\"wordCount\":945,\"image\":{\"@id\":\"https:\\\/\\\/www.vagadeempregorj.com.br\\\/inter-para-negativados-veja-como-funciona-o-cartao-de-credito\\\/#primaryimage\"},\"thumbnailUrl\":\"https:\\\/\\\/www.vagadeempregorj.com.br\\\/wp-content\\\/uploads\\\/2025\\\/04\\\/cartao-inter-laranja.webp\",\"articleSection\":[\"Economia\"],\"inLanguage\":\"es\"},{\"@type\":\"WebPage\",\"@id\":\"https:\\\/\\\/www.vagadeempregorj.com.br\\\/inter-para-negativados-veja-como-funciona-o-cartao-de-credito\\\/\",\"url\":\"https:\\\/\\\/www.vagadeempregorj.com.br\\\/inter-para-negativados-veja-como-funciona-o-cartao-de-credito\\\/\",\"name\":\"Inter para negativados: veja como funciona o cart\u00e3o de cr\u00e9dito -\",\"isPartOf\":{\"@id\":\"https:\\\/\\\/www.vagadeempregorj.com.br\\\/#website\"},\"primaryImageOfPage\":{\"@id\":\"https:\\\/\\\/www.vagadeempregorj.com.br\\\/inter-para-negativados-veja-como-funciona-o-cartao-de-credito\\\/#primaryimage\"},\"image\":{\"@id\":\"https:\\\/\\\/www.vagadeempregorj.com.br\\\/inter-para-negativados-veja-como-funciona-o-cartao-de-credito\\\/#primaryimage\"},\"thumbnailUrl\":\"https:\\\/\\\/www.vagadeempregorj.com.br\\\/wp-content\\\/uploads\\\/2025\\\/04\\\/cartao-inter-laranja.webp\",\"datePublished\":\"2025-04-14T22:15:10+00:00\",\"dateModified\":\"2025-04-14T22:15:11+00:00\",\"author\":{\"@id\":\"https:\\\/\\\/www.vagadeempregorj.com.br\\\/#\\\/schema\\\/person\\\/3ddb19fa0539706786e502152f3aae95\"},\"description\":\"Veja em Vagas de Emprego RJ as vagas de emprego com e sem experi\u00eancia no seu Estado e Regi\u00e3o!\",\"breadcrumb\":{\"@id\":\"https:\\\/\\\/www.vagadeempregorj.com.br\\\/inter-para-negativados-veja-como-funciona-o-cartao-de-credito\\\/#breadcrumb\"},\"inLanguage\":\"es\",\"potentialAction\":[{\"@type\":\"ReadAction\",\"target\":[\"https:\\\/\\\/www.vagadeempregorj.com.br\\\/inter-para-negativados-veja-como-funciona-o-cartao-de-credito\\\/\"]}]},{\"@type\":\"ImageObject\",\"inLanguage\":\"es\",\"@id\":\"https:\\\/\\\/www.vagadeempregorj.com.br\\\/inter-para-negativados-veja-como-funciona-o-cartao-de-credito\\\/#primaryimage\",\"url\":\"https:\\\/\\\/www.vagadeempregorj.com.br\\\/wp-content\\\/uploads\\\/2025\\\/04\\\/cartao-inter-laranja.webp\",\"contentUrl\":\"https:\\\/\\\/www.vagadeempregorj.com.br\\\/wp-content\\\/uploads\\\/2025\\\/04\\\/cartao-inter-laranja.webp\",\"width\":1536,\"height\":1024},{\"@type\":\"BreadcrumbList\",\"@id\":\"https:\\\/\\\/www.vagadeempregorj.com.br\\\/inter-para-negativados-veja-como-funciona-o-cartao-de-credito\\\/#breadcrumb\",\"itemListElement\":[{\"@type\":\"ListItem\",\"position\":1,\"name\":\"In\u00edcio\",\"item\":\"https:\\\/\\\/www.vagadeempregorj.com.br\\\/\"},{\"@type\":\"ListItem\",\"position\":2,\"name\":\"Economia\",\"item\":\"https:\\\/\\\/www.vagadeempregorj.com.br\\\/economia\\\/\"},{\"@type\":\"ListItem\",\"position\":3,\"name\":\"Inter para negativados: veja como funciona o cart\u00e3o de cr\u00e9dito\"}]},{\"@type\":\"WebSite\",\"@id\":\"https:\\\/\\\/www.vagadeempregorj.com.br\\\/#website\",\"url\":\"https:\\\/\\\/www.vagadeempregorj.com.br\\\/\",\"name\":\"\",\"description\":\"Conquiste Sonhos: Vagas, Benef\u00edcios e Economia para Transformar Vidas e Alcan\u00e7ar Melhorias Cotidianas\",\"potentialAction\":[{\"@type\":\"SearchAction\",\"target\":{\"@type\":\"EntryPoint\",\"urlTemplate\":\"https:\\\/\\\/www.vagadeempregorj.com.br\\\/?s={search_term_string}\"},\"query-input\":{\"@type\":\"PropertyValueSpecification\",\"valueRequired\":true,\"valueName\":\"search_term_string\"}}],\"inLanguage\":\"es\"},{\"@type\":\"Person\",\"@id\":\"https:\\\/\\\/www.vagadeempregorj.com.br\\\/#\\\/schema\\\/person\\\/3ddb19fa0539706786e502152f3aae95\",\"name\":\"Michele\",\"image\":{\"@type\":\"ImageObject\",\"inLanguage\":\"es\",\"@id\":\"https:\\\/\\\/secure.gravatar.com\\\/avatar\\\/6b0eb9d22841282815e2cd856a0061c45e1761cd54b22e952d98c4746939aa85?s=96&r=g\",\"url\":\"https:\\\/\\\/secure.gravatar.com\\\/avatar\\\/6b0eb9d22841282815e2cd856a0061c45e1761cd54b22e952d98c4746939aa85?s=96&r=g\",\"contentUrl\":\"https:\\\/\\\/secure.gravatar.com\\\/avatar\\\/6b0eb9d22841282815e2cd856a0061c45e1761cd54b22e952d98c4746939aa85?s=96&r=g\",\"caption\":\"Michele\"},\"description\":\"Formada em Letras - Portugu\u00eas\\\/ Ingl\u00eas, e idealizadora do site Escritora de Sucesso, busca expandir o conhecimento de todos com informa\u00e7\u00f5es relevantes sobre diversos assuntos, enquanto redatora. No Vaga de Emprego RJ, traz oportunidades e dicas sobre o mercado de trabalho.\",\"url\":\"https:\\\/\\\/www.vagadeempregorj.com.br\\\/es\\\/author\\\/michele\\\/\"}]}<\/script>\n<!-- \/ Yoast SEO plugin. -->","yoast_head_json":{"title":"Inter para negativados: veja como funciona o cart\u00e3o de cr\u00e9dito -","description":"Veja em Vagas de Emprego RJ as vagas de emprego com e sem experi\u00eancia no seu Estado e Regi\u00e3o!","robots":{"index":"index","follow":"follow","max-snippet":"max-snippet:-1","max-image-preview":"max-image-preview:large","max-video-preview":"max-video-preview:-1"},"canonical":"https:\/\/www.vagadeempregorj.com.br\/es\/inter-para-negativados-veja-como-funciona-o-cartao-de-credito\/","og_locale":"es_MX","og_type":"article","og_title":"Inter para negativados: veja como funciona o cart\u00e3o de cr\u00e9dito -","og_description":"Veja em Vagas de Emprego RJ as vagas de emprego com e sem experi\u00eancia no seu Estado e Regi\u00e3o!","og_url":"https:\/\/www.vagadeempregorj.com.br\/es\/inter-para-negativados-veja-como-funciona-o-cartao-de-credito\/","article_publisher":"https:\/\/www.facebook.com\/empregobrasiloficial","article_published_time":"2025-04-14T22:15:10+00:00","article_modified_time":"2025-04-14T22:15:11+00:00","og_image":[{"width":1536,"height":1024,"url":"https:\/\/www.vagadeempregorj.com.br\/wp-content\/uploads\/2025\/04\/cartao-inter-laranja.webp","type":"image\/webp"}],"author":"Michele","twitter_card":"summary_large_image","twitter_misc":{"Written by":"Michele","Est. reading time":"5 minutos"},"schema":{"@context":"https:\/\/schema.org","@graph":[{"@type":"Article","@id":"https:\/\/www.vagadeempregorj.com.br\/inter-para-negativados-veja-como-funciona-o-cartao-de-credito\/#article","isPartOf":{"@id":"https:\/\/www.vagadeempregorj.com.br\/inter-para-negativados-veja-como-funciona-o-cartao-de-credito\/"},"author":{"name":"Michele","@id":"https:\/\/www.vagadeempregorj.com.br\/#\/schema\/person\/3ddb19fa0539706786e502152f3aae95"},"headline":"Inter para negativados: veja como funciona o cart\u00e3o de cr\u00e9dito","datePublished":"2025-04-14T22:15:10+00:00","dateModified":"2025-04-14T22:15:11+00:00","mainEntityOfPage":{"@id":"https:\/\/www.vagadeempregorj.com.br\/inter-para-negativados-veja-como-funciona-o-cartao-de-credito\/"},"wordCount":945,"image":{"@id":"https:\/\/www.vagadeempregorj.com.br\/inter-para-negativados-veja-como-funciona-o-cartao-de-credito\/#primaryimage"},"thumbnailUrl":"https:\/\/www.vagadeempregorj.com.br\/wp-content\/uploads\/2025\/04\/cartao-inter-laranja.webp","articleSection":["Economia"],"inLanguage":"es"},{"@type":"WebPage","@id":"https:\/\/www.vagadeempregorj.com.br\/inter-para-negativados-veja-como-funciona-o-cartao-de-credito\/","url":"https:\/\/www.vagadeempregorj.com.br\/inter-para-negativados-veja-como-funciona-o-cartao-de-credito\/","name":"Inter para negativados: veja como funciona o cart\u00e3o de cr\u00e9dito -","isPartOf":{"@id":"https:\/\/www.vagadeempregorj.com.br\/#website"},"primaryImageOfPage":{"@id":"https:\/\/www.vagadeempregorj.com.br\/inter-para-negativados-veja-como-funciona-o-cartao-de-credito\/#primaryimage"},"image":{"@id":"https:\/\/www.vagadeempregorj.com.br\/inter-para-negativados-veja-como-funciona-o-cartao-de-credito\/#primaryimage"},"thumbnailUrl":"https:\/\/www.vagadeempregorj.com.br\/wp-content\/uploads\/2025\/04\/cartao-inter-laranja.webp","datePublished":"2025-04-14T22:15:10+00:00","dateModified":"2025-04-14T22:15:11+00:00","author":{"@id":"https:\/\/www.vagadeempregorj.com.br\/#\/schema\/person\/3ddb19fa0539706786e502152f3aae95"},"description":"Veja em Vagas de Emprego RJ as vagas de emprego com e sem experi\u00eancia no seu Estado e Regi\u00e3o!","breadcrumb":{"@id":"https:\/\/www.vagadeempregorj.com.br\/inter-para-negativados-veja-como-funciona-o-cartao-de-credito\/#breadcrumb"},"inLanguage":"es","potentialAction":[{"@type":"ReadAction","target":["https:\/\/www.vagadeempregorj.com.br\/inter-para-negativados-veja-como-funciona-o-cartao-de-credito\/"]}]},{"@type":"ImageObject","inLanguage":"es","@id":"https:\/\/www.vagadeempregorj.com.br\/inter-para-negativados-veja-como-funciona-o-cartao-de-credito\/#primaryimage","url":"https:\/\/www.vagadeempregorj.com.br\/wp-content\/uploads\/2025\/04\/cartao-inter-laranja.webp","contentUrl":"https:\/\/www.vagadeempregorj.com.br\/wp-content\/uploads\/2025\/04\/cartao-inter-laranja.webp","width":1536,"height":1024},{"@type":"BreadcrumbList","@id":"https:\/\/www.vagadeempregorj.com.br\/inter-para-negativados-veja-como-funciona-o-cartao-de-credito\/#breadcrumb","itemListElement":[{"@type":"ListItem","position":1,"name":"In\u00edcio","item":"https:\/\/www.vagadeempregorj.com.br\/"},{"@type":"ListItem","position":2,"name":"Economia","item":"https:\/\/www.vagadeempregorj.com.br\/economia\/"},{"@type":"ListItem","position":3,"name":"Inter para negativados: veja como funciona o cart\u00e3o de cr\u00e9dito"}]},{"@type":"WebSite","@id":"https:\/\/www.vagadeempregorj.com.br\/#website","url":"https:\/\/www.vagadeempregorj.com.br\/","name":"","description":"Conquiste Sonhos: Vagas, Benef\u00edcios e Economia para Transformar Vidas e Alcan\u00e7ar Melhorias Cotidianas","potentialAction":[{"@type":"SearchAction","target":{"@type":"EntryPoint","urlTemplate":"https:\/\/www.vagadeempregorj.com.br\/?s={search_term_string}"},"query-input":{"@type":"PropertyValueSpecification","valueRequired":true,"valueName":"search_term_string"}}],"inLanguage":"es"},{"@type":"Person","@id":"https:\/\/www.vagadeempregorj.com.br\/#\/schema\/person\/3ddb19fa0539706786e502152f3aae95","name":"Michele","image":{"@type":"ImageObject","inLanguage":"es","@id":"https:\/\/secure.gravatar.com\/avatar\/6b0eb9d22841282815e2cd856a0061c45e1761cd54b22e952d98c4746939aa85?s=96&r=g","url":"https:\/\/secure.gravatar.com\/avatar\/6b0eb9d22841282815e2cd856a0061c45e1761cd54b22e952d98c4746939aa85?s=96&r=g","contentUrl":"https:\/\/secure.gravatar.com\/avatar\/6b0eb9d22841282815e2cd856a0061c45e1761cd54b22e952d98c4746939aa85?s=96&r=g","caption":"Michele"},"description":"Formada em Letras - Portugu\u00eas\/ Ingl\u00eas, e idealizadora do site Escritora de Sucesso, busca expandir o conhecimento de todos com informa\u00e7\u00f5es relevantes sobre diversos assuntos, enquanto redatora. No Vaga de Emprego RJ, traz oportunidades e dicas sobre o mercado de trabalho.","url":"https:\/\/www.vagadeempregorj.com.br\/es\/author\/michele\/"}]}},"_links":{"self":[{"href":"https:\/\/www.vagadeempregorj.com.br\/es\/wp-json\/wp\/v2\/posts\/43099","targetHints":{"allow":["GET"]}}],"collection":[{"href":"https:\/\/www.vagadeempregorj.com.br\/es\/wp-json\/wp\/v2\/posts"}],"about":[{"href":"https:\/\/www.vagadeempregorj.com.br\/es\/wp-json\/wp\/v2\/types\/post"}],"author":[{"embeddable":true,"href":"https:\/\/www.vagadeempregorj.com.br\/es\/wp-json\/wp\/v2\/users\/16"}],"replies":[{"embeddable":true,"href":"https:\/\/www.vagadeempregorj.com.br\/es\/wp-json\/wp\/v2\/comments?post=43099"}],"version-history":[{"count":0,"href":"https:\/\/www.vagadeempregorj.com.br\/es\/wp-json\/wp\/v2\/posts\/43099\/revisions"}],"wp:featuredmedia":[{"embeddable":true,"href":"https:\/\/www.vagadeempregorj.com.br\/es\/wp-json\/wp\/v2\/media\/43100"}],"wp:attachment":[{"href":"https:\/\/www.vagadeempregorj.com.br\/es\/wp-json\/wp\/v2\/media?parent=43099"}],"wp:term":[{"taxonomy":"category","embeddable":true,"href":"https:\/\/www.vagadeempregorj.com.br\/es\/wp-json\/wp\/v2\/categories?post=43099"},{"taxonomy":"post_tag","embeddable":true,"href":"https:\/\/www.vagadeempregorj.com.br\/es\/wp-json\/wp\/v2\/tags?post=43099"}],"curies":[{"name":"wp","href":"https:\/\/api.w.org\/{rel}","templated":true}]}}