{"id":43384,"date":"2025-05-19T16:10:13","date_gmt":"2025-05-19T19:10:13","guid":{"rendered":"https:\/\/www.vagadeempregorj.com.br\/?p=43384"},"modified":"2025-10-24T20:22:47","modified_gmt":"2025-10-24T23:22:47","slug":"o-que-e-obsolescencia-programada-e-como-isso-afeta-a-vida-util-do-seu-celular","status":"publish","type":"post","link":"https:\/\/www.vagadeempregorj.com.br\/es\/o-que-e-obsolescencia-programada-e-como-isso-afeta-a-vida-util-do-seu-celular\/","title":{"rendered":"O que \u00e9 obsolesc\u00eancia programada e como isso afeta a vida \u00fatil do seu celular"},"content":{"rendered":"<p class=\"has-text-align-center\"><strong>Quer garantir seu conhecimento sobre o assunto?<\/strong><\/p>\n\n\n\n<div class=\"wp-block-buttons is-vertical is-content-justification-center is-layout-flex wp-container-core-buttons-is-layout-9a7cdcfd wp-block-buttons-is-layout-flex\">\n<div class=\"wp-block-button has-custom-width wp-block-button__width-100\"><a class=\"wp-block-button__link has-white-color has-text-color has-background has-link-color wp-element-button\" href=\"https:\/\/www.vagadeempregorj.com.br\/es\/internet-gratis-no-celular-3-formas-de-gastar-menos-com-wi-fi\/\" style=\"border-radius:12px;background-color:#0a5580\">Quer Internet de Gra\u00e7a? Veja Essa Ferramenta<\/a><\/div>\n\n\n\n<div class=\"wp-block-button has-custom-width wp-block-button__width-100\"><a class=\"wp-block-button__link has-white-color has-luminous-vivid-orange-background-color has-text-color has-background has-link-color wp-element-button\" href=\"https:\/\/www.vagadeempregorj.com.br\/es\/internet-gratis-da-claro-veja-como-acessar-e-configurar\/\" style=\"border-radius:12px\">Internet Gr\u00e1tis no Celular pela Claro<\/a><\/div>\n\n\n\n<div class=\"wp-block-button has-custom-width wp-block-button__width-100\"><a class=\"wp-block-button__link has-white-color has-luminous-vivid-amber-background-color has-text-color has-background has-link-color wp-element-button\" href=\"https:\/\/www.vagadeempregorj.com.br\/es\/emprego-na-internet-6-empresas-que-contratam-online\/\" style=\"border-radius:12px\">Emprego na Internet: Veja Empresas Contratando<\/a><\/div>\n<\/div>\n\n\n\n<p>Voc\u00ea j\u00e1 sentiu que seu celular come\u00e7ou a travar justamente ap\u00f3s uma atualiza\u00e7\u00e3o? Ou que, mesmo com poucos anos de uso, ele parece ter \u201cenvelhecido\u201d de repente? Isso pode n\u00e3o ser apenas impress\u00e3o: estamos falando de obsolesc\u00eancia programada \u2014 uma estrat\u00e9gia adotada por muitas empresas para reduzir propositalmente a vida \u00fatil de seus produtos, for\u00e7ando os consumidores a trocarem de aparelho com mais frequ\u00eancia.<\/p>\n\n\n\n<p>Sim, essa pr\u00e1tica existe. E ela afeta diretamente o seu bolso, o meio ambiente e at\u00e9 mesmo o seu direito de escolha. Entender como a obsolesc\u00eancia programada funciona \u00e9 o primeiro passo para tomar decis\u00f5es mais conscientes e evitar cair em armadilhas de consumo.<\/p>\n\n\n\n<h2 class=\"wp-block-heading\">O que \u00e9 obsolesc\u00eancia programada?<\/h2>\n\n\n\n<p>Obsolesc\u00eancia programada \u00e9 o nome dado \u00e0 pr\u00e1tica de projetar produtos com uma vida \u00fatil intencionalmente limitada. Ou seja, o fabricante j\u00e1 lan\u00e7a o item sabendo que ele vai parar de funcionar bem \u2014 ou se tornar ultrapassado \u2014 ap\u00f3s determinado tempo.<\/p>\n\n\n\n<p>Isso pode ocorrer de v\u00e1rias formas:<\/p>\n\n\n\n<ul class=\"wp-block-list\">\n<li><strong>Obsolesc\u00eancia t\u00e9cnica:<\/strong> quando o aparelho passa a apresentar falhas, lentid\u00e3o ou defeitos ap\u00f3s certo tempo de uso.<\/li>\n\n\n\n<li><strong>Obsolesc\u00eancia de software:<\/strong> ocorre quando os sistemas operacionais e aplicativos deixam de ser compat\u00edveis com modelos mais antigos.<\/li>\n\n\n\n<li><strong>Obsolesc\u00eancia perceptiva ou psicol\u00f3gica:<\/strong> quando um novo modelo \u00e9 lan\u00e7ado com melhorias est\u00e9ticas ou de marketing, fazendo o anterior parecer velho ou desatualizado, mesmo estando funcional.<\/li>\n<\/ul>\n\n\n\n<p>O principal objetivo da obsolesc\u00eancia programada \u00e9 manter o ciclo de consumo girando. Afinal, se seu celular durasse dez anos sem problema, o setor de tecnologia venderia menos.<\/p>\n\n\n\n<h2 class=\"wp-block-heading\">Como isso acontece nos celulares?<\/h2>\n\n\n\n<p>No caso dos celulares, a obsolesc\u00eancia programada \u00e9 uma realidade silenciosa. Fabricantes de smartphones utilizam diversos recursos para tornar seus modelos obsoletos em poucos anos.<\/p>\n\n\n\n<p>Veja alguns exemplos de como isso ocorre:<\/p>\n\n\n\n<ul class=\"wp-block-list\">\n<li><strong>Atualiza\u00e7\u00f5es que pesam no sistema<\/strong><br>\u00c9 comum que celulares mais antigos comecem a travar ap\u00f3s receberem atualiza\u00e7\u00f5es de sistema. Isso acontece porque o novo software exige mais do processador e da mem\u00f3ria, desgastando o desempenho dos aparelhos mais antigos.<\/li>\n\n\n\n<li><strong>Bateria que perde efici\u00eancia<\/strong><br>As baterias de l\u00edtio t\u00eam uma vida \u00fatil limitada. Muitas vezes, os modelos de celular s\u00e3o constru\u00eddos com bateria n\u00e3o remov\u00edvel, dificultando a substitui\u00e7\u00e3o e incentivando a compra de um novo aparelho.<\/li>\n\n\n\n<li><strong>Pe\u00e7as dif\u00edceis de substituir<\/strong><br>Alguns modelos s\u00e3o desenvolvidos de forma a impedir que o usu\u00e1rio troque pe\u00e7as facilmente. O alto custo de conserto, quando comparado com a compra de um novo celular, empurra o consumidor para a troca.<\/li>\n\n\n\n<li><strong>Fim do suporte<\/strong><br>Ap\u00f3s certo per\u00edodo, as empresas deixam de atualizar o sistema operacional dos modelos mais antigos. Isso n\u00e3o s\u00f3 prejudica a seguran\u00e7a, mas tamb\u00e9m torna o aparelho incompat\u00edvel com apps essenciais.<\/li>\n\n\n\n<li><strong>Marketing agressivo<\/strong><br>O lan\u00e7amento constante de novos modelos com pequenos diferenciais visuais ou funcionalidades faz com que as pessoas sintam que seus celulares est\u00e3o \u201cultrapassados\u201d, mesmo funcionando perfeitamente.<\/li>\n<\/ul>\n\n\n\n<h2 class=\"wp-block-heading\">Quais s\u00e3o as consequ\u00eancias para o consumidor?<\/h2>\n\n\n\n<p>A principal consequ\u00eancia da obsolesc\u00eancia programada \u00e9 o impacto direto no bolso. Trocar de celular a cada dois ou tr\u00eas anos representa um gasto cont\u00ednuo. Para muitas pessoas, isso se torna quase uma obriga\u00e7\u00e3o, j\u00e1 que os aparelhos antigos come\u00e7am a falhar ou deixam de atender \u00e0s exig\u00eancias atuais.<\/p>\n\n\n\n<p>Al\u00e9m disso, h\u00e1:<\/p>\n\n\n\n<ul class=\"wp-block-list\">\n<li><strong>Frustra\u00e7\u00e3o com produtos que \u201cmorrem\u201d r\u00e1pido;<\/strong><\/li>\n\n\n\n<li><strong>Aumento de lixo eletr\u00f4nico e impacto ambiental;<\/strong><\/li>\n\n\n\n<li><strong>Sensa\u00e7\u00e3o de estar sempre atr\u00e1s das novidades;<\/strong><\/li>\n\n\n\n<li><strong>Perda da autonomia de escolha sobre quando trocar de aparelho.<\/strong><\/li>\n<\/ul>\n\n\n\n<h2 class=\"wp-block-heading\">Como se proteger da obsolesc\u00eancia programada?<\/h2>\n\n\n\n<p>Felizmente, existem formas de se proteger \u2014 ou ao menos, adiar os efeitos da obsolesc\u00eancia programada no seu celular. Veja algumas dicas pr\u00e1ticas:<\/p>\n\n\n\n<p>1# <strong>Pesquise antes de comprar<\/strong><br>Escolha marcas e modelos que tenham hist\u00f3rico de durabilidade, bom suporte t\u00e9cnico e atualiza\u00e7\u00f5es frequentes. Evite comprar somente por apar\u00eancia ou hype.<\/p>\n\n\n\n<p>2# <strong>Cuide bem da bateria<\/strong><br>Evite deixar o celular carregando a noite toda e n\u00e3o deixe a bateria zerar com frequ\u00eancia. Esses h\u00e1bitos ajudam a prolongar a vida \u00fatil.<\/p>\n\n\n\n<p>3# <strong>Mantenha o aparelho limpo internamente<\/strong><br>Aplicativos como CCleaner e Files by Google ajudam a eliminar arquivos desnecess\u00e1rios que sobrecarregam o sistema.<\/p>\n\n\n\n<p>4# <strong>Evite atualiza\u00e7\u00f5es desnecess\u00e1rias<\/strong><br>Se o sistema atual do celular funciona bem, pense duas vezes antes de instalar uma nova vers\u00e3o \u2014 especialmente se o modelo for mais antigo.<\/p>\n\n\n\n<p>5# <strong>Aposte no recondicionamento<\/strong><br>Se algo parar de funcionar, veja se vale a pena consertar. Trocar a bateria, por exemplo, pode sair muito mais barato do que comprar um novo celular.<\/p>\n\n\n\n<p>6# <strong>Use menos aplicativos pesados<\/strong><br>Apps de banco, redes sociais e jogos consomem muita mem\u00f3ria. Use vers\u00f5es lite quando dispon\u00edveis.<\/p>\n\n\n\n<p>7# <strong>Fique atento \u00e0s garantias e direitos do consumidor<\/strong><br>Se o aparelho apresentar defeito com pouco tempo de uso, busque seus direitos. Em alguns pa\u00edses e estados, leis contra obsolesc\u00eancia programada j\u00e1 est\u00e3o em vigor.<\/p>\n\n\n\n<h2 class=\"wp-block-heading\">Existe lei contra obsolesc\u00eancia programada?<\/h2>\n\n\n\n<p>No Brasil, ainda n\u00e3o existe uma legisla\u00e7\u00e3o espec\u00edfica que pro\u00edba a obsolesc\u00eancia programada. No entanto, o C\u00f3digo de Defesa do Consumidor garante que produtos dur\u00e1veis devem ter vida \u00fatil compat\u00edvel com o valor pago e as expectativas do mercado.<\/p>\n\n\n\n<p>Na Europa, pa\u00edses como a Fran\u00e7a j\u00e1 aprovaram leis que obrigam os fabricantes a informarem a \u201cvida \u00fatil estimada\u201d dos produtos e penalizam estrat\u00e9gias que dificultem o reparo. Essa tend\u00eancia deve crescer em outros lugares, principalmente por press\u00e3o de consumidores mais conscientes.<\/p>\n\n\n\n<h2 class=\"wp-block-heading\">A obsolesc\u00eancia programada \u00e9 sempre ruim?<\/h2>\n\n\n\n<p>Embora pare\u00e7a sempre negativa, h\u00e1 quem defenda que a obsolesc\u00eancia programada tamb\u00e9m tem seu lado positivo, como impulsionar a inova\u00e7\u00e3o e manter o mercado aquecido. No entanto, o problema \u00e9 quando essa pr\u00e1tica \u00e9 adotada de forma desleal, prejudicando o consumidor de maneira intencional e sem transpar\u00eancia.<\/p>\n\n\n\n<p>A quest\u00e3o principal \u00e9 o equil\u00edbrio: \u00e9 poss\u00edvel inovar sem for\u00e7ar o descarte precoce. E \u00e9 justamente essa discuss\u00e3o que est\u00e1 ganhando for\u00e7a no mundo todo, com movimentos que incentivam o &#8220;direito ao reparo&#8221; e o consumo mais consciente.<\/p>\n\n\n\n<p><strong>Veja tamb\u00e9m: <a href=\"https:\/\/www.vagadeempregorj.com.br\/es\/como-solicitar-seu-cartao-de-credito-inter-pelo-app\/\">Como solicitar seu cart\u00e3o de cr\u00e9dito Inter pelo app?<\/a><\/strong><\/p>\n\n\n\n<p>19 de maio de 2025<\/p>","protected":false},"excerpt":{"rendered":"<p>Quer garantir seu conhecimento sobre o assunto? Voc\u00ea j\u00e1 sentiu que seu celular come\u00e7ou a travar justamente ap\u00f3s uma atualiza\u00e7\u00e3o? Ou que, mesmo com poucos anos de uso, ele parece ter \u201cenvelhecido\u201d de repente? Isso pode n\u00e3o ser apenas impress\u00e3o: estamos falando de obsolesc\u00eancia programada \u2014 uma estrat\u00e9gia adotada por muitas empresas para reduzir propositalmente&hellip;&nbsp;<\/p>","protected":false},"author":16,"featured_media":43388,"comment_status":"closed","ping_status":"closed","sticky":false,"template":"","format":"standard","meta":{"neve_meta_sidebar":"","neve_meta_container":"","neve_meta_enable_content_width":"","neve_meta_content_width":0,"neve_meta_title_alignment":"","neve_meta_author_avatar":"","neve_post_elements_order":"","neve_meta_disable_header":"","neve_meta_disable_footer":"","neve_meta_disable_title":"","footnotes":""},"categories":[703],"tags":[],"class_list":["post-43384","post","type-post","status-publish","format-standard","has-post-thumbnail","hentry","category-informacao-tecnologica-e-curiosidades"],"yoast_head":"<!-- This site is optimized with the Yoast SEO plugin v27.5 - https:\/\/yoast.com\/product\/yoast-seo-wordpress\/ -->\n<title>O que \u00e9 obsolesc\u00eancia programada e como isso afeta a vida \u00fatil do seu celular -<\/title>\n<meta name=\"description\" content=\"Veja em Vagas de Emprego RJ as vagas de emprego com e sem experi\u00eancia no seu Estado e Regi\u00e3o!\" \/>\n<meta name=\"robots\" content=\"index, follow, max-snippet:-1, max-image-preview:large, max-video-preview:-1\" \/>\n<link rel=\"canonical\" href=\"https:\/\/www.vagadeempregorj.com.br\/es\/o-que-e-obsolescencia-programada-e-como-isso-afeta-a-vida-util-do-seu-celular\/\" \/>\n<meta property=\"og:locale\" content=\"es_MX\" \/>\n<meta property=\"og:type\" content=\"article\" \/>\n<meta property=\"og:title\" content=\"O que \u00e9 obsolesc\u00eancia programada e como isso afeta a vida \u00fatil do seu celular -\" \/>\n<meta property=\"og:description\" content=\"Veja em Vagas de Emprego RJ as vagas de emprego com e sem experi\u00eancia no seu Estado e Regi\u00e3o!\" \/>\n<meta property=\"og:url\" content=\"https:\/\/www.vagadeempregorj.com.br\/es\/o-que-e-obsolescencia-programada-e-como-isso-afeta-a-vida-util-do-seu-celular\/\" \/>\n<meta property=\"article:publisher\" content=\"https:\/\/www.facebook.com\/empregobrasiloficial\" \/>\n<meta property=\"article:published_time\" content=\"2025-05-19T19:10:13+00:00\" \/>\n<meta property=\"article:modified_time\" content=\"2025-10-24T23:22:47+00:00\" \/>\n<meta property=\"og:image\" content=\"https:\/\/www.vagadeempregorj.com.br\/wp-content\/uploads\/2025\/05\/jovem-mulher-usando-seu-smartphone-na-cidade-1024x683.jpg\" \/>\n\t<meta property=\"og:image:width\" content=\"1024\" \/>\n\t<meta property=\"og:image:height\" content=\"683\" \/>\n\t<meta property=\"og:image:type\" content=\"image\/jpeg\" \/>\n<meta name=\"author\" content=\"Michele\" \/>\n<meta name=\"twitter:card\" content=\"summary_large_image\" \/>\n<meta name=\"twitter:label1\" content=\"Written by\" \/>\n\t<meta name=\"twitter:data1\" content=\"Michele\" \/>\n\t<meta name=\"twitter:label2\" content=\"Est. reading time\" \/>\n\t<meta name=\"twitter:data2\" content=\"5 minutos\" \/>\n<script type=\"application\/ld+json\" class=\"yoast-schema-graph\">{\"@context\":\"https:\\\/\\\/schema.org\",\"@graph\":[{\"@type\":\"Article\",\"@id\":\"https:\\\/\\\/www.vagadeempregorj.com.br\\\/o-que-e-obsolescencia-programada-e-como-isso-afeta-a-vida-util-do-seu-celular\\\/#article\",\"isPartOf\":{\"@id\":\"https:\\\/\\\/www.vagadeempregorj.com.br\\\/o-que-e-obsolescencia-programada-e-como-isso-afeta-a-vida-util-do-seu-celular\\\/\"},\"author\":{\"name\":\"Michele\",\"@id\":\"https:\\\/\\\/www.vagadeempregorj.com.br\\\/#\\\/schema\\\/person\\\/3ddb19fa0539706786e502152f3aae95\"},\"headline\":\"O que \u00e9 obsolesc\u00eancia programada e como isso afeta a vida \u00fatil do seu celular\",\"datePublished\":\"2025-05-19T19:10:13+00:00\",\"dateModified\":\"2025-10-24T23:22:47+00:00\",\"mainEntityOfPage\":{\"@id\":\"https:\\\/\\\/www.vagadeempregorj.com.br\\\/o-que-e-obsolescencia-programada-e-como-isso-afeta-a-vida-util-do-seu-celular\\\/\"},\"wordCount\":1100,\"image\":{\"@id\":\"https:\\\/\\\/www.vagadeempregorj.com.br\\\/o-que-e-obsolescencia-programada-e-como-isso-afeta-a-vida-util-do-seu-celular\\\/#primaryimage\"},\"thumbnailUrl\":\"https:\\\/\\\/www.vagadeempregorj.com.br\\\/wp-content\\\/uploads\\\/2025\\\/05\\\/jovem-mulher-usando-seu-smartphone-na-cidade.jpg\",\"articleSection\":[\"Informa\u00e7\u00e3o Tecnol\u00f3gica, Curiosidades e Cursos\"],\"inLanguage\":\"es\"},{\"@type\":\"WebPage\",\"@id\":\"https:\\\/\\\/www.vagadeempregorj.com.br\\\/o-que-e-obsolescencia-programada-e-como-isso-afeta-a-vida-util-do-seu-celular\\\/\",\"url\":\"https:\\\/\\\/www.vagadeempregorj.com.br\\\/o-que-e-obsolescencia-programada-e-como-isso-afeta-a-vida-util-do-seu-celular\\\/\",\"name\":\"O que \u00e9 obsolesc\u00eancia programada e como isso afeta a vida \u00fatil do seu celular -\",\"isPartOf\":{\"@id\":\"https:\\\/\\\/www.vagadeempregorj.com.br\\\/#website\"},\"primaryImageOfPage\":{\"@id\":\"https:\\\/\\\/www.vagadeempregorj.com.br\\\/o-que-e-obsolescencia-programada-e-como-isso-afeta-a-vida-util-do-seu-celular\\\/#primaryimage\"},\"image\":{\"@id\":\"https:\\\/\\\/www.vagadeempregorj.com.br\\\/o-que-e-obsolescencia-programada-e-como-isso-afeta-a-vida-util-do-seu-celular\\\/#primaryimage\"},\"thumbnailUrl\":\"https:\\\/\\\/www.vagadeempregorj.com.br\\\/wp-content\\\/uploads\\\/2025\\\/05\\\/jovem-mulher-usando-seu-smartphone-na-cidade.jpg\",\"datePublished\":\"2025-05-19T19:10:13+00:00\",\"dateModified\":\"2025-10-24T23:22:47+00:00\",\"author\":{\"@id\":\"https:\\\/\\\/www.vagadeempregorj.com.br\\\/#\\\/schema\\\/person\\\/3ddb19fa0539706786e502152f3aae95\"},\"description\":\"Veja em Vagas de Emprego RJ as vagas de emprego com e sem experi\u00eancia no seu Estado e Regi\u00e3o!\",\"breadcrumb\":{\"@id\":\"https:\\\/\\\/www.vagadeempregorj.com.br\\\/o-que-e-obsolescencia-programada-e-como-isso-afeta-a-vida-util-do-seu-celular\\\/#breadcrumb\"},\"inLanguage\":\"es\",\"potentialAction\":[{\"@type\":\"ReadAction\",\"target\":[\"https:\\\/\\\/www.vagadeempregorj.com.br\\\/o-que-e-obsolescencia-programada-e-como-isso-afeta-a-vida-util-do-seu-celular\\\/\"]}]},{\"@type\":\"ImageObject\",\"inLanguage\":\"es\",\"@id\":\"https:\\\/\\\/www.vagadeempregorj.com.br\\\/o-que-e-obsolescencia-programada-e-como-isso-afeta-a-vida-util-do-seu-celular\\\/#primaryimage\",\"url\":\"https:\\\/\\\/www.vagadeempregorj.com.br\\\/wp-content\\\/uploads\\\/2025\\\/05\\\/jovem-mulher-usando-seu-smartphone-na-cidade.jpg\",\"contentUrl\":\"https:\\\/\\\/www.vagadeempregorj.com.br\\\/wp-content\\\/uploads\\\/2025\\\/05\\\/jovem-mulher-usando-seu-smartphone-na-cidade.jpg\",\"width\":7999,\"height\":5338},{\"@type\":\"BreadcrumbList\",\"@id\":\"https:\\\/\\\/www.vagadeempregorj.com.br\\\/o-que-e-obsolescencia-programada-e-como-isso-afeta-a-vida-util-do-seu-celular\\\/#breadcrumb\",\"itemListElement\":[{\"@type\":\"ListItem\",\"position\":1,\"name\":\"In\u00edcio\",\"item\":\"https:\\\/\\\/www.vagadeempregorj.com.br\\\/\"},{\"@type\":\"ListItem\",\"position\":2,\"name\":\"Informa\u00e7\u00e3o Tecnol\u00f3gica, Curiosidades e Cursos\",\"item\":\"https:\\\/\\\/www.vagadeempregorj.com.br\\\/informacao-tecnologica-e-curiosidades\\\/\"},{\"@type\":\"ListItem\",\"position\":3,\"name\":\"O que \u00e9 obsolesc\u00eancia programada e como isso afeta a vida \u00fatil do seu celular\"}]},{\"@type\":\"WebSite\",\"@id\":\"https:\\\/\\\/www.vagadeempregorj.com.br\\\/#website\",\"url\":\"https:\\\/\\\/www.vagadeempregorj.com.br\\\/\",\"name\":\"\",\"description\":\"Conquiste Sonhos: Vagas, Benef\u00edcios e Economia para Transformar Vidas e Alcan\u00e7ar Melhorias Cotidianas\",\"potentialAction\":[{\"@type\":\"SearchAction\",\"target\":{\"@type\":\"EntryPoint\",\"urlTemplate\":\"https:\\\/\\\/www.vagadeempregorj.com.br\\\/?s={search_term_string}\"},\"query-input\":{\"@type\":\"PropertyValueSpecification\",\"valueRequired\":true,\"valueName\":\"search_term_string\"}}],\"inLanguage\":\"es\"},{\"@type\":\"Person\",\"@id\":\"https:\\\/\\\/www.vagadeempregorj.com.br\\\/#\\\/schema\\\/person\\\/3ddb19fa0539706786e502152f3aae95\",\"name\":\"Michele\",\"image\":{\"@type\":\"ImageObject\",\"inLanguage\":\"es\",\"@id\":\"https:\\\/\\\/secure.gravatar.com\\\/avatar\\\/6b0eb9d22841282815e2cd856a0061c45e1761cd54b22e952d98c4746939aa85?s=96&r=g\",\"url\":\"https:\\\/\\\/secure.gravatar.com\\\/avatar\\\/6b0eb9d22841282815e2cd856a0061c45e1761cd54b22e952d98c4746939aa85?s=96&r=g\",\"contentUrl\":\"https:\\\/\\\/secure.gravatar.com\\\/avatar\\\/6b0eb9d22841282815e2cd856a0061c45e1761cd54b22e952d98c4746939aa85?s=96&r=g\",\"caption\":\"Michele\"},\"description\":\"Formada em Letras - Portugu\u00eas\\\/ Ingl\u00eas, e idealizadora do site Escritora de Sucesso, busca expandir o conhecimento de todos com informa\u00e7\u00f5es relevantes sobre diversos assuntos, enquanto redatora. No Vaga de Emprego RJ, traz oportunidades e dicas sobre o mercado de trabalho.\",\"url\":\"https:\\\/\\\/www.vagadeempregorj.com.br\\\/es\\\/author\\\/michele\\\/\"}]}<\/script>\n<!-- \/ Yoast SEO plugin. -->","yoast_head_json":{"title":"O que \u00e9 obsolesc\u00eancia programada e como isso afeta a vida \u00fatil do seu celular -","description":"Veja em Vagas de Emprego RJ as vagas de emprego com e sem experi\u00eancia no seu Estado e Regi\u00e3o!","robots":{"index":"index","follow":"follow","max-snippet":"max-snippet:-1","max-image-preview":"max-image-preview:large","max-video-preview":"max-video-preview:-1"},"canonical":"https:\/\/www.vagadeempregorj.com.br\/es\/o-que-e-obsolescencia-programada-e-como-isso-afeta-a-vida-util-do-seu-celular\/","og_locale":"es_MX","og_type":"article","og_title":"O que \u00e9 obsolesc\u00eancia programada e como isso afeta a vida \u00fatil do seu celular -","og_description":"Veja em Vagas de Emprego RJ as vagas de emprego com e sem experi\u00eancia no seu Estado e Regi\u00e3o!","og_url":"https:\/\/www.vagadeempregorj.com.br\/es\/o-que-e-obsolescencia-programada-e-como-isso-afeta-a-vida-util-do-seu-celular\/","article_publisher":"https:\/\/www.facebook.com\/empregobrasiloficial","article_published_time":"2025-05-19T19:10:13+00:00","article_modified_time":"2025-10-24T23:22:47+00:00","og_image":[{"width":1024,"height":683,"url":"https:\/\/www.vagadeempregorj.com.br\/wp-content\/uploads\/2025\/05\/jovem-mulher-usando-seu-smartphone-na-cidade-1024x683.jpg","type":"image\/jpeg"}],"author":"Michele","twitter_card":"summary_large_image","twitter_misc":{"Written by":"Michele","Est. reading time":"5 minutos"},"schema":{"@context":"https:\/\/schema.org","@graph":[{"@type":"Article","@id":"https:\/\/www.vagadeempregorj.com.br\/o-que-e-obsolescencia-programada-e-como-isso-afeta-a-vida-util-do-seu-celular\/#article","isPartOf":{"@id":"https:\/\/www.vagadeempregorj.com.br\/o-que-e-obsolescencia-programada-e-como-isso-afeta-a-vida-util-do-seu-celular\/"},"author":{"name":"Michele","@id":"https:\/\/www.vagadeempregorj.com.br\/#\/schema\/person\/3ddb19fa0539706786e502152f3aae95"},"headline":"O que \u00e9 obsolesc\u00eancia programada e como isso afeta a vida \u00fatil do seu celular","datePublished":"2025-05-19T19:10:13+00:00","dateModified":"2025-10-24T23:22:47+00:00","mainEntityOfPage":{"@id":"https:\/\/www.vagadeempregorj.com.br\/o-que-e-obsolescencia-programada-e-como-isso-afeta-a-vida-util-do-seu-celular\/"},"wordCount":1100,"image":{"@id":"https:\/\/www.vagadeempregorj.com.br\/o-que-e-obsolescencia-programada-e-como-isso-afeta-a-vida-util-do-seu-celular\/#primaryimage"},"thumbnailUrl":"https:\/\/www.vagadeempregorj.com.br\/wp-content\/uploads\/2025\/05\/jovem-mulher-usando-seu-smartphone-na-cidade.jpg","articleSection":["Informa\u00e7\u00e3o Tecnol\u00f3gica, Curiosidades e Cursos"],"inLanguage":"es"},{"@type":"WebPage","@id":"https:\/\/www.vagadeempregorj.com.br\/o-que-e-obsolescencia-programada-e-como-isso-afeta-a-vida-util-do-seu-celular\/","url":"https:\/\/www.vagadeempregorj.com.br\/o-que-e-obsolescencia-programada-e-como-isso-afeta-a-vida-util-do-seu-celular\/","name":"O que \u00e9 obsolesc\u00eancia programada e como isso afeta a vida \u00fatil do seu celular -","isPartOf":{"@id":"https:\/\/www.vagadeempregorj.com.br\/#website"},"primaryImageOfPage":{"@id":"https:\/\/www.vagadeempregorj.com.br\/o-que-e-obsolescencia-programada-e-como-isso-afeta-a-vida-util-do-seu-celular\/#primaryimage"},"image":{"@id":"https:\/\/www.vagadeempregorj.com.br\/o-que-e-obsolescencia-programada-e-como-isso-afeta-a-vida-util-do-seu-celular\/#primaryimage"},"thumbnailUrl":"https:\/\/www.vagadeempregorj.com.br\/wp-content\/uploads\/2025\/05\/jovem-mulher-usando-seu-smartphone-na-cidade.jpg","datePublished":"2025-05-19T19:10:13+00:00","dateModified":"2025-10-24T23:22:47+00:00","author":{"@id":"https:\/\/www.vagadeempregorj.com.br\/#\/schema\/person\/3ddb19fa0539706786e502152f3aae95"},"description":"Veja em Vagas de Emprego RJ as vagas de emprego com e sem experi\u00eancia no seu Estado e Regi\u00e3o!","breadcrumb":{"@id":"https:\/\/www.vagadeempregorj.com.br\/o-que-e-obsolescencia-programada-e-como-isso-afeta-a-vida-util-do-seu-celular\/#breadcrumb"},"inLanguage":"es","potentialAction":[{"@type":"ReadAction","target":["https:\/\/www.vagadeempregorj.com.br\/o-que-e-obsolescencia-programada-e-como-isso-afeta-a-vida-util-do-seu-celular\/"]}]},{"@type":"ImageObject","inLanguage":"es","@id":"https:\/\/www.vagadeempregorj.com.br\/o-que-e-obsolescencia-programada-e-como-isso-afeta-a-vida-util-do-seu-celular\/#primaryimage","url":"https:\/\/www.vagadeempregorj.com.br\/wp-content\/uploads\/2025\/05\/jovem-mulher-usando-seu-smartphone-na-cidade.jpg","contentUrl":"https:\/\/www.vagadeempregorj.com.br\/wp-content\/uploads\/2025\/05\/jovem-mulher-usando-seu-smartphone-na-cidade.jpg","width":7999,"height":5338},{"@type":"BreadcrumbList","@id":"https:\/\/www.vagadeempregorj.com.br\/o-que-e-obsolescencia-programada-e-como-isso-afeta-a-vida-util-do-seu-celular\/#breadcrumb","itemListElement":[{"@type":"ListItem","position":1,"name":"In\u00edcio","item":"https:\/\/www.vagadeempregorj.com.br\/"},{"@type":"ListItem","position":2,"name":"Informa\u00e7\u00e3o Tecnol\u00f3gica, Curiosidades e Cursos","item":"https:\/\/www.vagadeempregorj.com.br\/informacao-tecnologica-e-curiosidades\/"},{"@type":"ListItem","position":3,"name":"O que \u00e9 obsolesc\u00eancia programada e como isso afeta a vida \u00fatil do seu celular"}]},{"@type":"WebSite","@id":"https:\/\/www.vagadeempregorj.com.br\/#website","url":"https:\/\/www.vagadeempregorj.com.br\/","name":"","description":"Conquiste Sonhos: Vagas, Benef\u00edcios e Economia para Transformar Vidas e Alcan\u00e7ar Melhorias Cotidianas","potentialAction":[{"@type":"SearchAction","target":{"@type":"EntryPoint","urlTemplate":"https:\/\/www.vagadeempregorj.com.br\/?s={search_term_string}"},"query-input":{"@type":"PropertyValueSpecification","valueRequired":true,"valueName":"search_term_string"}}],"inLanguage":"es"},{"@type":"Person","@id":"https:\/\/www.vagadeempregorj.com.br\/#\/schema\/person\/3ddb19fa0539706786e502152f3aae95","name":"Michele","image":{"@type":"ImageObject","inLanguage":"es","@id":"https:\/\/secure.gravatar.com\/avatar\/6b0eb9d22841282815e2cd856a0061c45e1761cd54b22e952d98c4746939aa85?s=96&r=g","url":"https:\/\/secure.gravatar.com\/avatar\/6b0eb9d22841282815e2cd856a0061c45e1761cd54b22e952d98c4746939aa85?s=96&r=g","contentUrl":"https:\/\/secure.gravatar.com\/avatar\/6b0eb9d22841282815e2cd856a0061c45e1761cd54b22e952d98c4746939aa85?s=96&r=g","caption":"Michele"},"description":"Formada em Letras - Portugu\u00eas\/ Ingl\u00eas, e idealizadora do site Escritora de Sucesso, busca expandir o conhecimento de todos com informa\u00e7\u00f5es relevantes sobre diversos assuntos, enquanto redatora. No Vaga de Emprego RJ, traz oportunidades e dicas sobre o mercado de trabalho.","url":"https:\/\/www.vagadeempregorj.com.br\/es\/author\/michele\/"}]}},"_links":{"self":[{"href":"https:\/\/www.vagadeempregorj.com.br\/es\/wp-json\/wp\/v2\/posts\/43384","targetHints":{"allow":["GET"]}}],"collection":[{"href":"https:\/\/www.vagadeempregorj.com.br\/es\/wp-json\/wp\/v2\/posts"}],"about":[{"href":"https:\/\/www.vagadeempregorj.com.br\/es\/wp-json\/wp\/v2\/types\/post"}],"author":[{"embeddable":true,"href":"https:\/\/www.vagadeempregorj.com.br\/es\/wp-json\/wp\/v2\/users\/16"}],"replies":[{"embeddable":true,"href":"https:\/\/www.vagadeempregorj.com.br\/es\/wp-json\/wp\/v2\/comments?post=43384"}],"version-history":[{"count":3,"href":"https:\/\/www.vagadeempregorj.com.br\/es\/wp-json\/wp\/v2\/posts\/43384\/revisions"}],"predecessor-version":[{"id":43846,"href":"https:\/\/www.vagadeempregorj.com.br\/es\/wp-json\/wp\/v2\/posts\/43384\/revisions\/43846"}],"wp:featuredmedia":[{"embeddable":true,"href":"https:\/\/www.vagadeempregorj.com.br\/es\/wp-json\/wp\/v2\/media\/43388"}],"wp:attachment":[{"href":"https:\/\/www.vagadeempregorj.com.br\/es\/wp-json\/wp\/v2\/media?parent=43384"}],"wp:term":[{"taxonomy":"category","embeddable":true,"href":"https:\/\/www.vagadeempregorj.com.br\/es\/wp-json\/wp\/v2\/categories?post=43384"},{"taxonomy":"post_tag","embeddable":true,"href":"https:\/\/www.vagadeempregorj.com.br\/es\/wp-json\/wp\/v2\/tags?post=43384"}],"curies":[{"name":"wp","href":"https:\/\/api.w.org\/{rel}","templated":true}]}}