{"id":43741,"date":"2025-08-26T16:54:58","date_gmt":"2025-08-26T19:54:58","guid":{"rendered":"https:\/\/www.vagadeempregorj.com.br\/?p=43741"},"modified":"2026-04-22T21:44:30","modified_gmt":"2026-04-23T00:44:30","slug":"auxilio-gas-quem-tem-direito-e-como-receber","status":"publish","type":"post","link":"https:\/\/www.vagadeempregorj.com.br\/es\/auxilio-gas-quem-tem-direito-e-como-receber\/","title":{"rendered":"Aux\u00edlio G\u00e1s: Quem tem direito e como receber"},"content":{"rendered":"<div class=\"wp-block-buttons is-content-justification-center is-layout-flex wp-container-core-buttons-is-layout-16018d1d wp-block-buttons-is-layout-flex\">\n<div class=\"wp-block-button has-custom-width wp-block-button__width-100\"><a class=\"wp-block-button__link has-white-color has-neve-link-color-background-color has-text-color has-background has-link-color has-medium-font-size has-custom-font-size wp-element-button\" href=\"https:\/\/www.vagadeempregorj.com.br\/es\/consultar-vale-gas-pelo-cpf-e-aplicativo-veja-passo-a-passo\/\" style=\"border-radius:14px\"><strong>Consultar Vale G\u00e1s<\/strong><\/a><\/div>\n\n\n\n<div class=\"wp-block-button has-custom-width wp-block-button__width-100\"><a class=\"wp-block-button__link has-white-color has-neve-link-color-background-color has-text-color has-background has-link-color has-medium-font-size has-custom-font-size wp-element-button\" href=\"https:\/\/www.vagadeempregorj.com.br\/es\/como-aumentar-o-valor-do-bolsa-familia-legalmente-descubra-agora\/\" style=\"border-radius:14px\"><strong>Aumentar o valor do Bolsa Fam\u00edlia<\/strong><\/a><\/div>\n\n\n\n<div class=\"wp-block-button has-custom-width wp-block-button__width-100\"><a class=\"wp-block-button__link has-white-color has-neve-link-color-background-color has-text-color has-background has-link-color has-medium-font-size has-custom-font-size wp-element-button\" href=\"https:\/\/www.vagadeempregorj.com.br\/es\/como-fazer-para-sacar-o-dinheiro-do-auxilio-gas\/\" style=\"border-radius:14px\">Como Sacar o Vale G\u00e1s<\/a><\/div>\n<\/div>\n\n\n\n<p>O pre\u00e7o do botij\u00e3o de g\u00e1s pesa cada vez mais no bolso das fam\u00edlias brasileiras. Para muitos, preparar a refei\u00e7\u00e3o de cada dia j\u00e1 virou sin\u00f4nimo de preocupa\u00e7\u00e3o. Pensando nisso, o governo federal criou o <strong>Aux\u00edlio G\u00e1s<\/strong>, um benef\u00edcio social que garante um valor para ajudar no pagamento do botij\u00e3o de 13 kg. Mas afinal, quem pode receber e como funciona esse aux\u00edlio?<\/p>\n\n\n\n<p>A seguir, voc\u00ea vai entender de forma simples quem tem direito, como se cadastrar e o que fazer para garantir o benef\u00edcio.<\/p>\n\n\n\n<h2 class=\"wp-block-heading\">O que \u00e9 o Aux\u00edlio G\u00e1s?<\/h2>\n\n\n\n<p>O Aux\u00edlio G\u00e1s \u00e9 um programa criado para apoiar fam\u00edlias em situa\u00e7\u00e3o de vulnerabilidade social. A ideia \u00e9 oferecer um valor em dinheiro, depositado a cada dois meses, equivalente ao pre\u00e7o m\u00e9dio de um botij\u00e3o de g\u00e1s de cozinha de 13 kg.<\/p>\n\n\n\n<p>Com isso, as fam\u00edlias conseguem ter mais tranquilidade para preparar as refei\u00e7\u00f5es, sem precisar comprometer ainda mais a renda com um item essencial.<\/p>\n\n\n\n<h2 class=\"wp-block-heading\">Quem tem direito ao Aux\u00edlio G\u00e1s?<\/h2>\n\n\n\n<p>O benef\u00edcio \u00e9 voltado para fam\u00edlias de baixa renda inscritas no <strong>Cadastro \u00danico para Programas Sociais (Cad\u00danico)<\/strong>. Para se enquadrar, \u00e9 preciso:<\/p>\n\n\n\n<ul class=\"wp-block-list\">\n<li>Ter <strong>renda familiar mensal por pessoa de at\u00e9 meio sal\u00e1rio m\u00ednimo<\/strong>;<\/li>\n\n\n\n<li>Ou <strong>ter renda total de at\u00e9 tr\u00eas sal\u00e1rios m\u00ednimos<\/strong>, dependendo do n\u00famero de pessoas que moram na mesma casa.<\/li>\n<\/ul>\n\n\n\n<p>Al\u00e9m disso, fam\u00edlias que possuem membros benefici\u00e1rios do <strong>Benef\u00edcio de Presta\u00e7\u00e3o Continuada (BPC)<\/strong> tamb\u00e9m podem ter direito, mesmo que n\u00e3o estejam inscritas no Cad\u00danico.<\/p>\n\n\n\n<p>Outro ponto importante \u00e9 a prioridade. Na sele\u00e7\u00e3o das fam\u00edlias, o governo leva em conta alguns crit\u00e9rios, como:<\/p>\n\n\n\n<ul class=\"wp-block-list\">\n<li>Cadastros mais recentes e atualizados;<\/li>\n\n\n\n<li>Fam\u00edlias com menor renda per capita;<\/li>\n\n\n\n<li>Fam\u00edlias mais numerosas;<\/li>\n\n\n\n<li>Lares chefiados por mulheres;<\/li>\n\n\n\n<li>Situa\u00e7\u00f5es de maior vulnerabilidade social.<\/li>\n<\/ul>\n\n\n\n<h2 class=\"wp-block-heading\">Como o benef\u00edcio \u00e9 pago?<\/h2>\n\n\n\n<p>O pagamento do Aux\u00edlio G\u00e1s acontece <strong>a cada dois meses<\/strong>, direto na conta do benefici\u00e1rio. O valor \u00e9 definido com base no pre\u00e7o m\u00e9dio nacional do botij\u00e3o de 13 kg. Isso significa que o valor recebido acompanha a varia\u00e7\u00e3o do mercado.<\/p>\n\n\n\n<p>O dinheiro pode ser acessado por meio do aplicativo <strong>Caixa Tem<\/strong> ou diretamente em ag\u00eancias da Caixa, casas lot\u00e9ricas e correspondentes banc\u00e1rios.<\/p>\n\n\n\n<h2 class=\"wp-block-heading\">Como se cadastrar para receber o Aux\u00edlio G\u00e1s?<\/h2>\n\n\n\n<p>N\u00e3o existe inscri\u00e7\u00e3o espec\u00edfica apenas para o Aux\u00edlio G\u00e1s. O que garante a participa\u00e7\u00e3o \u00e9 estar <strong>inscrito e com os dados atualizados no Cad\u00danico<\/strong>.<\/p>\n\n\n\n<p>Se voc\u00ea ainda n\u00e3o est\u00e1 cadastrado, basta procurar o <strong>CRAS (Centro de Refer\u00eancia de Assist\u00eancia Social)<\/strong> da sua cidade e fazer a inscri\u00e7\u00e3o. J\u00e1 quem possui cadastro deve se atentar \u00e0 atualiza\u00e7\u00e3o dos dados, que deve ser feita pelo menos a cada dois anos ou sempre que houver mudan\u00e7as na fam\u00edlia, como nascimento, falecimento, altera\u00e7\u00e3o de endere\u00e7o ou renda.<\/p>\n\n\n\n<p>Depois disso, a sele\u00e7\u00e3o dos benefici\u00e1rios acontece de forma autom\u00e1tica. Ou seja, n\u00e3o \u00e9 preciso se inscrever em lista de espera ou preencher formul\u00e1rios na internet.<\/p>\n\n\n\n<h2 class=\"wp-block-heading\">Como saber se voc\u00ea foi selecionado?<\/h2>\n\n\n\n<p>As fam\u00edlias contempladas podem conferir se v\u00e3o receber o benef\u00edcio de tr\u00eas formas:<\/p>\n\n\n\n<ul class=\"wp-block-list\">\n<li><strong>Aplicativo Caixa Tem<\/strong> \u2013 usado para movimentar o valor.<\/li>\n\n\n\n<li><strong>Aplicativo Bolsa Fam\u00edlia<\/strong> \u2013 mostra as informa\u00e7\u00f5es de pagamento e calend\u00e1rio.<\/li>\n\n\n\n<li><strong>Central de atendimento 111<\/strong> \u2013 servi\u00e7o da Caixa para esclarecer d\u00favidas.<\/li>\n<\/ul>\n\n\n\n<p>Se a fam\u00edlia for aprovada, o valor ser\u00e1 depositado automaticamente na conta cadastrada.<\/p>\n\n\n\n<h2 class=\"wp-block-heading\">Calend\u00e1rio de pagamentos<\/h2>\n\n\n\n<p>O calend\u00e1rio do Aux\u00edlio G\u00e1s segue as mesmas datas do <strong>Bolsa Fam\u00edlia<\/strong>, organizadas de acordo com o \u00faltimo d\u00edgito do <strong>NIS (N\u00famero de Identifica\u00e7\u00e3o Social)<\/strong>. Dessa forma, cada grupo de benefici\u00e1rios tem um dia certo para receber.<\/p>\n\n\n\n<p>\u00c9 importante ficar atento \u00e0s datas, pois o valor fica dispon\u00edvel por um per\u00edodo limitado. Caso n\u00e3o seja movimentado dentro desse prazo, o dinheiro pode retornar ao governo.<\/p>\n\n\n\n<h2 class=\"wp-block-heading\">Por que o Aux\u00edlio G\u00e1s \u00e9 importante?<\/h2>\n\n\n\n<p>O botij\u00e3o de g\u00e1s \u00e9 um item b\u00e1sico em praticamente todos os lares brasileiros. Sem ele, preparar o alimento do dia a dia se torna muito mais dif\u00edcil. Para fam\u00edlias de baixa renda, cada aumento no pre\u00e7o representa um desafio enorme.<\/p>\n\n\n\n<p>Com o Aux\u00edlio G\u00e1s, milh\u00f5es de fam\u00edlias conseguem garantir essa despesa essencial, sem precisar comprometer outras contas igualmente importantes, como alimenta\u00e7\u00e3o, transporte e sa\u00fade. Al\u00e9m disso, o programa ajuda a reduzir desigualdades sociais, levando mais dignidade e seguran\u00e7a para quem mais precisa.<\/p>\n\n\n\n<h2 class=\"wp-block-heading\">Dicas para quem vai receber o benef\u00edcio<\/h2>\n\n\n\n<ul class=\"wp-block-list\">\n<li><strong>Mantenha seu cadastro sempre atualizado<\/strong> no Cad\u00danico. Essa \u00e9 a chave para continuar recebendo o aux\u00edlio.<\/li>\n\n\n\n<li><strong>Organize o uso do benef\u00edcio<\/strong>: planeje o consumo do g\u00e1s para que o botij\u00e3o dure o m\u00e1ximo poss\u00edvel.<\/li>\n\n\n\n<li><strong>Fique de olho no calend\u00e1rio de pagamentos<\/strong>: n\u00e3o deixe o prazo passar.<\/li>\n\n\n\n<li><strong>Use os aplicativos oficiais<\/strong> (Caixa Tem e Bolsa Fam\u00edlia) para evitar golpes ou informa\u00e7\u00f5es falsas.<\/li>\n<\/ul>\n\n\n\n<h2 class=\"wp-block-heading\">Voc\u00ea pode ter direito a esse benef\u00edcio<\/h2>\n\n\n\n<p>O Aux\u00edlio G\u00e1s \u00e9 mais do que um benef\u00edcio financeiro: \u00e9 uma forma de dar dignidade \u00e0s fam\u00edlias brasileiras em situa\u00e7\u00e3o de vulnerabilidade. Com ele, milh\u00f5es de pessoas conseguem preparar suas refei\u00e7\u00f5es sem o peso extra no or\u00e7amento.<\/p>\n\n\n\n<p>Se voc\u00ea se enquadra nos requisitos, n\u00e3o deixe de conferir sua inscri\u00e7\u00e3o no Cad\u00danico e manter seus dados em dia. Esse cuidado simples pode garantir o acesso a um direito que ajuda a transformar a rotina de quem mais precisa.<\/p>\n\n\n\n<p><strong>Veja tamb\u00e9m: <a href=\"https:\/\/www.vagadeempregorj.com.br\/es\/bolsa-familia-cancelado-como-reativar-e-receber-novamente\/\">Bolsa Fam\u00edlia cancelado? Como reativar e receber novamente!<\/a><\/strong><\/p>\n\n\n\n<p>Publicado em 26 de agosto de 2025<\/p>","protected":false},"excerpt":{"rendered":"<p>O pre\u00e7o do botij\u00e3o de g\u00e1s pesa cada vez mais no bolso das fam\u00edlias brasileiras. Para muitos, preparar a refei\u00e7\u00e3o de cada dia j\u00e1 virou sin\u00f4nimo de preocupa\u00e7\u00e3o. Pensando nisso, o governo federal criou o Aux\u00edlio G\u00e1s, um benef\u00edcio social que garante um valor para ajudar no pagamento do botij\u00e3o de 13 kg. Mas afinal,&hellip;&nbsp;<\/p>","protected":false},"author":16,"featured_media":43742,"comment_status":"closed","ping_status":"closed","sticky":false,"template":"","format":"standard","meta":{"neve_meta_sidebar":"","neve_meta_container":"","neve_meta_enable_content_width":"","neve_meta_content_width":0,"neve_meta_title_alignment":"","neve_meta_author_avatar":"","neve_post_elements_order":"","neve_meta_disable_header":"","neve_meta_disable_footer":"","neve_meta_disable_title":"","footnotes":""},"categories":[1],"tags":[],"class_list":["post-43741","post","type-post","status-publish","format-standard","has-post-thumbnail","hentry","category-beneficios-sociais"],"yoast_head":"<!-- This site is optimized with the Yoast SEO plugin v27.5 - https:\/\/yoast.com\/product\/yoast-seo-wordpress\/ -->\n<title>Aux\u00edlio G\u00e1s: Quem tem direito e como receber -<\/title>\n<meta name=\"description\" content=\"Veja em Vagas de Emprego RJ as vagas de emprego com e sem experi\u00eancia no seu Estado e Regi\u00e3o!\" \/>\n<meta name=\"robots\" content=\"index, follow, max-snippet:-1, max-image-preview:large, max-video-preview:-1\" \/>\n<link rel=\"canonical\" href=\"https:\/\/www.vagadeempregorj.com.br\/es\/auxilio-gas-quem-tem-direito-e-como-receber\/\" \/>\n<meta property=\"og:locale\" content=\"es_MX\" \/>\n<meta property=\"og:type\" content=\"article\" \/>\n<meta property=\"og:title\" content=\"Aux\u00edlio G\u00e1s: Quem tem direito e como receber -\" \/>\n<meta property=\"og:description\" content=\"Veja em Vagas de Emprego RJ as vagas de emprego com e sem experi\u00eancia no seu Estado e Regi\u00e3o!\" \/>\n<meta property=\"og:url\" content=\"https:\/\/www.vagadeempregorj.com.br\/es\/auxilio-gas-quem-tem-direito-e-como-receber\/\" \/>\n<meta property=\"article:publisher\" content=\"https:\/\/www.facebook.com\/empregobrasiloficial\" \/>\n<meta property=\"article:published_time\" content=\"2025-08-26T19:54:58+00:00\" \/>\n<meta property=\"article:modified_time\" content=\"2026-04-23T00:44:30+00:00\" \/>\n<meta property=\"og:image\" content=\"https:\/\/www.vagadeempregorj.com.br\/wp-content\/uploads\/2025\/08\/auxilio-gas-1024x683.png\" \/>\n\t<meta property=\"og:image:width\" content=\"1024\" \/>\n\t<meta property=\"og:image:height\" content=\"683\" \/>\n\t<meta property=\"og:image:type\" content=\"image\/png\" \/>\n<meta name=\"author\" content=\"Michele\" \/>\n<meta name=\"twitter:card\" content=\"summary_large_image\" \/>\n<meta name=\"twitter:label1\" content=\"Written by\" \/>\n\t<meta name=\"twitter:data1\" content=\"Michele\" \/>\n\t<meta name=\"twitter:label2\" content=\"Est. reading time\" \/>\n\t<meta name=\"twitter:data2\" content=\"5 minutos\" \/>\n<script type=\"application\/ld+json\" class=\"yoast-schema-graph\">{\"@context\":\"https:\\\/\\\/schema.org\",\"@graph\":[{\"@type\":\"Article\",\"@id\":\"https:\\\/\\\/www.vagadeempregorj.com.br\\\/auxilio-gas-quem-tem-direito-e-como-receber\\\/#article\",\"isPartOf\":{\"@id\":\"https:\\\/\\\/www.vagadeempregorj.com.br\\\/auxilio-gas-quem-tem-direito-e-como-receber\\\/\"},\"author\":{\"name\":\"Michele\",\"@id\":\"https:\\\/\\\/www.vagadeempregorj.com.br\\\/#\\\/schema\\\/person\\\/3ddb19fa0539706786e502152f3aae95\"},\"headline\":\"Aux\u00edlio G\u00e1s: Quem tem direito e como receber\",\"datePublished\":\"2025-08-26T19:54:58+00:00\",\"dateModified\":\"2026-04-23T00:44:30+00:00\",\"mainEntityOfPage\":{\"@id\":\"https:\\\/\\\/www.vagadeempregorj.com.br\\\/auxilio-gas-quem-tem-direito-e-como-receber\\\/\"},\"wordCount\":1004,\"image\":{\"@id\":\"https:\\\/\\\/www.vagadeempregorj.com.br\\\/auxilio-gas-quem-tem-direito-e-como-receber\\\/#primaryimage\"},\"thumbnailUrl\":\"https:\\\/\\\/www.vagadeempregorj.com.br\\\/wp-content\\\/uploads\\\/2025\\\/08\\\/auxilio-gas.png\",\"articleSection\":[\"Benef\u00edcios Sociais\"],\"inLanguage\":\"es\"},{\"@type\":\"WebPage\",\"@id\":\"https:\\\/\\\/www.vagadeempregorj.com.br\\\/auxilio-gas-quem-tem-direito-e-como-receber\\\/\",\"url\":\"https:\\\/\\\/www.vagadeempregorj.com.br\\\/auxilio-gas-quem-tem-direito-e-como-receber\\\/\",\"name\":\"Aux\u00edlio G\u00e1s: Quem tem direito e como receber -\",\"isPartOf\":{\"@id\":\"https:\\\/\\\/www.vagadeempregorj.com.br\\\/#website\"},\"primaryImageOfPage\":{\"@id\":\"https:\\\/\\\/www.vagadeempregorj.com.br\\\/auxilio-gas-quem-tem-direito-e-como-receber\\\/#primaryimage\"},\"image\":{\"@id\":\"https:\\\/\\\/www.vagadeempregorj.com.br\\\/auxilio-gas-quem-tem-direito-e-como-receber\\\/#primaryimage\"},\"thumbnailUrl\":\"https:\\\/\\\/www.vagadeempregorj.com.br\\\/wp-content\\\/uploads\\\/2025\\\/08\\\/auxilio-gas.png\",\"datePublished\":\"2025-08-26T19:54:58+00:00\",\"dateModified\":\"2026-04-23T00:44:30+00:00\",\"author\":{\"@id\":\"https:\\\/\\\/www.vagadeempregorj.com.br\\\/#\\\/schema\\\/person\\\/3ddb19fa0539706786e502152f3aae95\"},\"description\":\"Veja em Vagas de Emprego RJ as vagas de emprego com e sem experi\u00eancia no seu Estado e Regi\u00e3o!\",\"breadcrumb\":{\"@id\":\"https:\\\/\\\/www.vagadeempregorj.com.br\\\/auxilio-gas-quem-tem-direito-e-como-receber\\\/#breadcrumb\"},\"inLanguage\":\"es\",\"potentialAction\":[{\"@type\":\"ReadAction\",\"target\":[\"https:\\\/\\\/www.vagadeempregorj.com.br\\\/auxilio-gas-quem-tem-direito-e-como-receber\\\/\"]}]},{\"@type\":\"ImageObject\",\"inLanguage\":\"es\",\"@id\":\"https:\\\/\\\/www.vagadeempregorj.com.br\\\/auxilio-gas-quem-tem-direito-e-como-receber\\\/#primaryimage\",\"url\":\"https:\\\/\\\/www.vagadeempregorj.com.br\\\/wp-content\\\/uploads\\\/2025\\\/08\\\/auxilio-gas.png\",\"contentUrl\":\"https:\\\/\\\/www.vagadeempregorj.com.br\\\/wp-content\\\/uploads\\\/2025\\\/08\\\/auxilio-gas.png\",\"width\":1536,\"height\":1024,\"caption\":\"aux\u00edlio g\u00e1s\"},{\"@type\":\"BreadcrumbList\",\"@id\":\"https:\\\/\\\/www.vagadeempregorj.com.br\\\/auxilio-gas-quem-tem-direito-e-como-receber\\\/#breadcrumb\",\"itemListElement\":[{\"@type\":\"ListItem\",\"position\":1,\"name\":\"In\u00edcio\",\"item\":\"https:\\\/\\\/www.vagadeempregorj.com.br\\\/\"},{\"@type\":\"ListItem\",\"position\":2,\"name\":\"Benef\u00edcios Sociais\",\"item\":\"https:\\\/\\\/www.vagadeempregorj.com.br\\\/beneficios-sociais\\\/\"},{\"@type\":\"ListItem\",\"position\":3,\"name\":\"Aux\u00edlio G\u00e1s: Quem tem direito e como receber\"}]},{\"@type\":\"WebSite\",\"@id\":\"https:\\\/\\\/www.vagadeempregorj.com.br\\\/#website\",\"url\":\"https:\\\/\\\/www.vagadeempregorj.com.br\\\/\",\"name\":\"\",\"description\":\"Conquiste Sonhos: Vagas, Benef\u00edcios e Economia para Transformar Vidas e Alcan\u00e7ar Melhorias Cotidianas\",\"potentialAction\":[{\"@type\":\"SearchAction\",\"target\":{\"@type\":\"EntryPoint\",\"urlTemplate\":\"https:\\\/\\\/www.vagadeempregorj.com.br\\\/?s={search_term_string}\"},\"query-input\":{\"@type\":\"PropertyValueSpecification\",\"valueRequired\":true,\"valueName\":\"search_term_string\"}}],\"inLanguage\":\"es\"},{\"@type\":\"Person\",\"@id\":\"https:\\\/\\\/www.vagadeempregorj.com.br\\\/#\\\/schema\\\/person\\\/3ddb19fa0539706786e502152f3aae95\",\"name\":\"Michele\",\"image\":{\"@type\":\"ImageObject\",\"inLanguage\":\"es\",\"@id\":\"https:\\\/\\\/secure.gravatar.com\\\/avatar\\\/6b0eb9d22841282815e2cd856a0061c45e1761cd54b22e952d98c4746939aa85?s=96&r=g\",\"url\":\"https:\\\/\\\/secure.gravatar.com\\\/avatar\\\/6b0eb9d22841282815e2cd856a0061c45e1761cd54b22e952d98c4746939aa85?s=96&r=g\",\"contentUrl\":\"https:\\\/\\\/secure.gravatar.com\\\/avatar\\\/6b0eb9d22841282815e2cd856a0061c45e1761cd54b22e952d98c4746939aa85?s=96&r=g\",\"caption\":\"Michele\"},\"description\":\"Formada em Letras - Portugu\u00eas\\\/ Ingl\u00eas, e idealizadora do site Escritora de Sucesso, busca expandir o conhecimento de todos com informa\u00e7\u00f5es relevantes sobre diversos assuntos, enquanto redatora. No Vaga de Emprego RJ, traz oportunidades e dicas sobre o mercado de trabalho.\",\"url\":\"https:\\\/\\\/www.vagadeempregorj.com.br\\\/es\\\/author\\\/michele\\\/\"}]}<\/script>\n<!-- \/ Yoast SEO plugin. -->","yoast_head_json":{"title":"Aux\u00edlio G\u00e1s: Quem tem direito e como receber -","description":"Veja em Vagas de Emprego RJ as vagas de emprego com e sem experi\u00eancia no seu Estado e Regi\u00e3o!","robots":{"index":"index","follow":"follow","max-snippet":"max-snippet:-1","max-image-preview":"max-image-preview:large","max-video-preview":"max-video-preview:-1"},"canonical":"https:\/\/www.vagadeempregorj.com.br\/es\/auxilio-gas-quem-tem-direito-e-como-receber\/","og_locale":"es_MX","og_type":"article","og_title":"Aux\u00edlio G\u00e1s: Quem tem direito e como receber -","og_description":"Veja em Vagas de Emprego RJ as vagas de emprego com e sem experi\u00eancia no seu Estado e Regi\u00e3o!","og_url":"https:\/\/www.vagadeempregorj.com.br\/es\/auxilio-gas-quem-tem-direito-e-como-receber\/","article_publisher":"https:\/\/www.facebook.com\/empregobrasiloficial","article_published_time":"2025-08-26T19:54:58+00:00","article_modified_time":"2026-04-23T00:44:30+00:00","og_image":[{"width":1024,"height":683,"url":"https:\/\/www.vagadeempregorj.com.br\/wp-content\/uploads\/2025\/08\/auxilio-gas-1024x683.png","type":"image\/png"}],"author":"Michele","twitter_card":"summary_large_image","twitter_misc":{"Written by":"Michele","Est. reading time":"5 minutos"},"schema":{"@context":"https:\/\/schema.org","@graph":[{"@type":"Article","@id":"https:\/\/www.vagadeempregorj.com.br\/auxilio-gas-quem-tem-direito-e-como-receber\/#article","isPartOf":{"@id":"https:\/\/www.vagadeempregorj.com.br\/auxilio-gas-quem-tem-direito-e-como-receber\/"},"author":{"name":"Michele","@id":"https:\/\/www.vagadeempregorj.com.br\/#\/schema\/person\/3ddb19fa0539706786e502152f3aae95"},"headline":"Aux\u00edlio G\u00e1s: Quem tem direito e como receber","datePublished":"2025-08-26T19:54:58+00:00","dateModified":"2026-04-23T00:44:30+00:00","mainEntityOfPage":{"@id":"https:\/\/www.vagadeempregorj.com.br\/auxilio-gas-quem-tem-direito-e-como-receber\/"},"wordCount":1004,"image":{"@id":"https:\/\/www.vagadeempregorj.com.br\/auxilio-gas-quem-tem-direito-e-como-receber\/#primaryimage"},"thumbnailUrl":"https:\/\/www.vagadeempregorj.com.br\/wp-content\/uploads\/2025\/08\/auxilio-gas.png","articleSection":["Benef\u00edcios Sociais"],"inLanguage":"es"},{"@type":"WebPage","@id":"https:\/\/www.vagadeempregorj.com.br\/auxilio-gas-quem-tem-direito-e-como-receber\/","url":"https:\/\/www.vagadeempregorj.com.br\/auxilio-gas-quem-tem-direito-e-como-receber\/","name":"Aux\u00edlio G\u00e1s: Quem tem direito e como receber -","isPartOf":{"@id":"https:\/\/www.vagadeempregorj.com.br\/#website"},"primaryImageOfPage":{"@id":"https:\/\/www.vagadeempregorj.com.br\/auxilio-gas-quem-tem-direito-e-como-receber\/#primaryimage"},"image":{"@id":"https:\/\/www.vagadeempregorj.com.br\/auxilio-gas-quem-tem-direito-e-como-receber\/#primaryimage"},"thumbnailUrl":"https:\/\/www.vagadeempregorj.com.br\/wp-content\/uploads\/2025\/08\/auxilio-gas.png","datePublished":"2025-08-26T19:54:58+00:00","dateModified":"2026-04-23T00:44:30+00:00","author":{"@id":"https:\/\/www.vagadeempregorj.com.br\/#\/schema\/person\/3ddb19fa0539706786e502152f3aae95"},"description":"Veja em Vagas de Emprego RJ as vagas de emprego com e sem experi\u00eancia no seu Estado e Regi\u00e3o!","breadcrumb":{"@id":"https:\/\/www.vagadeempregorj.com.br\/auxilio-gas-quem-tem-direito-e-como-receber\/#breadcrumb"},"inLanguage":"es","potentialAction":[{"@type":"ReadAction","target":["https:\/\/www.vagadeempregorj.com.br\/auxilio-gas-quem-tem-direito-e-como-receber\/"]}]},{"@type":"ImageObject","inLanguage":"es","@id":"https:\/\/www.vagadeempregorj.com.br\/auxilio-gas-quem-tem-direito-e-como-receber\/#primaryimage","url":"https:\/\/www.vagadeempregorj.com.br\/wp-content\/uploads\/2025\/08\/auxilio-gas.png","contentUrl":"https:\/\/www.vagadeempregorj.com.br\/wp-content\/uploads\/2025\/08\/auxilio-gas.png","width":1536,"height":1024,"caption":"aux\u00edlio g\u00e1s"},{"@type":"BreadcrumbList","@id":"https:\/\/www.vagadeempregorj.com.br\/auxilio-gas-quem-tem-direito-e-como-receber\/#breadcrumb","itemListElement":[{"@type":"ListItem","position":1,"name":"In\u00edcio","item":"https:\/\/www.vagadeempregorj.com.br\/"},{"@type":"ListItem","position":2,"name":"Benef\u00edcios Sociais","item":"https:\/\/www.vagadeempregorj.com.br\/beneficios-sociais\/"},{"@type":"ListItem","position":3,"name":"Aux\u00edlio G\u00e1s: Quem tem direito e como receber"}]},{"@type":"WebSite","@id":"https:\/\/www.vagadeempregorj.com.br\/#website","url":"https:\/\/www.vagadeempregorj.com.br\/","name":"","description":"Conquiste Sonhos: Vagas, Benef\u00edcios e Economia para Transformar Vidas e Alcan\u00e7ar Melhorias Cotidianas","potentialAction":[{"@type":"SearchAction","target":{"@type":"EntryPoint","urlTemplate":"https:\/\/www.vagadeempregorj.com.br\/?s={search_term_string}"},"query-input":{"@type":"PropertyValueSpecification","valueRequired":true,"valueName":"search_term_string"}}],"inLanguage":"es"},{"@type":"Person","@id":"https:\/\/www.vagadeempregorj.com.br\/#\/schema\/person\/3ddb19fa0539706786e502152f3aae95","name":"Michele","image":{"@type":"ImageObject","inLanguage":"es","@id":"https:\/\/secure.gravatar.com\/avatar\/6b0eb9d22841282815e2cd856a0061c45e1761cd54b22e952d98c4746939aa85?s=96&r=g","url":"https:\/\/secure.gravatar.com\/avatar\/6b0eb9d22841282815e2cd856a0061c45e1761cd54b22e952d98c4746939aa85?s=96&r=g","contentUrl":"https:\/\/secure.gravatar.com\/avatar\/6b0eb9d22841282815e2cd856a0061c45e1761cd54b22e952d98c4746939aa85?s=96&r=g","caption":"Michele"},"description":"Formada em Letras - Portugu\u00eas\/ Ingl\u00eas, e idealizadora do site Escritora de Sucesso, busca expandir o conhecimento de todos com informa\u00e7\u00f5es relevantes sobre diversos assuntos, enquanto redatora. No Vaga de Emprego RJ, traz oportunidades e dicas sobre o mercado de trabalho.","url":"https:\/\/www.vagadeempregorj.com.br\/es\/author\/michele\/"}]}},"_links":{"self":[{"href":"https:\/\/www.vagadeempregorj.com.br\/es\/wp-json\/wp\/v2\/posts\/43741","targetHints":{"allow":["GET"]}}],"collection":[{"href":"https:\/\/www.vagadeempregorj.com.br\/es\/wp-json\/wp\/v2\/posts"}],"about":[{"href":"https:\/\/www.vagadeempregorj.com.br\/es\/wp-json\/wp\/v2\/types\/post"}],"author":[{"embeddable":true,"href":"https:\/\/www.vagadeempregorj.com.br\/es\/wp-json\/wp\/v2\/users\/16"}],"replies":[{"embeddable":true,"href":"https:\/\/www.vagadeempregorj.com.br\/es\/wp-json\/wp\/v2\/comments?post=43741"}],"version-history":[{"count":4,"href":"https:\/\/www.vagadeempregorj.com.br\/es\/wp-json\/wp\/v2\/posts\/43741\/revisions"}],"predecessor-version":[{"id":44243,"href":"https:\/\/www.vagadeempregorj.com.br\/es\/wp-json\/wp\/v2\/posts\/43741\/revisions\/44243"}],"wp:featuredmedia":[{"embeddable":true,"href":"https:\/\/www.vagadeempregorj.com.br\/es\/wp-json\/wp\/v2\/media\/43742"}],"wp:attachment":[{"href":"https:\/\/www.vagadeempregorj.com.br\/es\/wp-json\/wp\/v2\/media?parent=43741"}],"wp:term":[{"taxonomy":"category","embeddable":true,"href":"https:\/\/www.vagadeempregorj.com.br\/es\/wp-json\/wp\/v2\/categories?post=43741"},{"taxonomy":"post_tag","embeddable":true,"href":"https:\/\/www.vagadeempregorj.com.br\/es\/wp-json\/wp\/v2\/tags?post=43741"}],"curies":[{"name":"wp","href":"https:\/\/api.w.org\/{rel}","templated":true}]}}