{"id":43930,"date":"2025-12-21T12:32:30","date_gmt":"2025-12-21T15:32:30","guid":{"rendered":"https:\/\/www.vagadeempregorj.com.br\/?p=43930"},"modified":"2025-12-21T12:32:31","modified_gmt":"2025-12-21T15:32:31","slug":"beneficios-sociais-no-brasil-entenda-o-que-sao-para-que-servem-e-quem-tem-direito","status":"publish","type":"post","link":"https:\/\/www.vagadeempregorj.com.br\/es\/beneficios-sociais-no-brasil-entenda-o-que-sao-para-que-servem-e-quem-tem-direito\/","title":{"rendered":"Benef\u00edcios Sociais no Brasil: Entenda o Que S\u00e3o, Para Que Servem e Quem Tem Direito"},"content":{"rendered":"<p>Os benef\u00edcios sociais fazem parte da estrutura b\u00e1sica de prote\u00e7\u00e3o social no Brasil. Eles existem para garantir condi\u00e7\u00f5es m\u00ednimas de dignidade, reduzir desigualdades e oferecer apoio a pessoas e fam\u00edlias em situa\u00e7\u00e3o de vulnerabilidade. Apesar disso, muita gente ainda n\u00e3o entende exatamente o que s\u00e3o esses benef\u00edcios, como funcionam e quem pode acess\u00e1-los.<\/p>\n\n\n\n<p>Neste artigo, voc\u00ea vai entender de forma clara e organizada o que s\u00e3o os benef\u00edcios sociais no Brasil, qual \u00e9 o papel deles na sociedade, como eles se dividem, quem pode ter direito e por que essas pol\u00edticas p\u00fablicas s\u00e3o fundamentais para o equil\u00edbrio social e econ\u00f4mico do pa\u00eds.<\/p>\n\n\n\n<h2 class=\"wp-block-heading\">O Que S\u00e3o Benef\u00edcios Sociais?<\/h2>\n\n\n\n<p>Benef\u00edcios sociais s\u00e3o programas, aux\u00edlios e pol\u00edticas p\u00fablicas criados pelo Estado com o objetivo de garantir prote\u00e7\u00e3o social a cidad\u00e3os que enfrentam dificuldades financeiras, limita\u00e7\u00f5es f\u00edsicas, idade avan\u00e7ada, desemprego ou outras condi\u00e7\u00f5es que reduzem sua capacidade de sustento.<\/p>\n\n\n\n<p>Eles n\u00e3o s\u00e3o favores nem doa\u00e7\u00f5es aleat\u00f3rias. S\u00e3o instrumentos legais previstos na Constitui\u00e7\u00e3o Federal e em leis espec\u00edficas, criados para assegurar direitos b\u00e1sicos como alimenta\u00e7\u00e3o, sa\u00fade, moradia, educa\u00e7\u00e3o e renda m\u00ednima.<\/p>\n\n\n\n<p>Esses benef\u00edcios podem ser financeiros, como aux\u00edlios em dinheiro, ou n\u00e3o financeiros, como acesso a servi\u00e7os, descontos, isen\u00e7\u00f5es e programas de apoio.<\/p>\n\n\n\n<h2 class=\"wp-block-heading\">Qual \u00e9 o Objetivo dos Benef\u00edcios Sociais?<\/h2>\n\n\n\n<p>O principal objetivo dos benef\u00edcios sociais \u00e9 reduzir a vulnerabilidade social. Isso significa diminuir os impactos da pobreza, do desemprego, da exclus\u00e3o social e das desigualdades hist\u00f3ricas existentes no pa\u00eds.<\/p>\n\n\n\n<p>Al\u00e9m disso, os benef\u00edcios sociais t\u00eam outras fun\u00e7\u00f5es importantes:<\/p>\n\n\n\n<ul class=\"wp-block-list has-small-font-size\">\n<li>Garantir condi\u00e7\u00f5es m\u00ednimas de sobreviv\u00eancia<\/li>\n\n\n\n<li>Proteger grupos mais vulner\u00e1veis da popula\u00e7\u00e3o<\/li>\n\n\n\n<li>Reduzir desigualdades regionais e sociais<\/li>\n\n\n\n<li>Promover inclus\u00e3o e cidadania<\/li>\n\n\n\n<li>Estimular o acesso \u00e0 educa\u00e7\u00e3o, sa\u00fade e trabalho<\/li>\n<\/ul>\n\n\n\n<p>Esses programas n\u00e3o existem para criar depend\u00eancia permanente, mas para oferecer suporte em momentos espec\u00edficos da vida ou em situa\u00e7\u00f5es de maior fragilidade.<\/p>\n\n\n\n<h2 class=\"wp-block-heading\">Benef\u00edcios Sociais S\u00e3o Direitos Garantidos por Lei<\/h2>\n\n\n\n<p>Um ponto importante que gera muita confus\u00e3o \u00e9 a ideia de que benef\u00edcios sociais s\u00e3o concess\u00f5es do governo de turno. Isso n\u00e3o \u00e9 verdade.<\/p>\n\n\n\n<p>A maioria dos benef\u00edcios sociais est\u00e1 prevista na Constitui\u00e7\u00e3o Federal de 1988 e regulamentada por leis federais. Isso significa que eles s\u00e3o direitos do cidad\u00e3o que atende aos crit\u00e9rios legais, independentemente de quem esteja no poder.<\/p>\n\n\n\n<p>O artigo 6\u00ba da Constitui\u00e7\u00e3o, por exemplo, estabelece como direitos sociais a educa\u00e7\u00e3o, a sa\u00fade, a alimenta\u00e7\u00e3o, o trabalho, a moradia, a previd\u00eancia social, a assist\u00eancia social e a prote\u00e7\u00e3o \u00e0 maternidade e \u00e0 inf\u00e2ncia.<\/p>\n\n\n\n<h2 class=\"wp-block-heading\">Como os Benef\u00edcios Sociais S\u00e3o Organizados no Brasil<\/h2>\n\n\n\n<p>Os benef\u00edcios sociais no Brasil s\u00e3o organizados em diferentes \u00e1reas, de acordo com a finalidade e o p\u00fablico atendido.<\/p>\n\n\n\n<h3 class=\"wp-block-heading\">Assist\u00eancia Social<\/h3>\n\n\n\n<p>A assist\u00eancia social atende pessoas e fam\u00edlias em situa\u00e7\u00e3o de vulnerabilidade, independentemente de contribui\u00e7\u00e3o pr\u00e9via. \u00c9 voltada para quem n\u00e3o tem condi\u00e7\u00f5es de se manter sozinho.<\/p>\n\n\n\n<p>Nessa \u00e1rea, est\u00e3o programas de transfer\u00eancia de renda, benef\u00edcios para idosos de baixa renda, pessoas com defici\u00eancia e fam\u00edlias em situa\u00e7\u00e3o de extrema pobreza.<\/p>\n\n\n\n<h3 class=\"wp-block-heading\">Previd\u00eancia Social<\/h3>\n\n\n\n<p>A previd\u00eancia social \u00e9 baseada na contribui\u00e7\u00e3o. Ela protege trabalhadores que contribu\u00edram ao longo da vida e que, por idade, doen\u00e7a ou incapacidade, n\u00e3o podem mais trabalhar.<\/p>\n\n\n\n<p>Inclui aposentadorias, pens\u00f5es e aux\u00edlios relacionados ao trabalho formal.<\/p>\n\n\n\n<h3 class=\"wp-block-heading\">Sa\u00fade P\u00fablica<\/h3>\n\n\n\n<p>O sistema p\u00fablico de sa\u00fade oferece acesso gratuito a atendimentos m\u00e9dicos, tratamentos, medicamentos e procedimentos, garantindo cuidado \u00e0 popula\u00e7\u00e3o independentemente da renda.<\/p>\n\n\n\n<p>Esse acesso tamb\u00e9m \u00e9 considerado um benef\u00edcio social, pois reduz desigualdades no acesso \u00e0 sa\u00fade.<\/p>\n\n\n\n<h3 class=\"wp-block-heading\">Educa\u00e7\u00e3o e Inclus\u00e3o<\/h3>\n\n\n\n<p>Programas educacionais, bolsas, aux\u00edlios e pol\u00edticas de inclus\u00e3o tamb\u00e9m fazem parte do conjunto de benef\u00edcios sociais, pois ampliam oportunidades e promovem mobilidade social.<\/p>\n\n\n\n<h2 class=\"wp-block-heading\">Quem Pode Ter Direito aos Benef\u00edcios Sociais?<\/h2>\n\n\n\n<p>O direito aos benef\u00edcios sociais depende de crit\u00e9rios espec\u00edficos definidos em lei. Esses crit\u00e9rios variam conforme o tipo de benef\u00edcio, mas geralmente envolvem fatores como:<\/p>\n\n\n\n<ul class=\"wp-block-list has-small-font-size\">\n<li>Renda familiar<\/li>\n\n\n\n<li>Situa\u00e7\u00e3o de emprego<\/li>\n\n\n\n<li>Idade<\/li>\n\n\n\n<li>Condi\u00e7\u00f5es de sa\u00fade<\/li>\n\n\n\n<li>Composi\u00e7\u00e3o familiar<\/li>\n\n\n\n<li>Cadastro em sistemas oficiais<\/li>\n<\/ul>\n\n\n\n<p>Um dos principais instrumentos para acesso a benef\u00edcios sociais no Brasil \u00e9 o Cadastro \u00danico para Programas Sociais, conhecido como Cad\u00danico. Ele re\u00fane informa\u00e7\u00f5es sobre fam\u00edlias de baixa renda e \u00e9 utilizado como base para diversos programas sociais.<\/p>\n\n\n\n<h2 class=\"wp-block-heading\">A Import\u00e2ncia do Cadastro \u00danico<\/h2>\n\n\n\n<p>O Cadastro \u00danico \u00e9 essencial para a organiza\u00e7\u00e3o dos benef\u00edcios sociais. Ele permite que o governo identifique quem realmente precisa de apoio e direcione os recursos de forma mais eficiente.<\/p>\n\n\n\n<p>Manter os dados atualizados no cadastro \u00e9 fundamental, pois informa\u00e7\u00f5es desatualizadas podem impedir o acesso a programas sociais ou causar suspens\u00e3o de benef\u00edcios.<\/p>\n\n\n\n<p>O cadastro n\u00e3o garante automaticamente o recebimento de benef\u00edcios, mas \u00e9 o primeiro passo para an\u00e1lise e poss\u00edvel concess\u00e3o.<\/p>\n\n\n\n<h2 class=\"wp-block-heading\">Benef\u00edcios Sociais e Economia<\/h2>\n\n\n\n<p>Al\u00e9m do impacto social, os benef\u00edcios sociais tamb\u00e9m influenciam a economia. Programas de transfer\u00eancia de renda, por exemplo, ajudam a movimentar o com\u00e9rcio local, especialmente em regi\u00f5es mais pobres.<\/p>\n\n\n\n<p>Quando fam\u00edlias t\u00eam acesso a renda m\u00ednima, elas conseguem consumir itens b\u00e1sicos, o que fortalece pequenos neg\u00f3cios e reduz os efeitos de crises econ\u00f4micas em comunidades vulner\u00e1veis.<\/p>\n\n\n\n<p>Por isso, os benef\u00edcios sociais n\u00e3o s\u00e3o apenas uma pol\u00edtica assistencial, mas tamb\u00e9m um instrumento de estabilidade econ\u00f4mica.<\/p>\n\n\n\n<h2 class=\"wp-block-heading\">Combate \u00e0 Desinforma\u00e7\u00e3o Sobre Benef\u00edcios Sociais<\/h2>\n\n\n\n<p>Um dos grandes desafios relacionados aos benef\u00edcios sociais \u00e9 a desinforma\u00e7\u00e3o. Circulam muitas not\u00edcias falsas, promessas enganosas e informa\u00e7\u00f5es distorcidas sobre quem tem direito ou como acessar os programas.<\/p>\n\n\n\n<p>Buscar informa\u00e7\u00f5es em fontes oficiais, entender os crit\u00e9rios legais e evitar intermedi\u00e1rios \u00e9 fundamental para n\u00e3o cair em golpes ou falsas expectativas.<\/p>\n\n\n\n<p>Benef\u00edcios sociais n\u00e3o funcionam por indica\u00e7\u00e3o, promessa ou pagamento. Eles seguem regras claras definidas por lei.<\/p>\n\n\n\n<h2 class=\"wp-block-heading\">Benef\u00edcios Sociais e Dignidade Humana<\/h2>\n\n\n\n<p>No centro de todos os benef\u00edcios sociais est\u00e1 o princ\u00edpio da dignidade humana. Garantir que ningu\u00e9m fique totalmente desamparado \u00e9 uma responsabilidade coletiva prevista no pr\u00f3prio modelo de Estado brasileiro.<\/p>\n\n\n\n<p>Esses programas n\u00e3o resolvem todos os problemas sociais, mas ajudam a reduzir danos, oferecer oportunidades e criar condi\u00e7\u00f5es m\u00ednimas para que as pessoas possam reconstruir suas trajet\u00f3rias.<\/p>\n\n\n\n<h2 class=\"wp-block-heading\">Conclus\u00e3o<\/h2>\n\n\n\n<p>Os benef\u00edcios sociais no Brasil s\u00e3o instrumentos fundamentais de prote\u00e7\u00e3o e inclus\u00e3o. Eles existem para garantir direitos b\u00e1sicos, reduzir desigualdades e oferecer suporte a quem enfrenta situa\u00e7\u00f5es de vulnerabilidade.<\/p>\n\n\n\n<p>Entender como esses benef\u00edcios funcionam, quem pode acess\u00e1-los e qual \u00e9 o papel deles na sociedade \u00e9 essencial para exercer a cidadania de forma consciente.<\/p>\n\n\n\n<p>Ao longo desta categoria, voc\u00ea encontrar\u00e1 informa\u00e7\u00f5es detalhadas sobre os principais programas sociais do pa\u00eds, sempre com foco em orienta\u00e7\u00e3o clara, conte\u00fado educativo e informa\u00e7\u00f5es confi\u00e1veis.<\/p>","protected":false},"excerpt":{"rendered":"<p>Os benef\u00edcios sociais fazem parte da estrutura b\u00e1sica de prote\u00e7\u00e3o social no Brasil. Eles existem para garantir condi\u00e7\u00f5es m\u00ednimas de dignidade, reduzir desigualdades e oferecer apoio a pessoas e fam\u00edlias em situa\u00e7\u00e3o de vulnerabilidade. Apesar disso, muita gente ainda n\u00e3o entende exatamente o que s\u00e3o esses benef\u00edcios, como funcionam e quem pode acess\u00e1-los. Neste artigo,&hellip;&nbsp;<\/p>","protected":false},"author":1,"featured_media":43931,"comment_status":"closed","ping_status":"closed","sticky":false,"template":"","format":"standard","meta":{"neve_meta_sidebar":"","neve_meta_container":"","neve_meta_enable_content_width":"","neve_meta_content_width":0,"neve_meta_title_alignment":"","neve_meta_author_avatar":"","neve_post_elements_order":"","neve_meta_disable_header":"","neve_meta_disable_footer":"","neve_meta_disable_title":"","footnotes":""},"categories":[1],"tags":[],"class_list":["post-43930","post","type-post","status-publish","format-standard","has-post-thumbnail","hentry","category-beneficios-sociais"],"yoast_head":"<!-- This site is optimized with the Yoast SEO plugin v27.5 - https:\/\/yoast.com\/product\/yoast-seo-wordpress\/ -->\n<title>Benef\u00edcios Sociais no Brasil: Entenda o Que S\u00e3o, Para Que Servem e Quem Tem Direito -<\/title>\n<meta name=\"description\" content=\"Veja em Vagas de Emprego RJ as vagas de emprego com e sem experi\u00eancia no seu Estado e Regi\u00e3o!\" \/>\n<meta name=\"robots\" content=\"index, follow, max-snippet:-1, max-image-preview:large, max-video-preview:-1\" \/>\n<link rel=\"canonical\" href=\"https:\/\/www.vagadeempregorj.com.br\/es\/beneficios-sociais-no-brasil-entenda-o-que-sao-para-que-servem-e-quem-tem-direito\/\" \/>\n<meta property=\"og:locale\" content=\"es_MX\" \/>\n<meta property=\"og:type\" content=\"article\" \/>\n<meta property=\"og:title\" content=\"Benef\u00edcios Sociais no Brasil: Entenda o Que S\u00e3o, Para Que Servem e Quem Tem Direito -\" \/>\n<meta property=\"og:description\" content=\"Veja em Vagas de Emprego RJ as vagas de emprego com e sem experi\u00eancia no seu Estado e Regi\u00e3o!\" \/>\n<meta property=\"og:url\" content=\"https:\/\/www.vagadeempregorj.com.br\/es\/beneficios-sociais-no-brasil-entenda-o-que-sao-para-que-servem-e-quem-tem-direito\/\" \/>\n<meta property=\"article:publisher\" content=\"https:\/\/www.facebook.com\/empregobrasiloficial\" \/>\n<meta property=\"article:published_time\" content=\"2025-12-21T15:32:30+00:00\" \/>\n<meta property=\"article:modified_time\" content=\"2025-12-21T15:32:31+00:00\" \/>\n<meta property=\"og:image\" content=\"https:\/\/www.vagadeempregorj.com.br\/wp-content\/uploads\/2025\/12\/beneficios-1024x683.png\" \/>\n\t<meta property=\"og:image:width\" content=\"1024\" \/>\n\t<meta property=\"og:image:height\" content=\"683\" \/>\n\t<meta property=\"og:image:type\" content=\"image\/png\" \/>\n<meta name=\"author\" content=\"Ana B.\" \/>\n<meta name=\"twitter:card\" content=\"summary_large_image\" \/>\n<meta name=\"twitter:label1\" content=\"Written by\" \/>\n\t<meta name=\"twitter:data1\" content=\"Ana B.\" \/>\n\t<meta name=\"twitter:label2\" content=\"Est. reading time\" \/>\n\t<meta name=\"twitter:data2\" content=\"6 minutos\" \/>\n<script type=\"application\/ld+json\" class=\"yoast-schema-graph\">{\"@context\":\"https:\\\/\\\/schema.org\",\"@graph\":[{\"@type\":\"Article\",\"@id\":\"https:\\\/\\\/www.vagadeempregorj.com.br\\\/beneficios-sociais-no-brasil-entenda-o-que-sao-para-que-servem-e-quem-tem-direito\\\/#article\",\"isPartOf\":{\"@id\":\"https:\\\/\\\/www.vagadeempregorj.com.br\\\/beneficios-sociais-no-brasil-entenda-o-que-sao-para-que-servem-e-quem-tem-direito\\\/\"},\"author\":{\"name\":\"Ana B.\",\"@id\":\"https:\\\/\\\/www.vagadeempregorj.com.br\\\/#\\\/schema\\\/person\\\/c0c38d5d765e86c3b7c8f12fb1ae6477\"},\"headline\":\"Benef\u00edcios Sociais no Brasil: Entenda o Que S\u00e3o, Para Que Servem e Quem Tem Direito\",\"datePublished\":\"2025-12-21T15:32:30+00:00\",\"dateModified\":\"2025-12-21T15:32:31+00:00\",\"mainEntityOfPage\":{\"@id\":\"https:\\\/\\\/www.vagadeempregorj.com.br\\\/beneficios-sociais-no-brasil-entenda-o-que-sao-para-que-servem-e-quem-tem-direito\\\/\"},\"wordCount\":1242,\"image\":{\"@id\":\"https:\\\/\\\/www.vagadeempregorj.com.br\\\/beneficios-sociais-no-brasil-entenda-o-que-sao-para-que-servem-e-quem-tem-direito\\\/#primaryimage\"},\"thumbnailUrl\":\"https:\\\/\\\/www.vagadeempregorj.com.br\\\/wp-content\\\/uploads\\\/2025\\\/12\\\/beneficios.png\",\"articleSection\":[\"Benef\u00edcios Sociais\"],\"inLanguage\":\"es\"},{\"@type\":\"WebPage\",\"@id\":\"https:\\\/\\\/www.vagadeempregorj.com.br\\\/beneficios-sociais-no-brasil-entenda-o-que-sao-para-que-servem-e-quem-tem-direito\\\/\",\"url\":\"https:\\\/\\\/www.vagadeempregorj.com.br\\\/beneficios-sociais-no-brasil-entenda-o-que-sao-para-que-servem-e-quem-tem-direito\\\/\",\"name\":\"Benef\u00edcios Sociais no Brasil: Entenda o Que S\u00e3o, Para Que Servem e Quem Tem Direito -\",\"isPartOf\":{\"@id\":\"https:\\\/\\\/www.vagadeempregorj.com.br\\\/#website\"},\"primaryImageOfPage\":{\"@id\":\"https:\\\/\\\/www.vagadeempregorj.com.br\\\/beneficios-sociais-no-brasil-entenda-o-que-sao-para-que-servem-e-quem-tem-direito\\\/#primaryimage\"},\"image\":{\"@id\":\"https:\\\/\\\/www.vagadeempregorj.com.br\\\/beneficios-sociais-no-brasil-entenda-o-que-sao-para-que-servem-e-quem-tem-direito\\\/#primaryimage\"},\"thumbnailUrl\":\"https:\\\/\\\/www.vagadeempregorj.com.br\\\/wp-content\\\/uploads\\\/2025\\\/12\\\/beneficios.png\",\"datePublished\":\"2025-12-21T15:32:30+00:00\",\"dateModified\":\"2025-12-21T15:32:31+00:00\",\"author\":{\"@id\":\"https:\\\/\\\/www.vagadeempregorj.com.br\\\/#\\\/schema\\\/person\\\/c0c38d5d765e86c3b7c8f12fb1ae6477\"},\"description\":\"Veja em Vagas de Emprego RJ as vagas de emprego com e sem experi\u00eancia no seu Estado e Regi\u00e3o!\",\"breadcrumb\":{\"@id\":\"https:\\\/\\\/www.vagadeempregorj.com.br\\\/beneficios-sociais-no-brasil-entenda-o-que-sao-para-que-servem-e-quem-tem-direito\\\/#breadcrumb\"},\"inLanguage\":\"es\",\"potentialAction\":[{\"@type\":\"ReadAction\",\"target\":[\"https:\\\/\\\/www.vagadeempregorj.com.br\\\/beneficios-sociais-no-brasil-entenda-o-que-sao-para-que-servem-e-quem-tem-direito\\\/\"]}]},{\"@type\":\"ImageObject\",\"inLanguage\":\"es\",\"@id\":\"https:\\\/\\\/www.vagadeempregorj.com.br\\\/beneficios-sociais-no-brasil-entenda-o-que-sao-para-que-servem-e-quem-tem-direito\\\/#primaryimage\",\"url\":\"https:\\\/\\\/www.vagadeempregorj.com.br\\\/wp-content\\\/uploads\\\/2025\\\/12\\\/beneficios.png\",\"contentUrl\":\"https:\\\/\\\/www.vagadeempregorj.com.br\\\/wp-content\\\/uploads\\\/2025\\\/12\\\/beneficios.png\",\"width\":1536,\"height\":1024},{\"@type\":\"BreadcrumbList\",\"@id\":\"https:\\\/\\\/www.vagadeempregorj.com.br\\\/beneficios-sociais-no-brasil-entenda-o-que-sao-para-que-servem-e-quem-tem-direito\\\/#breadcrumb\",\"itemListElement\":[{\"@type\":\"ListItem\",\"position\":1,\"name\":\"In\u00edcio\",\"item\":\"https:\\\/\\\/www.vagadeempregorj.com.br\\\/\"},{\"@type\":\"ListItem\",\"position\":2,\"name\":\"Benef\u00edcios Sociais\",\"item\":\"https:\\\/\\\/www.vagadeempregorj.com.br\\\/beneficios-sociais\\\/\"},{\"@type\":\"ListItem\",\"position\":3,\"name\":\"Benef\u00edcios Sociais no Brasil: Entenda o Que S\u00e3o, Para Que Servem e Quem Tem Direito\"}]},{\"@type\":\"WebSite\",\"@id\":\"https:\\\/\\\/www.vagadeempregorj.com.br\\\/#website\",\"url\":\"https:\\\/\\\/www.vagadeempregorj.com.br\\\/\",\"name\":\"\",\"description\":\"Conquiste Sonhos: Vagas, Benef\u00edcios e Economia para Transformar Vidas e Alcan\u00e7ar Melhorias Cotidianas\",\"potentialAction\":[{\"@type\":\"SearchAction\",\"target\":{\"@type\":\"EntryPoint\",\"urlTemplate\":\"https:\\\/\\\/www.vagadeempregorj.com.br\\\/?s={search_term_string}\"},\"query-input\":{\"@type\":\"PropertyValueSpecification\",\"valueRequired\":true,\"valueName\":\"search_term_string\"}}],\"inLanguage\":\"es\"},{\"@type\":\"Person\",\"@id\":\"https:\\\/\\\/www.vagadeempregorj.com.br\\\/#\\\/schema\\\/person\\\/c0c38d5d765e86c3b7c8f12fb1ae6477\",\"name\":\"Ana B.\",\"image\":{\"@type\":\"ImageObject\",\"inLanguage\":\"es\",\"@id\":\"https:\\\/\\\/secure.gravatar.com\\\/avatar\\\/f5efa58599e07f8dd92f26c7cfbc442fd115582bc681245452e503c2ef2334f3?s=96&r=g\",\"url\":\"https:\\\/\\\/secure.gravatar.com\\\/avatar\\\/f5efa58599e07f8dd92f26c7cfbc442fd115582bc681245452e503c2ef2334f3?s=96&r=g\",\"contentUrl\":\"https:\\\/\\\/secure.gravatar.com\\\/avatar\\\/f5efa58599e07f8dd92f26c7cfbc442fd115582bc681245452e503c2ef2334f3?s=96&r=g\",\"caption\":\"Ana B.\"},\"description\":\"Meu nome \u00e9 Ana e sou apaixonada em escrever. Dedico meu tempo escrevendo not\u00edcias e vagas de emprego diariamente no portal Vaga de Emprego RJ.\",\"url\":\"https:\\\/\\\/www.vagadeempregorj.com.br\\\/es\\\/author\\\/vgrj\\\/\"}]}<\/script>\n<!-- \/ Yoast SEO plugin. -->","yoast_head_json":{"title":"Benef\u00edcios Sociais no Brasil: Entenda o Que S\u00e3o, Para Que Servem e Quem Tem Direito -","description":"Veja em Vagas de Emprego RJ as vagas de emprego com e sem experi\u00eancia no seu Estado e Regi\u00e3o!","robots":{"index":"index","follow":"follow","max-snippet":"max-snippet:-1","max-image-preview":"max-image-preview:large","max-video-preview":"max-video-preview:-1"},"canonical":"https:\/\/www.vagadeempregorj.com.br\/es\/beneficios-sociais-no-brasil-entenda-o-que-sao-para-que-servem-e-quem-tem-direito\/","og_locale":"es_MX","og_type":"article","og_title":"Benef\u00edcios Sociais no Brasil: Entenda o Que S\u00e3o, Para Que Servem e Quem Tem Direito -","og_description":"Veja em Vagas de Emprego RJ as vagas de emprego com e sem experi\u00eancia no seu Estado e Regi\u00e3o!","og_url":"https:\/\/www.vagadeempregorj.com.br\/es\/beneficios-sociais-no-brasil-entenda-o-que-sao-para-que-servem-e-quem-tem-direito\/","article_publisher":"https:\/\/www.facebook.com\/empregobrasiloficial","article_published_time":"2025-12-21T15:32:30+00:00","article_modified_time":"2025-12-21T15:32:31+00:00","og_image":[{"width":1024,"height":683,"url":"https:\/\/www.vagadeempregorj.com.br\/wp-content\/uploads\/2025\/12\/beneficios-1024x683.png","type":"image\/png"}],"author":"Ana B.","twitter_card":"summary_large_image","twitter_misc":{"Written by":"Ana B.","Est. reading time":"6 minutos"},"schema":{"@context":"https:\/\/schema.org","@graph":[{"@type":"Article","@id":"https:\/\/www.vagadeempregorj.com.br\/beneficios-sociais-no-brasil-entenda-o-que-sao-para-que-servem-e-quem-tem-direito\/#article","isPartOf":{"@id":"https:\/\/www.vagadeempregorj.com.br\/beneficios-sociais-no-brasil-entenda-o-que-sao-para-que-servem-e-quem-tem-direito\/"},"author":{"name":"Ana B.","@id":"https:\/\/www.vagadeempregorj.com.br\/#\/schema\/person\/c0c38d5d765e86c3b7c8f12fb1ae6477"},"headline":"Benef\u00edcios Sociais no Brasil: Entenda o Que S\u00e3o, Para Que Servem e Quem Tem Direito","datePublished":"2025-12-21T15:32:30+00:00","dateModified":"2025-12-21T15:32:31+00:00","mainEntityOfPage":{"@id":"https:\/\/www.vagadeempregorj.com.br\/beneficios-sociais-no-brasil-entenda-o-que-sao-para-que-servem-e-quem-tem-direito\/"},"wordCount":1242,"image":{"@id":"https:\/\/www.vagadeempregorj.com.br\/beneficios-sociais-no-brasil-entenda-o-que-sao-para-que-servem-e-quem-tem-direito\/#primaryimage"},"thumbnailUrl":"https:\/\/www.vagadeempregorj.com.br\/wp-content\/uploads\/2025\/12\/beneficios.png","articleSection":["Benef\u00edcios Sociais"],"inLanguage":"es"},{"@type":"WebPage","@id":"https:\/\/www.vagadeempregorj.com.br\/beneficios-sociais-no-brasil-entenda-o-que-sao-para-que-servem-e-quem-tem-direito\/","url":"https:\/\/www.vagadeempregorj.com.br\/beneficios-sociais-no-brasil-entenda-o-que-sao-para-que-servem-e-quem-tem-direito\/","name":"Benef\u00edcios Sociais no Brasil: Entenda o Que S\u00e3o, Para Que Servem e Quem Tem Direito -","isPartOf":{"@id":"https:\/\/www.vagadeempregorj.com.br\/#website"},"primaryImageOfPage":{"@id":"https:\/\/www.vagadeempregorj.com.br\/beneficios-sociais-no-brasil-entenda-o-que-sao-para-que-servem-e-quem-tem-direito\/#primaryimage"},"image":{"@id":"https:\/\/www.vagadeempregorj.com.br\/beneficios-sociais-no-brasil-entenda-o-que-sao-para-que-servem-e-quem-tem-direito\/#primaryimage"},"thumbnailUrl":"https:\/\/www.vagadeempregorj.com.br\/wp-content\/uploads\/2025\/12\/beneficios.png","datePublished":"2025-12-21T15:32:30+00:00","dateModified":"2025-12-21T15:32:31+00:00","author":{"@id":"https:\/\/www.vagadeempregorj.com.br\/#\/schema\/person\/c0c38d5d765e86c3b7c8f12fb1ae6477"},"description":"Veja em Vagas de Emprego RJ as vagas de emprego com e sem experi\u00eancia no seu Estado e Regi\u00e3o!","breadcrumb":{"@id":"https:\/\/www.vagadeempregorj.com.br\/beneficios-sociais-no-brasil-entenda-o-que-sao-para-que-servem-e-quem-tem-direito\/#breadcrumb"},"inLanguage":"es","potentialAction":[{"@type":"ReadAction","target":["https:\/\/www.vagadeempregorj.com.br\/beneficios-sociais-no-brasil-entenda-o-que-sao-para-que-servem-e-quem-tem-direito\/"]}]},{"@type":"ImageObject","inLanguage":"es","@id":"https:\/\/www.vagadeempregorj.com.br\/beneficios-sociais-no-brasil-entenda-o-que-sao-para-que-servem-e-quem-tem-direito\/#primaryimage","url":"https:\/\/www.vagadeempregorj.com.br\/wp-content\/uploads\/2025\/12\/beneficios.png","contentUrl":"https:\/\/www.vagadeempregorj.com.br\/wp-content\/uploads\/2025\/12\/beneficios.png","width":1536,"height":1024},{"@type":"BreadcrumbList","@id":"https:\/\/www.vagadeempregorj.com.br\/beneficios-sociais-no-brasil-entenda-o-que-sao-para-que-servem-e-quem-tem-direito\/#breadcrumb","itemListElement":[{"@type":"ListItem","position":1,"name":"In\u00edcio","item":"https:\/\/www.vagadeempregorj.com.br\/"},{"@type":"ListItem","position":2,"name":"Benef\u00edcios Sociais","item":"https:\/\/www.vagadeempregorj.com.br\/beneficios-sociais\/"},{"@type":"ListItem","position":3,"name":"Benef\u00edcios Sociais no Brasil: Entenda o Que S\u00e3o, Para Que Servem e Quem Tem Direito"}]},{"@type":"WebSite","@id":"https:\/\/www.vagadeempregorj.com.br\/#website","url":"https:\/\/www.vagadeempregorj.com.br\/","name":"","description":"Conquiste Sonhos: Vagas, Benef\u00edcios e Economia para Transformar Vidas e Alcan\u00e7ar Melhorias Cotidianas","potentialAction":[{"@type":"SearchAction","target":{"@type":"EntryPoint","urlTemplate":"https:\/\/www.vagadeempregorj.com.br\/?s={search_term_string}"},"query-input":{"@type":"PropertyValueSpecification","valueRequired":true,"valueName":"search_term_string"}}],"inLanguage":"es"},{"@type":"Person","@id":"https:\/\/www.vagadeempregorj.com.br\/#\/schema\/person\/c0c38d5d765e86c3b7c8f12fb1ae6477","name":"Ana B.","image":{"@type":"ImageObject","inLanguage":"es","@id":"https:\/\/secure.gravatar.com\/avatar\/f5efa58599e07f8dd92f26c7cfbc442fd115582bc681245452e503c2ef2334f3?s=96&r=g","url":"https:\/\/secure.gravatar.com\/avatar\/f5efa58599e07f8dd92f26c7cfbc442fd115582bc681245452e503c2ef2334f3?s=96&r=g","contentUrl":"https:\/\/secure.gravatar.com\/avatar\/f5efa58599e07f8dd92f26c7cfbc442fd115582bc681245452e503c2ef2334f3?s=96&r=g","caption":"Ana B."},"description":"Meu nome \u00e9 Ana e sou apaixonada em escrever. Dedico meu tempo escrevendo not\u00edcias e vagas de emprego diariamente no portal Vaga de Emprego RJ.","url":"https:\/\/www.vagadeempregorj.com.br\/es\/author\/vgrj\/"}]}},"_links":{"self":[{"href":"https:\/\/www.vagadeempregorj.com.br\/es\/wp-json\/wp\/v2\/posts\/43930","targetHints":{"allow":["GET"]}}],"collection":[{"href":"https:\/\/www.vagadeempregorj.com.br\/es\/wp-json\/wp\/v2\/posts"}],"about":[{"href":"https:\/\/www.vagadeempregorj.com.br\/es\/wp-json\/wp\/v2\/types\/post"}],"author":[{"embeddable":true,"href":"https:\/\/www.vagadeempregorj.com.br\/es\/wp-json\/wp\/v2\/users\/1"}],"replies":[{"embeddable":true,"href":"https:\/\/www.vagadeempregorj.com.br\/es\/wp-json\/wp\/v2\/comments?post=43930"}],"version-history":[{"count":1,"href":"https:\/\/www.vagadeempregorj.com.br\/es\/wp-json\/wp\/v2\/posts\/43930\/revisions"}],"predecessor-version":[{"id":43932,"href":"https:\/\/www.vagadeempregorj.com.br\/es\/wp-json\/wp\/v2\/posts\/43930\/revisions\/43932"}],"wp:featuredmedia":[{"embeddable":true,"href":"https:\/\/www.vagadeempregorj.com.br\/es\/wp-json\/wp\/v2\/media\/43931"}],"wp:attachment":[{"href":"https:\/\/www.vagadeempregorj.com.br\/es\/wp-json\/wp\/v2\/media?parent=43930"}],"wp:term":[{"taxonomy":"category","embeddable":true,"href":"https:\/\/www.vagadeempregorj.com.br\/es\/wp-json\/wp\/v2\/categories?post=43930"},{"taxonomy":"post_tag","embeddable":true,"href":"https:\/\/www.vagadeempregorj.com.br\/es\/wp-json\/wp\/v2\/tags?post=43930"}],"curies":[{"name":"wp","href":"https:\/\/api.w.org\/{rel}","templated":true}]}}