{"id":43939,"date":"2026-03-01T12:48:10","date_gmt":"2026-03-01T15:48:10","guid":{"rendered":"https:\/\/www.vagadeempregorj.com.br\/?p=43939"},"modified":"2025-12-21T12:49:45","modified_gmt":"2025-12-21T15:49:45","slug":"beneficios-sociais-para-idosos-direitos-protecao-e-qualidade-de-vida-na-terceira-idade","status":"publish","type":"post","link":"https:\/\/www.vagadeempregorj.com.br\/es\/beneficios-sociais-para-idosos-direitos-protecao-e-qualidade-de-vida-na-terceira-idade\/","title":{"rendered":"Benef\u00edcios Sociais para Idosos: Direitos, Prote\u00e7\u00e3o e Qualidade de Vida na Terceira Idade"},"content":{"rendered":"<p>O envelhecimento da popula\u00e7\u00e3o brasileira \u00e9 uma realidade cada vez mais evidente. Com o aumento da expectativa de vida, cresce tamb\u00e9m a necessidade de pol\u00edticas p\u00fablicas voltadas \u00e0 prote\u00e7\u00e3o social dos idosos. Os benef\u00edcios sociais para essa parcela da popula\u00e7\u00e3o existem para garantir dignidade, seguran\u00e7a financeira, acesso \u00e0 sa\u00fade e condi\u00e7\u00f5es m\u00ednimas de bem-estar em uma fase da vida marcada por maiores limita\u00e7\u00f5es f\u00edsicas, redu\u00e7\u00e3o da renda e maior necessidade de cuidados.<\/p>\n\n\n\n<p>Neste artigo, voc\u00ea vai entender como funcionam os benef\u00edcios sociais destinados aos idosos, por que eles s\u00e3o fundamentais para a sociedade e de que forma contribuem para uma velhice mais segura, ativa e respeitada.<\/p>\n\n\n\n<h2 class=\"wp-block-heading\">Por Que os Idosos Precisam de Prote\u00e7\u00e3o Social Espec\u00edfica?<\/h2>\n\n\n\n<p>Com o avan\u00e7o da idade, muitas pessoas enfrentam dificuldades para permanecer no mercado de trabalho, al\u00e9m de lidarem com problemas de sa\u00fade e limita\u00e7\u00f5es funcionais. Ao mesmo tempo, despesas m\u00e9dicas tendem a aumentar, enquanto a renda pode diminuir ou desaparecer completamente.<\/p>\n\n\n\n<p>Os benef\u00edcios sociais para idosos surgem justamente para equilibrar essa equa\u00e7\u00e3o. Eles n\u00e3o t\u00eam como objetivo privilegiar um grupo, mas compensar desigualdades naturais do ciclo de vida, garantindo que o envelhecimento n\u00e3o signifique exclus\u00e3o social ou perda de dignidade.<\/p>\n\n\n\n<h2 class=\"wp-block-heading\">O Que S\u00e3o Benef\u00edcios Sociais para Idosos?<\/h2>\n\n\n\n<p>Os benef\u00edcios sociais voltados \u00e0 popula\u00e7\u00e3o idosa incluem aux\u00edlios financeiros, acesso priorit\u00e1rio a servi\u00e7os p\u00fablicos, programas de assist\u00eancia social, pol\u00edticas de sa\u00fade e garantias legais que visam proteger direitos fundamentais.<\/p>\n\n\n\n<p>Esses benef\u00edcios podem ser contributivos, quando vinculados ao hist\u00f3rico de trabalho e contribui\u00e7\u00e3o, ou assistenciais, quando destinados a idosos que n\u00e3o possuem renda suficiente para se manterem de forma independente.<\/p>\n\n\n\n<p>O foco central dessas pol\u00edticas \u00e9 assegurar que o idoso tenha condi\u00e7\u00f5es b\u00e1sicas de subsist\u00eancia e participa\u00e7\u00e3o social.<\/p>\n\n\n\n<h2 class=\"wp-block-heading\">Seguran\u00e7a Financeira na Terceira Idade<\/h2>\n\n\n\n<p>A seguran\u00e7a financeira \u00e9 uma das maiores preocupa\u00e7\u00f5es na velhice. Muitos idosos dependem exclusivamente de benef\u00edcios sociais para cobrir despesas b\u00e1sicas como alimenta\u00e7\u00e3o, moradia, medicamentos e transporte.<\/p>\n\n\n\n<p>A exist\u00eancia de aux\u00edlios financeiros regulares reduz significativamente a vulnerabilidade econ\u00f4mica, evitando situa\u00e7\u00f5es extremas de pobreza e abandono. Al\u00e9m disso, essa renda contribui para a autonomia do idoso, permitindo que ele mantenha certo grau de independ\u00eancia e decis\u00e3o sobre sua pr\u00f3pria vida.<\/p>\n\n\n\n<h2 class=\"wp-block-heading\">Acesso \u00e0 Sa\u00fade e Cuidados Cont\u00ednuos<\/h2>\n\n\n\n<p>O envelhecimento naturalmente traz maior demanda por servi\u00e7os de sa\u00fade. Benef\u00edcios sociais voltados aos idosos garantem acesso facilitado a consultas, exames, tratamentos e medicamentos, o que \u00e9 essencial para a manuten\u00e7\u00e3o da qualidade de vida.<\/p>\n\n\n\n<p>A preven\u00e7\u00e3o de doen\u00e7as, o acompanhamento cont\u00ednuo e o tratamento adequado reduzem complica\u00e7\u00f5es graves e interna\u00e7\u00f5es prolongadas, beneficiando n\u00e3o apenas o idoso, mas todo o sistema de sa\u00fade p\u00fablica.<\/p>\n\n\n\n<h2 class=\"wp-block-heading\">Prioridade no Atendimento e Servi\u00e7os P\u00fablicos<\/h2>\n\n\n\n<p>Al\u00e9m do apoio financeiro e de sa\u00fade, os idosos t\u00eam direito a atendimento priorit\u00e1rio em diversos servi\u00e7os p\u00fablicos e privados. Essa prioridade reconhece as limita\u00e7\u00f5es f\u00edsicas e a necessidade de reduzir o desgaste em atividades cotidianas.<\/p>\n\n\n\n<p>O atendimento preferencial n\u00e3o \u00e9 um privil\u00e9gio, mas uma medida de equidade, que busca garantir condi\u00e7\u00f5es justas de acesso aos servi\u00e7os essenciais.<\/p>\n\n\n\n<h2 class=\"wp-block-heading\">Inclus\u00e3o Social e Participa\u00e7\u00e3o Ativa<\/h2>\n\n\n\n<p>Benef\u00edcios sociais para idosos tamb\u00e9m promovem inclus\u00e3o social. Programas comunit\u00e1rios, atividades culturais, esportivas e educativas ajudam a combater o isolamento social, que \u00e9 um dos principais fatores de sofrimento emocional na terceira idade.<\/p>\n\n\n\n<p>A participa\u00e7\u00e3o ativa na comunidade contribui para a sa\u00fade mental, fortalece v\u00ednculos sociais e valoriza a experi\u00eancia e o conhecimento acumulados ao longo da vida.<\/p>\n\n\n\n<h2 class=\"wp-block-heading\">Prote\u00e7\u00e3o Contra Abusos e Neglig\u00eancia<\/h2>\n\n\n\n<p>Infelizmente, idosos est\u00e3o mais expostos a situa\u00e7\u00f5es de abuso financeiro, psicol\u00f3gico e at\u00e9 f\u00edsico. Pol\u00edticas de prote\u00e7\u00e3o social incluem mecanismos de den\u00fancia, acompanhamento social e medidas legais para proteger essa popula\u00e7\u00e3o.<\/p>\n\n\n\n<p>Essas a\u00e7\u00f5es s\u00e3o fundamentais para garantir que os direitos dos idosos sejam respeitados e que situa\u00e7\u00f5es de viol\u00eancia ou neglig\u00eancia sejam identificadas e combatidas de forma eficaz.<\/p>\n\n\n\n<h2 class=\"wp-block-heading\">A Import\u00e2ncia da Informa\u00e7\u00e3o e do Acesso aos Direitos<\/h2>\n\n\n\n<p>Muitos idosos n\u00e3o acessam benef\u00edcios sociais simplesmente por falta de informa\u00e7\u00e3o. Dificuldades com tecnologia, burocracia excessiva e desinforma\u00e7\u00e3o s\u00e3o barreiras comuns.<\/p>\n\n\n\n<p>Garantir orienta\u00e7\u00e3o clara, canais acess\u00edveis e apoio no processo de solicita\u00e7\u00e3o \u00e9 essencial para que os benef\u00edcios cheguem a quem realmente precisa.<\/p>\n\n\n\n<h2 class=\"wp-block-heading\">Impacto dos Benef\u00edcios Sociais na Sociedade<\/h2>\n\n\n\n<p>Os benef\u00edcios sociais destinados aos idosos n\u00e3o beneficiam apenas quem os recebe. Eles impactam positivamente fam\u00edlias, comunidades e a economia local, j\u00e1 que essa renda costuma ser utilizada no com\u00e9rcio pr\u00f3ximo e em servi\u00e7os essenciais.<\/p>\n\n\n\n<p>Al\u00e9m disso, ao garantir dignidade na velhice, a sociedade refor\u00e7a valores de respeito, solidariedade e justi\u00e7a social.<\/p>\n\n\n\n<h2 class=\"wp-block-heading\">Desafios Atuais na Prote\u00e7\u00e3o ao Idoso<\/h2>\n\n\n\n<p>Apesar dos avan\u00e7os, ainda existem desafios significativos, como a amplia\u00e7\u00e3o da cobertura, a melhoria da qualidade dos servi\u00e7os e o combate \u00e0 desinforma\u00e7\u00e3o. O envelhecimento acelerado da popula\u00e7\u00e3o exige planejamento cont\u00ednuo e fortalecimento das pol\u00edticas p\u00fablicas existentes.<\/p>\n\n\n\n<p>Investir na prote\u00e7\u00e3o social dos idosos \u00e9 investir no futuro de toda a sociedade.<\/p>\n\n\n\n<h2 class=\"wp-block-heading\">Conclus\u00e3o<\/h2>\n\n\n\n<p>Os benef\u00edcios sociais para idosos s\u00e3o instrumentos fundamentais para garantir dignidade, seguran\u00e7a e qualidade de vida na terceira idade. Eles reconhecem as limita\u00e7\u00f5es naturais do envelhecimento e oferecem suporte para que essa fase da vida seja vivida com respeito e autonomia.<\/p>\n\n\n\n<p>Proteger os idosos n\u00e3o \u00e9 apenas uma obriga\u00e7\u00e3o legal, mas um compromisso social com aqueles que contribu\u00edram ao longo de toda a vida para a constru\u00e7\u00e3o do pa\u00eds.<\/p>","protected":false},"excerpt":{"rendered":"<p>O envelhecimento da popula\u00e7\u00e3o brasileira \u00e9 uma realidade cada vez mais evidente. Com o aumento da expectativa de vida, cresce tamb\u00e9m a necessidade de pol\u00edticas p\u00fablicas voltadas \u00e0 prote\u00e7\u00e3o social dos idosos. Os benef\u00edcios sociais para essa parcela da popula\u00e7\u00e3o existem para garantir dignidade, seguran\u00e7a financeira, acesso \u00e0 sa\u00fade e condi\u00e7\u00f5es m\u00ednimas de bem-estar em&hellip;&nbsp;<\/p>","protected":false},"author":1,"featured_media":43940,"comment_status":"closed","ping_status":"closed","sticky":false,"template":"","format":"standard","meta":{"neve_meta_sidebar":"","neve_meta_container":"","neve_meta_enable_content_width":"","neve_meta_content_width":0,"neve_meta_title_alignment":"","neve_meta_author_avatar":"","neve_post_elements_order":"","neve_meta_disable_header":"","neve_meta_disable_footer":"","neve_meta_disable_title":"","footnotes":""},"categories":[1],"tags":[],"class_list":["post-43939","post","type-post","status-publish","format-standard","has-post-thumbnail","hentry","category-beneficios-sociais"],"yoast_head":"<!-- This site is optimized with the Yoast SEO plugin v27.5 - https:\/\/yoast.com\/product\/yoast-seo-wordpress\/ -->\n<title>Benef\u00edcios Sociais para Idosos: Direitos, Prote\u00e7\u00e3o e Qualidade de Vida na Terceira Idade -<\/title>\n<meta name=\"description\" content=\"Veja em Vagas de Emprego RJ as vagas de emprego com e sem experi\u00eancia no seu Estado e Regi\u00e3o!\" \/>\n<meta name=\"robots\" content=\"index, follow, max-snippet:-1, max-image-preview:large, max-video-preview:-1\" \/>\n<link rel=\"canonical\" href=\"https:\/\/www.vagadeempregorj.com.br\/es\/beneficios-sociais-para-idosos-direitos-protecao-e-qualidade-de-vida-na-terceira-idade\/\" \/>\n<meta property=\"og:locale\" content=\"es_MX\" \/>\n<meta property=\"og:type\" content=\"article\" \/>\n<meta property=\"og:title\" content=\"Benef\u00edcios Sociais para Idosos: Direitos, Prote\u00e7\u00e3o e Qualidade de Vida na Terceira Idade -\" \/>\n<meta property=\"og:description\" content=\"Veja em Vagas de Emprego RJ as vagas de emprego com e sem experi\u00eancia no seu Estado e Regi\u00e3o!\" \/>\n<meta property=\"og:url\" content=\"https:\/\/www.vagadeempregorj.com.br\/es\/beneficios-sociais-para-idosos-direitos-protecao-e-qualidade-de-vida-na-terceira-idade\/\" \/>\n<meta property=\"article:publisher\" content=\"https:\/\/www.facebook.com\/empregobrasiloficial\" \/>\n<meta property=\"article:published_time\" content=\"2026-03-01T15:48:10+00:00\" \/>\n<meta property=\"og:image\" content=\"https:\/\/www.vagadeempregorj.com.br\/wp-content\/uploads\/2025\/12\/beneficio-idoso-1024x683.png\" \/>\n\t<meta property=\"og:image:width\" content=\"1024\" \/>\n\t<meta property=\"og:image:height\" content=\"683\" \/>\n\t<meta property=\"og:image:type\" content=\"image\/png\" \/>\n<meta name=\"author\" content=\"Ana B.\" \/>\n<meta name=\"twitter:card\" content=\"summary_large_image\" \/>\n<meta name=\"twitter:label1\" content=\"Written by\" \/>\n\t<meta name=\"twitter:data1\" content=\"Ana B.\" \/>\n\t<meta name=\"twitter:label2\" content=\"Est. reading time\" \/>\n\t<meta name=\"twitter:data2\" content=\"5 minutos\" \/>\n<script type=\"application\/ld+json\" class=\"yoast-schema-graph\">{\"@context\":\"https:\\\/\\\/schema.org\",\"@graph\":[{\"@type\":\"Article\",\"@id\":\"https:\\\/\\\/www.vagadeempregorj.com.br\\\/beneficios-sociais-para-idosos-direitos-protecao-e-qualidade-de-vida-na-terceira-idade\\\/#article\",\"isPartOf\":{\"@id\":\"https:\\\/\\\/www.vagadeempregorj.com.br\\\/beneficios-sociais-para-idosos-direitos-protecao-e-qualidade-de-vida-na-terceira-idade\\\/\"},\"author\":{\"name\":\"Ana B.\",\"@id\":\"https:\\\/\\\/www.vagadeempregorj.com.br\\\/#\\\/schema\\\/person\\\/c0c38d5d765e86c3b7c8f12fb1ae6477\"},\"headline\":\"Benef\u00edcios Sociais para Idosos: Direitos, Prote\u00e7\u00e3o e Qualidade de Vida na Terceira Idade\",\"datePublished\":\"2026-03-01T15:48:10+00:00\",\"mainEntityOfPage\":{\"@id\":\"https:\\\/\\\/www.vagadeempregorj.com.br\\\/beneficios-sociais-para-idosos-direitos-protecao-e-qualidade-de-vida-na-terceira-idade\\\/\"},\"wordCount\":1009,\"image\":{\"@id\":\"https:\\\/\\\/www.vagadeempregorj.com.br\\\/beneficios-sociais-para-idosos-direitos-protecao-e-qualidade-de-vida-na-terceira-idade\\\/#primaryimage\"},\"thumbnailUrl\":\"https:\\\/\\\/www.vagadeempregorj.com.br\\\/wp-content\\\/uploads\\\/2025\\\/12\\\/beneficio-idoso.png\",\"articleSection\":[\"Benef\u00edcios Sociais\"],\"inLanguage\":\"es\"},{\"@type\":\"WebPage\",\"@id\":\"https:\\\/\\\/www.vagadeempregorj.com.br\\\/beneficios-sociais-para-idosos-direitos-protecao-e-qualidade-de-vida-na-terceira-idade\\\/\",\"url\":\"https:\\\/\\\/www.vagadeempregorj.com.br\\\/beneficios-sociais-para-idosos-direitos-protecao-e-qualidade-de-vida-na-terceira-idade\\\/\",\"name\":\"Benef\u00edcios Sociais para Idosos: Direitos, Prote\u00e7\u00e3o e Qualidade de Vida na Terceira Idade -\",\"isPartOf\":{\"@id\":\"https:\\\/\\\/www.vagadeempregorj.com.br\\\/#website\"},\"primaryImageOfPage\":{\"@id\":\"https:\\\/\\\/www.vagadeempregorj.com.br\\\/beneficios-sociais-para-idosos-direitos-protecao-e-qualidade-de-vida-na-terceira-idade\\\/#primaryimage\"},\"image\":{\"@id\":\"https:\\\/\\\/www.vagadeempregorj.com.br\\\/beneficios-sociais-para-idosos-direitos-protecao-e-qualidade-de-vida-na-terceira-idade\\\/#primaryimage\"},\"thumbnailUrl\":\"https:\\\/\\\/www.vagadeempregorj.com.br\\\/wp-content\\\/uploads\\\/2025\\\/12\\\/beneficio-idoso.png\",\"datePublished\":\"2026-03-01T15:48:10+00:00\",\"author\":{\"@id\":\"https:\\\/\\\/www.vagadeempregorj.com.br\\\/#\\\/schema\\\/person\\\/c0c38d5d765e86c3b7c8f12fb1ae6477\"},\"description\":\"Veja em Vagas de Emprego RJ as vagas de emprego com e sem experi\u00eancia no seu Estado e Regi\u00e3o!\",\"breadcrumb\":{\"@id\":\"https:\\\/\\\/www.vagadeempregorj.com.br\\\/beneficios-sociais-para-idosos-direitos-protecao-e-qualidade-de-vida-na-terceira-idade\\\/#breadcrumb\"},\"inLanguage\":\"es\",\"potentialAction\":[{\"@type\":\"ReadAction\",\"target\":[\"https:\\\/\\\/www.vagadeempregorj.com.br\\\/beneficios-sociais-para-idosos-direitos-protecao-e-qualidade-de-vida-na-terceira-idade\\\/\"]}]},{\"@type\":\"ImageObject\",\"inLanguage\":\"es\",\"@id\":\"https:\\\/\\\/www.vagadeempregorj.com.br\\\/beneficios-sociais-para-idosos-direitos-protecao-e-qualidade-de-vida-na-terceira-idade\\\/#primaryimage\",\"url\":\"https:\\\/\\\/www.vagadeempregorj.com.br\\\/wp-content\\\/uploads\\\/2025\\\/12\\\/beneficio-idoso.png\",\"contentUrl\":\"https:\\\/\\\/www.vagadeempregorj.com.br\\\/wp-content\\\/uploads\\\/2025\\\/12\\\/beneficio-idoso.png\",\"width\":1536,\"height\":1024},{\"@type\":\"BreadcrumbList\",\"@id\":\"https:\\\/\\\/www.vagadeempregorj.com.br\\\/beneficios-sociais-para-idosos-direitos-protecao-e-qualidade-de-vida-na-terceira-idade\\\/#breadcrumb\",\"itemListElement\":[{\"@type\":\"ListItem\",\"position\":1,\"name\":\"In\u00edcio\",\"item\":\"https:\\\/\\\/www.vagadeempregorj.com.br\\\/\"},{\"@type\":\"ListItem\",\"position\":2,\"name\":\"Benef\u00edcios Sociais\",\"item\":\"https:\\\/\\\/www.vagadeempregorj.com.br\\\/beneficios-sociais\\\/\"},{\"@type\":\"ListItem\",\"position\":3,\"name\":\"Benef\u00edcios Sociais para Idosos: Direitos, Prote\u00e7\u00e3o e Qualidade de Vida na Terceira Idade\"}]},{\"@type\":\"WebSite\",\"@id\":\"https:\\\/\\\/www.vagadeempregorj.com.br\\\/#website\",\"url\":\"https:\\\/\\\/www.vagadeempregorj.com.br\\\/\",\"name\":\"\",\"description\":\"Conquiste Sonhos: Vagas, Benef\u00edcios e Economia para Transformar Vidas e Alcan\u00e7ar Melhorias Cotidianas\",\"potentialAction\":[{\"@type\":\"SearchAction\",\"target\":{\"@type\":\"EntryPoint\",\"urlTemplate\":\"https:\\\/\\\/www.vagadeempregorj.com.br\\\/?s={search_term_string}\"},\"query-input\":{\"@type\":\"PropertyValueSpecification\",\"valueRequired\":true,\"valueName\":\"search_term_string\"}}],\"inLanguage\":\"es\"},{\"@type\":\"Person\",\"@id\":\"https:\\\/\\\/www.vagadeempregorj.com.br\\\/#\\\/schema\\\/person\\\/c0c38d5d765e86c3b7c8f12fb1ae6477\",\"name\":\"Ana B.\",\"image\":{\"@type\":\"ImageObject\",\"inLanguage\":\"es\",\"@id\":\"https:\\\/\\\/secure.gravatar.com\\\/avatar\\\/f5efa58599e07f8dd92f26c7cfbc442fd115582bc681245452e503c2ef2334f3?s=96&r=g\",\"url\":\"https:\\\/\\\/secure.gravatar.com\\\/avatar\\\/f5efa58599e07f8dd92f26c7cfbc442fd115582bc681245452e503c2ef2334f3?s=96&r=g\",\"contentUrl\":\"https:\\\/\\\/secure.gravatar.com\\\/avatar\\\/f5efa58599e07f8dd92f26c7cfbc442fd115582bc681245452e503c2ef2334f3?s=96&r=g\",\"caption\":\"Ana B.\"},\"description\":\"Meu nome \u00e9 Ana e sou apaixonada em escrever. Dedico meu tempo escrevendo not\u00edcias e vagas de emprego diariamente no portal Vaga de Emprego RJ.\",\"url\":\"https:\\\/\\\/www.vagadeempregorj.com.br\\\/es\\\/author\\\/vgrj\\\/\"}]}<\/script>\n<!-- \/ Yoast SEO plugin. -->","yoast_head_json":{"title":"Benef\u00edcios Sociais para Idosos: Direitos, Prote\u00e7\u00e3o e Qualidade de Vida na Terceira Idade -","description":"Veja em Vagas de Emprego RJ as vagas de emprego com e sem experi\u00eancia no seu Estado e Regi\u00e3o!","robots":{"index":"index","follow":"follow","max-snippet":"max-snippet:-1","max-image-preview":"max-image-preview:large","max-video-preview":"max-video-preview:-1"},"canonical":"https:\/\/www.vagadeempregorj.com.br\/es\/beneficios-sociais-para-idosos-direitos-protecao-e-qualidade-de-vida-na-terceira-idade\/","og_locale":"es_MX","og_type":"article","og_title":"Benef\u00edcios Sociais para Idosos: Direitos, Prote\u00e7\u00e3o e Qualidade de Vida na Terceira Idade -","og_description":"Veja em Vagas de Emprego RJ as vagas de emprego com e sem experi\u00eancia no seu Estado e Regi\u00e3o!","og_url":"https:\/\/www.vagadeempregorj.com.br\/es\/beneficios-sociais-para-idosos-direitos-protecao-e-qualidade-de-vida-na-terceira-idade\/","article_publisher":"https:\/\/www.facebook.com\/empregobrasiloficial","article_published_time":"2026-03-01T15:48:10+00:00","og_image":[{"width":1024,"height":683,"url":"https:\/\/www.vagadeempregorj.com.br\/wp-content\/uploads\/2025\/12\/beneficio-idoso-1024x683.png","type":"image\/png"}],"author":"Ana B.","twitter_card":"summary_large_image","twitter_misc":{"Written by":"Ana B.","Est. reading time":"5 minutos"},"schema":{"@context":"https:\/\/schema.org","@graph":[{"@type":"Article","@id":"https:\/\/www.vagadeempregorj.com.br\/beneficios-sociais-para-idosos-direitos-protecao-e-qualidade-de-vida-na-terceira-idade\/#article","isPartOf":{"@id":"https:\/\/www.vagadeempregorj.com.br\/beneficios-sociais-para-idosos-direitos-protecao-e-qualidade-de-vida-na-terceira-idade\/"},"author":{"name":"Ana B.","@id":"https:\/\/www.vagadeempregorj.com.br\/#\/schema\/person\/c0c38d5d765e86c3b7c8f12fb1ae6477"},"headline":"Benef\u00edcios Sociais para Idosos: Direitos, Prote\u00e7\u00e3o e Qualidade de Vida na Terceira Idade","datePublished":"2026-03-01T15:48:10+00:00","mainEntityOfPage":{"@id":"https:\/\/www.vagadeempregorj.com.br\/beneficios-sociais-para-idosos-direitos-protecao-e-qualidade-de-vida-na-terceira-idade\/"},"wordCount":1009,"image":{"@id":"https:\/\/www.vagadeempregorj.com.br\/beneficios-sociais-para-idosos-direitos-protecao-e-qualidade-de-vida-na-terceira-idade\/#primaryimage"},"thumbnailUrl":"https:\/\/www.vagadeempregorj.com.br\/wp-content\/uploads\/2025\/12\/beneficio-idoso.png","articleSection":["Benef\u00edcios Sociais"],"inLanguage":"es"},{"@type":"WebPage","@id":"https:\/\/www.vagadeempregorj.com.br\/beneficios-sociais-para-idosos-direitos-protecao-e-qualidade-de-vida-na-terceira-idade\/","url":"https:\/\/www.vagadeempregorj.com.br\/beneficios-sociais-para-idosos-direitos-protecao-e-qualidade-de-vida-na-terceira-idade\/","name":"Benef\u00edcios Sociais para Idosos: Direitos, Prote\u00e7\u00e3o e Qualidade de Vida na Terceira Idade -","isPartOf":{"@id":"https:\/\/www.vagadeempregorj.com.br\/#website"},"primaryImageOfPage":{"@id":"https:\/\/www.vagadeempregorj.com.br\/beneficios-sociais-para-idosos-direitos-protecao-e-qualidade-de-vida-na-terceira-idade\/#primaryimage"},"image":{"@id":"https:\/\/www.vagadeempregorj.com.br\/beneficios-sociais-para-idosos-direitos-protecao-e-qualidade-de-vida-na-terceira-idade\/#primaryimage"},"thumbnailUrl":"https:\/\/www.vagadeempregorj.com.br\/wp-content\/uploads\/2025\/12\/beneficio-idoso.png","datePublished":"2026-03-01T15:48:10+00:00","author":{"@id":"https:\/\/www.vagadeempregorj.com.br\/#\/schema\/person\/c0c38d5d765e86c3b7c8f12fb1ae6477"},"description":"Veja em Vagas de Emprego RJ as vagas de emprego com e sem experi\u00eancia no seu Estado e Regi\u00e3o!","breadcrumb":{"@id":"https:\/\/www.vagadeempregorj.com.br\/beneficios-sociais-para-idosos-direitos-protecao-e-qualidade-de-vida-na-terceira-idade\/#breadcrumb"},"inLanguage":"es","potentialAction":[{"@type":"ReadAction","target":["https:\/\/www.vagadeempregorj.com.br\/beneficios-sociais-para-idosos-direitos-protecao-e-qualidade-de-vida-na-terceira-idade\/"]}]},{"@type":"ImageObject","inLanguage":"es","@id":"https:\/\/www.vagadeempregorj.com.br\/beneficios-sociais-para-idosos-direitos-protecao-e-qualidade-de-vida-na-terceira-idade\/#primaryimage","url":"https:\/\/www.vagadeempregorj.com.br\/wp-content\/uploads\/2025\/12\/beneficio-idoso.png","contentUrl":"https:\/\/www.vagadeempregorj.com.br\/wp-content\/uploads\/2025\/12\/beneficio-idoso.png","width":1536,"height":1024},{"@type":"BreadcrumbList","@id":"https:\/\/www.vagadeempregorj.com.br\/beneficios-sociais-para-idosos-direitos-protecao-e-qualidade-de-vida-na-terceira-idade\/#breadcrumb","itemListElement":[{"@type":"ListItem","position":1,"name":"In\u00edcio","item":"https:\/\/www.vagadeempregorj.com.br\/"},{"@type":"ListItem","position":2,"name":"Benef\u00edcios Sociais","item":"https:\/\/www.vagadeempregorj.com.br\/beneficios-sociais\/"},{"@type":"ListItem","position":3,"name":"Benef\u00edcios Sociais para Idosos: Direitos, Prote\u00e7\u00e3o e Qualidade de Vida na Terceira Idade"}]},{"@type":"WebSite","@id":"https:\/\/www.vagadeempregorj.com.br\/#website","url":"https:\/\/www.vagadeempregorj.com.br\/","name":"","description":"Conquiste Sonhos: Vagas, Benef\u00edcios e Economia para Transformar Vidas e Alcan\u00e7ar Melhorias Cotidianas","potentialAction":[{"@type":"SearchAction","target":{"@type":"EntryPoint","urlTemplate":"https:\/\/www.vagadeempregorj.com.br\/?s={search_term_string}"},"query-input":{"@type":"PropertyValueSpecification","valueRequired":true,"valueName":"search_term_string"}}],"inLanguage":"es"},{"@type":"Person","@id":"https:\/\/www.vagadeempregorj.com.br\/#\/schema\/person\/c0c38d5d765e86c3b7c8f12fb1ae6477","name":"Ana B.","image":{"@type":"ImageObject","inLanguage":"es","@id":"https:\/\/secure.gravatar.com\/avatar\/f5efa58599e07f8dd92f26c7cfbc442fd115582bc681245452e503c2ef2334f3?s=96&r=g","url":"https:\/\/secure.gravatar.com\/avatar\/f5efa58599e07f8dd92f26c7cfbc442fd115582bc681245452e503c2ef2334f3?s=96&r=g","contentUrl":"https:\/\/secure.gravatar.com\/avatar\/f5efa58599e07f8dd92f26c7cfbc442fd115582bc681245452e503c2ef2334f3?s=96&r=g","caption":"Ana B."},"description":"Meu nome \u00e9 Ana e sou apaixonada em escrever. Dedico meu tempo escrevendo not\u00edcias e vagas de emprego diariamente no portal Vaga de Emprego RJ.","url":"https:\/\/www.vagadeempregorj.com.br\/es\/author\/vgrj\/"}]}},"_links":{"self":[{"href":"https:\/\/www.vagadeempregorj.com.br\/es\/wp-json\/wp\/v2\/posts\/43939","targetHints":{"allow":["GET"]}}],"collection":[{"href":"https:\/\/www.vagadeempregorj.com.br\/es\/wp-json\/wp\/v2\/posts"}],"about":[{"href":"https:\/\/www.vagadeempregorj.com.br\/es\/wp-json\/wp\/v2\/types\/post"}],"author":[{"embeddable":true,"href":"https:\/\/www.vagadeempregorj.com.br\/es\/wp-json\/wp\/v2\/users\/1"}],"replies":[{"embeddable":true,"href":"https:\/\/www.vagadeempregorj.com.br\/es\/wp-json\/wp\/v2\/comments?post=43939"}],"version-history":[{"count":1,"href":"https:\/\/www.vagadeempregorj.com.br\/es\/wp-json\/wp\/v2\/posts\/43939\/revisions"}],"predecessor-version":[{"id":43941,"href":"https:\/\/www.vagadeempregorj.com.br\/es\/wp-json\/wp\/v2\/posts\/43939\/revisions\/43941"}],"wp:featuredmedia":[{"embeddable":true,"href":"https:\/\/www.vagadeempregorj.com.br\/es\/wp-json\/wp\/v2\/media\/43940"}],"wp:attachment":[{"href":"https:\/\/www.vagadeempregorj.com.br\/es\/wp-json\/wp\/v2\/media?parent=43939"}],"wp:term":[{"taxonomy":"category","embeddable":true,"href":"https:\/\/www.vagadeempregorj.com.br\/es\/wp-json\/wp\/v2\/categories?post=43939"},{"taxonomy":"post_tag","embeddable":true,"href":"https:\/\/www.vagadeempregorj.com.br\/es\/wp-json\/wp\/v2\/tags?post=43939"}],"curies":[{"name":"wp","href":"https:\/\/api.w.org\/{rel}","templated":true}]}}