{"id":43942,"date":"2026-04-05T12:49:48","date_gmt":"2026-04-05T15:49:48","guid":{"rendered":"https:\/\/www.vagadeempregorj.com.br\/?p=43942"},"modified":"2025-12-21T12:53:10","modified_gmt":"2025-12-21T15:53:10","slug":"beneficios-sociais-para-pessoas-com-deficiencia-inclusao-direitos-e-autonomia","status":"publish","type":"post","link":"https:\/\/www.vagadeempregorj.com.br\/es\/beneficios-sociais-para-pessoas-com-deficiencia-inclusao-direitos-e-autonomia\/","title":{"rendered":"Benef\u00edcios Sociais para Pessoas com Defici\u00eancia: Inclus\u00e3o, Direitos e Autonomia"},"content":{"rendered":"<p>Pessoas com defici\u00eancia enfrentam desafios que v\u00e3o al\u00e9m das limita\u00e7\u00f5es f\u00edsicas, sensoriais ou intelectuais. Muitas vezes, essas dificuldades s\u00e3o ampliadas por barreiras sociais, econ\u00f4micas e estruturais que dificultam o acesso ao trabalho, \u00e0 educa\u00e7\u00e3o, \u00e0 sa\u00fade e \u00e0 participa\u00e7\u00e3o plena na sociedade. Os benef\u00edcios sociais destinados a esse grupo existem justamente para reduzir essas desigualdades e promover inclus\u00e3o, autonomia e dignidade.<\/p>\n\n\n\n<p>Neste artigo, voc\u00ea vai entender como funcionam os benef\u00edcios sociais voltados \u00e0s pessoas com defici\u00eancia, qual \u00e9 a import\u00e2ncia dessas pol\u00edticas p\u00fablicas e de que forma elas contribuem para uma sociedade mais justa e acess\u00edvel.<\/p>\n\n\n\n<h2 class=\"wp-block-heading\">Por Que as Pessoas com Defici\u00eancia Precisam de Pol\u00edticas Espec\u00edficas?<\/h2>\n\n\n\n<p>A defici\u00eancia, por si s\u00f3, n\u00e3o define incapacidade. No entanto, quando combinada com falta de acessibilidade, preconceito e aus\u00eancia de apoio adequado, ela pode limitar significativamente as oportunidades de uma pessoa.<\/p>\n\n\n\n<p>Muitas pessoas com defici\u00eancia enfrentam dificuldades para ingressar e permanecer no mercado de trabalho, t\u00eam gastos adicionais com sa\u00fade, transporte ou equipamentos e dependem de apoio cont\u00ednuo. As pol\u00edticas sociais existem para equilibrar essas desvantagens e garantir igualdade de condi\u00e7\u00f5es.<\/p>\n\n\n\n<h2 class=\"wp-block-heading\">O Que S\u00e3o Benef\u00edcios Sociais para Pessoas com Defici\u00eancia?<\/h2>\n\n\n\n<p>Os benef\u00edcios sociais voltados \u00e0s pessoas com defici\u00eancia incluem aux\u00edlios financeiros, acesso priorit\u00e1rio a servi\u00e7os p\u00fablicos, programas de reabilita\u00e7\u00e3o, pol\u00edticas de inclus\u00e3o educacional e laboral, al\u00e9m de garantias legais que asseguram direitos b\u00e1sicos.<\/p>\n\n\n\n<p>Esses benef\u00edcios podem ser assistenciais, destinados a quem n\u00e3o possui renda suficiente, ou ligados \u00e0 inclus\u00e3o produtiva, com foco na autonomia e participa\u00e7\u00e3o ativa na sociedade.<\/p>\n\n\n\n<p>O objetivo central dessas pol\u00edticas n\u00e3o \u00e9 assistencialismo, mas inclus\u00e3o com dignidade.<\/p>\n\n\n\n<h2 class=\"wp-block-heading\">Apoio Financeiro e Seguran\u00e7a de Renda<\/h2>\n\n\n\n<p>A seguran\u00e7a financeira \u00e9 um dos pilares dos benef\u00edcios sociais para pessoas com defici\u00eancia. Muitas fam\u00edlias enfrentam dificuldades adicionais devido a despesas m\u00e9dicas, terapias, medicamentos, equipamentos de apoio e adapta\u00e7\u00f5es no ambiente dom\u00e9stico.<\/p>\n\n\n\n<p>O apoio financeiro ajuda a reduzir a vulnerabilidade econ\u00f4mica e garante condi\u00e7\u00f5es m\u00ednimas de subsist\u00eancia, permitindo que a pessoa com defici\u00eancia e sua fam\u00edlia tenham mais estabilidade e previsibilidade.<\/p>\n\n\n\n<p>Esse suporte n\u00e3o elimina desafios, mas reduz impactos que poderiam levar \u00e0 exclus\u00e3o social.<\/p>\n\n\n\n<h2 class=\"wp-block-heading\">Acesso \u00e0 Sa\u00fade, Reabilita\u00e7\u00e3o e Tratamento<\/h2>\n\n\n\n<p>O acesso cont\u00ednuo \u00e0 sa\u00fade \u00e9 essencial para pessoas com defici\u00eancia. Benef\u00edcios sociais garantem acompanhamento m\u00e9dico, terapias de reabilita\u00e7\u00e3o, fornecimento de medicamentos e acesso a servi\u00e7os especializados.<\/p>\n\n\n\n<p>A reabilita\u00e7\u00e3o n\u00e3o tem apenas car\u00e1ter cl\u00ednico, mas tamb\u00e9m funcional, buscando ampliar a autonomia, melhorar a qualidade de vida e possibilitar maior participa\u00e7\u00e3o social.<\/p>\n\n\n\n<p>Esses servi\u00e7os s\u00e3o fundamentais para prevenir agravamentos e promover bem-estar a longo prazo.<\/p>\n\n\n\n<h2 class=\"wp-block-heading\">Educa\u00e7\u00e3o Inclusiva como Ferramenta de Autonomia<\/h2>\n\n\n\n<p>A educa\u00e7\u00e3o \u00e9 um dos principais caminhos para a inclus\u00e3o social. Benef\u00edcios sociais voltados \u00e0s pessoas com defici\u00eancia incentivam o acesso \u00e0 educa\u00e7\u00e3o inclusiva, com adapta\u00e7\u00f5es, recursos de apoio e acompanhamento especializado.<\/p>\n\n\n\n<p>Garantir que crian\u00e7as, jovens e adultos com defici\u00eancia possam estudar em ambientes adequados \u00e9 essencial para o desenvolvimento de habilidades, fortalecimento da autoestima e amplia\u00e7\u00e3o de oportunidades futuras.<\/p>\n\n\n\n<h2 class=\"wp-block-heading\">Inclus\u00e3o no Mercado de Trabalho<\/h2>\n\n\n\n<p>A inclus\u00e3o laboral \u00e9 um dos maiores desafios para pessoas com defici\u00eancia. Pol\u00edticas p\u00fablicas e benef\u00edcios sociais atuam para estimular a contrata\u00e7\u00e3o, garantir adapta\u00e7\u00f5es no ambiente de trabalho e combater o preconceito.<\/p>\n\n\n\n<p>Trabalhar n\u00e3o \u00e9 apenas uma quest\u00e3o de renda, mas de pertencimento, autonomia e reconhecimento social. Benef\u00edcios sociais devem caminhar junto com pol\u00edticas de empregabilidade, n\u00e3o em oposi\u00e7\u00e3o a elas.<\/p>\n\n\n\n<h2 class=\"wp-block-heading\">Acessibilidade Como Direito B\u00e1sico<\/h2>\n\n\n\n<p>A acessibilidade \u00e9 um direito fundamental e envolve muito mais do que rampas e elevadores. Inclui transporte adaptado, comunica\u00e7\u00e3o acess\u00edvel, tecnologias assistivas e ambientes inclusivos.<\/p>\n\n\n\n<p>Os benef\u00edcios sociais contribuem para ampliar o acesso a esses recursos, reduzindo barreiras que impedem a participa\u00e7\u00e3o plena na sociedade.<\/p>\n\n\n\n<p>Sem acessibilidade, outros direitos se tornam invi\u00e1veis.<\/p>\n\n\n\n<h2 class=\"wp-block-heading\">Prote\u00e7\u00e3o Contra Discrimina\u00e7\u00e3o e Viola\u00e7\u00e3o de Direitos<\/h2>\n\n\n\n<p>Pessoas com defici\u00eancia ainda enfrentam discrimina\u00e7\u00e3o e exclus\u00e3o em diversos contextos. As pol\u00edticas sociais incluem mecanismos de prote\u00e7\u00e3o legal, orienta\u00e7\u00e3o e acompanhamento para garantir que os direitos sejam respeitados.<\/p>\n\n\n\n<p>Essa prote\u00e7\u00e3o \u00e9 essencial para combater abusos, garantir igualdade de tratamento e promover uma cultura de respeito e inclus\u00e3o.<\/p>\n\n\n\n<h2 class=\"wp-block-heading\">Import\u00e2ncia da Informa\u00e7\u00e3o e do Acesso aos Benef\u00edcios<\/h2>\n\n\n\n<p>Muitas pessoas com defici\u00eancia e suas fam\u00edlias desconhecem os benef\u00edcios dispon\u00edveis ou enfrentam dificuldades para acess\u00e1-los. Barreiras burocr\u00e1ticas, falta de informa\u00e7\u00e3o clara e limita\u00e7\u00f5es de acesso aos canais digitais s\u00e3o obst\u00e1culos comuns.<\/p>\n\n\n\n<p>Garantir orienta\u00e7\u00e3o acess\u00edvel e informa\u00e7\u00f5es confi\u00e1veis \u00e9 parte fundamental da pol\u00edtica de inclus\u00e3o.<\/p>\n\n\n\n<h2 class=\"wp-block-heading\">Impacto Social dos Benef\u00edcios para Pessoas com Defici\u00eancia<\/h2>\n\n\n\n<p>Quando pessoas com defici\u00eancia t\u00eam acesso a benef\u00edcios sociais adequados, toda a sociedade se beneficia. A inclus\u00e3o fortalece a diversidade, amplia a participa\u00e7\u00e3o econ\u00f4mica e promove justi\u00e7a social.<\/p>\n\n\n\n<p>Essas pol\u00edticas n\u00e3o s\u00e3o custos, mas investimentos em capital humano e social.<\/p>\n\n\n\n<h2 class=\"wp-block-heading\">Desafios e Caminhos para Avan\u00e7o<\/h2>\n\n\n\n<p>Apesar dos avan\u00e7os, ainda existem desafios na amplia\u00e7\u00e3o da cobertura, melhoria dos servi\u00e7os e combate \u00e0 desinforma\u00e7\u00e3o. A constru\u00e7\u00e3o de uma sociedade verdadeiramente inclusiva exige compromisso cont\u00ednuo do Estado e da sociedade.<\/p>\n\n\n\n<h2 class=\"wp-block-heading\">Conclus\u00e3o<\/h2>\n\n\n\n<p>Os benef\u00edcios sociais para pessoas com defici\u00eancia s\u00e3o instrumentos essenciais de inclus\u00e3o, autonomia e dignidade. Eles reconhecem desigualdades estruturais e buscam garantir igualdade de oportunidades.<\/p>\n\n\n\n<p>Promover inclus\u00e3o n\u00e3o \u00e9 apenas cumprir a lei, mas construir uma sociedade mais justa, acess\u00edvel e humana para todos.<\/p>","protected":false},"excerpt":{"rendered":"<p>Pessoas com defici\u00eancia enfrentam desafios que v\u00e3o al\u00e9m das limita\u00e7\u00f5es f\u00edsicas, sensoriais ou intelectuais. Muitas vezes, essas dificuldades s\u00e3o ampliadas por barreiras sociais, econ\u00f4micas e estruturais que dificultam o acesso ao trabalho, \u00e0 educa\u00e7\u00e3o, \u00e0 sa\u00fade e \u00e0 participa\u00e7\u00e3o plena na sociedade. Os benef\u00edcios sociais destinados a esse grupo existem justamente para reduzir essas desigualdades&hellip;&nbsp;<\/p>","protected":false},"author":1,"featured_media":43943,"comment_status":"closed","ping_status":"closed","sticky":false,"template":"","format":"standard","meta":{"neve_meta_sidebar":"","neve_meta_container":"","neve_meta_enable_content_width":"","neve_meta_content_width":0,"neve_meta_title_alignment":"","neve_meta_author_avatar":"","neve_post_elements_order":"","neve_meta_disable_header":"","neve_meta_disable_footer":"","neve_meta_disable_title":"","footnotes":""},"categories":[1],"tags":[],"class_list":["post-43942","post","type-post","status-publish","format-standard","has-post-thumbnail","hentry","category-beneficios-sociais"],"yoast_head":"<!-- This site is optimized with the Yoast SEO plugin v27.5 - https:\/\/yoast.com\/product\/yoast-seo-wordpress\/ -->\n<title>Benef\u00edcios Sociais para Pessoas com Defici\u00eancia: Inclus\u00e3o, Direitos e Autonomia -<\/title>\n<meta name=\"description\" content=\"Veja em Vagas de Emprego RJ as vagas de emprego com e sem experi\u00eancia no seu Estado e Regi\u00e3o!\" \/>\n<meta name=\"robots\" content=\"index, follow, max-snippet:-1, max-image-preview:large, max-video-preview:-1\" \/>\n<link rel=\"canonical\" href=\"https:\/\/www.vagadeempregorj.com.br\/es\/beneficios-sociais-para-pessoas-com-deficiencia-inclusao-direitos-e-autonomia\/\" \/>\n<meta property=\"og:locale\" content=\"es_MX\" \/>\n<meta property=\"og:type\" content=\"article\" \/>\n<meta property=\"og:title\" content=\"Benef\u00edcios Sociais para Pessoas com Defici\u00eancia: Inclus\u00e3o, Direitos e Autonomia -\" \/>\n<meta property=\"og:description\" content=\"Veja em Vagas de Emprego RJ as vagas de emprego com e sem experi\u00eancia no seu Estado e Regi\u00e3o!\" \/>\n<meta property=\"og:url\" content=\"https:\/\/www.vagadeempregorj.com.br\/es\/beneficios-sociais-para-pessoas-com-deficiencia-inclusao-direitos-e-autonomia\/\" \/>\n<meta property=\"article:publisher\" content=\"https:\/\/www.facebook.com\/empregobrasiloficial\" \/>\n<meta property=\"article:published_time\" content=\"2026-04-05T15:49:48+00:00\" \/>\n<meta property=\"og:image\" content=\"https:\/\/www.vagadeempregorj.com.br\/wp-content\/uploads\/2025\/12\/beneficio-deficiente.png\" \/>\n\t<meta property=\"og:image:width\" content=\"1536\" \/>\n\t<meta property=\"og:image:height\" content=\"1024\" \/>\n\t<meta property=\"og:image:type\" content=\"image\/png\" \/>\n<meta name=\"author\" content=\"Ana B.\" \/>\n<meta name=\"twitter:card\" content=\"summary_large_image\" \/>\n<meta name=\"twitter:label1\" content=\"Written by\" \/>\n\t<meta name=\"twitter:data1\" content=\"Ana B.\" \/>\n\t<meta name=\"twitter:label2\" content=\"Est. reading time\" \/>\n\t<meta name=\"twitter:data2\" content=\"5 minutos\" \/>\n<script type=\"application\/ld+json\" class=\"yoast-schema-graph\">{\"@context\":\"https:\\\/\\\/schema.org\",\"@graph\":[{\"@type\":\"Article\",\"@id\":\"https:\\\/\\\/www.vagadeempregorj.com.br\\\/beneficios-sociais-para-pessoas-com-deficiencia-inclusao-direitos-e-autonomia\\\/#article\",\"isPartOf\":{\"@id\":\"https:\\\/\\\/www.vagadeempregorj.com.br\\\/beneficios-sociais-para-pessoas-com-deficiencia-inclusao-direitos-e-autonomia\\\/\"},\"author\":{\"name\":\"Ana B.\",\"@id\":\"https:\\\/\\\/www.vagadeempregorj.com.br\\\/#\\\/schema\\\/person\\\/c0c38d5d765e86c3b7c8f12fb1ae6477\"},\"headline\":\"Benef\u00edcios Sociais para Pessoas com Defici\u00eancia: Inclus\u00e3o, Direitos e Autonomia\",\"datePublished\":\"2026-04-05T15:49:48+00:00\",\"mainEntityOfPage\":{\"@id\":\"https:\\\/\\\/www.vagadeempregorj.com.br\\\/beneficios-sociais-para-pessoas-com-deficiencia-inclusao-direitos-e-autonomia\\\/\"},\"wordCount\":998,\"image\":{\"@id\":\"https:\\\/\\\/www.vagadeempregorj.com.br\\\/beneficios-sociais-para-pessoas-com-deficiencia-inclusao-direitos-e-autonomia\\\/#primaryimage\"},\"thumbnailUrl\":\"https:\\\/\\\/www.vagadeempregorj.com.br\\\/wp-content\\\/uploads\\\/2025\\\/12\\\/beneficio-deficiente.png\",\"articleSection\":[\"Benef\u00edcios Sociais\"],\"inLanguage\":\"es\"},{\"@type\":\"WebPage\",\"@id\":\"https:\\\/\\\/www.vagadeempregorj.com.br\\\/beneficios-sociais-para-pessoas-com-deficiencia-inclusao-direitos-e-autonomia\\\/\",\"url\":\"https:\\\/\\\/www.vagadeempregorj.com.br\\\/beneficios-sociais-para-pessoas-com-deficiencia-inclusao-direitos-e-autonomia\\\/\",\"name\":\"Benef\u00edcios Sociais para Pessoas com Defici\u00eancia: Inclus\u00e3o, Direitos e Autonomia -\",\"isPartOf\":{\"@id\":\"https:\\\/\\\/www.vagadeempregorj.com.br\\\/#website\"},\"primaryImageOfPage\":{\"@id\":\"https:\\\/\\\/www.vagadeempregorj.com.br\\\/beneficios-sociais-para-pessoas-com-deficiencia-inclusao-direitos-e-autonomia\\\/#primaryimage\"},\"image\":{\"@id\":\"https:\\\/\\\/www.vagadeempregorj.com.br\\\/beneficios-sociais-para-pessoas-com-deficiencia-inclusao-direitos-e-autonomia\\\/#primaryimage\"},\"thumbnailUrl\":\"https:\\\/\\\/www.vagadeempregorj.com.br\\\/wp-content\\\/uploads\\\/2025\\\/12\\\/beneficio-deficiente.png\",\"datePublished\":\"2026-04-05T15:49:48+00:00\",\"author\":{\"@id\":\"https:\\\/\\\/www.vagadeempregorj.com.br\\\/#\\\/schema\\\/person\\\/c0c38d5d765e86c3b7c8f12fb1ae6477\"},\"description\":\"Veja em Vagas de Emprego RJ as vagas de emprego com e sem experi\u00eancia no seu Estado e Regi\u00e3o!\",\"breadcrumb\":{\"@id\":\"https:\\\/\\\/www.vagadeempregorj.com.br\\\/beneficios-sociais-para-pessoas-com-deficiencia-inclusao-direitos-e-autonomia\\\/#breadcrumb\"},\"inLanguage\":\"es\",\"potentialAction\":[{\"@type\":\"ReadAction\",\"target\":[\"https:\\\/\\\/www.vagadeempregorj.com.br\\\/beneficios-sociais-para-pessoas-com-deficiencia-inclusao-direitos-e-autonomia\\\/\"]}]},{\"@type\":\"ImageObject\",\"inLanguage\":\"es\",\"@id\":\"https:\\\/\\\/www.vagadeempregorj.com.br\\\/beneficios-sociais-para-pessoas-com-deficiencia-inclusao-direitos-e-autonomia\\\/#primaryimage\",\"url\":\"https:\\\/\\\/www.vagadeempregorj.com.br\\\/wp-content\\\/uploads\\\/2025\\\/12\\\/beneficio-deficiente.png\",\"contentUrl\":\"https:\\\/\\\/www.vagadeempregorj.com.br\\\/wp-content\\\/uploads\\\/2025\\\/12\\\/beneficio-deficiente.png\",\"width\":1536,\"height\":1024},{\"@type\":\"BreadcrumbList\",\"@id\":\"https:\\\/\\\/www.vagadeempregorj.com.br\\\/beneficios-sociais-para-pessoas-com-deficiencia-inclusao-direitos-e-autonomia\\\/#breadcrumb\",\"itemListElement\":[{\"@type\":\"ListItem\",\"position\":1,\"name\":\"In\u00edcio\",\"item\":\"https:\\\/\\\/www.vagadeempregorj.com.br\\\/\"},{\"@type\":\"ListItem\",\"position\":2,\"name\":\"Benef\u00edcios Sociais\",\"item\":\"https:\\\/\\\/www.vagadeempregorj.com.br\\\/beneficios-sociais\\\/\"},{\"@type\":\"ListItem\",\"position\":3,\"name\":\"Benef\u00edcios Sociais para Pessoas com Defici\u00eancia: Inclus\u00e3o, Direitos e Autonomia\"}]},{\"@type\":\"WebSite\",\"@id\":\"https:\\\/\\\/www.vagadeempregorj.com.br\\\/#website\",\"url\":\"https:\\\/\\\/www.vagadeempregorj.com.br\\\/\",\"name\":\"\",\"description\":\"Conquiste Sonhos: Vagas, Benef\u00edcios e Economia para Transformar Vidas e Alcan\u00e7ar Melhorias Cotidianas\",\"potentialAction\":[{\"@type\":\"SearchAction\",\"target\":{\"@type\":\"EntryPoint\",\"urlTemplate\":\"https:\\\/\\\/www.vagadeempregorj.com.br\\\/?s={search_term_string}\"},\"query-input\":{\"@type\":\"PropertyValueSpecification\",\"valueRequired\":true,\"valueName\":\"search_term_string\"}}],\"inLanguage\":\"es\"},{\"@type\":\"Person\",\"@id\":\"https:\\\/\\\/www.vagadeempregorj.com.br\\\/#\\\/schema\\\/person\\\/c0c38d5d765e86c3b7c8f12fb1ae6477\",\"name\":\"Ana B.\",\"image\":{\"@type\":\"ImageObject\",\"inLanguage\":\"es\",\"@id\":\"https:\\\/\\\/secure.gravatar.com\\\/avatar\\\/f5efa58599e07f8dd92f26c7cfbc442fd115582bc681245452e503c2ef2334f3?s=96&r=g\",\"url\":\"https:\\\/\\\/secure.gravatar.com\\\/avatar\\\/f5efa58599e07f8dd92f26c7cfbc442fd115582bc681245452e503c2ef2334f3?s=96&r=g\",\"contentUrl\":\"https:\\\/\\\/secure.gravatar.com\\\/avatar\\\/f5efa58599e07f8dd92f26c7cfbc442fd115582bc681245452e503c2ef2334f3?s=96&r=g\",\"caption\":\"Ana B.\"},\"description\":\"Meu nome \u00e9 Ana e sou apaixonada em escrever. Dedico meu tempo escrevendo not\u00edcias e vagas de emprego diariamente no portal Vaga de Emprego RJ.\",\"url\":\"https:\\\/\\\/www.vagadeempregorj.com.br\\\/es\\\/author\\\/vgrj\\\/\"}]}<\/script>\n<!-- \/ Yoast SEO plugin. -->","yoast_head_json":{"title":"Benef\u00edcios Sociais para Pessoas com Defici\u00eancia: Inclus\u00e3o, Direitos e Autonomia -","description":"Veja em Vagas de Emprego RJ as vagas de emprego com e sem experi\u00eancia no seu Estado e Regi\u00e3o!","robots":{"index":"index","follow":"follow","max-snippet":"max-snippet:-1","max-image-preview":"max-image-preview:large","max-video-preview":"max-video-preview:-1"},"canonical":"https:\/\/www.vagadeempregorj.com.br\/es\/beneficios-sociais-para-pessoas-com-deficiencia-inclusao-direitos-e-autonomia\/","og_locale":"es_MX","og_type":"article","og_title":"Benef\u00edcios Sociais para Pessoas com Defici\u00eancia: Inclus\u00e3o, Direitos e Autonomia -","og_description":"Veja em Vagas de Emprego RJ as vagas de emprego com e sem experi\u00eancia no seu Estado e Regi\u00e3o!","og_url":"https:\/\/www.vagadeempregorj.com.br\/es\/beneficios-sociais-para-pessoas-com-deficiencia-inclusao-direitos-e-autonomia\/","article_publisher":"https:\/\/www.facebook.com\/empregobrasiloficial","article_published_time":"2026-04-05T15:49:48+00:00","og_image":[{"width":1536,"height":1024,"url":"https:\/\/www.vagadeempregorj.com.br\/wp-content\/uploads\/2025\/12\/beneficio-deficiente.png","type":"image\/png"}],"author":"Ana B.","twitter_card":"summary_large_image","twitter_misc":{"Written by":"Ana B.","Est. reading time":"5 minutos"},"schema":{"@context":"https:\/\/schema.org","@graph":[{"@type":"Article","@id":"https:\/\/www.vagadeempregorj.com.br\/beneficios-sociais-para-pessoas-com-deficiencia-inclusao-direitos-e-autonomia\/#article","isPartOf":{"@id":"https:\/\/www.vagadeempregorj.com.br\/beneficios-sociais-para-pessoas-com-deficiencia-inclusao-direitos-e-autonomia\/"},"author":{"name":"Ana B.","@id":"https:\/\/www.vagadeempregorj.com.br\/#\/schema\/person\/c0c38d5d765e86c3b7c8f12fb1ae6477"},"headline":"Benef\u00edcios Sociais para Pessoas com Defici\u00eancia: Inclus\u00e3o, Direitos e Autonomia","datePublished":"2026-04-05T15:49:48+00:00","mainEntityOfPage":{"@id":"https:\/\/www.vagadeempregorj.com.br\/beneficios-sociais-para-pessoas-com-deficiencia-inclusao-direitos-e-autonomia\/"},"wordCount":998,"image":{"@id":"https:\/\/www.vagadeempregorj.com.br\/beneficios-sociais-para-pessoas-com-deficiencia-inclusao-direitos-e-autonomia\/#primaryimage"},"thumbnailUrl":"https:\/\/www.vagadeempregorj.com.br\/wp-content\/uploads\/2025\/12\/beneficio-deficiente.png","articleSection":["Benef\u00edcios Sociais"],"inLanguage":"es"},{"@type":"WebPage","@id":"https:\/\/www.vagadeempregorj.com.br\/beneficios-sociais-para-pessoas-com-deficiencia-inclusao-direitos-e-autonomia\/","url":"https:\/\/www.vagadeempregorj.com.br\/beneficios-sociais-para-pessoas-com-deficiencia-inclusao-direitos-e-autonomia\/","name":"Benef\u00edcios Sociais para Pessoas com Defici\u00eancia: Inclus\u00e3o, Direitos e Autonomia -","isPartOf":{"@id":"https:\/\/www.vagadeempregorj.com.br\/#website"},"primaryImageOfPage":{"@id":"https:\/\/www.vagadeempregorj.com.br\/beneficios-sociais-para-pessoas-com-deficiencia-inclusao-direitos-e-autonomia\/#primaryimage"},"image":{"@id":"https:\/\/www.vagadeempregorj.com.br\/beneficios-sociais-para-pessoas-com-deficiencia-inclusao-direitos-e-autonomia\/#primaryimage"},"thumbnailUrl":"https:\/\/www.vagadeempregorj.com.br\/wp-content\/uploads\/2025\/12\/beneficio-deficiente.png","datePublished":"2026-04-05T15:49:48+00:00","author":{"@id":"https:\/\/www.vagadeempregorj.com.br\/#\/schema\/person\/c0c38d5d765e86c3b7c8f12fb1ae6477"},"description":"Veja em Vagas de Emprego RJ as vagas de emprego com e sem experi\u00eancia no seu Estado e Regi\u00e3o!","breadcrumb":{"@id":"https:\/\/www.vagadeempregorj.com.br\/beneficios-sociais-para-pessoas-com-deficiencia-inclusao-direitos-e-autonomia\/#breadcrumb"},"inLanguage":"es","potentialAction":[{"@type":"ReadAction","target":["https:\/\/www.vagadeempregorj.com.br\/beneficios-sociais-para-pessoas-com-deficiencia-inclusao-direitos-e-autonomia\/"]}]},{"@type":"ImageObject","inLanguage":"es","@id":"https:\/\/www.vagadeempregorj.com.br\/beneficios-sociais-para-pessoas-com-deficiencia-inclusao-direitos-e-autonomia\/#primaryimage","url":"https:\/\/www.vagadeempregorj.com.br\/wp-content\/uploads\/2025\/12\/beneficio-deficiente.png","contentUrl":"https:\/\/www.vagadeempregorj.com.br\/wp-content\/uploads\/2025\/12\/beneficio-deficiente.png","width":1536,"height":1024},{"@type":"BreadcrumbList","@id":"https:\/\/www.vagadeempregorj.com.br\/beneficios-sociais-para-pessoas-com-deficiencia-inclusao-direitos-e-autonomia\/#breadcrumb","itemListElement":[{"@type":"ListItem","position":1,"name":"In\u00edcio","item":"https:\/\/www.vagadeempregorj.com.br\/"},{"@type":"ListItem","position":2,"name":"Benef\u00edcios Sociais","item":"https:\/\/www.vagadeempregorj.com.br\/beneficios-sociais\/"},{"@type":"ListItem","position":3,"name":"Benef\u00edcios Sociais para Pessoas com Defici\u00eancia: Inclus\u00e3o, Direitos e Autonomia"}]},{"@type":"WebSite","@id":"https:\/\/www.vagadeempregorj.com.br\/#website","url":"https:\/\/www.vagadeempregorj.com.br\/","name":"","description":"Conquiste Sonhos: Vagas, Benef\u00edcios e Economia para Transformar Vidas e Alcan\u00e7ar Melhorias Cotidianas","potentialAction":[{"@type":"SearchAction","target":{"@type":"EntryPoint","urlTemplate":"https:\/\/www.vagadeempregorj.com.br\/?s={search_term_string}"},"query-input":{"@type":"PropertyValueSpecification","valueRequired":true,"valueName":"search_term_string"}}],"inLanguage":"es"},{"@type":"Person","@id":"https:\/\/www.vagadeempregorj.com.br\/#\/schema\/person\/c0c38d5d765e86c3b7c8f12fb1ae6477","name":"Ana B.","image":{"@type":"ImageObject","inLanguage":"es","@id":"https:\/\/secure.gravatar.com\/avatar\/f5efa58599e07f8dd92f26c7cfbc442fd115582bc681245452e503c2ef2334f3?s=96&r=g","url":"https:\/\/secure.gravatar.com\/avatar\/f5efa58599e07f8dd92f26c7cfbc442fd115582bc681245452e503c2ef2334f3?s=96&r=g","contentUrl":"https:\/\/secure.gravatar.com\/avatar\/f5efa58599e07f8dd92f26c7cfbc442fd115582bc681245452e503c2ef2334f3?s=96&r=g","caption":"Ana B."},"description":"Meu nome \u00e9 Ana e sou apaixonada em escrever. Dedico meu tempo escrevendo not\u00edcias e vagas de emprego diariamente no portal Vaga de Emprego RJ.","url":"https:\/\/www.vagadeempregorj.com.br\/es\/author\/vgrj\/"}]}},"_links":{"self":[{"href":"https:\/\/www.vagadeempregorj.com.br\/es\/wp-json\/wp\/v2\/posts\/43942","targetHints":{"allow":["GET"]}}],"collection":[{"href":"https:\/\/www.vagadeempregorj.com.br\/es\/wp-json\/wp\/v2\/posts"}],"about":[{"href":"https:\/\/www.vagadeempregorj.com.br\/es\/wp-json\/wp\/v2\/types\/post"}],"author":[{"embeddable":true,"href":"https:\/\/www.vagadeempregorj.com.br\/es\/wp-json\/wp\/v2\/users\/1"}],"replies":[{"embeddable":true,"href":"https:\/\/www.vagadeempregorj.com.br\/es\/wp-json\/wp\/v2\/comments?post=43942"}],"version-history":[{"count":1,"href":"https:\/\/www.vagadeempregorj.com.br\/es\/wp-json\/wp\/v2\/posts\/43942\/revisions"}],"predecessor-version":[{"id":43944,"href":"https:\/\/www.vagadeempregorj.com.br\/es\/wp-json\/wp\/v2\/posts\/43942\/revisions\/43944"}],"wp:featuredmedia":[{"embeddable":true,"href":"https:\/\/www.vagadeempregorj.com.br\/es\/wp-json\/wp\/v2\/media\/43943"}],"wp:attachment":[{"href":"https:\/\/www.vagadeempregorj.com.br\/es\/wp-json\/wp\/v2\/media?parent=43942"}],"wp:term":[{"taxonomy":"category","embeddable":true,"href":"https:\/\/www.vagadeempregorj.com.br\/es\/wp-json\/wp\/v2\/categories?post=43942"},{"taxonomy":"post_tag","embeddable":true,"href":"https:\/\/www.vagadeempregorj.com.br\/es\/wp-json\/wp\/v2\/tags?post=43942"}],"curies":[{"name":"wp","href":"https:\/\/api.w.org\/{rel}","templated":true}]}}