{"id":43949,"date":"2026-07-05T13:00:34","date_gmt":"2026-07-05T16:00:34","guid":{"rendered":"https:\/\/www.vagadeempregorj.com.br\/?p=43949"},"modified":"2025-12-21T13:04:48","modified_gmt":"2025-12-21T16:04:48","slug":"beneficios-sociales-centrados-en-la-educacion-el-acceso-la-retencion-y-la-igualdad-de-oportunidades","status":"publish","type":"post","link":"https:\/\/www.vagadeempregorj.com.br\/es\/beneficios-sociais-voltados-a-educacao-acesso-permanencia-e-igualdade-de-oportunidades\/","title":{"rendered":"Beneficios sociales centrados en la educaci\u00f3n: acceso, retenci\u00f3n e igualdad de oportunidades."},"content":{"rendered":"<p class=\"wp-block-paragraph\">La educaci\u00f3n es una de las herramientas m\u00e1s poderosas para la transformaci\u00f3n social. Sin embargo, para millones de brasile\u00f1os, estudiar no es solo cuesti\u00f3n de voluntad, sino tambi\u00e9n de condiciones materiales. La falta de ingresos, las dificultades de transporte, la necesidad de trabajar desde temprana edad y la ausencia de apoyo familiar son obst\u00e1culos que alejan a ni\u00f1os, j\u00f3venes y adultos del sistema educativo. Los beneficios sociales destinados a la educaci\u00f3n existen precisamente para reducir estas barreras y ampliar el acceso al conocimiento.<\/p>\n\n\n\n<p class=\"wp-block-paragraph\">En este art\u00edculo, comprender\u00e1s c\u00f3mo funcionan las prestaciones sociales vinculadas a la educaci\u00f3n, por qu\u00e9 son fundamentales para reducir las desigualdades y c\u00f3mo contribuyen a generar oportunidades reales a lo largo de la vida.<\/p>\n\n\n\n<h2 class=\"wp-block-heading\">La educaci\u00f3n como derecho social<\/h2>\n\n\n\n<p class=\"wp-block-paragraph\">En Brasil, la educaci\u00f3n se reconoce como un derecho social fundamental. Esto significa que el Estado tiene la responsabilidad de garantizar no solo el acceso a la escuela, sino tambi\u00e9n las condiciones para que el estudiante permanezca en ella y complete su educaci\u00f3n.<\/p>\n\n\n\n<p class=\"wp-block-paragraph\">Los beneficios sociales centrados en la educaci\u00f3n surgen para complementar el sistema educativo, ofreciendo apoyo financiero, estructural y social a los estudiantes en situaciones vulnerables. Sin este apoyo, muchos abandonar\u00edan los estudios antes de alcanzar niveles educativos superiores.<\/p>\n\n\n\n<h2 class=\"wp-block-heading\">\u00bfCu\u00e1les son los beneficios sociales vinculados a la educaci\u00f3n?<\/h2>\n\n\n\n<p class=\"wp-block-paragraph\">Estos beneficios incluyen ayuda financiera, programas de apoyo estudiantil, acceso facilitado a servicios educativos, suministro de materiales, transporte y comidas escolares. Tambi\u00e9n abarcan pol\u00edticas de inclusi\u00f3n que buscan garantizar la igualdad de oportunidades para los grupos hist\u00f3ricamente excluidos.<\/p>\n\n\n\n<p class=\"wp-block-paragraph\">El objetivo principal no es solo conseguir que el alumno ingrese en la escuela, sino asegurar que pueda permanecer en ella, aprender y desarrollarse plenamente.<\/p>\n\n\n\n<h2 class=\"wp-block-heading\">La retenci\u00f3n escolar como desaf\u00edo central<\/h2>\n\n\n\n<p class=\"wp-block-paragraph\">Uno de los mayores desaf\u00edos que enfrenta el sistema educativo brasile\u00f1o no es el acceso inicial, sino la retenci\u00f3n estudiantil. Muchos ni\u00f1os y j\u00f3venes abandonan la escuela debido a dificultades econ\u00f3micas, la necesidad de contribuir a los ingresos familiares o la falta de infraestructura adecuada.<\/p>\n\n\n\n<p class=\"wp-block-paragraph\">Las ayudas sociales centradas en la educaci\u00f3n abordan directamente este problema, ofreciendo apoyo para que los estudiantes no tengan que elegir entre estudiar y sobrevivir. Esto es especialmente importante en contextos de pobreza y vulnerabilidad social.<\/p>\n\n\n\n<h2 class=\"wp-block-heading\">Alimentaci\u00f3n escolar y seguridad nutricional<\/h2>\n\n\n\n<p class=\"wp-block-paragraph\">Las comidas escolares son uno de los beneficios sociales m\u00e1s importantes vinculados a la educaci\u00f3n. Para muchos ni\u00f1os, la comida que se ofrece en la escuela es la principal comida del d\u00eda.<\/p>\n\n\n\n<p class=\"wp-block-paragraph\">Garantizar una nutrici\u00f3n adecuada contribuye no solo a la salud, sino tambi\u00e9n al rendimiento escolar. Los ni\u00f1os bien nutridos aprenden mejor, faltan menos a clase y muestran mayor concentraci\u00f3n.<\/p>\n\n\n\n<h2 class=\"wp-block-heading\">Transporte escolar y acceso a la escuela<\/h2>\n\n\n\n<p class=\"wp-block-paragraph\">En las zonas rurales o regiones remotas, el transporte es uno de los principales obst\u00e1culos para acceder a la educaci\u00f3n. Las prestaciones sociales que garantizan un transporte escolar seguro y regular son esenciales para reducir las tasas de abandono escolar y asegurar la igualdad de acceso.<\/p>\n\n\n\n<p class=\"wp-block-paragraph\">Sin un transporte adecuado, muchos estudiantes simplemente no pueden asistir a la escuela con regularidad.<\/p>\n\n\n\n<h2 class=\"wp-block-heading\">Apoyo financiero e inclusi\u00f3n educativa<\/h2>\n\n\n\n<p class=\"wp-block-paragraph\">La ayuda financiera destinada espec\u00edficamente a la educaci\u00f3n ayuda a las familias a cubrir gastos indirectos como material escolar, uniformes, transporte y comidas complementarias. Este apoyo reduce la presi\u00f3n econ\u00f3mica sobre el estudiante y su familia.<\/p>\n\n\n\n<p class=\"wp-block-paragraph\">Al mitigar estas dificultades, las prestaciones sociales crean un entorno m\u00e1s favorable para el aprendizaje y la continuaci\u00f3n de los estudios.<\/p>\n\n\n\n<h2 class=\"wp-block-heading\">Educaci\u00f3n y movilidad social<\/h2>\n\n\n\n<p class=\"wp-block-paragraph\">La relaci\u00f3n entre educaci\u00f3n y movilidad social es directa. Cuanto mayor sea el nivel educativo, mayores ser\u00e1n las posibilidades de acceder al mercado laboral y mejorar los ingresos a lo largo de la vida.<\/p>\n\n\n\n<p class=\"wp-block-paragraph\">Las prestaciones sociales centradas en la educaci\u00f3n no solo ayudan a las personas, sino que tambi\u00e9n contribuyen a reducir las desigualdades estructurales en la sociedad, creando oportunidades m\u00e1s equitativas entre los diferentes grupos sociales.<\/p>\n\n\n\n<h2 class=\"wp-block-heading\">Inclusi\u00f3n de grupos vulnerables<\/h2>\n\n\n\n<p class=\"wp-block-paragraph\">Los beneficios educativos tambi\u00e9n desempe\u00f1an un papel fundamental en la inclusi\u00f3n de las personas con discapacidad, las poblaciones rurales, las comunidades tradicionales y los estudiantes en situaciones de extrema vulnerabilidad.<\/p>\n\n\n\n<p class=\"wp-block-paragraph\">Estas pol\u00edticas reconocen que tratar a todos por igual no siempre genera equidad. Por lo tanto, ofrecen apoyo diferenciado para garantizar condiciones justas de acceso y permanencia.<\/p>\n\n\n\n<h2 class=\"wp-block-heading\">Educaci\u00f3n para j\u00f3venes y adultos<\/h2>\n\n\n\n<p class=\"wp-block-paragraph\">Muchos adultos no tuvieron la oportunidad de completar sus estudios a la edad adecuada. Las ayudas sociales destinadas a la educaci\u00f3n de j\u00f3venes y adultos ampl\u00edan el acceso a la escolarizaci\u00f3n y la formaci\u00f3n profesional, promoviendo la inclusi\u00f3n social y econ\u00f3mica.<\/p>\n\n\n\n<p class=\"wp-block-paragraph\">Retomar los estudios en la edad adulta puede representar un cambio significativo en la trayectoria personal y profesional de una persona.<\/p>\n\n\n\n<h2 class=\"wp-block-heading\">Importancia de la informaci\u00f3n y el acceso a los beneficios<\/h2>\n\n\n\n<p class=\"wp-block-paragraph\">Muchos estudiantes y familias se pierden beneficios educativos por falta de informaci\u00f3n o dificultades para acceder a ella. Las barreras burocr\u00e1ticas y la falta de orientaci\u00f3n siguen siendo problemas recurrentes.<\/p>\n\n\n\n<p class=\"wp-block-paragraph\">Garantizar informaci\u00f3n clara y accesible es fundamental para que estas prestaciones cumplan su funci\u00f3n social.<\/p>\n\n\n\n<h2 class=\"wp-block-heading\">Impacto social de los beneficios educativos<\/h2>\n\n\n\n<p class=\"wp-block-paragraph\">Los beneficios sociales vinculados a la educaci\u00f3n generan un impacto positivo a largo plazo. Una poblaci\u00f3n m\u00e1s educada contribuye al desarrollo econ\u00f3mico, social y cultural del pa\u00eds.<\/p>\n\n\n\n<p class=\"wp-block-paragraph\">Invertir en educaci\u00f3n es invertir en el futuro, la innovaci\u00f3n y la justicia social.<\/p>\n\n\n\n<h2 class=\"wp-block-heading\">Conclusi\u00f3n<\/h2>\n\n\n\n<p class=\"wp-block-paragraph\">Las prestaciones sociales centradas en la educaci\u00f3n son instrumentos fundamentales para garantizar el acceso, la permanencia y la igualdad de oportunidades dentro del sistema educativo. Reducen las barreras econ\u00f3micas, promueven la inclusi\u00f3n y fortalecen el desarrollo humano.<\/p>\n\n\n\n<p class=\"wp-block-paragraph\">Al apoyar a los estudiantes en situaciones de vulnerabilidad, el Estado contribuye a construir una sociedad m\u00e1s justa, preparada y menos desigual.<\/p>\n\n\n\n<p class=\"wp-block-paragraph\"><\/p>","protected":false},"excerpt":{"rendered":"<p>A educa\u00e7\u00e3o \u00e9 uma das ferramentas mais poderosas de transforma\u00e7\u00e3o social. No entanto, para milh\u00f5es de brasileiros, estudar n\u00e3o \u00e9 apenas uma quest\u00e3o de vontade, mas de condi\u00e7\u00f5es materiais. Falta de renda, dificuldades de transporte, necessidade de trabalhar cedo e aus\u00eancia de apoio familiar s\u00e3o obst\u00e1culos que afastam crian\u00e7as, jovens e adultos do sistema educacional.&hellip;&nbsp;<\/p>","protected":false},"author":1,"featured_media":43957,"comment_status":"closed","ping_status":"closed","sticky":false,"template":"","format":"standard","meta":{"neve_meta_sidebar":"","neve_meta_container":"","neve_meta_enable_content_width":"","neve_meta_content_width":0,"neve_meta_title_alignment":"","neve_meta_author_avatar":"","neve_post_elements_order":"","neve_meta_disable_header":"","neve_meta_disable_footer":"","neve_meta_disable_title":"","footnotes":""},"categories":[1],"tags":[],"class_list":["post-43949","post","type-post","status-publish","format-standard","has-post-thumbnail","hentry","category-beneficios-sociais"],"yoast_head":"<!-- This site is optimized with the Yoast SEO plugin v28.4 - https:\/\/yoast.com\/product\/yoast-seo-wordpress\/ -->\n<title>Benef\u00edcios Sociais Voltados \u00e0 Educa\u00e7\u00e3o: Acesso, Perman\u00eancia e Igualdade de Oportunidades -<\/title>\n<meta name=\"description\" content=\"Veja em Vagas de Emprego RJ as vagas de emprego com e sem experi\u00eancia no seu Estado e Regi\u00e3o!\" \/>\n<meta name=\"robots\" content=\"index, follow, max-snippet:-1, max-image-preview:large, max-video-preview:-1\" \/>\n<link rel=\"canonical\" href=\"https:\/\/www.vagadeempregorj.com.br\/es\/beneficios-sociales-centrados-en-la-educacion-el-acceso-la-retencion-y-la-igualdad-de-oportunidades\/\" \/>\n<meta property=\"og:locale\" content=\"es_MX\" \/>\n<meta property=\"og:type\" content=\"article\" \/>\n<meta property=\"og:title\" content=\"Benef\u00edcios Sociais Voltados \u00e0 Educa\u00e7\u00e3o: Acesso, Perman\u00eancia e Igualdade de Oportunidades -\" \/>\n<meta property=\"og:description\" content=\"Veja em Vagas de Emprego RJ as vagas de emprego com e sem experi\u00eancia no seu Estado e Regi\u00e3o!\" \/>\n<meta property=\"og:url\" content=\"https:\/\/www.vagadeempregorj.com.br\/es\/beneficios-sociales-centrados-en-la-educacion-el-acceso-la-retencion-y-la-igualdad-de-oportunidades\/\" \/>\n<meta property=\"article:publisher\" content=\"https:\/\/www.facebook.com\/empregobrasiloficial\" \/>\n<meta property=\"article:published_time\" content=\"2026-07-05T16:00:34+00:00\" \/>\n<meta property=\"og:image\" content=\"https:\/\/www.vagadeempregorj.com.br\/wp-content\/uploads\/2025\/12\/beneficio-educacao.png\" \/>\n\t<meta property=\"og:image:width\" content=\"1536\" \/>\n\t<meta property=\"og:image:height\" content=\"1024\" \/>\n\t<meta property=\"og:image:type\" content=\"image\/png\" \/>\n<meta name=\"author\" content=\"Ana B.\" \/>\n<meta name=\"twitter:card\" content=\"summary_large_image\" \/>\n<meta name=\"twitter:label1\" content=\"Escrito por\" \/>\n\t<meta name=\"twitter:data1\" content=\"Ana B.\" \/>\n\t<meta name=\"twitter:label2\" content=\"Tiempo de lectura\" \/>\n\t<meta name=\"twitter:data2\" content=\"5 minutos\" \/>\n<script type=\"application\/ld+json\" class=\"yoast-schema-graph\">{\"@context\":\"https:\\\/\\\/schema.org\",\"@graph\":[{\"@type\":\"Article\",\"@id\":\"https:\\\/\\\/www.vagadeempregorj.com.br\\\/beneficios-sociais-voltados-a-educacao-acesso-permanencia-e-igualdade-de-oportunidades\\\/#article\",\"isPartOf\":{\"@id\":\"https:\\\/\\\/www.vagadeempregorj.com.br\\\/beneficios-sociais-voltados-a-educacao-acesso-permanencia-e-igualdade-de-oportunidades\\\/\"},\"author\":{\"name\":\"Ana B.\",\"@id\":\"https:\\\/\\\/www.vagadeempregorj.com.br\\\/#\\\/schema\\\/person\\\/c0c38d5d765e86c3b7c8f12fb1ae6477\"},\"headline\":\"Benef\u00edcios Sociais Voltados \u00e0 Educa\u00e7\u00e3o: Acesso, Perman\u00eancia e Igualdade de Oportunidades\",\"datePublished\":\"2026-07-05T16:00:34+00:00\",\"mainEntityOfPage\":{\"@id\":\"https:\\\/\\\/www.vagadeempregorj.com.br\\\/beneficios-sociais-voltados-a-educacao-acesso-permanencia-e-igualdade-de-oportunidades\\\/\"},\"wordCount\":960,\"image\":{\"@id\":\"https:\\\/\\\/www.vagadeempregorj.com.br\\\/beneficios-sociais-voltados-a-educacao-acesso-permanencia-e-igualdade-de-oportunidades\\\/#primaryimage\"},\"thumbnailUrl\":\"https:\\\/\\\/www.vagadeempregorj.com.br\\\/wp-content\\\/uploads\\\/2025\\\/12\\\/beneficio-educacao.png\",\"articleSection\":[\"Benef\u00edcios Sociais\"],\"inLanguage\":\"es\"},{\"@type\":\"WebPage\",\"@id\":\"https:\\\/\\\/www.vagadeempregorj.com.br\\\/beneficios-sociais-voltados-a-educacao-acesso-permanencia-e-igualdade-de-oportunidades\\\/\",\"url\":\"https:\\\/\\\/www.vagadeempregorj.com.br\\\/beneficios-sociais-voltados-a-educacao-acesso-permanencia-e-igualdade-de-oportunidades\\\/\",\"name\":\"Benef\u00edcios Sociais Voltados \u00e0 Educa\u00e7\u00e3o: Acesso, Perman\u00eancia e Igualdade de Oportunidades -\",\"isPartOf\":{\"@id\":\"https:\\\/\\\/www.vagadeempregorj.com.br\\\/#website\"},\"primaryImageOfPage\":{\"@id\":\"https:\\\/\\\/www.vagadeempregorj.com.br\\\/beneficios-sociais-voltados-a-educacao-acesso-permanencia-e-igualdade-de-oportunidades\\\/#primaryimage\"},\"image\":{\"@id\":\"https:\\\/\\\/www.vagadeempregorj.com.br\\\/beneficios-sociais-voltados-a-educacao-acesso-permanencia-e-igualdade-de-oportunidades\\\/#primaryimage\"},\"thumbnailUrl\":\"https:\\\/\\\/www.vagadeempregorj.com.br\\\/wp-content\\\/uploads\\\/2025\\\/12\\\/beneficio-educacao.png\",\"datePublished\":\"2026-07-05T16:00:34+00:00\",\"author\":{\"@id\":\"https:\\\/\\\/www.vagadeempregorj.com.br\\\/#\\\/schema\\\/person\\\/c0c38d5d765e86c3b7c8f12fb1ae6477\"},\"description\":\"Veja em Vagas de Emprego RJ as vagas de emprego com e sem experi\u00eancia no seu Estado e Regi\u00e3o!\",\"breadcrumb\":{\"@id\":\"https:\\\/\\\/www.vagadeempregorj.com.br\\\/beneficios-sociais-voltados-a-educacao-acesso-permanencia-e-igualdade-de-oportunidades\\\/#breadcrumb\"},\"inLanguage\":\"es\",\"potentialAction\":[{\"@type\":\"ReadAction\",\"target\":[\"https:\\\/\\\/www.vagadeempregorj.com.br\\\/beneficios-sociais-voltados-a-educacao-acesso-permanencia-e-igualdade-de-oportunidades\\\/\"]}]},{\"@type\":\"ImageObject\",\"inLanguage\":\"es\",\"@id\":\"https:\\\/\\\/www.vagadeempregorj.com.br\\\/beneficios-sociais-voltados-a-educacao-acesso-permanencia-e-igualdade-de-oportunidades\\\/#primaryimage\",\"url\":\"https:\\\/\\\/www.vagadeempregorj.com.br\\\/wp-content\\\/uploads\\\/2025\\\/12\\\/beneficio-educacao.png\",\"contentUrl\":\"https:\\\/\\\/www.vagadeempregorj.com.br\\\/wp-content\\\/uploads\\\/2025\\\/12\\\/beneficio-educacao.png\",\"width\":1536,\"height\":1024},{\"@type\":\"BreadcrumbList\",\"@id\":\"https:\\\/\\\/www.vagadeempregorj.com.br\\\/beneficios-sociais-voltados-a-educacao-acesso-permanencia-e-igualdade-de-oportunidades\\\/#breadcrumb\",\"itemListElement\":[{\"@type\":\"ListItem\",\"position\":1,\"name\":\"In\u00edcio\",\"item\":\"https:\\\/\\\/www.vagadeempregorj.com.br\\\/\"},{\"@type\":\"ListItem\",\"position\":2,\"name\":\"Benef\u00edcios Sociais\",\"item\":\"https:\\\/\\\/www.vagadeempregorj.com.br\\\/beneficios-sociais\\\/\"},{\"@type\":\"ListItem\",\"position\":3,\"name\":\"Benef\u00edcios Sociais Voltados \u00e0 Educa\u00e7\u00e3o: Acesso, Perman\u00eancia e Igualdade de Oportunidades\"}]},{\"@type\":\"WebSite\",\"@id\":\"https:\\\/\\\/www.vagadeempregorj.com.br\\\/#website\",\"url\":\"https:\\\/\\\/www.vagadeempregorj.com.br\\\/\",\"name\":\"\",\"description\":\"Conquiste Sonhos: Vagas, Benef\u00edcios e Economia para Transformar Vidas e Alcan\u00e7ar Melhorias Cotidianas\",\"potentialAction\":[{\"@type\":\"SearchAction\",\"target\":{\"@type\":\"EntryPoint\",\"urlTemplate\":\"https:\\\/\\\/www.vagadeempregorj.com.br\\\/?s={search_term_string}\"},\"query-input\":{\"@type\":\"PropertyValueSpecification\",\"valueRequired\":true,\"valueName\":\"search_term_string\"}}],\"inLanguage\":\"es\"},{\"@type\":\"Person\",\"@id\":\"https:\\\/\\\/www.vagadeempregorj.com.br\\\/#\\\/schema\\\/person\\\/c0c38d5d765e86c3b7c8f12fb1ae6477\",\"name\":\"Ana B.\",\"image\":{\"@type\":\"ImageObject\",\"inLanguage\":\"es\",\"@id\":\"https:\\\/\\\/secure.gravatar.com\\\/avatar\\\/f5efa58599e07f8dd92f26c7cfbc442fd115582bc681245452e503c2ef2334f3?s=96&r=g\",\"url\":\"https:\\\/\\\/secure.gravatar.com\\\/avatar\\\/f5efa58599e07f8dd92f26c7cfbc442fd115582bc681245452e503c2ef2334f3?s=96&r=g\",\"contentUrl\":\"https:\\\/\\\/secure.gravatar.com\\\/avatar\\\/f5efa58599e07f8dd92f26c7cfbc442fd115582bc681245452e503c2ef2334f3?s=96&r=g\",\"caption\":\"Ana B.\"},\"description\":\"Meu nome \u00e9 Ana e sou apaixonada por escrita, comunica\u00e7\u00e3o e informa\u00e7\u00e3o digital. Dedico meu tempo \u00e0 produ\u00e7\u00e3o de conte\u00fados di\u00e1rios para o portal Vaga de Emprego RJ, criando not\u00edcias, artigos e publica\u00e7\u00f5es sobre oportunidades de emprego, tecnologia, mercado de trabalho, tend\u00eancias globais e assuntos relevantes do mundo atual. Tenho como objetivo levar informa\u00e7\u00f5es claras, \u00fateis e atualizadas para os leitores, ajudando pessoas a se manterem informadas sobre carreira, inova\u00e7\u00e3o, economia digital e acontecimentos que impactam o dia a dia no Brasil e no mundo. Todos os conte\u00fados publicados s\u00e3o desenvolvidos com responsabilidade, pesquisa e compromisso com a qualidade da informa\u00e7\u00e3o, sempre buscando oferecer uma experi\u00eancia confi\u00e1vel e relevante para o p\u00fablico.\",\"url\":\"https:\\\/\\\/www.vagadeempregorj.com.br\\\/es\\\/author\\\/vgrj\\\/\"}]}<\/script>\n<!-- \/ Yoast SEO plugin. -->","yoast_head_json":{"title":"Beneficios sociales centrados en la educaci\u00f3n: acceso, retenci\u00f3n e igualdad de oportunidades.","description":"\u00a1Consulta las ofertas de empleo en R\u00edo de Janeiro (RJ) para puestos tanto para personas con experiencia como para quienes no la tienen, en tu estado y regi\u00f3n!","robots":{"index":"index","follow":"follow","max-snippet":"max-snippet:-1","max-image-preview":"max-image-preview:large","max-video-preview":"max-video-preview:-1"},"canonical":"https:\/\/www.vagadeempregorj.com.br\/es\/beneficios-sociales-centrados-en-la-educacion-el-acceso-la-retencion-y-la-igualdad-de-oportunidades\/","og_locale":"es_MX","og_type":"article","og_title":"Benef\u00edcios Sociais Voltados \u00e0 Educa\u00e7\u00e3o: Acesso, Perman\u00eancia e Igualdade de Oportunidades -","og_description":"Veja em Vagas de Emprego RJ as vagas de emprego com e sem experi\u00eancia no seu Estado e Regi\u00e3o!","og_url":"https:\/\/www.vagadeempregorj.com.br\/es\/beneficios-sociales-centrados-en-la-educacion-el-acceso-la-retencion-y-la-igualdad-de-oportunidades\/","article_publisher":"https:\/\/www.facebook.com\/empregobrasiloficial","article_published_time":"2026-07-05T16:00:34+00:00","og_image":[{"width":1536,"height":1024,"url":"https:\/\/www.vagadeempregorj.com.br\/wp-content\/uploads\/2025\/12\/beneficio-educacao.png","type":"image\/png"}],"author":"Ana B.","twitter_card":"summary_large_image","twitter_misc":{"Escrito por":"Ana B.","Tiempo de lectura":"5 minutos"},"schema":{"@context":"https:\/\/schema.org","@graph":[{"@type":"Article","@id":"https:\/\/www.vagadeempregorj.com.br\/beneficios-sociais-voltados-a-educacao-acesso-permanencia-e-igualdade-de-oportunidades\/#article","isPartOf":{"@id":"https:\/\/www.vagadeempregorj.com.br\/beneficios-sociais-voltados-a-educacao-acesso-permanencia-e-igualdade-de-oportunidades\/"},"author":{"name":"Ana B.","@id":"https:\/\/www.vagadeempregorj.com.br\/#\/schema\/person\/c0c38d5d765e86c3b7c8f12fb1ae6477"},"headline":"Benef\u00edcios Sociais Voltados \u00e0 Educa\u00e7\u00e3o: Acesso, Perman\u00eancia e Igualdade de Oportunidades","datePublished":"2026-07-05T16:00:34+00:00","mainEntityOfPage":{"@id":"https:\/\/www.vagadeempregorj.com.br\/beneficios-sociais-voltados-a-educacao-acesso-permanencia-e-igualdade-de-oportunidades\/"},"wordCount":960,"image":{"@id":"https:\/\/www.vagadeempregorj.com.br\/beneficios-sociais-voltados-a-educacao-acesso-permanencia-e-igualdade-de-oportunidades\/#primaryimage"},"thumbnailUrl":"https:\/\/www.vagadeempregorj.com.br\/wp-content\/uploads\/2025\/12\/beneficio-educacao.png","articleSection":["Benef\u00edcios Sociais"],"inLanguage":"es"},{"@type":"WebPage","@id":"https:\/\/www.vagadeempregorj.com.br\/beneficios-sociais-voltados-a-educacao-acesso-permanencia-e-igualdade-de-oportunidades\/","url":"https:\/\/www.vagadeempregorj.com.br\/beneficios-sociais-voltados-a-educacao-acesso-permanencia-e-igualdade-de-oportunidades\/","name":"Beneficios sociales centrados en la educaci\u00f3n: acceso, retenci\u00f3n e igualdad de oportunidades.","isPartOf":{"@id":"https:\/\/www.vagadeempregorj.com.br\/#website"},"primaryImageOfPage":{"@id":"https:\/\/www.vagadeempregorj.com.br\/beneficios-sociais-voltados-a-educacao-acesso-permanencia-e-igualdade-de-oportunidades\/#primaryimage"},"image":{"@id":"https:\/\/www.vagadeempregorj.com.br\/beneficios-sociais-voltados-a-educacao-acesso-permanencia-e-igualdade-de-oportunidades\/#primaryimage"},"thumbnailUrl":"https:\/\/www.vagadeempregorj.com.br\/wp-content\/uploads\/2025\/12\/beneficio-educacao.png","datePublished":"2026-07-05T16:00:34+00:00","author":{"@id":"https:\/\/www.vagadeempregorj.com.br\/#\/schema\/person\/c0c38d5d765e86c3b7c8f12fb1ae6477"},"description":"\u00a1Consulta las ofertas de empleo en R\u00edo de Janeiro (RJ) para puestos tanto para personas con experiencia como para quienes no la tienen, en tu estado y regi\u00f3n!","breadcrumb":{"@id":"https:\/\/www.vagadeempregorj.com.br\/beneficios-sociais-voltados-a-educacao-acesso-permanencia-e-igualdade-de-oportunidades\/#breadcrumb"},"inLanguage":"es","potentialAction":[{"@type":"ReadAction","target":["https:\/\/www.vagadeempregorj.com.br\/beneficios-sociais-voltados-a-educacao-acesso-permanencia-e-igualdade-de-oportunidades\/"]}]},{"@type":"ImageObject","inLanguage":"es","@id":"https:\/\/www.vagadeempregorj.com.br\/beneficios-sociais-voltados-a-educacao-acesso-permanencia-e-igualdade-de-oportunidades\/#primaryimage","url":"https:\/\/www.vagadeempregorj.com.br\/wp-content\/uploads\/2025\/12\/beneficio-educacao.png","contentUrl":"https:\/\/www.vagadeempregorj.com.br\/wp-content\/uploads\/2025\/12\/beneficio-educacao.png","width":1536,"height":1024},{"@type":"BreadcrumbList","@id":"https:\/\/www.vagadeempregorj.com.br\/beneficios-sociais-voltados-a-educacao-acesso-permanencia-e-igualdade-de-oportunidades\/#breadcrumb","itemListElement":[{"@type":"ListItem","position":1,"name":"In\u00edcio","item":"https:\/\/www.vagadeempregorj.com.br\/"},{"@type":"ListItem","position":2,"name":"Benef\u00edcios Sociais","item":"https:\/\/www.vagadeempregorj.com.br\/beneficios-sociais\/"},{"@type":"ListItem","position":3,"name":"Benef\u00edcios Sociais Voltados \u00e0 Educa\u00e7\u00e3o: Acesso, Perman\u00eancia e Igualdade de Oportunidades"}]},{"@type":"WebSite","@id":"https:\/\/www.vagadeempregorj.com.br\/#website","url":"https:\/\/www.vagadeempregorj.com.br\/","name":"","description":"Haz realidad tus sue\u00f1os: Ofertas de empleo, beneficios y ahorros para transformar vidas y lograr mejoras cotidianas.","potentialAction":[{"@type":"SearchAction","target":{"@type":"EntryPoint","urlTemplate":"https:\/\/www.vagadeempregorj.com.br\/?s={search_term_string}"},"query-input":{"@type":"PropertyValueSpecification","valueRequired":true,"valueName":"search_term_string"}}],"inLanguage":"es"},{"@type":"Person","@id":"https:\/\/www.vagadeempregorj.com.br\/#\/schema\/person\/c0c38d5d765e86c3b7c8f12fb1ae6477","name":"Ana B.","image":{"@type":"ImageObject","inLanguage":"es","@id":"https:\/\/secure.gravatar.com\/avatar\/f5efa58599e07f8dd92f26c7cfbc442fd115582bc681245452e503c2ef2334f3?s=96&r=g","url":"https:\/\/secure.gravatar.com\/avatar\/f5efa58599e07f8dd92f26c7cfbc442fd115582bc681245452e503c2ef2334f3?s=96&r=g","contentUrl":"https:\/\/secure.gravatar.com\/avatar\/f5efa58599e07f8dd92f26c7cfbc442fd115582bc681245452e503c2ef2334f3?s=96&r=g","caption":"Ana B."},"description":"Me llamo Ana y me apasiona la escritura, la comunicaci\u00f3n y la informaci\u00f3n digital. Dedico mi tiempo a producir contenido diario para el portal Vaga de Emprego RJ, creando noticias, art\u00edculos y publicaciones sobre oportunidades laborales, tecnolog\u00eda, el mercado laboral, tendencias globales y temas de actualidad relevantes. Mi objetivo es brindar informaci\u00f3n clara, \u00fatil y actualizada a los lectores, ayud\u00e1ndolos a mantenerse informados sobre carreras profesionales, innovaci\u00f3n, la econom\u00eda digital y eventos que impactan la vida diaria en Brasil y en todo el mundo. Todo el contenido publicado se desarrolla de manera responsable, con investigaci\u00f3n y un compromiso con la calidad de la informaci\u00f3n, esforz\u00e1ndome siempre por ofrecer una experiencia confiable y relevante para la audiencia.","url":"https:\/\/www.vagadeempregorj.com.br\/es\/author\/vgrj\/"}]}},"_links":{"self":[{"href":"https:\/\/www.vagadeempregorj.com.br\/es\/wp-json\/wp\/v2\/posts\/43949","targetHints":{"allow":["GET"]}}],"collection":[{"href":"https:\/\/www.vagadeempregorj.com.br\/es\/wp-json\/wp\/v2\/posts"}],"about":[{"href":"https:\/\/www.vagadeempregorj.com.br\/es\/wp-json\/wp\/v2\/types\/post"}],"author":[{"embeddable":true,"href":"https:\/\/www.vagadeempregorj.com.br\/es\/wp-json\/wp\/v2\/users\/1"}],"replies":[{"embeddable":true,"href":"https:\/\/www.vagadeempregorj.com.br\/es\/wp-json\/wp\/v2\/comments?post=43949"}],"version-history":[{"count":1,"href":"https:\/\/www.vagadeempregorj.com.br\/es\/wp-json\/wp\/v2\/posts\/43949\/revisions"}],"predecessor-version":[{"id":43958,"href":"https:\/\/www.vagadeempregorj.com.br\/es\/wp-json\/wp\/v2\/posts\/43949\/revisions\/43958"}],"wp:featuredmedia":[{"embeddable":true,"href":"https:\/\/www.vagadeempregorj.com.br\/es\/wp-json\/wp\/v2\/media\/43957"}],"wp:attachment":[{"href":"https:\/\/www.vagadeempregorj.com.br\/es\/wp-json\/wp\/v2\/media?parent=43949"}],"wp:term":[{"taxonomy":"category","embeddable":true,"href":"https:\/\/www.vagadeempregorj.com.br\/es\/wp-json\/wp\/v2\/categories?post=43949"},{"taxonomy":"post_tag","embeddable":true,"href":"https:\/\/www.vagadeempregorj.com.br\/es\/wp-json\/wp\/v2\/tags?post=43949"}],"curies":[{"name":"wp","href":"https:\/\/api.w.org\/{rel}","templated":true}]}}