{"id":43951,"date":"2026-09-06T13:00:37","date_gmt":"2026-09-06T16:00:37","guid":{"rendered":"https:\/\/www.vagadeempregorj.com.br\/?p=43951"},"modified":"2025-12-21T13:09:00","modified_gmt":"2025-12-21T16:09:00","slug":"beneficios-sociais-voltados-a-inclusao-social-e-a-cidadania-participacao-direitos-e-igualdade","status":"publish","type":"post","link":"https:\/\/www.vagadeempregorj.com.br\/es\/beneficios-sociais-voltados-a-inclusao-social-e-a-cidadania-participacao-direitos-e-igualdade\/","title":{"rendered":"Benef\u00edcios Sociais Voltados \u00e0 Inclus\u00e3o Social e \u00e0 Cidadania: Participa\u00e7\u00e3o, Direitos e Igualdade"},"content":{"rendered":"<p class=\"wp-block-paragraph\">A inclus\u00e3o social vai al\u00e9m do acesso a renda, sa\u00fade ou educa\u00e7\u00e3o. Ela envolve o reconhecimento do indiv\u00edduo como parte ativa da sociedade, com direitos, deveres e oportunidades reais de participa\u00e7\u00e3o. No Brasil, os benef\u00edcios sociais voltados \u00e0 inclus\u00e3o social e \u00e0 cidadania existem para combater a exclus\u00e3o hist\u00f3rica de grupos vulner\u00e1veis e garantir que todos tenham condi\u00e7\u00f5es m\u00ednimas de exercer plenamente seus direitos.<\/p>\n\n\n\n<p class=\"wp-block-paragraph\">Neste artigo, voc\u00ea vai entender como funcionam os benef\u00edcios sociais ligados \u00e0 inclus\u00e3o e \u00e0 cidadania, por que eles s\u00e3o essenciais para a coes\u00e3o social e de que forma contribuem para uma sociedade mais justa, participativa e democr\u00e1tica.<\/p>\n\n\n\n<h2 class=\"wp-block-heading\">O Que \u00e9 Inclus\u00e3o Social e Cidadania?<\/h2>\n\n\n\n<p class=\"wp-block-paragraph\">Inclus\u00e3o social significa garantir que todas as pessoas, independentemente de renda, origem, condi\u00e7\u00e3o f\u00edsica ou social, tenham acesso \u00e0s oportunidades b\u00e1sicas da vida em sociedade. J\u00e1 a cidadania envolve o exerc\u00edcio de direitos civis, pol\u00edticos e sociais, al\u00e9m do acesso a servi\u00e7os p\u00fablicos e \u00e0 participa\u00e7\u00e3o comunit\u00e1ria.<\/p>\n\n\n\n<p class=\"wp-block-paragraph\">Quando uma pessoa \u00e9 exclu\u00edda socialmente, ela n\u00e3o apenas perde acesso a recursos materiais, mas tamb\u00e9m perde voz, reconhecimento e pertencimento. Os benef\u00edcios sociais voltados \u00e0 cidadania buscam justamente reverter esse cen\u00e1rio.<\/p>\n\n\n\n<h2 class=\"wp-block-heading\">Por Que a Inclus\u00e3o Social \u00e9 Uma Quest\u00e3o Central?<\/h2>\n\n\n\n<p class=\"wp-block-paragraph\">A exclus\u00e3o social gera ciclos de pobreza, viol\u00eancia e marginaliza\u00e7\u00e3o. Grupos que n\u00e3o t\u00eam acesso a direitos b\u00e1sicos tendem a enfrentar maiores dificuldades para se integrar \u00e0 sociedade, perpetuando desigualdades ao longo das gera\u00e7\u00f5es.<\/p>\n\n\n\n<p class=\"wp-block-paragraph\">Benef\u00edcios sociais de inclus\u00e3o atuam para romper esses ciclos, criando pontes entre o indiv\u00edduo e os servi\u00e7os p\u00fablicos, o mercado de trabalho, a educa\u00e7\u00e3o e a participa\u00e7\u00e3o comunit\u00e1ria.<\/p>\n\n\n\n<h2 class=\"wp-block-heading\">O Que S\u00e3o Benef\u00edcios Sociais de Inclus\u00e3o e Cidadania?<\/h2>\n\n\n\n<p class=\"wp-block-paragraph\">Esses benef\u00edcios incluem programas de acesso a documentos b\u00e1sicos, a\u00e7\u00f5es de orienta\u00e7\u00e3o social, pol\u00edticas de combate \u00e0 discrimina\u00e7\u00e3o, incentivos \u00e0 participa\u00e7\u00e3o comunit\u00e1ria e iniciativas de fortalecimento de v\u00ednculos sociais.<\/p>\n\n\n\n<p class=\"wp-block-paragraph\">Eles n\u00e3o se limitam ao apoio financeiro, mas abrangem medidas que garantem visibilidade, reconhecimento e acesso aos direitos fundamentais previstos em lei.<\/p>\n\n\n\n<h2 class=\"wp-block-heading\">A Import\u00e2ncia da Documenta\u00e7\u00e3o Civil<\/h2>\n\n\n\n<p class=\"wp-block-paragraph\">O acesso \u00e0 cidadania come\u00e7a com a documenta\u00e7\u00e3o b\u00e1sica. Sem registro civil, documentos de identidade ou comprovantes legais, uma pessoa fica impedida de acessar diversos benef\u00edcios sociais e servi\u00e7os p\u00fablicos.<\/p>\n\n\n\n<p class=\"wp-block-paragraph\">Pol\u00edticas de inclus\u00e3o social atuam para garantir a emiss\u00e3o de documentos, especialmente para popula\u00e7\u00f5es vulner\u00e1veis, como pessoas em situa\u00e7\u00e3o de rua, comunidades tradicionais e fam\u00edlias em extrema pobreza.<\/p>\n\n\n\n<p class=\"wp-block-paragraph\">Sem documenta\u00e7\u00e3o, n\u00e3o h\u00e1 cidadania plena.<\/p>\n\n\n\n<h2 class=\"wp-block-heading\">Participa\u00e7\u00e3o Social e Fortalecimento Comunit\u00e1rio<\/h2>\n\n\n\n<p class=\"wp-block-paragraph\">A inclus\u00e3o social tamb\u00e9m passa pelo fortalecimento dos v\u00ednculos comunit\u00e1rios. Benef\u00edcios sociais voltados \u00e0 cidadania incentivam a participa\u00e7\u00e3o em associa\u00e7\u00f5es, conselhos, atividades culturais e a\u00e7\u00f5es comunit\u00e1rias.<\/p>\n\n\n\n<p class=\"wp-block-paragraph\">Essas iniciativas promovem senso de pertencimento, ampliam redes de apoio e fortalecem a capacidade das comunidades de resolver problemas coletivos de forma organizada.<\/p>\n\n\n\n<h2 class=\"wp-block-heading\">Combate \u00e0 Discrimina\u00e7\u00e3o e \u00e0 Exclus\u00e3o<\/h2>\n\n\n\n<p class=\"wp-block-paragraph\">Grupos historicamente marginalizados enfrentam barreiras adicionais para exercer plenamente seus direitos. Pol\u00edticas de inclus\u00e3o social buscam reduzir essas barreiras por meio de a\u00e7\u00f5es afirmativas, orienta\u00e7\u00e3o jur\u00eddica e programas de conscientiza\u00e7\u00e3o.<\/p>\n\n\n\n<p class=\"wp-block-paragraph\">Combater a discrimina\u00e7\u00e3o n\u00e3o \u00e9 apenas uma quest\u00e3o moral, mas uma estrat\u00e9gia para garantir igualdade de oportunidades e fortalecer a democracia.<\/p>\n\n\n\n<h2 class=\"wp-block-heading\">Acesso \u00e0 Informa\u00e7\u00e3o Como Direito<\/h2>\n\n\n\n<p class=\"wp-block-paragraph\">A falta de informa\u00e7\u00e3o \u00e9 uma das principais causas de exclus\u00e3o social. Muitas pessoas desconhecem seus direitos ou n\u00e3o sabem como acessar benef\u00edcios e servi\u00e7os p\u00fablicos.<\/p>\n\n\n\n<p class=\"wp-block-paragraph\">Benef\u00edcios sociais voltados \u00e0 cidadania incluem a\u00e7\u00f5es de orienta\u00e7\u00e3o, atendimento social e divulga\u00e7\u00e3o de informa\u00e7\u00f5es claras e acess\u00edveis, permitindo que o cidad\u00e3o exer\u00e7a seus direitos de forma consciente.<\/p>\n\n\n\n<h2 class=\"wp-block-heading\">Inclus\u00e3o Digital e Cidadania Moderna<\/h2>\n\n\n\n<p class=\"wp-block-paragraph\">Com a digitaliza\u00e7\u00e3o dos servi\u00e7os p\u00fablicos, a inclus\u00e3o digital tornou-se parte fundamental da cidadania. Pessoas sem acesso \u00e0 internet ou habilidades digitais enfrentam novas formas de exclus\u00e3o.<\/p>\n\n\n\n<p class=\"wp-block-paragraph\">Pol\u00edticas sociais de inclus\u00e3o atuam para ampliar o acesso a tecnologias, capacita\u00e7\u00e3o digital e atendimento presencial alternativo, garantindo que ningu\u00e9m fique para tr\u00e1s.<\/p>\n\n\n\n<h2 class=\"wp-block-heading\">Impacto Social dos Benef\u00edcios de Inclus\u00e3o<\/h2>\n\n\n\n<p class=\"wp-block-paragraph\">Os benef\u00edcios sociais voltados \u00e0 inclus\u00e3o e cidadania fortalecem a coes\u00e3o social, reduzem conflitos e promovem maior participa\u00e7\u00e3o democr\u00e1tica. Uma sociedade mais inclusiva tende a ser mais est\u00e1vel, segura e solid\u00e1ria.<\/p>\n\n\n\n<p class=\"wp-block-paragraph\">Quando as pessoas se sentem reconhecidas e inclu\u00eddas, elas contribuem de forma mais ativa para o desenvolvimento coletivo.<\/p>\n\n\n\n<h2 class=\"wp-block-heading\">Desafios na Promo\u00e7\u00e3o da Inclus\u00e3o Social<\/h2>\n\n\n\n<p class=\"wp-block-paragraph\">Apesar dos avan\u00e7os, ainda existem desafios como desigualdades regionais, burocracia excessiva e dificuldade de alcan\u00e7ar popula\u00e7\u00f5es mais isoladas. Superar esses obst\u00e1culos exige pol\u00edticas integradas e compromisso cont\u00ednuo.<\/p>\n\n\n\n<p class=\"wp-block-paragraph\">A inclus\u00e3o social n\u00e3o \u00e9 um evento pontual, mas um processo permanente.<\/p>\n\n\n\n<h2 class=\"wp-block-heading\">Conclusi\u00f3n<\/h2>\n\n\n\n<p class=\"wp-block-paragraph\">Os benef\u00edcios sociais voltados \u00e0 inclus\u00e3o social e \u00e0 cidadania s\u00e3o fundamentais para garantir igualdade de direitos, participa\u00e7\u00e3o social e reconhecimento humano. Eles fortalecem v\u00ednculos, combatem a exclus\u00e3o e promovem uma sociedade mais justa e democr\u00e1tica.<\/p>\n\n\n\n<p class=\"wp-block-paragraph\">Garantir cidadania plena n\u00e3o \u00e9 apenas oferecer benef\u00edcios, mas criar condi\u00e7\u00f5es para que todas as pessoas sejam vistas, ouvidas e respeitadas como parte da sociedade.<\/p>","protected":false},"excerpt":{"rendered":"<p>A inclus\u00e3o social vai al\u00e9m do acesso a renda, sa\u00fade ou educa\u00e7\u00e3o. Ela envolve o reconhecimento do indiv\u00edduo como parte ativa da sociedade, com direitos, deveres e oportunidades reais de participa\u00e7\u00e3o. No Brasil, os benef\u00edcios sociais voltados \u00e0 inclus\u00e3o social e \u00e0 cidadania existem para combater a exclus\u00e3o hist\u00f3rica de grupos vulner\u00e1veis e garantir que&hellip;&nbsp;<\/p>","protected":false},"author":1,"featured_media":43960,"comment_status":"closed","ping_status":"closed","sticky":false,"template":"","format":"standard","meta":{"neve_meta_sidebar":"","neve_meta_container":"","neve_meta_enable_content_width":"","neve_meta_content_width":0,"neve_meta_title_alignment":"","neve_meta_author_avatar":"","neve_post_elements_order":"","neve_meta_disable_header":"","neve_meta_disable_footer":"","neve_meta_disable_title":"","footnotes":""},"categories":[1],"tags":[],"class_list":["post-43951","post","type-post","status-publish","format-standard","has-post-thumbnail","hentry","category-beneficios-sociais"],"yoast_head":"<!-- This site is optimized with the Yoast SEO plugin v28.4 - https:\/\/yoast.com\/product\/yoast-seo-wordpress\/ -->\n<title>Benef\u00edcios Sociais Voltados \u00e0 Inclus\u00e3o Social e \u00e0 Cidadania: Participa\u00e7\u00e3o, Direitos e Igualdade -<\/title>\n<meta name=\"description\" content=\"Veja em Vagas de Emprego RJ as vagas de emprego com e sem experi\u00eancia no seu Estado e Regi\u00e3o!\" \/>\n<meta name=\"robots\" content=\"index, follow, max-snippet:-1, max-image-preview:large, max-video-preview:-1\" \/>\n<link rel=\"canonical\" href=\"https:\/\/www.vagadeempregorj.com.br\/es\/beneficios-sociais-voltados-a-inclusao-social-e-a-cidadania-participacao-direitos-e-igualdade\/\" \/>\n<meta property=\"og:locale\" content=\"es_MX\" \/>\n<meta property=\"og:type\" content=\"article\" \/>\n<meta property=\"og:title\" content=\"Benef\u00edcios Sociais Voltados \u00e0 Inclus\u00e3o Social e \u00e0 Cidadania: Participa\u00e7\u00e3o, Direitos e Igualdade -\" \/>\n<meta property=\"og:description\" content=\"Veja em Vagas de Emprego RJ as vagas de emprego com e sem experi\u00eancia no seu Estado e Regi\u00e3o!\" \/>\n<meta property=\"og:url\" content=\"https:\/\/www.vagadeempregorj.com.br\/es\/beneficios-sociais-voltados-a-inclusao-social-e-a-cidadania-participacao-direitos-e-igualdade\/\" \/>\n<meta property=\"article:publisher\" content=\"https:\/\/www.facebook.com\/empregobrasiloficial\" \/>\n<meta property=\"article:published_time\" content=\"2026-09-06T16:00:37+00:00\" \/>\n<meta property=\"og:image\" content=\"https:\/\/www.vagadeempregorj.com.br\/wp-content\/uploads\/2025\/12\/beneficio-inclusao.png\" \/>\n\t<meta property=\"og:image:width\" content=\"1536\" \/>\n\t<meta property=\"og:image:height\" content=\"1024\" \/>\n\t<meta property=\"og:image:type\" content=\"image\/png\" \/>\n<meta name=\"author\" content=\"Ana B.\" \/>\n<meta name=\"twitter:card\" content=\"summary_large_image\" \/>\n<meta name=\"twitter:label1\" content=\"Escrito por\" \/>\n\t<meta name=\"twitter:data1\" content=\"Ana B.\" \/>\n\t<meta name=\"twitter:label2\" content=\"Tiempo de lectura\" \/>\n\t<meta name=\"twitter:data2\" content=\"5 minutos\" \/>\n<script type=\"application\/ld+json\" class=\"yoast-schema-graph\">{\"@context\":\"https:\\\/\\\/schema.org\",\"@graph\":[{\"@type\":\"Article\",\"@id\":\"https:\\\/\\\/www.vagadeempregorj.com.br\\\/beneficios-sociais-voltados-a-inclusao-social-e-a-cidadania-participacao-direitos-e-igualdade\\\/#article\",\"isPartOf\":{\"@id\":\"https:\\\/\\\/www.vagadeempregorj.com.br\\\/beneficios-sociais-voltados-a-inclusao-social-e-a-cidadania-participacao-direitos-e-igualdade\\\/\"},\"author\":{\"name\":\"Ana B.\",\"@id\":\"https:\\\/\\\/www.vagadeempregorj.com.br\\\/#\\\/schema\\\/person\\\/c0c38d5d765e86c3b7c8f12fb1ae6477\"},\"headline\":\"Benef\u00edcios Sociais Voltados \u00e0 Inclus\u00e3o Social e \u00e0 Cidadania: Participa\u00e7\u00e3o, Direitos e Igualdade\",\"datePublished\":\"2026-09-06T16:00:37+00:00\",\"mainEntityOfPage\":{\"@id\":\"https:\\\/\\\/www.vagadeempregorj.com.br\\\/beneficios-sociais-voltados-a-inclusao-social-e-a-cidadania-participacao-direitos-e-igualdade\\\/\"},\"wordCount\":925,\"image\":{\"@id\":\"https:\\\/\\\/www.vagadeempregorj.com.br\\\/beneficios-sociais-voltados-a-inclusao-social-e-a-cidadania-participacao-direitos-e-igualdade\\\/#primaryimage\"},\"thumbnailUrl\":\"https:\\\/\\\/www.vagadeempregorj.com.br\\\/wp-content\\\/uploads\\\/2025\\\/12\\\/beneficio-inclusao.png\",\"articleSection\":[\"Benef\u00edcios Sociais\"],\"inLanguage\":\"es\"},{\"@type\":\"WebPage\",\"@id\":\"https:\\\/\\\/www.vagadeempregorj.com.br\\\/beneficios-sociais-voltados-a-inclusao-social-e-a-cidadania-participacao-direitos-e-igualdade\\\/\",\"url\":\"https:\\\/\\\/www.vagadeempregorj.com.br\\\/beneficios-sociais-voltados-a-inclusao-social-e-a-cidadania-participacao-direitos-e-igualdade\\\/\",\"name\":\"Benef\u00edcios Sociais Voltados \u00e0 Inclus\u00e3o Social e \u00e0 Cidadania: Participa\u00e7\u00e3o, Direitos e Igualdade -\",\"isPartOf\":{\"@id\":\"https:\\\/\\\/www.vagadeempregorj.com.br\\\/#website\"},\"primaryImageOfPage\":{\"@id\":\"https:\\\/\\\/www.vagadeempregorj.com.br\\\/beneficios-sociais-voltados-a-inclusao-social-e-a-cidadania-participacao-direitos-e-igualdade\\\/#primaryimage\"},\"image\":{\"@id\":\"https:\\\/\\\/www.vagadeempregorj.com.br\\\/beneficios-sociais-voltados-a-inclusao-social-e-a-cidadania-participacao-direitos-e-igualdade\\\/#primaryimage\"},\"thumbnailUrl\":\"https:\\\/\\\/www.vagadeempregorj.com.br\\\/wp-content\\\/uploads\\\/2025\\\/12\\\/beneficio-inclusao.png\",\"datePublished\":\"2026-09-06T16:00:37+00:00\",\"author\":{\"@id\":\"https:\\\/\\\/www.vagadeempregorj.com.br\\\/#\\\/schema\\\/person\\\/c0c38d5d765e86c3b7c8f12fb1ae6477\"},\"description\":\"Veja em Vagas de Emprego RJ as vagas de emprego com e sem experi\u00eancia no seu Estado e Regi\u00e3o!\",\"breadcrumb\":{\"@id\":\"https:\\\/\\\/www.vagadeempregorj.com.br\\\/beneficios-sociais-voltados-a-inclusao-social-e-a-cidadania-participacao-direitos-e-igualdade\\\/#breadcrumb\"},\"inLanguage\":\"es\",\"potentialAction\":[{\"@type\":\"ReadAction\",\"target\":[\"https:\\\/\\\/www.vagadeempregorj.com.br\\\/beneficios-sociais-voltados-a-inclusao-social-e-a-cidadania-participacao-direitos-e-igualdade\\\/\"]}]},{\"@type\":\"ImageObject\",\"inLanguage\":\"es\",\"@id\":\"https:\\\/\\\/www.vagadeempregorj.com.br\\\/beneficios-sociais-voltados-a-inclusao-social-e-a-cidadania-participacao-direitos-e-igualdade\\\/#primaryimage\",\"url\":\"https:\\\/\\\/www.vagadeempregorj.com.br\\\/wp-content\\\/uploads\\\/2025\\\/12\\\/beneficio-inclusao.png\",\"contentUrl\":\"https:\\\/\\\/www.vagadeempregorj.com.br\\\/wp-content\\\/uploads\\\/2025\\\/12\\\/beneficio-inclusao.png\",\"width\":1536,\"height\":1024},{\"@type\":\"BreadcrumbList\",\"@id\":\"https:\\\/\\\/www.vagadeempregorj.com.br\\\/beneficios-sociais-voltados-a-inclusao-social-e-a-cidadania-participacao-direitos-e-igualdade\\\/#breadcrumb\",\"itemListElement\":[{\"@type\":\"ListItem\",\"position\":1,\"name\":\"In\u00edcio\",\"item\":\"https:\\\/\\\/www.vagadeempregorj.com.br\\\/\"},{\"@type\":\"ListItem\",\"position\":2,\"name\":\"Benef\u00edcios Sociais\",\"item\":\"https:\\\/\\\/www.vagadeempregorj.com.br\\\/beneficios-sociais\\\/\"},{\"@type\":\"ListItem\",\"position\":3,\"name\":\"Benef\u00edcios Sociais Voltados \u00e0 Inclus\u00e3o Social e \u00e0 Cidadania: Participa\u00e7\u00e3o, Direitos e Igualdade\"}]},{\"@type\":\"WebSite\",\"@id\":\"https:\\\/\\\/www.vagadeempregorj.com.br\\\/#website\",\"url\":\"https:\\\/\\\/www.vagadeempregorj.com.br\\\/\",\"name\":\"\",\"description\":\"Conquiste Sonhos: Vagas, Benef\u00edcios e Economia para Transformar Vidas e Alcan\u00e7ar Melhorias Cotidianas\",\"potentialAction\":[{\"@type\":\"SearchAction\",\"target\":{\"@type\":\"EntryPoint\",\"urlTemplate\":\"https:\\\/\\\/www.vagadeempregorj.com.br\\\/?s={search_term_string}\"},\"query-input\":{\"@type\":\"PropertyValueSpecification\",\"valueRequired\":true,\"valueName\":\"search_term_string\"}}],\"inLanguage\":\"es\"},{\"@type\":\"Person\",\"@id\":\"https:\\\/\\\/www.vagadeempregorj.com.br\\\/#\\\/schema\\\/person\\\/c0c38d5d765e86c3b7c8f12fb1ae6477\",\"name\":\"Ana B.\",\"image\":{\"@type\":\"ImageObject\",\"inLanguage\":\"es\",\"@id\":\"https:\\\/\\\/secure.gravatar.com\\\/avatar\\\/f5efa58599e07f8dd92f26c7cfbc442fd115582bc681245452e503c2ef2334f3?s=96&r=g\",\"url\":\"https:\\\/\\\/secure.gravatar.com\\\/avatar\\\/f5efa58599e07f8dd92f26c7cfbc442fd115582bc681245452e503c2ef2334f3?s=96&r=g\",\"contentUrl\":\"https:\\\/\\\/secure.gravatar.com\\\/avatar\\\/f5efa58599e07f8dd92f26c7cfbc442fd115582bc681245452e503c2ef2334f3?s=96&r=g\",\"caption\":\"Ana B.\"},\"description\":\"Meu nome \u00e9 Ana e sou apaixonada por escrita, comunica\u00e7\u00e3o e informa\u00e7\u00e3o digital. Dedico meu tempo \u00e0 produ\u00e7\u00e3o de conte\u00fados di\u00e1rios para o portal Vaga de Emprego RJ, criando not\u00edcias, artigos e publica\u00e7\u00f5es sobre oportunidades de emprego, tecnologia, mercado de trabalho, tend\u00eancias globais e assuntos relevantes do mundo atual. Tenho como objetivo levar informa\u00e7\u00f5es claras, \u00fateis e atualizadas para os leitores, ajudando pessoas a se manterem informadas sobre carreira, inova\u00e7\u00e3o, economia digital e acontecimentos que impactam o dia a dia no Brasil e no mundo. Todos os conte\u00fados publicados s\u00e3o desenvolvidos com responsabilidade, pesquisa e compromisso com a qualidade da informa\u00e7\u00e3o, sempre buscando oferecer uma experi\u00eancia confi\u00e1vel e relevante para o p\u00fablico.\",\"url\":\"https:\\\/\\\/www.vagadeempregorj.com.br\\\/es\\\/author\\\/vgrj\\\/\"}]}<\/script>\n<!-- \/ Yoast SEO plugin. -->","yoast_head_json":{"title":"Benef\u00edcios Sociais Voltados \u00e0 Inclus\u00e3o Social e \u00e0 Cidadania: Participa\u00e7\u00e3o, Direitos e Igualdade -","description":"\u00a1Consulta las ofertas de empleo en R\u00edo de Janeiro (RJ) para puestos tanto para personas con experiencia como para quienes no la tienen, en tu estado y regi\u00f3n!","robots":{"index":"index","follow":"follow","max-snippet":"max-snippet:-1","max-image-preview":"max-image-preview:large","max-video-preview":"max-video-preview:-1"},"canonical":"https:\/\/www.vagadeempregorj.com.br\/es\/beneficios-sociais-voltados-a-inclusao-social-e-a-cidadania-participacao-direitos-e-igualdade\/","og_locale":"es_MX","og_type":"article","og_title":"Benef\u00edcios Sociais Voltados \u00e0 Inclus\u00e3o Social e \u00e0 Cidadania: Participa\u00e7\u00e3o, Direitos e Igualdade -","og_description":"Veja em Vagas de Emprego RJ as vagas de emprego com e sem experi\u00eancia no seu Estado e Regi\u00e3o!","og_url":"https:\/\/www.vagadeempregorj.com.br\/es\/beneficios-sociais-voltados-a-inclusao-social-e-a-cidadania-participacao-direitos-e-igualdade\/","article_publisher":"https:\/\/www.facebook.com\/empregobrasiloficial","article_published_time":"2026-09-06T16:00:37+00:00","og_image":[{"width":1536,"height":1024,"url":"https:\/\/www.vagadeempregorj.com.br\/wp-content\/uploads\/2025\/12\/beneficio-inclusao.png","type":"image\/png"}],"author":"Ana B.","twitter_card":"summary_large_image","twitter_misc":{"Escrito por":"Ana B.","Tiempo de lectura":"5 minutos"},"schema":{"@context":"https:\/\/schema.org","@graph":[{"@type":"Article","@id":"https:\/\/www.vagadeempregorj.com.br\/beneficios-sociais-voltados-a-inclusao-social-e-a-cidadania-participacao-direitos-e-igualdade\/#article","isPartOf":{"@id":"https:\/\/www.vagadeempregorj.com.br\/beneficios-sociais-voltados-a-inclusao-social-e-a-cidadania-participacao-direitos-e-igualdade\/"},"author":{"name":"Ana B.","@id":"https:\/\/www.vagadeempregorj.com.br\/#\/schema\/person\/c0c38d5d765e86c3b7c8f12fb1ae6477"},"headline":"Benef\u00edcios Sociais Voltados \u00e0 Inclus\u00e3o Social e \u00e0 Cidadania: Participa\u00e7\u00e3o, Direitos e Igualdade","datePublished":"2026-09-06T16:00:37+00:00","mainEntityOfPage":{"@id":"https:\/\/www.vagadeempregorj.com.br\/beneficios-sociais-voltados-a-inclusao-social-e-a-cidadania-participacao-direitos-e-igualdade\/"},"wordCount":925,"image":{"@id":"https:\/\/www.vagadeempregorj.com.br\/beneficios-sociais-voltados-a-inclusao-social-e-a-cidadania-participacao-direitos-e-igualdade\/#primaryimage"},"thumbnailUrl":"https:\/\/www.vagadeempregorj.com.br\/wp-content\/uploads\/2025\/12\/beneficio-inclusao.png","articleSection":["Benef\u00edcios Sociais"],"inLanguage":"es"},{"@type":"WebPage","@id":"https:\/\/www.vagadeempregorj.com.br\/beneficios-sociais-voltados-a-inclusao-social-e-a-cidadania-participacao-direitos-e-igualdade\/","url":"https:\/\/www.vagadeempregorj.com.br\/beneficios-sociais-voltados-a-inclusao-social-e-a-cidadania-participacao-direitos-e-igualdade\/","name":"Benef\u00edcios Sociais Voltados \u00e0 Inclus\u00e3o Social e \u00e0 Cidadania: Participa\u00e7\u00e3o, Direitos e Igualdade -","isPartOf":{"@id":"https:\/\/www.vagadeempregorj.com.br\/#website"},"primaryImageOfPage":{"@id":"https:\/\/www.vagadeempregorj.com.br\/beneficios-sociais-voltados-a-inclusao-social-e-a-cidadania-participacao-direitos-e-igualdade\/#primaryimage"},"image":{"@id":"https:\/\/www.vagadeempregorj.com.br\/beneficios-sociais-voltados-a-inclusao-social-e-a-cidadania-participacao-direitos-e-igualdade\/#primaryimage"},"thumbnailUrl":"https:\/\/www.vagadeempregorj.com.br\/wp-content\/uploads\/2025\/12\/beneficio-inclusao.png","datePublished":"2026-09-06T16:00:37+00:00","author":{"@id":"https:\/\/www.vagadeempregorj.com.br\/#\/schema\/person\/c0c38d5d765e86c3b7c8f12fb1ae6477"},"description":"\u00a1Consulta las ofertas de empleo en R\u00edo de Janeiro (RJ) para puestos tanto para personas con experiencia como para quienes no la tienen, en tu estado y regi\u00f3n!","breadcrumb":{"@id":"https:\/\/www.vagadeempregorj.com.br\/beneficios-sociais-voltados-a-inclusao-social-e-a-cidadania-participacao-direitos-e-igualdade\/#breadcrumb"},"inLanguage":"es","potentialAction":[{"@type":"ReadAction","target":["https:\/\/www.vagadeempregorj.com.br\/beneficios-sociais-voltados-a-inclusao-social-e-a-cidadania-participacao-direitos-e-igualdade\/"]}]},{"@type":"ImageObject","inLanguage":"es","@id":"https:\/\/www.vagadeempregorj.com.br\/beneficios-sociais-voltados-a-inclusao-social-e-a-cidadania-participacao-direitos-e-igualdade\/#primaryimage","url":"https:\/\/www.vagadeempregorj.com.br\/wp-content\/uploads\/2025\/12\/beneficio-inclusao.png","contentUrl":"https:\/\/www.vagadeempregorj.com.br\/wp-content\/uploads\/2025\/12\/beneficio-inclusao.png","width":1536,"height":1024},{"@type":"BreadcrumbList","@id":"https:\/\/www.vagadeempregorj.com.br\/beneficios-sociais-voltados-a-inclusao-social-e-a-cidadania-participacao-direitos-e-igualdade\/#breadcrumb","itemListElement":[{"@type":"ListItem","position":1,"name":"In\u00edcio","item":"https:\/\/www.vagadeempregorj.com.br\/"},{"@type":"ListItem","position":2,"name":"Benef\u00edcios Sociais","item":"https:\/\/www.vagadeempregorj.com.br\/beneficios-sociais\/"},{"@type":"ListItem","position":3,"name":"Benef\u00edcios Sociais Voltados \u00e0 Inclus\u00e3o Social e \u00e0 Cidadania: Participa\u00e7\u00e3o, Direitos e Igualdade"}]},{"@type":"WebSite","@id":"https:\/\/www.vagadeempregorj.com.br\/#website","url":"https:\/\/www.vagadeempregorj.com.br\/","name":"","description":"Haz realidad tus sue\u00f1os: Ofertas de empleo, beneficios y ahorros para transformar vidas y lograr mejoras cotidianas.","potentialAction":[{"@type":"SearchAction","target":{"@type":"EntryPoint","urlTemplate":"https:\/\/www.vagadeempregorj.com.br\/?s={search_term_string}"},"query-input":{"@type":"PropertyValueSpecification","valueRequired":true,"valueName":"search_term_string"}}],"inLanguage":"es"},{"@type":"Person","@id":"https:\/\/www.vagadeempregorj.com.br\/#\/schema\/person\/c0c38d5d765e86c3b7c8f12fb1ae6477","name":"Ana B.","image":{"@type":"ImageObject","inLanguage":"es","@id":"https:\/\/secure.gravatar.com\/avatar\/f5efa58599e07f8dd92f26c7cfbc442fd115582bc681245452e503c2ef2334f3?s=96&r=g","url":"https:\/\/secure.gravatar.com\/avatar\/f5efa58599e07f8dd92f26c7cfbc442fd115582bc681245452e503c2ef2334f3?s=96&r=g","contentUrl":"https:\/\/secure.gravatar.com\/avatar\/f5efa58599e07f8dd92f26c7cfbc442fd115582bc681245452e503c2ef2334f3?s=96&r=g","caption":"Ana B."},"description":"Me llamo Ana y me apasiona la escritura, la comunicaci\u00f3n y la informaci\u00f3n digital. Dedico mi tiempo a producir contenido diario para el portal Vaga de Emprego RJ, creando noticias, art\u00edculos y publicaciones sobre oportunidades laborales, tecnolog\u00eda, el mercado laboral, tendencias globales y temas de actualidad relevantes. Mi objetivo es brindar informaci\u00f3n clara, \u00fatil y actualizada a los lectores, ayud\u00e1ndolos a mantenerse informados sobre carreras profesionales, innovaci\u00f3n, la econom\u00eda digital y eventos que impactan la vida diaria en Brasil y en todo el mundo. Todo el contenido publicado se desarrolla de manera responsable, con investigaci\u00f3n y un compromiso con la calidad de la informaci\u00f3n, esforz\u00e1ndome siempre por ofrecer una experiencia confiable y relevante para la audiencia.","url":"https:\/\/www.vagadeempregorj.com.br\/es\/author\/vgrj\/"}]}},"_links":{"self":[{"href":"https:\/\/www.vagadeempregorj.com.br\/es\/wp-json\/wp\/v2\/posts\/43951","targetHints":{"allow":["GET"]}}],"collection":[{"href":"https:\/\/www.vagadeempregorj.com.br\/es\/wp-json\/wp\/v2\/posts"}],"about":[{"href":"https:\/\/www.vagadeempregorj.com.br\/es\/wp-json\/wp\/v2\/types\/post"}],"author":[{"embeddable":true,"href":"https:\/\/www.vagadeempregorj.com.br\/es\/wp-json\/wp\/v2\/users\/1"}],"replies":[{"embeddable":true,"href":"https:\/\/www.vagadeempregorj.com.br\/es\/wp-json\/wp\/v2\/comments?post=43951"}],"version-history":[{"count":1,"href":"https:\/\/www.vagadeempregorj.com.br\/es\/wp-json\/wp\/v2\/posts\/43951\/revisions"}],"predecessor-version":[{"id":43962,"href":"https:\/\/www.vagadeempregorj.com.br\/es\/wp-json\/wp\/v2\/posts\/43951\/revisions\/43962"}],"wp:featuredmedia":[{"embeddable":true,"href":"https:\/\/www.vagadeempregorj.com.br\/es\/wp-json\/wp\/v2\/media\/43960"}],"wp:attachment":[{"href":"https:\/\/www.vagadeempregorj.com.br\/es\/wp-json\/wp\/v2\/media?parent=43951"}],"wp:term":[{"taxonomy":"category","embeddable":true,"href":"https:\/\/www.vagadeempregorj.com.br\/es\/wp-json\/wp\/v2\/categories?post=43951"},{"taxonomy":"post_tag","embeddable":true,"href":"https:\/\/www.vagadeempregorj.com.br\/es\/wp-json\/wp\/v2\/tags?post=43951"}],"curies":[{"name":"wp","href":"https:\/\/api.w.org\/{rel}","templated":true}]}}