{"id":43972,"date":"2026-04-12T13:32:20","date_gmt":"2026-04-12T16:32:20","guid":{"rendered":"https:\/\/www.vagadeempregorj.com.br\/?p=43972"},"modified":"2025-12-21T13:46:21","modified_gmt":"2025-12-21T16:46:21","slug":"emprego-desemprego-e-mercado-de-trabalho-no-brasil-dinamicas-desafios-e-tendencias","status":"publish","type":"post","link":"https:\/\/www.vagadeempregorj.com.br\/es\/emprego-desemprego-e-mercado-de-trabalho-no-brasil-dinamicas-desafios-e-tendencias\/","title":{"rendered":"Emprego, Desemprego e Mercado de Trabalho no Brasil: Din\u00e2micas, Desafios e Tend\u00eancias"},"content":{"rendered":"<p>O mercado de trabalho \u00e9 um dos principais term\u00f4metros da economia. Quando o emprego cresce, a renda aumenta, o consumo se fortalece e a economia tende a se expandir. Quando o desemprego sobe, os efeitos negativos aparecem rapidamente no cotidiano das fam\u00edlias e no desempenho econ\u00f4mico do pa\u00eds. No Brasil, o mercado de trabalho apresenta caracter\u00edsticas pr\u00f3prias, marcadas por informalidade, desigualdade e ciclos frequentes de expans\u00e3o e retra\u00e7\u00e3o.<\/p>\n\n\n\n<p>Neste artigo, voc\u00ea vai entender como funciona o mercado de trabalho brasileiro, quais fatores influenciam o emprego e o desemprego, e por que essas vari\u00e1veis s\u00e3o centrais para a economia e para a vida da popula\u00e7\u00e3o.<\/p>\n\n\n\n<h2 class=\"wp-block-heading\">O Que \u00e9 o Mercado de Trabalho<\/h2>\n\n\n\n<p>O mercado de trabalho \u00e9 o espa\u00e7o onde se encontram oferta e demanda por trabalho. De um lado est\u00e3o os trabalhadores oferecendo sua for\u00e7a de trabalho; do outro, empresas e organiza\u00e7\u00f5es demandando m\u00e3o de obra para produzir bens e servi\u00e7os.<\/p>\n\n\n\n<p>O equil\u00edbrio entre essas for\u00e7as depende do n\u00edvel de atividade econ\u00f4mica, da qualifica\u00e7\u00e3o da popula\u00e7\u00e3o, das pol\u00edticas p\u00fablicas e das condi\u00e7\u00f5es gerais da economia. Quando a atividade econ\u00f4mica cresce, a demanda por trabalho tende a aumentar. Quando a economia desacelera, o desemprego costuma subir.<\/p>\n\n\n\n<h2 class=\"wp-block-heading\">Emprego Como Pilar da Economia<\/h2>\n\n\n\n<p>O emprego \u00e9 fundamental para a estabilidade econ\u00f4mica e social. Ele garante renda \u00e0s fam\u00edlias, estimula o consumo e contribui para a arrecada\u00e7\u00e3o de impostos, que financiam pol\u00edticas p\u00fablicas.<\/p>\n\n\n\n<p>Al\u00e9m disso, o trabalho tem dimens\u00e3o social importante, pois promove inclus\u00e3o, autonomia e participa\u00e7\u00e3o econ\u00f4mica. Altos n\u00edveis de desemprego tendem a gerar inseguran\u00e7a, aumento da pobreza e tens\u00f5es sociais.<\/p>\n\n\n\n<h2 class=\"wp-block-heading\">Desemprego e Seus Impactos<\/h2>\n\n\n\n<p>O desemprego ocorre quando pessoas que desejam trabalhar n\u00e3o encontram ocupa\u00e7\u00e3o. Ele pode resultar de crises econ\u00f4micas, mudan\u00e7as tecnol\u00f3gicas, queda no investimento ou desajustes entre oferta e demanda de habilidades.<\/p>\n\n\n\n<p>No Brasil, o desemprego afeta de forma mais intensa jovens, mulheres e trabalhadores com menor escolaridade. Seus efeitos v\u00e3o al\u00e9m da perda de renda, impactando a sa\u00fade mental, a autoestima e o bem-estar das fam\u00edlias.<\/p>\n\n\n\n<h2 class=\"wp-block-heading\">Mercado de Trabalho Formal e Informal<\/h2>\n\n\n\n<p>Uma das principais caracter\u00edsticas do mercado de trabalho brasileiro \u00e9 a presen\u00e7a significativa da informalidade. Trabalhadores informais n\u00e3o possuem v\u00ednculo formal, prote\u00e7\u00e3o social completa ou garantias trabalhistas.<\/p>\n\n\n\n<p>A informalidade oferece flexibilidade e renda imediata, mas aumenta a vulnerabilidade em momentos de crise, pois esses trabalhadores ficam mais expostos \u00e0 perda de renda e \u00e0 falta de prote\u00e7\u00e3o social.<\/p>\n\n\n\n<p>Reduzir a informalidade \u00e9 um dos grandes desafios da economia brasileira.<\/p>\n\n\n\n<h2 class=\"wp-block-heading\">Qualifica\u00e7\u00e3o Profissional e Empregabilidade<\/h2>\n\n\n\n<p>A qualifica\u00e7\u00e3o da for\u00e7a de trabalho \u00e9 um fator central para o funcionamento do mercado de trabalho. Trabalhadores com maior escolaridade e habilidades espec\u00edficas tendem a ter mais oportunidades e rendas mais altas.<\/p>\n\n\n\n<p>No Brasil, a desigualdade educacional contribui para diferen\u00e7as significativas de empregabilidade. Investimentos em educa\u00e7\u00e3o e capacita\u00e7\u00e3o profissional s\u00e3o essenciais para melhorar o acesso ao emprego e aumentar a produtividade.<\/p>\n\n\n\n<h2 class=\"wp-block-heading\">Tecnologia e Transforma\u00e7\u00f5es no Trabalho<\/h2>\n\n\n\n<p>A tecnologia tem transformado rapidamente o mercado de trabalho. Automa\u00e7\u00e3o, digitaliza\u00e7\u00e3o e novas formas de organiza\u00e7\u00e3o produtiva alteram a demanda por habilidades e profiss\u00f5es.<\/p>\n\n\n\n<p>Essas transforma\u00e7\u00f5es criam oportunidades, mas tamb\u00e9m desafios, especialmente para trabalhadores que n\u00e3o conseguem se adaptar rapidamente \u00e0s novas exig\u00eancias do mercado.<\/p>\n\n\n\n<p>Pol\u00edticas de requalifica\u00e7\u00e3o s\u00e3o fundamentais nesse contexto.<\/p>\n\n\n\n<h2 class=\"wp-block-heading\">Emprego, Consumo e Crescimento Econ\u00f4mico<\/h2>\n\n\n\n<p>Existe uma rela\u00e7\u00e3o direta entre emprego, consumo e crescimento econ\u00f4mico. Quando mais pessoas est\u00e3o empregadas, a renda aumenta e o consumo se expande, estimulando a produ\u00e7\u00e3o e os investimentos.<\/p>\n\n\n\n<p>Por outro lado, desemprego elevado reduz o consumo, enfraquece a economia e pode gerar ciclos negativos de retra\u00e7\u00e3o.<\/p>\n\n\n\n<h2 class=\"wp-block-heading\">Pol\u00edticas P\u00fablicas e Mercado de Trabalho<\/h2>\n\n\n\n<p>O Estado desempenha papel importante no mercado de trabalho por meio de pol\u00edticas p\u00fablicas, como incentivos \u00e0 contrata\u00e7\u00e3o, programas de qualifica\u00e7\u00e3o, regula\u00e7\u00e3o trabalhista e prote\u00e7\u00e3o social.<\/p>\n\n\n\n<p>Essas pol\u00edticas buscam equilibrar flexibilidade econ\u00f4mica com prote\u00e7\u00e3o ao trabalhador, garantindo condi\u00e7\u00f5es dignas de trabalho e estabilidade social.<\/p>\n\n\n\n<h2 class=\"wp-block-heading\">Desigualdade no Mercado de Trabalho<\/h2>\n\n\n\n<p>O mercado de trabalho brasileiro \u00e9 marcado por desigualdades regionais, de g\u00eanero e de renda. Trabalhadores em regi\u00f5es menos desenvolvidas ou em grupos historicamente exclu\u00eddos enfrentam maiores dificuldades de inser\u00e7\u00e3o e progress\u00e3o profissional.<\/p>\n\n\n\n<p>Reduzir essas desigualdades \u00e9 fundamental para promover crescimento econ\u00f4mico mais inclusivo.<\/p>\n\n\n\n<h2 class=\"wp-block-heading\">Emprego e Produtividade<\/h2>\n\n\n\n<p>A produtividade do trabalho influencia diretamente a capacidade de gerar empregos de qualidade. Economias mais produtivas conseguem pagar sal\u00e1rios mais altos e sustentar crescimento de longo prazo.<\/p>\n\n\n\n<p>No Brasil, a baixa produtividade \u00e9 um dos fatores que limitam o crescimento econ\u00f4mico e a gera\u00e7\u00e3o de empregos melhores remunerados.<\/p>\n\n\n\n<h2 class=\"wp-block-heading\">Desafios Atuais do Mercado de Trabalho Brasileiro<\/h2>\n\n\n\n<p>Entre os principais desafios est\u00e3o a informalidade elevada, a baixa qualifica\u00e7\u00e3o m\u00e9dia da for\u00e7a de trabalho, a instabilidade econ\u00f4mica e a necessidade de adapta\u00e7\u00e3o \u00e0s mudan\u00e7as tecnol\u00f3gicas.<\/p>\n\n\n\n<p>Enfrentar esses desafios exige pol\u00edticas integradas de educa\u00e7\u00e3o, desenvolvimento econ\u00f4mico e prote\u00e7\u00e3o social.<\/p>\n\n\n\n<h2 class=\"wp-block-heading\">Conclus\u00e3o<\/h2>\n\n\n\n<p>O emprego e o desemprego s\u00e3o vari\u00e1veis centrais da economia brasileira, influenciando diretamente o bem-estar da popula\u00e7\u00e3o e o desempenho econ\u00f4mico do pa\u00eds. Entender o funcionamento do mercado de trabalho ajuda a compreender os desafios e as oportunidades do desenvolvimento econ\u00f4mico.<\/p>\n\n\n\n<p>Promover emprego de qualidade, reduzir desigualdades e preparar a for\u00e7a de trabalho para o futuro s\u00e3o passos essenciais para uma economia mais forte e inclusiva.<\/p>","protected":false},"excerpt":{"rendered":"<p>O mercado de trabalho \u00e9 um dos principais term\u00f4metros da economia. Quando o emprego cresce, a renda aumenta, o consumo se fortalece e a economia tende a se expandir. Quando o desemprego sobe, os efeitos negativos aparecem rapidamente no cotidiano das fam\u00edlias e no desempenho econ\u00f4mico do pa\u00eds. No Brasil, o mercado de trabalho apresenta&hellip;&nbsp;<\/p>","protected":false},"author":1,"featured_media":43990,"comment_status":"closed","ping_status":"closed","sticky":false,"template":"","format":"standard","meta":{"neve_meta_sidebar":"","neve_meta_container":"","neve_meta_enable_content_width":"","neve_meta_content_width":0,"neve_meta_title_alignment":"","neve_meta_author_avatar":"","neve_post_elements_order":"","neve_meta_disable_header":"","neve_meta_disable_footer":"","neve_meta_disable_title":"","footnotes":""},"categories":[804],"tags":[],"class_list":["post-43972","post","type-post","status-publish","format-standard","has-post-thumbnail","hentry","category-economia"],"yoast_head":"<!-- This site is optimized with the Yoast SEO plugin v27.5 - https:\/\/yoast.com\/product\/yoast-seo-wordpress\/ -->\n<title>Emprego, Desemprego e Mercado de Trabalho no Brasil: Din\u00e2micas, Desafios e Tend\u00eancias -<\/title>\n<meta name=\"description\" content=\"Veja em Vagas de Emprego RJ as vagas de emprego com e sem experi\u00eancia no seu Estado e Regi\u00e3o!\" \/>\n<meta name=\"robots\" content=\"index, follow, max-snippet:-1, max-image-preview:large, max-video-preview:-1\" \/>\n<link rel=\"canonical\" href=\"https:\/\/www.vagadeempregorj.com.br\/es\/emprego-desemprego-e-mercado-de-trabalho-no-brasil-dinamicas-desafios-e-tendencias\/\" \/>\n<meta property=\"og:locale\" content=\"es_MX\" \/>\n<meta property=\"og:type\" content=\"article\" \/>\n<meta property=\"og:title\" content=\"Emprego, Desemprego e Mercado de Trabalho no Brasil: Din\u00e2micas, Desafios e Tend\u00eancias -\" \/>\n<meta property=\"og:description\" content=\"Veja em Vagas de Emprego RJ as vagas de emprego com e sem experi\u00eancia no seu Estado e Regi\u00e3o!\" \/>\n<meta property=\"og:url\" content=\"https:\/\/www.vagadeempregorj.com.br\/es\/emprego-desemprego-e-mercado-de-trabalho-no-brasil-dinamicas-desafios-e-tendencias\/\" \/>\n<meta property=\"article:publisher\" content=\"https:\/\/www.facebook.com\/empregobrasiloficial\" \/>\n<meta property=\"article:published_time\" content=\"2026-04-12T16:32:20+00:00\" \/>\n<meta property=\"og:image\" content=\"https:\/\/www.vagadeempregorj.com.br\/wp-content\/uploads\/2025\/12\/emprego-brasil-1024x683.png\" \/>\n\t<meta property=\"og:image:width\" content=\"1024\" \/>\n\t<meta property=\"og:image:height\" content=\"683\" \/>\n\t<meta property=\"og:image:type\" content=\"image\/png\" \/>\n<meta name=\"author\" content=\"Ana B.\" \/>\n<meta name=\"twitter:card\" content=\"summary_large_image\" \/>\n<meta name=\"twitter:label1\" content=\"Written by\" \/>\n\t<meta name=\"twitter:data1\" content=\"Ana B.\" \/>\n\t<meta name=\"twitter:label2\" content=\"Est. reading time\" \/>\n\t<meta name=\"twitter:data2\" content=\"5 minutos\" \/>\n<script type=\"application\/ld+json\" class=\"yoast-schema-graph\">{\"@context\":\"https:\\\/\\\/schema.org\",\"@graph\":[{\"@type\":\"Article\",\"@id\":\"https:\\\/\\\/www.vagadeempregorj.com.br\\\/emprego-desemprego-e-mercado-de-trabalho-no-brasil-dinamicas-desafios-e-tendencias\\\/#article\",\"isPartOf\":{\"@id\":\"https:\\\/\\\/www.vagadeempregorj.com.br\\\/emprego-desemprego-e-mercado-de-trabalho-no-brasil-dinamicas-desafios-e-tendencias\\\/\"},\"author\":{\"name\":\"Ana B.\",\"@id\":\"https:\\\/\\\/www.vagadeempregorj.com.br\\\/#\\\/schema\\\/person\\\/c0c38d5d765e86c3b7c8f12fb1ae6477\"},\"headline\":\"Emprego, Desemprego e Mercado de Trabalho no Brasil: Din\u00e2micas, Desafios e Tend\u00eancias\",\"datePublished\":\"2026-04-12T16:32:20+00:00\",\"mainEntityOfPage\":{\"@id\":\"https:\\\/\\\/www.vagadeempregorj.com.br\\\/emprego-desemprego-e-mercado-de-trabalho-no-brasil-dinamicas-desafios-e-tendencias\\\/\"},\"wordCount\":965,\"image\":{\"@id\":\"https:\\\/\\\/www.vagadeempregorj.com.br\\\/emprego-desemprego-e-mercado-de-trabalho-no-brasil-dinamicas-desafios-e-tendencias\\\/#primaryimage\"},\"thumbnailUrl\":\"https:\\\/\\\/www.vagadeempregorj.com.br\\\/wp-content\\\/uploads\\\/2025\\\/12\\\/emprego-brasil.png\",\"articleSection\":[\"Economia\"],\"inLanguage\":\"es\"},{\"@type\":\"WebPage\",\"@id\":\"https:\\\/\\\/www.vagadeempregorj.com.br\\\/emprego-desemprego-e-mercado-de-trabalho-no-brasil-dinamicas-desafios-e-tendencias\\\/\",\"url\":\"https:\\\/\\\/www.vagadeempregorj.com.br\\\/emprego-desemprego-e-mercado-de-trabalho-no-brasil-dinamicas-desafios-e-tendencias\\\/\",\"name\":\"Emprego, Desemprego e Mercado de Trabalho no Brasil: Din\u00e2micas, Desafios e Tend\u00eancias -\",\"isPartOf\":{\"@id\":\"https:\\\/\\\/www.vagadeempregorj.com.br\\\/#website\"},\"primaryImageOfPage\":{\"@id\":\"https:\\\/\\\/www.vagadeempregorj.com.br\\\/emprego-desemprego-e-mercado-de-trabalho-no-brasil-dinamicas-desafios-e-tendencias\\\/#primaryimage\"},\"image\":{\"@id\":\"https:\\\/\\\/www.vagadeempregorj.com.br\\\/emprego-desemprego-e-mercado-de-trabalho-no-brasil-dinamicas-desafios-e-tendencias\\\/#primaryimage\"},\"thumbnailUrl\":\"https:\\\/\\\/www.vagadeempregorj.com.br\\\/wp-content\\\/uploads\\\/2025\\\/12\\\/emprego-brasil.png\",\"datePublished\":\"2026-04-12T16:32:20+00:00\",\"author\":{\"@id\":\"https:\\\/\\\/www.vagadeempregorj.com.br\\\/#\\\/schema\\\/person\\\/c0c38d5d765e86c3b7c8f12fb1ae6477\"},\"description\":\"Veja em Vagas de Emprego RJ as vagas de emprego com e sem experi\u00eancia no seu Estado e Regi\u00e3o!\",\"breadcrumb\":{\"@id\":\"https:\\\/\\\/www.vagadeempregorj.com.br\\\/emprego-desemprego-e-mercado-de-trabalho-no-brasil-dinamicas-desafios-e-tendencias\\\/#breadcrumb\"},\"inLanguage\":\"es\",\"potentialAction\":[{\"@type\":\"ReadAction\",\"target\":[\"https:\\\/\\\/www.vagadeempregorj.com.br\\\/emprego-desemprego-e-mercado-de-trabalho-no-brasil-dinamicas-desafios-e-tendencias\\\/\"]}]},{\"@type\":\"ImageObject\",\"inLanguage\":\"es\",\"@id\":\"https:\\\/\\\/www.vagadeempregorj.com.br\\\/emprego-desemprego-e-mercado-de-trabalho-no-brasil-dinamicas-desafios-e-tendencias\\\/#primaryimage\",\"url\":\"https:\\\/\\\/www.vagadeempregorj.com.br\\\/wp-content\\\/uploads\\\/2025\\\/12\\\/emprego-brasil.png\",\"contentUrl\":\"https:\\\/\\\/www.vagadeempregorj.com.br\\\/wp-content\\\/uploads\\\/2025\\\/12\\\/emprego-brasil.png\",\"width\":1536,\"height\":1024},{\"@type\":\"BreadcrumbList\",\"@id\":\"https:\\\/\\\/www.vagadeempregorj.com.br\\\/emprego-desemprego-e-mercado-de-trabalho-no-brasil-dinamicas-desafios-e-tendencias\\\/#breadcrumb\",\"itemListElement\":[{\"@type\":\"ListItem\",\"position\":1,\"name\":\"In\u00edcio\",\"item\":\"https:\\\/\\\/www.vagadeempregorj.com.br\\\/\"},{\"@type\":\"ListItem\",\"position\":2,\"name\":\"Economia\",\"item\":\"https:\\\/\\\/www.vagadeempregorj.com.br\\\/economia\\\/\"},{\"@type\":\"ListItem\",\"position\":3,\"name\":\"Emprego, Desemprego e Mercado de Trabalho no Brasil: Din\u00e2micas, Desafios e Tend\u00eancias\"}]},{\"@type\":\"WebSite\",\"@id\":\"https:\\\/\\\/www.vagadeempregorj.com.br\\\/#website\",\"url\":\"https:\\\/\\\/www.vagadeempregorj.com.br\\\/\",\"name\":\"\",\"description\":\"Conquiste Sonhos: Vagas, Benef\u00edcios e Economia para Transformar Vidas e Alcan\u00e7ar Melhorias Cotidianas\",\"potentialAction\":[{\"@type\":\"SearchAction\",\"target\":{\"@type\":\"EntryPoint\",\"urlTemplate\":\"https:\\\/\\\/www.vagadeempregorj.com.br\\\/?s={search_term_string}\"},\"query-input\":{\"@type\":\"PropertyValueSpecification\",\"valueRequired\":true,\"valueName\":\"search_term_string\"}}],\"inLanguage\":\"es\"},{\"@type\":\"Person\",\"@id\":\"https:\\\/\\\/www.vagadeempregorj.com.br\\\/#\\\/schema\\\/person\\\/c0c38d5d765e86c3b7c8f12fb1ae6477\",\"name\":\"Ana B.\",\"image\":{\"@type\":\"ImageObject\",\"inLanguage\":\"es\",\"@id\":\"https:\\\/\\\/secure.gravatar.com\\\/avatar\\\/f5efa58599e07f8dd92f26c7cfbc442fd115582bc681245452e503c2ef2334f3?s=96&r=g\",\"url\":\"https:\\\/\\\/secure.gravatar.com\\\/avatar\\\/f5efa58599e07f8dd92f26c7cfbc442fd115582bc681245452e503c2ef2334f3?s=96&r=g\",\"contentUrl\":\"https:\\\/\\\/secure.gravatar.com\\\/avatar\\\/f5efa58599e07f8dd92f26c7cfbc442fd115582bc681245452e503c2ef2334f3?s=96&r=g\",\"caption\":\"Ana B.\"},\"description\":\"Meu nome \u00e9 Ana e sou apaixonada em escrever. Dedico meu tempo escrevendo not\u00edcias e vagas de emprego diariamente no portal Vaga de Emprego RJ.\",\"url\":\"https:\\\/\\\/www.vagadeempregorj.com.br\\\/es\\\/author\\\/vgrj\\\/\"}]}<\/script>\n<!-- \/ Yoast SEO plugin. -->","yoast_head_json":{"title":"Emprego, Desemprego e Mercado de Trabalho no Brasil: Din\u00e2micas, Desafios e Tend\u00eancias -","description":"Veja em Vagas de Emprego RJ as vagas de emprego com e sem experi\u00eancia no seu Estado e Regi\u00e3o!","robots":{"index":"index","follow":"follow","max-snippet":"max-snippet:-1","max-image-preview":"max-image-preview:large","max-video-preview":"max-video-preview:-1"},"canonical":"https:\/\/www.vagadeempregorj.com.br\/es\/emprego-desemprego-e-mercado-de-trabalho-no-brasil-dinamicas-desafios-e-tendencias\/","og_locale":"es_MX","og_type":"article","og_title":"Emprego, Desemprego e Mercado de Trabalho no Brasil: Din\u00e2micas, Desafios e Tend\u00eancias -","og_description":"Veja em Vagas de Emprego RJ as vagas de emprego com e sem experi\u00eancia no seu Estado e Regi\u00e3o!","og_url":"https:\/\/www.vagadeempregorj.com.br\/es\/emprego-desemprego-e-mercado-de-trabalho-no-brasil-dinamicas-desafios-e-tendencias\/","article_publisher":"https:\/\/www.facebook.com\/empregobrasiloficial","article_published_time":"2026-04-12T16:32:20+00:00","og_image":[{"width":1024,"height":683,"url":"https:\/\/www.vagadeempregorj.com.br\/wp-content\/uploads\/2025\/12\/emprego-brasil-1024x683.png","type":"image\/png"}],"author":"Ana B.","twitter_card":"summary_large_image","twitter_misc":{"Written by":"Ana B.","Est. reading time":"5 minutos"},"schema":{"@context":"https:\/\/schema.org","@graph":[{"@type":"Article","@id":"https:\/\/www.vagadeempregorj.com.br\/emprego-desemprego-e-mercado-de-trabalho-no-brasil-dinamicas-desafios-e-tendencias\/#article","isPartOf":{"@id":"https:\/\/www.vagadeempregorj.com.br\/emprego-desemprego-e-mercado-de-trabalho-no-brasil-dinamicas-desafios-e-tendencias\/"},"author":{"name":"Ana B.","@id":"https:\/\/www.vagadeempregorj.com.br\/#\/schema\/person\/c0c38d5d765e86c3b7c8f12fb1ae6477"},"headline":"Emprego, Desemprego e Mercado de Trabalho no Brasil: Din\u00e2micas, Desafios e Tend\u00eancias","datePublished":"2026-04-12T16:32:20+00:00","mainEntityOfPage":{"@id":"https:\/\/www.vagadeempregorj.com.br\/emprego-desemprego-e-mercado-de-trabalho-no-brasil-dinamicas-desafios-e-tendencias\/"},"wordCount":965,"image":{"@id":"https:\/\/www.vagadeempregorj.com.br\/emprego-desemprego-e-mercado-de-trabalho-no-brasil-dinamicas-desafios-e-tendencias\/#primaryimage"},"thumbnailUrl":"https:\/\/www.vagadeempregorj.com.br\/wp-content\/uploads\/2025\/12\/emprego-brasil.png","articleSection":["Economia"],"inLanguage":"es"},{"@type":"WebPage","@id":"https:\/\/www.vagadeempregorj.com.br\/emprego-desemprego-e-mercado-de-trabalho-no-brasil-dinamicas-desafios-e-tendencias\/","url":"https:\/\/www.vagadeempregorj.com.br\/emprego-desemprego-e-mercado-de-trabalho-no-brasil-dinamicas-desafios-e-tendencias\/","name":"Emprego, Desemprego e Mercado de Trabalho no Brasil: Din\u00e2micas, Desafios e Tend\u00eancias -","isPartOf":{"@id":"https:\/\/www.vagadeempregorj.com.br\/#website"},"primaryImageOfPage":{"@id":"https:\/\/www.vagadeempregorj.com.br\/emprego-desemprego-e-mercado-de-trabalho-no-brasil-dinamicas-desafios-e-tendencias\/#primaryimage"},"image":{"@id":"https:\/\/www.vagadeempregorj.com.br\/emprego-desemprego-e-mercado-de-trabalho-no-brasil-dinamicas-desafios-e-tendencias\/#primaryimage"},"thumbnailUrl":"https:\/\/www.vagadeempregorj.com.br\/wp-content\/uploads\/2025\/12\/emprego-brasil.png","datePublished":"2026-04-12T16:32:20+00:00","author":{"@id":"https:\/\/www.vagadeempregorj.com.br\/#\/schema\/person\/c0c38d5d765e86c3b7c8f12fb1ae6477"},"description":"Veja em Vagas de Emprego RJ as vagas de emprego com e sem experi\u00eancia no seu Estado e Regi\u00e3o!","breadcrumb":{"@id":"https:\/\/www.vagadeempregorj.com.br\/emprego-desemprego-e-mercado-de-trabalho-no-brasil-dinamicas-desafios-e-tendencias\/#breadcrumb"},"inLanguage":"es","potentialAction":[{"@type":"ReadAction","target":["https:\/\/www.vagadeempregorj.com.br\/emprego-desemprego-e-mercado-de-trabalho-no-brasil-dinamicas-desafios-e-tendencias\/"]}]},{"@type":"ImageObject","inLanguage":"es","@id":"https:\/\/www.vagadeempregorj.com.br\/emprego-desemprego-e-mercado-de-trabalho-no-brasil-dinamicas-desafios-e-tendencias\/#primaryimage","url":"https:\/\/www.vagadeempregorj.com.br\/wp-content\/uploads\/2025\/12\/emprego-brasil.png","contentUrl":"https:\/\/www.vagadeempregorj.com.br\/wp-content\/uploads\/2025\/12\/emprego-brasil.png","width":1536,"height":1024},{"@type":"BreadcrumbList","@id":"https:\/\/www.vagadeempregorj.com.br\/emprego-desemprego-e-mercado-de-trabalho-no-brasil-dinamicas-desafios-e-tendencias\/#breadcrumb","itemListElement":[{"@type":"ListItem","position":1,"name":"In\u00edcio","item":"https:\/\/www.vagadeempregorj.com.br\/"},{"@type":"ListItem","position":2,"name":"Economia","item":"https:\/\/www.vagadeempregorj.com.br\/economia\/"},{"@type":"ListItem","position":3,"name":"Emprego, Desemprego e Mercado de Trabalho no Brasil: Din\u00e2micas, Desafios e Tend\u00eancias"}]},{"@type":"WebSite","@id":"https:\/\/www.vagadeempregorj.com.br\/#website","url":"https:\/\/www.vagadeempregorj.com.br\/","name":"","description":"Conquiste Sonhos: Vagas, Benef\u00edcios e Economia para Transformar Vidas e Alcan\u00e7ar Melhorias Cotidianas","potentialAction":[{"@type":"SearchAction","target":{"@type":"EntryPoint","urlTemplate":"https:\/\/www.vagadeempregorj.com.br\/?s={search_term_string}"},"query-input":{"@type":"PropertyValueSpecification","valueRequired":true,"valueName":"search_term_string"}}],"inLanguage":"es"},{"@type":"Person","@id":"https:\/\/www.vagadeempregorj.com.br\/#\/schema\/person\/c0c38d5d765e86c3b7c8f12fb1ae6477","name":"Ana B.","image":{"@type":"ImageObject","inLanguage":"es","@id":"https:\/\/secure.gravatar.com\/avatar\/f5efa58599e07f8dd92f26c7cfbc442fd115582bc681245452e503c2ef2334f3?s=96&r=g","url":"https:\/\/secure.gravatar.com\/avatar\/f5efa58599e07f8dd92f26c7cfbc442fd115582bc681245452e503c2ef2334f3?s=96&r=g","contentUrl":"https:\/\/secure.gravatar.com\/avatar\/f5efa58599e07f8dd92f26c7cfbc442fd115582bc681245452e503c2ef2334f3?s=96&r=g","caption":"Ana B."},"description":"Meu nome \u00e9 Ana e sou apaixonada em escrever. Dedico meu tempo escrevendo not\u00edcias e vagas de emprego diariamente no portal Vaga de Emprego RJ.","url":"https:\/\/www.vagadeempregorj.com.br\/es\/author\/vgrj\/"}]}},"_links":{"self":[{"href":"https:\/\/www.vagadeempregorj.com.br\/es\/wp-json\/wp\/v2\/posts\/43972","targetHints":{"allow":["GET"]}}],"collection":[{"href":"https:\/\/www.vagadeempregorj.com.br\/es\/wp-json\/wp\/v2\/posts"}],"about":[{"href":"https:\/\/www.vagadeempregorj.com.br\/es\/wp-json\/wp\/v2\/types\/post"}],"author":[{"embeddable":true,"href":"https:\/\/www.vagadeempregorj.com.br\/es\/wp-json\/wp\/v2\/users\/1"}],"replies":[{"embeddable":true,"href":"https:\/\/www.vagadeempregorj.com.br\/es\/wp-json\/wp\/v2\/comments?post=43972"}],"version-history":[{"count":1,"href":"https:\/\/www.vagadeempregorj.com.br\/es\/wp-json\/wp\/v2\/posts\/43972\/revisions"}],"predecessor-version":[{"id":43991,"href":"https:\/\/www.vagadeempregorj.com.br\/es\/wp-json\/wp\/v2\/posts\/43972\/revisions\/43991"}],"wp:featuredmedia":[{"embeddable":true,"href":"https:\/\/www.vagadeempregorj.com.br\/es\/wp-json\/wp\/v2\/media\/43990"}],"wp:attachment":[{"href":"https:\/\/www.vagadeempregorj.com.br\/es\/wp-json\/wp\/v2\/media?parent=43972"}],"wp:term":[{"taxonomy":"category","embeddable":true,"href":"https:\/\/www.vagadeempregorj.com.br\/es\/wp-json\/wp\/v2\/categories?post=43972"},{"taxonomy":"post_tag","embeddable":true,"href":"https:\/\/www.vagadeempregorj.com.br\/es\/wp-json\/wp\/v2\/tags?post=43972"}],"curies":[{"name":"wp","href":"https:\/\/api.w.org\/{rel}","templated":true}]}}