{"id":43975,"date":"2026-07-12T13:32:26","date_gmt":"2026-07-12T16:32:26","guid":{"rendered":"https:\/\/www.vagadeempregorj.com.br\/?p=43975"},"modified":"2025-12-21T13:55:26","modified_gmt":"2025-12-21T16:55:26","slug":"economia-domestica-y-finanzas-personales-como-la-economia-brasilena-afecta-los-presupuestos-familiares","status":"publish","type":"post","link":"https:\/\/www.vagadeempregorj.com.br\/es\/economia-domestica-e-financas-pessoais-como-a-economia-brasileira-afeta-o-orcamento-das-familias\/","title":{"rendered":"Econom\u00eda dom\u00e9stica y finanzas personales: c\u00f3mo la econom\u00eda brasile\u00f1a afecta los presupuestos familiares"},"content":{"rendered":"<p class=\"wp-block-paragraph\">Las finanzas familiares son el \u00e1mbito donde las decisiones econ\u00f3micas m\u00e1s importantes se convierten en realidades concretas. La inflaci\u00f3n, los tipos de inter\u00e9s, el empleo y el crecimiento econ\u00f3mico dejan de ser conceptos abstractos y comienzan a impactar directamente en los presupuestos familiares. En Brasil, donde el ingreso promedio est\u00e1 bajo presi\u00f3n y el costo de vida var\u00eda significativamente entre regiones, comprender la relaci\u00f3n entre la econom\u00eda nacional y las finanzas personales es fundamental para la estabilidad financiera.<\/p>\n\n\n\n<p class=\"wp-block-paragraph\">En este art\u00edculo, comprender\u00e1s c\u00f3mo la econom\u00eda brasile\u00f1a influye en la vida financiera de las familias, por qu\u00e9 la elaboraci\u00f3n de presupuestos es tan importante y c\u00f3mo las decisiones econ\u00f3micas colectivas afectan las decisiones individuales.<\/p>\n\n\n\n<h2 class=\"wp-block-heading\">\u00bfQu\u00e9 es la econom\u00eda dom\u00e9stica?<\/h2>\n\n\n\n<p class=\"wp-block-paragraph\">La econom\u00eda dom\u00e9stica se refiere a c\u00f3mo las familias administran sus ingresos, gastos, consumo, ahorros y deudas. Incluye decisiones cotidianas como el gasto en alimentaci\u00f3n, vivienda, transporte, educaci\u00f3n y ocio.<\/p>\n\n\n\n<p class=\"wp-block-paragraph\">Estas decisiones no se toman de forma aislada. Est\u00e1n influenciadas por factores econ\u00f3micos externos, como la inflaci\u00f3n, los tipos de inter\u00e9s, los niveles de empleo y las pol\u00edticas p\u00fablicas. Cuando la econom\u00eda es inestable, los presupuestos familiares tienden a sufrir ajustes forzosos.<\/p>\n\n\n\n<h2 class=\"wp-block-heading\">Ingresos familiares y planificaci\u00f3n financiera<\/h2>\n\n\n\n<p class=\"wp-block-paragraph\">Los ingresos son la base de la econom\u00eda familiar. Los salarios, los ingresos informales, las pensiones y las transferencias conforman el presupuesto disponible para el consumo.<\/p>\n\n\n\n<p class=\"wp-block-paragraph\">Durante los per\u00edodos de crecimiento econ\u00f3mico, los ingresos tienden a aumentar, lo que permite un mayor consumo y ahorro. En tiempos de crisis, los ingresos pueden disminuir o volverse inestables, lo que exige una planificaci\u00f3n m\u00e1s rigurosa.<\/p>\n\n\n\n<p class=\"wp-block-paragraph\">La planificaci\u00f3n financiera ayuda a las familias a equilibrar los gastos y evitar deudas excesivas, especialmente en tiempos de incertidumbre econ\u00f3mica.<\/p>\n\n\n\n<h2 class=\"wp-block-heading\">Inflaci\u00f3n y presupuestos familiares<\/h2>\n\n\n\n<p class=\"wp-block-paragraph\">La inflaci\u00f3n es uno de los factores que m\u00e1s afectan a la econom\u00eda nacional. El continuo aumento de los precios reduce el poder adquisitivo y ejerce presi\u00f3n sobre los presupuestos, especialmente en lo que respecta a art\u00edculos de primera necesidad.<\/p>\n\n\n\n<p class=\"wp-block-paragraph\">En Brasil, la inflaci\u00f3n en alimentos, energ\u00eda y transporte suele tener un impacto significativo en las familias de bajos y medianos ingresos. Incluso cuando el ingreso nominal se mantiene estable, el aumento de los precios obliga a recortar o ajustar el consumo.<\/p>\n\n\n\n<h2 class=\"wp-block-heading\">Tipos de inter\u00e9s y deuda de los hogares<\/h2>\n\n\n\n<p class=\"wp-block-paragraph\">Los tipos de inter\u00e9s influyen directamente en el coste del cr\u00e9dito y en el nivel de endeudamiento de los hogares. Unos tipos de inter\u00e9s elevados encarecen los pr\u00e9stamos, la financiaci\u00f3n y las compras a plazos, lo que compromete una mayor parte de los ingresos futuros.<\/p>\n\n\n\n<p class=\"wp-block-paragraph\">El endeudamiento excesivo es un problema recurrente en la econom\u00eda brasile\u00f1a, agravado por el alto costo del cr\u00e9dito y la inestabilidad de los ingresos. Una gesti\u00f3n crediticia cuidadosa es fundamental para mantener una buena salud financiera.<\/p>\n\n\n\n<h2 class=\"wp-block-heading\">Consumo consciente en escenarios econ\u00f3micos variables<\/h2>\n\n\n\n<p class=\"wp-block-paragraph\">En econom\u00edas vol\u00e1tiles, el consumo consciente se convierte en una estrategia de supervivencia financiera. Evaluar las prioridades, evitar los gastos impulsivos y comparar precios son pr\u00e1cticas esenciales para equilibrar el presupuesto.<\/p>\n\n\n\n<p class=\"wp-block-paragraph\">El consumo consciente no significa sacrificar la calidad de vida, sino m\u00e1s bien alinear las decisiones financieras con la realidad econ\u00f3mica.<\/p>\n\n\n\n<h2 class=\"wp-block-heading\">Ahorros y reserva financiera<\/h2>\n\n\n\n<p class=\"wp-block-paragraph\">Ahorrar dinero es una herramienta importante para afrontar imprevistos y periodos de inestabilidad econ\u00f3mica. Contar con una reserva financiera reduce la dependencia del cr\u00e9dito en situaciones de emergencia.<\/p>\n\n\n\n<p class=\"wp-block-paragraph\">En Brasil, muchas familias tienen dificultades para ahorrar debido a sus bajos ingresos y al alto costo de vida. Aun as\u00ed, acumular ahorros, por peque\u00f1os que sean, contribuye a una mayor seguridad financiera.<\/p>\n\n\n\n<h2 class=\"wp-block-heading\">Econom\u00eda nacional y mercado laboral<\/h2>\n\n\n\n<p class=\"wp-block-paragraph\">La estabilidad en el mercado laboral influye directamente en la econom\u00eda familiar. El empleo formal tiende a ofrecer ingresos m\u00e1s predecibles, mientras que la informalidad genera mayor incertidumbre.<\/p>\n\n\n\n<p class=\"wp-block-paragraph\">Los cambios en el mercado laboral, como el desempleo o la reducci\u00f3n de ingresos, requieren ajustes inmediatos en el presupuesto familiar, lo que refuerza la importancia de la planificaci\u00f3n financiera.<\/p>\n\n\n\n<h2 class=\"wp-block-heading\">Impacto de las pol\u00edticas econ\u00f3micas en la vida financiera<\/h2>\n\n\n\n<p class=\"wp-block-paragraph\">Las decisiones de pol\u00edtica econ\u00f3mica, como los cambios en los impuestos, las tasas de inter\u00e9s y el gasto p\u00fablico, afectan directamente la econom\u00eda familiar. Los cambios en los impuestos pueden aumentar o disminuir el costo de los bienes y servicios, impactando as\u00ed el presupuesto familiar.<\/p>\n\n\n\n<p class=\"wp-block-paragraph\">Comprender estas relaciones ayuda a las familias a adaptarse mejor a los cambios econ\u00f3micos.<\/p>\n\n\n\n<h2 class=\"wp-block-heading\">La educaci\u00f3n financiera como herramienta de protecci\u00f3n<\/h2>\n\n\n\n<p class=\"wp-block-paragraph\">La educaci\u00f3n financiera es fundamental para fortalecer la econom\u00eda familiar. Permite a las familias comprender mejor conceptos como presupuesto, intereses, cr\u00e9dito y ahorro.<\/p>\n\n\n\n<p class=\"wp-block-paragraph\">En un entorno econ\u00f3mico complejo, la educaci\u00f3n financiera ayuda a tomar decisiones m\u00e1s informadas y a reducir el riesgo de endeudamiento excesivo.<\/p>\n\n\n\n<h2 class=\"wp-block-heading\">Desigualdad y econom\u00eda dom\u00e9stica<\/h2>\n\n\n\n<p class=\"wp-block-paragraph\">La desigualdad de ingresos en Brasil implica que las finanzas familiares se viven de forma muy diferente seg\u00fan la familia. Mientras que algunas pueden ahorrar e invertir, otras luchan por cubrir sus gastos b\u00e1sicos.<\/p>\n\n\n\n<p class=\"wp-block-paragraph\">Las pol\u00edticas p\u00fablicas que reducen las desigualdades contribuyen a un mayor equilibrio econ\u00f3mico y social.<\/p>\n\n\n\n<h2 class=\"wp-block-heading\">Desaf\u00edos de la econom\u00eda interna en Brasil<\/h2>\n\n\n\n<p class=\"wp-block-paragraph\">Entre los principales desaf\u00edos se encuentran la inestabilidad de los ingresos, el alto costo del cr\u00e9dito, la inflaci\u00f3n persistente y la falta de una educaci\u00f3n financiera generalizada.<\/p>\n\n\n\n<p class=\"wp-block-paragraph\">Superar estos desaf\u00edos requiere esfuerzo individual, apoyo colectivo y pol\u00edticas econ\u00f3micas m\u00e1s inclusivas.<\/p>\n\n\n\n<h2 class=\"wp-block-heading\">Conclusi\u00f3n<\/h2>\n\n\n\n<p class=\"wp-block-paragraph\">La econom\u00eda dom\u00e9stica refleja directamente la econom\u00eda nacional en la vida cotidiana de las familias. La inflaci\u00f3n, los tipos de inter\u00e9s, el empleo y las pol\u00edticas p\u00fablicas condicionan las decisiones financieras e influyen en el bienestar de la poblaci\u00f3n.<\/p>\n\n\n\n<p class=\"wp-block-paragraph\">Comprender esta relaci\u00f3n es fundamental para organizar el presupuesto, reducir los riesgos y afrontar los per\u00edodos de inestabilidad con mayor seguridad y planificaci\u00f3n.<\/p>","protected":false},"excerpt":{"rendered":"<p>A economia dom\u00e9stica \u00e9 o ponto onde as grandes decis\u00f5es econ\u00f4micas se tornam realidade concreta. Infla\u00e7\u00e3o, juros, emprego e crescimento econ\u00f4mico deixam de ser conceitos abstratos e passam a impactar diretamente o or\u00e7amento das fam\u00edlias. No Brasil, onde a renda m\u00e9dia \u00e9 pressionada e o custo de vida varia significativamente entre regi\u00f5es, compreender a rela\u00e7\u00e3o&hellip;&nbsp;<\/p>","protected":false},"author":1,"featured_media":43997,"comment_status":"closed","ping_status":"closed","sticky":false,"template":"","format":"standard","meta":{"neve_meta_sidebar":"","neve_meta_container":"","neve_meta_enable_content_width":"","neve_meta_content_width":0,"neve_meta_title_alignment":"","neve_meta_author_avatar":"","neve_post_elements_order":"","neve_meta_disable_header":"","neve_meta_disable_footer":"","neve_meta_disable_title":"","footnotes":""},"categories":[804],"tags":[],"class_list":["post-43975","post","type-post","status-publish","format-standard","has-post-thumbnail","hentry","category-economia"],"yoast_head":"<!-- This site is optimized with the Yoast SEO plugin v28.4 - https:\/\/yoast.com\/product\/yoast-seo-wordpress\/ -->\n<title>Economia Dom\u00e9stica e Finan\u00e7as Pessoais: Como a Economia Brasileira Afeta o Or\u00e7amento das Fam\u00edlias -<\/title>\n<meta name=\"description\" content=\"Veja em Vagas de Emprego RJ as vagas de emprego com e sem experi\u00eancia no seu Estado e Regi\u00e3o!\" \/>\n<meta name=\"robots\" content=\"index, follow, max-snippet:-1, max-image-preview:large, max-video-preview:-1\" \/>\n<link rel=\"canonical\" href=\"https:\/\/www.vagadeempregorj.com.br\/es\/economia-domestica-y-finanzas-personales-como-la-economia-brasilena-afecta-los-presupuestos-familiares\/\" \/>\n<meta property=\"og:locale\" content=\"es_MX\" \/>\n<meta property=\"og:type\" content=\"article\" \/>\n<meta property=\"og:title\" content=\"Economia Dom\u00e9stica e Finan\u00e7as Pessoais: Como a Economia Brasileira Afeta o Or\u00e7amento das Fam\u00edlias -\" \/>\n<meta property=\"og:description\" content=\"Veja em Vagas de Emprego RJ as vagas de emprego com e sem experi\u00eancia no seu Estado e Regi\u00e3o!\" \/>\n<meta property=\"og:url\" content=\"https:\/\/www.vagadeempregorj.com.br\/es\/economia-domestica-y-finanzas-personales-como-la-economia-brasilena-afecta-los-presupuestos-familiares\/\" \/>\n<meta property=\"article:publisher\" content=\"https:\/\/www.facebook.com\/empregobrasiloficial\" \/>\n<meta property=\"article:published_time\" content=\"2026-07-12T16:32:26+00:00\" \/>\n<meta property=\"og:image\" content=\"https:\/\/www.vagadeempregorj.com.br\/wp-content\/uploads\/2025\/12\/economia-domestica-1024x683.png\" \/>\n\t<meta property=\"og:image:width\" content=\"1024\" \/>\n\t<meta property=\"og:image:height\" content=\"683\" \/>\n\t<meta property=\"og:image:type\" content=\"image\/png\" \/>\n<meta name=\"author\" content=\"Ana B.\" \/>\n<meta name=\"twitter:card\" content=\"summary_large_image\" \/>\n<meta name=\"twitter:label1\" content=\"Escrito por\" \/>\n\t<meta name=\"twitter:data1\" content=\"Ana B.\" \/>\n\t<meta name=\"twitter:label2\" content=\"Tiempo de lectura\" \/>\n\t<meta name=\"twitter:data2\" content=\"5 minutos\" \/>\n<script type=\"application\/ld+json\" class=\"yoast-schema-graph\">{\"@context\":\"https:\\\/\\\/schema.org\",\"@graph\":[{\"@type\":\"Article\",\"@id\":\"https:\\\/\\\/www.vagadeempregorj.com.br\\\/economia-domestica-e-financas-pessoais-como-a-economia-brasileira-afeta-o-orcamento-das-familias\\\/#article\",\"isPartOf\":{\"@id\":\"https:\\\/\\\/www.vagadeempregorj.com.br\\\/economia-domestica-e-financas-pessoais-como-a-economia-brasileira-afeta-o-orcamento-das-familias\\\/\"},\"author\":{\"name\":\"Ana B.\",\"@id\":\"https:\\\/\\\/www.vagadeempregorj.com.br\\\/#\\\/schema\\\/person\\\/c0c38d5d765e86c3b7c8f12fb1ae6477\"},\"headline\":\"Economia Dom\u00e9stica e Finan\u00e7as Pessoais: Como a Economia Brasileira Afeta o Or\u00e7amento das Fam\u00edlias\",\"datePublished\":\"2026-07-12T16:32:26+00:00\",\"mainEntityOfPage\":{\"@id\":\"https:\\\/\\\/www.vagadeempregorj.com.br\\\/economia-domestica-e-financas-pessoais-como-a-economia-brasileira-afeta-o-orcamento-das-familias\\\/\"},\"wordCount\":962,\"image\":{\"@id\":\"https:\\\/\\\/www.vagadeempregorj.com.br\\\/economia-domestica-e-financas-pessoais-como-a-economia-brasileira-afeta-o-orcamento-das-familias\\\/#primaryimage\"},\"thumbnailUrl\":\"https:\\\/\\\/www.vagadeempregorj.com.br\\\/wp-content\\\/uploads\\\/2025\\\/12\\\/economia-domestica.png\",\"articleSection\":[\"Economia\"],\"inLanguage\":\"es\"},{\"@type\":\"WebPage\",\"@id\":\"https:\\\/\\\/www.vagadeempregorj.com.br\\\/economia-domestica-e-financas-pessoais-como-a-economia-brasileira-afeta-o-orcamento-das-familias\\\/\",\"url\":\"https:\\\/\\\/www.vagadeempregorj.com.br\\\/economia-domestica-e-financas-pessoais-como-a-economia-brasileira-afeta-o-orcamento-das-familias\\\/\",\"name\":\"Economia Dom\u00e9stica e Finan\u00e7as Pessoais: Como a Economia Brasileira Afeta o Or\u00e7amento das Fam\u00edlias -\",\"isPartOf\":{\"@id\":\"https:\\\/\\\/www.vagadeempregorj.com.br\\\/#website\"},\"primaryImageOfPage\":{\"@id\":\"https:\\\/\\\/www.vagadeempregorj.com.br\\\/economia-domestica-e-financas-pessoais-como-a-economia-brasileira-afeta-o-orcamento-das-familias\\\/#primaryimage\"},\"image\":{\"@id\":\"https:\\\/\\\/www.vagadeempregorj.com.br\\\/economia-domestica-e-financas-pessoais-como-a-economia-brasileira-afeta-o-orcamento-das-familias\\\/#primaryimage\"},\"thumbnailUrl\":\"https:\\\/\\\/www.vagadeempregorj.com.br\\\/wp-content\\\/uploads\\\/2025\\\/12\\\/economia-domestica.png\",\"datePublished\":\"2026-07-12T16:32:26+00:00\",\"author\":{\"@id\":\"https:\\\/\\\/www.vagadeempregorj.com.br\\\/#\\\/schema\\\/person\\\/c0c38d5d765e86c3b7c8f12fb1ae6477\"},\"description\":\"Veja em Vagas de Emprego RJ as vagas de emprego com e sem experi\u00eancia no seu Estado e Regi\u00e3o!\",\"breadcrumb\":{\"@id\":\"https:\\\/\\\/www.vagadeempregorj.com.br\\\/economia-domestica-e-financas-pessoais-como-a-economia-brasileira-afeta-o-orcamento-das-familias\\\/#breadcrumb\"},\"inLanguage\":\"es\",\"potentialAction\":[{\"@type\":\"ReadAction\",\"target\":[\"https:\\\/\\\/www.vagadeempregorj.com.br\\\/economia-domestica-e-financas-pessoais-como-a-economia-brasileira-afeta-o-orcamento-das-familias\\\/\"]}]},{\"@type\":\"ImageObject\",\"inLanguage\":\"es\",\"@id\":\"https:\\\/\\\/www.vagadeempregorj.com.br\\\/economia-domestica-e-financas-pessoais-como-a-economia-brasileira-afeta-o-orcamento-das-familias\\\/#primaryimage\",\"url\":\"https:\\\/\\\/www.vagadeempregorj.com.br\\\/wp-content\\\/uploads\\\/2025\\\/12\\\/economia-domestica.png\",\"contentUrl\":\"https:\\\/\\\/www.vagadeempregorj.com.br\\\/wp-content\\\/uploads\\\/2025\\\/12\\\/economia-domestica.png\",\"width\":1536,\"height\":1024},{\"@type\":\"BreadcrumbList\",\"@id\":\"https:\\\/\\\/www.vagadeempregorj.com.br\\\/economia-domestica-e-financas-pessoais-como-a-economia-brasileira-afeta-o-orcamento-das-familias\\\/#breadcrumb\",\"itemListElement\":[{\"@type\":\"ListItem\",\"position\":1,\"name\":\"In\u00edcio\",\"item\":\"https:\\\/\\\/www.vagadeempregorj.com.br\\\/\"},{\"@type\":\"ListItem\",\"position\":2,\"name\":\"Economia\",\"item\":\"https:\\\/\\\/www.vagadeempregorj.com.br\\\/economia\\\/\"},{\"@type\":\"ListItem\",\"position\":3,\"name\":\"Economia Dom\u00e9stica e Finan\u00e7as Pessoais: Como a Economia Brasileira Afeta o Or\u00e7amento das Fam\u00edlias\"}]},{\"@type\":\"WebSite\",\"@id\":\"https:\\\/\\\/www.vagadeempregorj.com.br\\\/#website\",\"url\":\"https:\\\/\\\/www.vagadeempregorj.com.br\\\/\",\"name\":\"\",\"description\":\"Conquiste Sonhos: Vagas, Benef\u00edcios e Economia para Transformar Vidas e Alcan\u00e7ar Melhorias Cotidianas\",\"potentialAction\":[{\"@type\":\"SearchAction\",\"target\":{\"@type\":\"EntryPoint\",\"urlTemplate\":\"https:\\\/\\\/www.vagadeempregorj.com.br\\\/?s={search_term_string}\"},\"query-input\":{\"@type\":\"PropertyValueSpecification\",\"valueRequired\":true,\"valueName\":\"search_term_string\"}}],\"inLanguage\":\"es\"},{\"@type\":\"Person\",\"@id\":\"https:\\\/\\\/www.vagadeempregorj.com.br\\\/#\\\/schema\\\/person\\\/c0c38d5d765e86c3b7c8f12fb1ae6477\",\"name\":\"Ana B.\",\"image\":{\"@type\":\"ImageObject\",\"inLanguage\":\"es\",\"@id\":\"https:\\\/\\\/secure.gravatar.com\\\/avatar\\\/f5efa58599e07f8dd92f26c7cfbc442fd115582bc681245452e503c2ef2334f3?s=96&r=g\",\"url\":\"https:\\\/\\\/secure.gravatar.com\\\/avatar\\\/f5efa58599e07f8dd92f26c7cfbc442fd115582bc681245452e503c2ef2334f3?s=96&r=g\",\"contentUrl\":\"https:\\\/\\\/secure.gravatar.com\\\/avatar\\\/f5efa58599e07f8dd92f26c7cfbc442fd115582bc681245452e503c2ef2334f3?s=96&r=g\",\"caption\":\"Ana B.\"},\"description\":\"Meu nome \u00e9 Ana e sou apaixonada por escrita, comunica\u00e7\u00e3o e informa\u00e7\u00e3o digital. Dedico meu tempo \u00e0 produ\u00e7\u00e3o de conte\u00fados di\u00e1rios para o portal Vaga de Emprego RJ, criando not\u00edcias, artigos e publica\u00e7\u00f5es sobre oportunidades de emprego, tecnologia, mercado de trabalho, tend\u00eancias globais e assuntos relevantes do mundo atual. Tenho como objetivo levar informa\u00e7\u00f5es claras, \u00fateis e atualizadas para os leitores, ajudando pessoas a se manterem informadas sobre carreira, inova\u00e7\u00e3o, economia digital e acontecimentos que impactam o dia a dia no Brasil e no mundo. Todos os conte\u00fados publicados s\u00e3o desenvolvidos com responsabilidade, pesquisa e compromisso com a qualidade da informa\u00e7\u00e3o, sempre buscando oferecer uma experi\u00eancia confi\u00e1vel e relevante para o p\u00fablico.\",\"url\":\"https:\\\/\\\/www.vagadeempregorj.com.br\\\/es\\\/author\\\/vgrj\\\/\"}]}<\/script>\n<!-- \/ Yoast SEO plugin. -->","yoast_head_json":{"title":"Econom\u00eda dom\u00e9stica y finanzas personales: c\u00f3mo la econom\u00eda brasile\u00f1a afecta los presupuestos familiares","description":"\u00a1Consulta las ofertas de empleo en R\u00edo de Janeiro (RJ) para puestos tanto para personas con experiencia como para quienes no la tienen, en tu estado y regi\u00f3n!","robots":{"index":"index","follow":"follow","max-snippet":"max-snippet:-1","max-image-preview":"max-image-preview:large","max-video-preview":"max-video-preview:-1"},"canonical":"https:\/\/www.vagadeempregorj.com.br\/es\/economia-domestica-y-finanzas-personales-como-la-economia-brasilena-afecta-los-presupuestos-familiares\/","og_locale":"es_MX","og_type":"article","og_title":"Economia Dom\u00e9stica e Finan\u00e7as Pessoais: Como a Economia Brasileira Afeta o Or\u00e7amento das Fam\u00edlias -","og_description":"Veja em Vagas de Emprego RJ as vagas de emprego com e sem experi\u00eancia no seu Estado e Regi\u00e3o!","og_url":"https:\/\/www.vagadeempregorj.com.br\/es\/economia-domestica-y-finanzas-personales-como-la-economia-brasilena-afecta-los-presupuestos-familiares\/","article_publisher":"https:\/\/www.facebook.com\/empregobrasiloficial","article_published_time":"2026-07-12T16:32:26+00:00","og_image":[{"width":1024,"height":683,"url":"https:\/\/www.vagadeempregorj.com.br\/wp-content\/uploads\/2025\/12\/economia-domestica-1024x683.png","type":"image\/png"}],"author":"Ana B.","twitter_card":"summary_large_image","twitter_misc":{"Escrito por":"Ana B.","Tiempo de lectura":"5 minutos"},"schema":{"@context":"https:\/\/schema.org","@graph":[{"@type":"Article","@id":"https:\/\/www.vagadeempregorj.com.br\/economia-domestica-e-financas-pessoais-como-a-economia-brasileira-afeta-o-orcamento-das-familias\/#article","isPartOf":{"@id":"https:\/\/www.vagadeempregorj.com.br\/economia-domestica-e-financas-pessoais-como-a-economia-brasileira-afeta-o-orcamento-das-familias\/"},"author":{"name":"Ana B.","@id":"https:\/\/www.vagadeempregorj.com.br\/#\/schema\/person\/c0c38d5d765e86c3b7c8f12fb1ae6477"},"headline":"Economia Dom\u00e9stica e Finan\u00e7as Pessoais: Como a Economia Brasileira Afeta o Or\u00e7amento das Fam\u00edlias","datePublished":"2026-07-12T16:32:26+00:00","mainEntityOfPage":{"@id":"https:\/\/www.vagadeempregorj.com.br\/economia-domestica-e-financas-pessoais-como-a-economia-brasileira-afeta-o-orcamento-das-familias\/"},"wordCount":962,"image":{"@id":"https:\/\/www.vagadeempregorj.com.br\/economia-domestica-e-financas-pessoais-como-a-economia-brasileira-afeta-o-orcamento-das-familias\/#primaryimage"},"thumbnailUrl":"https:\/\/www.vagadeempregorj.com.br\/wp-content\/uploads\/2025\/12\/economia-domestica.png","articleSection":["Economia"],"inLanguage":"es"},{"@type":"WebPage","@id":"https:\/\/www.vagadeempregorj.com.br\/economia-domestica-e-financas-pessoais-como-a-economia-brasileira-afeta-o-orcamento-das-familias\/","url":"https:\/\/www.vagadeempregorj.com.br\/economia-domestica-e-financas-pessoais-como-a-economia-brasileira-afeta-o-orcamento-das-familias\/","name":"Econom\u00eda dom\u00e9stica y finanzas personales: c\u00f3mo la econom\u00eda brasile\u00f1a afecta los presupuestos familiares","isPartOf":{"@id":"https:\/\/www.vagadeempregorj.com.br\/#website"},"primaryImageOfPage":{"@id":"https:\/\/www.vagadeempregorj.com.br\/economia-domestica-e-financas-pessoais-como-a-economia-brasileira-afeta-o-orcamento-das-familias\/#primaryimage"},"image":{"@id":"https:\/\/www.vagadeempregorj.com.br\/economia-domestica-e-financas-pessoais-como-a-economia-brasileira-afeta-o-orcamento-das-familias\/#primaryimage"},"thumbnailUrl":"https:\/\/www.vagadeempregorj.com.br\/wp-content\/uploads\/2025\/12\/economia-domestica.png","datePublished":"2026-07-12T16:32:26+00:00","author":{"@id":"https:\/\/www.vagadeempregorj.com.br\/#\/schema\/person\/c0c38d5d765e86c3b7c8f12fb1ae6477"},"description":"\u00a1Consulta las ofertas de empleo en R\u00edo de Janeiro (RJ) para puestos tanto para personas con experiencia como para quienes no la tienen, en tu estado y regi\u00f3n!","breadcrumb":{"@id":"https:\/\/www.vagadeempregorj.com.br\/economia-domestica-e-financas-pessoais-como-a-economia-brasileira-afeta-o-orcamento-das-familias\/#breadcrumb"},"inLanguage":"es","potentialAction":[{"@type":"ReadAction","target":["https:\/\/www.vagadeempregorj.com.br\/economia-domestica-e-financas-pessoais-como-a-economia-brasileira-afeta-o-orcamento-das-familias\/"]}]},{"@type":"ImageObject","inLanguage":"es","@id":"https:\/\/www.vagadeempregorj.com.br\/economia-domestica-e-financas-pessoais-como-a-economia-brasileira-afeta-o-orcamento-das-familias\/#primaryimage","url":"https:\/\/www.vagadeempregorj.com.br\/wp-content\/uploads\/2025\/12\/economia-domestica.png","contentUrl":"https:\/\/www.vagadeempregorj.com.br\/wp-content\/uploads\/2025\/12\/economia-domestica.png","width":1536,"height":1024},{"@type":"BreadcrumbList","@id":"https:\/\/www.vagadeempregorj.com.br\/economia-domestica-e-financas-pessoais-como-a-economia-brasileira-afeta-o-orcamento-das-familias\/#breadcrumb","itemListElement":[{"@type":"ListItem","position":1,"name":"In\u00edcio","item":"https:\/\/www.vagadeempregorj.com.br\/"},{"@type":"ListItem","position":2,"name":"Economia","item":"https:\/\/www.vagadeempregorj.com.br\/economia\/"},{"@type":"ListItem","position":3,"name":"Economia Dom\u00e9stica e Finan\u00e7as Pessoais: Como a Economia Brasileira Afeta o Or\u00e7amento das Fam\u00edlias"}]},{"@type":"WebSite","@id":"https:\/\/www.vagadeempregorj.com.br\/#website","url":"https:\/\/www.vagadeempregorj.com.br\/","name":"","description":"Haz realidad tus sue\u00f1os: Ofertas de empleo, beneficios y ahorros para transformar vidas y lograr mejoras cotidianas.","potentialAction":[{"@type":"SearchAction","target":{"@type":"EntryPoint","urlTemplate":"https:\/\/www.vagadeempregorj.com.br\/?s={search_term_string}"},"query-input":{"@type":"PropertyValueSpecification","valueRequired":true,"valueName":"search_term_string"}}],"inLanguage":"es"},{"@type":"Person","@id":"https:\/\/www.vagadeempregorj.com.br\/#\/schema\/person\/c0c38d5d765e86c3b7c8f12fb1ae6477","name":"Ana B.","image":{"@type":"ImageObject","inLanguage":"es","@id":"https:\/\/secure.gravatar.com\/avatar\/f5efa58599e07f8dd92f26c7cfbc442fd115582bc681245452e503c2ef2334f3?s=96&r=g","url":"https:\/\/secure.gravatar.com\/avatar\/f5efa58599e07f8dd92f26c7cfbc442fd115582bc681245452e503c2ef2334f3?s=96&r=g","contentUrl":"https:\/\/secure.gravatar.com\/avatar\/f5efa58599e07f8dd92f26c7cfbc442fd115582bc681245452e503c2ef2334f3?s=96&r=g","caption":"Ana B."},"description":"Me llamo Ana y me apasiona la escritura, la comunicaci\u00f3n y la informaci\u00f3n digital. Dedico mi tiempo a producir contenido diario para el portal Vaga de Emprego RJ, creando noticias, art\u00edculos y publicaciones sobre oportunidades laborales, tecnolog\u00eda, el mercado laboral, tendencias globales y temas de actualidad relevantes. Mi objetivo es brindar informaci\u00f3n clara, \u00fatil y actualizada a los lectores, ayud\u00e1ndolos a mantenerse informados sobre carreras profesionales, innovaci\u00f3n, la econom\u00eda digital y eventos que impactan la vida diaria en Brasil y en todo el mundo. Todo el contenido publicado se desarrolla de manera responsable, con investigaci\u00f3n y un compromiso con la calidad de la informaci\u00f3n, esforz\u00e1ndome siempre por ofrecer una experiencia confiable y relevante para la audiencia.","url":"https:\/\/www.vagadeempregorj.com.br\/es\/author\/vgrj\/"}]}},"_links":{"self":[{"href":"https:\/\/www.vagadeempregorj.com.br\/es\/wp-json\/wp\/v2\/posts\/43975","targetHints":{"allow":["GET"]}}],"collection":[{"href":"https:\/\/www.vagadeempregorj.com.br\/es\/wp-json\/wp\/v2\/posts"}],"about":[{"href":"https:\/\/www.vagadeempregorj.com.br\/es\/wp-json\/wp\/v2\/types\/post"}],"author":[{"embeddable":true,"href":"https:\/\/www.vagadeempregorj.com.br\/es\/wp-json\/wp\/v2\/users\/1"}],"replies":[{"embeddable":true,"href":"https:\/\/www.vagadeempregorj.com.br\/es\/wp-json\/wp\/v2\/comments?post=43975"}],"version-history":[{"count":1,"href":"https:\/\/www.vagadeempregorj.com.br\/es\/wp-json\/wp\/v2\/posts\/43975\/revisions"}],"predecessor-version":[{"id":43998,"href":"https:\/\/www.vagadeempregorj.com.br\/es\/wp-json\/wp\/v2\/posts\/43975\/revisions\/43998"}],"wp:featuredmedia":[{"embeddable":true,"href":"https:\/\/www.vagadeempregorj.com.br\/es\/wp-json\/wp\/v2\/media\/43997"}],"wp:attachment":[{"href":"https:\/\/www.vagadeempregorj.com.br\/es\/wp-json\/wp\/v2\/media?parent=43975"}],"wp:term":[{"taxonomy":"category","embeddable":true,"href":"https:\/\/www.vagadeempregorj.com.br\/es\/wp-json\/wp\/v2\/categories?post=43975"},{"taxonomy":"post_tag","embeddable":true,"href":"https:\/\/www.vagadeempregorj.com.br\/es\/wp-json\/wp\/v2\/tags?post=43975"}],"curies":[{"name":"wp","href":"https:\/\/api.w.org\/{rel}","templated":true}]}}